{"id":130665,"date":"2022-01-16T07:24:38","date_gmt":"2022-01-16T06:24:38","guid":{"rendered":"https:\/\/www.bellunopress.it\/?p=130665"},"modified":"2022-01-16T07:24:38","modified_gmt":"2022-01-16T06:24:38","slug":"campionati-italiani-giovani-di-sci-di-fondo-due-ori-al-comitato-veneto-e-due-alle-alpi-occidentali","status":"publish","type":"post","link":"https:\/\/www.bellunopress.it\/fr\/2022\/01\/16\/campionati-italiani-giovani-di-sci-di-fondo-due-ori-al-comitato-veneto-e-due-alle-alpi-occidentali\/","title":{"rendered":"Campionati italiani Giovani di sci di fondo. Due ori al Comitato Veneto e due alle Alpi Occidentali"},"content":{"rendered":"<p><img loading=\"lazy\" decoding=\"async\" class=\"alignleft size-medium wp-image-130611\" src=\"https:\/\/www.bellunopress.it\/wp-content\/uploads\/2022\/01\/padola-campionato-del-mondo-sci-fondo_edited-500x226.jpg\" alt=\"\" width=\"500\" height=\"226\" srcset=\"https:\/\/www.bellunopress.it\/wp-content\/uploads\/2022\/01\/padola-campionato-del-mondo-sci-fondo_edited-500x226.jpg 500w, https:\/\/www.bellunopress.it\/wp-content\/uploads\/2022\/01\/padola-campionato-del-mondo-sci-fondo_edited-696x314.jpg 696w, https:\/\/www.bellunopress.it\/wp-content\/uploads\/2022\/01\/padola-campionato-del-mondo-sci-fondo_edited-931x420.jpg 931w, https:\/\/www.bellunopress.it\/wp-content\/uploads\/2022\/01\/padola-campionato-del-mondo-sci-fondo_edited.jpg 1000w\" sizes=\"auto, (max-width: 500px) 100vw, 500px\" \/>Comelico Superiore (Belluno), 16 gennaio 2022 \u2013 Si \u00e8 svolta ieri, sabato 15 gennaio, a Padola di Comelico Superiore (Belluno) la prima delle due giornate dei Campionati italiani Giovani di sci di fondo, rassegna dedicata alle speranze degli sci stretti azzurri, i ragazzi e le ragazze della categoria Aspiranti (nati nel 2004 e nel 2005) e Juniores (nati tra 2002 e 2003).<\/p>\n<p>Si \u00e8 gareggiato sulla pista &#8220;Tavela&#8221;, a cura di Sci club Orsago e Unione sportiva Valpadola: in programma le prove in tecnica classica, sulle distanze di 5 e 10 chilometri. Sulla neve di casa, Veneto grande protagonista, con due ori e un bronzo: nella 10 chilometri maschile, il bellunese di Trichiana Elia Barp era il favoritissimo e ha mantenuto fede al pronostico, precedendo di 50&#8243; il friulano Andrea Gartner (Fiamme Gialle) e di 1&#8217;02&#8221; l&#8217;altoatesino Hannes Hoberhofer (Sesvenna). \u00abSi tratta del mio quinto titolo Juniores e naturalmente sono soddisfatto\u00bb spiega il ragazzo delle Fiamme Gialle. \u00abSapevo che avrei potuto fare bene ma nulla \u00e8 scontato. Bene cos\u00ec, anche perch\u00e9 sono partito con il pettorale 1 e non avevo riferimenti. Gli sci? Perfetti\u00bb.<\/p>\n<p>L&#8217;altro oro per il comitato Fisi Veneto \u00e8 arrivato dalla 5 chilometri Aspiranti donne, nella quale Iris De Martin, che \u00e8 proprio di Padola, ha preceduto di 39&#8243; la laziale Maria Gismondi (Fiamme Oro) e di 46&#8243; la vicentina dello Sci club Gallio Roberta Cenci. \u00abVincere sulla nevi di casa \u00e8 tutta un&#8217;altra cosa\u00bb dice la ragazza cresciuta nell&#8217;Unione sportiva Valpadola. \u00abNon ho mai avuto un tifo cos\u00ec, c&#8217;era un&#8217;atmosfera incredibile. La vittoria poteva anche essere prevedibile ma vincere non \u00e8 mai facile. Accanto al successo una grande soddisfazione \u00e8 essere riuscita a fare il secondo tempo assoluto, prendendo solamente 5&#8243; dalla prima Junior\u00bb.<\/p>\n<p>Gli altri due ori di giornata sono finiti in Piemonte: Elisa Gallo (Fiamme Gialle) ha vinto la 5 chilometri Juniores precedendo Nadine Laurent (Fiamme Oro) e Denise Dedei (Sc Gromo), Davide Ghio (Fiamme Gialle) si \u00e8 imposto nella 10 chilometri Aspiranti davanti a Gabriele Rigaudo (Sc Alpi Marittime) e Gabriele Matli (Sc Valle Antigorio).<\/p>\n<p>Sempre nella giornata di oggi, a Padola hanno gareggiato anche le categorie Seniores, impegnate nella Coppa Italia Gamma. Nella 15 chilometri maschile vittoria per l&#8217;altoatesino Dietmar Noeckler (Fiamme Oro), nella 10 chilometri donne per la valdostana Federica Cassol (Esercito).<\/p>\n<p>Oggi, domenica 16 gennaio, la seconda e conclusiva giornata, dedicata alle gare in tecnica classica.<\/p>\n<p>&nbsp;<\/p>","protected":false},"excerpt":{"rendered":"<p>Comelico Superiore (Belluno), 16 gennaio 2022 \u2013 Si \u00e8 svolta ieri, sabato 15 gennaio, a Padola di Comelico Superiore (Belluno) la prima delle due giornate dei Campionati italiani Giovani di sci di fondo, rassegna dedicata alle speranze degli sci stretti azzurri, i ragazzi e le ragazze della categoria Aspiranti (nati nel 2004 e nel 2005) [&hellip;]<\/p>\n","protected":false},"author":2,"featured_media":130611,"comment_status":"closed","ping_status":"open","sticky":false,"template":"","format":"standard","meta":{"footnotes":""},"categories":[4],"tags":[],"class_list":["post-130665","post","type-post","status-publish","format-standard","has-post-thumbnail","category-sport"],"yoast_head":"<!-- This site is optimized with the Yoast SEO plugin v28.4 - https:\/\/yoast.com\/product\/yoast-seo-wordpress\/ -->\n<title>Campionati italiani Giovani di sci di fondo. Due ori al Comitato Veneto e due alle Alpi Occidentali - Bellunopress - Dolomiti<\/title>\n<meta name=\"robots\" content=\"index, follow, max-snippet:-1, max-image-preview:large, max-video-preview:-1\" \/>\n<link rel=\"canonical\" href=\"https:\/\/www.bellunopress.it\/fr\/2022\/01\/16\/campionati-italiani-giovani-di-sci-di-fondo-due-ori-al-comitato-veneto-e-due-alle-alpi-occidentali\/\" \/>\n<meta property=\"og:locale\" content=\"fr_FR\" \/>\n<meta property=\"og:type\" content=\"article\" \/>\n<meta property=\"og:title\" content=\"Campionati italiani Giovani di sci di fondo. Due ori al Comitato Veneto e due alle Alpi Occidentali - Bellunopress - Dolomiti\" \/>\n<meta property=\"og:description\" content=\"Comelico Superiore (Belluno), 16 gennaio 2022 \u2013 Si \u00e8 svolta ieri, sabato 15 gennaio, a Padola di Comelico Superiore (Belluno) la prima delle due giornate dei Campionati italiani Giovani di sci di fondo, rassegna dedicata alle speranze degli sci stretti azzurri, i ragazzi e le ragazze della categoria Aspiranti (nati nel 2004 e nel 2005) [&hellip;]\" \/>\n<meta property=\"og:url\" content=\"https:\/\/www.bellunopress.it\/fr\/2022\/01\/16\/campionati-italiani-giovani-di-sci-di-fondo-due-ori-al-comitato-veneto-e-due-alle-alpi-occidentali\/\" \/>\n<meta property=\"og:site_name\" content=\"Bellunopress - Dolomiti\" \/>\n<meta property=\"article:publisher\" content=\"https:\/\/www.facebook.com\/profile.php?id=100008943462799\" \/>\n<meta property=\"article:published_time\" content=\"2022-01-16T06:24:38+00:00\" \/>\n<meta property=\"og:image\" content=\"https:\/\/www.bellunopress.it\/wp-content\/uploads\/2022\/01\/padola-campionato-del-mondo-sci-fondo_edited.jpg\" \/>\n\t<meta property=\"og:image:width\" content=\"1000\" \/>\n\t<meta property=\"og:image:height\" content=\"451\" \/>\n\t<meta property=\"og:image:type\" content=\"image\/jpeg\" \/>\n<meta name=\"author\" content=\"redazione\" \/>\n<meta name=\"twitter:card\" content=\"summary_large_image\" \/>\n<meta name=\"twitter:creator\" content=\"@bellunopress\" \/>\n<meta name=\"twitter:site\" content=\"@bellunopress\" \/>\n<meta name=\"twitter:label1\" content=\"\u00c9crit par\" \/>\n\t<meta name=\"twitter:data1\" content=\"redazione\" \/>\n\t<meta name=\"twitter:label2\" content=\"Dur\u00e9e de lecture estim\u00e9e\" \/>\n\t<meta name=\"twitter:data2\" content=\"3 minutes\" \/>\n<script type=\"application\/ld+json\" class=\"yoast-schema-graph\">{\"@context\":\"https:\\\/\\\/schema.org\",\"@graph\":[{\"@type\":\"Article\",\"@id\":\"https:\\\/\\\/www.bellunopress.it\\\/2022\\\/01\\\/16\\\/campionati-italiani-giovani-di-sci-di-fondo-due-ori-al-comitato-veneto-e-due-alle-alpi-occidentali\\\/#article\",\"isPartOf\":{\"@id\":\"https:\\\/\\\/www.bellunopress.it\\\/2022\\\/01\\\/16\\\/campionati-italiani-giovani-di-sci-di-fondo-due-ori-al-comitato-veneto-e-due-alle-alpi-occidentali\\\/\"},\"author\":{\"name\":\"redazione\",\"@id\":\"https:\\\/\\\/www.bellunopress.it\\\/#\\\/schema\\\/person\\\/79bb06722b37ece1c03d3e94beb30d73\"},\"headline\":\"Campionati italiani Giovani di sci di fondo. Due ori al Comitato Veneto e due alle Alpi Occidentali\",\"datePublished\":\"2022-01-16T06:24:38+00:00\",\"mainEntityOfPage\":{\"@id\":\"https:\\\/\\\/www.bellunopress.it\\\/2022\\\/01\\\/16\\\/campionati-italiani-giovani-di-sci-di-fondo-due-ori-al-comitato-veneto-e-due-alle-alpi-occidentali\\\/\"},\"wordCount\":389,\"publisher\":{\"@id\":\"https:\\\/\\\/www.bellunopress.it\\\/#organization\"},\"image\":{\"@id\":\"https:\\\/\\\/www.bellunopress.it\\\/2022\\\/01\\\/16\\\/campionati-italiani-giovani-di-sci-di-fondo-due-ori-al-comitato-veneto-e-due-alle-alpi-occidentali\\\/#primaryimage\"},\"thumbnailUrl\":\"https:\\\/\\\/www.bellunopress.it\\\/wp-content\\\/uploads\\\/2022\\\/01\\\/padola-campionato-del-mondo-sci-fondo_edited.jpg\",\"articleSection\":[\"Sport, tempo libero\"],\"inLanguage\":\"fr-FR\"},{\"@type\":\"WebPage\",\"@id\":\"https:\\\/\\\/www.bellunopress.it\\\/2022\\\/01\\\/16\\\/campionati-italiani-giovani-di-sci-di-fondo-due-ori-al-comitato-veneto-e-due-alle-alpi-occidentali\\\/\",\"url\":\"https:\\\/\\\/www.bellunopress.it\\\/2022\\\/01\\\/16\\\/campionati-italiani-giovani-di-sci-di-fondo-due-ori-al-comitato-veneto-e-due-alle-alpi-occidentali\\\/\",\"name\":\"Campionati italiani Giovani di sci di fondo. Due ori al Comitato Veneto e due alle Alpi Occidentali - Bellunopress - Dolomiti\",\"isPartOf\":{\"@id\":\"https:\\\/\\\/www.bellunopress.it\\\/#website\"},\"primaryImageOfPage\":{\"@id\":\"https:\\\/\\\/www.bellunopress.it\\\/2022\\\/01\\\/16\\\/campionati-italiani-giovani-di-sci-di-fondo-due-ori-al-comitato-veneto-e-due-alle-alpi-occidentali\\\/#primaryimage\"},\"image\":{\"@id\":\"https:\\\/\\\/www.bellunopress.it\\\/2022\\\/01\\\/16\\\/campionati-italiani-giovani-di-sci-di-fondo-due-ori-al-comitato-veneto-e-due-alle-alpi-occidentali\\\/#primaryimage\"},\"thumbnailUrl\":\"https:\\\/\\\/www.bellunopress.it\\\/wp-content\\\/uploads\\\/2022\\\/01\\\/padola-campionato-del-mondo-sci-fondo_edited.jpg\",\"datePublished\":\"2022-01-16T06:24:38+00:00\",\"breadcrumb\":{\"@id\":\"https:\\\/\\\/www.bellunopress.it\\\/2022\\\/01\\\/16\\\/campionati-italiani-giovani-di-sci-di-fondo-due-ori-al-comitato-veneto-e-due-alle-alpi-occidentali\\\/#breadcrumb\"},\"inLanguage\":\"fr-FR\",\"potentialAction\":[{\"@type\":\"ReadAction\",\"target\":[\"https:\\\/\\\/www.bellunopress.it\\\/2022\\\/01\\\/16\\\/campionati-italiani-giovani-di-sci-di-fondo-due-ori-al-comitato-veneto-e-due-alle-alpi-occidentali\\\/\"]}]},{\"@type\":\"ImageObject\",\"inLanguage\":\"fr-FR\",\"@id\":\"https:\\\/\\\/www.bellunopress.it\\\/2022\\\/01\\\/16\\\/campionati-italiani-giovani-di-sci-di-fondo-due-ori-al-comitato-veneto-e-due-alle-alpi-occidentali\\\/#primaryimage\",\"url\":\"https:\\\/\\\/www.bellunopress.it\\\/wp-content\\\/uploads\\\/2022\\\/01\\\/padola-campionato-del-mondo-sci-fondo_edited.jpg\",\"contentUrl\":\"https:\\\/\\\/www.bellunopress.it\\\/wp-content\\\/uploads\\\/2022\\\/01\\\/padola-campionato-del-mondo-sci-fondo_edited.jpg\",\"width\":1000,\"height\":451},{\"@type\":\"BreadcrumbList\",\"@id\":\"https:\\\/\\\/www.bellunopress.it\\\/2022\\\/01\\\/16\\\/campionati-italiani-giovani-di-sci-di-fondo-due-ori-al-comitato-veneto-e-due-alle-alpi-occidentali\\\/#breadcrumb\",\"itemListElement\":[{\"@type\":\"ListItem\",\"position\":1,\"name\":\"Home\",\"item\":\"https:\\\/\\\/www.bellunopress.it\\\/\"},{\"@type\":\"ListItem\",\"position\":2,\"name\":\"Campionati italiani Giovani di sci di fondo. Due ori al Comitato Veneto e due alle Alpi Occidentali\"}]},{\"@type\":\"WebSite\",\"@id\":\"https:\\\/\\\/www.bellunopress.it\\\/#website\",\"url\":\"https:\\\/\\\/www.bellunopress.it\\\/\",\"name\":\"Bellunopress - Dolomiti\",\"description\":\"e-mail: redazione@bellunopress.it\",\"publisher\":{\"@id\":\"https:\\\/\\\/www.bellunopress.it\\\/#organization\"},\"potentialAction\":[{\"@type\":\"SearchAction\",\"target\":{\"@type\":\"EntryPoint\",\"urlTemplate\":\"https:\\\/\\\/www.bellunopress.it\\\/?s={search_term_string}\"},\"query-input\":{\"@type\":\"PropertyValueSpecification\",\"valueRequired\":true,\"valueName\":\"search_term_string\"}}],\"inLanguage\":\"fr-FR\"},{\"@type\":\"Organization\",\"@id\":\"https:\\\/\\\/www.bellunopress.it\\\/#organization\",\"name\":\"Bellunopress\",\"url\":\"https:\\\/\\\/www.bellunopress.it\\\/\",\"logo\":{\"@type\":\"ImageObject\",\"inLanguage\":\"fr-FR\",\"@id\":\"https:\\\/\\\/www.bellunopress.it\\\/#\\\/schema\\\/logo\\\/image\\\/\",\"url\":\"https:\\\/\\\/www.bellunopress.it\\\/wp-content\\\/uploads\\\/2011\\\/05\\\/cropped-logo-bellunopress-.jpg\",\"contentUrl\":\"https:\\\/\\\/www.bellunopress.it\\\/wp-content\\\/uploads\\\/2011\\\/05\\\/cropped-logo-bellunopress-.jpg\",\"width\":512,\"height\":512,\"caption\":\"Bellunopress\"},\"image\":{\"@id\":\"https:\\\/\\\/www.bellunopress.it\\\/#\\\/schema\\\/logo\\\/image\\\/\"},\"sameAs\":[\"https:\\\/\\\/www.facebook.com\\\/profile.php?id=100008943462799\",\"https:\\\/\\\/x.com\\\/bellunopress\",\"https:\\\/\\\/www.linkedin.com\\\/hp\\\/?dnr=JBzUWaJfMUw8vbXJJ2tVW5-I3jZKvC4wsoxE&amp;amp;amp;amp;amp;amp;trk=nav_responsive_tab_home\",\"https:\\\/\\\/www.youtube.com\\\/channel\\\/UCxL0wu1uN0_3_7hGG0306cw\"]},{\"@type\":\"Person\",\"@id\":\"https:\\\/\\\/www.bellunopress.it\\\/#\\\/schema\\\/person\\\/79bb06722b37ece1c03d3e94beb30d73\",\"name\":\"redazione\",\"image\":{\"@type\":\"ImageObject\",\"inLanguage\":\"fr-FR\",\"@id\":\"https:\\\/\\\/secure.gravatar.com\\\/avatar\\\/37d968a2e67a6fd04c169c4bdef102d0bc5d31b2546345219e348575eb80e9a0?s=96&d=mm&r=g\",\"url\":\"https:\\\/\\\/secure.gravatar.com\\\/avatar\\\/37d968a2e67a6fd04c169c4bdef102d0bc5d31b2546345219e348575eb80e9a0?s=96&d=mm&r=g\",\"contentUrl\":\"https:\\\/\\\/secure.gravatar.com\\\/avatar\\\/37d968a2e67a6fd04c169c4bdef102d0bc5d31b2546345219e348575eb80e9a0?s=96&d=mm&r=g\",\"caption\":\"redazione\"},\"sameAs\":[\"http:\\\/\\\/www.bellunopress.it\",\"https:\\\/\\\/x.com\\\/bellunopress\"],\"url\":\"https:\\\/\\\/www.bellunopress.it\\\/fr\\\/author\\\/redazione\\\/\"}]}<\/script>\n<!-- \/ Yoast SEO plugin. -->","yoast_head_json":{"title":"Campionati italiani Giovani di sci di fondo. Due ori al Comitato Veneto e due alle Alpi Occidentali - Bellunopress - Dolomiti","robots":{"index":"index","follow":"follow","max-snippet":"max-snippet:-1","max-image-preview":"max-image-preview:large","max-video-preview":"max-video-preview:-1"},"canonical":"https:\/\/www.bellunopress.it\/fr\/2022\/01\/16\/campionati-italiani-giovani-di-sci-di-fondo-due-ori-al-comitato-veneto-e-due-alle-alpi-occidentali\/","og_locale":"fr_FR","og_type":"article","og_title":"Campionati italiani Giovani di sci di fondo. Due ori al Comitato Veneto e due alle Alpi Occidentali - Bellunopress - Dolomiti","og_description":"Comelico Superiore (Belluno), 16 gennaio 2022 \u2013 Si \u00e8 svolta ieri, sabato 15 gennaio, a Padola di Comelico Superiore (Belluno) la prima delle due giornate dei Campionati italiani Giovani di sci di fondo, rassegna dedicata alle speranze degli sci stretti azzurri, i ragazzi e le ragazze della categoria Aspiranti (nati nel 2004 e nel 2005) [&hellip;]","og_url":"https:\/\/www.bellunopress.it\/fr\/2022\/01\/16\/campionati-italiani-giovani-di-sci-di-fondo-due-ori-al-comitato-veneto-e-due-alle-alpi-occidentali\/","og_site_name":"Bellunopress - Dolomiti","article_publisher":"https:\/\/www.facebook.com\/profile.php?id=100008943462799","article_published_time":"2022-01-16T06:24:38+00:00","og_image":[{"width":1000,"height":451,"url":"https:\/\/www.bellunopress.it\/wp-content\/uploads\/2022\/01\/padola-campionato-del-mondo-sci-fondo_edited.jpg","type":"image\/jpeg"}],"author":"redazione","twitter_card":"summary_large_image","twitter_creator":"@bellunopress","twitter_site":"@bellunopress","twitter_misc":{"\u00c9crit par":"redazione","Dur\u00e9e de lecture estim\u00e9e":"3 minutes"},"schema":{"@context":"https:\/\/schema.org","@graph":[{"@type":"Article","@id":"https:\/\/www.bellunopress.it\/2022\/01\/16\/campionati-italiani-giovani-di-sci-di-fondo-due-ori-al-comitato-veneto-e-due-alle-alpi-occidentali\/#article","isPartOf":{"@id":"https:\/\/www.bellunopress.it\/2022\/01\/16\/campionati-italiani-giovani-di-sci-di-fondo-due-ori-al-comitato-veneto-e-due-alle-alpi-occidentali\/"},"author":{"name":"redazione","@id":"https:\/\/www.bellunopress.it\/#\/schema\/person\/79bb06722b37ece1c03d3e94beb30d73"},"headline":"Campionati italiani Giovani di sci di fondo. Due ori al Comitato Veneto e due alle Alpi Occidentali","datePublished":"2022-01-16T06:24:38+00:00","mainEntityOfPage":{"@id":"https:\/\/www.bellunopress.it\/2022\/01\/16\/campionati-italiani-giovani-di-sci-di-fondo-due-ori-al-comitato-veneto-e-due-alle-alpi-occidentali\/"},"wordCount":389,"publisher":{"@id":"https:\/\/www.bellunopress.it\/#organization"},"image":{"@id":"https:\/\/www.bellunopress.it\/2022\/01\/16\/campionati-italiani-giovani-di-sci-di-fondo-due-ori-al-comitato-veneto-e-due-alle-alpi-occidentali\/#primaryimage"},"thumbnailUrl":"https:\/\/www.bellunopress.it\/wp-content\/uploads\/2022\/01\/padola-campionato-del-mondo-sci-fondo_edited.jpg","articleSection":["Sport, tempo libero"],"inLanguage":"fr-FR"},{"@type":"WebPage","@id":"https:\/\/www.bellunopress.it\/2022\/01\/16\/campionati-italiani-giovani-di-sci-di-fondo-due-ori-al-comitato-veneto-e-due-alle-alpi-occidentali\/","url":"https:\/\/www.bellunopress.it\/2022\/01\/16\/campionati-italiani-giovani-di-sci-di-fondo-due-ori-al-comitato-veneto-e-due-alle-alpi-occidentali\/","name":"Campionati italiani Giovani di sci di fondo. Due ori al Comitato Veneto e due alle Alpi Occidentali - Bellunopress - Dolomiti","isPartOf":{"@id":"https:\/\/www.bellunopress.it\/#website"},"primaryImageOfPage":{"@id":"https:\/\/www.bellunopress.it\/2022\/01\/16\/campionati-italiani-giovani-di-sci-di-fondo-due-ori-al-comitato-veneto-e-due-alle-alpi-occidentali\/#primaryimage"},"image":{"@id":"https:\/\/www.bellunopress.it\/2022\/01\/16\/campionati-italiani-giovani-di-sci-di-fondo-due-ori-al-comitato-veneto-e-due-alle-alpi-occidentali\/#primaryimage"},"thumbnailUrl":"https:\/\/www.bellunopress.it\/wp-content\/uploads\/2022\/01\/padola-campionato-del-mondo-sci-fondo_edited.jpg","datePublished":"2022-01-16T06:24:38+00:00","breadcrumb":{"@id":"https:\/\/www.bellunopress.it\/2022\/01\/16\/campionati-italiani-giovani-di-sci-di-fondo-due-ori-al-comitato-veneto-e-due-alle-alpi-occidentali\/#breadcrumb"},"inLanguage":"fr-FR","potentialAction":[{"@type":"ReadAction","target":["https:\/\/www.bellunopress.it\/2022\/01\/16\/campionati-italiani-giovani-di-sci-di-fondo-due-ori-al-comitato-veneto-e-due-alle-alpi-occidentali\/"]}]},{"@type":"ImageObject","inLanguage":"fr-FR","@id":"https:\/\/www.bellunopress.it\/2022\/01\/16\/campionati-italiani-giovani-di-sci-di-fondo-due-ori-al-comitato-veneto-e-due-alle-alpi-occidentali\/#primaryimage","url":"https:\/\/www.bellunopress.it\/wp-content\/uploads\/2022\/01\/padola-campionato-del-mondo-sci-fondo_edited.jpg","contentUrl":"https:\/\/www.bellunopress.it\/wp-content\/uploads\/2022\/01\/padola-campionato-del-mondo-sci-fondo_edited.jpg","width":1000,"height":451},{"@type":"BreadcrumbList","@id":"https:\/\/www.bellunopress.it\/2022\/01\/16\/campionati-italiani-giovani-di-sci-di-fondo-due-ori-al-comitato-veneto-e-due-alle-alpi-occidentali\/#breadcrumb","itemListElement":[{"@type":"ListItem","position":1,"name":"Home","item":"https:\/\/www.bellunopress.it\/"},{"@type":"ListItem","position":2,"name":"Campionati italiani Giovani di sci di fondo. Due ori al Comitato Veneto e due alle Alpi Occidentali"}]},{"@type":"WebSite","@id":"https:\/\/www.bellunopress.it\/#website","url":"https:\/\/www.bellunopress.it\/","name":"Bellunopress - Dolomiti","description":"e-mail: redazione@bellunopress.it","publisher":{"@id":"https:\/\/www.bellunopress.it\/#organization"},"potentialAction":[{"@type":"SearchAction","target":{"@type":"EntryPoint","urlTemplate":"https:\/\/www.bellunopress.it\/?s={search_term_string}"},"query-input":{"@type":"PropertyValueSpecification","valueRequired":true,"valueName":"search_term_string"}}],"inLanguage":"fr-FR"},{"@type":"Organization","@id":"https:\/\/www.bellunopress.it\/#organization","name":"Bellunopress","url":"https:\/\/www.bellunopress.it\/","logo":{"@type":"ImageObject","inLanguage":"fr-FR","@id":"https:\/\/www.bellunopress.it\/#\/schema\/logo\/image\/","url":"https:\/\/www.bellunopress.it\/wp-content\/uploads\/2011\/05\/cropped-logo-bellunopress-.jpg","contentUrl":"https:\/\/www.bellunopress.it\/wp-content\/uploads\/2011\/05\/cropped-logo-bellunopress-.jpg","width":512,"height":512,"caption":"Bellunopress"},"image":{"@id":"https:\/\/www.bellunopress.it\/#\/schema\/logo\/image\/"},"sameAs":["https:\/\/www.facebook.com\/profile.php?id=100008943462799","https:\/\/x.com\/bellunopress","https:\/\/www.linkedin.com\/hp\/?dnr=JBzUWaJfMUw8vbXJJ2tVW5-I3jZKvC4wsoxE&amp;amp;amp;amp;amp;amp;trk=nav_responsive_tab_home","https:\/\/www.youtube.com\/channel\/UCxL0wu1uN0_3_7hGG0306cw"]},{"@type":"Person","@id":"https:\/\/www.bellunopress.it\/#\/schema\/person\/79bb06722b37ece1c03d3e94beb30d73","name":"r\u00e9daction","image":{"@type":"ImageObject","inLanguage":"fr-FR","@id":"https:\/\/secure.gravatar.com\/avatar\/37d968a2e67a6fd04c169c4bdef102d0bc5d31b2546345219e348575eb80e9a0?s=96&d=mm&r=g","url":"https:\/\/secure.gravatar.com\/avatar\/37d968a2e67a6fd04c169c4bdef102d0bc5d31b2546345219e348575eb80e9a0?s=96&d=mm&r=g","contentUrl":"https:\/\/secure.gravatar.com\/avatar\/37d968a2e67a6fd04c169c4bdef102d0bc5d31b2546345219e348575eb80e9a0?s=96&d=mm&r=g","caption":"redazione"},"sameAs":["http:\/\/www.bellunopress.it","https:\/\/x.com\/bellunopress"],"url":"https:\/\/www.bellunopress.it\/fr\/author\/redazione\/"}]}},"_links":{"self":[{"href":"https:\/\/www.bellunopress.it\/fr\/wp-json\/wp\/v2\/posts\/130665","targetHints":{"allow":["GET"]}}],"collection":[{"href":"https:\/\/www.bellunopress.it\/fr\/wp-json\/wp\/v2\/posts"}],"about":[{"href":"https:\/\/www.bellunopress.it\/fr\/wp-json\/wp\/v2\/types\/post"}],"author":[{"embeddable":true,"href":"https:\/\/www.bellunopress.it\/fr\/wp-json\/wp\/v2\/users\/2"}],"replies":[{"embeddable":true,"href":"https:\/\/www.bellunopress.it\/fr\/wp-json\/wp\/v2\/comments?post=130665"}],"version-history":[{"count":1,"href":"https:\/\/www.bellunopress.it\/fr\/wp-json\/wp\/v2\/posts\/130665\/revisions"}],"predecessor-version":[{"id":130666,"href":"https:\/\/www.bellunopress.it\/fr\/wp-json\/wp\/v2\/posts\/130665\/revisions\/130666"}],"wp:featuredmedia":[{"embeddable":true,"href":"https:\/\/www.bellunopress.it\/fr\/wp-json\/wp\/v2\/media\/130611"}],"wp:attachment":[{"href":"https:\/\/www.bellunopress.it\/fr\/wp-json\/wp\/v2\/media?parent=130665"}],"wp:term":[{"taxonomy":"category","embeddable":true,"href":"https:\/\/www.bellunopress.it\/fr\/wp-json\/wp\/v2\/categories?post=130665"},{"taxonomy":"post_tag","embeddable":true,"href":"https:\/\/www.bellunopress.it\/fr\/wp-json\/wp\/v2\/tags?post=130665"}],"curies":[{"name":"wp","href":"https:\/\/api.w.org\/{rel}","templated":true}]}}