{"id":130663,"date":"2022-01-16T07:16:18","date_gmt":"2022-01-16T06:16:18","guid":{"rendered":"https:\/\/www.bellunopress.it\/?p=130663"},"modified":"2022-01-16T07:16:18","modified_gmt":"2022-01-16T06:16:18","slug":"piemonte-e-valle-daosta-protagonisti-alla-prima-giornata-della-coppa-italia-di-biathlon-in-val-di-zoldo","status":"publish","type":"post","link":"https:\/\/www.bellunopress.it\/fr\/2022\/01\/16\/piemonte-e-valle-daosta-protagonisti-alla-prima-giornata-della-coppa-italia-di-biathlon-in-val-di-zoldo\/","title":{"rendered":"Piemonte e Valle d&#8217;Aosta protagonisti alla prima giornata della Coppa Italia di Biathlon in Val di Zoldo"},"content":{"rendered":"<figure id=\"attachment_130594\" aria-describedby=\"caption-attachment-130594\" style=\"width: 500px\" class=\"wp-caption alignleft\"><img loading=\"lazy\" decoding=\"async\" class=\"size-medium wp-image-130594\" src=\"https:\/\/www.bellunopress.it\/wp-content\/uploads\/2022\/01\/centro-biathlon-val-di-zoldo_edited-500x293.jpg\" alt=\"\" width=\"500\" height=\"293\" srcset=\"https:\/\/www.bellunopress.it\/wp-content\/uploads\/2022\/01\/centro-biathlon-val-di-zoldo_edited-500x293.jpg 500w, https:\/\/www.bellunopress.it\/wp-content\/uploads\/2022\/01\/centro-biathlon-val-di-zoldo_edited-696x408.jpg 696w, https:\/\/www.bellunopress.it\/wp-content\/uploads\/2022\/01\/centro-biathlon-val-di-zoldo_edited-717x420.jpg 717w, https:\/\/www.bellunopress.it\/wp-content\/uploads\/2022\/01\/centro-biathlon-val-di-zoldo_edited.jpg 994w\" sizes=\"auto, (max-width: 500px) 100vw, 500px\" \/><figcaption id=\"caption-attachment-130594\" class=\"wp-caption-text\">Centro biathlon Val di Zoldo (Belluno)<\/figcaption><\/figure>\n<p>Val di Zoldo (Belluno), 16 gennaio 2022 \u2013 Si \u00e8 svolta ieri, sabato 15 gennaio, la prima delle due giornate della Coppa Italia Fiocchi di biathlon, una due giorni proposta dallo Sci club Valzoldana e dalle Fiamme Oro di Moena a Palafav\u00e8ra di Val di Zoldo (Belluno), con in palio il memorial Arduino Costantin. Oltre 200 i concorrenti che si sono sfidati ai 1500 metri di altitudine del centro del biathlon ai piedi di due tra le cime pi\u00f9 suggestive delle Dolomiti bellunesi, Pelmo e Civetta, una struttura che ha ospitato la Coppa Italia in gi\u00e0 altre due occasioni (2019 e 2021) e che \u00e8 stato teatro di diversi campionati italiani per le categorie Ragazzi e Allievi. In programma le gare mass start.<\/p>\n<p>Grandi protagonisti sono stati i ragazzi e le ragazze di Piemonte e Valle d&#8217;Aosta, con sei successi (tre a testa) su sette gare a disposizione. Il Piemonte (Alpi Occidentali) si \u00e8 imposto in entrambi gli ambiti Aspiranti (under 17) con Carlotta Gautero e Michele Carollo (tutti e due dello Sci club Entraque Alpi Marittime) e nella categoria Giovani (under 19) maschile, con Marco Barale (Fiamme Oro). La Valle d&#8217;Aosta ha risposto con Alice Pacchiodi (Vigili del Fuoco Godioz Aosta),vittoriosa nella classifica Giovani (under 19) femminile, con Laura Sciarpa (Sci club Valdigne Mont Blanc) nella categoria Junior (under 21) donne e con Michael Durand (Fiamme Gialle), primo tra i Seniores. Nella categoria Juniores (under 21) uomini, successo per il friulano della Societ\u00e0 sportiva Fornese Fabio Cappellari.<\/p>\n<p>Alle gare e alle premiazioni sono intervenuti il questore di Belluno, Giuseppe Maggese, e il sindaco di Val di Zoldo, Camillo De Pellegrin.<\/p>\n<p>Oggi, domenica 16 gennaio, la seconda e conclusiva giornata, dedicata alle Sprint.<\/p>","protected":false},"excerpt":{"rendered":"<p>Val di Zoldo (Belluno), 16 gennaio 2022 \u2013 Si \u00e8 svolta ieri, sabato 15 gennaio, la prima delle due giornate della Coppa Italia Fiocchi di biathlon, una due giorni proposta dallo Sci club Valzoldana e dalle Fiamme Oro di Moena a Palafav\u00e8ra di Val di Zoldo (Belluno), con in palio il memorial Arduino Costantin. Oltre [&hellip;]<\/p>\n","protected":false},"author":2,"featured_media":130594,"comment_status":"closed","ping_status":"open","sticky":false,"template":"","format":"standard","meta":{"footnotes":""},"categories":[4],"tags":[],"class_list":["post-130663","post","type-post","status-publish","format-standard","has-post-thumbnail","category-sport"],"yoast_head":"<!-- This site is optimized with the Yoast SEO plugin v28.4 - https:\/\/yoast.com\/product\/yoast-seo-wordpress\/ -->\n<title>Piemonte e Valle d&#039;Aosta protagonisti alla prima giornata della Coppa Italia di Biathlon in Val di Zoldo - Bellunopress - Dolomiti<\/title>\n<meta name=\"robots\" content=\"index, follow, max-snippet:-1, max-image-preview:large, max-video-preview:-1\" \/>\n<link rel=\"canonical\" href=\"https:\/\/www.bellunopress.it\/fr\/2022\/01\/16\/piemonte-e-valle-daosta-protagonisti-alla-prima-giornata-della-coppa-italia-di-biathlon-in-val-di-zoldo\/\" \/>\n<meta property=\"og:locale\" content=\"fr_FR\" \/>\n<meta property=\"og:type\" content=\"article\" \/>\n<meta property=\"og:title\" content=\"Piemonte e Valle d&#039;Aosta protagonisti alla prima giornata della Coppa Italia di Biathlon in Val di Zoldo - Bellunopress - Dolomiti\" \/>\n<meta property=\"og:description\" content=\"Val di Zoldo (Belluno), 16 gennaio 2022 \u2013 Si \u00e8 svolta ieri, sabato 15 gennaio, la prima delle due giornate della Coppa Italia Fiocchi di biathlon, una due giorni proposta dallo Sci club Valzoldana e dalle Fiamme Oro di Moena a Palafav\u00e8ra di Val di Zoldo (Belluno), con in palio il memorial Arduino Costantin. Oltre [&hellip;]\" \/>\n<meta property=\"og:url\" content=\"https:\/\/www.bellunopress.it\/fr\/2022\/01\/16\/piemonte-e-valle-daosta-protagonisti-alla-prima-giornata-della-coppa-italia-di-biathlon-in-val-di-zoldo\/\" \/>\n<meta property=\"og:site_name\" content=\"Bellunopress - Dolomiti\" \/>\n<meta property=\"article:publisher\" content=\"https:\/\/www.facebook.com\/profile.php?id=100008943462799\" \/>\n<meta property=\"article:published_time\" content=\"2022-01-16T06:16:18+00:00\" \/>\n<meta property=\"og:image\" content=\"https:\/\/www.bellunopress.it\/wp-content\/uploads\/2022\/01\/centro-biathlon-val-di-zoldo_edited.jpg\" \/>\n\t<meta property=\"og:image:width\" content=\"994\" \/>\n\t<meta property=\"og:image:height\" content=\"582\" \/>\n\t<meta property=\"og:image:type\" content=\"image\/jpeg\" \/>\n<meta name=\"author\" content=\"redazione\" \/>\n<meta name=\"twitter:card\" content=\"summary_large_image\" \/>\n<meta name=\"twitter:creator\" content=\"@bellunopress\" \/>\n<meta name=\"twitter:site\" content=\"@bellunopress\" \/>\n<meta name=\"twitter:label1\" content=\"Written by\" \/>\n\t<meta name=\"twitter:data1\" content=\"redazione\" \/>\n\t<meta name=\"twitter:label2\" content=\"Est. reading time\" \/>\n\t<meta name=\"twitter:data2\" content=\"2 minutes\" \/>\n<script type=\"application\/ld+json\" class=\"yoast-schema-graph\">{\"@context\":\"https:\\\/\\\/schema.org\",\"@graph\":[{\"@type\":\"Article\",\"@id\":\"https:\\\/\\\/www.bellunopress.it\\\/2022\\\/01\\\/16\\\/piemonte-e-valle-daosta-protagonisti-alla-prima-giornata-della-coppa-italia-di-biathlon-in-val-di-zoldo\\\/#article\",\"isPartOf\":{\"@id\":\"https:\\\/\\\/www.bellunopress.it\\\/2022\\\/01\\\/16\\\/piemonte-e-valle-daosta-protagonisti-alla-prima-giornata-della-coppa-italia-di-biathlon-in-val-di-zoldo\\\/\"},\"author\":{\"name\":\"redazione\",\"@id\":\"https:\\\/\\\/www.bellunopress.it\\\/#\\\/schema\\\/person\\\/79bb06722b37ece1c03d3e94beb30d73\"},\"headline\":\"Piemonte e Valle d&#8217;Aosta protagonisti alla prima giornata della Coppa Italia di Biathlon in Val di Zoldo\",\"datePublished\":\"2022-01-16T06:16:18+00:00\",\"mainEntityOfPage\":{\"@id\":\"https:\\\/\\\/www.bellunopress.it\\\/2022\\\/01\\\/16\\\/piemonte-e-valle-daosta-protagonisti-alla-prima-giornata-della-coppa-italia-di-biathlon-in-val-di-zoldo\\\/\"},\"wordCount\":301,\"publisher\":{\"@id\":\"https:\\\/\\\/www.bellunopress.it\\\/#organization\"},\"image\":{\"@id\":\"https:\\\/\\\/www.bellunopress.it\\\/2022\\\/01\\\/16\\\/piemonte-e-valle-daosta-protagonisti-alla-prima-giornata-della-coppa-italia-di-biathlon-in-val-di-zoldo\\\/#primaryimage\"},\"thumbnailUrl\":\"https:\\\/\\\/www.bellunopress.it\\\/wp-content\\\/uploads\\\/2022\\\/01\\\/centro-biathlon-val-di-zoldo_edited.jpg\",\"articleSection\":[\"Sport, tempo libero\"],\"inLanguage\":\"fr-FR\"},{\"@type\":\"WebPage\",\"@id\":\"https:\\\/\\\/www.bellunopress.it\\\/2022\\\/01\\\/16\\\/piemonte-e-valle-daosta-protagonisti-alla-prima-giornata-della-coppa-italia-di-biathlon-in-val-di-zoldo\\\/\",\"url\":\"https:\\\/\\\/www.bellunopress.it\\\/2022\\\/01\\\/16\\\/piemonte-e-valle-daosta-protagonisti-alla-prima-giornata-della-coppa-italia-di-biathlon-in-val-di-zoldo\\\/\",\"name\":\"Piemonte e Valle d'Aosta protagonisti alla prima giornata della Coppa Italia di Biathlon in Val di Zoldo - Bellunopress - Dolomiti\",\"isPartOf\":{\"@id\":\"https:\\\/\\\/www.bellunopress.it\\\/#website\"},\"primaryImageOfPage\":{\"@id\":\"https:\\\/\\\/www.bellunopress.it\\\/2022\\\/01\\\/16\\\/piemonte-e-valle-daosta-protagonisti-alla-prima-giornata-della-coppa-italia-di-biathlon-in-val-di-zoldo\\\/#primaryimage\"},\"image\":{\"@id\":\"https:\\\/\\\/www.bellunopress.it\\\/2022\\\/01\\\/16\\\/piemonte-e-valle-daosta-protagonisti-alla-prima-giornata-della-coppa-italia-di-biathlon-in-val-di-zoldo\\\/#primaryimage\"},\"thumbnailUrl\":\"https:\\\/\\\/www.bellunopress.it\\\/wp-content\\\/uploads\\\/2022\\\/01\\\/centro-biathlon-val-di-zoldo_edited.jpg\",\"datePublished\":\"2022-01-16T06:16:18+00:00\",\"breadcrumb\":{\"@id\":\"https:\\\/\\\/www.bellunopress.it\\\/2022\\\/01\\\/16\\\/piemonte-e-valle-daosta-protagonisti-alla-prima-giornata-della-coppa-italia-di-biathlon-in-val-di-zoldo\\\/#breadcrumb\"},\"inLanguage\":\"fr-FR\",\"potentialAction\":[{\"@type\":\"ReadAction\",\"target\":[\"https:\\\/\\\/www.bellunopress.it\\\/2022\\\/01\\\/16\\\/piemonte-e-valle-daosta-protagonisti-alla-prima-giornata-della-coppa-italia-di-biathlon-in-val-di-zoldo\\\/\"]}]},{\"@type\":\"ImageObject\",\"inLanguage\":\"fr-FR\",\"@id\":\"https:\\\/\\\/www.bellunopress.it\\\/2022\\\/01\\\/16\\\/piemonte-e-valle-daosta-protagonisti-alla-prima-giornata-della-coppa-italia-di-biathlon-in-val-di-zoldo\\\/#primaryimage\",\"url\":\"https:\\\/\\\/www.bellunopress.it\\\/wp-content\\\/uploads\\\/2022\\\/01\\\/centro-biathlon-val-di-zoldo_edited.jpg\",\"contentUrl\":\"https:\\\/\\\/www.bellunopress.it\\\/wp-content\\\/uploads\\\/2022\\\/01\\\/centro-biathlon-val-di-zoldo_edited.jpg\",\"width\":994,\"height\":582,\"caption\":\"Centro biathlon Val di Zoldo (Belluno)\"},{\"@type\":\"BreadcrumbList\",\"@id\":\"https:\\\/\\\/www.bellunopress.it\\\/2022\\\/01\\\/16\\\/piemonte-e-valle-daosta-protagonisti-alla-prima-giornata-della-coppa-italia-di-biathlon-in-val-di-zoldo\\\/#breadcrumb\",\"itemListElement\":[{\"@type\":\"ListItem\",\"position\":1,\"name\":\"Home\",\"item\":\"https:\\\/\\\/www.bellunopress.it\\\/\"},{\"@type\":\"ListItem\",\"position\":2,\"name\":\"Piemonte e Valle d&#8217;Aosta protagonisti alla prima giornata della Coppa Italia di Biathlon in Val di Zoldo\"}]},{\"@type\":\"WebSite\",\"@id\":\"https:\\\/\\\/www.bellunopress.it\\\/#website\",\"url\":\"https:\\\/\\\/www.bellunopress.it\\\/\",\"name\":\"Bellunopress - Dolomiti\",\"description\":\"e-mail: redazione@bellunopress.it\",\"publisher\":{\"@id\":\"https:\\\/\\\/www.bellunopress.it\\\/#organization\"},\"potentialAction\":[{\"@type\":\"SearchAction\",\"target\":{\"@type\":\"EntryPoint\",\"urlTemplate\":\"https:\\\/\\\/www.bellunopress.it\\\/?s={search_term_string}\"},\"query-input\":{\"@type\":\"PropertyValueSpecification\",\"valueRequired\":true,\"valueName\":\"search_term_string\"}}],\"inLanguage\":\"fr-FR\"},{\"@type\":\"Organization\",\"@id\":\"https:\\\/\\\/www.bellunopress.it\\\/#organization\",\"name\":\"Bellunopress\",\"url\":\"https:\\\/\\\/www.bellunopress.it\\\/\",\"logo\":{\"@type\":\"ImageObject\",\"inLanguage\":\"fr-FR\",\"@id\":\"https:\\\/\\\/www.bellunopress.it\\\/#\\\/schema\\\/logo\\\/image\\\/\",\"url\":\"https:\\\/\\\/www.bellunopress.it\\\/wp-content\\\/uploads\\\/2011\\\/05\\\/cropped-logo-bellunopress-.jpg\",\"contentUrl\":\"https:\\\/\\\/www.bellunopress.it\\\/wp-content\\\/uploads\\\/2011\\\/05\\\/cropped-logo-bellunopress-.jpg\",\"width\":512,\"height\":512,\"caption\":\"Bellunopress\"},\"image\":{\"@id\":\"https:\\\/\\\/www.bellunopress.it\\\/#\\\/schema\\\/logo\\\/image\\\/\"},\"sameAs\":[\"https:\\\/\\\/www.facebook.com\\\/profile.php?id=100008943462799\",\"https:\\\/\\\/x.com\\\/bellunopress\",\"https:\\\/\\\/www.linkedin.com\\\/hp\\\/?dnr=JBzUWaJfMUw8vbXJJ2tVW5-I3jZKvC4wsoxE&amp;amp;amp;amp;amp;amp;trk=nav_responsive_tab_home\",\"https:\\\/\\\/www.youtube.com\\\/channel\\\/UCxL0wu1uN0_3_7hGG0306cw\"]},{\"@type\":\"Person\",\"@id\":\"https:\\\/\\\/www.bellunopress.it\\\/#\\\/schema\\\/person\\\/79bb06722b37ece1c03d3e94beb30d73\",\"name\":\"redazione\",\"image\":{\"@type\":\"ImageObject\",\"inLanguage\":\"fr-FR\",\"@id\":\"https:\\\/\\\/secure.gravatar.com\\\/avatar\\\/37d968a2e67a6fd04c169c4bdef102d0bc5d31b2546345219e348575eb80e9a0?s=96&d=mm&r=g\",\"url\":\"https:\\\/\\\/secure.gravatar.com\\\/avatar\\\/37d968a2e67a6fd04c169c4bdef102d0bc5d31b2546345219e348575eb80e9a0?s=96&d=mm&r=g\",\"contentUrl\":\"https:\\\/\\\/secure.gravatar.com\\\/avatar\\\/37d968a2e67a6fd04c169c4bdef102d0bc5d31b2546345219e348575eb80e9a0?s=96&d=mm&r=g\",\"caption\":\"redazione\"},\"sameAs\":[\"http:\\\/\\\/www.bellunopress.it\",\"https:\\\/\\\/x.com\\\/bellunopress\"],\"url\":\"https:\\\/\\\/www.bellunopress.it\\\/fr\\\/author\\\/redazione\\\/\"}]}<\/script>\n<!-- \/ Yoast SEO plugin. -->","yoast_head_json":{"title":"Piemonte e Valle d'Aosta protagonisti alla prima giornata della Coppa Italia di Biathlon in Val di Zoldo - Bellunopress - Dolomiti","robots":{"index":"index","follow":"follow","max-snippet":"max-snippet:-1","max-image-preview":"max-image-preview:large","max-video-preview":"max-video-preview:-1"},"canonical":"https:\/\/www.bellunopress.it\/fr\/2022\/01\/16\/piemonte-e-valle-daosta-protagonisti-alla-prima-giornata-della-coppa-italia-di-biathlon-in-val-di-zoldo\/","og_locale":"fr_FR","og_type":"article","og_title":"Piemonte e Valle d'Aosta protagonisti alla prima giornata della Coppa Italia di Biathlon in Val di Zoldo - Bellunopress - Dolomiti","og_description":"Val di Zoldo (Belluno), 16 gennaio 2022 \u2013 Si \u00e8 svolta ieri, sabato 15 gennaio, la prima delle due giornate della Coppa Italia Fiocchi di biathlon, una due giorni proposta dallo Sci club Valzoldana e dalle Fiamme Oro di Moena a Palafav\u00e8ra di Val di Zoldo (Belluno), con in palio il memorial Arduino Costantin. Oltre [&hellip;]","og_url":"https:\/\/www.bellunopress.it\/fr\/2022\/01\/16\/piemonte-e-valle-daosta-protagonisti-alla-prima-giornata-della-coppa-italia-di-biathlon-in-val-di-zoldo\/","og_site_name":"Bellunopress - Dolomiti","article_publisher":"https:\/\/www.facebook.com\/profile.php?id=100008943462799","article_published_time":"2022-01-16T06:16:18+00:00","og_image":[{"width":994,"height":582,"url":"https:\/\/www.bellunopress.it\/wp-content\/uploads\/2022\/01\/centro-biathlon-val-di-zoldo_edited.jpg","type":"image\/jpeg"}],"author":"redazione","twitter_card":"summary_large_image","twitter_creator":"@bellunopress","twitter_site":"@bellunopress","twitter_misc":{"Written by":"redazione","Est. reading time":"2 minutes"},"schema":{"@context":"https:\/\/schema.org","@graph":[{"@type":"Article","@id":"https:\/\/www.bellunopress.it\/2022\/01\/16\/piemonte-e-valle-daosta-protagonisti-alla-prima-giornata-della-coppa-italia-di-biathlon-in-val-di-zoldo\/#article","isPartOf":{"@id":"https:\/\/www.bellunopress.it\/2022\/01\/16\/piemonte-e-valle-daosta-protagonisti-alla-prima-giornata-della-coppa-italia-di-biathlon-in-val-di-zoldo\/"},"author":{"name":"redazione","@id":"https:\/\/www.bellunopress.it\/#\/schema\/person\/79bb06722b37ece1c03d3e94beb30d73"},"headline":"Piemonte e Valle d&#8217;Aosta protagonisti alla prima giornata della Coppa Italia di Biathlon in Val di Zoldo","datePublished":"2022-01-16T06:16:18+00:00","mainEntityOfPage":{"@id":"https:\/\/www.bellunopress.it\/2022\/01\/16\/piemonte-e-valle-daosta-protagonisti-alla-prima-giornata-della-coppa-italia-di-biathlon-in-val-di-zoldo\/"},"wordCount":301,"publisher":{"@id":"https:\/\/www.bellunopress.it\/#organization"},"image":{"@id":"https:\/\/www.bellunopress.it\/2022\/01\/16\/piemonte-e-valle-daosta-protagonisti-alla-prima-giornata-della-coppa-italia-di-biathlon-in-val-di-zoldo\/#primaryimage"},"thumbnailUrl":"https:\/\/www.bellunopress.it\/wp-content\/uploads\/2022\/01\/centro-biathlon-val-di-zoldo_edited.jpg","articleSection":["Sport, tempo libero"],"inLanguage":"fr-FR"},{"@type":"WebPage","@id":"https:\/\/www.bellunopress.it\/2022\/01\/16\/piemonte-e-valle-daosta-protagonisti-alla-prima-giornata-della-coppa-italia-di-biathlon-in-val-di-zoldo\/","url":"https:\/\/www.bellunopress.it\/2022\/01\/16\/piemonte-e-valle-daosta-protagonisti-alla-prima-giornata-della-coppa-italia-di-biathlon-in-val-di-zoldo\/","name":"Piemonte e Valle d'Aosta protagonisti alla prima giornata della Coppa Italia di Biathlon in Val di Zoldo - Bellunopress - Dolomiti","isPartOf":{"@id":"https:\/\/www.bellunopress.it\/#website"},"primaryImageOfPage":{"@id":"https:\/\/www.bellunopress.it\/2022\/01\/16\/piemonte-e-valle-daosta-protagonisti-alla-prima-giornata-della-coppa-italia-di-biathlon-in-val-di-zoldo\/#primaryimage"},"image":{"@id":"https:\/\/www.bellunopress.it\/2022\/01\/16\/piemonte-e-valle-daosta-protagonisti-alla-prima-giornata-della-coppa-italia-di-biathlon-in-val-di-zoldo\/#primaryimage"},"thumbnailUrl":"https:\/\/www.bellunopress.it\/wp-content\/uploads\/2022\/01\/centro-biathlon-val-di-zoldo_edited.jpg","datePublished":"2022-01-16T06:16:18+00:00","breadcrumb":{"@id":"https:\/\/www.bellunopress.it\/2022\/01\/16\/piemonte-e-valle-daosta-protagonisti-alla-prima-giornata-della-coppa-italia-di-biathlon-in-val-di-zoldo\/#breadcrumb"},"inLanguage":"fr-FR","potentialAction":[{"@type":"ReadAction","target":["https:\/\/www.bellunopress.it\/2022\/01\/16\/piemonte-e-valle-daosta-protagonisti-alla-prima-giornata-della-coppa-italia-di-biathlon-in-val-di-zoldo\/"]}]},{"@type":"ImageObject","inLanguage":"fr-FR","@id":"https:\/\/www.bellunopress.it\/2022\/01\/16\/piemonte-e-valle-daosta-protagonisti-alla-prima-giornata-della-coppa-italia-di-biathlon-in-val-di-zoldo\/#primaryimage","url":"https:\/\/www.bellunopress.it\/wp-content\/uploads\/2022\/01\/centro-biathlon-val-di-zoldo_edited.jpg","contentUrl":"https:\/\/www.bellunopress.it\/wp-content\/uploads\/2022\/01\/centro-biathlon-val-di-zoldo_edited.jpg","width":994,"height":582,"caption":"Centro biathlon Val di Zoldo (Belluno)"},{"@type":"BreadcrumbList","@id":"https:\/\/www.bellunopress.it\/2022\/01\/16\/piemonte-e-valle-daosta-protagonisti-alla-prima-giornata-della-coppa-italia-di-biathlon-in-val-di-zoldo\/#breadcrumb","itemListElement":[{"@type":"ListItem","position":1,"name":"Home","item":"https:\/\/www.bellunopress.it\/"},{"@type":"ListItem","position":2,"name":"Piemonte e Valle d&#8217;Aosta protagonisti alla prima giornata della Coppa Italia di Biathlon in Val di Zoldo"}]},{"@type":"WebSite","@id":"https:\/\/www.bellunopress.it\/#website","url":"https:\/\/www.bellunopress.it\/","name":"Bellunopress - Dolomiti","description":"e-mail: redazione@bellunopress.it","publisher":{"@id":"https:\/\/www.bellunopress.it\/#organization"},"potentialAction":[{"@type":"SearchAction","target":{"@type":"EntryPoint","urlTemplate":"https:\/\/www.bellunopress.it\/?s={search_term_string}"},"query-input":{"@type":"PropertyValueSpecification","valueRequired":true,"valueName":"search_term_string"}}],"inLanguage":"fr-FR"},{"@type":"Organization","@id":"https:\/\/www.bellunopress.it\/#organization","name":"Bellunopress","url":"https:\/\/www.bellunopress.it\/","logo":{"@type":"ImageObject","inLanguage":"fr-FR","@id":"https:\/\/www.bellunopress.it\/#\/schema\/logo\/image\/","url":"https:\/\/www.bellunopress.it\/wp-content\/uploads\/2011\/05\/cropped-logo-bellunopress-.jpg","contentUrl":"https:\/\/www.bellunopress.it\/wp-content\/uploads\/2011\/05\/cropped-logo-bellunopress-.jpg","width":512,"height":512,"caption":"Bellunopress"},"image":{"@id":"https:\/\/www.bellunopress.it\/#\/schema\/logo\/image\/"},"sameAs":["https:\/\/www.facebook.com\/profile.php?id=100008943462799","https:\/\/x.com\/bellunopress","https:\/\/www.linkedin.com\/hp\/?dnr=JBzUWaJfMUw8vbXJJ2tVW5-I3jZKvC4wsoxE&amp;amp;amp;amp;amp;amp;trk=nav_responsive_tab_home","https:\/\/www.youtube.com\/channel\/UCxL0wu1uN0_3_7hGG0306cw"]},{"@type":"Person","@id":"https:\/\/www.bellunopress.it\/#\/schema\/person\/79bb06722b37ece1c03d3e94beb30d73","name":"r\u00e9daction","image":{"@type":"ImageObject","inLanguage":"fr-FR","@id":"https:\/\/secure.gravatar.com\/avatar\/37d968a2e67a6fd04c169c4bdef102d0bc5d31b2546345219e348575eb80e9a0?s=96&d=mm&r=g","url":"https:\/\/secure.gravatar.com\/avatar\/37d968a2e67a6fd04c169c4bdef102d0bc5d31b2546345219e348575eb80e9a0?s=96&d=mm&r=g","contentUrl":"https:\/\/secure.gravatar.com\/avatar\/37d968a2e67a6fd04c169c4bdef102d0bc5d31b2546345219e348575eb80e9a0?s=96&d=mm&r=g","caption":"redazione"},"sameAs":["http:\/\/www.bellunopress.it","https:\/\/x.com\/bellunopress"],"url":"https:\/\/www.bellunopress.it\/fr\/author\/redazione\/"}]}},"_links":{"self":[{"href":"https:\/\/www.bellunopress.it\/fr\/wp-json\/wp\/v2\/posts\/130663","targetHints":{"allow":["GET"]}}],"collection":[{"href":"https:\/\/www.bellunopress.it\/fr\/wp-json\/wp\/v2\/posts"}],"about":[{"href":"https:\/\/www.bellunopress.it\/fr\/wp-json\/wp\/v2\/types\/post"}],"author":[{"embeddable":true,"href":"https:\/\/www.bellunopress.it\/fr\/wp-json\/wp\/v2\/users\/2"}],"replies":[{"embeddable":true,"href":"https:\/\/www.bellunopress.it\/fr\/wp-json\/wp\/v2\/comments?post=130663"}],"version-history":[{"count":1,"href":"https:\/\/www.bellunopress.it\/fr\/wp-json\/wp\/v2\/posts\/130663\/revisions"}],"predecessor-version":[{"id":130664,"href":"https:\/\/www.bellunopress.it\/fr\/wp-json\/wp\/v2\/posts\/130663\/revisions\/130664"}],"wp:featuredmedia":[{"embeddable":true,"href":"https:\/\/www.bellunopress.it\/fr\/wp-json\/wp\/v2\/media\/130594"}],"wp:attachment":[{"href":"https:\/\/www.bellunopress.it\/fr\/wp-json\/wp\/v2\/media?parent=130663"}],"wp:term":[{"taxonomy":"category","embeddable":true,"href":"https:\/\/www.bellunopress.it\/fr\/wp-json\/wp\/v2\/categories?post=130663"},{"taxonomy":"post_tag","embeddable":true,"href":"https:\/\/www.bellunopress.it\/fr\/wp-json\/wp\/v2\/tags?post=130663"}],"curies":[{"name":"wp","href":"https:\/\/api.w.org\/{rel}","templated":true}]}}