{"id":130660,"date":"2022-01-15T20:39:44","date_gmt":"2022-01-15T19:39:44","guid":{"rendered":"https:\/\/www.bellunopress.it\/?p=130660"},"modified":"2022-01-15T20:39:44","modified_gmt":"2022-01-15T19:39:44","slug":"seconda-giornata-di-international-motor-days-a-cortina","status":"publish","type":"post","link":"https:\/\/www.bellunopress.it\/fr\/2022\/01\/15\/seconda-giornata-di-international-motor-days-a-cortina\/","title":{"rendered":"Seconda giornata di International Motor Days a Cortina"},"content":{"rendered":"<p><img loading=\"lazy\" decoding=\"async\" class=\"alignleft size-medium wp-image-130661\" src=\"https:\/\/www.bellunopress.it\/wp-content\/uploads\/2022\/01\/international-motor-days_edited-500x334.jpg\" alt=\"\" width=\"500\" height=\"334\" srcset=\"https:\/\/www.bellunopress.it\/wp-content\/uploads\/2022\/01\/international-motor-days_edited-500x334.jpg 500w, https:\/\/www.bellunopress.it\/wp-content\/uploads\/2022\/01\/international-motor-days_edited-696x464.jpg 696w, https:\/\/www.bellunopress.it\/wp-content\/uploads\/2022\/01\/international-motor-days_edited-630x420.jpg 630w, https:\/\/www.bellunopress.it\/wp-content\/uploads\/2022\/01\/international-motor-days_edited.jpg 1000w\" sizes=\"auto, (max-width: 500px) 100vw, 500px\" \/>Rombo di motori in tutta la valle per la seconda giornata di International Motor Days &#8211; Cortina Winter Edition, che si svolge a Cortina D&#8217;Ampezzo fino a domani, domenica 16 gennaio 2022 in collaborazione con il Comune di Cortina.<br \/>\nAnche oggi, infatti, i visitatori hanno avuto la possibilit\u00e0 di immergersi nel mood di International Motor Days salendo a bordo delle Giulia Quadrifoglio pilotate dai drifters Franco Medici, Diego Quaranta e Massimo Checchin, provando l&#8217;emozione dell&#8217;\u201dAlfa Romeo adrenaline experience\u201d, che ha regalato al pubblico emozioni allo stato puro con una serie di esibizioni letteralmente indimenticabili.<\/p>\n<p><img loading=\"lazy\" decoding=\"async\" class=\"alignleft size-medium wp-image-130631\" src=\"https:\/\/www.bellunopress.it\/wp-content\/uploads\/2022\/01\/International-Motor-Days-Cortina_edited-334x500.jpg\" alt=\"\" width=\"334\" height=\"500\" srcset=\"https:\/\/www.bellunopress.it\/wp-content\/uploads\/2022\/01\/International-Motor-Days-Cortina_edited-334x500.jpg 334w, https:\/\/www.bellunopress.it\/wp-content\/uploads\/2022\/01\/International-Motor-Days-Cortina_edited-280x420.jpg 280w, https:\/\/www.bellunopress.it\/wp-content\/uploads\/2022\/01\/International-Motor-Days-Cortina_edited.jpg 667w\" sizes=\"auto, (max-width: 334px) 100vw, 334px\" \/>Gli spettatori hanno cos\u00ec potuto ammirare e apprezzare dal vivo la prorompente potenza del motore 2.9 V6 Bi-turbo benzina da 510 CV.<br \/>\nIl pubblico ha poi potuto testare gratuitamente le auto messe a disposizione da Alfa Romeo nell&#8217;area Test Drive OnRoad: tanti visitatori si sono cimentati alla guida delle Giulia Quadrifoglio lungo una serie di percorsi che si snodano intorno a Fiames.<\/p>\n<p>Enorme interesse anche per l&#8217;area Test Drive Off-Road: sono stati tantissimi i visitatori che hanno provato l&#8217;emozione di guidare sulla neve con le novit\u00e0 messe a disposizione da JEEP, ovvero JEEP Renegade, JEEP Compass e JEEP Wrangler, tutte equipaggiate con tecnologia ibrida plug in 4XE, che li rende i SUV Jeep tra i pi\u00f9 sostenibili, performanti e divertenti da guidare di sempre, letteralmente capaci di \u201candare ovunque e di fare qualsiasi cosa\u201d.<\/p>\n<p>Senza dimenticare la consueta esposizione dell&#8217;Esercito Italiano, sempre di grande appeal per il nostro pubblico. La partecipazione dell&#8217;Esercito, a cura del Comando Forze Operative Nord, ha visto impiegati assetti del 7\u00b0 Reggimento Alpini di stanza a Belluno e dell&#8217;8\u00b0 Reggimento Genio Guastatori Paracadutisti di Legnago.<br \/>\nIn particolare, le truppe alpine hanno mostrato al pubblico alcuni dei materiali e dei mezzi utilizzati nell&#8217;ambito delle numerose attivit\u00e0 che affrontano ogni giorno: \u00e8 stato esposto il mezzo cingolato BV 206, utilizzato sia nelle attivit\u00e0 operative in territorio italiano (soccorso alpino, soccorso alla popolazione, attivit\u00e0 tattiche e di trasporto in ambiente montano), sia in contesti di operazioni internazionali. Inoltre sono stati esposti numerosi materiali impiegati nelle attivit\u00e0 di routine, come ad esempio una tenda da campo completamente allestita e utilizzata solitamente in addestramento operativo. \u00c8 stato inoltre allestito lo stand MeteoMont, che fornisce ai reparti alpini e alla popolazione il supporto informativo meteonivologico necessario a rendere sicure tutte le attivit\u00e0 addestrative ed operative in montagna.<br \/>\nI Guastatori Paracadutisti dell&#8217;8\u00b0 Reggimento hanno invece esposto il eicolo tattico medio multiruolo \u201cOrso\u201d, un mezzo blindato medio di nuova generazione, del peso di 18 tonnellate e spinto da un\u00a0 motore Iveco Cursor 9 da 400 HP, destinato sia al trasporto delle truppe che per ruoli logistici. Il mezzo \u00e8 in grado di offrire un&#8217;elevata protezione contro mine, proiettili e missili a frammentazione ed \u00e8 in grado di resistere ad un attacco chimico-batteriologico grazie ad un sistema di aria condizionata indipendente. Inoltre i Paracadutisti hanno mostrato al pubblico numerosi strumenti tecnologicamente avanzati utilizzati dai nuclei EOD (Explosive Ordnance Disposal), comunemente indicate come squadre artificieri, durante le numerose attivit\u00e0 di bonifica del territorio nazionale da ordigni bellici inesplosi, ancora ampiamente presenti sul territorio italiano.<\/p>\n<p>Una seconda giornata di grandissimo interesse anche per il pullman azzurro della Polizia di Stato, sezione Stradale di Brescia: una vera e propria aula scolastica multimediale itinerante dove i poliziotti della Stradale si sono trasformati per 3 giorni in &#8220;insegnanti di sicurezza&#8221; per i pi\u00f9 piccoli e per i neopatentati, con lezioni sulla sicurezza stradale a base<br \/>\ndi giochi a tema, filmati e cartoni animati per insegnare le regole della sicurezza giocando. Gli agenti della Polizia di Stato hanno messo a disposizione dei numerosi visitatori un tracciato da percorrere a piedi, indossando dei particolari occhiali che simulano l&#8217;effetto della guida in stato di ebrezza, con il fine di sensibilizzare il pubblico e i giovani<br \/>\nguidatori a non mettersi alla guida dopo aver bevuto.<\/p>\n<p>Spazio anche a fulmini e saette: Andrea Fontana, Campione del Mondo Lamborghini Super Trofeo PRO-AM 2016, si \u00e8 esibito in pista in una serie di hot lap mozzafiato su una GT di ultima generazione, una Mercedes AMG GT4.<\/p>\n<p>Non solo: International Motor Days offre a tutti i visitatori la possibilit\u00e0 di effettuare un adrenalinico giro in elicottero grazie alla Air Service Center. Un&#8217;occasione assolutamente unica di vivere dall&#8217;alto, con qualche brivido di emozione, tutta la bellezza delle Dolomiti!<br \/>\nAl centro di Cortina, esattamente in Corso Italia, dalle 16.30 in poi numerosi visitatori e appassionati hanno provato l&#8217;emozione dei Test Drive On-Road sulle Alfa Romeo Stelvio Quadrifoglio messe a disposizione dall&#8217;iconico brand, vivendo un&#8217;emozionante esperienza di guida tra le strade di Cortina. Il contesto alpino ha permesso ai visitatori di apprezzare il raffinato e potente sistema di trazione integrale, cos\u00ec come l&#8217;eccezionale tenuta di strada e i numerosi sistemi di sicurezza all&#8217;avanguardia.<\/p>\n<p>E, sempre al centro di Cortina, sono stati allestiti spazi dedicati agli spettacoli freestyle con rampe e salti, eseguiti utilizzando solo mezzi elettrici e bici Bmx. Non sono mancati, poi, gli entusiasmanti backflip di Samuele Zuccali, fresco finalista del programma &#8220;Tu si que vales&#8221;! Non solo: da ieri mattina, sempre in Corso Italia, il pubblico ha preso d&#8217;assalto il simulatore di F1, una novit\u00e0 unica di International Motor Days, sul quale \u00e8 possibile provare fino a<br \/>\ndomani l&#8217;emozione di un giro adrenalinico in pista.<\/p>\n<p>Un occhio di riguardo, poi, per i nostri testimonial: il Campione del Mondo di Bike Trial e sette volte vincitore del Guinness World Records Vittorio &#8220;Abbombazza&#8221; Brumotti, il direttore artistico di International Motor Days DJ Ringo e il campione di sci alpino Kristian Ghedina hanno letteralmente infuocato e intrattenuto il pubblico con la loro<br \/>\nsimpatia e con i loro rispettivi talenti.<\/p>\n<p>Come gi\u00e0 avvenuto per le precedenti edizioni, l\u2019organizzazione di International Motor Days \u00e8 sempre attenta a osservare scrupolosamente tutti i protocolli necessari ad assicurare tre giorni di totale sicurezza, passione e divertimento a tutti i visitatori. \u00c8 difatti possibile accedere alle aree stunt &amp; spettacoli di Fiames solo se muniti di super green pass e mascherina FFP2. L&#8217;area lounge, le auto in prova, le auto stunt e tutti gli ambienti International Motor Days sono inoltre stati sanificati con Viraschutz, per assicurare all&#8217;utenza una visitazione priva di rischi.<br \/>\nViraschutz, sponsor di International Motor Days, \u00e8 un innovativo sistema di sanificazione che, con un solo trattamento, rende gli ambienti liberi da batteri ed altri agenti patogeni per 3 mesi, 24 ore al giorno.<\/p>","protected":false},"excerpt":{"rendered":"<p>Rombo di motori in tutta la valle per la seconda giornata di International Motor Days &#8211; Cortina Winter Edition, che si svolge a Cortina D&#8217;Ampezzo fino a domani, domenica 16 gennaio 2022 in collaborazione con il Comune di Cortina. Anche oggi, infatti, i visitatori hanno avuto la possibilit\u00e0 di immergersi nel mood di International Motor [&hellip;]<\/p>\n","protected":false},"author":2,"featured_media":130661,"comment_status":"closed","ping_status":"open","sticky":false,"template":"","format":"standard","meta":{"footnotes":""},"categories":[26,4],"tags":[],"class_list":["post-130660","post","type-post","status-publish","format-standard","has-post-thumbnail","category-prima-pagina","category-sport"],"yoast_head":"<!-- This site is optimized with the Yoast SEO plugin v28.4 - https:\/\/yoast.com\/product\/yoast-seo-wordpress\/ -->\n<title>Seconda giornata di International Motor Days a Cortina - Bellunopress - Dolomiti<\/title>\n<meta name=\"robots\" content=\"index, follow, max-snippet:-1, max-image-preview:large, max-video-preview:-1\" \/>\n<link rel=\"canonical\" href=\"https:\/\/www.bellunopress.it\/fr\/2022\/01\/15\/seconda-giornata-di-international-motor-days-a-cortina\/\" \/>\n<meta property=\"og:locale\" content=\"fr_FR\" \/>\n<meta property=\"og:type\" content=\"article\" \/>\n<meta property=\"og:title\" content=\"Seconda giornata di International Motor Days a Cortina - Bellunopress - Dolomiti\" \/>\n<meta property=\"og:description\" content=\"Rombo di motori in tutta la valle per la seconda giornata di International Motor Days &#8211; Cortina Winter Edition, che si svolge a Cortina D&#8217;Ampezzo fino a domani, domenica 16 gennaio 2022 in collaborazione con il Comune di Cortina. Anche oggi, infatti, i visitatori hanno avuto la possibilit\u00e0 di immergersi nel mood di International Motor [&hellip;]\" \/>\n<meta property=\"og:url\" content=\"https:\/\/www.bellunopress.it\/fr\/2022\/01\/15\/seconda-giornata-di-international-motor-days-a-cortina\/\" \/>\n<meta property=\"og:site_name\" content=\"Bellunopress - Dolomiti\" \/>\n<meta property=\"article:publisher\" content=\"https:\/\/www.facebook.com\/profile.php?id=100008943462799\" \/>\n<meta property=\"article:published_time\" content=\"2022-01-15T19:39:44+00:00\" \/>\n<meta property=\"og:image\" content=\"https:\/\/www.bellunopress.it\/wp-content\/uploads\/2022\/01\/international-motor-days_edited.jpg\" \/>\n\t<meta property=\"og:image:width\" content=\"1000\" \/>\n\t<meta property=\"og:image:height\" content=\"667\" \/>\n\t<meta property=\"og:image:type\" content=\"image\/jpeg\" \/>\n<meta name=\"author\" content=\"redazione\" \/>\n<meta name=\"twitter:card\" content=\"summary_large_image\" \/>\n<meta name=\"twitter:creator\" content=\"@bellunopress\" \/>\n<meta name=\"twitter:site\" content=\"@bellunopress\" \/>\n<meta name=\"twitter:label1\" content=\"Written by\" \/>\n\t<meta name=\"twitter:data1\" content=\"redazione\" \/>\n\t<meta name=\"twitter:label2\" content=\"Est. reading time\" \/>\n\t<meta name=\"twitter:data2\" content=\"6 minutes\" \/>\n<script type=\"application\/ld+json\" class=\"yoast-schema-graph\">{\"@context\":\"https:\\\/\\\/schema.org\",\"@graph\":[{\"@type\":\"Article\",\"@id\":\"https:\\\/\\\/www.bellunopress.it\\\/2022\\\/01\\\/15\\\/seconda-giornata-di-international-motor-days-a-cortina\\\/#article\",\"isPartOf\":{\"@id\":\"https:\\\/\\\/www.bellunopress.it\\\/2022\\\/01\\\/15\\\/seconda-giornata-di-international-motor-days-a-cortina\\\/\"},\"author\":{\"name\":\"redazione\",\"@id\":\"https:\\\/\\\/www.bellunopress.it\\\/#\\\/schema\\\/person\\\/79bb06722b37ece1c03d3e94beb30d73\"},\"headline\":\"Seconda giornata di International Motor Days a Cortina\",\"datePublished\":\"2022-01-15T19:39:44+00:00\",\"mainEntityOfPage\":{\"@id\":\"https:\\\/\\\/www.bellunopress.it\\\/2022\\\/01\\\/15\\\/seconda-giornata-di-international-motor-days-a-cortina\\\/\"},\"wordCount\":1060,\"publisher\":{\"@id\":\"https:\\\/\\\/www.bellunopress.it\\\/#organization\"},\"image\":{\"@id\":\"https:\\\/\\\/www.bellunopress.it\\\/2022\\\/01\\\/15\\\/seconda-giornata-di-international-motor-days-a-cortina\\\/#primaryimage\"},\"thumbnailUrl\":\"https:\\\/\\\/www.bellunopress.it\\\/wp-content\\\/uploads\\\/2022\\\/01\\\/international-motor-days_edited.jpg\",\"articleSection\":[\"Prima Pagina\",\"Sport, tempo libero\"],\"inLanguage\":\"fr-FR\"},{\"@type\":\"WebPage\",\"@id\":\"https:\\\/\\\/www.bellunopress.it\\\/2022\\\/01\\\/15\\\/seconda-giornata-di-international-motor-days-a-cortina\\\/\",\"url\":\"https:\\\/\\\/www.bellunopress.it\\\/2022\\\/01\\\/15\\\/seconda-giornata-di-international-motor-days-a-cortina\\\/\",\"name\":\"Seconda giornata di International Motor Days a Cortina - Bellunopress - Dolomiti\",\"isPartOf\":{\"@id\":\"https:\\\/\\\/www.bellunopress.it\\\/#website\"},\"primaryImageOfPage\":{\"@id\":\"https:\\\/\\\/www.bellunopress.it\\\/2022\\\/01\\\/15\\\/seconda-giornata-di-international-motor-days-a-cortina\\\/#primaryimage\"},\"image\":{\"@id\":\"https:\\\/\\\/www.bellunopress.it\\\/2022\\\/01\\\/15\\\/seconda-giornata-di-international-motor-days-a-cortina\\\/#primaryimage\"},\"thumbnailUrl\":\"https:\\\/\\\/www.bellunopress.it\\\/wp-content\\\/uploads\\\/2022\\\/01\\\/international-motor-days_edited.jpg\",\"datePublished\":\"2022-01-15T19:39:44+00:00\",\"breadcrumb\":{\"@id\":\"https:\\\/\\\/www.bellunopress.it\\\/2022\\\/01\\\/15\\\/seconda-giornata-di-international-motor-days-a-cortina\\\/#breadcrumb\"},\"inLanguage\":\"fr-FR\",\"potentialAction\":[{\"@type\":\"ReadAction\",\"target\":[\"https:\\\/\\\/www.bellunopress.it\\\/2022\\\/01\\\/15\\\/seconda-giornata-di-international-motor-days-a-cortina\\\/\"]}]},{\"@type\":\"ImageObject\",\"inLanguage\":\"fr-FR\",\"@id\":\"https:\\\/\\\/www.bellunopress.it\\\/2022\\\/01\\\/15\\\/seconda-giornata-di-international-motor-days-a-cortina\\\/#primaryimage\",\"url\":\"https:\\\/\\\/www.bellunopress.it\\\/wp-content\\\/uploads\\\/2022\\\/01\\\/international-motor-days_edited.jpg\",\"contentUrl\":\"https:\\\/\\\/www.bellunopress.it\\\/wp-content\\\/uploads\\\/2022\\\/01\\\/international-motor-days_edited.jpg\",\"width\":1000,\"height\":667},{\"@type\":\"BreadcrumbList\",\"@id\":\"https:\\\/\\\/www.bellunopress.it\\\/2022\\\/01\\\/15\\\/seconda-giornata-di-international-motor-days-a-cortina\\\/#breadcrumb\",\"itemListElement\":[{\"@type\":\"ListItem\",\"position\":1,\"name\":\"Home\",\"item\":\"https:\\\/\\\/www.bellunopress.it\\\/\"},{\"@type\":\"ListItem\",\"position\":2,\"name\":\"Seconda giornata di International Motor Days a Cortina\"}]},{\"@type\":\"WebSite\",\"@id\":\"https:\\\/\\\/www.bellunopress.it\\\/#website\",\"url\":\"https:\\\/\\\/www.bellunopress.it\\\/\",\"name\":\"Bellunopress - Dolomiti\",\"description\":\"e-mail: redazione@bellunopress.it\",\"publisher\":{\"@id\":\"https:\\\/\\\/www.bellunopress.it\\\/#organization\"},\"potentialAction\":[{\"@type\":\"SearchAction\",\"target\":{\"@type\":\"EntryPoint\",\"urlTemplate\":\"https:\\\/\\\/www.bellunopress.it\\\/?s={search_term_string}\"},\"query-input\":{\"@type\":\"PropertyValueSpecification\",\"valueRequired\":true,\"valueName\":\"search_term_string\"}}],\"inLanguage\":\"fr-FR\"},{\"@type\":\"Organization\",\"@id\":\"https:\\\/\\\/www.bellunopress.it\\\/#organization\",\"name\":\"Bellunopress\",\"url\":\"https:\\\/\\\/www.bellunopress.it\\\/\",\"logo\":{\"@type\":\"ImageObject\",\"inLanguage\":\"fr-FR\",\"@id\":\"https:\\\/\\\/www.bellunopress.it\\\/#\\\/schema\\\/logo\\\/image\\\/\",\"url\":\"https:\\\/\\\/www.bellunopress.it\\\/wp-content\\\/uploads\\\/2011\\\/05\\\/cropped-logo-bellunopress-.jpg\",\"contentUrl\":\"https:\\\/\\\/www.bellunopress.it\\\/wp-content\\\/uploads\\\/2011\\\/05\\\/cropped-logo-bellunopress-.jpg\",\"width\":512,\"height\":512,\"caption\":\"Bellunopress\"},\"image\":{\"@id\":\"https:\\\/\\\/www.bellunopress.it\\\/#\\\/schema\\\/logo\\\/image\\\/\"},\"sameAs\":[\"https:\\\/\\\/www.facebook.com\\\/profile.php?id=100008943462799\",\"https:\\\/\\\/x.com\\\/bellunopress\",\"https:\\\/\\\/www.linkedin.com\\\/hp\\\/?dnr=JBzUWaJfMUw8vbXJJ2tVW5-I3jZKvC4wsoxE&amp;amp;amp;amp;amp;amp;trk=nav_responsive_tab_home\",\"https:\\\/\\\/www.youtube.com\\\/channel\\\/UCxL0wu1uN0_3_7hGG0306cw\"]},{\"@type\":\"Person\",\"@id\":\"https:\\\/\\\/www.bellunopress.it\\\/#\\\/schema\\\/person\\\/79bb06722b37ece1c03d3e94beb30d73\",\"name\":\"redazione\",\"image\":{\"@type\":\"ImageObject\",\"inLanguage\":\"fr-FR\",\"@id\":\"https:\\\/\\\/secure.gravatar.com\\\/avatar\\\/37d968a2e67a6fd04c169c4bdef102d0bc5d31b2546345219e348575eb80e9a0?s=96&d=mm&r=g\",\"url\":\"https:\\\/\\\/secure.gravatar.com\\\/avatar\\\/37d968a2e67a6fd04c169c4bdef102d0bc5d31b2546345219e348575eb80e9a0?s=96&d=mm&r=g\",\"contentUrl\":\"https:\\\/\\\/secure.gravatar.com\\\/avatar\\\/37d968a2e67a6fd04c169c4bdef102d0bc5d31b2546345219e348575eb80e9a0?s=96&d=mm&r=g\",\"caption\":\"redazione\"},\"sameAs\":[\"http:\\\/\\\/www.bellunopress.it\",\"https:\\\/\\\/x.com\\\/bellunopress\"],\"url\":\"https:\\\/\\\/www.bellunopress.it\\\/fr\\\/author\\\/redazione\\\/\"}]}<\/script>\n<!-- \/ Yoast SEO plugin. -->","yoast_head_json":{"title":"Seconda giornata di International Motor Days a Cortina - Bellunopress - Dolomiti","robots":{"index":"index","follow":"follow","max-snippet":"max-snippet:-1","max-image-preview":"max-image-preview:large","max-video-preview":"max-video-preview:-1"},"canonical":"https:\/\/www.bellunopress.it\/fr\/2022\/01\/15\/seconda-giornata-di-international-motor-days-a-cortina\/","og_locale":"fr_FR","og_type":"article","og_title":"Seconda giornata di International Motor Days a Cortina - Bellunopress - Dolomiti","og_description":"Rombo di motori in tutta la valle per la seconda giornata di International Motor Days &#8211; Cortina Winter Edition, che si svolge a Cortina D&#8217;Ampezzo fino a domani, domenica 16 gennaio 2022 in collaborazione con il Comune di Cortina. Anche oggi, infatti, i visitatori hanno avuto la possibilit\u00e0 di immergersi nel mood di International Motor [&hellip;]","og_url":"https:\/\/www.bellunopress.it\/fr\/2022\/01\/15\/seconda-giornata-di-international-motor-days-a-cortina\/","og_site_name":"Bellunopress - Dolomiti","article_publisher":"https:\/\/www.facebook.com\/profile.php?id=100008943462799","article_published_time":"2022-01-15T19:39:44+00:00","og_image":[{"width":1000,"height":667,"url":"https:\/\/www.bellunopress.it\/wp-content\/uploads\/2022\/01\/international-motor-days_edited.jpg","type":"image\/jpeg"}],"author":"redazione","twitter_card":"summary_large_image","twitter_creator":"@bellunopress","twitter_site":"@bellunopress","twitter_misc":{"Written by":"redazione","Est. reading time":"6 minutes"},"schema":{"@context":"https:\/\/schema.org","@graph":[{"@type":"Article","@id":"https:\/\/www.bellunopress.it\/2022\/01\/15\/seconda-giornata-di-international-motor-days-a-cortina\/#article","isPartOf":{"@id":"https:\/\/www.bellunopress.it\/2022\/01\/15\/seconda-giornata-di-international-motor-days-a-cortina\/"},"author":{"name":"redazione","@id":"https:\/\/www.bellunopress.it\/#\/schema\/person\/79bb06722b37ece1c03d3e94beb30d73"},"headline":"Seconda giornata di International Motor Days a Cortina","datePublished":"2022-01-15T19:39:44+00:00","mainEntityOfPage":{"@id":"https:\/\/www.bellunopress.it\/2022\/01\/15\/seconda-giornata-di-international-motor-days-a-cortina\/"},"wordCount":1060,"publisher":{"@id":"https:\/\/www.bellunopress.it\/#organization"},"image":{"@id":"https:\/\/www.bellunopress.it\/2022\/01\/15\/seconda-giornata-di-international-motor-days-a-cortina\/#primaryimage"},"thumbnailUrl":"https:\/\/www.bellunopress.it\/wp-content\/uploads\/2022\/01\/international-motor-days_edited.jpg","articleSection":["Prima Pagina","Sport, tempo libero"],"inLanguage":"fr-FR"},{"@type":"WebPage","@id":"https:\/\/www.bellunopress.it\/2022\/01\/15\/seconda-giornata-di-international-motor-days-a-cortina\/","url":"https:\/\/www.bellunopress.it\/2022\/01\/15\/seconda-giornata-di-international-motor-days-a-cortina\/","name":"Seconda giornata di International Motor Days a Cortina - Bellunopress - Dolomiti","isPartOf":{"@id":"https:\/\/www.bellunopress.it\/#website"},"primaryImageOfPage":{"@id":"https:\/\/www.bellunopress.it\/2022\/01\/15\/seconda-giornata-di-international-motor-days-a-cortina\/#primaryimage"},"image":{"@id":"https:\/\/www.bellunopress.it\/2022\/01\/15\/seconda-giornata-di-international-motor-days-a-cortina\/#primaryimage"},"thumbnailUrl":"https:\/\/www.bellunopress.it\/wp-content\/uploads\/2022\/01\/international-motor-days_edited.jpg","datePublished":"2022-01-15T19:39:44+00:00","breadcrumb":{"@id":"https:\/\/www.bellunopress.it\/2022\/01\/15\/seconda-giornata-di-international-motor-days-a-cortina\/#breadcrumb"},"inLanguage":"fr-FR","potentialAction":[{"@type":"ReadAction","target":["https:\/\/www.bellunopress.it\/2022\/01\/15\/seconda-giornata-di-international-motor-days-a-cortina\/"]}]},{"@type":"ImageObject","inLanguage":"fr-FR","@id":"https:\/\/www.bellunopress.it\/2022\/01\/15\/seconda-giornata-di-international-motor-days-a-cortina\/#primaryimage","url":"https:\/\/www.bellunopress.it\/wp-content\/uploads\/2022\/01\/international-motor-days_edited.jpg","contentUrl":"https:\/\/www.bellunopress.it\/wp-content\/uploads\/2022\/01\/international-motor-days_edited.jpg","width":1000,"height":667},{"@type":"BreadcrumbList","@id":"https:\/\/www.bellunopress.it\/2022\/01\/15\/seconda-giornata-di-international-motor-days-a-cortina\/#breadcrumb","itemListElement":[{"@type":"ListItem","position":1,"name":"Home","item":"https:\/\/www.bellunopress.it\/"},{"@type":"ListItem","position":2,"name":"Seconda giornata di International Motor Days a Cortina"}]},{"@type":"WebSite","@id":"https:\/\/www.bellunopress.it\/#website","url":"https:\/\/www.bellunopress.it\/","name":"Bellunopress - Dolomiti","description":"e-mail: redazione@bellunopress.it","publisher":{"@id":"https:\/\/www.bellunopress.it\/#organization"},"potentialAction":[{"@type":"SearchAction","target":{"@type":"EntryPoint","urlTemplate":"https:\/\/www.bellunopress.it\/?s={search_term_string}"},"query-input":{"@type":"PropertyValueSpecification","valueRequired":true,"valueName":"search_term_string"}}],"inLanguage":"fr-FR"},{"@type":"Organization","@id":"https:\/\/www.bellunopress.it\/#organization","name":"Bellunopress","url":"https:\/\/www.bellunopress.it\/","logo":{"@type":"ImageObject","inLanguage":"fr-FR","@id":"https:\/\/www.bellunopress.it\/#\/schema\/logo\/image\/","url":"https:\/\/www.bellunopress.it\/wp-content\/uploads\/2011\/05\/cropped-logo-bellunopress-.jpg","contentUrl":"https:\/\/www.bellunopress.it\/wp-content\/uploads\/2011\/05\/cropped-logo-bellunopress-.jpg","width":512,"height":512,"caption":"Bellunopress"},"image":{"@id":"https:\/\/www.bellunopress.it\/#\/schema\/logo\/image\/"},"sameAs":["https:\/\/www.facebook.com\/profile.php?id=100008943462799","https:\/\/x.com\/bellunopress","https:\/\/www.linkedin.com\/hp\/?dnr=JBzUWaJfMUw8vbXJJ2tVW5-I3jZKvC4wsoxE&amp;amp;amp;amp;amp;amp;trk=nav_responsive_tab_home","https:\/\/www.youtube.com\/channel\/UCxL0wu1uN0_3_7hGG0306cw"]},{"@type":"Person","@id":"https:\/\/www.bellunopress.it\/#\/schema\/person\/79bb06722b37ece1c03d3e94beb30d73","name":"r\u00e9daction","image":{"@type":"ImageObject","inLanguage":"fr-FR","@id":"https:\/\/secure.gravatar.com\/avatar\/37d968a2e67a6fd04c169c4bdef102d0bc5d31b2546345219e348575eb80e9a0?s=96&d=mm&r=g","url":"https:\/\/secure.gravatar.com\/avatar\/37d968a2e67a6fd04c169c4bdef102d0bc5d31b2546345219e348575eb80e9a0?s=96&d=mm&r=g","contentUrl":"https:\/\/secure.gravatar.com\/avatar\/37d968a2e67a6fd04c169c4bdef102d0bc5d31b2546345219e348575eb80e9a0?s=96&d=mm&r=g","caption":"redazione"},"sameAs":["http:\/\/www.bellunopress.it","https:\/\/x.com\/bellunopress"],"url":"https:\/\/www.bellunopress.it\/fr\/author\/redazione\/"}]}},"_links":{"self":[{"href":"https:\/\/www.bellunopress.it\/fr\/wp-json\/wp\/v2\/posts\/130660","targetHints":{"allow":["GET"]}}],"collection":[{"href":"https:\/\/www.bellunopress.it\/fr\/wp-json\/wp\/v2\/posts"}],"about":[{"href":"https:\/\/www.bellunopress.it\/fr\/wp-json\/wp\/v2\/types\/post"}],"author":[{"embeddable":true,"href":"https:\/\/www.bellunopress.it\/fr\/wp-json\/wp\/v2\/users\/2"}],"replies":[{"embeddable":true,"href":"https:\/\/www.bellunopress.it\/fr\/wp-json\/wp\/v2\/comments?post=130660"}],"version-history":[{"count":1,"href":"https:\/\/www.bellunopress.it\/fr\/wp-json\/wp\/v2\/posts\/130660\/revisions"}],"predecessor-version":[{"id":130662,"href":"https:\/\/www.bellunopress.it\/fr\/wp-json\/wp\/v2\/posts\/130660\/revisions\/130662"}],"wp:featuredmedia":[{"embeddable":true,"href":"https:\/\/www.bellunopress.it\/fr\/wp-json\/wp\/v2\/media\/130661"}],"wp:attachment":[{"href":"https:\/\/www.bellunopress.it\/fr\/wp-json\/wp\/v2\/media?parent=130660"}],"wp:term":[{"taxonomy":"category","embeddable":true,"href":"https:\/\/www.bellunopress.it\/fr\/wp-json\/wp\/v2\/categories?post=130660"},{"taxonomy":"post_tag","embeddable":true,"href":"https:\/\/www.bellunopress.it\/fr\/wp-json\/wp\/v2\/tags?post=130660"}],"curies":[{"name":"wp","href":"https:\/\/api.w.org\/{rel}","templated":true}]}}