{"id":130652,"date":"2022-01-15T18:25:15","date_gmt":"2022-01-15T17:25:15","guid":{"rendered":"https:\/\/www.bellunopress.it\/?p=130652"},"modified":"2022-01-15T18:50:44","modified_gmt":"2022-01-15T17:50:44","slug":"no-greenpass-24-belluno-tachipirina-e-vigile-attesa-cadono-dinanzi-al-tar-del-lazio","status":"publish","type":"post","link":"https:\/\/www.bellunopress.it\/fr\/2022\/01\/15\/no-greenpass-24-belluno-tachipirina-e-vigile-attesa-cadono-dinanzi-al-tar-del-lazio\/","title":{"rendered":"No greenpass 24 Belluno. Tachipirina e vigile attesa cadono dinanzi al Tar del Lazio"},"content":{"rendered":"<p><img loading=\"lazy\" decoding=\"async\" class=\"alignleft size-medium wp-image-130653\" src=\"https:\/\/www.bellunopress.it\/wp-content\/uploads\/2022\/01\/no-green-pass-24-belluno_edited-500x375.jpg\" alt=\"\" width=\"500\" height=\"375\" srcset=\"https:\/\/www.bellunopress.it\/wp-content\/uploads\/2022\/01\/no-green-pass-24-belluno_edited-500x375.jpg 500w, https:\/\/www.bellunopress.it\/wp-content\/uploads\/2022\/01\/no-green-pass-24-belluno_edited-696x522.jpg 696w, https:\/\/www.bellunopress.it\/wp-content\/uploads\/2022\/01\/no-green-pass-24-belluno_edited-560x420.jpg 560w, https:\/\/www.bellunopress.it\/wp-content\/uploads\/2022\/01\/no-green-pass-24-belluno_edited-80x60.jpg 80w, https:\/\/www.bellunopress.it\/wp-content\/uploads\/2022\/01\/no-green-pass-24-belluno_edited-265x198.jpg 265w, https:\/\/www.bellunopress.it\/wp-content\/uploads\/2022\/01\/no-green-pass-24-belluno_edited.jpg 1000w\" sizes=\"auto, (max-width: 500px) 100vw, 500px\" \/>Belluno, 15 gennaio 2022 &#8211; Oggi pomeriggio al Parco &#8220;Citt\u00e0 di Bologna&#8221; di Belluno si \u00e8 tenuta la 24ma manifestazione nogreenpass, con una discreta partecipazione di pubblico, circa 250\/300 persone.<\/p>\n<p>Tema centrale degli interventi, la recente sentenza del Tar (Tribunale amministrativo regionale) del Lazio, che ha accolto il ricorso dei medici del Comitato Cura Domiciliare, annullando cos\u00ec le linee guida dell&#8217;Aifa (Agenzia italiana del farmaco) difffuse dal ministro\u00a0 della Salute Speranza. I giudici amministrativi hanno annullato quella parte della circolare ministeriale che prevedeva, in merito alla gestione domiciliare dei pazienti con infezione da Sar Cov 2, una \u201cvigile attesa\u201d e la somministrazione di Fans (antinfiammatori) e Paracetamolo (Tachipirina). Anzich\u00e9 dare delle indicazioni sulle terapie da adottare a domicilio, linfatti, a direttiva prevedeva un lungo elenco di terapie da non adottare, &#8220;un divieto &#8211; secondo i giudici &#8211; che non corrisponde all&#8217;esperienza diretta maturata dai ricorrenti&#8221;, ossia dai medici del Comitato. La circolare ministeriale quindi &#8220;contrasta con la richiesta professionalit\u00e0 del medico e con la sua deontologia professionale imponendo, anzi impedendo, l&#8217;utilizzo di terapie eventualmnente ritenute idonee ed efficaci al contrasto con la malattia Covid-19 come avviene per ogni attivit\u00e0 terapeutica&#8221;. La pronuncia del Tribunale libera quindi i medici, dando loro la possibilit\u00e0 di curare i pazienti nel modo in cui ritengono pi\u00f9 opportuno secondo scienza e coscienza.<\/p>\n<p>E&#8217; stato inoltre richiamato il parere del professor Giuseppe Remuzzi, direttore dell\u2019Istituto di ricerche farmacologiche Mario Negri, secondo cui l\u2019impiego di antinfiammatori non steroidei come l&#8217;aspirina se utilizzato ai primi sintomi della malattia riduce del 90% l\u2019evoluzione verso le forme gravi e l\u2019ospedalizzazione. Mentre la somministrazione di paracetamolo, principio attivo della tachipirina, potrebbe risultare controproducente nella cura della malattia covid.<\/p>\n<p>Si \u00e8 parlato infine della via giudiziaria, secondo le indicazioni dell&#8217;<a href=\"https:\/\/www.studiolegalemarcomori.it\/la-via-giudiziaria-tentiamo-fermare-delirio-vaccinale\/\">avvocato Marco Mori<\/a> per opporsi all&#8217;obbligo vaccinale. <a href=\"https:\/\/www.ilpost.it\/2022\/01\/09\/obbligo-vacccinale-europa\/\">Qui\u00a0<\/a>la normativa negli altri stati europei.<\/p>\n<p>&nbsp;<\/p>","protected":false},"excerpt":{"rendered":"<p>Belluno, 15 gennaio 2022 &#8211; Oggi pomeriggio al Parco &#8220;Citt\u00e0 di Bologna&#8221; di Belluno si \u00e8 tenuta la 24ma manifestazione nogreenpass, con una discreta partecipazione di pubblico, circa 250\/300 persone. Tema centrale degli interventi, la recente sentenza del Tar (Tribunale amministrativo regionale) del Lazio, che ha accolto il ricorso dei medici del Comitato Cura Domiciliare, [&hellip;]<\/p>\n","protected":false},"author":2,"featured_media":130653,"comment_status":"closed","ping_status":"open","sticky":false,"template":"","format":"standard","meta":{"footnotes":""},"categories":[3368,3446,26],"tags":[],"class_list":["post-130652","post","type-post","status-publish","format-standard","has-post-thumbnail","category-cahiers-de-doleances","category-featured","category-prima-pagina"],"yoast_head":"<!-- This site is optimized with the Yoast SEO plugin v28.4 - https:\/\/yoast.com\/product\/yoast-seo-wordpress\/ -->\n<title>No greenpass 24 Belluno. Tachipirina e vigile attesa cadono dinanzi al Tar del Lazio - Bellunopress - Dolomiti<\/title>\n<meta name=\"robots\" content=\"index, follow, max-snippet:-1, max-image-preview:large, max-video-preview:-1\" \/>\n<link rel=\"canonical\" href=\"https:\/\/www.bellunopress.it\/fr\/2022\/01\/15\/no-greenpass-24-belluno-tachipirina-e-vigile-attesa-cadono-dinanzi-al-tar-del-lazio\/\" \/>\n<meta property=\"og:locale\" content=\"fr_FR\" \/>\n<meta property=\"og:type\" content=\"article\" \/>\n<meta property=\"og:title\" content=\"No greenpass 24 Belluno. Tachipirina e vigile attesa cadono dinanzi al Tar del Lazio - Bellunopress - Dolomiti\" \/>\n<meta property=\"og:description\" content=\"Belluno, 15 gennaio 2022 &#8211; Oggi pomeriggio al Parco &#8220;Citt\u00e0 di Bologna&#8221; di Belluno si \u00e8 tenuta la 24ma manifestazione nogreenpass, con una discreta partecipazione di pubblico, circa 250\/300 persone. Tema centrale degli interventi, la recente sentenza del Tar (Tribunale amministrativo regionale) del Lazio, che ha accolto il ricorso dei medici del Comitato Cura Domiciliare, [&hellip;]\" \/>\n<meta property=\"og:url\" content=\"https:\/\/www.bellunopress.it\/fr\/2022\/01\/15\/no-greenpass-24-belluno-tachipirina-e-vigile-attesa-cadono-dinanzi-al-tar-del-lazio\/\" \/>\n<meta property=\"og:site_name\" content=\"Bellunopress - Dolomiti\" \/>\n<meta property=\"article:publisher\" content=\"https:\/\/www.facebook.com\/profile.php?id=100008943462799\" \/>\n<meta property=\"article:published_time\" content=\"2022-01-15T17:25:15+00:00\" \/>\n<meta property=\"article:modified_time\" content=\"2022-01-15T17:50:44+00:00\" \/>\n<meta property=\"og:image\" content=\"https:\/\/www.bellunopress.it\/wp-content\/uploads\/2022\/01\/no-green-pass-24-belluno_edited.jpg\" \/>\n\t<meta property=\"og:image:width\" content=\"1000\" \/>\n\t<meta property=\"og:image:height\" content=\"750\" \/>\n\t<meta property=\"og:image:type\" content=\"image\/jpeg\" \/>\n<meta name=\"author\" content=\"redazione\" \/>\n<meta name=\"twitter:card\" content=\"summary_large_image\" \/>\n<meta name=\"twitter:creator\" content=\"@bellunopress\" \/>\n<meta name=\"twitter:site\" content=\"@bellunopress\" \/>\n<meta name=\"twitter:label1\" content=\"Written by\" \/>\n\t<meta name=\"twitter:data1\" content=\"redazione\" \/>\n\t<meta name=\"twitter:label2\" content=\"Est. reading time\" \/>\n\t<meta name=\"twitter:data2\" content=\"2 minutes\" \/>\n<script type=\"application\/ld+json\" class=\"yoast-schema-graph\">{\"@context\":\"https:\\\/\\\/schema.org\",\"@graph\":[{\"@type\":\"Article\",\"@id\":\"https:\\\/\\\/www.bellunopress.it\\\/2022\\\/01\\\/15\\\/no-greenpass-24-belluno-tachipirina-e-vigile-attesa-cadono-dinanzi-al-tar-del-lazio\\\/#article\",\"isPartOf\":{\"@id\":\"https:\\\/\\\/www.bellunopress.it\\\/2022\\\/01\\\/15\\\/no-greenpass-24-belluno-tachipirina-e-vigile-attesa-cadono-dinanzi-al-tar-del-lazio\\\/\"},\"author\":{\"name\":\"redazione\",\"@id\":\"https:\\\/\\\/www.bellunopress.it\\\/#\\\/schema\\\/person\\\/79bb06722b37ece1c03d3e94beb30d73\"},\"headline\":\"No greenpass 24 Belluno. Tachipirina e vigile attesa cadono dinanzi al Tar del Lazio\",\"datePublished\":\"2022-01-15T17:25:15+00:00\",\"dateModified\":\"2022-01-15T17:50:44+00:00\",\"mainEntityOfPage\":{\"@id\":\"https:\\\/\\\/www.bellunopress.it\\\/2022\\\/01\\\/15\\\/no-greenpass-24-belluno-tachipirina-e-vigile-attesa-cadono-dinanzi-al-tar-del-lazio\\\/\"},\"wordCount\":318,\"publisher\":{\"@id\":\"https:\\\/\\\/www.bellunopress.it\\\/#organization\"},\"image\":{\"@id\":\"https:\\\/\\\/www.bellunopress.it\\\/2022\\\/01\\\/15\\\/no-greenpass-24-belluno-tachipirina-e-vigile-attesa-cadono-dinanzi-al-tar-del-lazio\\\/#primaryimage\"},\"thumbnailUrl\":\"https:\\\/\\\/www.bellunopress.it\\\/wp-content\\\/uploads\\\/2022\\\/01\\\/no-green-pass-24-belluno_edited.jpg\",\"articleSection\":[\"Cahiers de dol\u00e9ances\",\"Featured\",\"Prima Pagina\"],\"inLanguage\":\"fr-FR\"},{\"@type\":\"WebPage\",\"@id\":\"https:\\\/\\\/www.bellunopress.it\\\/2022\\\/01\\\/15\\\/no-greenpass-24-belluno-tachipirina-e-vigile-attesa-cadono-dinanzi-al-tar-del-lazio\\\/\",\"url\":\"https:\\\/\\\/www.bellunopress.it\\\/2022\\\/01\\\/15\\\/no-greenpass-24-belluno-tachipirina-e-vigile-attesa-cadono-dinanzi-al-tar-del-lazio\\\/\",\"name\":\"No greenpass 24 Belluno. Tachipirina e vigile attesa cadono dinanzi al Tar del Lazio - Bellunopress - Dolomiti\",\"isPartOf\":{\"@id\":\"https:\\\/\\\/www.bellunopress.it\\\/#website\"},\"primaryImageOfPage\":{\"@id\":\"https:\\\/\\\/www.bellunopress.it\\\/2022\\\/01\\\/15\\\/no-greenpass-24-belluno-tachipirina-e-vigile-attesa-cadono-dinanzi-al-tar-del-lazio\\\/#primaryimage\"},\"image\":{\"@id\":\"https:\\\/\\\/www.bellunopress.it\\\/2022\\\/01\\\/15\\\/no-greenpass-24-belluno-tachipirina-e-vigile-attesa-cadono-dinanzi-al-tar-del-lazio\\\/#primaryimage\"},\"thumbnailUrl\":\"https:\\\/\\\/www.bellunopress.it\\\/wp-content\\\/uploads\\\/2022\\\/01\\\/no-green-pass-24-belluno_edited.jpg\",\"datePublished\":\"2022-01-15T17:25:15+00:00\",\"dateModified\":\"2022-01-15T17:50:44+00:00\",\"breadcrumb\":{\"@id\":\"https:\\\/\\\/www.bellunopress.it\\\/2022\\\/01\\\/15\\\/no-greenpass-24-belluno-tachipirina-e-vigile-attesa-cadono-dinanzi-al-tar-del-lazio\\\/#breadcrumb\"},\"inLanguage\":\"fr-FR\",\"potentialAction\":[{\"@type\":\"ReadAction\",\"target\":[\"https:\\\/\\\/www.bellunopress.it\\\/2022\\\/01\\\/15\\\/no-greenpass-24-belluno-tachipirina-e-vigile-attesa-cadono-dinanzi-al-tar-del-lazio\\\/\"]}]},{\"@type\":\"ImageObject\",\"inLanguage\":\"fr-FR\",\"@id\":\"https:\\\/\\\/www.bellunopress.it\\\/2022\\\/01\\\/15\\\/no-greenpass-24-belluno-tachipirina-e-vigile-attesa-cadono-dinanzi-al-tar-del-lazio\\\/#primaryimage\",\"url\":\"https:\\\/\\\/www.bellunopress.it\\\/wp-content\\\/uploads\\\/2022\\\/01\\\/no-green-pass-24-belluno_edited.jpg\",\"contentUrl\":\"https:\\\/\\\/www.bellunopress.it\\\/wp-content\\\/uploads\\\/2022\\\/01\\\/no-green-pass-24-belluno_edited.jpg\",\"width\":1000,\"height\":750},{\"@type\":\"BreadcrumbList\",\"@id\":\"https:\\\/\\\/www.bellunopress.it\\\/2022\\\/01\\\/15\\\/no-greenpass-24-belluno-tachipirina-e-vigile-attesa-cadono-dinanzi-al-tar-del-lazio\\\/#breadcrumb\",\"itemListElement\":[{\"@type\":\"ListItem\",\"position\":1,\"name\":\"Home\",\"item\":\"https:\\\/\\\/www.bellunopress.it\\\/\"},{\"@type\":\"ListItem\",\"position\":2,\"name\":\"No greenpass 24 Belluno. Tachipirina e vigile attesa cadono dinanzi al Tar del Lazio\"}]},{\"@type\":\"WebSite\",\"@id\":\"https:\\\/\\\/www.bellunopress.it\\\/#website\",\"url\":\"https:\\\/\\\/www.bellunopress.it\\\/\",\"name\":\"Bellunopress - Dolomiti\",\"description\":\"e-mail: redazione@bellunopress.it\",\"publisher\":{\"@id\":\"https:\\\/\\\/www.bellunopress.it\\\/#organization\"},\"potentialAction\":[{\"@type\":\"SearchAction\",\"target\":{\"@type\":\"EntryPoint\",\"urlTemplate\":\"https:\\\/\\\/www.bellunopress.it\\\/?s={search_term_string}\"},\"query-input\":{\"@type\":\"PropertyValueSpecification\",\"valueRequired\":true,\"valueName\":\"search_term_string\"}}],\"inLanguage\":\"fr-FR\"},{\"@type\":\"Organization\",\"@id\":\"https:\\\/\\\/www.bellunopress.it\\\/#organization\",\"name\":\"Bellunopress\",\"url\":\"https:\\\/\\\/www.bellunopress.it\\\/\",\"logo\":{\"@type\":\"ImageObject\",\"inLanguage\":\"fr-FR\",\"@id\":\"https:\\\/\\\/www.bellunopress.it\\\/#\\\/schema\\\/logo\\\/image\\\/\",\"url\":\"https:\\\/\\\/www.bellunopress.it\\\/wp-content\\\/uploads\\\/2011\\\/05\\\/cropped-logo-bellunopress-.jpg\",\"contentUrl\":\"https:\\\/\\\/www.bellunopress.it\\\/wp-content\\\/uploads\\\/2011\\\/05\\\/cropped-logo-bellunopress-.jpg\",\"width\":512,\"height\":512,\"caption\":\"Bellunopress\"},\"image\":{\"@id\":\"https:\\\/\\\/www.bellunopress.it\\\/#\\\/schema\\\/logo\\\/image\\\/\"},\"sameAs\":[\"https:\\\/\\\/www.facebook.com\\\/profile.php?id=100008943462799\",\"https:\\\/\\\/x.com\\\/bellunopress\",\"https:\\\/\\\/www.linkedin.com\\\/hp\\\/?dnr=JBzUWaJfMUw8vbXJJ2tVW5-I3jZKvC4wsoxE&amp;amp;amp;amp;amp;amp;trk=nav_responsive_tab_home\",\"https:\\\/\\\/www.youtube.com\\\/channel\\\/UCxL0wu1uN0_3_7hGG0306cw\"]},{\"@type\":\"Person\",\"@id\":\"https:\\\/\\\/www.bellunopress.it\\\/#\\\/schema\\\/person\\\/79bb06722b37ece1c03d3e94beb30d73\",\"name\":\"redazione\",\"image\":{\"@type\":\"ImageObject\",\"inLanguage\":\"fr-FR\",\"@id\":\"https:\\\/\\\/secure.gravatar.com\\\/avatar\\\/37d968a2e67a6fd04c169c4bdef102d0bc5d31b2546345219e348575eb80e9a0?s=96&d=mm&r=g\",\"url\":\"https:\\\/\\\/secure.gravatar.com\\\/avatar\\\/37d968a2e67a6fd04c169c4bdef102d0bc5d31b2546345219e348575eb80e9a0?s=96&d=mm&r=g\",\"contentUrl\":\"https:\\\/\\\/secure.gravatar.com\\\/avatar\\\/37d968a2e67a6fd04c169c4bdef102d0bc5d31b2546345219e348575eb80e9a0?s=96&d=mm&r=g\",\"caption\":\"redazione\"},\"sameAs\":[\"http:\\\/\\\/www.bellunopress.it\",\"https:\\\/\\\/x.com\\\/bellunopress\"],\"url\":\"https:\\\/\\\/www.bellunopress.it\\\/fr\\\/author\\\/redazione\\\/\"}]}<\/script>\n<!-- \/ Yoast SEO plugin. -->","yoast_head_json":{"title":"No greenpass 24 Belluno. Tachipirina e vigile attesa cadono dinanzi al Tar del Lazio - Bellunopress - Dolomiti","robots":{"index":"index","follow":"follow","max-snippet":"max-snippet:-1","max-image-preview":"max-image-preview:large","max-video-preview":"max-video-preview:-1"},"canonical":"https:\/\/www.bellunopress.it\/fr\/2022\/01\/15\/no-greenpass-24-belluno-tachipirina-e-vigile-attesa-cadono-dinanzi-al-tar-del-lazio\/","og_locale":"fr_FR","og_type":"article","og_title":"No greenpass 24 Belluno. Tachipirina e vigile attesa cadono dinanzi al Tar del Lazio - Bellunopress - Dolomiti","og_description":"Belluno, 15 gennaio 2022 &#8211; Oggi pomeriggio al Parco &#8220;Citt\u00e0 di Bologna&#8221; di Belluno si \u00e8 tenuta la 24ma manifestazione nogreenpass, con una discreta partecipazione di pubblico, circa 250\/300 persone. Tema centrale degli interventi, la recente sentenza del Tar (Tribunale amministrativo regionale) del Lazio, che ha accolto il ricorso dei medici del Comitato Cura Domiciliare, [&hellip;]","og_url":"https:\/\/www.bellunopress.it\/fr\/2022\/01\/15\/no-greenpass-24-belluno-tachipirina-e-vigile-attesa-cadono-dinanzi-al-tar-del-lazio\/","og_site_name":"Bellunopress - Dolomiti","article_publisher":"https:\/\/www.facebook.com\/profile.php?id=100008943462799","article_published_time":"2022-01-15T17:25:15+00:00","article_modified_time":"2022-01-15T17:50:44+00:00","og_image":[{"width":1000,"height":750,"url":"https:\/\/www.bellunopress.it\/wp-content\/uploads\/2022\/01\/no-green-pass-24-belluno_edited.jpg","type":"image\/jpeg"}],"author":"redazione","twitter_card":"summary_large_image","twitter_creator":"@bellunopress","twitter_site":"@bellunopress","twitter_misc":{"Written by":"redazione","Est. reading time":"2 minutes"},"schema":{"@context":"https:\/\/schema.org","@graph":[{"@type":"Article","@id":"https:\/\/www.bellunopress.it\/2022\/01\/15\/no-greenpass-24-belluno-tachipirina-e-vigile-attesa-cadono-dinanzi-al-tar-del-lazio\/#article","isPartOf":{"@id":"https:\/\/www.bellunopress.it\/2022\/01\/15\/no-greenpass-24-belluno-tachipirina-e-vigile-attesa-cadono-dinanzi-al-tar-del-lazio\/"},"author":{"name":"redazione","@id":"https:\/\/www.bellunopress.it\/#\/schema\/person\/79bb06722b37ece1c03d3e94beb30d73"},"headline":"No greenpass 24 Belluno. Tachipirina e vigile attesa cadono dinanzi al Tar del Lazio","datePublished":"2022-01-15T17:25:15+00:00","dateModified":"2022-01-15T17:50:44+00:00","mainEntityOfPage":{"@id":"https:\/\/www.bellunopress.it\/2022\/01\/15\/no-greenpass-24-belluno-tachipirina-e-vigile-attesa-cadono-dinanzi-al-tar-del-lazio\/"},"wordCount":318,"publisher":{"@id":"https:\/\/www.bellunopress.it\/#organization"},"image":{"@id":"https:\/\/www.bellunopress.it\/2022\/01\/15\/no-greenpass-24-belluno-tachipirina-e-vigile-attesa-cadono-dinanzi-al-tar-del-lazio\/#primaryimage"},"thumbnailUrl":"https:\/\/www.bellunopress.it\/wp-content\/uploads\/2022\/01\/no-green-pass-24-belluno_edited.jpg","articleSection":["Cahiers de dol\u00e9ances","Featured","Prima Pagina"],"inLanguage":"fr-FR"},{"@type":"WebPage","@id":"https:\/\/www.bellunopress.it\/2022\/01\/15\/no-greenpass-24-belluno-tachipirina-e-vigile-attesa-cadono-dinanzi-al-tar-del-lazio\/","url":"https:\/\/www.bellunopress.it\/2022\/01\/15\/no-greenpass-24-belluno-tachipirina-e-vigile-attesa-cadono-dinanzi-al-tar-del-lazio\/","name":"No greenpass 24 Belluno. Tachipirina e vigile attesa cadono dinanzi al Tar del Lazio - Bellunopress - Dolomiti","isPartOf":{"@id":"https:\/\/www.bellunopress.it\/#website"},"primaryImageOfPage":{"@id":"https:\/\/www.bellunopress.it\/2022\/01\/15\/no-greenpass-24-belluno-tachipirina-e-vigile-attesa-cadono-dinanzi-al-tar-del-lazio\/#primaryimage"},"image":{"@id":"https:\/\/www.bellunopress.it\/2022\/01\/15\/no-greenpass-24-belluno-tachipirina-e-vigile-attesa-cadono-dinanzi-al-tar-del-lazio\/#primaryimage"},"thumbnailUrl":"https:\/\/www.bellunopress.it\/wp-content\/uploads\/2022\/01\/no-green-pass-24-belluno_edited.jpg","datePublished":"2022-01-15T17:25:15+00:00","dateModified":"2022-01-15T17:50:44+00:00","breadcrumb":{"@id":"https:\/\/www.bellunopress.it\/2022\/01\/15\/no-greenpass-24-belluno-tachipirina-e-vigile-attesa-cadono-dinanzi-al-tar-del-lazio\/#breadcrumb"},"inLanguage":"fr-FR","potentialAction":[{"@type":"ReadAction","target":["https:\/\/www.bellunopress.it\/2022\/01\/15\/no-greenpass-24-belluno-tachipirina-e-vigile-attesa-cadono-dinanzi-al-tar-del-lazio\/"]}]},{"@type":"ImageObject","inLanguage":"fr-FR","@id":"https:\/\/www.bellunopress.it\/2022\/01\/15\/no-greenpass-24-belluno-tachipirina-e-vigile-attesa-cadono-dinanzi-al-tar-del-lazio\/#primaryimage","url":"https:\/\/www.bellunopress.it\/wp-content\/uploads\/2022\/01\/no-green-pass-24-belluno_edited.jpg","contentUrl":"https:\/\/www.bellunopress.it\/wp-content\/uploads\/2022\/01\/no-green-pass-24-belluno_edited.jpg","width":1000,"height":750},{"@type":"BreadcrumbList","@id":"https:\/\/www.bellunopress.it\/2022\/01\/15\/no-greenpass-24-belluno-tachipirina-e-vigile-attesa-cadono-dinanzi-al-tar-del-lazio\/#breadcrumb","itemListElement":[{"@type":"ListItem","position":1,"name":"Home","item":"https:\/\/www.bellunopress.it\/"},{"@type":"ListItem","position":2,"name":"No greenpass 24 Belluno. Tachipirina e vigile attesa cadono dinanzi al Tar del Lazio"}]},{"@type":"WebSite","@id":"https:\/\/www.bellunopress.it\/#website","url":"https:\/\/www.bellunopress.it\/","name":"Bellunopress - Dolomiti","description":"e-mail: redazione@bellunopress.it","publisher":{"@id":"https:\/\/www.bellunopress.it\/#organization"},"potentialAction":[{"@type":"SearchAction","target":{"@type":"EntryPoint","urlTemplate":"https:\/\/www.bellunopress.it\/?s={search_term_string}"},"query-input":{"@type":"PropertyValueSpecification","valueRequired":true,"valueName":"search_term_string"}}],"inLanguage":"fr-FR"},{"@type":"Organization","@id":"https:\/\/www.bellunopress.it\/#organization","name":"Bellunopress","url":"https:\/\/www.bellunopress.it\/","logo":{"@type":"ImageObject","inLanguage":"fr-FR","@id":"https:\/\/www.bellunopress.it\/#\/schema\/logo\/image\/","url":"https:\/\/www.bellunopress.it\/wp-content\/uploads\/2011\/05\/cropped-logo-bellunopress-.jpg","contentUrl":"https:\/\/www.bellunopress.it\/wp-content\/uploads\/2011\/05\/cropped-logo-bellunopress-.jpg","width":512,"height":512,"caption":"Bellunopress"},"image":{"@id":"https:\/\/www.bellunopress.it\/#\/schema\/logo\/image\/"},"sameAs":["https:\/\/www.facebook.com\/profile.php?id=100008943462799","https:\/\/x.com\/bellunopress","https:\/\/www.linkedin.com\/hp\/?dnr=JBzUWaJfMUw8vbXJJ2tVW5-I3jZKvC4wsoxE&amp;amp;amp;amp;amp;amp;trk=nav_responsive_tab_home","https:\/\/www.youtube.com\/channel\/UCxL0wu1uN0_3_7hGG0306cw"]},{"@type":"Person","@id":"https:\/\/www.bellunopress.it\/#\/schema\/person\/79bb06722b37ece1c03d3e94beb30d73","name":"r\u00e9daction","image":{"@type":"ImageObject","inLanguage":"fr-FR","@id":"https:\/\/secure.gravatar.com\/avatar\/37d968a2e67a6fd04c169c4bdef102d0bc5d31b2546345219e348575eb80e9a0?s=96&d=mm&r=g","url":"https:\/\/secure.gravatar.com\/avatar\/37d968a2e67a6fd04c169c4bdef102d0bc5d31b2546345219e348575eb80e9a0?s=96&d=mm&r=g","contentUrl":"https:\/\/secure.gravatar.com\/avatar\/37d968a2e67a6fd04c169c4bdef102d0bc5d31b2546345219e348575eb80e9a0?s=96&d=mm&r=g","caption":"redazione"},"sameAs":["http:\/\/www.bellunopress.it","https:\/\/x.com\/bellunopress"],"url":"https:\/\/www.bellunopress.it\/fr\/author\/redazione\/"}]}},"_links":{"self":[{"href":"https:\/\/www.bellunopress.it\/fr\/wp-json\/wp\/v2\/posts\/130652","targetHints":{"allow":["GET"]}}],"collection":[{"href":"https:\/\/www.bellunopress.it\/fr\/wp-json\/wp\/v2\/posts"}],"about":[{"href":"https:\/\/www.bellunopress.it\/fr\/wp-json\/wp\/v2\/types\/post"}],"author":[{"embeddable":true,"href":"https:\/\/www.bellunopress.it\/fr\/wp-json\/wp\/v2\/users\/2"}],"replies":[{"embeddable":true,"href":"https:\/\/www.bellunopress.it\/fr\/wp-json\/wp\/v2\/comments?post=130652"}],"version-history":[{"count":3,"href":"https:\/\/www.bellunopress.it\/fr\/wp-json\/wp\/v2\/posts\/130652\/revisions"}],"predecessor-version":[{"id":130659,"href":"https:\/\/www.bellunopress.it\/fr\/wp-json\/wp\/v2\/posts\/130652\/revisions\/130659"}],"wp:featuredmedia":[{"embeddable":true,"href":"https:\/\/www.bellunopress.it\/fr\/wp-json\/wp\/v2\/media\/130653"}],"wp:attachment":[{"href":"https:\/\/www.bellunopress.it\/fr\/wp-json\/wp\/v2\/media?parent=130652"}],"wp:term":[{"taxonomy":"category","embeddable":true,"href":"https:\/\/www.bellunopress.it\/fr\/wp-json\/wp\/v2\/categories?post=130652"},{"taxonomy":"post_tag","embeddable":true,"href":"https:\/\/www.bellunopress.it\/fr\/wp-json\/wp\/v2\/tags?post=130652"}],"curies":[{"name":"wp","href":"https:\/\/api.w.org\/{rel}","templated":true}]}}