{"id":130649,"date":"2022-01-15T14:53:30","date_gmt":"2022-01-15T13:53:30","guid":{"rendered":"https:\/\/www.bellunopress.it\/?p=130649"},"modified":"2022-01-16T11:49:17","modified_gmt":"2022-01-16T10:49:17","slug":"la-segreteria-del-pd-di-belluno-ufficializza-lincontro-con-giuseppe-vignato-candidato-sindaco","status":"publish","type":"post","link":"https:\/\/www.bellunopress.it\/fr\/2022\/01\/15\/la-segreteria-del-pd-di-belluno-ufficializza-lincontro-con-giuseppe-vignato-candidato-sindaco\/","title":{"rendered":"La segreteria del Pd di Belluno ufficializza l&#8217;incontro con Giuseppe Vignato"},"content":{"rendered":"<p><img loading=\"lazy\" decoding=\"async\" class=\"alignleft size-medium wp-image-130650\" src=\"https:\/\/www.bellunopress.it\/wp-content\/uploads\/2022\/01\/Giuseppe-Vignato-1-500x236.jpg\" alt=\"\" width=\"500\" height=\"236\" srcset=\"https:\/\/www.bellunopress.it\/wp-content\/uploads\/2022\/01\/Giuseppe-Vignato-1-500x236.jpg 500w, https:\/\/www.bellunopress.it\/wp-content\/uploads\/2022\/01\/Giuseppe-Vignato-1.jpg 553w\" sizes=\"auto, (max-width: 500px) 100vw, 500px\" \/>Giuseppe Vignato, gi\u00e0 amministratore unico di Bim-Gsp, artefice della ristrutturazione del debito pregresso (sceso da 87 a 32 milioni) della societ\u00e0 pubblica dei comuni che gestisce il servizio idrico della provincia, laurea in economia e commercio all&#8217;Universit\u00e0 di Padova, ex ufficiale degli Alpini, gi\u00e0 assessore al Bilancio dal 1993 al 2001 al Comune di Belluno, un passato di manager lungo 45 anni in varie aziende che l&#8217;hanno portato in 60 Stati diversi. Luxottica spa, Save Aeroporto di Venezia, Danieli spa di Udine, Gatto Astucci spa di Domegge, Artenius Italia spa di Udine.<\/p>\n<p>L&#8217;incontro con Vignato, \u00e8 stato ufficializzato ieri sera durante la riunione dell&#8217;Unione Comunale del Partito Democratico di Belluno.<\/p>\n<p>Il segretario cittadino, Roberto De Moliner, ha descritto all\u2019assemblea (aperta a tutti gli iscritti) i passaggi politici che hanno distinto gli ultimi mesi, sottolineando il clima positivo, costruttivo e gli intenti comuni che si sono riscontrati nel dialogo con le attuale forze della maggioranza. Primaria, nella relazione di De Moliner, l\u2019idea e la necessit\u00e0 di unit\u00e0 del centrosinistra. L\u2019Assemblea, all\u2019unanimit\u00e0, ha espresso supporto alla relazione del segretario, confermando la centralit\u00e0 del tavolo del centro sinistra quale luogo di confronto e discussione per le scelte programmatiche come per la scelta del candidato sindaco.<br \/>\nIn tale ottica ha deciso di iniziare un confronto tematico che permetta di unificare e allargare il campo del centrosinistra: in questo senso, nelle prossime settimane, una delegazione del Pd avr\u00e0 un confronto tematico con Giuseppe Vignato per confrontarsi su progetti e visioni comuni per la citt\u00e0.<\/p>\n<p>&nbsp;<\/p>","protected":false},"excerpt":{"rendered":"<p>Giuseppe Vignato, gi\u00e0 amministratore unico di Bim-Gsp, artefice della ristrutturazione del debito pregresso (sceso da 87 a 32 milioni) della societ\u00e0 pubblica dei comuni che gestisce il servizio idrico della provincia, laurea in economia e commercio all&#8217;Universit\u00e0 di Padova, ex ufficiale degli Alpini, gi\u00e0 assessore al Bilancio dal 1993 al 2001 al Comune di Belluno, [&hellip;]<\/p>\n","protected":false},"author":2,"featured_media":130650,"comment_status":"closed","ping_status":"open","sticky":false,"template":"","format":"standard","meta":{"footnotes":""},"categories":[5,26],"tags":[],"class_list":["post-130649","post","type-post","status-publish","format-standard","has-post-thumbnail","category-cronaca","category-prima-pagina"],"yoast_head":"<!-- This site is optimized with the Yoast SEO plugin v28.4 - https:\/\/yoast.com\/product\/yoast-seo-wordpress\/ -->\n<title>La segreteria del Pd di Belluno ufficializza l&#039;incontro con Giuseppe Vignato - Bellunopress - Dolomiti<\/title>\n<meta name=\"robots\" content=\"index, follow, max-snippet:-1, max-image-preview:large, max-video-preview:-1\" \/>\n<link rel=\"canonical\" href=\"https:\/\/www.bellunopress.it\/fr\/2022\/01\/15\/la-segreteria-del-pd-di-belluno-ufficializza-lincontro-con-giuseppe-vignato-candidato-sindaco\/\" \/>\n<meta property=\"og:locale\" content=\"fr_FR\" \/>\n<meta property=\"og:type\" content=\"article\" \/>\n<meta property=\"og:title\" content=\"La segreteria del Pd di Belluno ufficializza l&#039;incontro con Giuseppe Vignato - Bellunopress - Dolomiti\" \/>\n<meta property=\"og:description\" content=\"Giuseppe Vignato, gi\u00e0 amministratore unico di Bim-Gsp, artefice della ristrutturazione del debito pregresso (sceso da 87 a 32 milioni) della societ\u00e0 pubblica dei comuni che gestisce il servizio idrico della provincia, laurea in economia e commercio all&#8217;Universit\u00e0 di Padova, ex ufficiale degli Alpini, gi\u00e0 assessore al Bilancio dal 1993 al 2001 al Comune di Belluno, [&hellip;]\" \/>\n<meta property=\"og:url\" content=\"https:\/\/www.bellunopress.it\/fr\/2022\/01\/15\/la-segreteria-del-pd-di-belluno-ufficializza-lincontro-con-giuseppe-vignato-candidato-sindaco\/\" \/>\n<meta property=\"og:site_name\" content=\"Bellunopress - Dolomiti\" \/>\n<meta property=\"article:publisher\" content=\"https:\/\/www.facebook.com\/profile.php?id=100008943462799\" \/>\n<meta property=\"article:published_time\" content=\"2022-01-15T13:53:30+00:00\" \/>\n<meta property=\"article:modified_time\" content=\"2022-01-16T10:49:17+00:00\" \/>\n<meta property=\"og:image\" content=\"https:\/\/www.bellunopress.it\/wp-content\/uploads\/2022\/01\/Giuseppe-Vignato-1.jpg\" \/>\n\t<meta property=\"og:image:width\" content=\"553\" \/>\n\t<meta property=\"og:image:height\" content=\"261\" \/>\n\t<meta property=\"og:image:type\" content=\"image\/jpeg\" \/>\n<meta name=\"author\" content=\"redazione\" \/>\n<meta name=\"twitter:card\" content=\"summary_large_image\" \/>\n<meta name=\"twitter:creator\" content=\"@bellunopress\" \/>\n<meta name=\"twitter:site\" content=\"@bellunopress\" \/>\n<meta name=\"twitter:label1\" content=\"Written by\" \/>\n\t<meta name=\"twitter:data1\" content=\"redazione\" \/>\n\t<meta name=\"twitter:label2\" content=\"Est. reading time\" \/>\n\t<meta name=\"twitter:data2\" content=\"2 minutes\" \/>\n<script type=\"application\/ld+json\" class=\"yoast-schema-graph\">{\"@context\":\"https:\\\/\\\/schema.org\",\"@graph\":[{\"@type\":\"Article\",\"@id\":\"https:\\\/\\\/www.bellunopress.it\\\/2022\\\/01\\\/15\\\/la-segreteria-del-pd-di-belluno-ufficializza-lincontro-con-giuseppe-vignato-candidato-sindaco\\\/#article\",\"isPartOf\":{\"@id\":\"https:\\\/\\\/www.bellunopress.it\\\/2022\\\/01\\\/15\\\/la-segreteria-del-pd-di-belluno-ufficializza-lincontro-con-giuseppe-vignato-candidato-sindaco\\\/\"},\"author\":{\"name\":\"redazione\",\"@id\":\"https:\\\/\\\/www.bellunopress.it\\\/#\\\/schema\\\/person\\\/79bb06722b37ece1c03d3e94beb30d73\"},\"headline\":\"La segreteria del Pd di Belluno ufficializza l&#8217;incontro con Giuseppe Vignato\",\"datePublished\":\"2022-01-15T13:53:30+00:00\",\"dateModified\":\"2022-01-16T10:49:17+00:00\",\"mainEntityOfPage\":{\"@id\":\"https:\\\/\\\/www.bellunopress.it\\\/2022\\\/01\\\/15\\\/la-segreteria-del-pd-di-belluno-ufficializza-lincontro-con-giuseppe-vignato-candidato-sindaco\\\/\"},\"wordCount\":263,\"publisher\":{\"@id\":\"https:\\\/\\\/www.bellunopress.it\\\/#organization\"},\"image\":{\"@id\":\"https:\\\/\\\/www.bellunopress.it\\\/2022\\\/01\\\/15\\\/la-segreteria-del-pd-di-belluno-ufficializza-lincontro-con-giuseppe-vignato-candidato-sindaco\\\/#primaryimage\"},\"thumbnailUrl\":\"https:\\\/\\\/www.bellunopress.it\\\/wp-content\\\/uploads\\\/2022\\\/01\\\/Giuseppe-Vignato-1.jpg\",\"articleSection\":[\"Cronaca\\\/Politica\",\"Prima Pagina\"],\"inLanguage\":\"fr-FR\"},{\"@type\":\"WebPage\",\"@id\":\"https:\\\/\\\/www.bellunopress.it\\\/2022\\\/01\\\/15\\\/la-segreteria-del-pd-di-belluno-ufficializza-lincontro-con-giuseppe-vignato-candidato-sindaco\\\/\",\"url\":\"https:\\\/\\\/www.bellunopress.it\\\/2022\\\/01\\\/15\\\/la-segreteria-del-pd-di-belluno-ufficializza-lincontro-con-giuseppe-vignato-candidato-sindaco\\\/\",\"name\":\"La segreteria del Pd di Belluno ufficializza l'incontro con Giuseppe Vignato - Bellunopress - Dolomiti\",\"isPartOf\":{\"@id\":\"https:\\\/\\\/www.bellunopress.it\\\/#website\"},\"primaryImageOfPage\":{\"@id\":\"https:\\\/\\\/www.bellunopress.it\\\/2022\\\/01\\\/15\\\/la-segreteria-del-pd-di-belluno-ufficializza-lincontro-con-giuseppe-vignato-candidato-sindaco\\\/#primaryimage\"},\"image\":{\"@id\":\"https:\\\/\\\/www.bellunopress.it\\\/2022\\\/01\\\/15\\\/la-segreteria-del-pd-di-belluno-ufficializza-lincontro-con-giuseppe-vignato-candidato-sindaco\\\/#primaryimage\"},\"thumbnailUrl\":\"https:\\\/\\\/www.bellunopress.it\\\/wp-content\\\/uploads\\\/2022\\\/01\\\/Giuseppe-Vignato-1.jpg\",\"datePublished\":\"2022-01-15T13:53:30+00:00\",\"dateModified\":\"2022-01-16T10:49:17+00:00\",\"breadcrumb\":{\"@id\":\"https:\\\/\\\/www.bellunopress.it\\\/2022\\\/01\\\/15\\\/la-segreteria-del-pd-di-belluno-ufficializza-lincontro-con-giuseppe-vignato-candidato-sindaco\\\/#breadcrumb\"},\"inLanguage\":\"fr-FR\",\"potentialAction\":[{\"@type\":\"ReadAction\",\"target\":[\"https:\\\/\\\/www.bellunopress.it\\\/2022\\\/01\\\/15\\\/la-segreteria-del-pd-di-belluno-ufficializza-lincontro-con-giuseppe-vignato-candidato-sindaco\\\/\"]}]},{\"@type\":\"ImageObject\",\"inLanguage\":\"fr-FR\",\"@id\":\"https:\\\/\\\/www.bellunopress.it\\\/2022\\\/01\\\/15\\\/la-segreteria-del-pd-di-belluno-ufficializza-lincontro-con-giuseppe-vignato-candidato-sindaco\\\/#primaryimage\",\"url\":\"https:\\\/\\\/www.bellunopress.it\\\/wp-content\\\/uploads\\\/2022\\\/01\\\/Giuseppe-Vignato-1.jpg\",\"contentUrl\":\"https:\\\/\\\/www.bellunopress.it\\\/wp-content\\\/uploads\\\/2022\\\/01\\\/Giuseppe-Vignato-1.jpg\",\"width\":553,\"height\":261},{\"@type\":\"BreadcrumbList\",\"@id\":\"https:\\\/\\\/www.bellunopress.it\\\/2022\\\/01\\\/15\\\/la-segreteria-del-pd-di-belluno-ufficializza-lincontro-con-giuseppe-vignato-candidato-sindaco\\\/#breadcrumb\",\"itemListElement\":[{\"@type\":\"ListItem\",\"position\":1,\"name\":\"Home\",\"item\":\"https:\\\/\\\/www.bellunopress.it\\\/\"},{\"@type\":\"ListItem\",\"position\":2,\"name\":\"La segreteria del Pd di Belluno ufficializza l&#8217;incontro con Giuseppe Vignato\"}]},{\"@type\":\"WebSite\",\"@id\":\"https:\\\/\\\/www.bellunopress.it\\\/#website\",\"url\":\"https:\\\/\\\/www.bellunopress.it\\\/\",\"name\":\"Bellunopress - Dolomiti\",\"description\":\"e-mail: redazione@bellunopress.it\",\"publisher\":{\"@id\":\"https:\\\/\\\/www.bellunopress.it\\\/#organization\"},\"potentialAction\":[{\"@type\":\"SearchAction\",\"target\":{\"@type\":\"EntryPoint\",\"urlTemplate\":\"https:\\\/\\\/www.bellunopress.it\\\/?s={search_term_string}\"},\"query-input\":{\"@type\":\"PropertyValueSpecification\",\"valueRequired\":true,\"valueName\":\"search_term_string\"}}],\"inLanguage\":\"fr-FR\"},{\"@type\":\"Organization\",\"@id\":\"https:\\\/\\\/www.bellunopress.it\\\/#organization\",\"name\":\"Bellunopress\",\"url\":\"https:\\\/\\\/www.bellunopress.it\\\/\",\"logo\":{\"@type\":\"ImageObject\",\"inLanguage\":\"fr-FR\",\"@id\":\"https:\\\/\\\/www.bellunopress.it\\\/#\\\/schema\\\/logo\\\/image\\\/\",\"url\":\"https:\\\/\\\/www.bellunopress.it\\\/wp-content\\\/uploads\\\/2011\\\/05\\\/cropped-logo-bellunopress-.jpg\",\"contentUrl\":\"https:\\\/\\\/www.bellunopress.it\\\/wp-content\\\/uploads\\\/2011\\\/05\\\/cropped-logo-bellunopress-.jpg\",\"width\":512,\"height\":512,\"caption\":\"Bellunopress\"},\"image\":{\"@id\":\"https:\\\/\\\/www.bellunopress.it\\\/#\\\/schema\\\/logo\\\/image\\\/\"},\"sameAs\":[\"https:\\\/\\\/www.facebook.com\\\/profile.php?id=100008943462799\",\"https:\\\/\\\/x.com\\\/bellunopress\",\"https:\\\/\\\/www.linkedin.com\\\/hp\\\/?dnr=JBzUWaJfMUw8vbXJJ2tVW5-I3jZKvC4wsoxE&amp;amp;amp;amp;amp;amp;trk=nav_responsive_tab_home\",\"https:\\\/\\\/www.youtube.com\\\/channel\\\/UCxL0wu1uN0_3_7hGG0306cw\"]},{\"@type\":\"Person\",\"@id\":\"https:\\\/\\\/www.bellunopress.it\\\/#\\\/schema\\\/person\\\/79bb06722b37ece1c03d3e94beb30d73\",\"name\":\"redazione\",\"image\":{\"@type\":\"ImageObject\",\"inLanguage\":\"fr-FR\",\"@id\":\"https:\\\/\\\/secure.gravatar.com\\\/avatar\\\/37d968a2e67a6fd04c169c4bdef102d0bc5d31b2546345219e348575eb80e9a0?s=96&d=mm&r=g\",\"url\":\"https:\\\/\\\/secure.gravatar.com\\\/avatar\\\/37d968a2e67a6fd04c169c4bdef102d0bc5d31b2546345219e348575eb80e9a0?s=96&d=mm&r=g\",\"contentUrl\":\"https:\\\/\\\/secure.gravatar.com\\\/avatar\\\/37d968a2e67a6fd04c169c4bdef102d0bc5d31b2546345219e348575eb80e9a0?s=96&d=mm&r=g\",\"caption\":\"redazione\"},\"sameAs\":[\"http:\\\/\\\/www.bellunopress.it\",\"https:\\\/\\\/x.com\\\/bellunopress\"],\"url\":\"https:\\\/\\\/www.bellunopress.it\\\/fr\\\/author\\\/redazione\\\/\"}]}<\/script>\n<!-- \/ Yoast SEO plugin. -->","yoast_head_json":{"title":"La segreteria del Pd di Belluno ufficializza l'incontro con Giuseppe Vignato - Bellunopress - Dolomiti","robots":{"index":"index","follow":"follow","max-snippet":"max-snippet:-1","max-image-preview":"max-image-preview:large","max-video-preview":"max-video-preview:-1"},"canonical":"https:\/\/www.bellunopress.it\/fr\/2022\/01\/15\/la-segreteria-del-pd-di-belluno-ufficializza-lincontro-con-giuseppe-vignato-candidato-sindaco\/","og_locale":"fr_FR","og_type":"article","og_title":"La segreteria del Pd di Belluno ufficializza l'incontro con Giuseppe Vignato - Bellunopress - Dolomiti","og_description":"Giuseppe Vignato, gi\u00e0 amministratore unico di Bim-Gsp, artefice della ristrutturazione del debito pregresso (sceso da 87 a 32 milioni) della societ\u00e0 pubblica dei comuni che gestisce il servizio idrico della provincia, laurea in economia e commercio all&#8217;Universit\u00e0 di Padova, ex ufficiale degli Alpini, gi\u00e0 assessore al Bilancio dal 1993 al 2001 al Comune di Belluno, [&hellip;]","og_url":"https:\/\/www.bellunopress.it\/fr\/2022\/01\/15\/la-segreteria-del-pd-di-belluno-ufficializza-lincontro-con-giuseppe-vignato-candidato-sindaco\/","og_site_name":"Bellunopress - Dolomiti","article_publisher":"https:\/\/www.facebook.com\/profile.php?id=100008943462799","article_published_time":"2022-01-15T13:53:30+00:00","article_modified_time":"2022-01-16T10:49:17+00:00","og_image":[{"width":553,"height":261,"url":"https:\/\/www.bellunopress.it\/wp-content\/uploads\/2022\/01\/Giuseppe-Vignato-1.jpg","type":"image\/jpeg"}],"author":"redazione","twitter_card":"summary_large_image","twitter_creator":"@bellunopress","twitter_site":"@bellunopress","twitter_misc":{"Written by":"redazione","Est. reading time":"2 minutes"},"schema":{"@context":"https:\/\/schema.org","@graph":[{"@type":"Article","@id":"https:\/\/www.bellunopress.it\/2022\/01\/15\/la-segreteria-del-pd-di-belluno-ufficializza-lincontro-con-giuseppe-vignato-candidato-sindaco\/#article","isPartOf":{"@id":"https:\/\/www.bellunopress.it\/2022\/01\/15\/la-segreteria-del-pd-di-belluno-ufficializza-lincontro-con-giuseppe-vignato-candidato-sindaco\/"},"author":{"name":"redazione","@id":"https:\/\/www.bellunopress.it\/#\/schema\/person\/79bb06722b37ece1c03d3e94beb30d73"},"headline":"La segreteria del Pd di Belluno ufficializza l&#8217;incontro con Giuseppe Vignato","datePublished":"2022-01-15T13:53:30+00:00","dateModified":"2022-01-16T10:49:17+00:00","mainEntityOfPage":{"@id":"https:\/\/www.bellunopress.it\/2022\/01\/15\/la-segreteria-del-pd-di-belluno-ufficializza-lincontro-con-giuseppe-vignato-candidato-sindaco\/"},"wordCount":263,"publisher":{"@id":"https:\/\/www.bellunopress.it\/#organization"},"image":{"@id":"https:\/\/www.bellunopress.it\/2022\/01\/15\/la-segreteria-del-pd-di-belluno-ufficializza-lincontro-con-giuseppe-vignato-candidato-sindaco\/#primaryimage"},"thumbnailUrl":"https:\/\/www.bellunopress.it\/wp-content\/uploads\/2022\/01\/Giuseppe-Vignato-1.jpg","articleSection":["Cronaca\/Politica","Prima Pagina"],"inLanguage":"fr-FR"},{"@type":"WebPage","@id":"https:\/\/www.bellunopress.it\/2022\/01\/15\/la-segreteria-del-pd-di-belluno-ufficializza-lincontro-con-giuseppe-vignato-candidato-sindaco\/","url":"https:\/\/www.bellunopress.it\/2022\/01\/15\/la-segreteria-del-pd-di-belluno-ufficializza-lincontro-con-giuseppe-vignato-candidato-sindaco\/","name":"La segreteria del Pd di Belluno ufficializza l'incontro con Giuseppe Vignato - Bellunopress - Dolomiti","isPartOf":{"@id":"https:\/\/www.bellunopress.it\/#website"},"primaryImageOfPage":{"@id":"https:\/\/www.bellunopress.it\/2022\/01\/15\/la-segreteria-del-pd-di-belluno-ufficializza-lincontro-con-giuseppe-vignato-candidato-sindaco\/#primaryimage"},"image":{"@id":"https:\/\/www.bellunopress.it\/2022\/01\/15\/la-segreteria-del-pd-di-belluno-ufficializza-lincontro-con-giuseppe-vignato-candidato-sindaco\/#primaryimage"},"thumbnailUrl":"https:\/\/www.bellunopress.it\/wp-content\/uploads\/2022\/01\/Giuseppe-Vignato-1.jpg","datePublished":"2022-01-15T13:53:30+00:00","dateModified":"2022-01-16T10:49:17+00:00","breadcrumb":{"@id":"https:\/\/www.bellunopress.it\/2022\/01\/15\/la-segreteria-del-pd-di-belluno-ufficializza-lincontro-con-giuseppe-vignato-candidato-sindaco\/#breadcrumb"},"inLanguage":"fr-FR","potentialAction":[{"@type":"ReadAction","target":["https:\/\/www.bellunopress.it\/2022\/01\/15\/la-segreteria-del-pd-di-belluno-ufficializza-lincontro-con-giuseppe-vignato-candidato-sindaco\/"]}]},{"@type":"ImageObject","inLanguage":"fr-FR","@id":"https:\/\/www.bellunopress.it\/2022\/01\/15\/la-segreteria-del-pd-di-belluno-ufficializza-lincontro-con-giuseppe-vignato-candidato-sindaco\/#primaryimage","url":"https:\/\/www.bellunopress.it\/wp-content\/uploads\/2022\/01\/Giuseppe-Vignato-1.jpg","contentUrl":"https:\/\/www.bellunopress.it\/wp-content\/uploads\/2022\/01\/Giuseppe-Vignato-1.jpg","width":553,"height":261},{"@type":"BreadcrumbList","@id":"https:\/\/www.bellunopress.it\/2022\/01\/15\/la-segreteria-del-pd-di-belluno-ufficializza-lincontro-con-giuseppe-vignato-candidato-sindaco\/#breadcrumb","itemListElement":[{"@type":"ListItem","position":1,"name":"Home","item":"https:\/\/www.bellunopress.it\/"},{"@type":"ListItem","position":2,"name":"La segreteria del Pd di Belluno ufficializza l&#8217;incontro con Giuseppe Vignato"}]},{"@type":"WebSite","@id":"https:\/\/www.bellunopress.it\/#website","url":"https:\/\/www.bellunopress.it\/","name":"Bellunopress - Dolomiti","description":"e-mail: redazione@bellunopress.it","publisher":{"@id":"https:\/\/www.bellunopress.it\/#organization"},"potentialAction":[{"@type":"SearchAction","target":{"@type":"EntryPoint","urlTemplate":"https:\/\/www.bellunopress.it\/?s={search_term_string}"},"query-input":{"@type":"PropertyValueSpecification","valueRequired":true,"valueName":"search_term_string"}}],"inLanguage":"fr-FR"},{"@type":"Organization","@id":"https:\/\/www.bellunopress.it\/#organization","name":"Bellunopress","url":"https:\/\/www.bellunopress.it\/","logo":{"@type":"ImageObject","inLanguage":"fr-FR","@id":"https:\/\/www.bellunopress.it\/#\/schema\/logo\/image\/","url":"https:\/\/www.bellunopress.it\/wp-content\/uploads\/2011\/05\/cropped-logo-bellunopress-.jpg","contentUrl":"https:\/\/www.bellunopress.it\/wp-content\/uploads\/2011\/05\/cropped-logo-bellunopress-.jpg","width":512,"height":512,"caption":"Bellunopress"},"image":{"@id":"https:\/\/www.bellunopress.it\/#\/schema\/logo\/image\/"},"sameAs":["https:\/\/www.facebook.com\/profile.php?id=100008943462799","https:\/\/x.com\/bellunopress","https:\/\/www.linkedin.com\/hp\/?dnr=JBzUWaJfMUw8vbXJJ2tVW5-I3jZKvC4wsoxE&amp;amp;amp;amp;amp;amp;trk=nav_responsive_tab_home","https:\/\/www.youtube.com\/channel\/UCxL0wu1uN0_3_7hGG0306cw"]},{"@type":"Person","@id":"https:\/\/www.bellunopress.it\/#\/schema\/person\/79bb06722b37ece1c03d3e94beb30d73","name":"r\u00e9daction","image":{"@type":"ImageObject","inLanguage":"fr-FR","@id":"https:\/\/secure.gravatar.com\/avatar\/37d968a2e67a6fd04c169c4bdef102d0bc5d31b2546345219e348575eb80e9a0?s=96&d=mm&r=g","url":"https:\/\/secure.gravatar.com\/avatar\/37d968a2e67a6fd04c169c4bdef102d0bc5d31b2546345219e348575eb80e9a0?s=96&d=mm&r=g","contentUrl":"https:\/\/secure.gravatar.com\/avatar\/37d968a2e67a6fd04c169c4bdef102d0bc5d31b2546345219e348575eb80e9a0?s=96&d=mm&r=g","caption":"redazione"},"sameAs":["http:\/\/www.bellunopress.it","https:\/\/x.com\/bellunopress"],"url":"https:\/\/www.bellunopress.it\/fr\/author\/redazione\/"}]}},"_links":{"self":[{"href":"https:\/\/www.bellunopress.it\/fr\/wp-json\/wp\/v2\/posts\/130649","targetHints":{"allow":["GET"]}}],"collection":[{"href":"https:\/\/www.bellunopress.it\/fr\/wp-json\/wp\/v2\/posts"}],"about":[{"href":"https:\/\/www.bellunopress.it\/fr\/wp-json\/wp\/v2\/types\/post"}],"author":[{"embeddable":true,"href":"https:\/\/www.bellunopress.it\/fr\/wp-json\/wp\/v2\/users\/2"}],"replies":[{"embeddable":true,"href":"https:\/\/www.bellunopress.it\/fr\/wp-json\/wp\/v2\/comments?post=130649"}],"version-history":[{"count":4,"href":"https:\/\/www.bellunopress.it\/fr\/wp-json\/wp\/v2\/posts\/130649\/revisions"}],"predecessor-version":[{"id":130670,"href":"https:\/\/www.bellunopress.it\/fr\/wp-json\/wp\/v2\/posts\/130649\/revisions\/130670"}],"wp:featuredmedia":[{"embeddable":true,"href":"https:\/\/www.bellunopress.it\/fr\/wp-json\/wp\/v2\/media\/130650"}],"wp:attachment":[{"href":"https:\/\/www.bellunopress.it\/fr\/wp-json\/wp\/v2\/media?parent=130649"}],"wp:term":[{"taxonomy":"category","embeddable":true,"href":"https:\/\/www.bellunopress.it\/fr\/wp-json\/wp\/v2\/categories?post=130649"},{"taxonomy":"post_tag","embeddable":true,"href":"https:\/\/www.bellunopress.it\/fr\/wp-json\/wp\/v2\/tags?post=130649"}],"curies":[{"name":"wp","href":"https:\/\/api.w.org\/{rel}","templated":true}]}}