{"id":130645,"date":"2022-01-15T13:22:56","date_gmt":"2022-01-15T12:22:56","guid":{"rendered":"https:\/\/www.bellunopress.it\/?p=130645"},"modified":"2022-01-15T13:25:34","modified_gmt":"2022-01-15T12:25:34","slug":"a-cortina-linverno-ha-infiniti-volti-da-scoprire-tutti-i-prossimi-appuntamenti","status":"publish","type":"post","link":"https:\/\/www.bellunopress.it\/fr\/2022\/01\/15\/a-cortina-linverno-ha-infiniti-volti-da-scoprire-tutti-i-prossimi-appuntamenti\/","title":{"rendered":"A Cortina l&#8217;inverno ha infiniti volti da scoprire: tutti i prossimi appuntamenti"},"content":{"rendered":"<p style=\"font-weight: 400;\"><strong>CORTINA: I PROSSIMI APPUNTAMENTI<\/strong><\/p>\n<figure id=\"attachment_130646\" aria-describedby=\"caption-attachment-130646\" style=\"width: 500px\" class=\"wp-caption alignleft\"><img loading=\"lazy\" decoding=\"async\" class=\"size-medium wp-image-130646\" src=\"https:\/\/www.bellunopress.it\/wp-content\/uploads\/2022\/01\/Inverno-Cortina-Foto-Bandion_edited-500x336.jpg\" alt=\"\" width=\"500\" height=\"336\" srcset=\"https:\/\/www.bellunopress.it\/wp-content\/uploads\/2022\/01\/Inverno-Cortina-Foto-Bandion_edited-500x336.jpg 500w, https:\/\/www.bellunopress.it\/wp-content\/uploads\/2022\/01\/Inverno-Cortina-Foto-Bandion_edited-696x468.jpg 696w, https:\/\/www.bellunopress.it\/wp-content\/uploads\/2022\/01\/Inverno-Cortina-Foto-Bandion_edited-625x420.jpg 625w, https:\/\/www.bellunopress.it\/wp-content\/uploads\/2022\/01\/Inverno-Cortina-Foto-Bandion_edited.jpg 1000w\" sizes=\"auto, (max-width: 500px) 100vw, 500px\" \/><figcaption id=\"caption-attachment-130646\" class=\"wp-caption-text\">Cortina d&#8217;Ampezzo, inverno 2021-2022 (Foto Bandion)<\/figcaption><\/figure>\n<p style=\"font-weight: 400;\"><em>Cortina d&#8217;Ampezzo, 15 gennaio 2022_<\/em>Grandi appuntamenti sportivi e culturali, mostre e momenti da gustare, da cogliere al volo e da ricordare:\u00a0<strong>a\u00a0Cortina<\/strong>\u00a0<strong>l&#8217;inverno ha infiniti volti da scoprire<\/strong>.<\/p>\n<p style=\"font-weight: 400;\"><strong><u>SPORT<\/u><\/strong><\/p>\n<p style=\"font-weight: 400;\"><strong>\u00a0<\/strong><strong>International Motor Days<\/strong><\/p>\n<p style=\"font-weight: 400;\"><em>14-16 gennaio 2022<\/em><\/p>\n<p style=\"font-weight: 400;\">Adrenalina a Cortina d&#8217;Ampezzo con gli\u00a0<em>International Motor Days<\/em>. La Regina delle Dolomiti vivr\u00e0 infatti per la prima volta un free event d&#8217;eccezione con esposizioni, test drive, stuntmen professionisti e freestyler. Testimonial dell&#8217;evento: Vittorio Brumotti, Dj Ringo, Kristian Ghedina e Alvaro dal Farra.<\/p>\n<p style=\"font-weight: 400;\"><a href=\"https:\/\/www.internationalmotordays.it\/eventi\/cortina\">www.internationalmotordays.it\/eventi\/cortina<\/a><\/p>\n<p style=\"font-weight: 400;\"><strong>Coppa del Mondo femminile di sci alpino<\/strong><\/p>\n<p style=\"font-weight: 400;\"><em>22-23 gennaio 2022<\/em><\/p>\n<p style=\"font-weight: 400;\">Nel 2022 torna a Cortina d&#8217;Ampezzo la\u00a0<em>Coppa del Mondo di sci femminile<\/em>.\u00a0Le atlete si sfideranno in discesa libera e Super G nell&#8217;ormai classico appuntamento sulla storica pista Olympia delle Tofane, tra le pi\u00f9 spettacolari d&#8217;Italia.<\/p>\n<p style=\"font-weight: 400;\"><a href=\"http:\/\/www.cortinaskiworldcup.com\/\">www.cortinaskiworldcup.com<\/a><\/p>\n<p style=\"font-weight: 400;\"><em>Indicazioni per la viabilit\u00e0 in vista della Coppa del Mondo femminile di sci alpino al seguente link:<\/em><\/p>\n<p style=\"font-weight: 400;\"><a href=\"https:\/\/v4m-vps5.juniper-xs.it\/v4web\/file?RefOwner=5851721DC6CB4799AE90DC31C9EE7284&amp;UUID=6A8637B5CED048179D44058D54D7475F\">https:\/\/v4m-vps5.juniper-xs.it\/v4web\/file?RefOwner=5851721DC6CB4799AE90DC31C9EE7284&amp;UUID=6A8637B5CED048179D44058D54D7475F<\/a><\/p>\n<p style=\"font-weight: 400;\"><strong>Coppa del Mondo di Snowboardcross<\/strong><br \/>\n<em>29 gennaio 2022<\/em><br \/>\nDopo la Coppa del Mondo di Snowboard, ospitata a dicembre 2021, Cortina far\u00e0 il bis con una tappa di Coppa del Mondo di snowboard cross. Sport e divertimento in un mix imperdibile.<br \/>\n<a href=\"http:\/\/www.cortinasnowboardworldcup.com\/\">www.cortinasnowboardworldcup.com<\/a><\/p>\n<p style=\"font-weight: 400;\"><em>Accrediti alla Coppa del Mondo FIS Snowboard Cross di Cortina al seguente link:<\/em><\/p>\n<p style=\"font-weight: 400;\"><a href=\"https:\/\/docs.google.com\/forms\/d\/e\/1FAIpQLSfoBvDM4LOGQ_lKGRaSzKoAVxPxE0c-Iw6IpLxdZGbmspYeJw\/viewform\">https:\/\/docs.google.com\/forms\/d\/e\/1FAIpQLSfoBvDM4LOGQ_lKGRaSzKoAVxPxE0c-Iw6IpLxdZGbmspYeJw\/viewform<\/a>\u00a0(Chiusura iscrizioni il 24 gennaio)<\/p>\n<p style=\"font-weight: 400;\"><strong>Granfondo Dobbiaco-Cortina<\/strong><\/p>\n<p style=\"font-weight: 400;\"><em>5-6 febbraio 2022<\/em><\/p>\n<p style=\"font-weight: 400;\">La storica Granfondo Dobbiaco-Cortina si svolge dal 1977 ed \u00e8 la seconda granfondo pi\u00f9 grande in Italia. Dal 2016 \u00e8 una tappa del prestigioso circuito internazionale Visma Ski Classics.<em>\u00a0<\/em>Il tracciato tradizionale dei 42 km in tecnica classica percorre la vecchia ferrovia delle Dolomiti. La 45esima edizione vedr\u00e0 entrambe le gare \u2013 42km classica di sabato e 32 km tecnica libera\/skating di domenica \u2013 inserite nel calendario FIS.<\/p>\n<p style=\"font-weight: 400;\"><a href=\"http:\/\/www.dobbiacocortina.org\/\">www.dobbiacocortina.org<\/a><\/p>\n<p style=\"font-weight: 400;\"><strong>Campionati GIS<\/strong><\/p>\n<p style=\"font-weight: 400;\"><em>Dal 6 al 13 febbraio 2022<\/em><\/p>\n<p style=\"font-weight: 400;\">Tornano a Cortina i Campionati dei Giornalisti sciatori. Un appuntamento che fonde, con il giusto grado di allegria e competizione, il desiderio di incontrarsi e di sfidarsi sulle piste della Regina delle Dolomiti.<\/p>\n<p style=\"font-weight: 400;\"><a href=\"http:\/\/www.giornalistisciatori.it\/\">www.giornalistisciatori.it<\/a><\/p>\n<p style=\"font-weight: 400;\"><strong>Cortina Snow Run<\/strong><\/p>\n<p style=\"font-weight: 400;\"><em>26 febbraio 2022<\/em><\/p>\n<p style=\"font-weight: 400;\">La magia della corsa in notturna, circondati dalla neve.\u00a0<em>Cortina Snow Run<\/em>\u00a0\u00e8 una gara di corsa in notturna, giunta alla sua quarta edizione e organizzata dal Club Alpino Italiano, sulle piste che hanno ospitato i\u00a0<em>Mondiali di Sci alpino<\/em>\u00a02021. Il percorso \u00e8 di circa 17 km, dislivello positivo di 1380 metri, da completare nel tempo massimo di 4 ore e 30 minuti. In programma anche la terza edizione della\u00a0<em>Cortina Snow Run &#8211; Mini Trail<\/em>, gara di corsa in notturna lungo le piste di sci battute, con un percorso di circa 9,5 km, dislivello positivo di 555 metri, da completare nel tempo massimo di 2 ore.<\/p>\n<p style=\"font-weight: 400;\"><a href=\"http:\/\/www.cortinasnowrun.it\/\">www.cortinasnowrun.it<\/a><\/p>\n<p style=\"font-weight: 400;\"><strong>Super8 Ski Selfie<\/strong><br \/>\n<em>Inverno 2021-2022<\/em><\/p>\n<p style=\"font-weight: 400;\">Torna il\u00a0<em>Super8 Ski Selfie<\/em>: il concorso di foto e video dedicato agli appassionati dello Ski tour Super 8. Il percorso si snoda tra le montagne Tofana, Pelmo, Civetta, Marmolada, Fanes, Averau e Cinque Torri, con una lunghezza di 16 km e un dislivello di 3.100 m su piste di facile e media difficolt\u00e0. Le migliori immagini scattate e riprese dagli amanti di questo tour sugli sci, verranno premiate da una giuria selezionata.<\/p>\n<p style=\"font-weight: 400;\"><a href=\"http:\/\/www.cortinadelicious.it\/\">www.cortinadelicious.it<\/a><\/p>\n<p style=\"font-weight: 400;\"><strong>WinterRace<\/strong><\/p>\n<p style=\"font-weight: 400;\"><em>3-5 marzo 2022<\/em><\/p>\n<p style=\"font-weight: 400;\">La WinteRace \u00e8 una delle gare di regolarit\u00e0 pi\u00f9 attese del calendario invernale, con tradizionale tappa tra le Dolomiti di Cortina d&#8217;Ampezzo.\u00a0Si snoda\u00a0lungo un percorso di 400 km, coinvolgendo 50\u00a0auto d&#8217;epoca. La competizione esalter\u00e0\u00a0la capacit\u00e0 di guida del pilota e la navigazione del copilota: non\u00a0mancheranno prove\u00a0impegnative sulla neve, un classico delle gare invernali.<\/p>\n<p style=\"font-weight: 400;\"><a href=\"http:\/\/www.winterace.it\/en\/race_wr\">www.winterace.it\/en\/race_wr<\/a><\/p>\n<p style=\"font-weight: 400;\"><strong>Forcella senza limiti<\/strong><\/p>\n<p style=\"font-weight: 400;\"><em>18 marzo 2022<\/em><\/p>\n<p style=\"font-weight: 400;\">Venerd\u00ec 18 marzo 2022, Moreno Pesce risalir\u00e0 insieme alla guida Lio De Nes la mitica Forcella Rossa: nera adrenalinica fra le pi\u00f9 conosciute e apprezzate di Cortina d&#8217;Ampezzo. Moreno \u00e8 uno sportivo amputato trans-femorale, che\u00a0sfida\u00a0i propri limiti e i limiti che la montagna pone.<\/p>\n<p style=\"font-weight: 400;\"><a href=\"http:\/\/www.freccianelcielo\/eventi.com\">www.freccianelcielo\/eventi.com<\/a><\/p>\n<p style=\"font-weight: 400;\"><strong><u>CORTINA DA SCOPRIRE<\/u><\/strong><\/p>\n<p style=\"font-weight: 400;\"><strong>In quota con Tofana Freccia nel Cielo<\/strong><\/p>\n<p style=\"font-weight: 400;\"><em>Inverno 2022<\/em><\/p>\n<p style=\"font-weight: 400;\">Come ogni anno l&#8217;emozione di vedere il sole sorgere in alta quota \u00e8 protagonista delle\u00a0<strong>Albe a Ra Valles 2475 m<\/strong>: appuntamento\u00a0<strong>sabato 22 gennaio<\/strong>, sabato 5 febbraio e sabato 19 febbraio 2022. Si comincia con una ricca colazione a Capanna Ra Valles, a base di prodotti del territorio. Poi ci si lancia in pista, sulla neve ancora intatta per lasciare la prima scia della giornata (info e prenotazioni:\u00a0<a href=\"mailto:info@freccianelcielo.com\">info@freccianelcielo.com<\/a>\u00a0| +39 0436 5052).<\/p>\n<p style=\"font-weight: 400;\">Tutti a osservare le meraviglie del cielo con\u00a0<strong>Cortina tra il Sole e le Stelle<\/strong>: sino al 22 gennaio l&#8217;Osservatorio Astronomico &#8220;Helmut Ullrich&#8221; apre le sue porte anche di giorno per permettere a tutti i visitatori di Tofana-Freccia nel Cielo di ammirare pi\u00f9 da vicino le caratteristiche del Sole, mentre la sera si possono osservare Luna, stelle, nebulose e pianeti (la sera su prenotazione:\u00a0<a href=\"https:\/\/www.cortinastelle.it\/joomla30\/index.php\/it\/visite-per-il-pubblico\/visite\">https:\/\/www.cortinastelle.it\/joomla30\/index.php\/it\/visite-per-il-pubblico\/visite<\/a>).<\/p>\n<p style=\"font-weight: 400;\"><a href=\"http:\/\/www.freccianelcielo.com\/\">www.freccianelcielo.com<\/a><\/p>\n<p style=\"font-weight: 400;\"><strong>Car of the Year 2022<\/strong><\/p>\n<p style=\"font-weight: 400;\"><em>18 al 20 febbraio 2022<\/em><\/p>\n<p style=\"font-weight: 400;\">Cortina accoglie per la seconda volta le auto che concorrono al premio che dal 1964 elegge l&#8217;auto pi\u00f9 interessante dell&#8217;anno, organizzato da nove testate europee e per l&#8217;Italia rappresentato dal mensile di settore AUTO.<\/p>\n<p style=\"font-weight: 400;\"><a href=\"http:\/\/www.caroftheyear.org\/\">www.caroftheyear.org<\/a><\/p>\n<p style=\"font-weight: 400;\"><strong><u>CULTURA E TRADIZIONE<\/u><\/strong><\/p>\n<p style=\"font-weight: 400;\"><strong>Commemorazione Madonna della Difesa<\/strong><\/p>\n<p style=\"font-weight: 400;\"><em>19 gennaio 2022<\/em><\/p>\n<p style=\"font-weight: 400;\">Dal 1412, il 19 gennaio in Ampezzo si festeggia la &#8220;Festa di Voto&#8221; in ringraziamento alla Madonna della Difesa. Secondo la devozione popolare, infatti, si deve all&#8217;intervento miracoloso della Vergine il ritiro degli eserciti dai territori di Ampezzo e Cadore, coinvolti nella guerra tra Impero Asburgico e Venezia nel 1412. Per l&#8217;occasione si organizza una messa in onore della Madonna della Difesa.<\/p>\n<p style=\"font-weight: 400;\"><strong>Una Montagna di Libri<\/strong><\/p>\n<p style=\"font-weight: 400;\"><em>Inverno 2021-2022<\/em><\/p>\n<p style=\"font-weight: 400;\">Giunge alla XXV edizione la rassegna internazionale dedicata alla letteratura. Una Montagna di Libri, a cura di Francesco Chiamulera, torna con un calendario ricco di appuntamenti con l&#8217;autore. Stasera, alle 18.00, saranno ospiti Matteo Spicuglia, Maria Cristina Soldi, Riccardo Noury, Live streaming Facebook e YouTube @UnaMontagnadiLibri.<\/p>\n<p style=\"font-weight: 400;\">Qui tutti gli appuntamenti:\u00a0<a href=\"http:\/\/www.unamontagnadilibri.it\/\">www.unamontagnadilibri.it<\/a><\/p>\n<p style=\"font-weight: 400;\"><strong>Cortina Terzo Millennio:<\/strong><\/p>\n<p style=\"font-weight: 400;\"><em>Inverno 2021-2022<\/em><\/p>\n<p style=\"font-weight: 400;\">Da 27 anni la rassegna ideata e organizzata da Rosanna Raffaelli Ghedina propone incontri, dibattiti, premi, mostre e spettacoli. Venerd\u00ec 21 gennaio alle ore 18.00, Fulvio Luna Romero racconter\u00e0 il suo libro &#8220;Le regole degli infami&#8221; presso il Miramonti Majestic Grand Hotel. Presenter\u00e0 Stefano Vietina.<\/p>\n<p style=\"font-weight: 400;\"><strong>CortinAteatro<\/strong><\/p>\n<p style=\"font-weight: 400;\"><em>Inverno 2021-2022<\/em><\/p>\n<p style=\"font-weight: 400;\"><em>CortinAteatro,<\/em>\u00a0la stagione concertistica e teatrale ampezzana organizzata dal Comune di Cortina d&#8217;Ampezzo e dall&#8217;associazione trevigiana Musincantus con il supporto del Circuito Teatrale Multidisciplinare Arteven, riconferma un ricco cartellone invernale.<\/p>\n<p style=\"font-weight: 400;\">A Cortina approderanno interessanti produzioni come la performance\u00a0<em>White Out \u2013 La conquista dell&#8217;inutile<\/em>\u00a0di Piergiorgio Milano, in prima assoluta, e il concerto\u00a0<em>Gloria &amp; Magnificat<\/em>. Da non perdere.<\/p>\n<p style=\"font-weight: 400;\"><a href=\"http:\/\/www.musincantus.it\/eventi\">www.musincantus.it\/eventi<\/a><\/p>\n<p style=\"font-weight: 400;\"><a href=\"http:\/\/www.myarteven.it\/\">www.myarteven.it<\/a><\/p>\n<p style=\"font-weight: 400;\"><strong><u>Mostre:<\/u><\/strong><\/p>\n<p style=\"font-weight: 400;\"><strong>L&#8217;incanto del paesaggio, visto dai maestri del colore<\/strong><\/p>\n<p style=\"font-weight: 400;\">Una selezione tra i pi\u00f9 autorevoli pittori italiani ed esteri, che sono stati rapiti dalla bellezza delle Dolomiti.\u00a0Un invito all&#8217;osservazione attenta, allo stare in presenza in questi luoghi incantati, per poi lasciarsi guidare dall&#8217;estro artistico presente in ognuno di noi, da sviluppare solo con la pratica. La mostra, a ingresso libero, \u00e8 esposta lungo le scale de La Cooperativa di Cortina, zona ascensori, dal piano balconata al terzo piano.<\/p>\n<p style=\"font-weight: 400;\"><a href=\"http:\/\/www.coopcortina.com\/\">www.coopcortina.com<\/a><\/p>\n<p style=\"font-weight: 400;\"><strong>Museo Etnografico Regole d&#8217;Ampezzo e gli antichi mestieri<\/strong><\/p>\n<p style=\"font-weight: 400;\">Il Museo Etnografico ospiter\u00e0 nei suoi spazi, durante la stagione invernale 2021-2022, una mostra temporanea dedicata agli antichi mestieri. Accanto ai lavori di artigianato, gi\u00e0 presenti nella collezione permanente, si aggiungeranno testimonianze &#8211; attrezzi, immagini e curiosit\u00e0 &#8211; dei mestieri che, oggi, si vanno perdendo.<\/p>\n<p style=\"font-weight: 400;\"><a href=\"http:\/\/www.musei.regoie.it\/\">www.musei.regoIe.it<\/a><\/p>\n<p style=\"font-weight: 400;\"><strong>Museo Paleontologico Rinaldo Zardini e l&#8217;esposizione\u00a0<em>View of the Dolomites<\/em><\/strong><\/p>\n<p style=\"font-weight: 400;\">Il Museo Paleontologico, oltre alla ricca collezione permanente di fossili, continuer\u00e0 ad ospitare anche per la stagione invernale 2021-2022 l&#8217;esposizione di una serie di acquerelli, donati alle Regole d&#8217;Ampezzo, con scorci e paesaggi delle Dolomiti dipinti dall&#8217;artista H. E. Trupp nel 1800.\u00a0<em>View of the Dolomites<\/em>, questo il titolo della mostra, verr\u00e0 arricchita da una selezione di fossili inerenti i soggetti dei quadri, per creare un dialogo tra le opere e le meraviglie custodite dal territorio da milioni di anni.<\/p>\n<p style=\"font-weight: 400;\"><a href=\"http:\/\/www.musei.regoie.it\/\">www.musei.regoIe.it<\/a><\/p>\n<p style=\"font-weight: 400;\"><strong>Ars et Labor<\/strong><\/p>\n<p style=\"font-weight: 400;\"><em>4 dicembre 2021-18 aprile 2022<\/em><\/p>\n<p style=\"font-weight: 400;\"><em>Inaugurazione 4 dicembre ore 11.00; apertura al pubblico 4 dicembre ore 15.30<\/em><\/p>\n<p style=\"font-weight: 400;\">La mostra, curata da Stefano Cecchetto in collaborazione con il Museo Mario Rimoldi di Cortina d&#8217;Ampezzo, mette in luce il lavoro dell&#8217;uomo attraverso le differenti discipline artistiche: la pittura, il gioiello, oggetti preziosi che abbracciano i diversi periodi della storia del manufatto dal Medioevo a oggi. Giocata sulle similitudini e contrasti tra l&#8217;antico e il moderno, la mostra racconta l&#8217;ingegno di artisti di epoche differenti attraverso disegni e manufatti.<\/p>\n<p style=\"font-weight: 400;\">Orari di apertura:<\/p>\n<p style=\"font-weight: 400;\">Dall&#8217;11 gennaio al 18 aprile 2022: 15.30-19.30 &#8211; chiuso il luned\u00ec<\/p>\n<p style=\"font-weight: 400;\">Obbligatorio esibire il green pass e indossare la mascherina<\/p>\n<p style=\"font-weight: 400;\"><a href=\"http:\/\/www.musei.regoie.it\/\">www.musei.regoIe.it<\/a><\/p>\n<p style=\"font-weight: 400;\"><strong>Femminile Plurale<\/strong><\/p>\n<p style=\"font-weight: 400;\">La mostra\u00a0<em>Femminile Plurale<\/em>\u00a0arriva alla Ruotellina di Claudio Zanettin, vera istituzione nel mondo dell&#8217;antiquariato e del collezionismo. Decine di pezzi unici, esposti per tutta l&#8217;estate presso il Cristallo, a Luxury Collection Resort and Spa, troveranno collocazione nella Galleria in Largo Poste durante la Cortina Fashion Week. Con il passaggio alla Ruotellina si concludono i festeggiamenti per i 120 anni del Cristallo.<\/p>\n<p style=\"font-weight: 400;\"><a href=\"http:\/\/www.claudiozanettin.com\/\">www.claudiozanettin.com<\/a><\/p>\n<p style=\"font-weight: 400;\"><a href=\"https:\/\/www.marriott.it\/hotels\/travel\/bzolc-cristallo-a-luxury-collection-resort-and-spa-cortina-dampezzo\/\">https:\/\/www.marriott.it\/hotels\/travel\/bzolc-cristallo-a-luxury-collection-resort-and-spa-cortina-dampezzo\/<\/a><\/p>\n<p style=\"font-weight: 400;\"><strong>Ricordo di Andrea Hofer<\/strong><\/p>\n<p style=\"font-weight: 400;\"><em>14-20 febbraio 2022<\/em><\/p>\n<p style=\"font-weight: 400;\">Andreas Hofer, nato nel 1767, era un locandiere e commerciante di cavalli e di vino. Nel 1807 il Tirolo, compreso Ampezzo, fu assegnato alla Baviera. Nell&#8217;aprile 1809 Andreas Hofer si mise a capo del movimento anti bavarese, al quale parteciparono anche alcuni ampezzani, e lo port\u00f2 alla vittoria nelle battaglie di Vipiteno e Innsbr\u00fcck. Il 20 febbraio 1810 fu fucilato su volere di Napoleone davanti al tribunale militare. La sua salma venne sepolta nel cimitero di Mantova.<strong>\u00a0<\/strong>Questo personaggio, definito da molti un eroe, verr\u00e0 ricordato attraverso alcune tabelle, posizionate in vari punti nel centro del paese, che ripercorrono la sua storia.<\/p>\n<p style=\"font-weight: 400;\"><strong>Leggi, Sogna, Viaggia con\u00a0<\/strong><strong>&#8220;Agata allegra Mucci&#8221;<\/strong><\/p>\n<p style=\"font-weight: 400;\"><em>Fino al 31 marzo 2022<\/em><\/p>\n<p style=\"font-weight: 400;\">Un&#8217;esposizione dedicata all&#8217;illustrazione per l&#8217;infanzia, nata dalla raccolta delle opere pubblicate nei libri della collana &#8220;Agata allegra Mucci&#8221;, in cui l&#8217;artista Maria Pia Morelli, in arte &#8220;Zapi&#8221;, romagnola di nascita ma veneta di adozione, propone un vero e proprio viaggio a tappe tra i paesaggi italiani pi\u00f9 splendidi e diversi. La mostra, ospitata nella sala d&#8217;ingresso del Municipio di Cortina, parla di rispetto per l&#8217;ambiente, per le minoranze e per gli animali.<\/p>\n<p style=\"font-weight: 400;\"><strong><u>SAPORI<\/u><\/strong><\/p>\n<p style=\"font-weight: 400;\"><strong>\u00a0<\/strong><\/p>\n<p style=\"font-weight: 400;\"><strong>Cortina Delicious, gli appuntamenti col gusto<\/strong><\/p>\n<p style=\"font-weight: 400;\"><em>Da gennaio a marzo<\/em><\/p>\n<p style=\"font-weight: 400;\">Gennaio e marzo, come da tradizione, sono il momento migliore per vivere le<a href=\"https:\/\/cortinadelicious.it\/IT\/ev46-Cene-al-Chiaro-di-Luna\"><br \/>\nCene al Chiaro di Luna<\/a><u>\u00a0<\/u>\u00a0presso i Rifugi Scoiattoli e Averau.<\/p>\n<p style=\"font-weight: 400;\">Novit\u00e0 del 2022, invece,\u00a0<a href=\"https:\/\/cortinadelicious.it\/IT\/ev100-La-settimana-della-zuppa-a-Pezi-de-Par\">La settimana della zuppa a Pezi\u00e8 de Par\u00f9<\/a>\u00a0dal 25 al 30 gennaio presso l&#8217;omonima Malga.<\/p>\n<p style=\"font-weight: 400;\">Al Rifugio Averau\u00a0<a href=\"https:\/\/cortinadelicious.it\/IT\/ev44-La-Settimana-dell-Amore\">La Settimana dell&#8217;Amore<\/a>\u00a0dal 12 al 20 febbraio e\u00a0<a href=\"https:\/\/cortinadelicious.it\/IT\/ev59-Il-Piatto-in-Rosa\">Il Piatto in Rosa<\/a>\u00a0dal 5 all&#8217;8 marzo.<\/p>\n<p style=\"font-weight: 400;\"><a href=\"http:\/\/www.cortinadelicious.it\/\">www.cortinadelicious.it<\/a><\/p>\n<p style=\"font-weight: 400;\"><strong>\u00a0<\/strong><\/p>\n<p style=\"font-weight: 400;\"><strong>Merende in malga<\/strong><\/p>\n<p style=\"font-weight: 400;\">L&#8217;attimo che precede il tramonto che si chiama Merenda. Per questo, ogni giorno dalle 16.00 alle 18.00 al Brite de Larieto sar\u00e0 possibile assaporare piatti caldi sia salati che dolci per stuzzicare e viziare il palato. Dal kaiserschmarrn, ai buchteln con la crema, passando per i bomboloni caldi e l&#8217;immancabile toast. La prenotazione \u00e8 consigliata. Per info e prenotazioni: 3687008083 |\u00a0<a href=\"mailto:prenotazioni@elbritedelarieto.it\">prenotazioni@elbritedelarieto.it<\/a><\/p>\n<p style=\"font-weight: 400;\"><a href=\"http:\/\/www.elbritedelarieto.com\/\">www.elbritedelarieto.com<\/a><\/p>\n<p style=\"font-weight: 400;\"><strong>Appuntamenti all&#8217;Hotel de la Poste<\/strong><\/p>\n<p style=\"font-weight: 400;\">Le dolcezze del maestro Iginio Massari nella Lounge dello storico Hotel de la Poste: un pop-up store che \u00e8 un tempio per i golosi.<\/p>\n<p style=\"font-weight: 400;\"><a href=\"http:\/\/www.delaposte.it\/\">www.delaposte.it<\/a><\/p>\n<p style=\"font-weight: 400;\"><strong><em>Qui tutti gli eventi di Cortina in continuo aggiornamento:<\/em><\/strong><\/p>\n<p style=\"font-weight: 400;\"><a href=\"https:\/\/www.dolomiti.org\/it\/cortina\/eventi\">https:\/\/www.dolomiti.org\/it\/cortina\/eventi<\/a><\/p>\n<p style=\"font-weight: 400;\"><strong><em>Qui il booking ufficiale di\u00a0Cortina d&#8217;Ampezzo:<\/em><\/strong><\/p>\n<p style=\"font-weight: 400;\"><a href=\"https:\/\/booking.dolomiti.org\/#\/alloggi\">https:\/\/booking.dolomiti.org\/#\/alloggi<\/a><\/p>\n<p style=\"font-weight: 400;\">","protected":false},"excerpt":{"rendered":"<p>CORTINA: I PROSSIMI APPUNTAMENTI Cortina d&#8217;Ampezzo, 15 gennaio 2022_Grandi appuntamenti sportivi e culturali, mostre e momenti da gustare, da cogliere al volo e da ricordare:\u00a0a\u00a0Cortina\u00a0l&#8217;inverno ha infiniti volti da scoprire. SPORT \u00a0International Motor Days 14-16 gennaio 2022 Adrenalina a Cortina d&#8217;Ampezzo con gli\u00a0International Motor Days. La Regina delle Dolomiti vivr\u00e0 infatti per la prima volta [&hellip;]<\/p>\n","protected":false},"author":2,"featured_media":130646,"comment_status":"closed","ping_status":"open","sticky":false,"template":"","format":"standard","meta":{"footnotes":""},"categories":[27,25,4],"tags":[],"class_list":["post-130645","post","type-post","status-publish","format-standard","has-post-thumbnail","category-appuntamenti","category-pausa-caffe","category-sport"],"yoast_head":"<!-- This site is optimized with the Yoast SEO plugin v28.4 - https:\/\/yoast.com\/product\/yoast-seo-wordpress\/ -->\n<title>A Cortina l&#039;inverno ha infiniti volti da scoprire: tutti i prossimi appuntamenti - Bellunopress - Dolomiti<\/title>\n<meta name=\"robots\" content=\"index, follow, max-snippet:-1, max-image-preview:large, max-video-preview:-1\" \/>\n<link rel=\"canonical\" href=\"https:\/\/www.bellunopress.it\/fr\/2022\/01\/15\/a-cortina-linverno-ha-infiniti-volti-da-scoprire-tutti-i-prossimi-appuntamenti\/\" \/>\n<meta property=\"og:locale\" content=\"fr_FR\" \/>\n<meta property=\"og:type\" content=\"article\" \/>\n<meta property=\"og:title\" content=\"A Cortina l&#039;inverno ha infiniti volti da scoprire: tutti i prossimi appuntamenti - Bellunopress - Dolomiti\" \/>\n<meta property=\"og:description\" content=\"CORTINA: I PROSSIMI APPUNTAMENTI Cortina d&#8217;Ampezzo, 15 gennaio 2022_Grandi appuntamenti sportivi e culturali, mostre e momenti da gustare, da cogliere al volo e da ricordare:\u00a0a\u00a0Cortina\u00a0l&#8217;inverno ha infiniti volti da scoprire. SPORT \u00a0International Motor Days 14-16 gennaio 2022 Adrenalina a Cortina d&#8217;Ampezzo con gli\u00a0International Motor Days. La Regina delle Dolomiti vivr\u00e0 infatti per la prima volta [&hellip;]\" \/>\n<meta property=\"og:url\" content=\"https:\/\/www.bellunopress.it\/fr\/2022\/01\/15\/a-cortina-linverno-ha-infiniti-volti-da-scoprire-tutti-i-prossimi-appuntamenti\/\" \/>\n<meta property=\"og:site_name\" content=\"Bellunopress - Dolomiti\" \/>\n<meta property=\"article:publisher\" content=\"https:\/\/www.facebook.com\/profile.php?id=100008943462799\" \/>\n<meta property=\"article:published_time\" content=\"2022-01-15T12:22:56+00:00\" \/>\n<meta property=\"article:modified_time\" content=\"2022-01-15T12:25:34+00:00\" \/>\n<meta property=\"og:image\" content=\"https:\/\/www.bellunopress.it\/wp-content\/uploads\/2022\/01\/Inverno-Cortina-Foto-Bandion_edited.jpg\" \/>\n\t<meta property=\"og:image:width\" content=\"1000\" \/>\n\t<meta property=\"og:image:height\" content=\"672\" \/>\n\t<meta property=\"og:image:type\" content=\"image\/jpeg\" \/>\n<meta name=\"author\" content=\"redazione\" \/>\n<meta name=\"twitter:card\" content=\"summary_large_image\" \/>\n<meta name=\"twitter:creator\" content=\"@bellunopress\" \/>\n<meta name=\"twitter:site\" content=\"@bellunopress\" \/>\n<meta name=\"twitter:label1\" content=\"\u00c9crit par\" \/>\n\t<meta name=\"twitter:data1\" content=\"redazione\" \/>\n\t<meta name=\"twitter:label2\" content=\"Dur\u00e9e de lecture estim\u00e9e\" \/>\n\t<meta name=\"twitter:data2\" content=\"11 minutes\" \/>\n<script type=\"application\/ld+json\" class=\"yoast-schema-graph\">{\"@context\":\"https:\\\/\\\/schema.org\",\"@graph\":[{\"@type\":\"Article\",\"@id\":\"https:\\\/\\\/www.bellunopress.it\\\/2022\\\/01\\\/15\\\/a-cortina-linverno-ha-infiniti-volti-da-scoprire-tutti-i-prossimi-appuntamenti\\\/#article\",\"isPartOf\":{\"@id\":\"https:\\\/\\\/www.bellunopress.it\\\/2022\\\/01\\\/15\\\/a-cortina-linverno-ha-infiniti-volti-da-scoprire-tutti-i-prossimi-appuntamenti\\\/\"},\"author\":{\"name\":\"redazione\",\"@id\":\"https:\\\/\\\/www.bellunopress.it\\\/#\\\/schema\\\/person\\\/79bb06722b37ece1c03d3e94beb30d73\"},\"headline\":\"A Cortina l&#8217;inverno ha infiniti volti da scoprire: tutti i prossimi appuntamenti\",\"datePublished\":\"2022-01-15T12:22:56+00:00\",\"dateModified\":\"2022-01-15T12:25:34+00:00\",\"mainEntityOfPage\":{\"@id\":\"https:\\\/\\\/www.bellunopress.it\\\/2022\\\/01\\\/15\\\/a-cortina-linverno-ha-infiniti-volti-da-scoprire-tutti-i-prossimi-appuntamenti\\\/\"},\"wordCount\":1958,\"publisher\":{\"@id\":\"https:\\\/\\\/www.bellunopress.it\\\/#organization\"},\"image\":{\"@id\":\"https:\\\/\\\/www.bellunopress.it\\\/2022\\\/01\\\/15\\\/a-cortina-linverno-ha-infiniti-volti-da-scoprire-tutti-i-prossimi-appuntamenti\\\/#primaryimage\"},\"thumbnailUrl\":\"https:\\\/\\\/www.bellunopress.it\\\/wp-content\\\/uploads\\\/2022\\\/01\\\/Inverno-Cortina-Foto-Bandion_edited.jpg\",\"articleSection\":[\"Appuntamenti, Eventi\",\"Pausa Caff\u00e8\",\"Sport, tempo libero\"],\"inLanguage\":\"fr-FR\"},{\"@type\":\"WebPage\",\"@id\":\"https:\\\/\\\/www.bellunopress.it\\\/2022\\\/01\\\/15\\\/a-cortina-linverno-ha-infiniti-volti-da-scoprire-tutti-i-prossimi-appuntamenti\\\/\",\"url\":\"https:\\\/\\\/www.bellunopress.it\\\/2022\\\/01\\\/15\\\/a-cortina-linverno-ha-infiniti-volti-da-scoprire-tutti-i-prossimi-appuntamenti\\\/\",\"name\":\"A Cortina l'inverno ha infiniti volti da scoprire: tutti i prossimi appuntamenti - Bellunopress - Dolomiti\",\"isPartOf\":{\"@id\":\"https:\\\/\\\/www.bellunopress.it\\\/#website\"},\"primaryImageOfPage\":{\"@id\":\"https:\\\/\\\/www.bellunopress.it\\\/2022\\\/01\\\/15\\\/a-cortina-linverno-ha-infiniti-volti-da-scoprire-tutti-i-prossimi-appuntamenti\\\/#primaryimage\"},\"image\":{\"@id\":\"https:\\\/\\\/www.bellunopress.it\\\/2022\\\/01\\\/15\\\/a-cortina-linverno-ha-infiniti-volti-da-scoprire-tutti-i-prossimi-appuntamenti\\\/#primaryimage\"},\"thumbnailUrl\":\"https:\\\/\\\/www.bellunopress.it\\\/wp-content\\\/uploads\\\/2022\\\/01\\\/Inverno-Cortina-Foto-Bandion_edited.jpg\",\"datePublished\":\"2022-01-15T12:22:56+00:00\",\"dateModified\":\"2022-01-15T12:25:34+00:00\",\"breadcrumb\":{\"@id\":\"https:\\\/\\\/www.bellunopress.it\\\/2022\\\/01\\\/15\\\/a-cortina-linverno-ha-infiniti-volti-da-scoprire-tutti-i-prossimi-appuntamenti\\\/#breadcrumb\"},\"inLanguage\":\"fr-FR\",\"potentialAction\":[{\"@type\":\"ReadAction\",\"target\":[\"https:\\\/\\\/www.bellunopress.it\\\/2022\\\/01\\\/15\\\/a-cortina-linverno-ha-infiniti-volti-da-scoprire-tutti-i-prossimi-appuntamenti\\\/\"]}]},{\"@type\":\"ImageObject\",\"inLanguage\":\"fr-FR\",\"@id\":\"https:\\\/\\\/www.bellunopress.it\\\/2022\\\/01\\\/15\\\/a-cortina-linverno-ha-infiniti-volti-da-scoprire-tutti-i-prossimi-appuntamenti\\\/#primaryimage\",\"url\":\"https:\\\/\\\/www.bellunopress.it\\\/wp-content\\\/uploads\\\/2022\\\/01\\\/Inverno-Cortina-Foto-Bandion_edited.jpg\",\"contentUrl\":\"https:\\\/\\\/www.bellunopress.it\\\/wp-content\\\/uploads\\\/2022\\\/01\\\/Inverno-Cortina-Foto-Bandion_edited.jpg\",\"width\":1000,\"height\":672,\"caption\":\"Cortina d'Ampezzo, inverno 2022 (Foto Bandion)\"},{\"@type\":\"BreadcrumbList\",\"@id\":\"https:\\\/\\\/www.bellunopress.it\\\/2022\\\/01\\\/15\\\/a-cortina-linverno-ha-infiniti-volti-da-scoprire-tutti-i-prossimi-appuntamenti\\\/#breadcrumb\",\"itemListElement\":[{\"@type\":\"ListItem\",\"position\":1,\"name\":\"Home\",\"item\":\"https:\\\/\\\/www.bellunopress.it\\\/\"},{\"@type\":\"ListItem\",\"position\":2,\"name\":\"A Cortina l&#8217;inverno ha infiniti volti da scoprire: tutti i prossimi appuntamenti\"}]},{\"@type\":\"WebSite\",\"@id\":\"https:\\\/\\\/www.bellunopress.it\\\/#website\",\"url\":\"https:\\\/\\\/www.bellunopress.it\\\/\",\"name\":\"Bellunopress - Dolomiti\",\"description\":\"e-mail: redazione@bellunopress.it\",\"publisher\":{\"@id\":\"https:\\\/\\\/www.bellunopress.it\\\/#organization\"},\"potentialAction\":[{\"@type\":\"SearchAction\",\"target\":{\"@type\":\"EntryPoint\",\"urlTemplate\":\"https:\\\/\\\/www.bellunopress.it\\\/?s={search_term_string}\"},\"query-input\":{\"@type\":\"PropertyValueSpecification\",\"valueRequired\":true,\"valueName\":\"search_term_string\"}}],\"inLanguage\":\"fr-FR\"},{\"@type\":\"Organization\",\"@id\":\"https:\\\/\\\/www.bellunopress.it\\\/#organization\",\"name\":\"Bellunopress\",\"url\":\"https:\\\/\\\/www.bellunopress.it\\\/\",\"logo\":{\"@type\":\"ImageObject\",\"inLanguage\":\"fr-FR\",\"@id\":\"https:\\\/\\\/www.bellunopress.it\\\/#\\\/schema\\\/logo\\\/image\\\/\",\"url\":\"https:\\\/\\\/www.bellunopress.it\\\/wp-content\\\/uploads\\\/2011\\\/05\\\/cropped-logo-bellunopress-.jpg\",\"contentUrl\":\"https:\\\/\\\/www.bellunopress.it\\\/wp-content\\\/uploads\\\/2011\\\/05\\\/cropped-logo-bellunopress-.jpg\",\"width\":512,\"height\":512,\"caption\":\"Bellunopress\"},\"image\":{\"@id\":\"https:\\\/\\\/www.bellunopress.it\\\/#\\\/schema\\\/logo\\\/image\\\/\"},\"sameAs\":[\"https:\\\/\\\/www.facebook.com\\\/profile.php?id=100008943462799\",\"https:\\\/\\\/x.com\\\/bellunopress\",\"https:\\\/\\\/www.linkedin.com\\\/hp\\\/?dnr=JBzUWaJfMUw8vbXJJ2tVW5-I3jZKvC4wsoxE&amp;amp;amp;amp;amp;amp;trk=nav_responsive_tab_home\",\"https:\\\/\\\/www.youtube.com\\\/channel\\\/UCxL0wu1uN0_3_7hGG0306cw\"]},{\"@type\":\"Person\",\"@id\":\"https:\\\/\\\/www.bellunopress.it\\\/#\\\/schema\\\/person\\\/79bb06722b37ece1c03d3e94beb30d73\",\"name\":\"redazione\",\"image\":{\"@type\":\"ImageObject\",\"inLanguage\":\"fr-FR\",\"@id\":\"https:\\\/\\\/secure.gravatar.com\\\/avatar\\\/37d968a2e67a6fd04c169c4bdef102d0bc5d31b2546345219e348575eb80e9a0?s=96&d=mm&r=g\",\"url\":\"https:\\\/\\\/secure.gravatar.com\\\/avatar\\\/37d968a2e67a6fd04c169c4bdef102d0bc5d31b2546345219e348575eb80e9a0?s=96&d=mm&r=g\",\"contentUrl\":\"https:\\\/\\\/secure.gravatar.com\\\/avatar\\\/37d968a2e67a6fd04c169c4bdef102d0bc5d31b2546345219e348575eb80e9a0?s=96&d=mm&r=g\",\"caption\":\"redazione\"},\"sameAs\":[\"http:\\\/\\\/www.bellunopress.it\",\"https:\\\/\\\/x.com\\\/bellunopress\"],\"url\":\"https:\\\/\\\/www.bellunopress.it\\\/fr\\\/author\\\/redazione\\\/\"}]}<\/script>\n<!-- \/ Yoast SEO plugin. -->","yoast_head_json":{"title":"A Cortina l'inverno ha infiniti volti da scoprire: tutti i prossimi appuntamenti - Bellunopress - Dolomiti","robots":{"index":"index","follow":"follow","max-snippet":"max-snippet:-1","max-image-preview":"max-image-preview:large","max-video-preview":"max-video-preview:-1"},"canonical":"https:\/\/www.bellunopress.it\/fr\/2022\/01\/15\/a-cortina-linverno-ha-infiniti-volti-da-scoprire-tutti-i-prossimi-appuntamenti\/","og_locale":"fr_FR","og_type":"article","og_title":"A Cortina l'inverno ha infiniti volti da scoprire: tutti i prossimi appuntamenti - Bellunopress - Dolomiti","og_description":"CORTINA: I PROSSIMI APPUNTAMENTI Cortina d&#8217;Ampezzo, 15 gennaio 2022_Grandi appuntamenti sportivi e culturali, mostre e momenti da gustare, da cogliere al volo e da ricordare:\u00a0a\u00a0Cortina\u00a0l&#8217;inverno ha infiniti volti da scoprire. SPORT \u00a0International Motor Days 14-16 gennaio 2022 Adrenalina a Cortina d&#8217;Ampezzo con gli\u00a0International Motor Days. La Regina delle Dolomiti vivr\u00e0 infatti per la prima volta [&hellip;]","og_url":"https:\/\/www.bellunopress.it\/fr\/2022\/01\/15\/a-cortina-linverno-ha-infiniti-volti-da-scoprire-tutti-i-prossimi-appuntamenti\/","og_site_name":"Bellunopress - Dolomiti","article_publisher":"https:\/\/www.facebook.com\/profile.php?id=100008943462799","article_published_time":"2022-01-15T12:22:56+00:00","article_modified_time":"2022-01-15T12:25:34+00:00","og_image":[{"width":1000,"height":672,"url":"https:\/\/www.bellunopress.it\/wp-content\/uploads\/2022\/01\/Inverno-Cortina-Foto-Bandion_edited.jpg","type":"image\/jpeg"}],"author":"redazione","twitter_card":"summary_large_image","twitter_creator":"@bellunopress","twitter_site":"@bellunopress","twitter_misc":{"\u00c9crit par":"redazione","Dur\u00e9e de lecture estim\u00e9e":"11 minutes"},"schema":{"@context":"https:\/\/schema.org","@graph":[{"@type":"Article","@id":"https:\/\/www.bellunopress.it\/2022\/01\/15\/a-cortina-linverno-ha-infiniti-volti-da-scoprire-tutti-i-prossimi-appuntamenti\/#article","isPartOf":{"@id":"https:\/\/www.bellunopress.it\/2022\/01\/15\/a-cortina-linverno-ha-infiniti-volti-da-scoprire-tutti-i-prossimi-appuntamenti\/"},"author":{"name":"redazione","@id":"https:\/\/www.bellunopress.it\/#\/schema\/person\/79bb06722b37ece1c03d3e94beb30d73"},"headline":"A Cortina l&#8217;inverno ha infiniti volti da scoprire: tutti i prossimi appuntamenti","datePublished":"2022-01-15T12:22:56+00:00","dateModified":"2022-01-15T12:25:34+00:00","mainEntityOfPage":{"@id":"https:\/\/www.bellunopress.it\/2022\/01\/15\/a-cortina-linverno-ha-infiniti-volti-da-scoprire-tutti-i-prossimi-appuntamenti\/"},"wordCount":1958,"publisher":{"@id":"https:\/\/www.bellunopress.it\/#organization"},"image":{"@id":"https:\/\/www.bellunopress.it\/2022\/01\/15\/a-cortina-linverno-ha-infiniti-volti-da-scoprire-tutti-i-prossimi-appuntamenti\/#primaryimage"},"thumbnailUrl":"https:\/\/www.bellunopress.it\/wp-content\/uploads\/2022\/01\/Inverno-Cortina-Foto-Bandion_edited.jpg","articleSection":["Appuntamenti, Eventi","Pausa Caff\u00e8","Sport, tempo libero"],"inLanguage":"fr-FR"},{"@type":"WebPage","@id":"https:\/\/www.bellunopress.it\/2022\/01\/15\/a-cortina-linverno-ha-infiniti-volti-da-scoprire-tutti-i-prossimi-appuntamenti\/","url":"https:\/\/www.bellunopress.it\/2022\/01\/15\/a-cortina-linverno-ha-infiniti-volti-da-scoprire-tutti-i-prossimi-appuntamenti\/","name":"A Cortina l'inverno ha infiniti volti da scoprire: tutti i prossimi appuntamenti - Bellunopress - Dolomiti","isPartOf":{"@id":"https:\/\/www.bellunopress.it\/#website"},"primaryImageOfPage":{"@id":"https:\/\/www.bellunopress.it\/2022\/01\/15\/a-cortina-linverno-ha-infiniti-volti-da-scoprire-tutti-i-prossimi-appuntamenti\/#primaryimage"},"image":{"@id":"https:\/\/www.bellunopress.it\/2022\/01\/15\/a-cortina-linverno-ha-infiniti-volti-da-scoprire-tutti-i-prossimi-appuntamenti\/#primaryimage"},"thumbnailUrl":"https:\/\/www.bellunopress.it\/wp-content\/uploads\/2022\/01\/Inverno-Cortina-Foto-Bandion_edited.jpg","datePublished":"2022-01-15T12:22:56+00:00","dateModified":"2022-01-15T12:25:34+00:00","breadcrumb":{"@id":"https:\/\/www.bellunopress.it\/2022\/01\/15\/a-cortina-linverno-ha-infiniti-volti-da-scoprire-tutti-i-prossimi-appuntamenti\/#breadcrumb"},"inLanguage":"fr-FR","potentialAction":[{"@type":"ReadAction","target":["https:\/\/www.bellunopress.it\/2022\/01\/15\/a-cortina-linverno-ha-infiniti-volti-da-scoprire-tutti-i-prossimi-appuntamenti\/"]}]},{"@type":"ImageObject","inLanguage":"fr-FR","@id":"https:\/\/www.bellunopress.it\/2022\/01\/15\/a-cortina-linverno-ha-infiniti-volti-da-scoprire-tutti-i-prossimi-appuntamenti\/#primaryimage","url":"https:\/\/www.bellunopress.it\/wp-content\/uploads\/2022\/01\/Inverno-Cortina-Foto-Bandion_edited.jpg","contentUrl":"https:\/\/www.bellunopress.it\/wp-content\/uploads\/2022\/01\/Inverno-Cortina-Foto-Bandion_edited.jpg","width":1000,"height":672,"caption":"Cortina d'Ampezzo, inverno 2022 (Foto Bandion)"},{"@type":"BreadcrumbList","@id":"https:\/\/www.bellunopress.it\/2022\/01\/15\/a-cortina-linverno-ha-infiniti-volti-da-scoprire-tutti-i-prossimi-appuntamenti\/#breadcrumb","itemListElement":[{"@type":"ListItem","position":1,"name":"Home","item":"https:\/\/www.bellunopress.it\/"},{"@type":"ListItem","position":2,"name":"A Cortina l&#8217;inverno ha infiniti volti da scoprire: tutti i prossimi appuntamenti"}]},{"@type":"WebSite","@id":"https:\/\/www.bellunopress.it\/#website","url":"https:\/\/www.bellunopress.it\/","name":"Bellunopress - Dolomiti","description":"e-mail: redazione@bellunopress.it","publisher":{"@id":"https:\/\/www.bellunopress.it\/#organization"},"potentialAction":[{"@type":"SearchAction","target":{"@type":"EntryPoint","urlTemplate":"https:\/\/www.bellunopress.it\/?s={search_term_string}"},"query-input":{"@type":"PropertyValueSpecification","valueRequired":true,"valueName":"search_term_string"}}],"inLanguage":"fr-FR"},{"@type":"Organization","@id":"https:\/\/www.bellunopress.it\/#organization","name":"Bellunopress","url":"https:\/\/www.bellunopress.it\/","logo":{"@type":"ImageObject","inLanguage":"fr-FR","@id":"https:\/\/www.bellunopress.it\/#\/schema\/logo\/image\/","url":"https:\/\/www.bellunopress.it\/wp-content\/uploads\/2011\/05\/cropped-logo-bellunopress-.jpg","contentUrl":"https:\/\/www.bellunopress.it\/wp-content\/uploads\/2011\/05\/cropped-logo-bellunopress-.jpg","width":512,"height":512,"caption":"Bellunopress"},"image":{"@id":"https:\/\/www.bellunopress.it\/#\/schema\/logo\/image\/"},"sameAs":["https:\/\/www.facebook.com\/profile.php?id=100008943462799","https:\/\/x.com\/bellunopress","https:\/\/www.linkedin.com\/hp\/?dnr=JBzUWaJfMUw8vbXJJ2tVW5-I3jZKvC4wsoxE&amp;amp;amp;amp;amp;amp;trk=nav_responsive_tab_home","https:\/\/www.youtube.com\/channel\/UCxL0wu1uN0_3_7hGG0306cw"]},{"@type":"Person","@id":"https:\/\/www.bellunopress.it\/#\/schema\/person\/79bb06722b37ece1c03d3e94beb30d73","name":"r\u00e9daction","image":{"@type":"ImageObject","inLanguage":"fr-FR","@id":"https:\/\/secure.gravatar.com\/avatar\/37d968a2e67a6fd04c169c4bdef102d0bc5d31b2546345219e348575eb80e9a0?s=96&d=mm&r=g","url":"https:\/\/secure.gravatar.com\/avatar\/37d968a2e67a6fd04c169c4bdef102d0bc5d31b2546345219e348575eb80e9a0?s=96&d=mm&r=g","contentUrl":"https:\/\/secure.gravatar.com\/avatar\/37d968a2e67a6fd04c169c4bdef102d0bc5d31b2546345219e348575eb80e9a0?s=96&d=mm&r=g","caption":"redazione"},"sameAs":["http:\/\/www.bellunopress.it","https:\/\/x.com\/bellunopress"],"url":"https:\/\/www.bellunopress.it\/fr\/author\/redazione\/"}]}},"_links":{"self":[{"href":"https:\/\/www.bellunopress.it\/fr\/wp-json\/wp\/v2\/posts\/130645","targetHints":{"allow":["GET"]}}],"collection":[{"href":"https:\/\/www.bellunopress.it\/fr\/wp-json\/wp\/v2\/posts"}],"about":[{"href":"https:\/\/www.bellunopress.it\/fr\/wp-json\/wp\/v2\/types\/post"}],"author":[{"embeddable":true,"href":"https:\/\/www.bellunopress.it\/fr\/wp-json\/wp\/v2\/users\/2"}],"replies":[{"embeddable":true,"href":"https:\/\/www.bellunopress.it\/fr\/wp-json\/wp\/v2\/comments?post=130645"}],"version-history":[{"count":2,"href":"https:\/\/www.bellunopress.it\/fr\/wp-json\/wp\/v2\/posts\/130645\/revisions"}],"predecessor-version":[{"id":130648,"href":"https:\/\/www.bellunopress.it\/fr\/wp-json\/wp\/v2\/posts\/130645\/revisions\/130648"}],"wp:featuredmedia":[{"embeddable":true,"href":"https:\/\/www.bellunopress.it\/fr\/wp-json\/wp\/v2\/media\/130646"}],"wp:attachment":[{"href":"https:\/\/www.bellunopress.it\/fr\/wp-json\/wp\/v2\/media?parent=130645"}],"wp:term":[{"taxonomy":"category","embeddable":true,"href":"https:\/\/www.bellunopress.it\/fr\/wp-json\/wp\/v2\/categories?post=130645"},{"taxonomy":"post_tag","embeddable":true,"href":"https:\/\/www.bellunopress.it\/fr\/wp-json\/wp\/v2\/tags?post=130645"}],"curies":[{"name":"wp","href":"https:\/\/api.w.org\/{rel}","templated":true}]}}