{"id":130640,"date":"2022-01-15T12:59:16","date_gmt":"2022-01-15T11:59:16","guid":{"rendered":"https:\/\/www.bellunopress.it\/?p=130640"},"modified":"2022-01-15T12:59:16","modified_gmt":"2022-01-15T11:59:16","slug":"nuovi-supermercati-negozi-di-vicinato-commercio-in-citta-addamiano-chiede-la-convocazione-della-i-commissione-consiliare-permanente","status":"publish","type":"post","link":"https:\/\/www.bellunopress.it\/fr\/2022\/01\/15\/nuovi-supermercati-negozi-di-vicinato-commercio-in-citta-addamiano-chiede-la-convocazione-della-i-commissione-consiliare-permanente\/","title":{"rendered":"Nuovi supermercati, negozi di vicinato, commercio in citt\u00e0. Addamiano chiede la convocazione della I^ Commissione consiliare permanente"},"content":{"rendered":"<figure id=\"attachment_101673\" aria-describedby=\"caption-attachment-101673\" style=\"width: 284px\" class=\"wp-caption alignleft\"><img loading=\"lazy\" decoding=\"async\" class=\"size-full wp-image-101673\" src=\"https:\/\/www.bellunopress.it\/wp-content\/uploads\/2019\/02\/raffaele-addamiano.jpg\" alt=\"\" width=\"284\" height=\"300\" \/><figcaption id=\"caption-attachment-101673\" class=\"wp-caption-text\">Raffaele Addamiano<\/figcaption><\/figure>\n<p>In relazione alle notizie sulle nuove aperture di supermercati a Belluno in via Lungardo e a Baldenich, e delle chiusure dei negozi di generi alimentari a Cavarzano e a Salce, il consigliere comunale Raffaele Addamiano (Lista Obiettivo Belluno &#8211; Fratelli d\u2019Italia) ha richiesto la convocazione della I^ Commissione Consiliare Permanente.<\/p>\n<p>&#8220;Signor Presidente &#8211; scrive Addamiano al presidente del Consiglio comunale di Belluno Francesco Rasera Berna &#8211; chiedo con la presente missiva alla S.V. la convocazione della Commissione da Lei diretta per discutere insieme al Sindaco e\/o all\u2019Assessore competente per la materia delle attivit\u00e0 economiche e produttive dell\u2019importante tematica in esame&#8221;.<br \/>\n&#8220;Ora &#8211; prosegue Addamiano &#8211; al di l\u00e0 del fatto che, con specifico riferimento alla zona tra le vie Vittorio Veneto e Tiziano Vecellio, potrebbero aversi in circa tre chilometri di arteria ben 7 supermercati con rilevanti, pi\u00f9 che potenziali ricadute in termini di connesso depauperamento del centro cittadino, di aumento del traffico in loco nonch\u00e9 di sovrapposizione di offerta commerciale, va evidenziato che pur in un moderno regime di libero mercato il cittadino-consumatore dovrebbe poter contare non solo sulla cosiddetta grande distribuzione, ma, altres\u00ec, sui piccoli negozi di vicinato, veri baluardi contro lo spopolamento e fondamentali presidi di socializzazione, massimamente in questi difficili tempi di pandemia cinese.<br \/>\nAl riguardo, rammento, da un lato, la Legge Regionale 28\/12\/2012 nr. 50 &#8220;Politiche per lo sviluppo del sistema commerciale nella Regione del Veneto&#8221; che promuove lo sviluppo del settore relativo al commercio mediante l&#8217;attivazione di specifiche misure finanziarie destinate ai Comuni e agli operatori del settore medesimo con particolare riferimento all&#8217;attivit\u00e0 di commercio svolta nell&#8217;ambito dei centri storici e urbani e, dall\u2019altro, che secondo Confcommercio Veneto dal 2015 al 2018 la cosiddetta grande distribuzione \u00e8 cresciuta del 9,8% mentre i sopra citati negozi di vicinato hanno subito un calo di circa il 6% in termini di consistenza numerica. Tali ultimi dati, a tutta evidenza, non tengono, per\u00f2, conto delle gravissime, ulteriori ripercussioni determinate in merito nel corso del biennio 2020-2021 dal virus Covid 19 che, tuttavia, ha visto oltre il 66% dei\u00a0consumatori italiani cercare di aiutare il proprio negozio di fiducia mantenendo la sua frequentazione per gli acquisti.<br \/>\nDunque, credo che sia assolutamente necessario affrontare nella sede istituzionale deputata la questione in oggetto e ci\u00f2 con una attenzione privilegiata al piccolo commercio, oggi purtroppo in grande sofferenza, perch\u00e9, come affermava di recente il Presidente di UNCEM, \u201cQuando chiude una bottega, spesso chiude un paese\u201d.<\/p>\n<p>&nbsp;<\/p>\n<p>&nbsp;<\/p>","protected":false},"excerpt":{"rendered":"<p>In relazione alle notizie sulle nuove aperture di supermercati a Belluno in via Lungardo e a Baldenich, e delle chiusure dei negozi di generi alimentari a Cavarzano e a Salce, il consigliere comunale Raffaele Addamiano (Lista Obiettivo Belluno &#8211; Fratelli d\u2019Italia) ha richiesto la convocazione della I^ Commissione Consiliare Permanente. &#8220;Signor Presidente &#8211; scrive Addamiano [&hellip;]<\/p>\n","protected":false},"author":2,"featured_media":101673,"comment_status":"closed","ping_status":"open","sticky":false,"template":"","format":"standard","meta":{"footnotes":""},"categories":[5,26],"tags":[],"class_list":["post-130640","post","type-post","status-publish","format-standard","has-post-thumbnail","category-cronaca","category-prima-pagina"],"yoast_head":"<!-- This site is optimized with the Yoast SEO plugin v28.4 - https:\/\/yoast.com\/product\/yoast-seo-wordpress\/ -->\n<title>Nuovi supermercati, negozi di vicinato, commercio in citt\u00e0. Addamiano chiede la convocazione della I^ Commissione consiliare permanente - Bellunopress - Dolomiti<\/title>\n<meta name=\"robots\" content=\"index, follow, max-snippet:-1, max-image-preview:large, max-video-preview:-1\" \/>\n<link rel=\"canonical\" href=\"https:\/\/www.bellunopress.it\/fr\/2022\/01\/15\/nuovi-supermercati-negozi-di-vicinato-commercio-in-citta-addamiano-chiede-la-convocazione-della-i-commissione-consiliare-permanente\/\" \/>\n<meta property=\"og:locale\" content=\"fr_FR\" \/>\n<meta property=\"og:type\" content=\"article\" \/>\n<meta property=\"og:title\" content=\"Nuovi supermercati, negozi di vicinato, commercio in citt\u00e0. Addamiano chiede la convocazione della I^ Commissione consiliare permanente - Bellunopress - Dolomiti\" \/>\n<meta property=\"og:description\" content=\"In relazione alle notizie sulle nuove aperture di supermercati a Belluno in via Lungardo e a Baldenich, e delle chiusure dei negozi di generi alimentari a Cavarzano e a Salce, il consigliere comunale Raffaele Addamiano (Lista Obiettivo Belluno &#8211; Fratelli d\u2019Italia) ha richiesto la convocazione della I^ Commissione Consiliare Permanente. &#8220;Signor Presidente &#8211; scrive Addamiano [&hellip;]\" \/>\n<meta property=\"og:url\" content=\"https:\/\/www.bellunopress.it\/fr\/2022\/01\/15\/nuovi-supermercati-negozi-di-vicinato-commercio-in-citta-addamiano-chiede-la-convocazione-della-i-commissione-consiliare-permanente\/\" \/>\n<meta property=\"og:site_name\" content=\"Bellunopress - Dolomiti\" \/>\n<meta property=\"article:publisher\" content=\"https:\/\/www.facebook.com\/profile.php?id=100008943462799\" \/>\n<meta property=\"article:published_time\" content=\"2022-01-15T11:59:16+00:00\" \/>\n<meta property=\"og:image\" content=\"https:\/\/www.bellunopress.it\/wp-content\/uploads\/2019\/02\/raffaele-addamiano.jpg\" \/>\n\t<meta property=\"og:image:width\" content=\"284\" \/>\n\t<meta property=\"og:image:height\" content=\"300\" \/>\n\t<meta property=\"og:image:type\" content=\"image\/jpeg\" \/>\n<meta name=\"author\" content=\"redazione\" \/>\n<meta name=\"twitter:card\" content=\"summary_large_image\" \/>\n<meta name=\"twitter:creator\" content=\"@bellunopress\" \/>\n<meta name=\"twitter:site\" content=\"@bellunopress\" \/>\n<meta name=\"twitter:label1\" content=\"\u00c9crit par\" \/>\n\t<meta name=\"twitter:data1\" content=\"redazione\" \/>\n\t<meta name=\"twitter:label2\" content=\"Dur\u00e9e de lecture estim\u00e9e\" \/>\n\t<meta name=\"twitter:data2\" content=\"3 minutes\" \/>\n<script type=\"application\/ld+json\" class=\"yoast-schema-graph\">{\"@context\":\"https:\\\/\\\/schema.org\",\"@graph\":[{\"@type\":\"Article\",\"@id\":\"https:\\\/\\\/www.bellunopress.it\\\/2022\\\/01\\\/15\\\/nuovi-supermercati-negozi-di-vicinato-commercio-in-citta-addamiano-chiede-la-convocazione-della-i-commissione-consiliare-permanente\\\/#article\",\"isPartOf\":{\"@id\":\"https:\\\/\\\/www.bellunopress.it\\\/2022\\\/01\\\/15\\\/nuovi-supermercati-negozi-di-vicinato-commercio-in-citta-addamiano-chiede-la-convocazione-della-i-commissione-consiliare-permanente\\\/\"},\"author\":{\"name\":\"redazione\",\"@id\":\"https:\\\/\\\/www.bellunopress.it\\\/#\\\/schema\\\/person\\\/79bb06722b37ece1c03d3e94beb30d73\"},\"headline\":\"Nuovi supermercati, negozi di vicinato, commercio in citt\u00e0. Addamiano chiede la convocazione della I^ Commissione consiliare permanente\",\"datePublished\":\"2022-01-15T11:59:16+00:00\",\"mainEntityOfPage\":{\"@id\":\"https:\\\/\\\/www.bellunopress.it\\\/2022\\\/01\\\/15\\\/nuovi-supermercati-negozi-di-vicinato-commercio-in-citta-addamiano-chiede-la-convocazione-della-i-commissione-consiliare-permanente\\\/\"},\"wordCount\":430,\"publisher\":{\"@id\":\"https:\\\/\\\/www.bellunopress.it\\\/#organization\"},\"image\":{\"@id\":\"https:\\\/\\\/www.bellunopress.it\\\/2022\\\/01\\\/15\\\/nuovi-supermercati-negozi-di-vicinato-commercio-in-citta-addamiano-chiede-la-convocazione-della-i-commissione-consiliare-permanente\\\/#primaryimage\"},\"thumbnailUrl\":\"https:\\\/\\\/www.bellunopress.it\\\/wp-content\\\/uploads\\\/2019\\\/02\\\/raffaele-addamiano.jpg\",\"articleSection\":[\"Cronaca\\\/Politica\",\"Prima Pagina\"],\"inLanguage\":\"fr-FR\"},{\"@type\":\"WebPage\",\"@id\":\"https:\\\/\\\/www.bellunopress.it\\\/2022\\\/01\\\/15\\\/nuovi-supermercati-negozi-di-vicinato-commercio-in-citta-addamiano-chiede-la-convocazione-della-i-commissione-consiliare-permanente\\\/\",\"url\":\"https:\\\/\\\/www.bellunopress.it\\\/2022\\\/01\\\/15\\\/nuovi-supermercati-negozi-di-vicinato-commercio-in-citta-addamiano-chiede-la-convocazione-della-i-commissione-consiliare-permanente\\\/\",\"name\":\"Nuovi supermercati, negozi di vicinato, commercio in citt\u00e0. Addamiano chiede la convocazione della I^ Commissione consiliare permanente - Bellunopress - Dolomiti\",\"isPartOf\":{\"@id\":\"https:\\\/\\\/www.bellunopress.it\\\/#website\"},\"primaryImageOfPage\":{\"@id\":\"https:\\\/\\\/www.bellunopress.it\\\/2022\\\/01\\\/15\\\/nuovi-supermercati-negozi-di-vicinato-commercio-in-citta-addamiano-chiede-la-convocazione-della-i-commissione-consiliare-permanente\\\/#primaryimage\"},\"image\":{\"@id\":\"https:\\\/\\\/www.bellunopress.it\\\/2022\\\/01\\\/15\\\/nuovi-supermercati-negozi-di-vicinato-commercio-in-citta-addamiano-chiede-la-convocazione-della-i-commissione-consiliare-permanente\\\/#primaryimage\"},\"thumbnailUrl\":\"https:\\\/\\\/www.bellunopress.it\\\/wp-content\\\/uploads\\\/2019\\\/02\\\/raffaele-addamiano.jpg\",\"datePublished\":\"2022-01-15T11:59:16+00:00\",\"breadcrumb\":{\"@id\":\"https:\\\/\\\/www.bellunopress.it\\\/2022\\\/01\\\/15\\\/nuovi-supermercati-negozi-di-vicinato-commercio-in-citta-addamiano-chiede-la-convocazione-della-i-commissione-consiliare-permanente\\\/#breadcrumb\"},\"inLanguage\":\"fr-FR\",\"potentialAction\":[{\"@type\":\"ReadAction\",\"target\":[\"https:\\\/\\\/www.bellunopress.it\\\/2022\\\/01\\\/15\\\/nuovi-supermercati-negozi-di-vicinato-commercio-in-citta-addamiano-chiede-la-convocazione-della-i-commissione-consiliare-permanente\\\/\"]}]},{\"@type\":\"ImageObject\",\"inLanguage\":\"fr-FR\",\"@id\":\"https:\\\/\\\/www.bellunopress.it\\\/2022\\\/01\\\/15\\\/nuovi-supermercati-negozi-di-vicinato-commercio-in-citta-addamiano-chiede-la-convocazione-della-i-commissione-consiliare-permanente\\\/#primaryimage\",\"url\":\"https:\\\/\\\/www.bellunopress.it\\\/wp-content\\\/uploads\\\/2019\\\/02\\\/raffaele-addamiano.jpg\",\"contentUrl\":\"https:\\\/\\\/www.bellunopress.it\\\/wp-content\\\/uploads\\\/2019\\\/02\\\/raffaele-addamiano.jpg\",\"width\":284,\"height\":300,\"caption\":\"Raffaele Addamiano, , assessore alla Sicurezza del Comune di Belluno\"},{\"@type\":\"BreadcrumbList\",\"@id\":\"https:\\\/\\\/www.bellunopress.it\\\/2022\\\/01\\\/15\\\/nuovi-supermercati-negozi-di-vicinato-commercio-in-citta-addamiano-chiede-la-convocazione-della-i-commissione-consiliare-permanente\\\/#breadcrumb\",\"itemListElement\":[{\"@type\":\"ListItem\",\"position\":1,\"name\":\"Home\",\"item\":\"https:\\\/\\\/www.bellunopress.it\\\/\"},{\"@type\":\"ListItem\",\"position\":2,\"name\":\"Nuovi supermercati, negozi di vicinato, commercio in citt\u00e0. Addamiano chiede la convocazione della I^ Commissione consiliare permanente\"}]},{\"@type\":\"WebSite\",\"@id\":\"https:\\\/\\\/www.bellunopress.it\\\/#website\",\"url\":\"https:\\\/\\\/www.bellunopress.it\\\/\",\"name\":\"Bellunopress - Dolomiti\",\"description\":\"e-mail: redazione@bellunopress.it\",\"publisher\":{\"@id\":\"https:\\\/\\\/www.bellunopress.it\\\/#organization\"},\"potentialAction\":[{\"@type\":\"SearchAction\",\"target\":{\"@type\":\"EntryPoint\",\"urlTemplate\":\"https:\\\/\\\/www.bellunopress.it\\\/?s={search_term_string}\"},\"query-input\":{\"@type\":\"PropertyValueSpecification\",\"valueRequired\":true,\"valueName\":\"search_term_string\"}}],\"inLanguage\":\"fr-FR\"},{\"@type\":\"Organization\",\"@id\":\"https:\\\/\\\/www.bellunopress.it\\\/#organization\",\"name\":\"Bellunopress\",\"url\":\"https:\\\/\\\/www.bellunopress.it\\\/\",\"logo\":{\"@type\":\"ImageObject\",\"inLanguage\":\"fr-FR\",\"@id\":\"https:\\\/\\\/www.bellunopress.it\\\/#\\\/schema\\\/logo\\\/image\\\/\",\"url\":\"https:\\\/\\\/www.bellunopress.it\\\/wp-content\\\/uploads\\\/2011\\\/05\\\/cropped-logo-bellunopress-.jpg\",\"contentUrl\":\"https:\\\/\\\/www.bellunopress.it\\\/wp-content\\\/uploads\\\/2011\\\/05\\\/cropped-logo-bellunopress-.jpg\",\"width\":512,\"height\":512,\"caption\":\"Bellunopress\"},\"image\":{\"@id\":\"https:\\\/\\\/www.bellunopress.it\\\/#\\\/schema\\\/logo\\\/image\\\/\"},\"sameAs\":[\"https:\\\/\\\/www.facebook.com\\\/profile.php?id=100008943462799\",\"https:\\\/\\\/x.com\\\/bellunopress\",\"https:\\\/\\\/www.linkedin.com\\\/hp\\\/?dnr=JBzUWaJfMUw8vbXJJ2tVW5-I3jZKvC4wsoxE&amp;amp;amp;amp;amp;amp;trk=nav_responsive_tab_home\",\"https:\\\/\\\/www.youtube.com\\\/channel\\\/UCxL0wu1uN0_3_7hGG0306cw\"]},{\"@type\":\"Person\",\"@id\":\"https:\\\/\\\/www.bellunopress.it\\\/#\\\/schema\\\/person\\\/79bb06722b37ece1c03d3e94beb30d73\",\"name\":\"redazione\",\"image\":{\"@type\":\"ImageObject\",\"inLanguage\":\"fr-FR\",\"@id\":\"https:\\\/\\\/secure.gravatar.com\\\/avatar\\\/37d968a2e67a6fd04c169c4bdef102d0bc5d31b2546345219e348575eb80e9a0?s=96&d=mm&r=g\",\"url\":\"https:\\\/\\\/secure.gravatar.com\\\/avatar\\\/37d968a2e67a6fd04c169c4bdef102d0bc5d31b2546345219e348575eb80e9a0?s=96&d=mm&r=g\",\"contentUrl\":\"https:\\\/\\\/secure.gravatar.com\\\/avatar\\\/37d968a2e67a6fd04c169c4bdef102d0bc5d31b2546345219e348575eb80e9a0?s=96&d=mm&r=g\",\"caption\":\"redazione\"},\"sameAs\":[\"http:\\\/\\\/www.bellunopress.it\",\"https:\\\/\\\/x.com\\\/bellunopress\"],\"url\":\"https:\\\/\\\/www.bellunopress.it\\\/fr\\\/author\\\/redazione\\\/\"}]}<\/script>\n<!-- \/ Yoast SEO plugin. -->","yoast_head_json":{"title":"Nuovi supermercati, negozi di vicinato, commercio in citt\u00e0. Addamiano chiede la convocazione della I^ Commissione consiliare permanente - Bellunopress - Dolomiti","robots":{"index":"index","follow":"follow","max-snippet":"max-snippet:-1","max-image-preview":"max-image-preview:large","max-video-preview":"max-video-preview:-1"},"canonical":"https:\/\/www.bellunopress.it\/fr\/2022\/01\/15\/nuovi-supermercati-negozi-di-vicinato-commercio-in-citta-addamiano-chiede-la-convocazione-della-i-commissione-consiliare-permanente\/","og_locale":"fr_FR","og_type":"article","og_title":"Nuovi supermercati, negozi di vicinato, commercio in citt\u00e0. Addamiano chiede la convocazione della I^ Commissione consiliare permanente - Bellunopress - Dolomiti","og_description":"In relazione alle notizie sulle nuove aperture di supermercati a Belluno in via Lungardo e a Baldenich, e delle chiusure dei negozi di generi alimentari a Cavarzano e a Salce, il consigliere comunale Raffaele Addamiano (Lista Obiettivo Belluno &#8211; Fratelli d\u2019Italia) ha richiesto la convocazione della I^ Commissione Consiliare Permanente. &#8220;Signor Presidente &#8211; scrive Addamiano [&hellip;]","og_url":"https:\/\/www.bellunopress.it\/fr\/2022\/01\/15\/nuovi-supermercati-negozi-di-vicinato-commercio-in-citta-addamiano-chiede-la-convocazione-della-i-commissione-consiliare-permanente\/","og_site_name":"Bellunopress - Dolomiti","article_publisher":"https:\/\/www.facebook.com\/profile.php?id=100008943462799","article_published_time":"2022-01-15T11:59:16+00:00","og_image":[{"width":284,"height":300,"url":"https:\/\/www.bellunopress.it\/wp-content\/uploads\/2019\/02\/raffaele-addamiano.jpg","type":"image\/jpeg"}],"author":"redazione","twitter_card":"summary_large_image","twitter_creator":"@bellunopress","twitter_site":"@bellunopress","twitter_misc":{"\u00c9crit par":"redazione","Dur\u00e9e de lecture estim\u00e9e":"3 minutes"},"schema":{"@context":"https:\/\/schema.org","@graph":[{"@type":"Article","@id":"https:\/\/www.bellunopress.it\/2022\/01\/15\/nuovi-supermercati-negozi-di-vicinato-commercio-in-citta-addamiano-chiede-la-convocazione-della-i-commissione-consiliare-permanente\/#article","isPartOf":{"@id":"https:\/\/www.bellunopress.it\/2022\/01\/15\/nuovi-supermercati-negozi-di-vicinato-commercio-in-citta-addamiano-chiede-la-convocazione-della-i-commissione-consiliare-permanente\/"},"author":{"name":"redazione","@id":"https:\/\/www.bellunopress.it\/#\/schema\/person\/79bb06722b37ece1c03d3e94beb30d73"},"headline":"Nuovi supermercati, negozi di vicinato, commercio in citt\u00e0. Addamiano chiede la convocazione della I^ Commissione consiliare permanente","datePublished":"2022-01-15T11:59:16+00:00","mainEntityOfPage":{"@id":"https:\/\/www.bellunopress.it\/2022\/01\/15\/nuovi-supermercati-negozi-di-vicinato-commercio-in-citta-addamiano-chiede-la-convocazione-della-i-commissione-consiliare-permanente\/"},"wordCount":430,"publisher":{"@id":"https:\/\/www.bellunopress.it\/#organization"},"image":{"@id":"https:\/\/www.bellunopress.it\/2022\/01\/15\/nuovi-supermercati-negozi-di-vicinato-commercio-in-citta-addamiano-chiede-la-convocazione-della-i-commissione-consiliare-permanente\/#primaryimage"},"thumbnailUrl":"https:\/\/www.bellunopress.it\/wp-content\/uploads\/2019\/02\/raffaele-addamiano.jpg","articleSection":["Cronaca\/Politica","Prima Pagina"],"inLanguage":"fr-FR"},{"@type":"WebPage","@id":"https:\/\/www.bellunopress.it\/2022\/01\/15\/nuovi-supermercati-negozi-di-vicinato-commercio-in-citta-addamiano-chiede-la-convocazione-della-i-commissione-consiliare-permanente\/","url":"https:\/\/www.bellunopress.it\/2022\/01\/15\/nuovi-supermercati-negozi-di-vicinato-commercio-in-citta-addamiano-chiede-la-convocazione-della-i-commissione-consiliare-permanente\/","name":"Nuovi supermercati, negozi di vicinato, commercio in citt\u00e0. Addamiano chiede la convocazione della I^ Commissione consiliare permanente - Bellunopress - Dolomiti","isPartOf":{"@id":"https:\/\/www.bellunopress.it\/#website"},"primaryImageOfPage":{"@id":"https:\/\/www.bellunopress.it\/2022\/01\/15\/nuovi-supermercati-negozi-di-vicinato-commercio-in-citta-addamiano-chiede-la-convocazione-della-i-commissione-consiliare-permanente\/#primaryimage"},"image":{"@id":"https:\/\/www.bellunopress.it\/2022\/01\/15\/nuovi-supermercati-negozi-di-vicinato-commercio-in-citta-addamiano-chiede-la-convocazione-della-i-commissione-consiliare-permanente\/#primaryimage"},"thumbnailUrl":"https:\/\/www.bellunopress.it\/wp-content\/uploads\/2019\/02\/raffaele-addamiano.jpg","datePublished":"2022-01-15T11:59:16+00:00","breadcrumb":{"@id":"https:\/\/www.bellunopress.it\/2022\/01\/15\/nuovi-supermercati-negozi-di-vicinato-commercio-in-citta-addamiano-chiede-la-convocazione-della-i-commissione-consiliare-permanente\/#breadcrumb"},"inLanguage":"fr-FR","potentialAction":[{"@type":"ReadAction","target":["https:\/\/www.bellunopress.it\/2022\/01\/15\/nuovi-supermercati-negozi-di-vicinato-commercio-in-citta-addamiano-chiede-la-convocazione-della-i-commissione-consiliare-permanente\/"]}]},{"@type":"ImageObject","inLanguage":"fr-FR","@id":"https:\/\/www.bellunopress.it\/2022\/01\/15\/nuovi-supermercati-negozi-di-vicinato-commercio-in-citta-addamiano-chiede-la-convocazione-della-i-commissione-consiliare-permanente\/#primaryimage","url":"https:\/\/www.bellunopress.it\/wp-content\/uploads\/2019\/02\/raffaele-addamiano.jpg","contentUrl":"https:\/\/www.bellunopress.it\/wp-content\/uploads\/2019\/02\/raffaele-addamiano.jpg","width":284,"height":300,"caption":"Raffaele Addamiano, , assessore alla Sicurezza del Comune di Belluno"},{"@type":"BreadcrumbList","@id":"https:\/\/www.bellunopress.it\/2022\/01\/15\/nuovi-supermercati-negozi-di-vicinato-commercio-in-citta-addamiano-chiede-la-convocazione-della-i-commissione-consiliare-permanente\/#breadcrumb","itemListElement":[{"@type":"ListItem","position":1,"name":"Home","item":"https:\/\/www.bellunopress.it\/"},{"@type":"ListItem","position":2,"name":"Nuovi supermercati, negozi di vicinato, commercio in citt\u00e0. Addamiano chiede la convocazione della I^ Commissione consiliare permanente"}]},{"@type":"WebSite","@id":"https:\/\/www.bellunopress.it\/#website","url":"https:\/\/www.bellunopress.it\/","name":"Bellunopress - Dolomiti","description":"e-mail: redazione@bellunopress.it","publisher":{"@id":"https:\/\/www.bellunopress.it\/#organization"},"potentialAction":[{"@type":"SearchAction","target":{"@type":"EntryPoint","urlTemplate":"https:\/\/www.bellunopress.it\/?s={search_term_string}"},"query-input":{"@type":"PropertyValueSpecification","valueRequired":true,"valueName":"search_term_string"}}],"inLanguage":"fr-FR"},{"@type":"Organization","@id":"https:\/\/www.bellunopress.it\/#organization","name":"Bellunopress","url":"https:\/\/www.bellunopress.it\/","logo":{"@type":"ImageObject","inLanguage":"fr-FR","@id":"https:\/\/www.bellunopress.it\/#\/schema\/logo\/image\/","url":"https:\/\/www.bellunopress.it\/wp-content\/uploads\/2011\/05\/cropped-logo-bellunopress-.jpg","contentUrl":"https:\/\/www.bellunopress.it\/wp-content\/uploads\/2011\/05\/cropped-logo-bellunopress-.jpg","width":512,"height":512,"caption":"Bellunopress"},"image":{"@id":"https:\/\/www.bellunopress.it\/#\/schema\/logo\/image\/"},"sameAs":["https:\/\/www.facebook.com\/profile.php?id=100008943462799","https:\/\/x.com\/bellunopress","https:\/\/www.linkedin.com\/hp\/?dnr=JBzUWaJfMUw8vbXJJ2tVW5-I3jZKvC4wsoxE&amp;amp;amp;amp;amp;amp;trk=nav_responsive_tab_home","https:\/\/www.youtube.com\/channel\/UCxL0wu1uN0_3_7hGG0306cw"]},{"@type":"Person","@id":"https:\/\/www.bellunopress.it\/#\/schema\/person\/79bb06722b37ece1c03d3e94beb30d73","name":"r\u00e9daction","image":{"@type":"ImageObject","inLanguage":"fr-FR","@id":"https:\/\/secure.gravatar.com\/avatar\/37d968a2e67a6fd04c169c4bdef102d0bc5d31b2546345219e348575eb80e9a0?s=96&d=mm&r=g","url":"https:\/\/secure.gravatar.com\/avatar\/37d968a2e67a6fd04c169c4bdef102d0bc5d31b2546345219e348575eb80e9a0?s=96&d=mm&r=g","contentUrl":"https:\/\/secure.gravatar.com\/avatar\/37d968a2e67a6fd04c169c4bdef102d0bc5d31b2546345219e348575eb80e9a0?s=96&d=mm&r=g","caption":"redazione"},"sameAs":["http:\/\/www.bellunopress.it","https:\/\/x.com\/bellunopress"],"url":"https:\/\/www.bellunopress.it\/fr\/author\/redazione\/"}]}},"_links":{"self":[{"href":"https:\/\/www.bellunopress.it\/fr\/wp-json\/wp\/v2\/posts\/130640","targetHints":{"allow":["GET"]}}],"collection":[{"href":"https:\/\/www.bellunopress.it\/fr\/wp-json\/wp\/v2\/posts"}],"about":[{"href":"https:\/\/www.bellunopress.it\/fr\/wp-json\/wp\/v2\/types\/post"}],"author":[{"embeddable":true,"href":"https:\/\/www.bellunopress.it\/fr\/wp-json\/wp\/v2\/users\/2"}],"replies":[{"embeddable":true,"href":"https:\/\/www.bellunopress.it\/fr\/wp-json\/wp\/v2\/comments?post=130640"}],"version-history":[{"count":2,"href":"https:\/\/www.bellunopress.it\/fr\/wp-json\/wp\/v2\/posts\/130640\/revisions"}],"predecessor-version":[{"id":130642,"href":"https:\/\/www.bellunopress.it\/fr\/wp-json\/wp\/v2\/posts\/130640\/revisions\/130642"}],"wp:featuredmedia":[{"embeddable":true,"href":"https:\/\/www.bellunopress.it\/fr\/wp-json\/wp\/v2\/media\/101673"}],"wp:attachment":[{"href":"https:\/\/www.bellunopress.it\/fr\/wp-json\/wp\/v2\/media?parent=130640"}],"wp:term":[{"taxonomy":"category","embeddable":true,"href":"https:\/\/www.bellunopress.it\/fr\/wp-json\/wp\/v2\/categories?post=130640"},{"taxonomy":"post_tag","embeddable":true,"href":"https:\/\/www.bellunopress.it\/fr\/wp-json\/wp\/v2\/tags?post=130640"}],"curies":[{"name":"wp","href":"https:\/\/api.w.org\/{rel}","templated":true}]}}