{"id":130630,"date":"2022-01-14T18:31:48","date_gmt":"2022-01-14T17:31:48","guid":{"rendered":"https:\/\/www.bellunopress.it\/?p=130630"},"modified":"2022-01-14T18:32:17","modified_gmt":"2022-01-14T17:32:17","slug":"giornata-inaugurale-di-international-motor-days-a-cortina-il-programma-dei-prossimi-due-giorni-dellevento","status":"publish","type":"post","link":"https:\/\/www.bellunopress.it\/fr\/2022\/01\/14\/giornata-inaugurale-di-international-motor-days-a-cortina-il-programma-dei-prossimi-due-giorni-dellevento\/","title":{"rendered":"Giornata inaugurale di International Motor Days a Cortina. Il programma dei prossimi due giorni dell&#8217;evento"},"content":{"rendered":"<p><img loading=\"lazy\" decoding=\"async\" class=\"alignleft size-medium wp-image-130631\" src=\"https:\/\/www.bellunopress.it\/wp-content\/uploads\/2022\/01\/International-Motor-Days-Cortina_edited-334x500.jpg\" alt=\"\" width=\"334\" height=\"500\" srcset=\"https:\/\/www.bellunopress.it\/wp-content\/uploads\/2022\/01\/International-Motor-Days-Cortina_edited-334x500.jpg 334w, https:\/\/www.bellunopress.it\/wp-content\/uploads\/2022\/01\/International-Motor-Days-Cortina_edited-280x420.jpg 280w, https:\/\/www.bellunopress.it\/wp-content\/uploads\/2022\/01\/International-Motor-Days-Cortina_edited.jpg 667w\" sizes=\"auto, (max-width: 334px) 100vw, 334px\" \/>Cortina d&#8217;Ampezzo, 14 gennaio 2022 &#8211; Fuoco e fiamme per l&#8217;inaugurazione della prima giornata di International Motor Days &#8211; Cortina Winter Edition, che si svolger\u00e0 a Cortina D&#8217;Ampezzo fino a domenica 16 gennaio 2022 in collaborazione con il Comune di Cortina.<br \/>\nQuesta mattina, alle ore 10, si \u00e8 svolto il consueto taglio del nastro alla presenza del Sindaco di Cortina Gianpietro Ghedina, dell&#8217;Assessore Paola Coletti, del Comandante 7 Reggimento Alpini, Colonnello Andrea Carli, e del Comandante dei Carabinieri di Cortina, Bernardo Gabrielli.<\/p>\n<p>Immediatamente dopo International Motor Days ha dato il via, alla presenza di numerosi studenti di diverse scuole del territorio, al corso di sicurezza stradale: in collaborazione con Polizia di Stato (che in questa edizione ha visto all&#8217;opera il personale dell&#8217;ormai celebre pullman azzurro), Vigili del Fuoco, personale sanitario ed un team di stunt men professionisti, \u00e8 stato simulato un vero e proprio incidente stradale, spiegando agli studenti e al pubblico quali siano le diverse fasi di intervento e i rischi di un comportamento scorretto alla guida, con l&#8217;obiettivo di sensibilizzare i giovani, futuri guidatori ad una condotta sicura in strada ed evitare distrazioni e pericoli inutili.<\/p>\n<p><img loading=\"lazy\" decoding=\"async\" class=\"alignleft size-medium wp-image-130632\" src=\"https:\/\/www.bellunopress.it\/wp-content\/uploads\/2022\/01\/International-Motor-Days-Cortina-Alvaro_edited-500x361.jpg\" alt=\"\" width=\"500\" height=\"361\" srcset=\"https:\/\/www.bellunopress.it\/wp-content\/uploads\/2022\/01\/International-Motor-Days-Cortina-Alvaro_edited-500x361.jpg 500w, https:\/\/www.bellunopress.it\/wp-content\/uploads\/2022\/01\/International-Motor-Days-Cortina-Alvaro_edited-696x503.jpg 696w, https:\/\/www.bellunopress.it\/wp-content\/uploads\/2022\/01\/International-Motor-Days-Cortina-Alvaro_edited-582x420.jpg 582w, https:\/\/www.bellunopress.it\/wp-content\/uploads\/2022\/01\/International-Motor-Days-Cortina-Alvaro_edited-324x235.jpg 324w, https:\/\/www.bellunopress.it\/wp-content\/uploads\/2022\/01\/International-Motor-Days-Cortina-Alvaro_edited.jpg 1000w\" sizes=\"auto, (max-width: 500px) 100vw, 500px\" \/>Successivamente si sono svolte come di consueto le attivit\u00e0 a sfondo benefico, ovvero la<br \/>\nmototerapia di Alvaro Dal Farra e di CROSSabili di Mattia Cattapan che da sempre, grazie<br \/>\nanche all&#8217;aiuto dei volontari (Stefano Canal, Lorenzo Gava e Maverik Mantovan), offrono<br \/>\nl&#8217;opportunit\u00e0 al mondo della disabilit\u00e0 di provare l&#8217;emozione di un giro in moto in massima<br \/>\nsicurezza ma anche una vera e propria \u201cterapia\u201d, di supporto fisico e psicologico ai ragazzi<br \/>\ndisabili e fragili. In questa occasione sono stati impegnati numerosi piloti internazionali, come ad esempio Mat Rebeaud, Filip Podmol, Pepa Aron, Dan Serbli e Maurizio Perin, mentre le associazioni coinvolte per questa edizione sono state il Centro diurno del Cadore e la Ca&#8217;Leido \u00e8 un CENTRO PER L&#8217;AUTISMO di Sonda Societ\u00e0 Cooperativa Sociale Onlus.<br \/>\nSpazio, poi, a fulmini e saette in pista: Andrea Fontana, Campione del Mondo Lamborghini<br \/>\nSuper Trofeo PRO-AM 2016, si \u00e8 esibito in una serie di hot lap mozzafiato su una GT di ultima generazione, una Mercedes AMG GT4. Senza dimenticare l&#8217;occasione unica di fare un giro in elicottero e vivere dall&#8217;alto tutta la bellezza delle Dolomiti!<\/p>\n<p>Prima di pranzo, poi, i visitatori hanno avuto la possibilit\u00e0 di immergersi nel mood di International Motor Days salendo a bordo delle Giulia Quadrifoglio pilotate dai drifters Franco Medici, Diego Quaranta e Massimo Checchin, provando l&#8217;emozione dell&#8217;\u201dAlfa Romeo adrenaline experience\u201d, che ha regalato al pubblico emozioni allo stato puro con una serie di esibizioni letteralmente indimenticabili. Gli spettatori hanno cos\u00ec potuto ammirare e apprezzare dal vivo la prorompente potenza del motore 2.9 V6 Bi-turbo benzina da 510 CV.<br \/>\nIl pubblico ha poi potuto testare gratuitamente le auto messe a disposizione da Alfa Romeo<br \/>\nnell&#8217;area Test Drive On-Road: tanti visitatori si sono cimentati alla guida delle Giulia<br \/>\nQuadrifoglio lungo una serie di percorsi che si snodano intorno a Fiames.<br \/>\nSoddisfazione anche per i area Test Drive Off-Road: sono stati tantissimi i visitatori che hanno provato l&#8217;emozione di guidare sulla neve con le novit\u00e0 messe a disposizione da JEEP, ovvero JEEP Renegade, JEEP Compass e JEEP Wrangler, tutte equipaggiate con tecnologia ibrida plug in 4XE.<\/p>\n<p>Come ormai da tradizione, grandissimo interesse per il pullman azzurro della Polizia di Stato, una vera e propria aula scolastica multimediale itinerante dove i poliziotti della Stradale si sono trasformati per 3 giorni in &#8220;insegnanti di sicurezza&#8221; per i pi\u00f9 piccoli e per i neopatentati, con lezioni sulla sicurezza stradale a base di giochi a tema, filmati e cartoni animati per insegnare le regole della sicurezza giocando. Senza dimenticare la consueta esposizione dell&#8217;Esercito Italiano, sempre di grande appeal per il nostro pubblico, che ha esposto una serie di mezzi tecnologicamente avanzati.<\/p>\n<p>Al centro di Cortina, in Corso Italia, dalle 16.30 in poi numerosi visitatori e appassionati hanno provato l&#8217;emozione dei Test Drive On-Road sulle Alfa Romeo Stelvio Quadrifoglio messe a disposizione dall&#8217;iconico brand, vivendo un&#8217;emozionante esperienza di guida<br \/>\ntra le strade di Cortina. Il contesto alpino ha permesso ai visitatori di apprezzare il raffinato e potente sistema di trazione integrale, cos\u00ec come l&#8217;eccezionale tenuta di strada e i numerosi sistemi di sicurezza all&#8217;avanguardia.<br \/>\nE, sempre al Centro di Cortina, sono stati allestiti spazi dedicati agli spettacoli freestyle con rampe e salti, eseguiti utilizzando solo mezzi elettrici e bici Bmx. Non sono mancati, poi, gli entusiasmanti backflip di Samuele Zuccali, fresco finalista del programma &#8220;Tu si que vales&#8221;! Non solo: sempre in Corso Italia, da questa mattina \u00e8 possibile provare l&#8217;emozione di un giro adrenalinico in pista sul simulatore di F1, una novit\u00e0 unica di International Motor Days.<br \/>\nUn occhio di riguardo, poi, per i nostri testimonial: il Campione del Mondo di Bike Trial e sette volte vincitore del Guinness World Records Vittorio &#8220;Abbombazza&#8221; Brumotti, il direttore artistico di International Motor Days DJ Ringo e l&#8217;indimenticato campione di sci alpino Kristian Ghedina saranno presenti anche domani sabato 15 gennaio per l&#8217;intera giornata.<\/p>\n<p>Come gi\u00e0 avvenuto per le precedenti edizioni, l\u2019organizzazione di International Motor Days \u00e8 sempre attenta a osservare scrupolosamente tutti i protocolli necessari ad assicurare tre giorni di totale sicurezza, passione e divertimento a tutti i visitatori. \u00c8 difatti possibile accedere alle aree stunt &amp; spettacoli di Fiames solo se muniti di super green pass e mascherina FFP2. L&#8217;area lounge, le auto in prova, le auto stunt e tutti gli ambienti International Motor Days sono inoltre stati sanificati con Viraschutz, per assicurare all&#8217;utenza una visitazione priva di rischi. Viraschutz, sponsor di International Motor Days, \u00e8 un innovativo sistema di sanificazione che, con un solo trattamento, rende gli ambienti liberi da batteri ed altri agenti patogeni per 3 mesi, 24 ore al giorno.<\/p>\n<p><img loading=\"lazy\" decoding=\"async\" class=\"alignleft size-medium wp-image-130633\" src=\"https:\/\/www.bellunopress.it\/wp-content\/uploads\/2022\/01\/PROGRAMMA-IMD-CORTINA_edited-500x498.jpg\" alt=\"\" width=\"500\" height=\"498\" srcset=\"https:\/\/www.bellunopress.it\/wp-content\/uploads\/2022\/01\/PROGRAMMA-IMD-CORTINA_edited-500x498.jpg 500w, https:\/\/www.bellunopress.it\/wp-content\/uploads\/2022\/01\/PROGRAMMA-IMD-CORTINA_edited-300x300.jpg 300w, https:\/\/www.bellunopress.it\/wp-content\/uploads\/2022\/01\/PROGRAMMA-IMD-CORTINA_edited-696x693.jpg 696w, https:\/\/www.bellunopress.it\/wp-content\/uploads\/2022\/01\/PROGRAMMA-IMD-CORTINA_edited-422x420.jpg 422w, https:\/\/www.bellunopress.it\/wp-content\/uploads\/2022\/01\/PROGRAMMA-IMD-CORTINA_edited.jpg 1000w\" sizes=\"auto, (max-width: 500px) 100vw, 500px\" \/><\/p>","protected":false},"excerpt":{"rendered":"<p>Cortina d&#8217;Ampezzo, 14 gennaio 2022 &#8211; Fuoco e fiamme per l&#8217;inaugurazione della prima giornata di International Motor Days &#8211; Cortina Winter Edition, che si svolger\u00e0 a Cortina D&#8217;Ampezzo fino a domenica 16 gennaio 2022 in collaborazione con il Comune di Cortina. Questa mattina, alle ore 10, si \u00e8 svolto il consueto taglio del nastro alla [&hellip;]<\/p>\n","protected":false},"author":2,"featured_media":130631,"comment_status":"closed","ping_status":"open","sticky":false,"template":"","format":"standard","meta":{"footnotes":""},"categories":[3446,26,4],"tags":[3493],"class_list":["post-130630","post","type-post","status-publish","format-standard","has-post-thumbnail","category-featured","category-prima-pagina","category-sport","tag-international-motor-days"],"yoast_head":"<!-- This site is optimized with the Yoast SEO plugin v28.4 - https:\/\/yoast.com\/product\/yoast-seo-wordpress\/ -->\n<title>Giornata inaugurale di International Motor Days a Cortina. Il programma dei prossimi due giorni dell&#039;evento - Bellunopress - Dolomiti<\/title>\n<meta name=\"robots\" content=\"index, follow, max-snippet:-1, max-image-preview:large, max-video-preview:-1\" \/>\n<link rel=\"canonical\" href=\"https:\/\/www.bellunopress.it\/fr\/2022\/01\/14\/giornata-inaugurale-di-international-motor-days-a-cortina-il-programma-dei-prossimi-due-giorni-dellevento\/\" \/>\n<meta property=\"og:locale\" content=\"fr_FR\" \/>\n<meta property=\"og:type\" content=\"article\" \/>\n<meta property=\"og:title\" content=\"Giornata inaugurale di International Motor Days a Cortina. Il programma dei prossimi due giorni dell&#039;evento - Bellunopress - Dolomiti\" \/>\n<meta property=\"og:description\" content=\"Cortina d&#8217;Ampezzo, 14 gennaio 2022 &#8211; Fuoco e fiamme per l&#8217;inaugurazione della prima giornata di International Motor Days &#8211; Cortina Winter Edition, che si svolger\u00e0 a Cortina D&#8217;Ampezzo fino a domenica 16 gennaio 2022 in collaborazione con il Comune di Cortina. Questa mattina, alle ore 10, si \u00e8 svolto il consueto taglio del nastro alla [&hellip;]\" \/>\n<meta property=\"og:url\" content=\"https:\/\/www.bellunopress.it\/fr\/2022\/01\/14\/giornata-inaugurale-di-international-motor-days-a-cortina-il-programma-dei-prossimi-due-giorni-dellevento\/\" \/>\n<meta property=\"og:site_name\" content=\"Bellunopress - Dolomiti\" \/>\n<meta property=\"article:publisher\" content=\"https:\/\/www.facebook.com\/profile.php?id=100008943462799\" \/>\n<meta property=\"article:published_time\" content=\"2022-01-14T17:31:48+00:00\" \/>\n<meta property=\"article:modified_time\" content=\"2022-01-14T17:32:17+00:00\" \/>\n<meta property=\"og:image\" content=\"https:\/\/www.bellunopress.it\/wp-content\/uploads\/2022\/01\/International-Motor-Days-Cortina_edited.jpg\" \/>\n\t<meta property=\"og:image:width\" content=\"667\" \/>\n\t<meta property=\"og:image:height\" content=\"1000\" \/>\n\t<meta property=\"og:image:type\" content=\"image\/jpeg\" \/>\n<meta name=\"author\" content=\"redazione\" \/>\n<meta name=\"twitter:card\" content=\"summary_large_image\" \/>\n<meta name=\"twitter:creator\" content=\"@bellunopress\" \/>\n<meta name=\"twitter:site\" content=\"@bellunopress\" \/>\n<meta name=\"twitter:label1\" content=\"\u00c9crit par\" \/>\n\t<meta name=\"twitter:data1\" content=\"redazione\" \/>\n\t<meta name=\"twitter:label2\" content=\"Dur\u00e9e de lecture estim\u00e9e\" \/>\n\t<meta name=\"twitter:data2\" content=\"6 minutes\" \/>\n<script type=\"application\/ld+json\" class=\"yoast-schema-graph\">{\"@context\":\"https:\\\/\\\/schema.org\",\"@graph\":[{\"@type\":\"Article\",\"@id\":\"https:\\\/\\\/www.bellunopress.it\\\/2022\\\/01\\\/14\\\/giornata-inaugurale-di-international-motor-days-a-cortina-il-programma-dei-prossimi-due-giorni-dellevento\\\/#article\",\"isPartOf\":{\"@id\":\"https:\\\/\\\/www.bellunopress.it\\\/2022\\\/01\\\/14\\\/giornata-inaugurale-di-international-motor-days-a-cortina-il-programma-dei-prossimi-due-giorni-dellevento\\\/\"},\"author\":{\"name\":\"redazione\",\"@id\":\"https:\\\/\\\/www.bellunopress.it\\\/#\\\/schema\\\/person\\\/79bb06722b37ece1c03d3e94beb30d73\"},\"headline\":\"Giornata inaugurale di International Motor Days a Cortina. Il programma dei prossimi due giorni dell&#8217;evento\",\"datePublished\":\"2022-01-14T17:31:48+00:00\",\"dateModified\":\"2022-01-14T17:32:17+00:00\",\"mainEntityOfPage\":{\"@id\":\"https:\\\/\\\/www.bellunopress.it\\\/2022\\\/01\\\/14\\\/giornata-inaugurale-di-international-motor-days-a-cortina-il-programma-dei-prossimi-due-giorni-dellevento\\\/\"},\"wordCount\":968,\"publisher\":{\"@id\":\"https:\\\/\\\/www.bellunopress.it\\\/#organization\"},\"image\":{\"@id\":\"https:\\\/\\\/www.bellunopress.it\\\/2022\\\/01\\\/14\\\/giornata-inaugurale-di-international-motor-days-a-cortina-il-programma-dei-prossimi-due-giorni-dellevento\\\/#primaryimage\"},\"thumbnailUrl\":\"https:\\\/\\\/www.bellunopress.it\\\/wp-content\\\/uploads\\\/2022\\\/01\\\/International-Motor-Days-Cortina_edited.jpg\",\"keywords\":[\"International Motor Days\"],\"articleSection\":[\"Featured\",\"Prima Pagina\",\"Sport, tempo libero\"],\"inLanguage\":\"fr-FR\"},{\"@type\":\"WebPage\",\"@id\":\"https:\\\/\\\/www.bellunopress.it\\\/2022\\\/01\\\/14\\\/giornata-inaugurale-di-international-motor-days-a-cortina-il-programma-dei-prossimi-due-giorni-dellevento\\\/\",\"url\":\"https:\\\/\\\/www.bellunopress.it\\\/2022\\\/01\\\/14\\\/giornata-inaugurale-di-international-motor-days-a-cortina-il-programma-dei-prossimi-due-giorni-dellevento\\\/\",\"name\":\"Giornata inaugurale di International Motor Days a Cortina. Il programma dei prossimi due giorni dell'evento - Bellunopress - Dolomiti\",\"isPartOf\":{\"@id\":\"https:\\\/\\\/www.bellunopress.it\\\/#website\"},\"primaryImageOfPage\":{\"@id\":\"https:\\\/\\\/www.bellunopress.it\\\/2022\\\/01\\\/14\\\/giornata-inaugurale-di-international-motor-days-a-cortina-il-programma-dei-prossimi-due-giorni-dellevento\\\/#primaryimage\"},\"image\":{\"@id\":\"https:\\\/\\\/www.bellunopress.it\\\/2022\\\/01\\\/14\\\/giornata-inaugurale-di-international-motor-days-a-cortina-il-programma-dei-prossimi-due-giorni-dellevento\\\/#primaryimage\"},\"thumbnailUrl\":\"https:\\\/\\\/www.bellunopress.it\\\/wp-content\\\/uploads\\\/2022\\\/01\\\/International-Motor-Days-Cortina_edited.jpg\",\"datePublished\":\"2022-01-14T17:31:48+00:00\",\"dateModified\":\"2022-01-14T17:32:17+00:00\",\"breadcrumb\":{\"@id\":\"https:\\\/\\\/www.bellunopress.it\\\/2022\\\/01\\\/14\\\/giornata-inaugurale-di-international-motor-days-a-cortina-il-programma-dei-prossimi-due-giorni-dellevento\\\/#breadcrumb\"},\"inLanguage\":\"fr-FR\",\"potentialAction\":[{\"@type\":\"ReadAction\",\"target\":[\"https:\\\/\\\/www.bellunopress.it\\\/2022\\\/01\\\/14\\\/giornata-inaugurale-di-international-motor-days-a-cortina-il-programma-dei-prossimi-due-giorni-dellevento\\\/\"]}]},{\"@type\":\"ImageObject\",\"inLanguage\":\"fr-FR\",\"@id\":\"https:\\\/\\\/www.bellunopress.it\\\/2022\\\/01\\\/14\\\/giornata-inaugurale-di-international-motor-days-a-cortina-il-programma-dei-prossimi-due-giorni-dellevento\\\/#primaryimage\",\"url\":\"https:\\\/\\\/www.bellunopress.it\\\/wp-content\\\/uploads\\\/2022\\\/01\\\/International-Motor-Days-Cortina_edited.jpg\",\"contentUrl\":\"https:\\\/\\\/www.bellunopress.it\\\/wp-content\\\/uploads\\\/2022\\\/01\\\/International-Motor-Days-Cortina_edited.jpg\",\"width\":667,\"height\":1000},{\"@type\":\"BreadcrumbList\",\"@id\":\"https:\\\/\\\/www.bellunopress.it\\\/2022\\\/01\\\/14\\\/giornata-inaugurale-di-international-motor-days-a-cortina-il-programma-dei-prossimi-due-giorni-dellevento\\\/#breadcrumb\",\"itemListElement\":[{\"@type\":\"ListItem\",\"position\":1,\"name\":\"Home\",\"item\":\"https:\\\/\\\/www.bellunopress.it\\\/\"},{\"@type\":\"ListItem\",\"position\":2,\"name\":\"Giornata inaugurale di International Motor Days a Cortina. Il programma dei prossimi due giorni dell&#8217;evento\"}]},{\"@type\":\"WebSite\",\"@id\":\"https:\\\/\\\/www.bellunopress.it\\\/#website\",\"url\":\"https:\\\/\\\/www.bellunopress.it\\\/\",\"name\":\"Bellunopress - Dolomiti\",\"description\":\"e-mail: redazione@bellunopress.it\",\"publisher\":{\"@id\":\"https:\\\/\\\/www.bellunopress.it\\\/#organization\"},\"potentialAction\":[{\"@type\":\"SearchAction\",\"target\":{\"@type\":\"EntryPoint\",\"urlTemplate\":\"https:\\\/\\\/www.bellunopress.it\\\/?s={search_term_string}\"},\"query-input\":{\"@type\":\"PropertyValueSpecification\",\"valueRequired\":true,\"valueName\":\"search_term_string\"}}],\"inLanguage\":\"fr-FR\"},{\"@type\":\"Organization\",\"@id\":\"https:\\\/\\\/www.bellunopress.it\\\/#organization\",\"name\":\"Bellunopress\",\"url\":\"https:\\\/\\\/www.bellunopress.it\\\/\",\"logo\":{\"@type\":\"ImageObject\",\"inLanguage\":\"fr-FR\",\"@id\":\"https:\\\/\\\/www.bellunopress.it\\\/#\\\/schema\\\/logo\\\/image\\\/\",\"url\":\"https:\\\/\\\/www.bellunopress.it\\\/wp-content\\\/uploads\\\/2011\\\/05\\\/cropped-logo-bellunopress-.jpg\",\"contentUrl\":\"https:\\\/\\\/www.bellunopress.it\\\/wp-content\\\/uploads\\\/2011\\\/05\\\/cropped-logo-bellunopress-.jpg\",\"width\":512,\"height\":512,\"caption\":\"Bellunopress\"},\"image\":{\"@id\":\"https:\\\/\\\/www.bellunopress.it\\\/#\\\/schema\\\/logo\\\/image\\\/\"},\"sameAs\":[\"https:\\\/\\\/www.facebook.com\\\/profile.php?id=100008943462799\",\"https:\\\/\\\/x.com\\\/bellunopress\",\"https:\\\/\\\/www.linkedin.com\\\/hp\\\/?dnr=JBzUWaJfMUw8vbXJJ2tVW5-I3jZKvC4wsoxE&amp;amp;amp;amp;amp;amp;trk=nav_responsive_tab_home\",\"https:\\\/\\\/www.youtube.com\\\/channel\\\/UCxL0wu1uN0_3_7hGG0306cw\"]},{\"@type\":\"Person\",\"@id\":\"https:\\\/\\\/www.bellunopress.it\\\/#\\\/schema\\\/person\\\/79bb06722b37ece1c03d3e94beb30d73\",\"name\":\"redazione\",\"image\":{\"@type\":\"ImageObject\",\"inLanguage\":\"fr-FR\",\"@id\":\"https:\\\/\\\/secure.gravatar.com\\\/avatar\\\/37d968a2e67a6fd04c169c4bdef102d0bc5d31b2546345219e348575eb80e9a0?s=96&d=mm&r=g\",\"url\":\"https:\\\/\\\/secure.gravatar.com\\\/avatar\\\/37d968a2e67a6fd04c169c4bdef102d0bc5d31b2546345219e348575eb80e9a0?s=96&d=mm&r=g\",\"contentUrl\":\"https:\\\/\\\/secure.gravatar.com\\\/avatar\\\/37d968a2e67a6fd04c169c4bdef102d0bc5d31b2546345219e348575eb80e9a0?s=96&d=mm&r=g\",\"caption\":\"redazione\"},\"sameAs\":[\"http:\\\/\\\/www.bellunopress.it\",\"https:\\\/\\\/x.com\\\/bellunopress\"],\"url\":\"https:\\\/\\\/www.bellunopress.it\\\/fr\\\/author\\\/redazione\\\/\"}]}<\/script>\n<!-- \/ Yoast SEO plugin. -->","yoast_head_json":{"title":"Giornata inaugurale di International Motor Days a Cortina. Il programma dei prossimi due giorni dell'evento - Bellunopress - Dolomiti","robots":{"index":"index","follow":"follow","max-snippet":"max-snippet:-1","max-image-preview":"max-image-preview:large","max-video-preview":"max-video-preview:-1"},"canonical":"https:\/\/www.bellunopress.it\/fr\/2022\/01\/14\/giornata-inaugurale-di-international-motor-days-a-cortina-il-programma-dei-prossimi-due-giorni-dellevento\/","og_locale":"fr_FR","og_type":"article","og_title":"Giornata inaugurale di International Motor Days a Cortina. Il programma dei prossimi due giorni dell'evento - Bellunopress - Dolomiti","og_description":"Cortina d&#8217;Ampezzo, 14 gennaio 2022 &#8211; Fuoco e fiamme per l&#8217;inaugurazione della prima giornata di International Motor Days &#8211; Cortina Winter Edition, che si svolger\u00e0 a Cortina D&#8217;Ampezzo fino a domenica 16 gennaio 2022 in collaborazione con il Comune di Cortina. Questa mattina, alle ore 10, si \u00e8 svolto il consueto taglio del nastro alla [&hellip;]","og_url":"https:\/\/www.bellunopress.it\/fr\/2022\/01\/14\/giornata-inaugurale-di-international-motor-days-a-cortina-il-programma-dei-prossimi-due-giorni-dellevento\/","og_site_name":"Bellunopress - Dolomiti","article_publisher":"https:\/\/www.facebook.com\/profile.php?id=100008943462799","article_published_time":"2022-01-14T17:31:48+00:00","article_modified_time":"2022-01-14T17:32:17+00:00","og_image":[{"width":667,"height":1000,"url":"https:\/\/www.bellunopress.it\/wp-content\/uploads\/2022\/01\/International-Motor-Days-Cortina_edited.jpg","type":"image\/jpeg"}],"author":"redazione","twitter_card":"summary_large_image","twitter_creator":"@bellunopress","twitter_site":"@bellunopress","twitter_misc":{"\u00c9crit par":"redazione","Dur\u00e9e de lecture estim\u00e9e":"6 minutes"},"schema":{"@context":"https:\/\/schema.org","@graph":[{"@type":"Article","@id":"https:\/\/www.bellunopress.it\/2022\/01\/14\/giornata-inaugurale-di-international-motor-days-a-cortina-il-programma-dei-prossimi-due-giorni-dellevento\/#article","isPartOf":{"@id":"https:\/\/www.bellunopress.it\/2022\/01\/14\/giornata-inaugurale-di-international-motor-days-a-cortina-il-programma-dei-prossimi-due-giorni-dellevento\/"},"author":{"name":"redazione","@id":"https:\/\/www.bellunopress.it\/#\/schema\/person\/79bb06722b37ece1c03d3e94beb30d73"},"headline":"Giornata inaugurale di International Motor Days a Cortina. Il programma dei prossimi due giorni dell&#8217;evento","datePublished":"2022-01-14T17:31:48+00:00","dateModified":"2022-01-14T17:32:17+00:00","mainEntityOfPage":{"@id":"https:\/\/www.bellunopress.it\/2022\/01\/14\/giornata-inaugurale-di-international-motor-days-a-cortina-il-programma-dei-prossimi-due-giorni-dellevento\/"},"wordCount":968,"publisher":{"@id":"https:\/\/www.bellunopress.it\/#organization"},"image":{"@id":"https:\/\/www.bellunopress.it\/2022\/01\/14\/giornata-inaugurale-di-international-motor-days-a-cortina-il-programma-dei-prossimi-due-giorni-dellevento\/#primaryimage"},"thumbnailUrl":"https:\/\/www.bellunopress.it\/wp-content\/uploads\/2022\/01\/International-Motor-Days-Cortina_edited.jpg","keywords":["International Motor Days"],"articleSection":["Featured","Prima Pagina","Sport, tempo libero"],"inLanguage":"fr-FR"},{"@type":"WebPage","@id":"https:\/\/www.bellunopress.it\/2022\/01\/14\/giornata-inaugurale-di-international-motor-days-a-cortina-il-programma-dei-prossimi-due-giorni-dellevento\/","url":"https:\/\/www.bellunopress.it\/2022\/01\/14\/giornata-inaugurale-di-international-motor-days-a-cortina-il-programma-dei-prossimi-due-giorni-dellevento\/","name":"Giornata inaugurale di International Motor Days a Cortina. Il programma dei prossimi due giorni dell'evento - Bellunopress - Dolomiti","isPartOf":{"@id":"https:\/\/www.bellunopress.it\/#website"},"primaryImageOfPage":{"@id":"https:\/\/www.bellunopress.it\/2022\/01\/14\/giornata-inaugurale-di-international-motor-days-a-cortina-il-programma-dei-prossimi-due-giorni-dellevento\/#primaryimage"},"image":{"@id":"https:\/\/www.bellunopress.it\/2022\/01\/14\/giornata-inaugurale-di-international-motor-days-a-cortina-il-programma-dei-prossimi-due-giorni-dellevento\/#primaryimage"},"thumbnailUrl":"https:\/\/www.bellunopress.it\/wp-content\/uploads\/2022\/01\/International-Motor-Days-Cortina_edited.jpg","datePublished":"2022-01-14T17:31:48+00:00","dateModified":"2022-01-14T17:32:17+00:00","breadcrumb":{"@id":"https:\/\/www.bellunopress.it\/2022\/01\/14\/giornata-inaugurale-di-international-motor-days-a-cortina-il-programma-dei-prossimi-due-giorni-dellevento\/#breadcrumb"},"inLanguage":"fr-FR","potentialAction":[{"@type":"ReadAction","target":["https:\/\/www.bellunopress.it\/2022\/01\/14\/giornata-inaugurale-di-international-motor-days-a-cortina-il-programma-dei-prossimi-due-giorni-dellevento\/"]}]},{"@type":"ImageObject","inLanguage":"fr-FR","@id":"https:\/\/www.bellunopress.it\/2022\/01\/14\/giornata-inaugurale-di-international-motor-days-a-cortina-il-programma-dei-prossimi-due-giorni-dellevento\/#primaryimage","url":"https:\/\/www.bellunopress.it\/wp-content\/uploads\/2022\/01\/International-Motor-Days-Cortina_edited.jpg","contentUrl":"https:\/\/www.bellunopress.it\/wp-content\/uploads\/2022\/01\/International-Motor-Days-Cortina_edited.jpg","width":667,"height":1000},{"@type":"BreadcrumbList","@id":"https:\/\/www.bellunopress.it\/2022\/01\/14\/giornata-inaugurale-di-international-motor-days-a-cortina-il-programma-dei-prossimi-due-giorni-dellevento\/#breadcrumb","itemListElement":[{"@type":"ListItem","position":1,"name":"Home","item":"https:\/\/www.bellunopress.it\/"},{"@type":"ListItem","position":2,"name":"Giornata inaugurale di International Motor Days a Cortina. Il programma dei prossimi due giorni dell&#8217;evento"}]},{"@type":"WebSite","@id":"https:\/\/www.bellunopress.it\/#website","url":"https:\/\/www.bellunopress.it\/","name":"Bellunopress - Dolomiti","description":"e-mail: redazione@bellunopress.it","publisher":{"@id":"https:\/\/www.bellunopress.it\/#organization"},"potentialAction":[{"@type":"SearchAction","target":{"@type":"EntryPoint","urlTemplate":"https:\/\/www.bellunopress.it\/?s={search_term_string}"},"query-input":{"@type":"PropertyValueSpecification","valueRequired":true,"valueName":"search_term_string"}}],"inLanguage":"fr-FR"},{"@type":"Organization","@id":"https:\/\/www.bellunopress.it\/#organization","name":"Bellunopress","url":"https:\/\/www.bellunopress.it\/","logo":{"@type":"ImageObject","inLanguage":"fr-FR","@id":"https:\/\/www.bellunopress.it\/#\/schema\/logo\/image\/","url":"https:\/\/www.bellunopress.it\/wp-content\/uploads\/2011\/05\/cropped-logo-bellunopress-.jpg","contentUrl":"https:\/\/www.bellunopress.it\/wp-content\/uploads\/2011\/05\/cropped-logo-bellunopress-.jpg","width":512,"height":512,"caption":"Bellunopress"},"image":{"@id":"https:\/\/www.bellunopress.it\/#\/schema\/logo\/image\/"},"sameAs":["https:\/\/www.facebook.com\/profile.php?id=100008943462799","https:\/\/x.com\/bellunopress","https:\/\/www.linkedin.com\/hp\/?dnr=JBzUWaJfMUw8vbXJJ2tVW5-I3jZKvC4wsoxE&amp;amp;amp;amp;amp;amp;trk=nav_responsive_tab_home","https:\/\/www.youtube.com\/channel\/UCxL0wu1uN0_3_7hGG0306cw"]},{"@type":"Person","@id":"https:\/\/www.bellunopress.it\/#\/schema\/person\/79bb06722b37ece1c03d3e94beb30d73","name":"r\u00e9daction","image":{"@type":"ImageObject","inLanguage":"fr-FR","@id":"https:\/\/secure.gravatar.com\/avatar\/37d968a2e67a6fd04c169c4bdef102d0bc5d31b2546345219e348575eb80e9a0?s=96&d=mm&r=g","url":"https:\/\/secure.gravatar.com\/avatar\/37d968a2e67a6fd04c169c4bdef102d0bc5d31b2546345219e348575eb80e9a0?s=96&d=mm&r=g","contentUrl":"https:\/\/secure.gravatar.com\/avatar\/37d968a2e67a6fd04c169c4bdef102d0bc5d31b2546345219e348575eb80e9a0?s=96&d=mm&r=g","caption":"redazione"},"sameAs":["http:\/\/www.bellunopress.it","https:\/\/x.com\/bellunopress"],"url":"https:\/\/www.bellunopress.it\/fr\/author\/redazione\/"}]}},"_links":{"self":[{"href":"https:\/\/www.bellunopress.it\/fr\/wp-json\/wp\/v2\/posts\/130630","targetHints":{"allow":["GET"]}}],"collection":[{"href":"https:\/\/www.bellunopress.it\/fr\/wp-json\/wp\/v2\/posts"}],"about":[{"href":"https:\/\/www.bellunopress.it\/fr\/wp-json\/wp\/v2\/types\/post"}],"author":[{"embeddable":true,"href":"https:\/\/www.bellunopress.it\/fr\/wp-json\/wp\/v2\/users\/2"}],"replies":[{"embeddable":true,"href":"https:\/\/www.bellunopress.it\/fr\/wp-json\/wp\/v2\/comments?post=130630"}],"version-history":[{"count":1,"href":"https:\/\/www.bellunopress.it\/fr\/wp-json\/wp\/v2\/posts\/130630\/revisions"}],"predecessor-version":[{"id":130634,"href":"https:\/\/www.bellunopress.it\/fr\/wp-json\/wp\/v2\/posts\/130630\/revisions\/130634"}],"wp:featuredmedia":[{"embeddable":true,"href":"https:\/\/www.bellunopress.it\/fr\/wp-json\/wp\/v2\/media\/130631"}],"wp:attachment":[{"href":"https:\/\/www.bellunopress.it\/fr\/wp-json\/wp\/v2\/media?parent=130630"}],"wp:term":[{"taxonomy":"category","embeddable":true,"href":"https:\/\/www.bellunopress.it\/fr\/wp-json\/wp\/v2\/categories?post=130630"},{"taxonomy":"post_tag","embeddable":true,"href":"https:\/\/www.bellunopress.it\/fr\/wp-json\/wp\/v2\/tags?post=130630"}],"curies":[{"name":"wp","href":"https:\/\/api.w.org\/{rel}","templated":true}]}}