{"id":130464,"date":"2022-01-05T14:26:57","date_gmt":"2022-01-05T13:26:57","guid":{"rendered":"https:\/\/www.bellunopress.it\/?p=130464"},"modified":"2022-01-05T14:26:57","modified_gmt":"2022-01-05T13:26:57","slug":"rigenerazione-urbana-2-sovilla-sbagliato-sbandierare-progetti-prima-di-essere-certi-di-concretizzarli","status":"publish","type":"post","link":"https:\/\/www.bellunopress.it\/fr\/2022\/01\/05\/rigenerazione-urbana-2-sovilla-sbagliato-sbandierare-progetti-prima-di-essere-certi-di-concretizzarli\/","title":{"rendered":"Rigenerazione urbana 2. Sovilla: &#8220;Sbagliato sbandierare progetti prima di essere certi di concretizzarli&#8221;"},"content":{"rendered":"<figure id=\"attachment_128077\" aria-describedby=\"caption-attachment-128077\" style=\"width: 375px\" class=\"wp-caption alignleft\"><img loading=\"lazy\" decoding=\"async\" class=\"size-full wp-image-128077\" src=\"https:\/\/www.bellunopress.it\/wp-content\/uploads\/2021\/09\/Marzio-Sovilla-Lega_edited.jpg\" alt=\"\" width=\"375\" height=\"274\" \/><figcaption id=\"caption-attachment-128077\" class=\"wp-caption-text\">Marzio Sovilla &#8211; capogruppo Lega<\/figcaption><\/figure>\n<p>&#8220;Curioso come il sindaco Jacopo Massaro oggi si scopra leghista sottoscrivendo, in questo caso, le parole del sindaco di Treviso e presidente regionale Anci Mario Conte&#8221;, dichiara il segretario cittadino della Lega Paolo Luciani in merito all&#8217;esclusione di Belluno dal secondo bando di rigenerazione urbana. &#8220;D&#8217;altra parte \u00e8 un dato di fatto, che il 93% dei progetti presentati dai Comuni del Nord sia stato escluso \u2013 prosegue Luciani \u2013 e come la gran parte dei fondi siano destinati al Sud. Vorremmo per\u00f2 sapere, ora, quali saranno le prossime mosse del sindaco&#8221;. &#8220;Tipica di questa amministrazione, ormai la vediamo da anni, la tendenza a sbandierare i progetti prima di averli realizzati \u2013 dichiara il consigliere comunale della Lega Marzio Sovilla -, \u00e8 stato dato tutto troppo per scontato, illudendo cos\u00ec i cittadini&#8221;<\/p>\n<p>I 13 progetti presentati da Belluno sono stati giudicati tutti ammissibili, anche i tre su cui inizialmente il Governo aveva chiesto integrazioni, ma nessuno verr\u00e0 finanziato. &#8220;Ora bisogna stare attenti e sul pezzo \u2013 prosegue il segretario -, perch\u00e9 come ipotizzato dal Sole 24 Ore pochi giorni fa, facilmente molti Comuni del Sud non avranno progetti pronti, si stima che il 50% rinuncer\u00e0 al fondo per questo. Allora bisogna sperare nello scorrimento della graduatoria, per avere una seconda chance. E poi si tenga alta l&#8217;attenzione sull&#8217;indice di vulnerabilit\u00e0, la storia insegna come gi\u00e0 in passato questo criterio sia stato inserito in altri bandi e poi sia stato tolto. Le giuste pressioni da parte di Anci potrebbero indurre ad un passo indietro. Serve per\u00f2 anche una riflessione interna: i progetti presentati, erano effettivamente validi? Non c&#8217;era forse poca originalit\u00e0, scarsa ambizione, rispetto al primo bando di rigenerazione?&#8221;.<\/p>\n<p>&#8220;Ovviamente siamo dispiaciuti che questi progetti non siano stati finanziati, potevano essere validi e anche opportuni \u2013 prosegue Sovilla -, ma sono stati sbandierati troppo presto, si dava troppo per scontato di portare a casa i fondi e questo non va bene, le cose vanno divulgate quando si \u00e8 certi di poterle attuare, altrimenti \u00e8 campagna elettorale. La Lega si batte da anni per una distribuzione pi\u00f9 equa delle risorse nazionali, ma il sindaco se ne accorge solo ora che questa tendenza ha colpito il suo territorio?&#8221;. Sovilla infine ricorda il lavoro da fare in citt\u00e0, al di l\u00e0 dei progetti del bando. &#8220;Servono manutenzioni, costanti \u2013 conclude -, sono sicuramente meno evidenti e non hanno il ritorno di immagine delle grandi opere, ma sono quello di cui hanno bisogno le persone&#8221;.<\/p>","protected":false},"excerpt":{"rendered":"<p>&#8220;Curioso come il sindaco Jacopo Massaro oggi si scopra leghista sottoscrivendo, in questo caso, le parole del sindaco di Treviso e presidente regionale Anci Mario Conte&#8221;, dichiara il segretario cittadino della Lega Paolo Luciani in merito all&#8217;esclusione di Belluno dal secondo bando di rigenerazione urbana. &#8220;D&#8217;altra parte \u00e8 un dato di fatto, che il 93% [&hellip;]<\/p>\n","protected":false},"author":2,"featured_media":128077,"comment_status":"closed","ping_status":"open","sticky":false,"template":"","format":"standard","meta":{"footnotes":""},"categories":[5],"tags":[],"class_list":["post-130464","post","type-post","status-publish","format-standard","has-post-thumbnail","category-cronaca"],"yoast_head":"<!-- This site is optimized with the Yoast SEO plugin v28.4 - https:\/\/yoast.com\/product\/yoast-seo-wordpress\/ -->\n<title>Rigenerazione urbana 2. Sovilla: &quot;Sbagliato sbandierare progetti prima di essere certi di concretizzarli&quot; - Bellunopress - Dolomiti<\/title>\n<meta name=\"robots\" content=\"index, follow, max-snippet:-1, max-image-preview:large, max-video-preview:-1\" \/>\n<link rel=\"canonical\" href=\"https:\/\/www.bellunopress.it\/fr\/2022\/01\/05\/rigenerazione-urbana-2-sovilla-sbagliato-sbandierare-progetti-prima-di-essere-certi-di-concretizzarli\/\" \/>\n<meta property=\"og:locale\" content=\"fr_FR\" \/>\n<meta property=\"og:type\" content=\"article\" \/>\n<meta property=\"og:title\" content=\"Rigenerazione urbana 2. Sovilla: &quot;Sbagliato sbandierare progetti prima di essere certi di concretizzarli&quot; - Bellunopress - Dolomiti\" \/>\n<meta property=\"og:description\" content=\"&#8220;Curioso come il sindaco Jacopo Massaro oggi si scopra leghista sottoscrivendo, in questo caso, le parole del sindaco di Treviso e presidente regionale Anci Mario Conte&#8221;, dichiara il segretario cittadino della Lega Paolo Luciani in merito all&#8217;esclusione di Belluno dal secondo bando di rigenerazione urbana. &#8220;D&#8217;altra parte \u00e8 un dato di fatto, che il 93% [&hellip;]\" \/>\n<meta property=\"og:url\" content=\"https:\/\/www.bellunopress.it\/fr\/2022\/01\/05\/rigenerazione-urbana-2-sovilla-sbagliato-sbandierare-progetti-prima-di-essere-certi-di-concretizzarli\/\" \/>\n<meta property=\"og:site_name\" content=\"Bellunopress - Dolomiti\" \/>\n<meta property=\"article:publisher\" content=\"https:\/\/www.facebook.com\/profile.php?id=100008943462799\" \/>\n<meta property=\"article:published_time\" content=\"2022-01-05T13:26:57+00:00\" \/>\n<meta property=\"og:image\" content=\"https:\/\/www.bellunopress.it\/wp-content\/uploads\/2021\/09\/Marzio-Sovilla-Lega_edited.jpg\" \/>\n\t<meta property=\"og:image:width\" content=\"375\" \/>\n\t<meta property=\"og:image:height\" content=\"274\" \/>\n\t<meta property=\"og:image:type\" content=\"image\/jpeg\" \/>\n<meta name=\"author\" content=\"redazione\" \/>\n<meta name=\"twitter:card\" content=\"summary_large_image\" \/>\n<meta name=\"twitter:creator\" content=\"@bellunopress\" \/>\n<meta name=\"twitter:site\" content=\"@bellunopress\" \/>\n<meta name=\"twitter:label1\" content=\"\u00c9crit par\" \/>\n\t<meta name=\"twitter:data1\" content=\"redazione\" \/>\n\t<meta name=\"twitter:label2\" content=\"Dur\u00e9e de lecture estim\u00e9e\" \/>\n\t<meta name=\"twitter:data2\" content=\"3 minutes\" \/>\n<script type=\"application\/ld+json\" class=\"yoast-schema-graph\">{\"@context\":\"https:\\\/\\\/schema.org\",\"@graph\":[{\"@type\":\"Article\",\"@id\":\"https:\\\/\\\/www.bellunopress.it\\\/2022\\\/01\\\/05\\\/rigenerazione-urbana-2-sovilla-sbagliato-sbandierare-progetti-prima-di-essere-certi-di-concretizzarli\\\/#article\",\"isPartOf\":{\"@id\":\"https:\\\/\\\/www.bellunopress.it\\\/2022\\\/01\\\/05\\\/rigenerazione-urbana-2-sovilla-sbagliato-sbandierare-progetti-prima-di-essere-certi-di-concretizzarli\\\/\"},\"author\":{\"name\":\"redazione\",\"@id\":\"https:\\\/\\\/www.bellunopress.it\\\/#\\\/schema\\\/person\\\/79bb06722b37ece1c03d3e94beb30d73\"},\"headline\":\"Rigenerazione urbana 2. Sovilla: &#8220;Sbagliato sbandierare progetti prima di essere certi di concretizzarli&#8221;\",\"datePublished\":\"2022-01-05T13:26:57+00:00\",\"mainEntityOfPage\":{\"@id\":\"https:\\\/\\\/www.bellunopress.it\\\/2022\\\/01\\\/05\\\/rigenerazione-urbana-2-sovilla-sbagliato-sbandierare-progetti-prima-di-essere-certi-di-concretizzarli\\\/\"},\"wordCount\":424,\"publisher\":{\"@id\":\"https:\\\/\\\/www.bellunopress.it\\\/#organization\"},\"image\":{\"@id\":\"https:\\\/\\\/www.bellunopress.it\\\/2022\\\/01\\\/05\\\/rigenerazione-urbana-2-sovilla-sbagliato-sbandierare-progetti-prima-di-essere-certi-di-concretizzarli\\\/#primaryimage\"},\"thumbnailUrl\":\"https:\\\/\\\/www.bellunopress.it\\\/wp-content\\\/uploads\\\/2021\\\/09\\\/Marzio-Sovilla-Lega_edited.jpg\",\"articleSection\":[\"Cronaca\\\/Politica\"],\"inLanguage\":\"fr-FR\"},{\"@type\":\"WebPage\",\"@id\":\"https:\\\/\\\/www.bellunopress.it\\\/2022\\\/01\\\/05\\\/rigenerazione-urbana-2-sovilla-sbagliato-sbandierare-progetti-prima-di-essere-certi-di-concretizzarli\\\/\",\"url\":\"https:\\\/\\\/www.bellunopress.it\\\/2022\\\/01\\\/05\\\/rigenerazione-urbana-2-sovilla-sbagliato-sbandierare-progetti-prima-di-essere-certi-di-concretizzarli\\\/\",\"name\":\"Rigenerazione urbana 2. Sovilla: \\\"Sbagliato sbandierare progetti prima di essere certi di concretizzarli\\\" - Bellunopress - Dolomiti\",\"isPartOf\":{\"@id\":\"https:\\\/\\\/www.bellunopress.it\\\/#website\"},\"primaryImageOfPage\":{\"@id\":\"https:\\\/\\\/www.bellunopress.it\\\/2022\\\/01\\\/05\\\/rigenerazione-urbana-2-sovilla-sbagliato-sbandierare-progetti-prima-di-essere-certi-di-concretizzarli\\\/#primaryimage\"},\"image\":{\"@id\":\"https:\\\/\\\/www.bellunopress.it\\\/2022\\\/01\\\/05\\\/rigenerazione-urbana-2-sovilla-sbagliato-sbandierare-progetti-prima-di-essere-certi-di-concretizzarli\\\/#primaryimage\"},\"thumbnailUrl\":\"https:\\\/\\\/www.bellunopress.it\\\/wp-content\\\/uploads\\\/2021\\\/09\\\/Marzio-Sovilla-Lega_edited.jpg\",\"datePublished\":\"2022-01-05T13:26:57+00:00\",\"breadcrumb\":{\"@id\":\"https:\\\/\\\/www.bellunopress.it\\\/2022\\\/01\\\/05\\\/rigenerazione-urbana-2-sovilla-sbagliato-sbandierare-progetti-prima-di-essere-certi-di-concretizzarli\\\/#breadcrumb\"},\"inLanguage\":\"fr-FR\",\"potentialAction\":[{\"@type\":\"ReadAction\",\"target\":[\"https:\\\/\\\/www.bellunopress.it\\\/2022\\\/01\\\/05\\\/rigenerazione-urbana-2-sovilla-sbagliato-sbandierare-progetti-prima-di-essere-certi-di-concretizzarli\\\/\"]}]},{\"@type\":\"ImageObject\",\"inLanguage\":\"fr-FR\",\"@id\":\"https:\\\/\\\/www.bellunopress.it\\\/2022\\\/01\\\/05\\\/rigenerazione-urbana-2-sovilla-sbagliato-sbandierare-progetti-prima-di-essere-certi-di-concretizzarli\\\/#primaryimage\",\"url\":\"https:\\\/\\\/www.bellunopress.it\\\/wp-content\\\/uploads\\\/2021\\\/09\\\/Marzio-Sovilla-Lega_edited.jpg\",\"contentUrl\":\"https:\\\/\\\/www.bellunopress.it\\\/wp-content\\\/uploads\\\/2021\\\/09\\\/Marzio-Sovilla-Lega_edited.jpg\",\"width\":375,\"height\":274,\"caption\":\"Marzio Sovilla - Consigliere comunale Lega\"},{\"@type\":\"BreadcrumbList\",\"@id\":\"https:\\\/\\\/www.bellunopress.it\\\/2022\\\/01\\\/05\\\/rigenerazione-urbana-2-sovilla-sbagliato-sbandierare-progetti-prima-di-essere-certi-di-concretizzarli\\\/#breadcrumb\",\"itemListElement\":[{\"@type\":\"ListItem\",\"position\":1,\"name\":\"Home\",\"item\":\"https:\\\/\\\/www.bellunopress.it\\\/\"},{\"@type\":\"ListItem\",\"position\":2,\"name\":\"Rigenerazione urbana 2. Sovilla: &#8220;Sbagliato sbandierare progetti prima di essere certi di concretizzarli&#8221;\"}]},{\"@type\":\"WebSite\",\"@id\":\"https:\\\/\\\/www.bellunopress.it\\\/#website\",\"url\":\"https:\\\/\\\/www.bellunopress.it\\\/\",\"name\":\"Bellunopress - Dolomiti\",\"description\":\"e-mail: redazione@bellunopress.it\",\"publisher\":{\"@id\":\"https:\\\/\\\/www.bellunopress.it\\\/#organization\"},\"potentialAction\":[{\"@type\":\"SearchAction\",\"target\":{\"@type\":\"EntryPoint\",\"urlTemplate\":\"https:\\\/\\\/www.bellunopress.it\\\/?s={search_term_string}\"},\"query-input\":{\"@type\":\"PropertyValueSpecification\",\"valueRequired\":true,\"valueName\":\"search_term_string\"}}],\"inLanguage\":\"fr-FR\"},{\"@type\":\"Organization\",\"@id\":\"https:\\\/\\\/www.bellunopress.it\\\/#organization\",\"name\":\"Bellunopress\",\"url\":\"https:\\\/\\\/www.bellunopress.it\\\/\",\"logo\":{\"@type\":\"ImageObject\",\"inLanguage\":\"fr-FR\",\"@id\":\"https:\\\/\\\/www.bellunopress.it\\\/#\\\/schema\\\/logo\\\/image\\\/\",\"url\":\"https:\\\/\\\/www.bellunopress.it\\\/wp-content\\\/uploads\\\/2011\\\/05\\\/cropped-logo-bellunopress-.jpg\",\"contentUrl\":\"https:\\\/\\\/www.bellunopress.it\\\/wp-content\\\/uploads\\\/2011\\\/05\\\/cropped-logo-bellunopress-.jpg\",\"width\":512,\"height\":512,\"caption\":\"Bellunopress\"},\"image\":{\"@id\":\"https:\\\/\\\/www.bellunopress.it\\\/#\\\/schema\\\/logo\\\/image\\\/\"},\"sameAs\":[\"https:\\\/\\\/www.facebook.com\\\/profile.php?id=100008943462799\",\"https:\\\/\\\/x.com\\\/bellunopress\",\"https:\\\/\\\/www.linkedin.com\\\/hp\\\/?dnr=JBzUWaJfMUw8vbXJJ2tVW5-I3jZKvC4wsoxE&amp;amp;amp;amp;amp;amp;trk=nav_responsive_tab_home\",\"https:\\\/\\\/www.youtube.com\\\/channel\\\/UCxL0wu1uN0_3_7hGG0306cw\"]},{\"@type\":\"Person\",\"@id\":\"https:\\\/\\\/www.bellunopress.it\\\/#\\\/schema\\\/person\\\/79bb06722b37ece1c03d3e94beb30d73\",\"name\":\"redazione\",\"image\":{\"@type\":\"ImageObject\",\"inLanguage\":\"fr-FR\",\"@id\":\"https:\\\/\\\/secure.gravatar.com\\\/avatar\\\/37d968a2e67a6fd04c169c4bdef102d0bc5d31b2546345219e348575eb80e9a0?s=96&d=mm&r=g\",\"url\":\"https:\\\/\\\/secure.gravatar.com\\\/avatar\\\/37d968a2e67a6fd04c169c4bdef102d0bc5d31b2546345219e348575eb80e9a0?s=96&d=mm&r=g\",\"contentUrl\":\"https:\\\/\\\/secure.gravatar.com\\\/avatar\\\/37d968a2e67a6fd04c169c4bdef102d0bc5d31b2546345219e348575eb80e9a0?s=96&d=mm&r=g\",\"caption\":\"redazione\"},\"sameAs\":[\"http:\\\/\\\/www.bellunopress.it\",\"https:\\\/\\\/x.com\\\/bellunopress\"],\"url\":\"https:\\\/\\\/www.bellunopress.it\\\/fr\\\/author\\\/redazione\\\/\"}]}<\/script>\n<!-- \/ Yoast SEO plugin. -->","yoast_head_json":{"title":"Rigenerazione urbana 2. Sovilla: \"Sbagliato sbandierare progetti prima di essere certi di concretizzarli\" - Bellunopress - Dolomiti","robots":{"index":"index","follow":"follow","max-snippet":"max-snippet:-1","max-image-preview":"max-image-preview:large","max-video-preview":"max-video-preview:-1"},"canonical":"https:\/\/www.bellunopress.it\/fr\/2022\/01\/05\/rigenerazione-urbana-2-sovilla-sbagliato-sbandierare-progetti-prima-di-essere-certi-di-concretizzarli\/","og_locale":"fr_FR","og_type":"article","og_title":"Rigenerazione urbana 2. Sovilla: \"Sbagliato sbandierare progetti prima di essere certi di concretizzarli\" - Bellunopress - Dolomiti","og_description":"&#8220;Curioso come il sindaco Jacopo Massaro oggi si scopra leghista sottoscrivendo, in questo caso, le parole del sindaco di Treviso e presidente regionale Anci Mario Conte&#8221;, dichiara il segretario cittadino della Lega Paolo Luciani in merito all&#8217;esclusione di Belluno dal secondo bando di rigenerazione urbana. &#8220;D&#8217;altra parte \u00e8 un dato di fatto, che il 93% [&hellip;]","og_url":"https:\/\/www.bellunopress.it\/fr\/2022\/01\/05\/rigenerazione-urbana-2-sovilla-sbagliato-sbandierare-progetti-prima-di-essere-certi-di-concretizzarli\/","og_site_name":"Bellunopress - Dolomiti","article_publisher":"https:\/\/www.facebook.com\/profile.php?id=100008943462799","article_published_time":"2022-01-05T13:26:57+00:00","og_image":[{"width":375,"height":274,"url":"https:\/\/www.bellunopress.it\/wp-content\/uploads\/2021\/09\/Marzio-Sovilla-Lega_edited.jpg","type":"image\/jpeg"}],"author":"redazione","twitter_card":"summary_large_image","twitter_creator":"@bellunopress","twitter_site":"@bellunopress","twitter_misc":{"\u00c9crit par":"redazione","Dur\u00e9e de lecture estim\u00e9e":"3 minutes"},"schema":{"@context":"https:\/\/schema.org","@graph":[{"@type":"Article","@id":"https:\/\/www.bellunopress.it\/2022\/01\/05\/rigenerazione-urbana-2-sovilla-sbagliato-sbandierare-progetti-prima-di-essere-certi-di-concretizzarli\/#article","isPartOf":{"@id":"https:\/\/www.bellunopress.it\/2022\/01\/05\/rigenerazione-urbana-2-sovilla-sbagliato-sbandierare-progetti-prima-di-essere-certi-di-concretizzarli\/"},"author":{"name":"redazione","@id":"https:\/\/www.bellunopress.it\/#\/schema\/person\/79bb06722b37ece1c03d3e94beb30d73"},"headline":"Rigenerazione urbana 2. Sovilla: &#8220;Sbagliato sbandierare progetti prima di essere certi di concretizzarli&#8221;","datePublished":"2022-01-05T13:26:57+00:00","mainEntityOfPage":{"@id":"https:\/\/www.bellunopress.it\/2022\/01\/05\/rigenerazione-urbana-2-sovilla-sbagliato-sbandierare-progetti-prima-di-essere-certi-di-concretizzarli\/"},"wordCount":424,"publisher":{"@id":"https:\/\/www.bellunopress.it\/#organization"},"image":{"@id":"https:\/\/www.bellunopress.it\/2022\/01\/05\/rigenerazione-urbana-2-sovilla-sbagliato-sbandierare-progetti-prima-di-essere-certi-di-concretizzarli\/#primaryimage"},"thumbnailUrl":"https:\/\/www.bellunopress.it\/wp-content\/uploads\/2021\/09\/Marzio-Sovilla-Lega_edited.jpg","articleSection":["Cronaca\/Politica"],"inLanguage":"fr-FR"},{"@type":"WebPage","@id":"https:\/\/www.bellunopress.it\/2022\/01\/05\/rigenerazione-urbana-2-sovilla-sbagliato-sbandierare-progetti-prima-di-essere-certi-di-concretizzarli\/","url":"https:\/\/www.bellunopress.it\/2022\/01\/05\/rigenerazione-urbana-2-sovilla-sbagliato-sbandierare-progetti-prima-di-essere-certi-di-concretizzarli\/","name":"Rigenerazione urbana 2. Sovilla: \"Sbagliato sbandierare progetti prima di essere certi di concretizzarli\" - Bellunopress - Dolomiti","isPartOf":{"@id":"https:\/\/www.bellunopress.it\/#website"},"primaryImageOfPage":{"@id":"https:\/\/www.bellunopress.it\/2022\/01\/05\/rigenerazione-urbana-2-sovilla-sbagliato-sbandierare-progetti-prima-di-essere-certi-di-concretizzarli\/#primaryimage"},"image":{"@id":"https:\/\/www.bellunopress.it\/2022\/01\/05\/rigenerazione-urbana-2-sovilla-sbagliato-sbandierare-progetti-prima-di-essere-certi-di-concretizzarli\/#primaryimage"},"thumbnailUrl":"https:\/\/www.bellunopress.it\/wp-content\/uploads\/2021\/09\/Marzio-Sovilla-Lega_edited.jpg","datePublished":"2022-01-05T13:26:57+00:00","breadcrumb":{"@id":"https:\/\/www.bellunopress.it\/2022\/01\/05\/rigenerazione-urbana-2-sovilla-sbagliato-sbandierare-progetti-prima-di-essere-certi-di-concretizzarli\/#breadcrumb"},"inLanguage":"fr-FR","potentialAction":[{"@type":"ReadAction","target":["https:\/\/www.bellunopress.it\/2022\/01\/05\/rigenerazione-urbana-2-sovilla-sbagliato-sbandierare-progetti-prima-di-essere-certi-di-concretizzarli\/"]}]},{"@type":"ImageObject","inLanguage":"fr-FR","@id":"https:\/\/www.bellunopress.it\/2022\/01\/05\/rigenerazione-urbana-2-sovilla-sbagliato-sbandierare-progetti-prima-di-essere-certi-di-concretizzarli\/#primaryimage","url":"https:\/\/www.bellunopress.it\/wp-content\/uploads\/2021\/09\/Marzio-Sovilla-Lega_edited.jpg","contentUrl":"https:\/\/www.bellunopress.it\/wp-content\/uploads\/2021\/09\/Marzio-Sovilla-Lega_edited.jpg","width":375,"height":274,"caption":"Marzio Sovilla - Consigliere comunale Lega"},{"@type":"BreadcrumbList","@id":"https:\/\/www.bellunopress.it\/2022\/01\/05\/rigenerazione-urbana-2-sovilla-sbagliato-sbandierare-progetti-prima-di-essere-certi-di-concretizzarli\/#breadcrumb","itemListElement":[{"@type":"ListItem","position":1,"name":"Home","item":"https:\/\/www.bellunopress.it\/"},{"@type":"ListItem","position":2,"name":"Rigenerazione urbana 2. Sovilla: &#8220;Sbagliato sbandierare progetti prima di essere certi di concretizzarli&#8221;"}]},{"@type":"WebSite","@id":"https:\/\/www.bellunopress.it\/#website","url":"https:\/\/www.bellunopress.it\/","name":"Bellunopress - Dolomiti","description":"e-mail: redazione@bellunopress.it","publisher":{"@id":"https:\/\/www.bellunopress.it\/#organization"},"potentialAction":[{"@type":"SearchAction","target":{"@type":"EntryPoint","urlTemplate":"https:\/\/www.bellunopress.it\/?s={search_term_string}"},"query-input":{"@type":"PropertyValueSpecification","valueRequired":true,"valueName":"search_term_string"}}],"inLanguage":"fr-FR"},{"@type":"Organization","@id":"https:\/\/www.bellunopress.it\/#organization","name":"Bellunopress","url":"https:\/\/www.bellunopress.it\/","logo":{"@type":"ImageObject","inLanguage":"fr-FR","@id":"https:\/\/www.bellunopress.it\/#\/schema\/logo\/image\/","url":"https:\/\/www.bellunopress.it\/wp-content\/uploads\/2011\/05\/cropped-logo-bellunopress-.jpg","contentUrl":"https:\/\/www.bellunopress.it\/wp-content\/uploads\/2011\/05\/cropped-logo-bellunopress-.jpg","width":512,"height":512,"caption":"Bellunopress"},"image":{"@id":"https:\/\/www.bellunopress.it\/#\/schema\/logo\/image\/"},"sameAs":["https:\/\/www.facebook.com\/profile.php?id=100008943462799","https:\/\/x.com\/bellunopress","https:\/\/www.linkedin.com\/hp\/?dnr=JBzUWaJfMUw8vbXJJ2tVW5-I3jZKvC4wsoxE&amp;amp;amp;amp;amp;amp;trk=nav_responsive_tab_home","https:\/\/www.youtube.com\/channel\/UCxL0wu1uN0_3_7hGG0306cw"]},{"@type":"Person","@id":"https:\/\/www.bellunopress.it\/#\/schema\/person\/79bb06722b37ece1c03d3e94beb30d73","name":"r\u00e9daction","image":{"@type":"ImageObject","inLanguage":"fr-FR","@id":"https:\/\/secure.gravatar.com\/avatar\/37d968a2e67a6fd04c169c4bdef102d0bc5d31b2546345219e348575eb80e9a0?s=96&d=mm&r=g","url":"https:\/\/secure.gravatar.com\/avatar\/37d968a2e67a6fd04c169c4bdef102d0bc5d31b2546345219e348575eb80e9a0?s=96&d=mm&r=g","contentUrl":"https:\/\/secure.gravatar.com\/avatar\/37d968a2e67a6fd04c169c4bdef102d0bc5d31b2546345219e348575eb80e9a0?s=96&d=mm&r=g","caption":"redazione"},"sameAs":["http:\/\/www.bellunopress.it","https:\/\/x.com\/bellunopress"],"url":"https:\/\/www.bellunopress.it\/fr\/author\/redazione\/"}]}},"_links":{"self":[{"href":"https:\/\/www.bellunopress.it\/fr\/wp-json\/wp\/v2\/posts\/130464","targetHints":{"allow":["GET"]}}],"collection":[{"href":"https:\/\/www.bellunopress.it\/fr\/wp-json\/wp\/v2\/posts"}],"about":[{"href":"https:\/\/www.bellunopress.it\/fr\/wp-json\/wp\/v2\/types\/post"}],"author":[{"embeddable":true,"href":"https:\/\/www.bellunopress.it\/fr\/wp-json\/wp\/v2\/users\/2"}],"replies":[{"embeddable":true,"href":"https:\/\/www.bellunopress.it\/fr\/wp-json\/wp\/v2\/comments?post=130464"}],"version-history":[{"count":1,"href":"https:\/\/www.bellunopress.it\/fr\/wp-json\/wp\/v2\/posts\/130464\/revisions"}],"predecessor-version":[{"id":130465,"href":"https:\/\/www.bellunopress.it\/fr\/wp-json\/wp\/v2\/posts\/130464\/revisions\/130465"}],"wp:featuredmedia":[{"embeddable":true,"href":"https:\/\/www.bellunopress.it\/fr\/wp-json\/wp\/v2\/media\/128077"}],"wp:attachment":[{"href":"https:\/\/www.bellunopress.it\/fr\/wp-json\/wp\/v2\/media?parent=130464"}],"wp:term":[{"taxonomy":"category","embeddable":true,"href":"https:\/\/www.bellunopress.it\/fr\/wp-json\/wp\/v2\/categories?post=130464"},{"taxonomy":"post_tag","embeddable":true,"href":"https:\/\/www.bellunopress.it\/fr\/wp-json\/wp\/v2\/tags?post=130464"}],"curies":[{"name":"wp","href":"https:\/\/api.w.org\/{rel}","templated":true}]}}