{"id":130462,"date":"2022-01-05T13:57:23","date_gmt":"2022-01-05T12:57:23","guid":{"rendered":"https:\/\/www.bellunopress.it\/?p=130462"},"modified":"2022-01-05T13:57:23","modified_gmt":"2022-01-05T12:57:23","slug":"nuove-tariffe-al-museo-etnografico-della-provincia","status":"publish","type":"post","link":"https:\/\/www.bellunopress.it\/fr\/2022\/01\/05\/nuove-tariffe-al-museo-etnografico-della-provincia\/","title":{"rendered":"Nuove tariffe al museo etnografico della Provincia"},"content":{"rendered":"<p><em>La villa di Seravella introduce la riduzione per i residenti ed estende ai minorenni il biglietto studenti a 1 euro<\/em><\/p>\n<figure id=\"attachment_128001\" aria-describedby=\"caption-attachment-128001\" style=\"width: 500px\" class=\"wp-caption alignleft\"><img loading=\"lazy\" decoding=\"async\" class=\"size-medium wp-image-128001\" src=\"https:\/\/www.bellunopress.it\/wp-content\/uploads\/2021\/09\/museo-etnografico-seravella-Cesiomaggiore_edited-500x375.jpg\" alt=\"\" width=\"500\" height=\"375\" srcset=\"https:\/\/www.bellunopress.it\/wp-content\/uploads\/2021\/09\/museo-etnografico-seravella-Cesiomaggiore_edited-500x375.jpg 500w, https:\/\/www.bellunopress.it\/wp-content\/uploads\/2021\/09\/museo-etnografico-seravella-Cesiomaggiore_edited-696x522.jpg 696w, https:\/\/www.bellunopress.it\/wp-content\/uploads\/2021\/09\/museo-etnografico-seravella-Cesiomaggiore_edited-560x420.jpg 560w, https:\/\/www.bellunopress.it\/wp-content\/uploads\/2021\/09\/museo-etnografico-seravella-Cesiomaggiore_edited-80x60.jpg 80w, https:\/\/www.bellunopress.it\/wp-content\/uploads\/2021\/09\/museo-etnografico-seravella-Cesiomaggiore_edited-265x198.jpg 265w, https:\/\/www.bellunopress.it\/wp-content\/uploads\/2021\/09\/museo-etnografico-seravella-Cesiomaggiore_edited.jpg 800w\" sizes=\"auto, (max-width: 500px) 100vw, 500px\" \/><figcaption id=\"caption-attachment-128001\" class=\"wp-caption-text\">Museo Etnografico di Seravella (Cesiomaggiore)<\/figcaption><\/figure>\n<p>Il museo etnografico della Provincia di Belluno \u00e8 pronto ad affrontare il nuovo anno con due novit\u00e0, sul fronte delle tariffe. Sono stati introdotte nuove riduzioni ai biglietti d&#8217;ingresso. In particolare lo sconto per i residenti nel territorio provinciale, che fino allo scorso anno non era previsto, e la riduzione per gli over 65; in questo caso, il biglietto di ingresso &#8211; che per tutti comprende anche la visita al Giardino delle rose &#8211; costa 3 euro. La tariffa studenti del valore simbolico di 1 euro viene estesa a tutti i giovani fino ai 18 anni, consentendo di allargare cos\u00ec l&#8217;agevolazione famiglie (bambini e ragazzi fino ai 18 anni in visita con la famiglia entrano gratuitamente al museo). I centri estivi e le comitive under 18 vengono considerati alla stregua delle scuole per avvicinare i giovani al museo.<br \/>\n\u00abLa villa di Seravella \u00e8 uno dei fiori all&#8217;occhiello del nostro patrimonio provinciale e in quanto tale vogliamo continuare a valorizzarlo, facendolo conoscere prima di tutto ai bellunesi e poi anche fuori provincia\u00bb commenta il presidente della Provincia, Roberto Padrin. \u00abLe nuove tariffe, decise con il rinnovo dello schema di convenzione per la gestione del museo, vanno proprio in questa direzione\u00bb.<br \/>\nIl museo etnografico \u00e8 sempre aperto nei giorni feriali dal marted\u00ec al venerd\u00ec, al mattino; e il sabato e domenica al pomeriggio. Si pu\u00f2 entrare con green pass rafforzato e mascherina ffp2.<\/p>","protected":false},"excerpt":{"rendered":"<p>La villa di Seravella introduce la riduzione per i residenti ed estende ai minorenni il biglietto studenti a 1 euro Il museo etnografico della Provincia di Belluno \u00e8 pronto ad affrontare il nuovo anno con due novit\u00e0, sul fronte delle tariffe. Sono stati introdotte nuove riduzioni ai biglietti d&#8217;ingresso. In particolare lo sconto per i [&hellip;]<\/p>\n","protected":false},"author":2,"featured_media":128001,"comment_status":"closed","ping_status":"open","sticky":false,"template":"","format":"standard","meta":{"footnotes":""},"categories":[3,25],"tags":[],"class_list":["post-130462","post","type-post","status-publish","format-standard","has-post-thumbnail","category-arte-cultura-spettacoli-scienza-archivi","category-pausa-caffe"],"yoast_head":"<!-- This site is optimized with the Yoast SEO plugin v28.4 - https:\/\/yoast.com\/product\/yoast-seo-wordpress\/ -->\n<title>Nuove tariffe al museo etnografico della Provincia - Bellunopress - Dolomiti<\/title>\n<meta name=\"robots\" content=\"index, follow, max-snippet:-1, max-image-preview:large, max-video-preview:-1\" \/>\n<link rel=\"canonical\" href=\"https:\/\/www.bellunopress.it\/fr\/2022\/01\/05\/nuove-tariffe-al-museo-etnografico-della-provincia\/\" \/>\n<meta property=\"og:locale\" content=\"fr_FR\" \/>\n<meta property=\"og:type\" content=\"article\" \/>\n<meta property=\"og:title\" content=\"Nuove tariffe al museo etnografico della Provincia - Bellunopress - Dolomiti\" \/>\n<meta property=\"og:description\" content=\"La villa di Seravella introduce la riduzione per i residenti ed estende ai minorenni il biglietto studenti a 1 euro Il museo etnografico della Provincia di Belluno \u00e8 pronto ad affrontare il nuovo anno con due novit\u00e0, sul fronte delle tariffe. Sono stati introdotte nuove riduzioni ai biglietti d&#8217;ingresso. In particolare lo sconto per i [&hellip;]\" \/>\n<meta property=\"og:url\" content=\"https:\/\/www.bellunopress.it\/fr\/2022\/01\/05\/nuove-tariffe-al-museo-etnografico-della-provincia\/\" \/>\n<meta property=\"og:site_name\" content=\"Bellunopress - Dolomiti\" \/>\n<meta property=\"article:publisher\" content=\"https:\/\/www.facebook.com\/profile.php?id=100008943462799\" \/>\n<meta property=\"article:published_time\" content=\"2022-01-05T12:57:23+00:00\" \/>\n<meta property=\"og:image\" content=\"https:\/\/www.bellunopress.it\/wp-content\/uploads\/2021\/09\/museo-etnografico-seravella-Cesiomaggiore_edited.jpg\" \/>\n\t<meta property=\"og:image:width\" content=\"800\" \/>\n\t<meta property=\"og:image:height\" content=\"600\" \/>\n\t<meta property=\"og:image:type\" content=\"image\/jpeg\" \/>\n<meta name=\"author\" content=\"redazione\" \/>\n<meta name=\"twitter:card\" content=\"summary_large_image\" \/>\n<meta name=\"twitter:creator\" content=\"@bellunopress\" \/>\n<meta name=\"twitter:site\" content=\"@bellunopress\" \/>\n<meta name=\"twitter:label1\" content=\"\u00c9crit par\" \/>\n\t<meta name=\"twitter:data1\" content=\"redazione\" \/>\n\t<meta name=\"twitter:label2\" content=\"Dur\u00e9e de lecture estim\u00e9e\" \/>\n\t<meta name=\"twitter:data2\" content=\"2 minutes\" \/>\n<script type=\"application\/ld+json\" class=\"yoast-schema-graph\">{\"@context\":\"https:\\\/\\\/schema.org\",\"@graph\":[{\"@type\":\"Article\",\"@id\":\"https:\\\/\\\/www.bellunopress.it\\\/2022\\\/01\\\/05\\\/nuove-tariffe-al-museo-etnografico-della-provincia\\\/#article\",\"isPartOf\":{\"@id\":\"https:\\\/\\\/www.bellunopress.it\\\/2022\\\/01\\\/05\\\/nuove-tariffe-al-museo-etnografico-della-provincia\\\/\"},\"author\":{\"name\":\"redazione\",\"@id\":\"https:\\\/\\\/www.bellunopress.it\\\/#\\\/schema\\\/person\\\/79bb06722b37ece1c03d3e94beb30d73\"},\"headline\":\"Nuove tariffe al museo etnografico della Provincia\",\"datePublished\":\"2022-01-05T12:57:23+00:00\",\"mainEntityOfPage\":{\"@id\":\"https:\\\/\\\/www.bellunopress.it\\\/2022\\\/01\\\/05\\\/nuove-tariffe-al-museo-etnografico-della-provincia\\\/\"},\"wordCount\":263,\"publisher\":{\"@id\":\"https:\\\/\\\/www.bellunopress.it\\\/#organization\"},\"image\":{\"@id\":\"https:\\\/\\\/www.bellunopress.it\\\/2022\\\/01\\\/05\\\/nuove-tariffe-al-museo-etnografico-della-provincia\\\/#primaryimage\"},\"thumbnailUrl\":\"https:\\\/\\\/www.bellunopress.it\\\/wp-content\\\/uploads\\\/2021\\\/09\\\/museo-etnografico-seravella-Cesiomaggiore_edited.jpg\",\"articleSection\":[\"Arte, Cultura, Spettacoli, Scienza\",\"Pausa Caff\u00e8\"],\"inLanguage\":\"fr-FR\"},{\"@type\":\"WebPage\",\"@id\":\"https:\\\/\\\/www.bellunopress.it\\\/2022\\\/01\\\/05\\\/nuove-tariffe-al-museo-etnografico-della-provincia\\\/\",\"url\":\"https:\\\/\\\/www.bellunopress.it\\\/2022\\\/01\\\/05\\\/nuove-tariffe-al-museo-etnografico-della-provincia\\\/\",\"name\":\"Nuove tariffe al museo etnografico della Provincia - Bellunopress - Dolomiti\",\"isPartOf\":{\"@id\":\"https:\\\/\\\/www.bellunopress.it\\\/#website\"},\"primaryImageOfPage\":{\"@id\":\"https:\\\/\\\/www.bellunopress.it\\\/2022\\\/01\\\/05\\\/nuove-tariffe-al-museo-etnografico-della-provincia\\\/#primaryimage\"},\"image\":{\"@id\":\"https:\\\/\\\/www.bellunopress.it\\\/2022\\\/01\\\/05\\\/nuove-tariffe-al-museo-etnografico-della-provincia\\\/#primaryimage\"},\"thumbnailUrl\":\"https:\\\/\\\/www.bellunopress.it\\\/wp-content\\\/uploads\\\/2021\\\/09\\\/museo-etnografico-seravella-Cesiomaggiore_edited.jpg\",\"datePublished\":\"2022-01-05T12:57:23+00:00\",\"breadcrumb\":{\"@id\":\"https:\\\/\\\/www.bellunopress.it\\\/2022\\\/01\\\/05\\\/nuove-tariffe-al-museo-etnografico-della-provincia\\\/#breadcrumb\"},\"inLanguage\":\"fr-FR\",\"potentialAction\":[{\"@type\":\"ReadAction\",\"target\":[\"https:\\\/\\\/www.bellunopress.it\\\/2022\\\/01\\\/05\\\/nuove-tariffe-al-museo-etnografico-della-provincia\\\/\"]}]},{\"@type\":\"ImageObject\",\"inLanguage\":\"fr-FR\",\"@id\":\"https:\\\/\\\/www.bellunopress.it\\\/2022\\\/01\\\/05\\\/nuove-tariffe-al-museo-etnografico-della-provincia\\\/#primaryimage\",\"url\":\"https:\\\/\\\/www.bellunopress.it\\\/wp-content\\\/uploads\\\/2021\\\/09\\\/museo-etnografico-seravella-Cesiomaggiore_edited.jpg\",\"contentUrl\":\"https:\\\/\\\/www.bellunopress.it\\\/wp-content\\\/uploads\\\/2021\\\/09\\\/museo-etnografico-seravella-Cesiomaggiore_edited.jpg\",\"width\":800,\"height\":600,\"caption\":\"Museo Etnografico di Seravella (Cesiomaggiore)\"},{\"@type\":\"BreadcrumbList\",\"@id\":\"https:\\\/\\\/www.bellunopress.it\\\/2022\\\/01\\\/05\\\/nuove-tariffe-al-museo-etnografico-della-provincia\\\/#breadcrumb\",\"itemListElement\":[{\"@type\":\"ListItem\",\"position\":1,\"name\":\"Home\",\"item\":\"https:\\\/\\\/www.bellunopress.it\\\/\"},{\"@type\":\"ListItem\",\"position\":2,\"name\":\"Nuove tariffe al museo etnografico della Provincia\"}]},{\"@type\":\"WebSite\",\"@id\":\"https:\\\/\\\/www.bellunopress.it\\\/#website\",\"url\":\"https:\\\/\\\/www.bellunopress.it\\\/\",\"name\":\"Bellunopress - Dolomiti\",\"description\":\"e-mail: redazione@bellunopress.it\",\"publisher\":{\"@id\":\"https:\\\/\\\/www.bellunopress.it\\\/#organization\"},\"potentialAction\":[{\"@type\":\"SearchAction\",\"target\":{\"@type\":\"EntryPoint\",\"urlTemplate\":\"https:\\\/\\\/www.bellunopress.it\\\/?s={search_term_string}\"},\"query-input\":{\"@type\":\"PropertyValueSpecification\",\"valueRequired\":true,\"valueName\":\"search_term_string\"}}],\"inLanguage\":\"fr-FR\"},{\"@type\":\"Organization\",\"@id\":\"https:\\\/\\\/www.bellunopress.it\\\/#organization\",\"name\":\"Bellunopress\",\"url\":\"https:\\\/\\\/www.bellunopress.it\\\/\",\"logo\":{\"@type\":\"ImageObject\",\"inLanguage\":\"fr-FR\",\"@id\":\"https:\\\/\\\/www.bellunopress.it\\\/#\\\/schema\\\/logo\\\/image\\\/\",\"url\":\"https:\\\/\\\/www.bellunopress.it\\\/wp-content\\\/uploads\\\/2011\\\/05\\\/cropped-logo-bellunopress-.jpg\",\"contentUrl\":\"https:\\\/\\\/www.bellunopress.it\\\/wp-content\\\/uploads\\\/2011\\\/05\\\/cropped-logo-bellunopress-.jpg\",\"width\":512,\"height\":512,\"caption\":\"Bellunopress\"},\"image\":{\"@id\":\"https:\\\/\\\/www.bellunopress.it\\\/#\\\/schema\\\/logo\\\/image\\\/\"},\"sameAs\":[\"https:\\\/\\\/www.facebook.com\\\/profile.php?id=100008943462799\",\"https:\\\/\\\/x.com\\\/bellunopress\",\"https:\\\/\\\/www.linkedin.com\\\/hp\\\/?dnr=JBzUWaJfMUw8vbXJJ2tVW5-I3jZKvC4wsoxE&amp;amp;amp;amp;amp;amp;trk=nav_responsive_tab_home\",\"https:\\\/\\\/www.youtube.com\\\/channel\\\/UCxL0wu1uN0_3_7hGG0306cw\"]},{\"@type\":\"Person\",\"@id\":\"https:\\\/\\\/www.bellunopress.it\\\/#\\\/schema\\\/person\\\/79bb06722b37ece1c03d3e94beb30d73\",\"name\":\"redazione\",\"image\":{\"@type\":\"ImageObject\",\"inLanguage\":\"fr-FR\",\"@id\":\"https:\\\/\\\/secure.gravatar.com\\\/avatar\\\/37d968a2e67a6fd04c169c4bdef102d0bc5d31b2546345219e348575eb80e9a0?s=96&d=mm&r=g\",\"url\":\"https:\\\/\\\/secure.gravatar.com\\\/avatar\\\/37d968a2e67a6fd04c169c4bdef102d0bc5d31b2546345219e348575eb80e9a0?s=96&d=mm&r=g\",\"contentUrl\":\"https:\\\/\\\/secure.gravatar.com\\\/avatar\\\/37d968a2e67a6fd04c169c4bdef102d0bc5d31b2546345219e348575eb80e9a0?s=96&d=mm&r=g\",\"caption\":\"redazione\"},\"sameAs\":[\"http:\\\/\\\/www.bellunopress.it\",\"https:\\\/\\\/x.com\\\/bellunopress\"],\"url\":\"https:\\\/\\\/www.bellunopress.it\\\/fr\\\/author\\\/redazione\\\/\"}]}<\/script>\n<!-- \/ Yoast SEO plugin. -->","yoast_head_json":{"title":"Nuove tariffe al museo etnografico della Provincia - Bellunopress - Dolomiti","robots":{"index":"index","follow":"follow","max-snippet":"max-snippet:-1","max-image-preview":"max-image-preview:large","max-video-preview":"max-video-preview:-1"},"canonical":"https:\/\/www.bellunopress.it\/fr\/2022\/01\/05\/nuove-tariffe-al-museo-etnografico-della-provincia\/","og_locale":"fr_FR","og_type":"article","og_title":"Nuove tariffe al museo etnografico della Provincia - Bellunopress - Dolomiti","og_description":"La villa di Seravella introduce la riduzione per i residenti ed estende ai minorenni il biglietto studenti a 1 euro Il museo etnografico della Provincia di Belluno \u00e8 pronto ad affrontare il nuovo anno con due novit\u00e0, sul fronte delle tariffe. Sono stati introdotte nuove riduzioni ai biglietti d&#8217;ingresso. In particolare lo sconto per i [&hellip;]","og_url":"https:\/\/www.bellunopress.it\/fr\/2022\/01\/05\/nuove-tariffe-al-museo-etnografico-della-provincia\/","og_site_name":"Bellunopress - Dolomiti","article_publisher":"https:\/\/www.facebook.com\/profile.php?id=100008943462799","article_published_time":"2022-01-05T12:57:23+00:00","og_image":[{"width":800,"height":600,"url":"https:\/\/www.bellunopress.it\/wp-content\/uploads\/2021\/09\/museo-etnografico-seravella-Cesiomaggiore_edited.jpg","type":"image\/jpeg"}],"author":"redazione","twitter_card":"summary_large_image","twitter_creator":"@bellunopress","twitter_site":"@bellunopress","twitter_misc":{"\u00c9crit par":"redazione","Dur\u00e9e de lecture estim\u00e9e":"2 minutes"},"schema":{"@context":"https:\/\/schema.org","@graph":[{"@type":"Article","@id":"https:\/\/www.bellunopress.it\/2022\/01\/05\/nuove-tariffe-al-museo-etnografico-della-provincia\/#article","isPartOf":{"@id":"https:\/\/www.bellunopress.it\/2022\/01\/05\/nuove-tariffe-al-museo-etnografico-della-provincia\/"},"author":{"name":"redazione","@id":"https:\/\/www.bellunopress.it\/#\/schema\/person\/79bb06722b37ece1c03d3e94beb30d73"},"headline":"Nuove tariffe al museo etnografico della Provincia","datePublished":"2022-01-05T12:57:23+00:00","mainEntityOfPage":{"@id":"https:\/\/www.bellunopress.it\/2022\/01\/05\/nuove-tariffe-al-museo-etnografico-della-provincia\/"},"wordCount":263,"publisher":{"@id":"https:\/\/www.bellunopress.it\/#organization"},"image":{"@id":"https:\/\/www.bellunopress.it\/2022\/01\/05\/nuove-tariffe-al-museo-etnografico-della-provincia\/#primaryimage"},"thumbnailUrl":"https:\/\/www.bellunopress.it\/wp-content\/uploads\/2021\/09\/museo-etnografico-seravella-Cesiomaggiore_edited.jpg","articleSection":["Arte, Cultura, Spettacoli, Scienza","Pausa Caff\u00e8"],"inLanguage":"fr-FR"},{"@type":"WebPage","@id":"https:\/\/www.bellunopress.it\/2022\/01\/05\/nuove-tariffe-al-museo-etnografico-della-provincia\/","url":"https:\/\/www.bellunopress.it\/2022\/01\/05\/nuove-tariffe-al-museo-etnografico-della-provincia\/","name":"Nuove tariffe al museo etnografico della Provincia - Bellunopress - Dolomiti","isPartOf":{"@id":"https:\/\/www.bellunopress.it\/#website"},"primaryImageOfPage":{"@id":"https:\/\/www.bellunopress.it\/2022\/01\/05\/nuove-tariffe-al-museo-etnografico-della-provincia\/#primaryimage"},"image":{"@id":"https:\/\/www.bellunopress.it\/2022\/01\/05\/nuove-tariffe-al-museo-etnografico-della-provincia\/#primaryimage"},"thumbnailUrl":"https:\/\/www.bellunopress.it\/wp-content\/uploads\/2021\/09\/museo-etnografico-seravella-Cesiomaggiore_edited.jpg","datePublished":"2022-01-05T12:57:23+00:00","breadcrumb":{"@id":"https:\/\/www.bellunopress.it\/2022\/01\/05\/nuove-tariffe-al-museo-etnografico-della-provincia\/#breadcrumb"},"inLanguage":"fr-FR","potentialAction":[{"@type":"ReadAction","target":["https:\/\/www.bellunopress.it\/2022\/01\/05\/nuove-tariffe-al-museo-etnografico-della-provincia\/"]}]},{"@type":"ImageObject","inLanguage":"fr-FR","@id":"https:\/\/www.bellunopress.it\/2022\/01\/05\/nuove-tariffe-al-museo-etnografico-della-provincia\/#primaryimage","url":"https:\/\/www.bellunopress.it\/wp-content\/uploads\/2021\/09\/museo-etnografico-seravella-Cesiomaggiore_edited.jpg","contentUrl":"https:\/\/www.bellunopress.it\/wp-content\/uploads\/2021\/09\/museo-etnografico-seravella-Cesiomaggiore_edited.jpg","width":800,"height":600,"caption":"Museo Etnografico di Seravella (Cesiomaggiore)"},{"@type":"BreadcrumbList","@id":"https:\/\/www.bellunopress.it\/2022\/01\/05\/nuove-tariffe-al-museo-etnografico-della-provincia\/#breadcrumb","itemListElement":[{"@type":"ListItem","position":1,"name":"Home","item":"https:\/\/www.bellunopress.it\/"},{"@type":"ListItem","position":2,"name":"Nuove tariffe al museo etnografico della Provincia"}]},{"@type":"WebSite","@id":"https:\/\/www.bellunopress.it\/#website","url":"https:\/\/www.bellunopress.it\/","name":"Bellunopress - Dolomiti","description":"e-mail: redazione@bellunopress.it","publisher":{"@id":"https:\/\/www.bellunopress.it\/#organization"},"potentialAction":[{"@type":"SearchAction","target":{"@type":"EntryPoint","urlTemplate":"https:\/\/www.bellunopress.it\/?s={search_term_string}"},"query-input":{"@type":"PropertyValueSpecification","valueRequired":true,"valueName":"search_term_string"}}],"inLanguage":"fr-FR"},{"@type":"Organization","@id":"https:\/\/www.bellunopress.it\/#organization","name":"Bellunopress","url":"https:\/\/www.bellunopress.it\/","logo":{"@type":"ImageObject","inLanguage":"fr-FR","@id":"https:\/\/www.bellunopress.it\/#\/schema\/logo\/image\/","url":"https:\/\/www.bellunopress.it\/wp-content\/uploads\/2011\/05\/cropped-logo-bellunopress-.jpg","contentUrl":"https:\/\/www.bellunopress.it\/wp-content\/uploads\/2011\/05\/cropped-logo-bellunopress-.jpg","width":512,"height":512,"caption":"Bellunopress"},"image":{"@id":"https:\/\/www.bellunopress.it\/#\/schema\/logo\/image\/"},"sameAs":["https:\/\/www.facebook.com\/profile.php?id=100008943462799","https:\/\/x.com\/bellunopress","https:\/\/www.linkedin.com\/hp\/?dnr=JBzUWaJfMUw8vbXJJ2tVW5-I3jZKvC4wsoxE&amp;amp;amp;amp;amp;amp;trk=nav_responsive_tab_home","https:\/\/www.youtube.com\/channel\/UCxL0wu1uN0_3_7hGG0306cw"]},{"@type":"Person","@id":"https:\/\/www.bellunopress.it\/#\/schema\/person\/79bb06722b37ece1c03d3e94beb30d73","name":"r\u00e9daction","image":{"@type":"ImageObject","inLanguage":"fr-FR","@id":"https:\/\/secure.gravatar.com\/avatar\/37d968a2e67a6fd04c169c4bdef102d0bc5d31b2546345219e348575eb80e9a0?s=96&d=mm&r=g","url":"https:\/\/secure.gravatar.com\/avatar\/37d968a2e67a6fd04c169c4bdef102d0bc5d31b2546345219e348575eb80e9a0?s=96&d=mm&r=g","contentUrl":"https:\/\/secure.gravatar.com\/avatar\/37d968a2e67a6fd04c169c4bdef102d0bc5d31b2546345219e348575eb80e9a0?s=96&d=mm&r=g","caption":"redazione"},"sameAs":["http:\/\/www.bellunopress.it","https:\/\/x.com\/bellunopress"],"url":"https:\/\/www.bellunopress.it\/fr\/author\/redazione\/"}]}},"_links":{"self":[{"href":"https:\/\/www.bellunopress.it\/fr\/wp-json\/wp\/v2\/posts\/130462","targetHints":{"allow":["GET"]}}],"collection":[{"href":"https:\/\/www.bellunopress.it\/fr\/wp-json\/wp\/v2\/posts"}],"about":[{"href":"https:\/\/www.bellunopress.it\/fr\/wp-json\/wp\/v2\/types\/post"}],"author":[{"embeddable":true,"href":"https:\/\/www.bellunopress.it\/fr\/wp-json\/wp\/v2\/users\/2"}],"replies":[{"embeddable":true,"href":"https:\/\/www.bellunopress.it\/fr\/wp-json\/wp\/v2\/comments?post=130462"}],"version-history":[{"count":1,"href":"https:\/\/www.bellunopress.it\/fr\/wp-json\/wp\/v2\/posts\/130462\/revisions"}],"predecessor-version":[{"id":130463,"href":"https:\/\/www.bellunopress.it\/fr\/wp-json\/wp\/v2\/posts\/130462\/revisions\/130463"}],"wp:featuredmedia":[{"embeddable":true,"href":"https:\/\/www.bellunopress.it\/fr\/wp-json\/wp\/v2\/media\/128001"}],"wp:attachment":[{"href":"https:\/\/www.bellunopress.it\/fr\/wp-json\/wp\/v2\/media?parent=130462"}],"wp:term":[{"taxonomy":"category","embeddable":true,"href":"https:\/\/www.bellunopress.it\/fr\/wp-json\/wp\/v2\/categories?post=130462"},{"taxonomy":"post_tag","embeddable":true,"href":"https:\/\/www.bellunopress.it\/fr\/wp-json\/wp\/v2\/tags?post=130462"}],"curies":[{"name":"wp","href":"https:\/\/api.w.org\/{rel}","templated":true}]}}