{"id":12939,"date":"2010-02-24T21:15:33","date_gmt":"2010-02-24T20:15:33","guid":{"rendered":"http:\/\/www.bellunopress.it\/?p=12939"},"modified":"2010-02-24T21:15:33","modified_gmt":"2010-02-24T20:15:33","slug":"caiinform-agordo-notizie-su-corsi-gite-ed-escursioni-con-gli-sci","status":"publish","type":"post","link":"https:\/\/www.bellunopress.it\/fr\/2010\/02\/24\/caiinform-agordo-notizie-su-corsi-gite-ed-escursioni-con-gli-sci\/","title":{"rendered":"CaiInForm Agordo: notizie su corsi, gite ed escursioni con gli sci"},"content":{"rendered":"<p>Si informano tutti gli interessati che la presentazione del Corso di scialpinismo\u00e8 stata anticipata di un giorno rispetto a quanto finora divulgato e si terr\u00e0 gioved\u00ec 4 marzo alle 20 presso la sede CAI della sezione agordina.<br \/>\n<strong>VENERDI\u2019 26 FEBBRAIO 2010 &#8211;\u00a0 A SEDICO UNA SERATA\u00a0 SUL TEMA DELLA SICUREZZA INVERNALE<\/strong><br \/>\nVenerd\u00ec 26 Febbraio 2010 alle ore 20.30 presso il Palazzo dei Servizi di Sedico si svolger\u00e0 una serata dedicata alle escursioni invernali ed alle problematiche inerenti tale attivit\u00e0. Relatore Antonello Cibien &#8211; Accompagnatore di Escursionismo nonch\u00e9 Presidente della Sezione Agordina del CAI \u2013 che riproporr\u00e0 la prima lezione gi\u00e0 presentata in occasione del Corso Propedeutico all\u2019escursionismo invernale svoltosi ad Agordo il mese scorso\u00a0 . Durante l\u2019intervento saranno esposti e trattati diversi temi inerenti la frequentazione invernale della montagna, piacevole attivit\u00e0 sportiva e ricreativa che tuttavia\u2026 nasconde anche numerose insidie e pericoli\u2026<br \/>\n<strong>ALLORA\u2026SONO PRONTE LE FRONTALI ? SABATO SERA IN\u2026\u201dVALLE DI S.LUCANO SOTTO LE STELLE\u201d<\/strong><br \/>\nArriva la luna piena\u2026ecco la nuova edizione di \u201cValle di S.Lucano sotto le stelle\u201d!<br \/>\nOrmai tutti pronti alla facile escursione notturna con ci\u00e0spe e sci d\u2019alpinismo &#8211; per trascorrere una piacevole serata in compagnia &#8211; nell\u2019incantevole valle di Taibon Agordino, immersi tra le pareti dell\u2019Agn\u00e8r e delle Pale di S.Lucano. La partenza \u00e8 fissata per sabato 27 Febbraio 2010 alle ore 19.30 nei pressi delle Peschiere (ritrovo alle ore 19.15) presso il locale \u201cAfter Hour\u201d. Dalle ore 18.00 sar\u00e0 attivo un servizio di navetta da Col di Pr\u00e0 (arrivo dell\u2019escursione) sino alla partenza, per permettere ai partecipanti di lasciare la propria automobile nei pressi dell\u2019arrivo, dove, come consuetudine, sar\u00e0 allestito un punto di ristoro .<br \/>\nSi ricorda che la partecipazione \u00e8 libera a tutti e non prevede iscrizione. Vi aspettiamo numerosi!!<br \/>\nUlteriori informazioni nell\u2019allegata locandina della manifestazione.<br \/>\n<strong>ANNULLATA LA GITA SCI-ALPINISTICA SUL MONTE CAVALLO IN ALPAGO<\/strong><br \/>\nLa Scuola di Scialpinismo della Sezione non ha dato corso all\u2019escursione in programma sulle nevi dell\u2019Alpago a causa dell\u2019elevato pericolo di valanghe che si era determinato in seguito alle recenti precipitazioni nevose.<br \/>\nL\u2019escursione, impegni e programmi permettendo, \u00e8 stata momentaneamente rinviata a data da destinarsi.<br \/>\nCogliamo l\u2019occasione per riprendere e sottolineare ancora una volta l\u2019importanza della sicurezza, l\u2019intelligenza di saper rinunciare\u2026riproponendo qui di seguito uno stralcio-riassunto della comunicazione inviata a tutti gli interessati proprio da Emilio Bertan, Presidente del CAI Veneto.\u00a0 \u201cFacciamo seguito alle cattive notizie di incidenti da valanghe che in questa stagione invernale, purtroppo, stanno assumendo un bilancio provvisorio di travolti e vittime assai preoccupante, per rivolgere a tutti un appello, un invito a prestare maggiore attenzione nello svolgimento delle attivit\u00e0 invernali. Vi raccomandiamo vivamente di assicurarvi, attraverso i notiziari ed i Bollettini della neve, sulle condizioni del manto nevoso e del grado di rischio valanghe. \u00c8 pur sempre preferibile cambiare itinerario, sospendere l\u2019escursione che trovarsi coinvolti in spiacevoli ed a volte tragiche circostanze. Le attivit\u00e0 si possono rimandare, le montagne non scappano\u201d.<\/p>","protected":false},"excerpt":{"rendered":"<p>Si informano tutti gli interessati che la presentazione del Corso di scialpinismo\u00e8 stata anticipata di un giorno rispetto a quanto finora divulgato e si terr\u00e0 gioved\u00ec 4 marzo alle 20 presso la sede CAI della sezione agordina. VENERDI\u2019 26 FEBBRAIO 2010 &#8211;\u00a0 A SEDICO UNA SERATA\u00a0 SUL TEMA DELLA SICUREZZA INVERNALE Venerd\u00ec 26 Febbraio 2010 [&hellip;]<\/p>\n","protected":false},"author":2,"featured_media":0,"comment_status":"closed","ping_status":"open","sticky":false,"template":"","format":"standard","meta":{"footnotes":""},"categories":[27,38,25],"tags":[],"class_list":["post-12939","post","type-post","status-publish","format-standard","category-appuntamenti","category-natura-ambiente","category-pausa-caffe"],"yoast_head":"<!-- This site is optimized with the Yoast SEO plugin v28.4 - https:\/\/yoast.com\/product\/yoast-seo-wordpress\/ -->\n<title>CaiInForm Agordo: notizie su corsi, gite ed escursioni con gli sci - Bellunopress - Dolomiti<\/title>\n<meta name=\"robots\" content=\"index, follow, max-snippet:-1, max-image-preview:large, max-video-preview:-1\" \/>\n<link rel=\"canonical\" href=\"https:\/\/www.bellunopress.it\/fr\/2010\/02\/24\/caiinform-agordo-notizie-su-corsi-gite-ed-escursioni-con-gli-sci\/\" \/>\n<meta property=\"og:locale\" content=\"fr_FR\" \/>\n<meta property=\"og:type\" content=\"article\" \/>\n<meta property=\"og:title\" content=\"CaiInForm Agordo: notizie su corsi, gite ed escursioni con gli sci - Bellunopress - Dolomiti\" \/>\n<meta property=\"og:description\" content=\"Si informano tutti gli interessati che la presentazione del Corso di scialpinismo\u00e8 stata anticipata di un giorno rispetto a quanto finora divulgato e si terr\u00e0 gioved\u00ec 4 marzo alle 20 presso la sede CAI della sezione agordina. VENERDI\u2019 26 FEBBRAIO 2010 &#8211;\u00a0 A SEDICO UNA SERATA\u00a0 SUL TEMA DELLA SICUREZZA INVERNALE Venerd\u00ec 26 Febbraio 2010 [&hellip;]\" \/>\n<meta property=\"og:url\" content=\"https:\/\/www.bellunopress.it\/fr\/2010\/02\/24\/caiinform-agordo-notizie-su-corsi-gite-ed-escursioni-con-gli-sci\/\" \/>\n<meta property=\"og:site_name\" content=\"Bellunopress - Dolomiti\" \/>\n<meta property=\"article:publisher\" content=\"https:\/\/www.facebook.com\/profile.php?id=100008943462799\" \/>\n<meta property=\"article:published_time\" content=\"2010-02-24T20:15:33+00:00\" \/>\n<meta property=\"og:image\" content=\"http:\/\/www.bellunopress.it\/wp-content\/uploads\/2012\/07\/logo-bellunopress-250x250-2012.jpg\" \/>\n<meta name=\"author\" content=\"redazione\" \/>\n<meta name=\"twitter:card\" content=\"summary_large_image\" \/>\n<meta name=\"twitter:creator\" content=\"@bellunopress\" \/>\n<meta name=\"twitter:site\" content=\"@bellunopress\" \/>\n<meta name=\"twitter:label1\" content=\"\u00c9crit par\" \/>\n\t<meta name=\"twitter:data1\" content=\"redazione\" \/>\n\t<meta name=\"twitter:label2\" content=\"Dur\u00e9e de lecture estim\u00e9e\" \/>\n\t<meta name=\"twitter:data2\" content=\"2 minutes\" \/>\n<script type=\"application\/ld+json\" class=\"yoast-schema-graph\">{\"@context\":\"https:\\\/\\\/schema.org\",\"@graph\":[{\"@type\":\"Article\",\"@id\":\"https:\\\/\\\/www.bellunopress.it\\\/2010\\\/02\\\/24\\\/caiinform-agordo-notizie-su-corsi-gite-ed-escursioni-con-gli-sci\\\/#article\",\"isPartOf\":{\"@id\":\"https:\\\/\\\/www.bellunopress.it\\\/2010\\\/02\\\/24\\\/caiinform-agordo-notizie-su-corsi-gite-ed-escursioni-con-gli-sci\\\/\"},\"author\":{\"name\":\"redazione\",\"@id\":\"https:\\\/\\\/www.bellunopress.it\\\/#\\\/schema\\\/person\\\/79bb06722b37ece1c03d3e94beb30d73\"},\"headline\":\"CaiInForm Agordo: notizie su corsi, gite ed escursioni con gli sci\",\"datePublished\":\"2010-02-24T20:15:33+00:00\",\"mainEntityOfPage\":{\"@id\":\"https:\\\/\\\/www.bellunopress.it\\\/2010\\\/02\\\/24\\\/caiinform-agordo-notizie-su-corsi-gite-ed-escursioni-con-gli-sci\\\/\"},\"wordCount\":492,\"publisher\":{\"@id\":\"https:\\\/\\\/www.bellunopress.it\\\/#organization\"},\"articleSection\":[\"Appuntamenti, Eventi\",\"Meteo, natura, ambiente, animali\",\"Pausa Caff\u00e8\"],\"inLanguage\":\"fr-FR\"},{\"@type\":\"WebPage\",\"@id\":\"https:\\\/\\\/www.bellunopress.it\\\/2010\\\/02\\\/24\\\/caiinform-agordo-notizie-su-corsi-gite-ed-escursioni-con-gli-sci\\\/\",\"url\":\"https:\\\/\\\/www.bellunopress.it\\\/2010\\\/02\\\/24\\\/caiinform-agordo-notizie-su-corsi-gite-ed-escursioni-con-gli-sci\\\/\",\"name\":\"CaiInForm Agordo: notizie su corsi, gite ed escursioni con gli sci - Bellunopress - Dolomiti\",\"isPartOf\":{\"@id\":\"https:\\\/\\\/www.bellunopress.it\\\/#website\"},\"datePublished\":\"2010-02-24T20:15:33+00:00\",\"breadcrumb\":{\"@id\":\"https:\\\/\\\/www.bellunopress.it\\\/2010\\\/02\\\/24\\\/caiinform-agordo-notizie-su-corsi-gite-ed-escursioni-con-gli-sci\\\/#breadcrumb\"},\"inLanguage\":\"fr-FR\",\"potentialAction\":[{\"@type\":\"ReadAction\",\"target\":[\"https:\\\/\\\/www.bellunopress.it\\\/2010\\\/02\\\/24\\\/caiinform-agordo-notizie-su-corsi-gite-ed-escursioni-con-gli-sci\\\/\"]}]},{\"@type\":\"BreadcrumbList\",\"@id\":\"https:\\\/\\\/www.bellunopress.it\\\/2010\\\/02\\\/24\\\/caiinform-agordo-notizie-su-corsi-gite-ed-escursioni-con-gli-sci\\\/#breadcrumb\",\"itemListElement\":[{\"@type\":\"ListItem\",\"position\":1,\"name\":\"Home\",\"item\":\"https:\\\/\\\/www.bellunopress.it\\\/\"},{\"@type\":\"ListItem\",\"position\":2,\"name\":\"CaiInForm Agordo: notizie su corsi, gite ed escursioni con gli sci\"}]},{\"@type\":\"WebSite\",\"@id\":\"https:\\\/\\\/www.bellunopress.it\\\/#website\",\"url\":\"https:\\\/\\\/www.bellunopress.it\\\/\",\"name\":\"Bellunopress - Dolomiti\",\"description\":\"e-mail: redazione@bellunopress.it\",\"publisher\":{\"@id\":\"https:\\\/\\\/www.bellunopress.it\\\/#organization\"},\"potentialAction\":[{\"@type\":\"SearchAction\",\"target\":{\"@type\":\"EntryPoint\",\"urlTemplate\":\"https:\\\/\\\/www.bellunopress.it\\\/?s={search_term_string}\"},\"query-input\":{\"@type\":\"PropertyValueSpecification\",\"valueRequired\":true,\"valueName\":\"search_term_string\"}}],\"inLanguage\":\"fr-FR\"},{\"@type\":\"Organization\",\"@id\":\"https:\\\/\\\/www.bellunopress.it\\\/#organization\",\"name\":\"Bellunopress\",\"url\":\"https:\\\/\\\/www.bellunopress.it\\\/\",\"logo\":{\"@type\":\"ImageObject\",\"inLanguage\":\"fr-FR\",\"@id\":\"https:\\\/\\\/www.bellunopress.it\\\/#\\\/schema\\\/logo\\\/image\\\/\",\"url\":\"https:\\\/\\\/www.bellunopress.it\\\/wp-content\\\/uploads\\\/2011\\\/05\\\/cropped-logo-bellunopress-.jpg\",\"contentUrl\":\"https:\\\/\\\/www.bellunopress.it\\\/wp-content\\\/uploads\\\/2011\\\/05\\\/cropped-logo-bellunopress-.jpg\",\"width\":512,\"height\":512,\"caption\":\"Bellunopress\"},\"image\":{\"@id\":\"https:\\\/\\\/www.bellunopress.it\\\/#\\\/schema\\\/logo\\\/image\\\/\"},\"sameAs\":[\"https:\\\/\\\/www.facebook.com\\\/profile.php?id=100008943462799\",\"https:\\\/\\\/x.com\\\/bellunopress\",\"https:\\\/\\\/www.linkedin.com\\\/hp\\\/?dnr=JBzUWaJfMUw8vbXJJ2tVW5-I3jZKvC4wsoxE&amp;amp;amp;amp;amp;amp;trk=nav_responsive_tab_home\",\"https:\\\/\\\/www.youtube.com\\\/channel\\\/UCxL0wu1uN0_3_7hGG0306cw\"]},{\"@type\":\"Person\",\"@id\":\"https:\\\/\\\/www.bellunopress.it\\\/#\\\/schema\\\/person\\\/79bb06722b37ece1c03d3e94beb30d73\",\"name\":\"redazione\",\"image\":{\"@type\":\"ImageObject\",\"inLanguage\":\"fr-FR\",\"@id\":\"https:\\\/\\\/secure.gravatar.com\\\/avatar\\\/37d968a2e67a6fd04c169c4bdef102d0bc5d31b2546345219e348575eb80e9a0?s=96&d=mm&r=g\",\"url\":\"https:\\\/\\\/secure.gravatar.com\\\/avatar\\\/37d968a2e67a6fd04c169c4bdef102d0bc5d31b2546345219e348575eb80e9a0?s=96&d=mm&r=g\",\"contentUrl\":\"https:\\\/\\\/secure.gravatar.com\\\/avatar\\\/37d968a2e67a6fd04c169c4bdef102d0bc5d31b2546345219e348575eb80e9a0?s=96&d=mm&r=g\",\"caption\":\"redazione\"},\"sameAs\":[\"http:\\\/\\\/www.bellunopress.it\",\"https:\\\/\\\/x.com\\\/bellunopress\"],\"url\":\"https:\\\/\\\/www.bellunopress.it\\\/fr\\\/author\\\/redazione\\\/\"}]}<\/script>\n<!-- \/ Yoast SEO plugin. -->","yoast_head_json":{"title":"CaiInForm Agordo: notizie su corsi, gite ed escursioni con gli sci - Bellunopress - Dolomiti","robots":{"index":"index","follow":"follow","max-snippet":"max-snippet:-1","max-image-preview":"max-image-preview:large","max-video-preview":"max-video-preview:-1"},"canonical":"https:\/\/www.bellunopress.it\/fr\/2010\/02\/24\/caiinform-agordo-notizie-su-corsi-gite-ed-escursioni-con-gli-sci\/","og_locale":"fr_FR","og_type":"article","og_title":"CaiInForm Agordo: notizie su corsi, gite ed escursioni con gli sci - Bellunopress - Dolomiti","og_description":"Si informano tutti gli interessati che la presentazione del Corso di scialpinismo\u00e8 stata anticipata di un giorno rispetto a quanto finora divulgato e si terr\u00e0 gioved\u00ec 4 marzo alle 20 presso la sede CAI della sezione agordina. VENERDI\u2019 26 FEBBRAIO 2010 &#8211;\u00a0 A SEDICO UNA SERATA\u00a0 SUL TEMA DELLA SICUREZZA INVERNALE Venerd\u00ec 26 Febbraio 2010 [&hellip;]","og_url":"https:\/\/www.bellunopress.it\/fr\/2010\/02\/24\/caiinform-agordo-notizie-su-corsi-gite-ed-escursioni-con-gli-sci\/","og_site_name":"Bellunopress - Dolomiti","article_publisher":"https:\/\/www.facebook.com\/profile.php?id=100008943462799","article_published_time":"2010-02-24T20:15:33+00:00","og_image":[{"url":"http:\/\/www.bellunopress.it\/wp-content\/uploads\/2012\/07\/logo-bellunopress-250x250-2012.jpg","type":"","width":"","height":""}],"author":"redazione","twitter_card":"summary_large_image","twitter_creator":"@bellunopress","twitter_site":"@bellunopress","twitter_misc":{"\u00c9crit par":"redazione","Dur\u00e9e de lecture estim\u00e9e":"2 minutes"},"schema":{"@context":"https:\/\/schema.org","@graph":[{"@type":"Article","@id":"https:\/\/www.bellunopress.it\/2010\/02\/24\/caiinform-agordo-notizie-su-corsi-gite-ed-escursioni-con-gli-sci\/#article","isPartOf":{"@id":"https:\/\/www.bellunopress.it\/2010\/02\/24\/caiinform-agordo-notizie-su-corsi-gite-ed-escursioni-con-gli-sci\/"},"author":{"name":"redazione","@id":"https:\/\/www.bellunopress.it\/#\/schema\/person\/79bb06722b37ece1c03d3e94beb30d73"},"headline":"CaiInForm Agordo: notizie su corsi, gite ed escursioni con gli sci","datePublished":"2010-02-24T20:15:33+00:00","mainEntityOfPage":{"@id":"https:\/\/www.bellunopress.it\/2010\/02\/24\/caiinform-agordo-notizie-su-corsi-gite-ed-escursioni-con-gli-sci\/"},"wordCount":492,"publisher":{"@id":"https:\/\/www.bellunopress.it\/#organization"},"articleSection":["Appuntamenti, Eventi","Meteo, natura, ambiente, animali","Pausa Caff\u00e8"],"inLanguage":"fr-FR"},{"@type":"WebPage","@id":"https:\/\/www.bellunopress.it\/2010\/02\/24\/caiinform-agordo-notizie-su-corsi-gite-ed-escursioni-con-gli-sci\/","url":"https:\/\/www.bellunopress.it\/2010\/02\/24\/caiinform-agordo-notizie-su-corsi-gite-ed-escursioni-con-gli-sci\/","name":"CaiInForm Agordo: notizie su corsi, gite ed escursioni con gli sci - Bellunopress - Dolomiti","isPartOf":{"@id":"https:\/\/www.bellunopress.it\/#website"},"datePublished":"2010-02-24T20:15:33+00:00","breadcrumb":{"@id":"https:\/\/www.bellunopress.it\/2010\/02\/24\/caiinform-agordo-notizie-su-corsi-gite-ed-escursioni-con-gli-sci\/#breadcrumb"},"inLanguage":"fr-FR","potentialAction":[{"@type":"ReadAction","target":["https:\/\/www.bellunopress.it\/2010\/02\/24\/caiinform-agordo-notizie-su-corsi-gite-ed-escursioni-con-gli-sci\/"]}]},{"@type":"BreadcrumbList","@id":"https:\/\/www.bellunopress.it\/2010\/02\/24\/caiinform-agordo-notizie-su-corsi-gite-ed-escursioni-con-gli-sci\/#breadcrumb","itemListElement":[{"@type":"ListItem","position":1,"name":"Home","item":"https:\/\/www.bellunopress.it\/"},{"@type":"ListItem","position":2,"name":"CaiInForm Agordo: notizie su corsi, gite ed escursioni con gli sci"}]},{"@type":"WebSite","@id":"https:\/\/www.bellunopress.it\/#website","url":"https:\/\/www.bellunopress.it\/","name":"Bellunopress - Dolomiti","description":"e-mail: redazione@bellunopress.it","publisher":{"@id":"https:\/\/www.bellunopress.it\/#organization"},"potentialAction":[{"@type":"SearchAction","target":{"@type":"EntryPoint","urlTemplate":"https:\/\/www.bellunopress.it\/?s={search_term_string}"},"query-input":{"@type":"PropertyValueSpecification","valueRequired":true,"valueName":"search_term_string"}}],"inLanguage":"fr-FR"},{"@type":"Organization","@id":"https:\/\/www.bellunopress.it\/#organization","name":"Bellunopress","url":"https:\/\/www.bellunopress.it\/","logo":{"@type":"ImageObject","inLanguage":"fr-FR","@id":"https:\/\/www.bellunopress.it\/#\/schema\/logo\/image\/","url":"https:\/\/www.bellunopress.it\/wp-content\/uploads\/2011\/05\/cropped-logo-bellunopress-.jpg","contentUrl":"https:\/\/www.bellunopress.it\/wp-content\/uploads\/2011\/05\/cropped-logo-bellunopress-.jpg","width":512,"height":512,"caption":"Bellunopress"},"image":{"@id":"https:\/\/www.bellunopress.it\/#\/schema\/logo\/image\/"},"sameAs":["https:\/\/www.facebook.com\/profile.php?id=100008943462799","https:\/\/x.com\/bellunopress","https:\/\/www.linkedin.com\/hp\/?dnr=JBzUWaJfMUw8vbXJJ2tVW5-I3jZKvC4wsoxE&amp;amp;amp;amp;amp;amp;trk=nav_responsive_tab_home","https:\/\/www.youtube.com\/channel\/UCxL0wu1uN0_3_7hGG0306cw"]},{"@type":"Person","@id":"https:\/\/www.bellunopress.it\/#\/schema\/person\/79bb06722b37ece1c03d3e94beb30d73","name":"r\u00e9daction","image":{"@type":"ImageObject","inLanguage":"fr-FR","@id":"https:\/\/secure.gravatar.com\/avatar\/37d968a2e67a6fd04c169c4bdef102d0bc5d31b2546345219e348575eb80e9a0?s=96&d=mm&r=g","url":"https:\/\/secure.gravatar.com\/avatar\/37d968a2e67a6fd04c169c4bdef102d0bc5d31b2546345219e348575eb80e9a0?s=96&d=mm&r=g","contentUrl":"https:\/\/secure.gravatar.com\/avatar\/37d968a2e67a6fd04c169c4bdef102d0bc5d31b2546345219e348575eb80e9a0?s=96&d=mm&r=g","caption":"redazione"},"sameAs":["http:\/\/www.bellunopress.it","https:\/\/x.com\/bellunopress"],"url":"https:\/\/www.bellunopress.it\/fr\/author\/redazione\/"}]}},"_links":{"self":[{"href":"https:\/\/www.bellunopress.it\/fr\/wp-json\/wp\/v2\/posts\/12939","targetHints":{"allow":["GET"]}}],"collection":[{"href":"https:\/\/www.bellunopress.it\/fr\/wp-json\/wp\/v2\/posts"}],"about":[{"href":"https:\/\/www.bellunopress.it\/fr\/wp-json\/wp\/v2\/types\/post"}],"author":[{"embeddable":true,"href":"https:\/\/www.bellunopress.it\/fr\/wp-json\/wp\/v2\/users\/2"}],"replies":[{"embeddable":true,"href":"https:\/\/www.bellunopress.it\/fr\/wp-json\/wp\/v2\/comments?post=12939"}],"version-history":[{"count":1,"href":"https:\/\/www.bellunopress.it\/fr\/wp-json\/wp\/v2\/posts\/12939\/revisions"}],"predecessor-version":[{"id":12940,"href":"https:\/\/www.bellunopress.it\/fr\/wp-json\/wp\/v2\/posts\/12939\/revisions\/12940"}],"wp:attachment":[{"href":"https:\/\/www.bellunopress.it\/fr\/wp-json\/wp\/v2\/media?parent=12939"}],"wp:term":[{"taxonomy":"category","embeddable":true,"href":"https:\/\/www.bellunopress.it\/fr\/wp-json\/wp\/v2\/categories?post=12939"},{"taxonomy":"post_tag","embeddable":true,"href":"https:\/\/www.bellunopress.it\/fr\/wp-json\/wp\/v2\/tags?post=12939"}],"curies":[{"name":"wp","href":"https:\/\/api.w.org\/{rel}","templated":true}]}}