{"id":12920,"date":"2010-02-24T20:22:01","date_gmt":"2010-02-24T19:22:01","guid":{"rendered":"http:\/\/www.bellunopress.it\/?p=12920"},"modified":"2010-02-24T20:46:38","modified_gmt":"2010-02-24T19:46:38","slug":"a-27-in-sinistra-piave-predisposta-la-richiesta-da-inviare-in-regione-per-il-tracciato-autostradale-della-venezia-monaco","status":"publish","type":"post","link":"https:\/\/www.bellunopress.it\/fr\/2010\/02\/24\/a-27-in-sinistra-piave-predisposta-la-richiesta-da-inviare-in-regione-per-il-tracciato-autostradale-della-venezia-monaco\/","title":{"rendered":"A 27 in Sinistra Piave. Predisposta la richiesta da inviare in Regione per il tracciato autostradale della Venezia-Monaco"},"content":{"rendered":"<figure id=\"attachment_7188\" aria-describedby=\"caption-attachment-7188\" style=\"width: 240px\" class=\"wp-caption alignleft\"><a href=\"http:\/\/www.bellunopress.it\/wp-content\/uploads\/2009\/08\/ivano-faoro-1.jpg\"><img loading=\"lazy\" decoding=\"async\" class=\"size-medium wp-image-7188\" title=\"ivano-faoro-1\" src=\"http:\/\/www.bellunopress.it\/wp-content\/uploads\/2009\/08\/ivano-faoro-1.jpg\" alt=\"Ivano Faoro assessore provinciale\" width=\"240\" height=\"160\" \/><\/a><figcaption id=\"caption-attachment-7188\" class=\"wp-caption-text\">Ivano Faoro assessore provinciale<\/figcaption><\/figure>\n<p>La Provincia di Belluno e i Comuni di Longarone, Ponte nelle Alpi, Soverzere e Belluno si sono incontrati per elaborare un documento, che verr\u00e0 inviato agli Uffici competenti della Regione Veneto, in merito al tracciato del prolungamento della A27 (Venezia-Monaco) nel nostro territorio. \u00abD\u2019accordo con i rappresentanti dei Comuni interessati, abbiamo predisposto una lettera per richiedere che la via autostradale della Venezia-Monaco tocchi la sinistra e non la destra Piave: si tratta di una soluzione dettata da esigenze di carattere tecniche, logistiche ed anche ambientali &#8211; ha spiegato l\u2019assessore di competenza, Ivano Faoro &#8211; . Ora abbiamo chiara la via che preferiremmo venisse percorsa, e cio\u00e8 quella meno impattante per la nostra provincia. Di qui, il documento con cui avanziamo le nostre richieste\u00bb. \u00abNel proporre questa soluzione per il tracciato autostradale, \u00e8 chiaro che abbiamo cercato di tenere in considerazione anche alcuni dei punti chiave dell\u2019intera viabilit\u00e0 bellunese &#8211; ha detto ancora l\u2019assessore &#8211; . Vorremmo contare su un progetto che tenga conto sia del nodo di Ponte nelle Alpi, sia di quello di Longarone. Gi\u00e0 fortemente penalizzati dal traffico, specie durante i periodi in cui sulle strade si riversa l\u2019ondata di turisti, sarebbero ulteriormente aggravati dalla costruzione dell\u2019autostrada a pagamento\u00bb.<\/p>","protected":false},"excerpt":{"rendered":"<p>La Provincia di Belluno e i Comuni di Longarone, Ponte nelle Alpi, Soverzere e Belluno si sono incontrati per elaborare un documento, che verr\u00e0 inviato agli Uffici competenti della Regione Veneto, in merito al tracciato del prolungamento della A27 (Venezia-Monaco) nel nostro territorio. \u00abD\u2019accordo con i rappresentanti dei Comuni interessati, abbiamo predisposto una lettera per [&hellip;]<\/p>\n","protected":false},"author":2,"featured_media":0,"comment_status":"closed","ping_status":"open","sticky":false,"template":"","format":"standard","meta":{"footnotes":""},"categories":[5],"tags":[387,388],"class_list":["post-12920","post","type-post","status-publish","format-standard","category-cronaca","tag-a-27","tag-venezia-monaco"],"yoast_head":"<!-- This site is optimized with the Yoast SEO plugin v28.4 - https:\/\/yoast.com\/product\/yoast-seo-wordpress\/ -->\n<title>A 27 in Sinistra Piave. Predisposta la richiesta da inviare in Regione per il tracciato autostradale della Venezia-Monaco - Bellunopress - Dolomiti<\/title>\n<meta name=\"robots\" content=\"index, follow, max-snippet:-1, max-image-preview:large, max-video-preview:-1\" \/>\n<link rel=\"canonical\" href=\"https:\/\/www.bellunopress.it\/fr\/2010\/02\/24\/a-27-in-sinistra-piave-predisposta-la-richiesta-da-inviare-in-regione-per-il-tracciato-autostradale-della-venezia-monaco\/\" \/>\n<meta property=\"og:locale\" content=\"fr_FR\" \/>\n<meta property=\"og:type\" content=\"article\" \/>\n<meta property=\"og:title\" content=\"A 27 in Sinistra Piave. Predisposta la richiesta da inviare in Regione per il tracciato autostradale della Venezia-Monaco - Bellunopress - Dolomiti\" \/>\n<meta property=\"og:description\" content=\"La Provincia di Belluno e i Comuni di Longarone, Ponte nelle Alpi, Soverzere e Belluno si sono incontrati per elaborare un documento, che verr\u00e0 inviato agli Uffici competenti della Regione Veneto, in merito al tracciato del prolungamento della A27 (Venezia-Monaco) nel nostro territorio. \u00abD\u2019accordo con i rappresentanti dei Comuni interessati, abbiamo predisposto una lettera per [&hellip;]\" \/>\n<meta property=\"og:url\" content=\"https:\/\/www.bellunopress.it\/fr\/2010\/02\/24\/a-27-in-sinistra-piave-predisposta-la-richiesta-da-inviare-in-regione-per-il-tracciato-autostradale-della-venezia-monaco\/\" \/>\n<meta property=\"og:site_name\" content=\"Bellunopress - Dolomiti\" \/>\n<meta property=\"article:publisher\" content=\"https:\/\/www.facebook.com\/profile.php?id=100008943462799\" \/>\n<meta property=\"article:published_time\" content=\"2010-02-24T19:22:01+00:00\" \/>\n<meta property=\"article:modified_time\" content=\"2010-02-24T19:46:38+00:00\" \/>\n<meta property=\"og:image\" content=\"http:\/\/www.bellunopress.it\/wp-content\/uploads\/2009\/08\/ivano-faoro-1.jpg\" \/>\n<meta name=\"author\" content=\"redazione\" \/>\n<meta name=\"twitter:card\" content=\"summary_large_image\" \/>\n<meta name=\"twitter:creator\" content=\"@bellunopress\" \/>\n<meta name=\"twitter:site\" content=\"@bellunopress\" \/>\n<meta name=\"twitter:label1\" content=\"\u00c9crit par\" \/>\n\t<meta name=\"twitter:data1\" content=\"redazione\" \/>\n\t<meta name=\"twitter:label2\" content=\"Dur\u00e9e de lecture estim\u00e9e\" \/>\n\t<meta name=\"twitter:data2\" content=\"1 minute\" \/>\n<script type=\"application\/ld+json\" class=\"yoast-schema-graph\">{\"@context\":\"https:\\\/\\\/schema.org\",\"@graph\":[{\"@type\":\"Article\",\"@id\":\"https:\\\/\\\/www.bellunopress.it\\\/2010\\\/02\\\/24\\\/a-27-in-sinistra-piave-predisposta-la-richiesta-da-inviare-in-regione-per-il-tracciato-autostradale-della-venezia-monaco\\\/#article\",\"isPartOf\":{\"@id\":\"https:\\\/\\\/www.bellunopress.it\\\/2010\\\/02\\\/24\\\/a-27-in-sinistra-piave-predisposta-la-richiesta-da-inviare-in-regione-per-il-tracciato-autostradale-della-venezia-monaco\\\/\"},\"author\":{\"name\":\"redazione\",\"@id\":\"https:\\\/\\\/www.bellunopress.it\\\/#\\\/schema\\\/person\\\/79bb06722b37ece1c03d3e94beb30d73\"},\"headline\":\"A 27 in Sinistra Piave. Predisposta la richiesta da inviare in Regione per il tracciato autostradale della Venezia-Monaco\",\"datePublished\":\"2010-02-24T19:22:01+00:00\",\"dateModified\":\"2010-02-24T19:46:38+00:00\",\"mainEntityOfPage\":{\"@id\":\"https:\\\/\\\/www.bellunopress.it\\\/2010\\\/02\\\/24\\\/a-27-in-sinistra-piave-predisposta-la-richiesta-da-inviare-in-regione-per-il-tracciato-autostradale-della-venezia-monaco\\\/\"},\"wordCount\":233,\"publisher\":{\"@id\":\"https:\\\/\\\/www.bellunopress.it\\\/#organization\"},\"image\":{\"@id\":\"https:\\\/\\\/www.bellunopress.it\\\/2010\\\/02\\\/24\\\/a-27-in-sinistra-piave-predisposta-la-richiesta-da-inviare-in-regione-per-il-tracciato-autostradale-della-venezia-monaco\\\/#primaryimage\"},\"thumbnailUrl\":\"http:\\\/\\\/www.bellunopress.it\\\/wp-content\\\/uploads\\\/2009\\\/08\\\/ivano-faoro-1.jpg\",\"keywords\":[\"A 27\",\"Venezia-Monaco\"],\"articleSection\":[\"Cronaca\\\/Politica\"],\"inLanguage\":\"fr-FR\"},{\"@type\":\"WebPage\",\"@id\":\"https:\\\/\\\/www.bellunopress.it\\\/2010\\\/02\\\/24\\\/a-27-in-sinistra-piave-predisposta-la-richiesta-da-inviare-in-regione-per-il-tracciato-autostradale-della-venezia-monaco\\\/\",\"url\":\"https:\\\/\\\/www.bellunopress.it\\\/2010\\\/02\\\/24\\\/a-27-in-sinistra-piave-predisposta-la-richiesta-da-inviare-in-regione-per-il-tracciato-autostradale-della-venezia-monaco\\\/\",\"name\":\"A 27 in Sinistra Piave. Predisposta la richiesta da inviare in Regione per il tracciato autostradale della Venezia-Monaco - Bellunopress - Dolomiti\",\"isPartOf\":{\"@id\":\"https:\\\/\\\/www.bellunopress.it\\\/#website\"},\"primaryImageOfPage\":{\"@id\":\"https:\\\/\\\/www.bellunopress.it\\\/2010\\\/02\\\/24\\\/a-27-in-sinistra-piave-predisposta-la-richiesta-da-inviare-in-regione-per-il-tracciato-autostradale-della-venezia-monaco\\\/#primaryimage\"},\"image\":{\"@id\":\"https:\\\/\\\/www.bellunopress.it\\\/2010\\\/02\\\/24\\\/a-27-in-sinistra-piave-predisposta-la-richiesta-da-inviare-in-regione-per-il-tracciato-autostradale-della-venezia-monaco\\\/#primaryimage\"},\"thumbnailUrl\":\"http:\\\/\\\/www.bellunopress.it\\\/wp-content\\\/uploads\\\/2009\\\/08\\\/ivano-faoro-1.jpg\",\"datePublished\":\"2010-02-24T19:22:01+00:00\",\"dateModified\":\"2010-02-24T19:46:38+00:00\",\"breadcrumb\":{\"@id\":\"https:\\\/\\\/www.bellunopress.it\\\/2010\\\/02\\\/24\\\/a-27-in-sinistra-piave-predisposta-la-richiesta-da-inviare-in-regione-per-il-tracciato-autostradale-della-venezia-monaco\\\/#breadcrumb\"},\"inLanguage\":\"fr-FR\",\"potentialAction\":[{\"@type\":\"ReadAction\",\"target\":[\"https:\\\/\\\/www.bellunopress.it\\\/2010\\\/02\\\/24\\\/a-27-in-sinistra-piave-predisposta-la-richiesta-da-inviare-in-regione-per-il-tracciato-autostradale-della-venezia-monaco\\\/\"]}]},{\"@type\":\"ImageObject\",\"inLanguage\":\"fr-FR\",\"@id\":\"https:\\\/\\\/www.bellunopress.it\\\/2010\\\/02\\\/24\\\/a-27-in-sinistra-piave-predisposta-la-richiesta-da-inviare-in-regione-per-il-tracciato-autostradale-della-venezia-monaco\\\/#primaryimage\",\"url\":\"http:\\\/\\\/www.bellunopress.it\\\/wp-content\\\/uploads\\\/2009\\\/08\\\/ivano-faoro-1.jpg\",\"contentUrl\":\"http:\\\/\\\/www.bellunopress.it\\\/wp-content\\\/uploads\\\/2009\\\/08\\\/ivano-faoro-1.jpg\"},{\"@type\":\"BreadcrumbList\",\"@id\":\"https:\\\/\\\/www.bellunopress.it\\\/2010\\\/02\\\/24\\\/a-27-in-sinistra-piave-predisposta-la-richiesta-da-inviare-in-regione-per-il-tracciato-autostradale-della-venezia-monaco\\\/#breadcrumb\",\"itemListElement\":[{\"@type\":\"ListItem\",\"position\":1,\"name\":\"Home\",\"item\":\"https:\\\/\\\/www.bellunopress.it\\\/\"},{\"@type\":\"ListItem\",\"position\":2,\"name\":\"A 27 in Sinistra Piave. Predisposta la richiesta da inviare in Regione per il tracciato autostradale della Venezia-Monaco\"}]},{\"@type\":\"WebSite\",\"@id\":\"https:\\\/\\\/www.bellunopress.it\\\/#website\",\"url\":\"https:\\\/\\\/www.bellunopress.it\\\/\",\"name\":\"Bellunopress - Dolomiti\",\"description\":\"e-mail: redazione@bellunopress.it\",\"publisher\":{\"@id\":\"https:\\\/\\\/www.bellunopress.it\\\/#organization\"},\"potentialAction\":[{\"@type\":\"SearchAction\",\"target\":{\"@type\":\"EntryPoint\",\"urlTemplate\":\"https:\\\/\\\/www.bellunopress.it\\\/?s={search_term_string}\"},\"query-input\":{\"@type\":\"PropertyValueSpecification\",\"valueRequired\":true,\"valueName\":\"search_term_string\"}}],\"inLanguage\":\"fr-FR\"},{\"@type\":\"Organization\",\"@id\":\"https:\\\/\\\/www.bellunopress.it\\\/#organization\",\"name\":\"Bellunopress\",\"url\":\"https:\\\/\\\/www.bellunopress.it\\\/\",\"logo\":{\"@type\":\"ImageObject\",\"inLanguage\":\"fr-FR\",\"@id\":\"https:\\\/\\\/www.bellunopress.it\\\/#\\\/schema\\\/logo\\\/image\\\/\",\"url\":\"https:\\\/\\\/www.bellunopress.it\\\/wp-content\\\/uploads\\\/2011\\\/05\\\/cropped-logo-bellunopress-.jpg\",\"contentUrl\":\"https:\\\/\\\/www.bellunopress.it\\\/wp-content\\\/uploads\\\/2011\\\/05\\\/cropped-logo-bellunopress-.jpg\",\"width\":512,\"height\":512,\"caption\":\"Bellunopress\"},\"image\":{\"@id\":\"https:\\\/\\\/www.bellunopress.it\\\/#\\\/schema\\\/logo\\\/image\\\/\"},\"sameAs\":[\"https:\\\/\\\/www.facebook.com\\\/profile.php?id=100008943462799\",\"https:\\\/\\\/x.com\\\/bellunopress\",\"https:\\\/\\\/www.linkedin.com\\\/hp\\\/?dnr=JBzUWaJfMUw8vbXJJ2tVW5-I3jZKvC4wsoxE&amp;amp;amp;amp;amp;amp;trk=nav_responsive_tab_home\",\"https:\\\/\\\/www.youtube.com\\\/channel\\\/UCxL0wu1uN0_3_7hGG0306cw\"]},{\"@type\":\"Person\",\"@id\":\"https:\\\/\\\/www.bellunopress.it\\\/#\\\/schema\\\/person\\\/79bb06722b37ece1c03d3e94beb30d73\",\"name\":\"redazione\",\"image\":{\"@type\":\"ImageObject\",\"inLanguage\":\"fr-FR\",\"@id\":\"https:\\\/\\\/secure.gravatar.com\\\/avatar\\\/37d968a2e67a6fd04c169c4bdef102d0bc5d31b2546345219e348575eb80e9a0?s=96&d=mm&r=g\",\"url\":\"https:\\\/\\\/secure.gravatar.com\\\/avatar\\\/37d968a2e67a6fd04c169c4bdef102d0bc5d31b2546345219e348575eb80e9a0?s=96&d=mm&r=g\",\"contentUrl\":\"https:\\\/\\\/secure.gravatar.com\\\/avatar\\\/37d968a2e67a6fd04c169c4bdef102d0bc5d31b2546345219e348575eb80e9a0?s=96&d=mm&r=g\",\"caption\":\"redazione\"},\"sameAs\":[\"http:\\\/\\\/www.bellunopress.it\",\"https:\\\/\\\/x.com\\\/bellunopress\"],\"url\":\"https:\\\/\\\/www.bellunopress.it\\\/fr\\\/author\\\/redazione\\\/\"}]}<\/script>\n<!-- \/ Yoast SEO plugin. -->","yoast_head_json":{"title":"A 27 in Sinistra Piave. Predisposta la richiesta da inviare in Regione per il tracciato autostradale della Venezia-Monaco - Bellunopress - Dolomiti","robots":{"index":"index","follow":"follow","max-snippet":"max-snippet:-1","max-image-preview":"max-image-preview:large","max-video-preview":"max-video-preview:-1"},"canonical":"https:\/\/www.bellunopress.it\/fr\/2010\/02\/24\/a-27-in-sinistra-piave-predisposta-la-richiesta-da-inviare-in-regione-per-il-tracciato-autostradale-della-venezia-monaco\/","og_locale":"fr_FR","og_type":"article","og_title":"A 27 in Sinistra Piave. Predisposta la richiesta da inviare in Regione per il tracciato autostradale della Venezia-Monaco - Bellunopress - Dolomiti","og_description":"La Provincia di Belluno e i Comuni di Longarone, Ponte nelle Alpi, Soverzere e Belluno si sono incontrati per elaborare un documento, che verr\u00e0 inviato agli Uffici competenti della Regione Veneto, in merito al tracciato del prolungamento della A27 (Venezia-Monaco) nel nostro territorio. \u00abD\u2019accordo con i rappresentanti dei Comuni interessati, abbiamo predisposto una lettera per [&hellip;]","og_url":"https:\/\/www.bellunopress.it\/fr\/2010\/02\/24\/a-27-in-sinistra-piave-predisposta-la-richiesta-da-inviare-in-regione-per-il-tracciato-autostradale-della-venezia-monaco\/","og_site_name":"Bellunopress - Dolomiti","article_publisher":"https:\/\/www.facebook.com\/profile.php?id=100008943462799","article_published_time":"2010-02-24T19:22:01+00:00","article_modified_time":"2010-02-24T19:46:38+00:00","og_image":[{"url":"http:\/\/www.bellunopress.it\/wp-content\/uploads\/2009\/08\/ivano-faoro-1.jpg","type":"","width":"","height":""}],"author":"redazione","twitter_card":"summary_large_image","twitter_creator":"@bellunopress","twitter_site":"@bellunopress","twitter_misc":{"\u00c9crit par":"redazione","Dur\u00e9e de lecture estim\u00e9e":"1 minute"},"schema":{"@context":"https:\/\/schema.org","@graph":[{"@type":"Article","@id":"https:\/\/www.bellunopress.it\/2010\/02\/24\/a-27-in-sinistra-piave-predisposta-la-richiesta-da-inviare-in-regione-per-il-tracciato-autostradale-della-venezia-monaco\/#article","isPartOf":{"@id":"https:\/\/www.bellunopress.it\/2010\/02\/24\/a-27-in-sinistra-piave-predisposta-la-richiesta-da-inviare-in-regione-per-il-tracciato-autostradale-della-venezia-monaco\/"},"author":{"name":"redazione","@id":"https:\/\/www.bellunopress.it\/#\/schema\/person\/79bb06722b37ece1c03d3e94beb30d73"},"headline":"A 27 in Sinistra Piave. Predisposta la richiesta da inviare in Regione per il tracciato autostradale della Venezia-Monaco","datePublished":"2010-02-24T19:22:01+00:00","dateModified":"2010-02-24T19:46:38+00:00","mainEntityOfPage":{"@id":"https:\/\/www.bellunopress.it\/2010\/02\/24\/a-27-in-sinistra-piave-predisposta-la-richiesta-da-inviare-in-regione-per-il-tracciato-autostradale-della-venezia-monaco\/"},"wordCount":233,"publisher":{"@id":"https:\/\/www.bellunopress.it\/#organization"},"image":{"@id":"https:\/\/www.bellunopress.it\/2010\/02\/24\/a-27-in-sinistra-piave-predisposta-la-richiesta-da-inviare-in-regione-per-il-tracciato-autostradale-della-venezia-monaco\/#primaryimage"},"thumbnailUrl":"http:\/\/www.bellunopress.it\/wp-content\/uploads\/2009\/08\/ivano-faoro-1.jpg","keywords":["A 27","Venezia-Monaco"],"articleSection":["Cronaca\/Politica"],"inLanguage":"fr-FR"},{"@type":"WebPage","@id":"https:\/\/www.bellunopress.it\/2010\/02\/24\/a-27-in-sinistra-piave-predisposta-la-richiesta-da-inviare-in-regione-per-il-tracciato-autostradale-della-venezia-monaco\/","url":"https:\/\/www.bellunopress.it\/2010\/02\/24\/a-27-in-sinistra-piave-predisposta-la-richiesta-da-inviare-in-regione-per-il-tracciato-autostradale-della-venezia-monaco\/","name":"A 27 in Sinistra Piave. Predisposta la richiesta da inviare in Regione per il tracciato autostradale della Venezia-Monaco - Bellunopress - Dolomiti","isPartOf":{"@id":"https:\/\/www.bellunopress.it\/#website"},"primaryImageOfPage":{"@id":"https:\/\/www.bellunopress.it\/2010\/02\/24\/a-27-in-sinistra-piave-predisposta-la-richiesta-da-inviare-in-regione-per-il-tracciato-autostradale-della-venezia-monaco\/#primaryimage"},"image":{"@id":"https:\/\/www.bellunopress.it\/2010\/02\/24\/a-27-in-sinistra-piave-predisposta-la-richiesta-da-inviare-in-regione-per-il-tracciato-autostradale-della-venezia-monaco\/#primaryimage"},"thumbnailUrl":"http:\/\/www.bellunopress.it\/wp-content\/uploads\/2009\/08\/ivano-faoro-1.jpg","datePublished":"2010-02-24T19:22:01+00:00","dateModified":"2010-02-24T19:46:38+00:00","breadcrumb":{"@id":"https:\/\/www.bellunopress.it\/2010\/02\/24\/a-27-in-sinistra-piave-predisposta-la-richiesta-da-inviare-in-regione-per-il-tracciato-autostradale-della-venezia-monaco\/#breadcrumb"},"inLanguage":"fr-FR","potentialAction":[{"@type":"ReadAction","target":["https:\/\/www.bellunopress.it\/2010\/02\/24\/a-27-in-sinistra-piave-predisposta-la-richiesta-da-inviare-in-regione-per-il-tracciato-autostradale-della-venezia-monaco\/"]}]},{"@type":"ImageObject","inLanguage":"fr-FR","@id":"https:\/\/www.bellunopress.it\/2010\/02\/24\/a-27-in-sinistra-piave-predisposta-la-richiesta-da-inviare-in-regione-per-il-tracciato-autostradale-della-venezia-monaco\/#primaryimage","url":"http:\/\/www.bellunopress.it\/wp-content\/uploads\/2009\/08\/ivano-faoro-1.jpg","contentUrl":"http:\/\/www.bellunopress.it\/wp-content\/uploads\/2009\/08\/ivano-faoro-1.jpg"},{"@type":"BreadcrumbList","@id":"https:\/\/www.bellunopress.it\/2010\/02\/24\/a-27-in-sinistra-piave-predisposta-la-richiesta-da-inviare-in-regione-per-il-tracciato-autostradale-della-venezia-monaco\/#breadcrumb","itemListElement":[{"@type":"ListItem","position":1,"name":"Home","item":"https:\/\/www.bellunopress.it\/"},{"@type":"ListItem","position":2,"name":"A 27 in Sinistra Piave. Predisposta la richiesta da inviare in Regione per il tracciato autostradale della Venezia-Monaco"}]},{"@type":"WebSite","@id":"https:\/\/www.bellunopress.it\/#website","url":"https:\/\/www.bellunopress.it\/","name":"Bellunopress - Dolomiti","description":"e-mail: redazione@bellunopress.it","publisher":{"@id":"https:\/\/www.bellunopress.it\/#organization"},"potentialAction":[{"@type":"SearchAction","target":{"@type":"EntryPoint","urlTemplate":"https:\/\/www.bellunopress.it\/?s={search_term_string}"},"query-input":{"@type":"PropertyValueSpecification","valueRequired":true,"valueName":"search_term_string"}}],"inLanguage":"fr-FR"},{"@type":"Organization","@id":"https:\/\/www.bellunopress.it\/#organization","name":"Bellunopress","url":"https:\/\/www.bellunopress.it\/","logo":{"@type":"ImageObject","inLanguage":"fr-FR","@id":"https:\/\/www.bellunopress.it\/#\/schema\/logo\/image\/","url":"https:\/\/www.bellunopress.it\/wp-content\/uploads\/2011\/05\/cropped-logo-bellunopress-.jpg","contentUrl":"https:\/\/www.bellunopress.it\/wp-content\/uploads\/2011\/05\/cropped-logo-bellunopress-.jpg","width":512,"height":512,"caption":"Bellunopress"},"image":{"@id":"https:\/\/www.bellunopress.it\/#\/schema\/logo\/image\/"},"sameAs":["https:\/\/www.facebook.com\/profile.php?id=100008943462799","https:\/\/x.com\/bellunopress","https:\/\/www.linkedin.com\/hp\/?dnr=JBzUWaJfMUw8vbXJJ2tVW5-I3jZKvC4wsoxE&amp;amp;amp;amp;amp;amp;trk=nav_responsive_tab_home","https:\/\/www.youtube.com\/channel\/UCxL0wu1uN0_3_7hGG0306cw"]},{"@type":"Person","@id":"https:\/\/www.bellunopress.it\/#\/schema\/person\/79bb06722b37ece1c03d3e94beb30d73","name":"r\u00e9daction","image":{"@type":"ImageObject","inLanguage":"fr-FR","@id":"https:\/\/secure.gravatar.com\/avatar\/37d968a2e67a6fd04c169c4bdef102d0bc5d31b2546345219e348575eb80e9a0?s=96&d=mm&r=g","url":"https:\/\/secure.gravatar.com\/avatar\/37d968a2e67a6fd04c169c4bdef102d0bc5d31b2546345219e348575eb80e9a0?s=96&d=mm&r=g","contentUrl":"https:\/\/secure.gravatar.com\/avatar\/37d968a2e67a6fd04c169c4bdef102d0bc5d31b2546345219e348575eb80e9a0?s=96&d=mm&r=g","caption":"redazione"},"sameAs":["http:\/\/www.bellunopress.it","https:\/\/x.com\/bellunopress"],"url":"https:\/\/www.bellunopress.it\/fr\/author\/redazione\/"}]}},"_links":{"self":[{"href":"https:\/\/www.bellunopress.it\/fr\/wp-json\/wp\/v2\/posts\/12920","targetHints":{"allow":["GET"]}}],"collection":[{"href":"https:\/\/www.bellunopress.it\/fr\/wp-json\/wp\/v2\/posts"}],"about":[{"href":"https:\/\/www.bellunopress.it\/fr\/wp-json\/wp\/v2\/types\/post"}],"author":[{"embeddable":true,"href":"https:\/\/www.bellunopress.it\/fr\/wp-json\/wp\/v2\/users\/2"}],"replies":[{"embeddable":true,"href":"https:\/\/www.bellunopress.it\/fr\/wp-json\/wp\/v2\/comments?post=12920"}],"version-history":[{"count":4,"href":"https:\/\/www.bellunopress.it\/fr\/wp-json\/wp\/v2\/posts\/12920\/revisions"}],"predecessor-version":[{"id":12934,"href":"https:\/\/www.bellunopress.it\/fr\/wp-json\/wp\/v2\/posts\/12920\/revisions\/12934"}],"wp:attachment":[{"href":"https:\/\/www.bellunopress.it\/fr\/wp-json\/wp\/v2\/media?parent=12920"}],"wp:term":[{"taxonomy":"category","embeddable":true,"href":"https:\/\/www.bellunopress.it\/fr\/wp-json\/wp\/v2\/categories?post=12920"},{"taxonomy":"post_tag","embeddable":true,"href":"https:\/\/www.bellunopress.it\/fr\/wp-json\/wp\/v2\/tags?post=12920"}],"curies":[{"name":"wp","href":"https:\/\/api.w.org\/{rel}","templated":true}]}}