{"id":129124,"date":"2021-11-08T18:42:19","date_gmt":"2021-11-08T17:42:19","guid":{"rendered":"https:\/\/www.bellunopress.it\/?p=129124"},"modified":"2021-11-08T18:42:19","modified_gmt":"2021-11-08T17:42:19","slug":"ex-caserma-piave-terminati-i-lavori-negli-spazi-esterni","status":"publish","type":"post","link":"https:\/\/www.bellunopress.it\/fr\/2021\/11\/08\/ex-caserma-piave-terminati-i-lavori-negli-spazi-esterni\/","title":{"rendered":"Ex Caserma Piave: terminati i lavori negli spazi esterni"},"content":{"rendered":"<p><img loading=\"lazy\" decoding=\"async\" class=\"alignleft size-medium wp-image-129125\" src=\"https:\/\/www.bellunopress.it\/wp-content\/uploads\/2021\/11\/ex-Caserma-Piave--500x309.jpg\" alt=\"\" width=\"500\" height=\"309\" srcset=\"https:\/\/www.bellunopress.it\/wp-content\/uploads\/2021\/11\/ex-Caserma-Piave--500x309.jpg 500w, https:\/\/www.bellunopress.it\/wp-content\/uploads\/2021\/11\/ex-Caserma-Piave--696x431.jpg 696w, https:\/\/www.bellunopress.it\/wp-content\/uploads\/2021\/11\/ex-Caserma-Piave--679x420.jpg 679w, https:\/\/www.bellunopress.it\/wp-content\/uploads\/2021\/11\/ex-Caserma-Piave--356x220.jpg 356w, https:\/\/www.bellunopress.it\/wp-content\/uploads\/2021\/11\/ex-Caserma-Piave-.jpg 800w\" sizes=\"auto, (max-width: 500px) 100vw, 500px\" \/>Un intervento durato poco pi\u00f9 di due anni, che ha interessato gli oltre 15mila metri quadri della ex Caserma Piave e costato circa 850mila euro, interamente coperti dal Bando Periferie. Il sopralluogo di questa mattina con l&#8217;assessore alla rigenerazione urbana Franco Frison e il direttore dei lavori, l&#8217;architetto Eleonora Burlando, ha permesso di vedere i risultati di questo importante recupero.<\/p>\n<p>\u00abSi \u00e8 intervenuto negli spazi di connessione dell&#8217;ex caserma, installando sedute illuminate e luci di design, cos\u00ec da rendere piacevole la visita anche di sera. &#8211; ha spiegato Frison \u2013 Questa era un&#8217;area utilizzata dai mezzi militari, quindi non c&#8217;erano percorsi e non c&#8217;era continuit\u00e0 tra gli spazi: \u00e8 stato fatto un grande lavoro per renderla un tutt&#8217;uno\u00bb.<\/p>\n<p>Ad illustrare gli interventi \u00e8 stata Eleonora Burlando, direttrice dei lavori e architetto dello studio di architetti associati NeoStudio di Genova che con il conterraneo studio di ingegneria Dodimoss si \u00e8 occupato della progettazione: \u00abAbbiamo lavorato per dare continuit\u00e0 a questo enorme spazio, realizzando percorsi che permettano di fruirlo liberamente. C&#8217;\u00e8 un piazzale per le manifestazioni, una tettoia per ritrovi ed eventi e un&#8217;area polifunzionale in parte dedicata a parcheggio; abbiamo eliminato le superfici asfaltata, bonificando il sottofondo e posizionando aree a prato e anche un piccolo frutteto che consentiranno una miglior penetrazione dell&#8217;acqua nel sottosuolo, anche per rispondere ai cambiamenti climatici in atto. Abbiamo poi installato arredo urbano come panchine e lampioni che differenziano gli spazi e nelle aree verdi vegetazione di facile manutenzione; tutti gli accessi agli spazi degli ospiti sono stati poi evidenziati con elementi personalizzabili con loghi e targhe. Infine, il recinto che un tempo chiudeva completamente la struttura \u00e8 ora diventato un elemento colorato, visibile e che pu\u00f2 attrarre facilmente l&#8217;attenzione di passanti e visitatori\u00bb.<\/p>\n<p>I lavori sono iniziati ad agosto 2019 e in questi mesi hanno subito dei rallentamenti a causa dell&#8217;emergenza sanitaria e delle condizioni meteo, che hanno comportato degli stop nelle stagioni invernali visto che l&#8217;intero cantiere era all&#8217;aperto.<br \/>\n\u00abRestituiamo alla citt\u00e0 questo spazio, una delle ultime caserme ancora inutilizzate in citt\u00e0, rendendola un centro pubblico in linea con tante altre realt\u00e0 europee\u00bb, ha concluso Frison.<\/p>","protected":false},"excerpt":{"rendered":"<p>Un intervento durato poco pi\u00f9 di due anni, che ha interessato gli oltre 15mila metri quadri della ex Caserma Piave e costato circa 850mila euro, interamente coperti dal Bando Periferie. Il sopralluogo di questa mattina con l&#8217;assessore alla rigenerazione urbana Franco Frison e il direttore dei lavori, l&#8217;architetto Eleonora Burlando, ha permesso di vedere i [&hellip;]<\/p>\n","protected":false},"author":2,"featured_media":129125,"comment_status":"closed","ping_status":"open","sticky":false,"template":"","format":"standard","meta":{"footnotes":""},"categories":[26,8],"tags":[],"class_list":["post-129124","post","type-post","status-publish","format-standard","has-post-thumbnail","category-prima-pagina","category-societa-istituzioni"],"yoast_head":"<!-- This site is optimized with the Yoast SEO plugin v28.4 - https:\/\/yoast.com\/product\/yoast-seo-wordpress\/ -->\n<title>Ex Caserma Piave: terminati i lavori negli spazi esterni - Bellunopress - Dolomiti<\/title>\n<meta name=\"robots\" content=\"index, follow, max-snippet:-1, max-image-preview:large, max-video-preview:-1\" \/>\n<link rel=\"canonical\" href=\"https:\/\/www.bellunopress.it\/fr\/2021\/11\/08\/ex-caserma-piave-terminati-i-lavori-negli-spazi-esterni\/\" \/>\n<meta property=\"og:locale\" content=\"fr_FR\" \/>\n<meta property=\"og:type\" content=\"article\" \/>\n<meta property=\"og:title\" content=\"Ex Caserma Piave: terminati i lavori negli spazi esterni - Bellunopress - Dolomiti\" \/>\n<meta property=\"og:description\" content=\"Un intervento durato poco pi\u00f9 di due anni, che ha interessato gli oltre 15mila metri quadri della ex Caserma Piave e costato circa 850mila euro, interamente coperti dal Bando Periferie. Il sopralluogo di questa mattina con l&#8217;assessore alla rigenerazione urbana Franco Frison e il direttore dei lavori, l&#8217;architetto Eleonora Burlando, ha permesso di vedere i [&hellip;]\" \/>\n<meta property=\"og:url\" content=\"https:\/\/www.bellunopress.it\/fr\/2021\/11\/08\/ex-caserma-piave-terminati-i-lavori-negli-spazi-esterni\/\" \/>\n<meta property=\"og:site_name\" content=\"Bellunopress - Dolomiti\" \/>\n<meta property=\"article:publisher\" content=\"https:\/\/www.facebook.com\/profile.php?id=100008943462799\" \/>\n<meta property=\"article:published_time\" content=\"2021-11-08T17:42:19+00:00\" \/>\n<meta property=\"og:image\" content=\"https:\/\/www.bellunopress.it\/wp-content\/uploads\/2021\/11\/ex-Caserma-Piave-.jpg\" \/>\n\t<meta property=\"og:image:width\" content=\"800\" \/>\n\t<meta property=\"og:image:height\" content=\"495\" \/>\n\t<meta property=\"og:image:type\" content=\"image\/jpeg\" \/>\n<meta name=\"author\" content=\"redazione\" \/>\n<meta name=\"twitter:card\" content=\"summary_large_image\" \/>\n<meta name=\"twitter:creator\" content=\"@bellunopress\" \/>\n<meta name=\"twitter:site\" content=\"@bellunopress\" \/>\n<meta name=\"twitter:label1\" content=\"\u00c9crit par\" \/>\n\t<meta name=\"twitter:data1\" content=\"redazione\" \/>\n\t<meta name=\"twitter:label2\" content=\"Dur\u00e9e de lecture estim\u00e9e\" \/>\n\t<meta name=\"twitter:data2\" content=\"2 minutes\" \/>\n<script type=\"application\/ld+json\" class=\"yoast-schema-graph\">{\"@context\":\"https:\\\/\\\/schema.org\",\"@graph\":[{\"@type\":\"Article\",\"@id\":\"https:\\\/\\\/www.bellunopress.it\\\/2021\\\/11\\\/08\\\/ex-caserma-piave-terminati-i-lavori-negli-spazi-esterni\\\/#article\",\"isPartOf\":{\"@id\":\"https:\\\/\\\/www.bellunopress.it\\\/2021\\\/11\\\/08\\\/ex-caserma-piave-terminati-i-lavori-negli-spazi-esterni\\\/\"},\"author\":{\"name\":\"redazione\",\"@id\":\"https:\\\/\\\/www.bellunopress.it\\\/#\\\/schema\\\/person\\\/79bb06722b37ece1c03d3e94beb30d73\"},\"headline\":\"Ex Caserma Piave: terminati i lavori negli spazi esterni\",\"datePublished\":\"2021-11-08T17:42:19+00:00\",\"mainEntityOfPage\":{\"@id\":\"https:\\\/\\\/www.bellunopress.it\\\/2021\\\/11\\\/08\\\/ex-caserma-piave-terminati-i-lavori-negli-spazi-esterni\\\/\"},\"wordCount\":367,\"publisher\":{\"@id\":\"https:\\\/\\\/www.bellunopress.it\\\/#organization\"},\"image\":{\"@id\":\"https:\\\/\\\/www.bellunopress.it\\\/2021\\\/11\\\/08\\\/ex-caserma-piave-terminati-i-lavori-negli-spazi-esterni\\\/#primaryimage\"},\"thumbnailUrl\":\"https:\\\/\\\/www.bellunopress.it\\\/wp-content\\\/uploads\\\/2021\\\/11\\\/ex-Caserma-Piave-.jpg\",\"articleSection\":[\"Prima Pagina\",\"Societ\u00e0, Associazioni, Istituzioni\"],\"inLanguage\":\"fr-FR\"},{\"@type\":\"WebPage\",\"@id\":\"https:\\\/\\\/www.bellunopress.it\\\/2021\\\/11\\\/08\\\/ex-caserma-piave-terminati-i-lavori-negli-spazi-esterni\\\/\",\"url\":\"https:\\\/\\\/www.bellunopress.it\\\/2021\\\/11\\\/08\\\/ex-caserma-piave-terminati-i-lavori-negli-spazi-esterni\\\/\",\"name\":\"Ex Caserma Piave: terminati i lavori negli spazi esterni - Bellunopress - Dolomiti\",\"isPartOf\":{\"@id\":\"https:\\\/\\\/www.bellunopress.it\\\/#website\"},\"primaryImageOfPage\":{\"@id\":\"https:\\\/\\\/www.bellunopress.it\\\/2021\\\/11\\\/08\\\/ex-caserma-piave-terminati-i-lavori-negli-spazi-esterni\\\/#primaryimage\"},\"image\":{\"@id\":\"https:\\\/\\\/www.bellunopress.it\\\/2021\\\/11\\\/08\\\/ex-caserma-piave-terminati-i-lavori-negli-spazi-esterni\\\/#primaryimage\"},\"thumbnailUrl\":\"https:\\\/\\\/www.bellunopress.it\\\/wp-content\\\/uploads\\\/2021\\\/11\\\/ex-Caserma-Piave-.jpg\",\"datePublished\":\"2021-11-08T17:42:19+00:00\",\"breadcrumb\":{\"@id\":\"https:\\\/\\\/www.bellunopress.it\\\/2021\\\/11\\\/08\\\/ex-caserma-piave-terminati-i-lavori-negli-spazi-esterni\\\/#breadcrumb\"},\"inLanguage\":\"fr-FR\",\"potentialAction\":[{\"@type\":\"ReadAction\",\"target\":[\"https:\\\/\\\/www.bellunopress.it\\\/2021\\\/11\\\/08\\\/ex-caserma-piave-terminati-i-lavori-negli-spazi-esterni\\\/\"]}]},{\"@type\":\"ImageObject\",\"inLanguage\":\"fr-FR\",\"@id\":\"https:\\\/\\\/www.bellunopress.it\\\/2021\\\/11\\\/08\\\/ex-caserma-piave-terminati-i-lavori-negli-spazi-esterni\\\/#primaryimage\",\"url\":\"https:\\\/\\\/www.bellunopress.it\\\/wp-content\\\/uploads\\\/2021\\\/11\\\/ex-Caserma-Piave-.jpg\",\"contentUrl\":\"https:\\\/\\\/www.bellunopress.it\\\/wp-content\\\/uploads\\\/2021\\\/11\\\/ex-Caserma-Piave-.jpg\",\"width\":800,\"height\":495,\"caption\":\"Spazio Ex Caserma Piave - Belluno\"},{\"@type\":\"BreadcrumbList\",\"@id\":\"https:\\\/\\\/www.bellunopress.it\\\/2021\\\/11\\\/08\\\/ex-caserma-piave-terminati-i-lavori-negli-spazi-esterni\\\/#breadcrumb\",\"itemListElement\":[{\"@type\":\"ListItem\",\"position\":1,\"name\":\"Home\",\"item\":\"https:\\\/\\\/www.bellunopress.it\\\/\"},{\"@type\":\"ListItem\",\"position\":2,\"name\":\"Ex Caserma Piave: terminati i lavori negli spazi esterni\"}]},{\"@type\":\"WebSite\",\"@id\":\"https:\\\/\\\/www.bellunopress.it\\\/#website\",\"url\":\"https:\\\/\\\/www.bellunopress.it\\\/\",\"name\":\"Bellunopress - Dolomiti\",\"description\":\"e-mail: redazione@bellunopress.it\",\"publisher\":{\"@id\":\"https:\\\/\\\/www.bellunopress.it\\\/#organization\"},\"potentialAction\":[{\"@type\":\"SearchAction\",\"target\":{\"@type\":\"EntryPoint\",\"urlTemplate\":\"https:\\\/\\\/www.bellunopress.it\\\/?s={search_term_string}\"},\"query-input\":{\"@type\":\"PropertyValueSpecification\",\"valueRequired\":true,\"valueName\":\"search_term_string\"}}],\"inLanguage\":\"fr-FR\"},{\"@type\":\"Organization\",\"@id\":\"https:\\\/\\\/www.bellunopress.it\\\/#organization\",\"name\":\"Bellunopress\",\"url\":\"https:\\\/\\\/www.bellunopress.it\\\/\",\"logo\":{\"@type\":\"ImageObject\",\"inLanguage\":\"fr-FR\",\"@id\":\"https:\\\/\\\/www.bellunopress.it\\\/#\\\/schema\\\/logo\\\/image\\\/\",\"url\":\"https:\\\/\\\/www.bellunopress.it\\\/wp-content\\\/uploads\\\/2011\\\/05\\\/cropped-logo-bellunopress-.jpg\",\"contentUrl\":\"https:\\\/\\\/www.bellunopress.it\\\/wp-content\\\/uploads\\\/2011\\\/05\\\/cropped-logo-bellunopress-.jpg\",\"width\":512,\"height\":512,\"caption\":\"Bellunopress\"},\"image\":{\"@id\":\"https:\\\/\\\/www.bellunopress.it\\\/#\\\/schema\\\/logo\\\/image\\\/\"},\"sameAs\":[\"https:\\\/\\\/www.facebook.com\\\/profile.php?id=100008943462799\",\"https:\\\/\\\/x.com\\\/bellunopress\",\"https:\\\/\\\/www.linkedin.com\\\/hp\\\/?dnr=JBzUWaJfMUw8vbXJJ2tVW5-I3jZKvC4wsoxE&amp;amp;amp;amp;amp;amp;trk=nav_responsive_tab_home\",\"https:\\\/\\\/www.youtube.com\\\/channel\\\/UCxL0wu1uN0_3_7hGG0306cw\"]},{\"@type\":\"Person\",\"@id\":\"https:\\\/\\\/www.bellunopress.it\\\/#\\\/schema\\\/person\\\/79bb06722b37ece1c03d3e94beb30d73\",\"name\":\"redazione\",\"image\":{\"@type\":\"ImageObject\",\"inLanguage\":\"fr-FR\",\"@id\":\"https:\\\/\\\/secure.gravatar.com\\\/avatar\\\/37d968a2e67a6fd04c169c4bdef102d0bc5d31b2546345219e348575eb80e9a0?s=96&d=mm&r=g\",\"url\":\"https:\\\/\\\/secure.gravatar.com\\\/avatar\\\/37d968a2e67a6fd04c169c4bdef102d0bc5d31b2546345219e348575eb80e9a0?s=96&d=mm&r=g\",\"contentUrl\":\"https:\\\/\\\/secure.gravatar.com\\\/avatar\\\/37d968a2e67a6fd04c169c4bdef102d0bc5d31b2546345219e348575eb80e9a0?s=96&d=mm&r=g\",\"caption\":\"redazione\"},\"sameAs\":[\"http:\\\/\\\/www.bellunopress.it\",\"https:\\\/\\\/x.com\\\/bellunopress\"],\"url\":\"https:\\\/\\\/www.bellunopress.it\\\/fr\\\/author\\\/redazione\\\/\"}]}<\/script>\n<!-- \/ Yoast SEO plugin. -->","yoast_head_json":{"title":"Ex Caserma Piave: terminati i lavori negli spazi esterni - Bellunopress - Dolomiti","robots":{"index":"index","follow":"follow","max-snippet":"max-snippet:-1","max-image-preview":"max-image-preview:large","max-video-preview":"max-video-preview:-1"},"canonical":"https:\/\/www.bellunopress.it\/fr\/2021\/11\/08\/ex-caserma-piave-terminati-i-lavori-negli-spazi-esterni\/","og_locale":"fr_FR","og_type":"article","og_title":"Ex Caserma Piave: terminati i lavori negli spazi esterni - Bellunopress - Dolomiti","og_description":"Un intervento durato poco pi\u00f9 di due anni, che ha interessato gli oltre 15mila metri quadri della ex Caserma Piave e costato circa 850mila euro, interamente coperti dal Bando Periferie. Il sopralluogo di questa mattina con l&#8217;assessore alla rigenerazione urbana Franco Frison e il direttore dei lavori, l&#8217;architetto Eleonora Burlando, ha permesso di vedere i [&hellip;]","og_url":"https:\/\/www.bellunopress.it\/fr\/2021\/11\/08\/ex-caserma-piave-terminati-i-lavori-negli-spazi-esterni\/","og_site_name":"Bellunopress - Dolomiti","article_publisher":"https:\/\/www.facebook.com\/profile.php?id=100008943462799","article_published_time":"2021-11-08T17:42:19+00:00","og_image":[{"width":800,"height":495,"url":"https:\/\/www.bellunopress.it\/wp-content\/uploads\/2021\/11\/ex-Caserma-Piave-.jpg","type":"image\/jpeg"}],"author":"redazione","twitter_card":"summary_large_image","twitter_creator":"@bellunopress","twitter_site":"@bellunopress","twitter_misc":{"\u00c9crit par":"redazione","Dur\u00e9e de lecture estim\u00e9e":"2 minutes"},"schema":{"@context":"https:\/\/schema.org","@graph":[{"@type":"Article","@id":"https:\/\/www.bellunopress.it\/2021\/11\/08\/ex-caserma-piave-terminati-i-lavori-negli-spazi-esterni\/#article","isPartOf":{"@id":"https:\/\/www.bellunopress.it\/2021\/11\/08\/ex-caserma-piave-terminati-i-lavori-negli-spazi-esterni\/"},"author":{"name":"redazione","@id":"https:\/\/www.bellunopress.it\/#\/schema\/person\/79bb06722b37ece1c03d3e94beb30d73"},"headline":"Ex Caserma Piave: terminati i lavori negli spazi esterni","datePublished":"2021-11-08T17:42:19+00:00","mainEntityOfPage":{"@id":"https:\/\/www.bellunopress.it\/2021\/11\/08\/ex-caserma-piave-terminati-i-lavori-negli-spazi-esterni\/"},"wordCount":367,"publisher":{"@id":"https:\/\/www.bellunopress.it\/#organization"},"image":{"@id":"https:\/\/www.bellunopress.it\/2021\/11\/08\/ex-caserma-piave-terminati-i-lavori-negli-spazi-esterni\/#primaryimage"},"thumbnailUrl":"https:\/\/www.bellunopress.it\/wp-content\/uploads\/2021\/11\/ex-Caserma-Piave-.jpg","articleSection":["Prima Pagina","Societ\u00e0, Associazioni, Istituzioni"],"inLanguage":"fr-FR"},{"@type":"WebPage","@id":"https:\/\/www.bellunopress.it\/2021\/11\/08\/ex-caserma-piave-terminati-i-lavori-negli-spazi-esterni\/","url":"https:\/\/www.bellunopress.it\/2021\/11\/08\/ex-caserma-piave-terminati-i-lavori-negli-spazi-esterni\/","name":"Ex Caserma Piave: terminati i lavori negli spazi esterni - Bellunopress - Dolomiti","isPartOf":{"@id":"https:\/\/www.bellunopress.it\/#website"},"primaryImageOfPage":{"@id":"https:\/\/www.bellunopress.it\/2021\/11\/08\/ex-caserma-piave-terminati-i-lavori-negli-spazi-esterni\/#primaryimage"},"image":{"@id":"https:\/\/www.bellunopress.it\/2021\/11\/08\/ex-caserma-piave-terminati-i-lavori-negli-spazi-esterni\/#primaryimage"},"thumbnailUrl":"https:\/\/www.bellunopress.it\/wp-content\/uploads\/2021\/11\/ex-Caserma-Piave-.jpg","datePublished":"2021-11-08T17:42:19+00:00","breadcrumb":{"@id":"https:\/\/www.bellunopress.it\/2021\/11\/08\/ex-caserma-piave-terminati-i-lavori-negli-spazi-esterni\/#breadcrumb"},"inLanguage":"fr-FR","potentialAction":[{"@type":"ReadAction","target":["https:\/\/www.bellunopress.it\/2021\/11\/08\/ex-caserma-piave-terminati-i-lavori-negli-spazi-esterni\/"]}]},{"@type":"ImageObject","inLanguage":"fr-FR","@id":"https:\/\/www.bellunopress.it\/2021\/11\/08\/ex-caserma-piave-terminati-i-lavori-negli-spazi-esterni\/#primaryimage","url":"https:\/\/www.bellunopress.it\/wp-content\/uploads\/2021\/11\/ex-Caserma-Piave-.jpg","contentUrl":"https:\/\/www.bellunopress.it\/wp-content\/uploads\/2021\/11\/ex-Caserma-Piave-.jpg","width":800,"height":495,"caption":"Spazio Ex Caserma Piave - Belluno"},{"@type":"BreadcrumbList","@id":"https:\/\/www.bellunopress.it\/2021\/11\/08\/ex-caserma-piave-terminati-i-lavori-negli-spazi-esterni\/#breadcrumb","itemListElement":[{"@type":"ListItem","position":1,"name":"Home","item":"https:\/\/www.bellunopress.it\/"},{"@type":"ListItem","position":2,"name":"Ex Caserma Piave: terminati i lavori negli spazi esterni"}]},{"@type":"WebSite","@id":"https:\/\/www.bellunopress.it\/#website","url":"https:\/\/www.bellunopress.it\/","name":"Bellunopress - Dolomiti","description":"e-mail: redazione@bellunopress.it","publisher":{"@id":"https:\/\/www.bellunopress.it\/#organization"},"potentialAction":[{"@type":"SearchAction","target":{"@type":"EntryPoint","urlTemplate":"https:\/\/www.bellunopress.it\/?s={search_term_string}"},"query-input":{"@type":"PropertyValueSpecification","valueRequired":true,"valueName":"search_term_string"}}],"inLanguage":"fr-FR"},{"@type":"Organization","@id":"https:\/\/www.bellunopress.it\/#organization","name":"Bellunopress","url":"https:\/\/www.bellunopress.it\/","logo":{"@type":"ImageObject","inLanguage":"fr-FR","@id":"https:\/\/www.bellunopress.it\/#\/schema\/logo\/image\/","url":"https:\/\/www.bellunopress.it\/wp-content\/uploads\/2011\/05\/cropped-logo-bellunopress-.jpg","contentUrl":"https:\/\/www.bellunopress.it\/wp-content\/uploads\/2011\/05\/cropped-logo-bellunopress-.jpg","width":512,"height":512,"caption":"Bellunopress"},"image":{"@id":"https:\/\/www.bellunopress.it\/#\/schema\/logo\/image\/"},"sameAs":["https:\/\/www.facebook.com\/profile.php?id=100008943462799","https:\/\/x.com\/bellunopress","https:\/\/www.linkedin.com\/hp\/?dnr=JBzUWaJfMUw8vbXJJ2tVW5-I3jZKvC4wsoxE&amp;amp;amp;amp;amp;amp;trk=nav_responsive_tab_home","https:\/\/www.youtube.com\/channel\/UCxL0wu1uN0_3_7hGG0306cw"]},{"@type":"Person","@id":"https:\/\/www.bellunopress.it\/#\/schema\/person\/79bb06722b37ece1c03d3e94beb30d73","name":"r\u00e9daction","image":{"@type":"ImageObject","inLanguage":"fr-FR","@id":"https:\/\/secure.gravatar.com\/avatar\/37d968a2e67a6fd04c169c4bdef102d0bc5d31b2546345219e348575eb80e9a0?s=96&d=mm&r=g","url":"https:\/\/secure.gravatar.com\/avatar\/37d968a2e67a6fd04c169c4bdef102d0bc5d31b2546345219e348575eb80e9a0?s=96&d=mm&r=g","contentUrl":"https:\/\/secure.gravatar.com\/avatar\/37d968a2e67a6fd04c169c4bdef102d0bc5d31b2546345219e348575eb80e9a0?s=96&d=mm&r=g","caption":"redazione"},"sameAs":["http:\/\/www.bellunopress.it","https:\/\/x.com\/bellunopress"],"url":"https:\/\/www.bellunopress.it\/fr\/author\/redazione\/"}]}},"_links":{"self":[{"href":"https:\/\/www.bellunopress.it\/fr\/wp-json\/wp\/v2\/posts\/129124","targetHints":{"allow":["GET"]}}],"collection":[{"href":"https:\/\/www.bellunopress.it\/fr\/wp-json\/wp\/v2\/posts"}],"about":[{"href":"https:\/\/www.bellunopress.it\/fr\/wp-json\/wp\/v2\/types\/post"}],"author":[{"embeddable":true,"href":"https:\/\/www.bellunopress.it\/fr\/wp-json\/wp\/v2\/users\/2"}],"replies":[{"embeddable":true,"href":"https:\/\/www.bellunopress.it\/fr\/wp-json\/wp\/v2\/comments?post=129124"}],"version-history":[{"count":1,"href":"https:\/\/www.bellunopress.it\/fr\/wp-json\/wp\/v2\/posts\/129124\/revisions"}],"predecessor-version":[{"id":129126,"href":"https:\/\/www.bellunopress.it\/fr\/wp-json\/wp\/v2\/posts\/129124\/revisions\/129126"}],"wp:featuredmedia":[{"embeddable":true,"href":"https:\/\/www.bellunopress.it\/fr\/wp-json\/wp\/v2\/media\/129125"}],"wp:attachment":[{"href":"https:\/\/www.bellunopress.it\/fr\/wp-json\/wp\/v2\/media?parent=129124"}],"wp:term":[{"taxonomy":"category","embeddable":true,"href":"https:\/\/www.bellunopress.it\/fr\/wp-json\/wp\/v2\/categories?post=129124"},{"taxonomy":"post_tag","embeddable":true,"href":"https:\/\/www.bellunopress.it\/fr\/wp-json\/wp\/v2\/tags?post=129124"}],"curies":[{"name":"wp","href":"https:\/\/api.w.org\/{rel}","templated":true}]}}