{"id":129120,"date":"2021-11-08T18:24:57","date_gmt":"2021-11-08T17:24:57","guid":{"rendered":"https:\/\/www.bellunopress.it\/?p=129120"},"modified":"2021-11-08T18:24:57","modified_gmt":"2021-11-08T17:24:57","slug":"ulss-dolomiti-tamponi-greenpass-solo-su-prenotazione","status":"publish","type":"post","link":"https:\/\/www.bellunopress.it\/fr\/2021\/11\/08\/ulss-dolomiti-tamponi-greenpass-solo-su-prenotazione\/","title":{"rendered":"Ulss Dolomiti. Tamponi greenpass solo su prenotazione"},"content":{"rendered":"<p><img loading=\"lazy\" decoding=\"async\" class=\"alignleft size-medium wp-image-114368\" src=\"https:\/\/www.bellunopress.it\/wp-content\/uploads\/2020\/05\/tamponi-drive-in_edited-1-500x393.jpg\" alt=\"\" width=\"500\" height=\"393\" srcset=\"https:\/\/www.bellunopress.it\/wp-content\/uploads\/2020\/05\/tamponi-drive-in_edited-1-500x393.jpg 500w, https:\/\/www.bellunopress.it\/wp-content\/uploads\/2020\/05\/tamponi-drive-in_edited-1-696x547.jpg 696w, https:\/\/www.bellunopress.it\/wp-content\/uploads\/2020\/05\/tamponi-drive-in_edited-1-534x420.jpg 534w, https:\/\/www.bellunopress.it\/wp-content\/uploads\/2020\/05\/tamponi-drive-in_edited-1.jpg 800w\" sizes=\"auto, (max-width: 500px) 100vw, 500px\" \/>Belluno, 8 novembre 2021 &#8211; Nella giornate di ieri e di oggi si sono verificati dei ritardi nei covid point tamponi di Paludi e Feltre.<br \/>\nL\u2019analisi dei dati delle prime tre settimane di operativit\u00e0 del nuovo sistema di offerta tamponi derivante dall\u2019entrata in vigore del green pass ha evidenziato un iper afflusso in particolare nelle giornate di domenica e luned\u00ec appesantito dall\u2019accesso libero di persone senza prenotazione e dei numerosi tamponi richiesti dalla sorveglianza attiva in relazione all\u2019incremento di nuove positivit\u00e0.<\/p>\n<p>L\u2019Ulss Dolomiti ha reso operativi gi\u00e0 in giornata dei miglioramenti organizzativi con il potenziamento del personale presente e un rigido controllo all\u2019accesso.<\/p>\n<p>Si ricorda, infatti, che\u00a0i tamponi con finalit\u00e0 green pass si eseguono<br \/>\nsolo su prenotazione (dal sito: www.aulss1.veneto.it) che deve essere eseguita entro le ore 15.00 del giorno precedente.<\/p>\n<p>Possono accedere negli orari dedicati all\u2019accesso libero:<br \/>\n\u2022 i soggetti con prescrizione medica;<br \/>\n\u2022 i soggetti inviati dal Dipartimento di Prevenzione (sorveglianza, scuola);<br \/>\n\u2022 i minori 0-12 sintomatici<\/p>\n<p>&nbsp;<\/p>","protected":false},"excerpt":{"rendered":"<p>Belluno, 8 novembre 2021 &#8211; Nella giornate di ieri e di oggi si sono verificati dei ritardi nei covid point tamponi di Paludi e Feltre. L\u2019analisi dei dati delle prime tre settimane di operativit\u00e0 del nuovo sistema di offerta tamponi derivante dall\u2019entrata in vigore del green pass ha evidenziato un iper afflusso in particolare nelle [&hellip;]<\/p>\n","protected":false},"author":2,"featured_media":114368,"comment_status":"closed","ping_status":"open","sticky":false,"template":"","format":"standard","meta":{"footnotes":""},"categories":[26,17],"tags":[],"class_list":["post-129120","post","type-post","status-publish","format-standard","has-post-thumbnail","category-prima-pagina","category-sanita"],"yoast_head":"<!-- This site is optimized with the Yoast SEO plugin v28.4 - https:\/\/yoast.com\/product\/yoast-seo-wordpress\/ -->\n<title>Ulss Dolomiti. Tamponi greenpass solo su prenotazione - Bellunopress - Dolomiti<\/title>\n<meta name=\"robots\" content=\"index, follow, max-snippet:-1, max-image-preview:large, max-video-preview:-1\" \/>\n<link rel=\"canonical\" href=\"https:\/\/www.bellunopress.it\/fr\/2021\/11\/08\/ulss-dolomiti-tamponi-greenpass-solo-su-prenotazione\/\" \/>\n<meta property=\"og:locale\" content=\"fr_FR\" \/>\n<meta property=\"og:type\" content=\"article\" \/>\n<meta property=\"og:title\" content=\"Ulss Dolomiti. Tamponi greenpass solo su prenotazione - Bellunopress - Dolomiti\" \/>\n<meta property=\"og:description\" content=\"Belluno, 8 novembre 2021 &#8211; Nella giornate di ieri e di oggi si sono verificati dei ritardi nei covid point tamponi di Paludi e Feltre. L\u2019analisi dei dati delle prime tre settimane di operativit\u00e0 del nuovo sistema di offerta tamponi derivante dall\u2019entrata in vigore del green pass ha evidenziato un iper afflusso in particolare nelle [&hellip;]\" \/>\n<meta property=\"og:url\" content=\"https:\/\/www.bellunopress.it\/fr\/2021\/11\/08\/ulss-dolomiti-tamponi-greenpass-solo-su-prenotazione\/\" \/>\n<meta property=\"og:site_name\" content=\"Bellunopress - Dolomiti\" \/>\n<meta property=\"article:publisher\" content=\"https:\/\/www.facebook.com\/profile.php?id=100008943462799\" \/>\n<meta property=\"article:published_time\" content=\"2021-11-08T17:24:57+00:00\" \/>\n<meta property=\"og:image\" content=\"https:\/\/www.bellunopress.it\/wp-content\/uploads\/2020\/05\/tamponi-drive-in_edited-1.jpg\" \/>\n\t<meta property=\"og:image:width\" content=\"800\" \/>\n\t<meta property=\"og:image:height\" content=\"629\" \/>\n\t<meta property=\"og:image:type\" content=\"image\/jpeg\" \/>\n<meta name=\"author\" content=\"redazione\" \/>\n<meta name=\"twitter:card\" content=\"summary_large_image\" \/>\n<meta name=\"twitter:creator\" content=\"@bellunopress\" \/>\n<meta name=\"twitter:site\" content=\"@bellunopress\" \/>\n<meta name=\"twitter:label1\" content=\"\u00c9crit par\" \/>\n\t<meta name=\"twitter:data1\" content=\"redazione\" \/>\n\t<meta name=\"twitter:label2\" content=\"Dur\u00e9e de lecture estim\u00e9e\" \/>\n\t<meta name=\"twitter:data2\" content=\"1 minute\" \/>\n<script type=\"application\/ld+json\" class=\"yoast-schema-graph\">{\"@context\":\"https:\\\/\\\/schema.org\",\"@graph\":[{\"@type\":\"Article\",\"@id\":\"https:\\\/\\\/www.bellunopress.it\\\/2021\\\/11\\\/08\\\/ulss-dolomiti-tamponi-greenpass-solo-su-prenotazione\\\/#article\",\"isPartOf\":{\"@id\":\"https:\\\/\\\/www.bellunopress.it\\\/2021\\\/11\\\/08\\\/ulss-dolomiti-tamponi-greenpass-solo-su-prenotazione\\\/\"},\"author\":{\"name\":\"redazione\",\"@id\":\"https:\\\/\\\/www.bellunopress.it\\\/#\\\/schema\\\/person\\\/79bb06722b37ece1c03d3e94beb30d73\"},\"headline\":\"Ulss Dolomiti. Tamponi greenpass solo su prenotazione\",\"datePublished\":\"2021-11-08T17:24:57+00:00\",\"mainEntityOfPage\":{\"@id\":\"https:\\\/\\\/www.bellunopress.it\\\/2021\\\/11\\\/08\\\/ulss-dolomiti-tamponi-greenpass-solo-su-prenotazione\\\/\"},\"wordCount\":172,\"publisher\":{\"@id\":\"https:\\\/\\\/www.bellunopress.it\\\/#organization\"},\"image\":{\"@id\":\"https:\\\/\\\/www.bellunopress.it\\\/2021\\\/11\\\/08\\\/ulss-dolomiti-tamponi-greenpass-solo-su-prenotazione\\\/#primaryimage\"},\"thumbnailUrl\":\"https:\\\/\\\/www.bellunopress.it\\\/wp-content\\\/uploads\\\/2020\\\/05\\\/tamponi-drive-in_edited-1.jpg\",\"articleSection\":[\"Prima Pagina\",\"Sanit\u00e0 Medicina\"],\"inLanguage\":\"fr-FR\"},{\"@type\":\"WebPage\",\"@id\":\"https:\\\/\\\/www.bellunopress.it\\\/2021\\\/11\\\/08\\\/ulss-dolomiti-tamponi-greenpass-solo-su-prenotazione\\\/\",\"url\":\"https:\\\/\\\/www.bellunopress.it\\\/2021\\\/11\\\/08\\\/ulss-dolomiti-tamponi-greenpass-solo-su-prenotazione\\\/\",\"name\":\"Ulss Dolomiti. Tamponi greenpass solo su prenotazione - Bellunopress - Dolomiti\",\"isPartOf\":{\"@id\":\"https:\\\/\\\/www.bellunopress.it\\\/#website\"},\"primaryImageOfPage\":{\"@id\":\"https:\\\/\\\/www.bellunopress.it\\\/2021\\\/11\\\/08\\\/ulss-dolomiti-tamponi-greenpass-solo-su-prenotazione\\\/#primaryimage\"},\"image\":{\"@id\":\"https:\\\/\\\/www.bellunopress.it\\\/2021\\\/11\\\/08\\\/ulss-dolomiti-tamponi-greenpass-solo-su-prenotazione\\\/#primaryimage\"},\"thumbnailUrl\":\"https:\\\/\\\/www.bellunopress.it\\\/wp-content\\\/uploads\\\/2020\\\/05\\\/tamponi-drive-in_edited-1.jpg\",\"datePublished\":\"2021-11-08T17:24:57+00:00\",\"breadcrumb\":{\"@id\":\"https:\\\/\\\/www.bellunopress.it\\\/2021\\\/11\\\/08\\\/ulss-dolomiti-tamponi-greenpass-solo-su-prenotazione\\\/#breadcrumb\"},\"inLanguage\":\"fr-FR\",\"potentialAction\":[{\"@type\":\"ReadAction\",\"target\":[\"https:\\\/\\\/www.bellunopress.it\\\/2021\\\/11\\\/08\\\/ulss-dolomiti-tamponi-greenpass-solo-su-prenotazione\\\/\"]}]},{\"@type\":\"ImageObject\",\"inLanguage\":\"fr-FR\",\"@id\":\"https:\\\/\\\/www.bellunopress.it\\\/2021\\\/11\\\/08\\\/ulss-dolomiti-tamponi-greenpass-solo-su-prenotazione\\\/#primaryimage\",\"url\":\"https:\\\/\\\/www.bellunopress.it\\\/wp-content\\\/uploads\\\/2020\\\/05\\\/tamponi-drive-in_edited-1.jpg\",\"contentUrl\":\"https:\\\/\\\/www.bellunopress.it\\\/wp-content\\\/uploads\\\/2020\\\/05\\\/tamponi-drive-in_edited-1.jpg\",\"width\":800,\"height\":629},{\"@type\":\"BreadcrumbList\",\"@id\":\"https:\\\/\\\/www.bellunopress.it\\\/2021\\\/11\\\/08\\\/ulss-dolomiti-tamponi-greenpass-solo-su-prenotazione\\\/#breadcrumb\",\"itemListElement\":[{\"@type\":\"ListItem\",\"position\":1,\"name\":\"Home\",\"item\":\"https:\\\/\\\/www.bellunopress.it\\\/\"},{\"@type\":\"ListItem\",\"position\":2,\"name\":\"Ulss Dolomiti. Tamponi greenpass solo su prenotazione\"}]},{\"@type\":\"WebSite\",\"@id\":\"https:\\\/\\\/www.bellunopress.it\\\/#website\",\"url\":\"https:\\\/\\\/www.bellunopress.it\\\/\",\"name\":\"Bellunopress - Dolomiti\",\"description\":\"e-mail: redazione@bellunopress.it\",\"publisher\":{\"@id\":\"https:\\\/\\\/www.bellunopress.it\\\/#organization\"},\"potentialAction\":[{\"@type\":\"SearchAction\",\"target\":{\"@type\":\"EntryPoint\",\"urlTemplate\":\"https:\\\/\\\/www.bellunopress.it\\\/?s={search_term_string}\"},\"query-input\":{\"@type\":\"PropertyValueSpecification\",\"valueRequired\":true,\"valueName\":\"search_term_string\"}}],\"inLanguage\":\"fr-FR\"},{\"@type\":\"Organization\",\"@id\":\"https:\\\/\\\/www.bellunopress.it\\\/#organization\",\"name\":\"Bellunopress\",\"url\":\"https:\\\/\\\/www.bellunopress.it\\\/\",\"logo\":{\"@type\":\"ImageObject\",\"inLanguage\":\"fr-FR\",\"@id\":\"https:\\\/\\\/www.bellunopress.it\\\/#\\\/schema\\\/logo\\\/image\\\/\",\"url\":\"https:\\\/\\\/www.bellunopress.it\\\/wp-content\\\/uploads\\\/2011\\\/05\\\/cropped-logo-bellunopress-.jpg\",\"contentUrl\":\"https:\\\/\\\/www.bellunopress.it\\\/wp-content\\\/uploads\\\/2011\\\/05\\\/cropped-logo-bellunopress-.jpg\",\"width\":512,\"height\":512,\"caption\":\"Bellunopress\"},\"image\":{\"@id\":\"https:\\\/\\\/www.bellunopress.it\\\/#\\\/schema\\\/logo\\\/image\\\/\"},\"sameAs\":[\"https:\\\/\\\/www.facebook.com\\\/profile.php?id=100008943462799\",\"https:\\\/\\\/x.com\\\/bellunopress\",\"https:\\\/\\\/www.linkedin.com\\\/hp\\\/?dnr=JBzUWaJfMUw8vbXJJ2tVW5-I3jZKvC4wsoxE&amp;amp;amp;amp;amp;amp;trk=nav_responsive_tab_home\",\"https:\\\/\\\/www.youtube.com\\\/channel\\\/UCxL0wu1uN0_3_7hGG0306cw\"]},{\"@type\":\"Person\",\"@id\":\"https:\\\/\\\/www.bellunopress.it\\\/#\\\/schema\\\/person\\\/79bb06722b37ece1c03d3e94beb30d73\",\"name\":\"redazione\",\"image\":{\"@type\":\"ImageObject\",\"inLanguage\":\"fr-FR\",\"@id\":\"https:\\\/\\\/secure.gravatar.com\\\/avatar\\\/37d968a2e67a6fd04c169c4bdef102d0bc5d31b2546345219e348575eb80e9a0?s=96&d=mm&r=g\",\"url\":\"https:\\\/\\\/secure.gravatar.com\\\/avatar\\\/37d968a2e67a6fd04c169c4bdef102d0bc5d31b2546345219e348575eb80e9a0?s=96&d=mm&r=g\",\"contentUrl\":\"https:\\\/\\\/secure.gravatar.com\\\/avatar\\\/37d968a2e67a6fd04c169c4bdef102d0bc5d31b2546345219e348575eb80e9a0?s=96&d=mm&r=g\",\"caption\":\"redazione\"},\"sameAs\":[\"http:\\\/\\\/www.bellunopress.it\",\"https:\\\/\\\/x.com\\\/bellunopress\"],\"url\":\"https:\\\/\\\/www.bellunopress.it\\\/fr\\\/author\\\/redazione\\\/\"}]}<\/script>\n<!-- \/ Yoast SEO plugin. -->","yoast_head_json":{"title":"Ulss Dolomiti. Tamponi greenpass solo su prenotazione - Bellunopress - Dolomiti","robots":{"index":"index","follow":"follow","max-snippet":"max-snippet:-1","max-image-preview":"max-image-preview:large","max-video-preview":"max-video-preview:-1"},"canonical":"https:\/\/www.bellunopress.it\/fr\/2021\/11\/08\/ulss-dolomiti-tamponi-greenpass-solo-su-prenotazione\/","og_locale":"fr_FR","og_type":"article","og_title":"Ulss Dolomiti. Tamponi greenpass solo su prenotazione - Bellunopress - Dolomiti","og_description":"Belluno, 8 novembre 2021 &#8211; Nella giornate di ieri e di oggi si sono verificati dei ritardi nei covid point tamponi di Paludi e Feltre. L\u2019analisi dei dati delle prime tre settimane di operativit\u00e0 del nuovo sistema di offerta tamponi derivante dall\u2019entrata in vigore del green pass ha evidenziato un iper afflusso in particolare nelle [&hellip;]","og_url":"https:\/\/www.bellunopress.it\/fr\/2021\/11\/08\/ulss-dolomiti-tamponi-greenpass-solo-su-prenotazione\/","og_site_name":"Bellunopress - Dolomiti","article_publisher":"https:\/\/www.facebook.com\/profile.php?id=100008943462799","article_published_time":"2021-11-08T17:24:57+00:00","og_image":[{"width":800,"height":629,"url":"https:\/\/www.bellunopress.it\/wp-content\/uploads\/2020\/05\/tamponi-drive-in_edited-1.jpg","type":"image\/jpeg"}],"author":"redazione","twitter_card":"summary_large_image","twitter_creator":"@bellunopress","twitter_site":"@bellunopress","twitter_misc":{"\u00c9crit par":"redazione","Dur\u00e9e de lecture estim\u00e9e":"1 minute"},"schema":{"@context":"https:\/\/schema.org","@graph":[{"@type":"Article","@id":"https:\/\/www.bellunopress.it\/2021\/11\/08\/ulss-dolomiti-tamponi-greenpass-solo-su-prenotazione\/#article","isPartOf":{"@id":"https:\/\/www.bellunopress.it\/2021\/11\/08\/ulss-dolomiti-tamponi-greenpass-solo-su-prenotazione\/"},"author":{"name":"redazione","@id":"https:\/\/www.bellunopress.it\/#\/schema\/person\/79bb06722b37ece1c03d3e94beb30d73"},"headline":"Ulss Dolomiti. Tamponi greenpass solo su prenotazione","datePublished":"2021-11-08T17:24:57+00:00","mainEntityOfPage":{"@id":"https:\/\/www.bellunopress.it\/2021\/11\/08\/ulss-dolomiti-tamponi-greenpass-solo-su-prenotazione\/"},"wordCount":172,"publisher":{"@id":"https:\/\/www.bellunopress.it\/#organization"},"image":{"@id":"https:\/\/www.bellunopress.it\/2021\/11\/08\/ulss-dolomiti-tamponi-greenpass-solo-su-prenotazione\/#primaryimage"},"thumbnailUrl":"https:\/\/www.bellunopress.it\/wp-content\/uploads\/2020\/05\/tamponi-drive-in_edited-1.jpg","articleSection":["Prima Pagina","Sanit\u00e0 Medicina"],"inLanguage":"fr-FR"},{"@type":"WebPage","@id":"https:\/\/www.bellunopress.it\/2021\/11\/08\/ulss-dolomiti-tamponi-greenpass-solo-su-prenotazione\/","url":"https:\/\/www.bellunopress.it\/2021\/11\/08\/ulss-dolomiti-tamponi-greenpass-solo-su-prenotazione\/","name":"Ulss Dolomiti. Tamponi greenpass solo su prenotazione - Bellunopress - Dolomiti","isPartOf":{"@id":"https:\/\/www.bellunopress.it\/#website"},"primaryImageOfPage":{"@id":"https:\/\/www.bellunopress.it\/2021\/11\/08\/ulss-dolomiti-tamponi-greenpass-solo-su-prenotazione\/#primaryimage"},"image":{"@id":"https:\/\/www.bellunopress.it\/2021\/11\/08\/ulss-dolomiti-tamponi-greenpass-solo-su-prenotazione\/#primaryimage"},"thumbnailUrl":"https:\/\/www.bellunopress.it\/wp-content\/uploads\/2020\/05\/tamponi-drive-in_edited-1.jpg","datePublished":"2021-11-08T17:24:57+00:00","breadcrumb":{"@id":"https:\/\/www.bellunopress.it\/2021\/11\/08\/ulss-dolomiti-tamponi-greenpass-solo-su-prenotazione\/#breadcrumb"},"inLanguage":"fr-FR","potentialAction":[{"@type":"ReadAction","target":["https:\/\/www.bellunopress.it\/2021\/11\/08\/ulss-dolomiti-tamponi-greenpass-solo-su-prenotazione\/"]}]},{"@type":"ImageObject","inLanguage":"fr-FR","@id":"https:\/\/www.bellunopress.it\/2021\/11\/08\/ulss-dolomiti-tamponi-greenpass-solo-su-prenotazione\/#primaryimage","url":"https:\/\/www.bellunopress.it\/wp-content\/uploads\/2020\/05\/tamponi-drive-in_edited-1.jpg","contentUrl":"https:\/\/www.bellunopress.it\/wp-content\/uploads\/2020\/05\/tamponi-drive-in_edited-1.jpg","width":800,"height":629},{"@type":"BreadcrumbList","@id":"https:\/\/www.bellunopress.it\/2021\/11\/08\/ulss-dolomiti-tamponi-greenpass-solo-su-prenotazione\/#breadcrumb","itemListElement":[{"@type":"ListItem","position":1,"name":"Home","item":"https:\/\/www.bellunopress.it\/"},{"@type":"ListItem","position":2,"name":"Ulss Dolomiti. Tamponi greenpass solo su prenotazione"}]},{"@type":"WebSite","@id":"https:\/\/www.bellunopress.it\/#website","url":"https:\/\/www.bellunopress.it\/","name":"Bellunopress - Dolomiti","description":"e-mail: redazione@bellunopress.it","publisher":{"@id":"https:\/\/www.bellunopress.it\/#organization"},"potentialAction":[{"@type":"SearchAction","target":{"@type":"EntryPoint","urlTemplate":"https:\/\/www.bellunopress.it\/?s={search_term_string}"},"query-input":{"@type":"PropertyValueSpecification","valueRequired":true,"valueName":"search_term_string"}}],"inLanguage":"fr-FR"},{"@type":"Organization","@id":"https:\/\/www.bellunopress.it\/#organization","name":"Bellunopress","url":"https:\/\/www.bellunopress.it\/","logo":{"@type":"ImageObject","inLanguage":"fr-FR","@id":"https:\/\/www.bellunopress.it\/#\/schema\/logo\/image\/","url":"https:\/\/www.bellunopress.it\/wp-content\/uploads\/2011\/05\/cropped-logo-bellunopress-.jpg","contentUrl":"https:\/\/www.bellunopress.it\/wp-content\/uploads\/2011\/05\/cropped-logo-bellunopress-.jpg","width":512,"height":512,"caption":"Bellunopress"},"image":{"@id":"https:\/\/www.bellunopress.it\/#\/schema\/logo\/image\/"},"sameAs":["https:\/\/www.facebook.com\/profile.php?id=100008943462799","https:\/\/x.com\/bellunopress","https:\/\/www.linkedin.com\/hp\/?dnr=JBzUWaJfMUw8vbXJJ2tVW5-I3jZKvC4wsoxE&amp;amp;amp;amp;amp;amp;trk=nav_responsive_tab_home","https:\/\/www.youtube.com\/channel\/UCxL0wu1uN0_3_7hGG0306cw"]},{"@type":"Person","@id":"https:\/\/www.bellunopress.it\/#\/schema\/person\/79bb06722b37ece1c03d3e94beb30d73","name":"r\u00e9daction","image":{"@type":"ImageObject","inLanguage":"fr-FR","@id":"https:\/\/secure.gravatar.com\/avatar\/37d968a2e67a6fd04c169c4bdef102d0bc5d31b2546345219e348575eb80e9a0?s=96&d=mm&r=g","url":"https:\/\/secure.gravatar.com\/avatar\/37d968a2e67a6fd04c169c4bdef102d0bc5d31b2546345219e348575eb80e9a0?s=96&d=mm&r=g","contentUrl":"https:\/\/secure.gravatar.com\/avatar\/37d968a2e67a6fd04c169c4bdef102d0bc5d31b2546345219e348575eb80e9a0?s=96&d=mm&r=g","caption":"redazione"},"sameAs":["http:\/\/www.bellunopress.it","https:\/\/x.com\/bellunopress"],"url":"https:\/\/www.bellunopress.it\/fr\/author\/redazione\/"}]}},"_links":{"self":[{"href":"https:\/\/www.bellunopress.it\/fr\/wp-json\/wp\/v2\/posts\/129120","targetHints":{"allow":["GET"]}}],"collection":[{"href":"https:\/\/www.bellunopress.it\/fr\/wp-json\/wp\/v2\/posts"}],"about":[{"href":"https:\/\/www.bellunopress.it\/fr\/wp-json\/wp\/v2\/types\/post"}],"author":[{"embeddable":true,"href":"https:\/\/www.bellunopress.it\/fr\/wp-json\/wp\/v2\/users\/2"}],"replies":[{"embeddable":true,"href":"https:\/\/www.bellunopress.it\/fr\/wp-json\/wp\/v2\/comments?post=129120"}],"version-history":[{"count":1,"href":"https:\/\/www.bellunopress.it\/fr\/wp-json\/wp\/v2\/posts\/129120\/revisions"}],"predecessor-version":[{"id":129121,"href":"https:\/\/www.bellunopress.it\/fr\/wp-json\/wp\/v2\/posts\/129120\/revisions\/129121"}],"wp:featuredmedia":[{"embeddable":true,"href":"https:\/\/www.bellunopress.it\/fr\/wp-json\/wp\/v2\/media\/114368"}],"wp:attachment":[{"href":"https:\/\/www.bellunopress.it\/fr\/wp-json\/wp\/v2\/media?parent=129120"}],"wp:term":[{"taxonomy":"category","embeddable":true,"href":"https:\/\/www.bellunopress.it\/fr\/wp-json\/wp\/v2\/categories?post=129120"},{"taxonomy":"post_tag","embeddable":true,"href":"https:\/\/www.bellunopress.it\/fr\/wp-json\/wp\/v2\/tags?post=129120"}],"curies":[{"name":"wp","href":"https:\/\/api.w.org\/{rel}","templated":true}]}}