{"id":129114,"date":"2021-11-08T17:53:44","date_gmt":"2021-11-08T16:53:44","guid":{"rendered":"https:\/\/www.bellunopress.it\/?p=129114"},"modified":"2021-11-08T17:53:44","modified_gmt":"2021-11-08T16:53:44","slug":"ecosistema-urbano-2021-belluno-ancora-nella-top-ten-prima-in-veneto","status":"publish","type":"post","link":"https:\/\/www.bellunopress.it\/fr\/2021\/11\/08\/ecosistema-urbano-2021-belluno-ancora-nella-top-ten-prima-in-veneto\/","title":{"rendered":"Ecosistema Urbano 2021. Belluno ancora nella top ten, prima in Veneto"},"content":{"rendered":"<figure id=\"attachment_110555\" aria-describedby=\"caption-attachment-110555\" style=\"width: 250px\" class=\"wp-caption alignleft\"><img loading=\"lazy\" decoding=\"async\" class=\"size-full wp-image-110555\" src=\"https:\/\/www.bellunopress.it\/wp-content\/uploads\/2019\/12\/Massaro-sindaco.jpg\" alt=\"\" width=\"250\" height=\"300\" \/><figcaption id=\"caption-attachment-110555\" class=\"wp-caption-text\">Jacopo Massaro &#8211; Sindaco di Belluno<\/figcaption><\/figure>\n<p>Belluno ancora nella top ten delle \u201ccitt\u00e0 verdi\u201d italiane: a decretarlo \u00e8 il dossier Ecosistema Urbano 2021, realizzato da Legambiente e Ambiente Italia e pubblicato oggi (qui la classifica dettagliata: <a href=\"https:\/\/lab24.ilsole24ore.com\/ecosistema-urbano\/indexT.php\">https:\/\/lab24.ilsole24ore.com\/ecosistema-urbano\/indexT.php<\/a> ).<br \/>\nPur perdendo due posizioni rispetto alla precedente edizione, Belluno si conferma la quarta citt\u00e0 green del Nord Est (alle spalle di Trento, prima citt\u00e0 per il secondo anno consecutivo, Pordenone e Bolzano) e prima in Veneto, subito davanti a Treviso.<\/p>\n<p>Tra i 18 parametri che maggiormente premiano il capoluogo, figurano i dati relativi alle vittime della strada (settimo miglior risultato nazionale con 3,5 morti e\/o feriti ogni 1000 abitanti), alla bassa produzione di rifiuti (anche qui settimo posto con poco pi\u00f9 di 408 chili per abitante) e all&#8217;alto tasso di raccolta differenziata (settimi con l&#8217;82,8%).<br \/>\nTra gli aspetti che penalizzano la citt\u00e0, invece, spiccano l&#8217;assenza dei dati sul numero di alberi in propriet\u00e0 pubblica e il basso risultato registrato nella dispersione della rete idrica (la differenze tra l&#8217;acqua immessa in rete e consumata per usi civili, industriali, agricoli, che a Belluno \u00e8 al 70%).<\/p>\n<p>\u00abAbbiamo deliberato quest&#8217;anno il censimento del verde, un&#8217;operazione abbastanza complicata e che ci penalizza ingiustamente a livello generale in queste classifiche; l&#8217;assenza di questo dato in tutti questi anni ha pesato in maniera significativa sul risultato finale di queste graduatorie, e immaginiamo che gi\u00e0 con la classifica del prossimo anno si potranno vedere dei cambiamenti. &#8211; sottolinea il Sindaco di Belluno Jacopo Massaro \u2013 Sul fronte della dispersione idrica, c&#8217;\u00e8 certamente un problema di rete sul quale stiamo lavorando con Bim GSP, ma ci sono due aspetti ulteriori che ci penalizzano: il fatto di avere molte fontane, che nei rendiconti vengono conteggiati come acqua dispersa, e di avere numerose opere di presa naturali. Siamo al lavoro con l&#8217;assemblea del Consiglio di Bacino proprio per intervenire sulle linee guida sulle questione fontane\u00bb.<\/p>\n<p>A livello generale, il sindaco si dice comunque soddisfatto: \u00abSiamo ormai da anni stabilmente ai primi posti di queste classifiche, e non \u00e8 da dimenticare che nel Nord Est siamo la prima citt\u00e0 di una regione a statuto ordinario e in Italia i quarti tra le realt\u00e0 non a statuto speciale. Un particolare non indifferente sia per quanto riguarda le risorse che per l&#8217;autonomia gestionale concessa a questi enti, come significativa si \u00e8 rivelata l&#8217;assenza per problemi amministrativi del dato sul verde pubblico\u00bb, conclude Massaro.<\/p>","protected":false},"excerpt":{"rendered":"<p>Belluno ancora nella top ten delle \u201ccitt\u00e0 verdi\u201d italiane: a decretarlo \u00e8 il dossier Ecosistema Urbano 2021, realizzato da Legambiente e Ambiente Italia e pubblicato oggi (qui la classifica dettagliata: https:\/\/lab24.ilsole24ore.com\/ecosistema-urbano\/indexT.php ). Pur perdendo due posizioni rispetto alla precedente edizione, Belluno si conferma la quarta citt\u00e0 green del Nord Est (alle spalle di Trento, prima [&hellip;]<\/p>\n","protected":false},"author":2,"featured_media":110555,"comment_status":"closed","ping_status":"open","sticky":false,"template":"","format":"standard","meta":{"footnotes":""},"categories":[5,26],"tags":[],"class_list":["post-129114","post","type-post","status-publish","format-standard","has-post-thumbnail","category-cronaca","category-prima-pagina"],"yoast_head":"<!-- This site is optimized with the Yoast SEO plugin v28.4 - https:\/\/yoast.com\/product\/yoast-seo-wordpress\/ -->\n<title>Ecosistema Urbano 2021. Belluno ancora nella top ten, prima in Veneto - Bellunopress - Dolomiti<\/title>\n<meta name=\"robots\" content=\"index, follow, max-snippet:-1, max-image-preview:large, max-video-preview:-1\" \/>\n<link rel=\"canonical\" href=\"https:\/\/www.bellunopress.it\/fr\/2021\/11\/08\/ecosistema-urbano-2021-belluno-ancora-nella-top-ten-prima-in-veneto\/\" \/>\n<meta property=\"og:locale\" content=\"fr_FR\" \/>\n<meta property=\"og:type\" content=\"article\" \/>\n<meta property=\"og:title\" content=\"Ecosistema Urbano 2021. Belluno ancora nella top ten, prima in Veneto - Bellunopress - Dolomiti\" \/>\n<meta property=\"og:description\" content=\"Belluno ancora nella top ten delle \u201ccitt\u00e0 verdi\u201d italiane: a decretarlo \u00e8 il dossier Ecosistema Urbano 2021, realizzato da Legambiente e Ambiente Italia e pubblicato oggi (qui la classifica dettagliata: https:\/\/lab24.ilsole24ore.com\/ecosistema-urbano\/indexT.php ). Pur perdendo due posizioni rispetto alla precedente edizione, Belluno si conferma la quarta citt\u00e0 green del Nord Est (alle spalle di Trento, prima [&hellip;]\" \/>\n<meta property=\"og:url\" content=\"https:\/\/www.bellunopress.it\/fr\/2021\/11\/08\/ecosistema-urbano-2021-belluno-ancora-nella-top-ten-prima-in-veneto\/\" \/>\n<meta property=\"og:site_name\" content=\"Bellunopress - Dolomiti\" \/>\n<meta property=\"article:publisher\" content=\"https:\/\/www.facebook.com\/profile.php?id=100008943462799\" \/>\n<meta property=\"article:published_time\" content=\"2021-11-08T16:53:44+00:00\" \/>\n<meta property=\"og:image\" content=\"https:\/\/www.bellunopress.it\/wp-content\/uploads\/2019\/12\/Massaro-sindaco.jpg\" \/>\n\t<meta property=\"og:image:width\" content=\"250\" \/>\n\t<meta property=\"og:image:height\" content=\"300\" \/>\n\t<meta property=\"og:image:type\" content=\"image\/jpeg\" \/>\n<meta name=\"author\" content=\"redazione\" \/>\n<meta name=\"twitter:card\" content=\"summary_large_image\" \/>\n<meta name=\"twitter:creator\" content=\"@bellunopress\" \/>\n<meta name=\"twitter:site\" content=\"@bellunopress\" \/>\n<meta name=\"twitter:label1\" content=\"\u00c9crit par\" \/>\n\t<meta name=\"twitter:data1\" content=\"redazione\" \/>\n\t<meta name=\"twitter:label2\" content=\"Dur\u00e9e de lecture estim\u00e9e\" \/>\n\t<meta name=\"twitter:data2\" content=\"2 minutes\" \/>\n<script type=\"application\/ld+json\" class=\"yoast-schema-graph\">{\"@context\":\"https:\\\/\\\/schema.org\",\"@graph\":[{\"@type\":\"Article\",\"@id\":\"https:\\\/\\\/www.bellunopress.it\\\/2021\\\/11\\\/08\\\/ecosistema-urbano-2021-belluno-ancora-nella-top-ten-prima-in-veneto\\\/#article\",\"isPartOf\":{\"@id\":\"https:\\\/\\\/www.bellunopress.it\\\/2021\\\/11\\\/08\\\/ecosistema-urbano-2021-belluno-ancora-nella-top-ten-prima-in-veneto\\\/\"},\"author\":{\"name\":\"redazione\",\"@id\":\"https:\\\/\\\/www.bellunopress.it\\\/#\\\/schema\\\/person\\\/79bb06722b37ece1c03d3e94beb30d73\"},\"headline\":\"Ecosistema Urbano 2021. Belluno ancora nella top ten, prima in Veneto\",\"datePublished\":\"2021-11-08T16:53:44+00:00\",\"mainEntityOfPage\":{\"@id\":\"https:\\\/\\\/www.bellunopress.it\\\/2021\\\/11\\\/08\\\/ecosistema-urbano-2021-belluno-ancora-nella-top-ten-prima-in-veneto\\\/\"},\"wordCount\":420,\"publisher\":{\"@id\":\"https:\\\/\\\/www.bellunopress.it\\\/#organization\"},\"image\":{\"@id\":\"https:\\\/\\\/www.bellunopress.it\\\/2021\\\/11\\\/08\\\/ecosistema-urbano-2021-belluno-ancora-nella-top-ten-prima-in-veneto\\\/#primaryimage\"},\"thumbnailUrl\":\"https:\\\/\\\/www.bellunopress.it\\\/wp-content\\\/uploads\\\/2019\\\/12\\\/Massaro-sindaco.jpg\",\"articleSection\":[\"Cronaca\\\/Politica\",\"Prima Pagina\"],\"inLanguage\":\"fr-FR\"},{\"@type\":\"WebPage\",\"@id\":\"https:\\\/\\\/www.bellunopress.it\\\/2021\\\/11\\\/08\\\/ecosistema-urbano-2021-belluno-ancora-nella-top-ten-prima-in-veneto\\\/\",\"url\":\"https:\\\/\\\/www.bellunopress.it\\\/2021\\\/11\\\/08\\\/ecosistema-urbano-2021-belluno-ancora-nella-top-ten-prima-in-veneto\\\/\",\"name\":\"Ecosistema Urbano 2021. Belluno ancora nella top ten, prima in Veneto - Bellunopress - Dolomiti\",\"isPartOf\":{\"@id\":\"https:\\\/\\\/www.bellunopress.it\\\/#website\"},\"primaryImageOfPage\":{\"@id\":\"https:\\\/\\\/www.bellunopress.it\\\/2021\\\/11\\\/08\\\/ecosistema-urbano-2021-belluno-ancora-nella-top-ten-prima-in-veneto\\\/#primaryimage\"},\"image\":{\"@id\":\"https:\\\/\\\/www.bellunopress.it\\\/2021\\\/11\\\/08\\\/ecosistema-urbano-2021-belluno-ancora-nella-top-ten-prima-in-veneto\\\/#primaryimage\"},\"thumbnailUrl\":\"https:\\\/\\\/www.bellunopress.it\\\/wp-content\\\/uploads\\\/2019\\\/12\\\/Massaro-sindaco.jpg\",\"datePublished\":\"2021-11-08T16:53:44+00:00\",\"breadcrumb\":{\"@id\":\"https:\\\/\\\/www.bellunopress.it\\\/2021\\\/11\\\/08\\\/ecosistema-urbano-2021-belluno-ancora-nella-top-ten-prima-in-veneto\\\/#breadcrumb\"},\"inLanguage\":\"fr-FR\",\"potentialAction\":[{\"@type\":\"ReadAction\",\"target\":[\"https:\\\/\\\/www.bellunopress.it\\\/2021\\\/11\\\/08\\\/ecosistema-urbano-2021-belluno-ancora-nella-top-ten-prima-in-veneto\\\/\"]}]},{\"@type\":\"ImageObject\",\"inLanguage\":\"fr-FR\",\"@id\":\"https:\\\/\\\/www.bellunopress.it\\\/2021\\\/11\\\/08\\\/ecosistema-urbano-2021-belluno-ancora-nella-top-ten-prima-in-veneto\\\/#primaryimage\",\"url\":\"https:\\\/\\\/www.bellunopress.it\\\/wp-content\\\/uploads\\\/2019\\\/12\\\/Massaro-sindaco.jpg\",\"contentUrl\":\"https:\\\/\\\/www.bellunopress.it\\\/wp-content\\\/uploads\\\/2019\\\/12\\\/Massaro-sindaco.jpg\",\"width\":250,\"height\":300,\"caption\":\"Jacopo Massaro - Sindaco di Belluno\"},{\"@type\":\"BreadcrumbList\",\"@id\":\"https:\\\/\\\/www.bellunopress.it\\\/2021\\\/11\\\/08\\\/ecosistema-urbano-2021-belluno-ancora-nella-top-ten-prima-in-veneto\\\/#breadcrumb\",\"itemListElement\":[{\"@type\":\"ListItem\",\"position\":1,\"name\":\"Home\",\"item\":\"https:\\\/\\\/www.bellunopress.it\\\/\"},{\"@type\":\"ListItem\",\"position\":2,\"name\":\"Ecosistema Urbano 2021. Belluno ancora nella top ten, prima in Veneto\"}]},{\"@type\":\"WebSite\",\"@id\":\"https:\\\/\\\/www.bellunopress.it\\\/#website\",\"url\":\"https:\\\/\\\/www.bellunopress.it\\\/\",\"name\":\"Bellunopress - Dolomiti\",\"description\":\"e-mail: redazione@bellunopress.it\",\"publisher\":{\"@id\":\"https:\\\/\\\/www.bellunopress.it\\\/#organization\"},\"potentialAction\":[{\"@type\":\"SearchAction\",\"target\":{\"@type\":\"EntryPoint\",\"urlTemplate\":\"https:\\\/\\\/www.bellunopress.it\\\/?s={search_term_string}\"},\"query-input\":{\"@type\":\"PropertyValueSpecification\",\"valueRequired\":true,\"valueName\":\"search_term_string\"}}],\"inLanguage\":\"fr-FR\"},{\"@type\":\"Organization\",\"@id\":\"https:\\\/\\\/www.bellunopress.it\\\/#organization\",\"name\":\"Bellunopress\",\"url\":\"https:\\\/\\\/www.bellunopress.it\\\/\",\"logo\":{\"@type\":\"ImageObject\",\"inLanguage\":\"fr-FR\",\"@id\":\"https:\\\/\\\/www.bellunopress.it\\\/#\\\/schema\\\/logo\\\/image\\\/\",\"url\":\"https:\\\/\\\/www.bellunopress.it\\\/wp-content\\\/uploads\\\/2011\\\/05\\\/cropped-logo-bellunopress-.jpg\",\"contentUrl\":\"https:\\\/\\\/www.bellunopress.it\\\/wp-content\\\/uploads\\\/2011\\\/05\\\/cropped-logo-bellunopress-.jpg\",\"width\":512,\"height\":512,\"caption\":\"Bellunopress\"},\"image\":{\"@id\":\"https:\\\/\\\/www.bellunopress.it\\\/#\\\/schema\\\/logo\\\/image\\\/\"},\"sameAs\":[\"https:\\\/\\\/www.facebook.com\\\/profile.php?id=100008943462799\",\"https:\\\/\\\/x.com\\\/bellunopress\",\"https:\\\/\\\/www.linkedin.com\\\/hp\\\/?dnr=JBzUWaJfMUw8vbXJJ2tVW5-I3jZKvC4wsoxE&amp;amp;amp;amp;amp;amp;trk=nav_responsive_tab_home\",\"https:\\\/\\\/www.youtube.com\\\/channel\\\/UCxL0wu1uN0_3_7hGG0306cw\"]},{\"@type\":\"Person\",\"@id\":\"https:\\\/\\\/www.bellunopress.it\\\/#\\\/schema\\\/person\\\/79bb06722b37ece1c03d3e94beb30d73\",\"name\":\"redazione\",\"image\":{\"@type\":\"ImageObject\",\"inLanguage\":\"fr-FR\",\"@id\":\"https:\\\/\\\/secure.gravatar.com\\\/avatar\\\/37d968a2e67a6fd04c169c4bdef102d0bc5d31b2546345219e348575eb80e9a0?s=96&d=mm&r=g\",\"url\":\"https:\\\/\\\/secure.gravatar.com\\\/avatar\\\/37d968a2e67a6fd04c169c4bdef102d0bc5d31b2546345219e348575eb80e9a0?s=96&d=mm&r=g\",\"contentUrl\":\"https:\\\/\\\/secure.gravatar.com\\\/avatar\\\/37d968a2e67a6fd04c169c4bdef102d0bc5d31b2546345219e348575eb80e9a0?s=96&d=mm&r=g\",\"caption\":\"redazione\"},\"sameAs\":[\"http:\\\/\\\/www.bellunopress.it\",\"https:\\\/\\\/x.com\\\/bellunopress\"],\"url\":\"https:\\\/\\\/www.bellunopress.it\\\/fr\\\/author\\\/redazione\\\/\"}]}<\/script>\n<!-- \/ Yoast SEO plugin. -->","yoast_head_json":{"title":"Ecosistema Urbano 2021. Belluno ancora nella top ten, prima in Veneto - Bellunopress - Dolomiti","robots":{"index":"index","follow":"follow","max-snippet":"max-snippet:-1","max-image-preview":"max-image-preview:large","max-video-preview":"max-video-preview:-1"},"canonical":"https:\/\/www.bellunopress.it\/fr\/2021\/11\/08\/ecosistema-urbano-2021-belluno-ancora-nella-top-ten-prima-in-veneto\/","og_locale":"fr_FR","og_type":"article","og_title":"Ecosistema Urbano 2021. Belluno ancora nella top ten, prima in Veneto - Bellunopress - Dolomiti","og_description":"Belluno ancora nella top ten delle \u201ccitt\u00e0 verdi\u201d italiane: a decretarlo \u00e8 il dossier Ecosistema Urbano 2021, realizzato da Legambiente e Ambiente Italia e pubblicato oggi (qui la classifica dettagliata: https:\/\/lab24.ilsole24ore.com\/ecosistema-urbano\/indexT.php ). Pur perdendo due posizioni rispetto alla precedente edizione, Belluno si conferma la quarta citt\u00e0 green del Nord Est (alle spalle di Trento, prima [&hellip;]","og_url":"https:\/\/www.bellunopress.it\/fr\/2021\/11\/08\/ecosistema-urbano-2021-belluno-ancora-nella-top-ten-prima-in-veneto\/","og_site_name":"Bellunopress - Dolomiti","article_publisher":"https:\/\/www.facebook.com\/profile.php?id=100008943462799","article_published_time":"2021-11-08T16:53:44+00:00","og_image":[{"width":250,"height":300,"url":"https:\/\/www.bellunopress.it\/wp-content\/uploads\/2019\/12\/Massaro-sindaco.jpg","type":"image\/jpeg"}],"author":"redazione","twitter_card":"summary_large_image","twitter_creator":"@bellunopress","twitter_site":"@bellunopress","twitter_misc":{"\u00c9crit par":"redazione","Dur\u00e9e de lecture estim\u00e9e":"2 minutes"},"schema":{"@context":"https:\/\/schema.org","@graph":[{"@type":"Article","@id":"https:\/\/www.bellunopress.it\/2021\/11\/08\/ecosistema-urbano-2021-belluno-ancora-nella-top-ten-prima-in-veneto\/#article","isPartOf":{"@id":"https:\/\/www.bellunopress.it\/2021\/11\/08\/ecosistema-urbano-2021-belluno-ancora-nella-top-ten-prima-in-veneto\/"},"author":{"name":"redazione","@id":"https:\/\/www.bellunopress.it\/#\/schema\/person\/79bb06722b37ece1c03d3e94beb30d73"},"headline":"Ecosistema Urbano 2021. Belluno ancora nella top ten, prima in Veneto","datePublished":"2021-11-08T16:53:44+00:00","mainEntityOfPage":{"@id":"https:\/\/www.bellunopress.it\/2021\/11\/08\/ecosistema-urbano-2021-belluno-ancora-nella-top-ten-prima-in-veneto\/"},"wordCount":420,"publisher":{"@id":"https:\/\/www.bellunopress.it\/#organization"},"image":{"@id":"https:\/\/www.bellunopress.it\/2021\/11\/08\/ecosistema-urbano-2021-belluno-ancora-nella-top-ten-prima-in-veneto\/#primaryimage"},"thumbnailUrl":"https:\/\/www.bellunopress.it\/wp-content\/uploads\/2019\/12\/Massaro-sindaco.jpg","articleSection":["Cronaca\/Politica","Prima Pagina"],"inLanguage":"fr-FR"},{"@type":"WebPage","@id":"https:\/\/www.bellunopress.it\/2021\/11\/08\/ecosistema-urbano-2021-belluno-ancora-nella-top-ten-prima-in-veneto\/","url":"https:\/\/www.bellunopress.it\/2021\/11\/08\/ecosistema-urbano-2021-belluno-ancora-nella-top-ten-prima-in-veneto\/","name":"Ecosistema Urbano 2021. Belluno ancora nella top ten, prima in Veneto - Bellunopress - Dolomiti","isPartOf":{"@id":"https:\/\/www.bellunopress.it\/#website"},"primaryImageOfPage":{"@id":"https:\/\/www.bellunopress.it\/2021\/11\/08\/ecosistema-urbano-2021-belluno-ancora-nella-top-ten-prima-in-veneto\/#primaryimage"},"image":{"@id":"https:\/\/www.bellunopress.it\/2021\/11\/08\/ecosistema-urbano-2021-belluno-ancora-nella-top-ten-prima-in-veneto\/#primaryimage"},"thumbnailUrl":"https:\/\/www.bellunopress.it\/wp-content\/uploads\/2019\/12\/Massaro-sindaco.jpg","datePublished":"2021-11-08T16:53:44+00:00","breadcrumb":{"@id":"https:\/\/www.bellunopress.it\/2021\/11\/08\/ecosistema-urbano-2021-belluno-ancora-nella-top-ten-prima-in-veneto\/#breadcrumb"},"inLanguage":"fr-FR","potentialAction":[{"@type":"ReadAction","target":["https:\/\/www.bellunopress.it\/2021\/11\/08\/ecosistema-urbano-2021-belluno-ancora-nella-top-ten-prima-in-veneto\/"]}]},{"@type":"ImageObject","inLanguage":"fr-FR","@id":"https:\/\/www.bellunopress.it\/2021\/11\/08\/ecosistema-urbano-2021-belluno-ancora-nella-top-ten-prima-in-veneto\/#primaryimage","url":"https:\/\/www.bellunopress.it\/wp-content\/uploads\/2019\/12\/Massaro-sindaco.jpg","contentUrl":"https:\/\/www.bellunopress.it\/wp-content\/uploads\/2019\/12\/Massaro-sindaco.jpg","width":250,"height":300,"caption":"Jacopo Massaro - Sindaco di Belluno"},{"@type":"BreadcrumbList","@id":"https:\/\/www.bellunopress.it\/2021\/11\/08\/ecosistema-urbano-2021-belluno-ancora-nella-top-ten-prima-in-veneto\/#breadcrumb","itemListElement":[{"@type":"ListItem","position":1,"name":"Home","item":"https:\/\/www.bellunopress.it\/"},{"@type":"ListItem","position":2,"name":"Ecosistema Urbano 2021. Belluno ancora nella top ten, prima in Veneto"}]},{"@type":"WebSite","@id":"https:\/\/www.bellunopress.it\/#website","url":"https:\/\/www.bellunopress.it\/","name":"Bellunopress - Dolomiti","description":"e-mail: redazione@bellunopress.it","publisher":{"@id":"https:\/\/www.bellunopress.it\/#organization"},"potentialAction":[{"@type":"SearchAction","target":{"@type":"EntryPoint","urlTemplate":"https:\/\/www.bellunopress.it\/?s={search_term_string}"},"query-input":{"@type":"PropertyValueSpecification","valueRequired":true,"valueName":"search_term_string"}}],"inLanguage":"fr-FR"},{"@type":"Organization","@id":"https:\/\/www.bellunopress.it\/#organization","name":"Bellunopress","url":"https:\/\/www.bellunopress.it\/","logo":{"@type":"ImageObject","inLanguage":"fr-FR","@id":"https:\/\/www.bellunopress.it\/#\/schema\/logo\/image\/","url":"https:\/\/www.bellunopress.it\/wp-content\/uploads\/2011\/05\/cropped-logo-bellunopress-.jpg","contentUrl":"https:\/\/www.bellunopress.it\/wp-content\/uploads\/2011\/05\/cropped-logo-bellunopress-.jpg","width":512,"height":512,"caption":"Bellunopress"},"image":{"@id":"https:\/\/www.bellunopress.it\/#\/schema\/logo\/image\/"},"sameAs":["https:\/\/www.facebook.com\/profile.php?id=100008943462799","https:\/\/x.com\/bellunopress","https:\/\/www.linkedin.com\/hp\/?dnr=JBzUWaJfMUw8vbXJJ2tVW5-I3jZKvC4wsoxE&amp;amp;amp;amp;amp;amp;trk=nav_responsive_tab_home","https:\/\/www.youtube.com\/channel\/UCxL0wu1uN0_3_7hGG0306cw"]},{"@type":"Person","@id":"https:\/\/www.bellunopress.it\/#\/schema\/person\/79bb06722b37ece1c03d3e94beb30d73","name":"r\u00e9daction","image":{"@type":"ImageObject","inLanguage":"fr-FR","@id":"https:\/\/secure.gravatar.com\/avatar\/37d968a2e67a6fd04c169c4bdef102d0bc5d31b2546345219e348575eb80e9a0?s=96&d=mm&r=g","url":"https:\/\/secure.gravatar.com\/avatar\/37d968a2e67a6fd04c169c4bdef102d0bc5d31b2546345219e348575eb80e9a0?s=96&d=mm&r=g","contentUrl":"https:\/\/secure.gravatar.com\/avatar\/37d968a2e67a6fd04c169c4bdef102d0bc5d31b2546345219e348575eb80e9a0?s=96&d=mm&r=g","caption":"redazione"},"sameAs":["http:\/\/www.bellunopress.it","https:\/\/x.com\/bellunopress"],"url":"https:\/\/www.bellunopress.it\/fr\/author\/redazione\/"}]}},"_links":{"self":[{"href":"https:\/\/www.bellunopress.it\/fr\/wp-json\/wp\/v2\/posts\/129114","targetHints":{"allow":["GET"]}}],"collection":[{"href":"https:\/\/www.bellunopress.it\/fr\/wp-json\/wp\/v2\/posts"}],"about":[{"href":"https:\/\/www.bellunopress.it\/fr\/wp-json\/wp\/v2\/types\/post"}],"author":[{"embeddable":true,"href":"https:\/\/www.bellunopress.it\/fr\/wp-json\/wp\/v2\/users\/2"}],"replies":[{"embeddable":true,"href":"https:\/\/www.bellunopress.it\/fr\/wp-json\/wp\/v2\/comments?post=129114"}],"version-history":[{"count":1,"href":"https:\/\/www.bellunopress.it\/fr\/wp-json\/wp\/v2\/posts\/129114\/revisions"}],"predecessor-version":[{"id":129115,"href":"https:\/\/www.bellunopress.it\/fr\/wp-json\/wp\/v2\/posts\/129114\/revisions\/129115"}],"wp:featuredmedia":[{"embeddable":true,"href":"https:\/\/www.bellunopress.it\/fr\/wp-json\/wp\/v2\/media\/110555"}],"wp:attachment":[{"href":"https:\/\/www.bellunopress.it\/fr\/wp-json\/wp\/v2\/media?parent=129114"}],"wp:term":[{"taxonomy":"category","embeddable":true,"href":"https:\/\/www.bellunopress.it\/fr\/wp-json\/wp\/v2\/categories?post=129114"},{"taxonomy":"post_tag","embeddable":true,"href":"https:\/\/www.bellunopress.it\/fr\/wp-json\/wp\/v2\/tags?post=129114"}],"curies":[{"name":"wp","href":"https:\/\/api.w.org\/{rel}","templated":true}]}}