{"id":129112,"date":"2021-11-08T15:19:53","date_gmt":"2021-11-08T14:19:53","guid":{"rendered":"https:\/\/www.bellunopress.it\/?p=129112"},"modified":"2021-11-08T15:19:53","modified_gmt":"2021-11-08T14:19:53","slug":"giovedi-11-novembre-la-cerimonia-alle-1130-al-comunale-per-la-consegna-del-premio-san-martino-2020-e-2021","status":"publish","type":"post","link":"https:\/\/www.bellunopress.it\/fr\/2021\/11\/08\/giovedi-11-novembre-la-cerimonia-alle-1130-al-comunale-per-la-consegna-del-premio-san-martino-2020-e-2021\/","title":{"rendered":"Gioved\u00ec 11 novembre la cerimonia alle 11:30 al Comunale per la consegna del Premio San Martino 2020 e 2021"},"content":{"rendered":"<figure id=\"attachment_124507\" aria-describedby=\"caption-attachment-124507\" style=\"width: 500px\" class=\"wp-caption alignleft\"><img loading=\"lazy\" decoding=\"async\" class=\"size-medium wp-image-124507\" src=\"https:\/\/www.bellunopress.it\/wp-content\/uploads\/2021\/05\/teatro-comunale_edited-500x372.jpg\" alt=\"\" width=\"500\" height=\"372\" srcset=\"https:\/\/www.bellunopress.it\/wp-content\/uploads\/2021\/05\/teatro-comunale_edited-500x372.jpg 500w, https:\/\/www.bellunopress.it\/wp-content\/uploads\/2021\/05\/teatro-comunale_edited-485x360.jpg 485w, https:\/\/www.bellunopress.it\/wp-content\/uploads\/2021\/05\/teatro-comunale_edited-696x517.jpg 696w, https:\/\/www.bellunopress.it\/wp-content\/uploads\/2021\/05\/teatro-comunale_edited-565x420.jpg 565w, https:\/\/www.bellunopress.it\/wp-content\/uploads\/2021\/05\/teatro-comunale_edited-80x60.jpg 80w, https:\/\/www.bellunopress.it\/wp-content\/uploads\/2021\/05\/teatro-comunale_edited-265x198.jpg 265w, https:\/\/www.bellunopress.it\/wp-content\/uploads\/2021\/05\/teatro-comunale_edited.jpg 1000w\" sizes=\"auto, (max-width: 500px) 100vw, 500px\" \/><figcaption id=\"caption-attachment-124507\" class=\"wp-caption-text\">Teatro Comunale di Belluno<\/figcaption><\/figure>\n<p>Gioved\u00ec 11 novembre, Belluno festegger\u00e0 la ricorrenza del suo Santo Patrono, San Martino.<br \/>\nIl programma prevede, alle 9.40, nella Basilica Cattedrale, la Celebrazione delle Lodi; alle 10.00, sempre in Basilica, ci sar\u00e0 la solenne Celebrazione presieduta dal Vescovo, mons. Renato Marangoni.<\/p>\n<figure id=\"attachment_19431\" aria-describedby=\"caption-attachment-19431\" style=\"width: 130px\" class=\"wp-caption alignleft\"><img loading=\"lazy\" decoding=\"async\" class=\"size-full wp-image-19431\" src=\"https:\/\/www.bellunopress.it\/wp-content\/uploads\/2010\/09\/giorgio-zampieri-130x130.jpg\" alt=\"\" width=\"130\" height=\"130\" \/><figcaption id=\"caption-attachment-19431\" class=\"wp-caption-text\">Giorgio Zampieri, Premio San Martino 2020<\/figcaption><\/figure>\n<p>Alle 11.30, al Teatro Comunale, avverr\u00e0 l&#8217;attribuzione del Premio San Martino: quest&#8217;anno, la cerimonia sar\u00e0 duplice, perch\u00e9 verranno consegnati il Premio 2020, a Giorgio Zampieri, per il quale a causa del Covid-19 non \u00e8 stata possibile, l&#8217;anno scorso, la celebrazione pubblica, e il Premio 2021, assegnato a Aldo Villabruna.<\/p>\n<figure id=\"attachment_128743\" aria-describedby=\"caption-attachment-128743\" style=\"width: 348px\" class=\"wp-caption alignleft\"><img loading=\"lazy\" decoding=\"async\" class=\"size-full wp-image-128743\" src=\"https:\/\/www.bellunopress.it\/wp-content\/uploads\/2021\/10\/Aldo-Villabruna-Premio-S-Martino-2021.jpg\" alt=\"\" width=\"348\" height=\"355\" \/><figcaption id=\"caption-attachment-128743\" class=\"wp-caption-text\">Aldo Villabruna, Premio San Martino 2021<\/figcaption><\/figure>\n<p>La partecipazione alla cerimonia sar\u00e0 possibile alle persone in possesso di green pass e preferibilmente previa prenotazione, scrivendo all&#8217;indirizzo segreteriagenerale@comune.belluno.it o chiamando i numeri 0437 913227 e<br \/>\n913140. Quest&#8217;anno, inoltre, l&#8217;organizzazione si \u00e8 mossa seguendo le indicazioni previste per i &#8220;Green event&#8221;, per la stampa dei manifesti, degli inviti e per la comunicazione e gestione dell&#8217;iniziativa.<\/p>\n<p>L&#8217;Amministrazione comunale per il 2021 ha attribuito il Premio a Aldo Villabruna, riconoscendo in lui quelle caratteristiche che il Premio stesso vuole sottolineare come meritevoli di ammirazione da parte della comunit\u00e0.<br \/>\nA lui si devono importantissimi risultati nel settore della ricerca archeologica, svolta per anni nel territorio bellunese, con occhio attento e qualificato, ma anche interventi ambiziosi, costruiti e seguiti con lungimiranza, caparbiet\u00e0 e costanza in ambito sociale, per migliorare in modo molto concreto l&#8217;esistenza di tante persone, soprattutto in contesti di estrema povert\u00e0.<br \/>\nAldo Villabruna occupa un posto nella vita sociale che lo vede serio e instancabile nell&#8217;approcciarsi ai diversi aspetti dell&#8217;esistenza, come dimostrano numerosi riconoscimenti assegnatigli e, tra le altre cose, la sua attivit\u00e0 con l&#8217;associazione Amici del Museo, di cui fu tra i membri fondatori, con il Circolo Ospedaliero San Martino, con il Rotary Club di Belluno, l&#8217;associazione Insieme si pu\u00f2 e il Comitato d&#8217;Intesa.<br \/>\nNella giornata di gioved\u00ec 11 novembre, gli uffici comunali saranno chiusi al<br \/>\npubblico.<br \/>\nIl Premio San Martino, istituito nel 1972, si propone di additare ogni anno alla pubblica stima chi si sia segnalato con opere concrete nel campo delle scienze, delle lettere, delle arti, delle attivit\u00e0 produttive, del lavoro, della scuola, dello sport e altri, ovvero con iniziative di carattere politico, sociale, assistenziale e filantropico. Il riconoscimento pu\u00f2 essere attribuito a persone (ancora in vita) o gruppi o sodalizi che operino nella Citt\u00e0 di Belluno o che siano nativi di Belluno.<\/p>","protected":false},"excerpt":{"rendered":"<p>Gioved\u00ec 11 novembre, Belluno festegger\u00e0 la ricorrenza del suo Santo Patrono, San Martino. Il programma prevede, alle 9.40, nella Basilica Cattedrale, la Celebrazione delle Lodi; alle 10.00, sempre in Basilica, ci sar\u00e0 la solenne Celebrazione presieduta dal Vescovo, mons. Renato Marangoni. Alle 11.30, al Teatro Comunale, avverr\u00e0 l&#8217;attribuzione del Premio San Martino: quest&#8217;anno, la cerimonia [&hellip;]<\/p>\n","protected":false},"author":2,"featured_media":124507,"comment_status":"closed","ping_status":"open","sticky":false,"template":"","format":"standard","meta":{"footnotes":""},"categories":[49,25,8],"tags":[],"class_list":["post-129112","post","type-post","status-publish","format-standard","has-post-thumbnail","category-speciali","category-pausa-caffe","category-societa-istituzioni"],"yoast_head":"<!-- This site is optimized with the Yoast SEO plugin v28.4 - https:\/\/yoast.com\/product\/yoast-seo-wordpress\/ -->\n<title>Gioved\u00ec 11 novembre la cerimonia alle 11:30 al Comunale per la consegna del Premio San Martino 2020 e 2021 - Bellunopress - Dolomiti<\/title>\n<meta name=\"robots\" content=\"index, follow, max-snippet:-1, max-image-preview:large, max-video-preview:-1\" \/>\n<link rel=\"canonical\" href=\"https:\/\/www.bellunopress.it\/fr\/2021\/11\/08\/giovedi-11-novembre-la-cerimonia-alle-1130-al-comunale-per-la-consegna-del-premio-san-martino-2020-e-2021\/\" \/>\n<meta property=\"og:locale\" content=\"fr_FR\" \/>\n<meta property=\"og:type\" content=\"article\" \/>\n<meta property=\"og:title\" content=\"Gioved\u00ec 11 novembre la cerimonia alle 11:30 al Comunale per la consegna del Premio San Martino 2020 e 2021 - Bellunopress - Dolomiti\" \/>\n<meta property=\"og:description\" content=\"Gioved\u00ec 11 novembre, Belluno festegger\u00e0 la ricorrenza del suo Santo Patrono, San Martino. Il programma prevede, alle 9.40, nella Basilica Cattedrale, la Celebrazione delle Lodi; alle 10.00, sempre in Basilica, ci sar\u00e0 la solenne Celebrazione presieduta dal Vescovo, mons. Renato Marangoni. Alle 11.30, al Teatro Comunale, avverr\u00e0 l&#8217;attribuzione del Premio San Martino: quest&#8217;anno, la cerimonia [&hellip;]\" \/>\n<meta property=\"og:url\" content=\"https:\/\/www.bellunopress.it\/fr\/2021\/11\/08\/giovedi-11-novembre-la-cerimonia-alle-1130-al-comunale-per-la-consegna-del-premio-san-martino-2020-e-2021\/\" \/>\n<meta property=\"og:site_name\" content=\"Bellunopress - Dolomiti\" \/>\n<meta property=\"article:publisher\" content=\"https:\/\/www.facebook.com\/profile.php?id=100008943462799\" \/>\n<meta property=\"article:published_time\" content=\"2021-11-08T14:19:53+00:00\" \/>\n<meta property=\"og:image\" content=\"https:\/\/www.bellunopress.it\/wp-content\/uploads\/2021\/05\/teatro-comunale_edited.jpg\" \/>\n\t<meta property=\"og:image:width\" content=\"1000\" \/>\n\t<meta property=\"og:image:height\" content=\"743\" \/>\n\t<meta property=\"og:image:type\" content=\"image\/jpeg\" \/>\n<meta name=\"author\" content=\"redazione\" \/>\n<meta name=\"twitter:card\" content=\"summary_large_image\" \/>\n<meta name=\"twitter:creator\" content=\"@bellunopress\" \/>\n<meta name=\"twitter:site\" content=\"@bellunopress\" \/>\n<meta name=\"twitter:label1\" content=\"\u00c9crit par\" \/>\n\t<meta name=\"twitter:data1\" content=\"redazione\" \/>\n\t<meta name=\"twitter:label2\" content=\"Dur\u00e9e de lecture estim\u00e9e\" \/>\n\t<meta name=\"twitter:data2\" content=\"3 minutes\" \/>\n<script type=\"application\/ld+json\" class=\"yoast-schema-graph\">{\"@context\":\"https:\\\/\\\/schema.org\",\"@graph\":[{\"@type\":\"Article\",\"@id\":\"https:\\\/\\\/www.bellunopress.it\\\/2021\\\/11\\\/08\\\/giovedi-11-novembre-la-cerimonia-alle-1130-al-comunale-per-la-consegna-del-premio-san-martino-2020-e-2021\\\/#article\",\"isPartOf\":{\"@id\":\"https:\\\/\\\/www.bellunopress.it\\\/2021\\\/11\\\/08\\\/giovedi-11-novembre-la-cerimonia-alle-1130-al-comunale-per-la-consegna-del-premio-san-martino-2020-e-2021\\\/\"},\"author\":{\"name\":\"redazione\",\"@id\":\"https:\\\/\\\/www.bellunopress.it\\\/#\\\/schema\\\/person\\\/79bb06722b37ece1c03d3e94beb30d73\"},\"headline\":\"Gioved\u00ec 11 novembre la cerimonia alle 11:30 al Comunale per la consegna del Premio San Martino 2020 e 2021\",\"datePublished\":\"2021-11-08T14:19:53+00:00\",\"mainEntityOfPage\":{\"@id\":\"https:\\\/\\\/www.bellunopress.it\\\/2021\\\/11\\\/08\\\/giovedi-11-novembre-la-cerimonia-alle-1130-al-comunale-per-la-consegna-del-premio-san-martino-2020-e-2021\\\/\"},\"wordCount\":438,\"publisher\":{\"@id\":\"https:\\\/\\\/www.bellunopress.it\\\/#organization\"},\"image\":{\"@id\":\"https:\\\/\\\/www.bellunopress.it\\\/2021\\\/11\\\/08\\\/giovedi-11-novembre-la-cerimonia-alle-1130-al-comunale-per-la-consegna-del-premio-san-martino-2020-e-2021\\\/#primaryimage\"},\"thumbnailUrl\":\"https:\\\/\\\/www.bellunopress.it\\\/wp-content\\\/uploads\\\/2021\\\/05\\\/teatro-comunale_edited.jpg\",\"articleSection\":[\"Gli speciali di Bellunopress\",\"Pausa Caff\u00e8\",\"Societ\u00e0, Associazioni, Istituzioni\"],\"inLanguage\":\"fr-FR\"},{\"@type\":\"WebPage\",\"@id\":\"https:\\\/\\\/www.bellunopress.it\\\/2021\\\/11\\\/08\\\/giovedi-11-novembre-la-cerimonia-alle-1130-al-comunale-per-la-consegna-del-premio-san-martino-2020-e-2021\\\/\",\"url\":\"https:\\\/\\\/www.bellunopress.it\\\/2021\\\/11\\\/08\\\/giovedi-11-novembre-la-cerimonia-alle-1130-al-comunale-per-la-consegna-del-premio-san-martino-2020-e-2021\\\/\",\"name\":\"Gioved\u00ec 11 novembre la cerimonia alle 11:30 al Comunale per la consegna del Premio San Martino 2020 e 2021 - Bellunopress - Dolomiti\",\"isPartOf\":{\"@id\":\"https:\\\/\\\/www.bellunopress.it\\\/#website\"},\"primaryImageOfPage\":{\"@id\":\"https:\\\/\\\/www.bellunopress.it\\\/2021\\\/11\\\/08\\\/giovedi-11-novembre-la-cerimonia-alle-1130-al-comunale-per-la-consegna-del-premio-san-martino-2020-e-2021\\\/#primaryimage\"},\"image\":{\"@id\":\"https:\\\/\\\/www.bellunopress.it\\\/2021\\\/11\\\/08\\\/giovedi-11-novembre-la-cerimonia-alle-1130-al-comunale-per-la-consegna-del-premio-san-martino-2020-e-2021\\\/#primaryimage\"},\"thumbnailUrl\":\"https:\\\/\\\/www.bellunopress.it\\\/wp-content\\\/uploads\\\/2021\\\/05\\\/teatro-comunale_edited.jpg\",\"datePublished\":\"2021-11-08T14:19:53+00:00\",\"breadcrumb\":{\"@id\":\"https:\\\/\\\/www.bellunopress.it\\\/2021\\\/11\\\/08\\\/giovedi-11-novembre-la-cerimonia-alle-1130-al-comunale-per-la-consegna-del-premio-san-martino-2020-e-2021\\\/#breadcrumb\"},\"inLanguage\":\"fr-FR\",\"potentialAction\":[{\"@type\":\"ReadAction\",\"target\":[\"https:\\\/\\\/www.bellunopress.it\\\/2021\\\/11\\\/08\\\/giovedi-11-novembre-la-cerimonia-alle-1130-al-comunale-per-la-consegna-del-premio-san-martino-2020-e-2021\\\/\"]}]},{\"@type\":\"ImageObject\",\"inLanguage\":\"fr-FR\",\"@id\":\"https:\\\/\\\/www.bellunopress.it\\\/2021\\\/11\\\/08\\\/giovedi-11-novembre-la-cerimonia-alle-1130-al-comunale-per-la-consegna-del-premio-san-martino-2020-e-2021\\\/#primaryimage\",\"url\":\"https:\\\/\\\/www.bellunopress.it\\\/wp-content\\\/uploads\\\/2021\\\/05\\\/teatro-comunale_edited.jpg\",\"contentUrl\":\"https:\\\/\\\/www.bellunopress.it\\\/wp-content\\\/uploads\\\/2021\\\/05\\\/teatro-comunale_edited.jpg\",\"width\":1000,\"height\":743,\"caption\":\"Teatro Comunale di Belluno\"},{\"@type\":\"BreadcrumbList\",\"@id\":\"https:\\\/\\\/www.bellunopress.it\\\/2021\\\/11\\\/08\\\/giovedi-11-novembre-la-cerimonia-alle-1130-al-comunale-per-la-consegna-del-premio-san-martino-2020-e-2021\\\/#breadcrumb\",\"itemListElement\":[{\"@type\":\"ListItem\",\"position\":1,\"name\":\"Home\",\"item\":\"https:\\\/\\\/www.bellunopress.it\\\/\"},{\"@type\":\"ListItem\",\"position\":2,\"name\":\"Gioved\u00ec 11 novembre la cerimonia alle 11:30 al Comunale per la consegna del Premio San Martino 2020 e 2021\"}]},{\"@type\":\"WebSite\",\"@id\":\"https:\\\/\\\/www.bellunopress.it\\\/#website\",\"url\":\"https:\\\/\\\/www.bellunopress.it\\\/\",\"name\":\"Bellunopress - Dolomiti\",\"description\":\"e-mail: redazione@bellunopress.it\",\"publisher\":{\"@id\":\"https:\\\/\\\/www.bellunopress.it\\\/#organization\"},\"potentialAction\":[{\"@type\":\"SearchAction\",\"target\":{\"@type\":\"EntryPoint\",\"urlTemplate\":\"https:\\\/\\\/www.bellunopress.it\\\/?s={search_term_string}\"},\"query-input\":{\"@type\":\"PropertyValueSpecification\",\"valueRequired\":true,\"valueName\":\"search_term_string\"}}],\"inLanguage\":\"fr-FR\"},{\"@type\":\"Organization\",\"@id\":\"https:\\\/\\\/www.bellunopress.it\\\/#organization\",\"name\":\"Bellunopress\",\"url\":\"https:\\\/\\\/www.bellunopress.it\\\/\",\"logo\":{\"@type\":\"ImageObject\",\"inLanguage\":\"fr-FR\",\"@id\":\"https:\\\/\\\/www.bellunopress.it\\\/#\\\/schema\\\/logo\\\/image\\\/\",\"url\":\"https:\\\/\\\/www.bellunopress.it\\\/wp-content\\\/uploads\\\/2011\\\/05\\\/cropped-logo-bellunopress-.jpg\",\"contentUrl\":\"https:\\\/\\\/www.bellunopress.it\\\/wp-content\\\/uploads\\\/2011\\\/05\\\/cropped-logo-bellunopress-.jpg\",\"width\":512,\"height\":512,\"caption\":\"Bellunopress\"},\"image\":{\"@id\":\"https:\\\/\\\/www.bellunopress.it\\\/#\\\/schema\\\/logo\\\/image\\\/\"},\"sameAs\":[\"https:\\\/\\\/www.facebook.com\\\/profile.php?id=100008943462799\",\"https:\\\/\\\/x.com\\\/bellunopress\",\"https:\\\/\\\/www.linkedin.com\\\/hp\\\/?dnr=JBzUWaJfMUw8vbXJJ2tVW5-I3jZKvC4wsoxE&amp;amp;amp;amp;amp;amp;trk=nav_responsive_tab_home\",\"https:\\\/\\\/www.youtube.com\\\/channel\\\/UCxL0wu1uN0_3_7hGG0306cw\"]},{\"@type\":\"Person\",\"@id\":\"https:\\\/\\\/www.bellunopress.it\\\/#\\\/schema\\\/person\\\/79bb06722b37ece1c03d3e94beb30d73\",\"name\":\"redazione\",\"image\":{\"@type\":\"ImageObject\",\"inLanguage\":\"fr-FR\",\"@id\":\"https:\\\/\\\/secure.gravatar.com\\\/avatar\\\/37d968a2e67a6fd04c169c4bdef102d0bc5d31b2546345219e348575eb80e9a0?s=96&d=mm&r=g\",\"url\":\"https:\\\/\\\/secure.gravatar.com\\\/avatar\\\/37d968a2e67a6fd04c169c4bdef102d0bc5d31b2546345219e348575eb80e9a0?s=96&d=mm&r=g\",\"contentUrl\":\"https:\\\/\\\/secure.gravatar.com\\\/avatar\\\/37d968a2e67a6fd04c169c4bdef102d0bc5d31b2546345219e348575eb80e9a0?s=96&d=mm&r=g\",\"caption\":\"redazione\"},\"sameAs\":[\"http:\\\/\\\/www.bellunopress.it\",\"https:\\\/\\\/x.com\\\/bellunopress\"],\"url\":\"https:\\\/\\\/www.bellunopress.it\\\/fr\\\/author\\\/redazione\\\/\"}]}<\/script>\n<!-- \/ Yoast SEO plugin. -->","yoast_head_json":{"title":"Gioved\u00ec 11 novembre la cerimonia alle 11:30 al Comunale per la consegna del Premio San Martino 2020 e 2021 - Bellunopress - Dolomiti","robots":{"index":"index","follow":"follow","max-snippet":"max-snippet:-1","max-image-preview":"max-image-preview:large","max-video-preview":"max-video-preview:-1"},"canonical":"https:\/\/www.bellunopress.it\/fr\/2021\/11\/08\/giovedi-11-novembre-la-cerimonia-alle-1130-al-comunale-per-la-consegna-del-premio-san-martino-2020-e-2021\/","og_locale":"fr_FR","og_type":"article","og_title":"Gioved\u00ec 11 novembre la cerimonia alle 11:30 al Comunale per la consegna del Premio San Martino 2020 e 2021 - Bellunopress - Dolomiti","og_description":"Gioved\u00ec 11 novembre, Belluno festegger\u00e0 la ricorrenza del suo Santo Patrono, San Martino. Il programma prevede, alle 9.40, nella Basilica Cattedrale, la Celebrazione delle Lodi; alle 10.00, sempre in Basilica, ci sar\u00e0 la solenne Celebrazione presieduta dal Vescovo, mons. Renato Marangoni. Alle 11.30, al Teatro Comunale, avverr\u00e0 l&#8217;attribuzione del Premio San Martino: quest&#8217;anno, la cerimonia [&hellip;]","og_url":"https:\/\/www.bellunopress.it\/fr\/2021\/11\/08\/giovedi-11-novembre-la-cerimonia-alle-1130-al-comunale-per-la-consegna-del-premio-san-martino-2020-e-2021\/","og_site_name":"Bellunopress - Dolomiti","article_publisher":"https:\/\/www.facebook.com\/profile.php?id=100008943462799","article_published_time":"2021-11-08T14:19:53+00:00","og_image":[{"width":1000,"height":743,"url":"https:\/\/www.bellunopress.it\/wp-content\/uploads\/2021\/05\/teatro-comunale_edited.jpg","type":"image\/jpeg"}],"author":"redazione","twitter_card":"summary_large_image","twitter_creator":"@bellunopress","twitter_site":"@bellunopress","twitter_misc":{"\u00c9crit par":"redazione","Dur\u00e9e de lecture estim\u00e9e":"3 minutes"},"schema":{"@context":"https:\/\/schema.org","@graph":[{"@type":"Article","@id":"https:\/\/www.bellunopress.it\/2021\/11\/08\/giovedi-11-novembre-la-cerimonia-alle-1130-al-comunale-per-la-consegna-del-premio-san-martino-2020-e-2021\/#article","isPartOf":{"@id":"https:\/\/www.bellunopress.it\/2021\/11\/08\/giovedi-11-novembre-la-cerimonia-alle-1130-al-comunale-per-la-consegna-del-premio-san-martino-2020-e-2021\/"},"author":{"name":"redazione","@id":"https:\/\/www.bellunopress.it\/#\/schema\/person\/79bb06722b37ece1c03d3e94beb30d73"},"headline":"Gioved\u00ec 11 novembre la cerimonia alle 11:30 al Comunale per la consegna del Premio San Martino 2020 e 2021","datePublished":"2021-11-08T14:19:53+00:00","mainEntityOfPage":{"@id":"https:\/\/www.bellunopress.it\/2021\/11\/08\/giovedi-11-novembre-la-cerimonia-alle-1130-al-comunale-per-la-consegna-del-premio-san-martino-2020-e-2021\/"},"wordCount":438,"publisher":{"@id":"https:\/\/www.bellunopress.it\/#organization"},"image":{"@id":"https:\/\/www.bellunopress.it\/2021\/11\/08\/giovedi-11-novembre-la-cerimonia-alle-1130-al-comunale-per-la-consegna-del-premio-san-martino-2020-e-2021\/#primaryimage"},"thumbnailUrl":"https:\/\/www.bellunopress.it\/wp-content\/uploads\/2021\/05\/teatro-comunale_edited.jpg","articleSection":["Gli speciali di Bellunopress","Pausa Caff\u00e8","Societ\u00e0, Associazioni, Istituzioni"],"inLanguage":"fr-FR"},{"@type":"WebPage","@id":"https:\/\/www.bellunopress.it\/2021\/11\/08\/giovedi-11-novembre-la-cerimonia-alle-1130-al-comunale-per-la-consegna-del-premio-san-martino-2020-e-2021\/","url":"https:\/\/www.bellunopress.it\/2021\/11\/08\/giovedi-11-novembre-la-cerimonia-alle-1130-al-comunale-per-la-consegna-del-premio-san-martino-2020-e-2021\/","name":"Gioved\u00ec 11 novembre la cerimonia alle 11:30 al Comunale per la consegna del Premio San Martino 2020 e 2021 - Bellunopress - Dolomiti","isPartOf":{"@id":"https:\/\/www.bellunopress.it\/#website"},"primaryImageOfPage":{"@id":"https:\/\/www.bellunopress.it\/2021\/11\/08\/giovedi-11-novembre-la-cerimonia-alle-1130-al-comunale-per-la-consegna-del-premio-san-martino-2020-e-2021\/#primaryimage"},"image":{"@id":"https:\/\/www.bellunopress.it\/2021\/11\/08\/giovedi-11-novembre-la-cerimonia-alle-1130-al-comunale-per-la-consegna-del-premio-san-martino-2020-e-2021\/#primaryimage"},"thumbnailUrl":"https:\/\/www.bellunopress.it\/wp-content\/uploads\/2021\/05\/teatro-comunale_edited.jpg","datePublished":"2021-11-08T14:19:53+00:00","breadcrumb":{"@id":"https:\/\/www.bellunopress.it\/2021\/11\/08\/giovedi-11-novembre-la-cerimonia-alle-1130-al-comunale-per-la-consegna-del-premio-san-martino-2020-e-2021\/#breadcrumb"},"inLanguage":"fr-FR","potentialAction":[{"@type":"ReadAction","target":["https:\/\/www.bellunopress.it\/2021\/11\/08\/giovedi-11-novembre-la-cerimonia-alle-1130-al-comunale-per-la-consegna-del-premio-san-martino-2020-e-2021\/"]}]},{"@type":"ImageObject","inLanguage":"fr-FR","@id":"https:\/\/www.bellunopress.it\/2021\/11\/08\/giovedi-11-novembre-la-cerimonia-alle-1130-al-comunale-per-la-consegna-del-premio-san-martino-2020-e-2021\/#primaryimage","url":"https:\/\/www.bellunopress.it\/wp-content\/uploads\/2021\/05\/teatro-comunale_edited.jpg","contentUrl":"https:\/\/www.bellunopress.it\/wp-content\/uploads\/2021\/05\/teatro-comunale_edited.jpg","width":1000,"height":743,"caption":"Teatro Comunale di Belluno"},{"@type":"BreadcrumbList","@id":"https:\/\/www.bellunopress.it\/2021\/11\/08\/giovedi-11-novembre-la-cerimonia-alle-1130-al-comunale-per-la-consegna-del-premio-san-martino-2020-e-2021\/#breadcrumb","itemListElement":[{"@type":"ListItem","position":1,"name":"Home","item":"https:\/\/www.bellunopress.it\/"},{"@type":"ListItem","position":2,"name":"Gioved\u00ec 11 novembre la cerimonia alle 11:30 al Comunale per la consegna del Premio San Martino 2020 e 2021"}]},{"@type":"WebSite","@id":"https:\/\/www.bellunopress.it\/#website","url":"https:\/\/www.bellunopress.it\/","name":"Bellunopress - Dolomiti","description":"e-mail: redazione@bellunopress.it","publisher":{"@id":"https:\/\/www.bellunopress.it\/#organization"},"potentialAction":[{"@type":"SearchAction","target":{"@type":"EntryPoint","urlTemplate":"https:\/\/www.bellunopress.it\/?s={search_term_string}"},"query-input":{"@type":"PropertyValueSpecification","valueRequired":true,"valueName":"search_term_string"}}],"inLanguage":"fr-FR"},{"@type":"Organization","@id":"https:\/\/www.bellunopress.it\/#organization","name":"Bellunopress","url":"https:\/\/www.bellunopress.it\/","logo":{"@type":"ImageObject","inLanguage":"fr-FR","@id":"https:\/\/www.bellunopress.it\/#\/schema\/logo\/image\/","url":"https:\/\/www.bellunopress.it\/wp-content\/uploads\/2011\/05\/cropped-logo-bellunopress-.jpg","contentUrl":"https:\/\/www.bellunopress.it\/wp-content\/uploads\/2011\/05\/cropped-logo-bellunopress-.jpg","width":512,"height":512,"caption":"Bellunopress"},"image":{"@id":"https:\/\/www.bellunopress.it\/#\/schema\/logo\/image\/"},"sameAs":["https:\/\/www.facebook.com\/profile.php?id=100008943462799","https:\/\/x.com\/bellunopress","https:\/\/www.linkedin.com\/hp\/?dnr=JBzUWaJfMUw8vbXJJ2tVW5-I3jZKvC4wsoxE&amp;amp;amp;amp;amp;amp;trk=nav_responsive_tab_home","https:\/\/www.youtube.com\/channel\/UCxL0wu1uN0_3_7hGG0306cw"]},{"@type":"Person","@id":"https:\/\/www.bellunopress.it\/#\/schema\/person\/79bb06722b37ece1c03d3e94beb30d73","name":"r\u00e9daction","image":{"@type":"ImageObject","inLanguage":"fr-FR","@id":"https:\/\/secure.gravatar.com\/avatar\/37d968a2e67a6fd04c169c4bdef102d0bc5d31b2546345219e348575eb80e9a0?s=96&d=mm&r=g","url":"https:\/\/secure.gravatar.com\/avatar\/37d968a2e67a6fd04c169c4bdef102d0bc5d31b2546345219e348575eb80e9a0?s=96&d=mm&r=g","contentUrl":"https:\/\/secure.gravatar.com\/avatar\/37d968a2e67a6fd04c169c4bdef102d0bc5d31b2546345219e348575eb80e9a0?s=96&d=mm&r=g","caption":"redazione"},"sameAs":["http:\/\/www.bellunopress.it","https:\/\/x.com\/bellunopress"],"url":"https:\/\/www.bellunopress.it\/fr\/author\/redazione\/"}]}},"_links":{"self":[{"href":"https:\/\/www.bellunopress.it\/fr\/wp-json\/wp\/v2\/posts\/129112","targetHints":{"allow":["GET"]}}],"collection":[{"href":"https:\/\/www.bellunopress.it\/fr\/wp-json\/wp\/v2\/posts"}],"about":[{"href":"https:\/\/www.bellunopress.it\/fr\/wp-json\/wp\/v2\/types\/post"}],"author":[{"embeddable":true,"href":"https:\/\/www.bellunopress.it\/fr\/wp-json\/wp\/v2\/users\/2"}],"replies":[{"embeddable":true,"href":"https:\/\/www.bellunopress.it\/fr\/wp-json\/wp\/v2\/comments?post=129112"}],"version-history":[{"count":1,"href":"https:\/\/www.bellunopress.it\/fr\/wp-json\/wp\/v2\/posts\/129112\/revisions"}],"predecessor-version":[{"id":129113,"href":"https:\/\/www.bellunopress.it\/fr\/wp-json\/wp\/v2\/posts\/129112\/revisions\/129113"}],"wp:featuredmedia":[{"embeddable":true,"href":"https:\/\/www.bellunopress.it\/fr\/wp-json\/wp\/v2\/media\/124507"}],"wp:attachment":[{"href":"https:\/\/www.bellunopress.it\/fr\/wp-json\/wp\/v2\/media?parent=129112"}],"wp:term":[{"taxonomy":"category","embeddable":true,"href":"https:\/\/www.bellunopress.it\/fr\/wp-json\/wp\/v2\/categories?post=129112"},{"taxonomy":"post_tag","embeddable":true,"href":"https:\/\/www.bellunopress.it\/fr\/wp-json\/wp\/v2\/tags?post=129112"}],"curies":[{"name":"wp","href":"https:\/\/api.w.org\/{rel}","templated":true}]}}