{"id":12908,"date":"2010-02-24T19:10:36","date_gmt":"2010-02-24T18:10:36","guid":{"rendered":"http:\/\/www.bellunopress.it\/?p=12908"},"modified":"2010-02-24T19:35:28","modified_gmt":"2010-02-24T18:35:28","slug":"la-carica-delle-rumene-alla-concessionaria-dal-pont-di-belluno-e-in-arrivo-la-dacia-duster-laggressivo-suv-da-13mila-euro","status":"publish","type":"post","link":"https:\/\/www.bellunopress.it\/fr\/2010\/02\/24\/la-carica-delle-rumene-alla-concessionaria-dal-pont-di-belluno-e-in-arrivo-la-dacia-duster-laggressivo-suv-da-13mila-euro\/","title":{"rendered":"La carica delle rumene: alla concessionaria Dal Pont di Belluno \u00e8 in arrivo la Dacia Duster, il Suv da 13mila euro"},"content":{"rendered":"<figure id=\"attachment_12917\" aria-describedby=\"caption-attachment-12917\" style=\"width: 270px\" class=\"wp-caption alignleft\"><a href=\"http:\/\/www.bellunopress.it\/wp-content\/uploads\/2010\/02\/dacia-duster.jpg\"><img loading=\"lazy\" decoding=\"async\" class=\"size-medium wp-image-12917\" title=\"dacia-duster\" src=\"http:\/\/www.bellunopress.it\/wp-content\/uploads\/2010\/02\/dacia-duster.jpg\" alt=\"Dacia Duster\" width=\"270\" height=\"218\" \/><\/a><figcaption id=\"caption-attachment-12917\" class=\"wp-caption-text\">Dacia Duster<\/figcaption><\/figure>\n<p>Nel 2009 la concessionaria Dal Pont Renault-Dacia di Salce (Belluno) ha conseguito il record nazionale di penetrazione con il marchio Dacia. E\u00a0si prepara a bissare il risultato anche per il 2010\u00a0grazie a\u00a0una formidabile modello in arrivo prossimamente in via del Boscon.\u00a0Diciamo subito che il successo della casa automobilistica rumena, con sei stabilimenti nel mondo, \u00e8 fondato su un inedito criterio di business low cost\u00a0(a basso costo) che si \u00e8 rivelato vincente, soprattutto in periodi come questo di crisi economica internazionale. Tanto per capirci, la Sandero con impianto Gpl oggi \u00e8 venduta al prezzo di 7.350 euro. Una politica aziendale, insomma,\u00a0dove tutte le scelte in tema di progettazione, produzione e commercializzazione, sono determinate dalla ricerca del valore aggiunto per il cliente. Che nell&#8217;auto deve sempre trovare tutto quello che cerca, senza nulla di superfluo. &#8220;Dacia \u00e8 il brend creato per l&#8217;Europa &#8211; spiega Maurizio Dal Pont, titolare della concessionaria Dacia-Renault per la provincia di Belluno\u00a0&#8211;\u00a0ma le stesse auto sono commercializzate in America con il marchio Renault. La sfida che la Dacia lancia per il 2010 \u00e8 quella del Suv low cost, realizzato sulla base meccanica della Nissan Qashqai e motori Renault. Il nuovo suv si chiama Duster, e i\u00a0prezzi varieranno dai 13 mila ai 16 mila euro a seconda delle motorizzazioni e degli allestimenti. Questa crossover compatta &#8211; prosegue Dal Pont &#8211;\u00a0arriver\u00e0\u00a0nel corso della primavera con tre motorizzazioni. E la possibilit\u00e0 di optare fra la trazione anteriore (4\u00d72) e integrale (4\u00d74). C&#8217;\u00e8 una versione 1.6 benzina da 110 cavalli, e due 1.5 dCi, da 85 cavalli (140 g\/km di Co2 per la 4\u00d72, 150 g\/km\u00a0per la 4\u00d74) e 105 cavalli. Le sue dimensioni sono: lunghezza 4.31 metri e larga 1.82, con un\u2019altezza da terra pari a 200mm.\u00a0\u00a0La concessionaria Dal Pont Renault-Dacia di Belluno, oltre alla garanzia estendibile a cinque anni, garantisce\u00a0assistenza diretta con\u00a0officina, carrozzeria, elettrauto e\u00a0centro assistenza gomme&#8221;.<\/p>","protected":false},"excerpt":{"rendered":"<p>Nel 2009 la concessionaria Dal Pont Renault-Dacia di Salce (Belluno) ha conseguito il record nazionale di penetrazione con il marchio Dacia. E\u00a0si prepara a bissare il risultato anche per il 2010\u00a0grazie a\u00a0una formidabile modello in arrivo prossimamente in via del Boscon.\u00a0Diciamo subito che il successo della casa automobilistica rumena, con sei stabilimenti nel mondo, \u00e8 [&hellip;]<\/p>\n","protected":false},"author":2,"featured_media":0,"comment_status":"closed","ping_status":"open","sticky":false,"template":"","format":"standard","meta":{"footnotes":""},"categories":[26,50],"tags":[385,384,386],"class_list":["post-12908","post","type-post","status-publish","format-standard","category-prima-pagina","category-pubbliredazionali","tag-concessionaria-dal-pont-belluno","tag-dacia-duster","tag-dacia-renault"],"yoast_head":"<!-- This site is optimized with the Yoast SEO plugin v28.4 - https:\/\/yoast.com\/product\/yoast-seo-wordpress\/ -->\n<title>La carica delle rumene: alla concessionaria Dal Pont di Belluno \u00e8 in arrivo la Dacia Duster, il Suv da 13mila euro - Bellunopress - Dolomiti<\/title>\n<meta name=\"robots\" content=\"index, follow, max-snippet:-1, max-image-preview:large, max-video-preview:-1\" \/>\n<link rel=\"canonical\" href=\"https:\/\/www.bellunopress.it\/fr\/2010\/02\/24\/la-carica-delle-rumene-alla-concessionaria-dal-pont-di-belluno-e-in-arrivo-la-dacia-duster-laggressivo-suv-da-13mila-euro\/\" \/>\n<meta property=\"og:locale\" content=\"fr_FR\" \/>\n<meta property=\"og:type\" content=\"article\" \/>\n<meta property=\"og:title\" content=\"La carica delle rumene: alla concessionaria Dal Pont di Belluno \u00e8 in arrivo la Dacia Duster, il Suv da 13mila euro - Bellunopress - Dolomiti\" \/>\n<meta property=\"og:description\" content=\"Nel 2009 la concessionaria Dal Pont Renault-Dacia di Salce (Belluno) ha conseguito il record nazionale di penetrazione con il marchio Dacia. E\u00a0si prepara a bissare il risultato anche per il 2010\u00a0grazie a\u00a0una formidabile modello in arrivo prossimamente in via del Boscon.\u00a0Diciamo subito che il successo della casa automobilistica rumena, con sei stabilimenti nel mondo, \u00e8 [&hellip;]\" \/>\n<meta property=\"og:url\" content=\"https:\/\/www.bellunopress.it\/fr\/2010\/02\/24\/la-carica-delle-rumene-alla-concessionaria-dal-pont-di-belluno-e-in-arrivo-la-dacia-duster-laggressivo-suv-da-13mila-euro\/\" \/>\n<meta property=\"og:site_name\" content=\"Bellunopress - Dolomiti\" \/>\n<meta property=\"article:publisher\" content=\"https:\/\/www.facebook.com\/profile.php?id=100008943462799\" \/>\n<meta property=\"article:published_time\" content=\"2010-02-24T18:10:36+00:00\" \/>\n<meta property=\"article:modified_time\" content=\"2010-02-24T18:35:28+00:00\" \/>\n<meta property=\"og:image\" content=\"http:\/\/www.bellunopress.it\/wp-content\/uploads\/2010\/02\/dacia-duster.jpg\" \/>\n<meta name=\"author\" content=\"redazione\" \/>\n<meta name=\"twitter:card\" content=\"summary_large_image\" \/>\n<meta name=\"twitter:creator\" content=\"@bellunopress\" \/>\n<meta name=\"twitter:site\" content=\"@bellunopress\" \/>\n<meta name=\"twitter:label1\" content=\"Written by\" \/>\n\t<meta name=\"twitter:data1\" content=\"redazione\" \/>\n\t<meta name=\"twitter:label2\" content=\"Est. reading time\" \/>\n\t<meta name=\"twitter:data2\" content=\"2 minutes\" \/>\n<script type=\"application\/ld+json\" class=\"yoast-schema-graph\">{\"@context\":\"https:\\\/\\\/schema.org\",\"@graph\":[{\"@type\":\"Article\",\"@id\":\"https:\\\/\\\/www.bellunopress.it\\\/2010\\\/02\\\/24\\\/la-carica-delle-rumene-alla-concessionaria-dal-pont-di-belluno-e-in-arrivo-la-dacia-duster-laggressivo-suv-da-13mila-euro\\\/#article\",\"isPartOf\":{\"@id\":\"https:\\\/\\\/www.bellunopress.it\\\/2010\\\/02\\\/24\\\/la-carica-delle-rumene-alla-concessionaria-dal-pont-di-belluno-e-in-arrivo-la-dacia-duster-laggressivo-suv-da-13mila-euro\\\/\"},\"author\":{\"name\":\"redazione\",\"@id\":\"https:\\\/\\\/www.bellunopress.it\\\/#\\\/schema\\\/person\\\/79bb06722b37ece1c03d3e94beb30d73\"},\"headline\":\"La carica delle rumene: alla concessionaria Dal Pont di Belluno \u00e8 in arrivo la Dacia Duster, il Suv da 13mila euro\",\"datePublished\":\"2010-02-24T18:10:36+00:00\",\"dateModified\":\"2010-02-24T18:35:28+00:00\",\"mainEntityOfPage\":{\"@id\":\"https:\\\/\\\/www.bellunopress.it\\\/2010\\\/02\\\/24\\\/la-carica-delle-rumene-alla-concessionaria-dal-pont-di-belluno-e-in-arrivo-la-dacia-duster-laggressivo-suv-da-13mila-euro\\\/\"},\"wordCount\":334,\"publisher\":{\"@id\":\"https:\\\/\\\/www.bellunopress.it\\\/#organization\"},\"image\":{\"@id\":\"https:\\\/\\\/www.bellunopress.it\\\/2010\\\/02\\\/24\\\/la-carica-delle-rumene-alla-concessionaria-dal-pont-di-belluno-e-in-arrivo-la-dacia-duster-laggressivo-suv-da-13mila-euro\\\/#primaryimage\"},\"thumbnailUrl\":\"http:\\\/\\\/www.bellunopress.it\\\/wp-content\\\/uploads\\\/2010\\\/02\\\/dacia-duster.jpg\",\"keywords\":[\"Concessionaria Dal Pont Belluno\",\"Dacia Duster\",\"Dacia-Renault\"],\"articleSection\":[\"Prima Pagina\",\"Pubbliredazionali\"],\"inLanguage\":\"fr-FR\"},{\"@type\":\"WebPage\",\"@id\":\"https:\\\/\\\/www.bellunopress.it\\\/2010\\\/02\\\/24\\\/la-carica-delle-rumene-alla-concessionaria-dal-pont-di-belluno-e-in-arrivo-la-dacia-duster-laggressivo-suv-da-13mila-euro\\\/\",\"url\":\"https:\\\/\\\/www.bellunopress.it\\\/2010\\\/02\\\/24\\\/la-carica-delle-rumene-alla-concessionaria-dal-pont-di-belluno-e-in-arrivo-la-dacia-duster-laggressivo-suv-da-13mila-euro\\\/\",\"name\":\"La carica delle rumene: alla concessionaria Dal Pont di Belluno \u00e8 in arrivo la Dacia Duster, il Suv da 13mila euro - Bellunopress - Dolomiti\",\"isPartOf\":{\"@id\":\"https:\\\/\\\/www.bellunopress.it\\\/#website\"},\"primaryImageOfPage\":{\"@id\":\"https:\\\/\\\/www.bellunopress.it\\\/2010\\\/02\\\/24\\\/la-carica-delle-rumene-alla-concessionaria-dal-pont-di-belluno-e-in-arrivo-la-dacia-duster-laggressivo-suv-da-13mila-euro\\\/#primaryimage\"},\"image\":{\"@id\":\"https:\\\/\\\/www.bellunopress.it\\\/2010\\\/02\\\/24\\\/la-carica-delle-rumene-alla-concessionaria-dal-pont-di-belluno-e-in-arrivo-la-dacia-duster-laggressivo-suv-da-13mila-euro\\\/#primaryimage\"},\"thumbnailUrl\":\"http:\\\/\\\/www.bellunopress.it\\\/wp-content\\\/uploads\\\/2010\\\/02\\\/dacia-duster.jpg\",\"datePublished\":\"2010-02-24T18:10:36+00:00\",\"dateModified\":\"2010-02-24T18:35:28+00:00\",\"breadcrumb\":{\"@id\":\"https:\\\/\\\/www.bellunopress.it\\\/2010\\\/02\\\/24\\\/la-carica-delle-rumene-alla-concessionaria-dal-pont-di-belluno-e-in-arrivo-la-dacia-duster-laggressivo-suv-da-13mila-euro\\\/#breadcrumb\"},\"inLanguage\":\"fr-FR\",\"potentialAction\":[{\"@type\":\"ReadAction\",\"target\":[\"https:\\\/\\\/www.bellunopress.it\\\/2010\\\/02\\\/24\\\/la-carica-delle-rumene-alla-concessionaria-dal-pont-di-belluno-e-in-arrivo-la-dacia-duster-laggressivo-suv-da-13mila-euro\\\/\"]}]},{\"@type\":\"ImageObject\",\"inLanguage\":\"fr-FR\",\"@id\":\"https:\\\/\\\/www.bellunopress.it\\\/2010\\\/02\\\/24\\\/la-carica-delle-rumene-alla-concessionaria-dal-pont-di-belluno-e-in-arrivo-la-dacia-duster-laggressivo-suv-da-13mila-euro\\\/#primaryimage\",\"url\":\"http:\\\/\\\/www.bellunopress.it\\\/wp-content\\\/uploads\\\/2010\\\/02\\\/dacia-duster.jpg\",\"contentUrl\":\"http:\\\/\\\/www.bellunopress.it\\\/wp-content\\\/uploads\\\/2010\\\/02\\\/dacia-duster.jpg\"},{\"@type\":\"BreadcrumbList\",\"@id\":\"https:\\\/\\\/www.bellunopress.it\\\/2010\\\/02\\\/24\\\/la-carica-delle-rumene-alla-concessionaria-dal-pont-di-belluno-e-in-arrivo-la-dacia-duster-laggressivo-suv-da-13mila-euro\\\/#breadcrumb\",\"itemListElement\":[{\"@type\":\"ListItem\",\"position\":1,\"name\":\"Home\",\"item\":\"https:\\\/\\\/www.bellunopress.it\\\/\"},{\"@type\":\"ListItem\",\"position\":2,\"name\":\"La carica delle rumene: alla concessionaria Dal Pont di Belluno \u00e8 in arrivo la Dacia Duster, il Suv da 13mila euro\"}]},{\"@type\":\"WebSite\",\"@id\":\"https:\\\/\\\/www.bellunopress.it\\\/#website\",\"url\":\"https:\\\/\\\/www.bellunopress.it\\\/\",\"name\":\"Bellunopress - Dolomiti\",\"description\":\"e-mail: redazione@bellunopress.it\",\"publisher\":{\"@id\":\"https:\\\/\\\/www.bellunopress.it\\\/#organization\"},\"potentialAction\":[{\"@type\":\"SearchAction\",\"target\":{\"@type\":\"EntryPoint\",\"urlTemplate\":\"https:\\\/\\\/www.bellunopress.it\\\/?s={search_term_string}\"},\"query-input\":{\"@type\":\"PropertyValueSpecification\",\"valueRequired\":true,\"valueName\":\"search_term_string\"}}],\"inLanguage\":\"fr-FR\"},{\"@type\":\"Organization\",\"@id\":\"https:\\\/\\\/www.bellunopress.it\\\/#organization\",\"name\":\"Bellunopress\",\"url\":\"https:\\\/\\\/www.bellunopress.it\\\/\",\"logo\":{\"@type\":\"ImageObject\",\"inLanguage\":\"fr-FR\",\"@id\":\"https:\\\/\\\/www.bellunopress.it\\\/#\\\/schema\\\/logo\\\/image\\\/\",\"url\":\"https:\\\/\\\/www.bellunopress.it\\\/wp-content\\\/uploads\\\/2011\\\/05\\\/cropped-logo-bellunopress-.jpg\",\"contentUrl\":\"https:\\\/\\\/www.bellunopress.it\\\/wp-content\\\/uploads\\\/2011\\\/05\\\/cropped-logo-bellunopress-.jpg\",\"width\":512,\"height\":512,\"caption\":\"Bellunopress\"},\"image\":{\"@id\":\"https:\\\/\\\/www.bellunopress.it\\\/#\\\/schema\\\/logo\\\/image\\\/\"},\"sameAs\":[\"https:\\\/\\\/www.facebook.com\\\/profile.php?id=100008943462799\",\"https:\\\/\\\/x.com\\\/bellunopress\",\"https:\\\/\\\/www.linkedin.com\\\/hp\\\/?dnr=JBzUWaJfMUw8vbXJJ2tVW5-I3jZKvC4wsoxE&amp;amp;amp;amp;amp;amp;trk=nav_responsive_tab_home\",\"https:\\\/\\\/www.youtube.com\\\/channel\\\/UCxL0wu1uN0_3_7hGG0306cw\"]},{\"@type\":\"Person\",\"@id\":\"https:\\\/\\\/www.bellunopress.it\\\/#\\\/schema\\\/person\\\/79bb06722b37ece1c03d3e94beb30d73\",\"name\":\"redazione\",\"image\":{\"@type\":\"ImageObject\",\"inLanguage\":\"fr-FR\",\"@id\":\"https:\\\/\\\/secure.gravatar.com\\\/avatar\\\/37d968a2e67a6fd04c169c4bdef102d0bc5d31b2546345219e348575eb80e9a0?s=96&d=mm&r=g\",\"url\":\"https:\\\/\\\/secure.gravatar.com\\\/avatar\\\/37d968a2e67a6fd04c169c4bdef102d0bc5d31b2546345219e348575eb80e9a0?s=96&d=mm&r=g\",\"contentUrl\":\"https:\\\/\\\/secure.gravatar.com\\\/avatar\\\/37d968a2e67a6fd04c169c4bdef102d0bc5d31b2546345219e348575eb80e9a0?s=96&d=mm&r=g\",\"caption\":\"redazione\"},\"sameAs\":[\"http:\\\/\\\/www.bellunopress.it\",\"https:\\\/\\\/x.com\\\/bellunopress\"],\"url\":\"https:\\\/\\\/www.bellunopress.it\\\/fr\\\/author\\\/redazione\\\/\"}]}<\/script>\n<!-- \/ Yoast SEO plugin. -->","yoast_head_json":{"title":"La carica delle rumene: alla concessionaria Dal Pont di Belluno \u00e8 in arrivo la Dacia Duster, il Suv da 13mila euro - Bellunopress - Dolomiti","robots":{"index":"index","follow":"follow","max-snippet":"max-snippet:-1","max-image-preview":"max-image-preview:large","max-video-preview":"max-video-preview:-1"},"canonical":"https:\/\/www.bellunopress.it\/fr\/2010\/02\/24\/la-carica-delle-rumene-alla-concessionaria-dal-pont-di-belluno-e-in-arrivo-la-dacia-duster-laggressivo-suv-da-13mila-euro\/","og_locale":"fr_FR","og_type":"article","og_title":"La carica delle rumene: alla concessionaria Dal Pont di Belluno \u00e8 in arrivo la Dacia Duster, il Suv da 13mila euro - Bellunopress - Dolomiti","og_description":"Nel 2009 la concessionaria Dal Pont Renault-Dacia di Salce (Belluno) ha conseguito il record nazionale di penetrazione con il marchio Dacia. E\u00a0si prepara a bissare il risultato anche per il 2010\u00a0grazie a\u00a0una formidabile modello in arrivo prossimamente in via del Boscon.\u00a0Diciamo subito che il successo della casa automobilistica rumena, con sei stabilimenti nel mondo, \u00e8 [&hellip;]","og_url":"https:\/\/www.bellunopress.it\/fr\/2010\/02\/24\/la-carica-delle-rumene-alla-concessionaria-dal-pont-di-belluno-e-in-arrivo-la-dacia-duster-laggressivo-suv-da-13mila-euro\/","og_site_name":"Bellunopress - Dolomiti","article_publisher":"https:\/\/www.facebook.com\/profile.php?id=100008943462799","article_published_time":"2010-02-24T18:10:36+00:00","article_modified_time":"2010-02-24T18:35:28+00:00","og_image":[{"url":"http:\/\/www.bellunopress.it\/wp-content\/uploads\/2010\/02\/dacia-duster.jpg","type":"","width":"","height":""}],"author":"redazione","twitter_card":"summary_large_image","twitter_creator":"@bellunopress","twitter_site":"@bellunopress","twitter_misc":{"Written by":"redazione","Est. reading time":"2 minutes"},"schema":{"@context":"https:\/\/schema.org","@graph":[{"@type":"Article","@id":"https:\/\/www.bellunopress.it\/2010\/02\/24\/la-carica-delle-rumene-alla-concessionaria-dal-pont-di-belluno-e-in-arrivo-la-dacia-duster-laggressivo-suv-da-13mila-euro\/#article","isPartOf":{"@id":"https:\/\/www.bellunopress.it\/2010\/02\/24\/la-carica-delle-rumene-alla-concessionaria-dal-pont-di-belluno-e-in-arrivo-la-dacia-duster-laggressivo-suv-da-13mila-euro\/"},"author":{"name":"redazione","@id":"https:\/\/www.bellunopress.it\/#\/schema\/person\/79bb06722b37ece1c03d3e94beb30d73"},"headline":"La carica delle rumene: alla concessionaria Dal Pont di Belluno \u00e8 in arrivo la Dacia Duster, il Suv da 13mila euro","datePublished":"2010-02-24T18:10:36+00:00","dateModified":"2010-02-24T18:35:28+00:00","mainEntityOfPage":{"@id":"https:\/\/www.bellunopress.it\/2010\/02\/24\/la-carica-delle-rumene-alla-concessionaria-dal-pont-di-belluno-e-in-arrivo-la-dacia-duster-laggressivo-suv-da-13mila-euro\/"},"wordCount":334,"publisher":{"@id":"https:\/\/www.bellunopress.it\/#organization"},"image":{"@id":"https:\/\/www.bellunopress.it\/2010\/02\/24\/la-carica-delle-rumene-alla-concessionaria-dal-pont-di-belluno-e-in-arrivo-la-dacia-duster-laggressivo-suv-da-13mila-euro\/#primaryimage"},"thumbnailUrl":"http:\/\/www.bellunopress.it\/wp-content\/uploads\/2010\/02\/dacia-duster.jpg","keywords":["Concessionaria Dal Pont Belluno","Dacia Duster","Dacia-Renault"],"articleSection":["Prima Pagina","Pubbliredazionali"],"inLanguage":"fr-FR"},{"@type":"WebPage","@id":"https:\/\/www.bellunopress.it\/2010\/02\/24\/la-carica-delle-rumene-alla-concessionaria-dal-pont-di-belluno-e-in-arrivo-la-dacia-duster-laggressivo-suv-da-13mila-euro\/","url":"https:\/\/www.bellunopress.it\/2010\/02\/24\/la-carica-delle-rumene-alla-concessionaria-dal-pont-di-belluno-e-in-arrivo-la-dacia-duster-laggressivo-suv-da-13mila-euro\/","name":"La carica delle rumene: alla concessionaria Dal Pont di Belluno \u00e8 in arrivo la Dacia Duster, il Suv da 13mila euro - Bellunopress - Dolomiti","isPartOf":{"@id":"https:\/\/www.bellunopress.it\/#website"},"primaryImageOfPage":{"@id":"https:\/\/www.bellunopress.it\/2010\/02\/24\/la-carica-delle-rumene-alla-concessionaria-dal-pont-di-belluno-e-in-arrivo-la-dacia-duster-laggressivo-suv-da-13mila-euro\/#primaryimage"},"image":{"@id":"https:\/\/www.bellunopress.it\/2010\/02\/24\/la-carica-delle-rumene-alla-concessionaria-dal-pont-di-belluno-e-in-arrivo-la-dacia-duster-laggressivo-suv-da-13mila-euro\/#primaryimage"},"thumbnailUrl":"http:\/\/www.bellunopress.it\/wp-content\/uploads\/2010\/02\/dacia-duster.jpg","datePublished":"2010-02-24T18:10:36+00:00","dateModified":"2010-02-24T18:35:28+00:00","breadcrumb":{"@id":"https:\/\/www.bellunopress.it\/2010\/02\/24\/la-carica-delle-rumene-alla-concessionaria-dal-pont-di-belluno-e-in-arrivo-la-dacia-duster-laggressivo-suv-da-13mila-euro\/#breadcrumb"},"inLanguage":"fr-FR","potentialAction":[{"@type":"ReadAction","target":["https:\/\/www.bellunopress.it\/2010\/02\/24\/la-carica-delle-rumene-alla-concessionaria-dal-pont-di-belluno-e-in-arrivo-la-dacia-duster-laggressivo-suv-da-13mila-euro\/"]}]},{"@type":"ImageObject","inLanguage":"fr-FR","@id":"https:\/\/www.bellunopress.it\/2010\/02\/24\/la-carica-delle-rumene-alla-concessionaria-dal-pont-di-belluno-e-in-arrivo-la-dacia-duster-laggressivo-suv-da-13mila-euro\/#primaryimage","url":"http:\/\/www.bellunopress.it\/wp-content\/uploads\/2010\/02\/dacia-duster.jpg","contentUrl":"http:\/\/www.bellunopress.it\/wp-content\/uploads\/2010\/02\/dacia-duster.jpg"},{"@type":"BreadcrumbList","@id":"https:\/\/www.bellunopress.it\/2010\/02\/24\/la-carica-delle-rumene-alla-concessionaria-dal-pont-di-belluno-e-in-arrivo-la-dacia-duster-laggressivo-suv-da-13mila-euro\/#breadcrumb","itemListElement":[{"@type":"ListItem","position":1,"name":"Home","item":"https:\/\/www.bellunopress.it\/"},{"@type":"ListItem","position":2,"name":"La carica delle rumene: alla concessionaria Dal Pont di Belluno \u00e8 in arrivo la Dacia Duster, il Suv da 13mila euro"}]},{"@type":"WebSite","@id":"https:\/\/www.bellunopress.it\/#website","url":"https:\/\/www.bellunopress.it\/","name":"Bellunopress - Dolomiti","description":"e-mail: redazione@bellunopress.it","publisher":{"@id":"https:\/\/www.bellunopress.it\/#organization"},"potentialAction":[{"@type":"SearchAction","target":{"@type":"EntryPoint","urlTemplate":"https:\/\/www.bellunopress.it\/?s={search_term_string}"},"query-input":{"@type":"PropertyValueSpecification","valueRequired":true,"valueName":"search_term_string"}}],"inLanguage":"fr-FR"},{"@type":"Organization","@id":"https:\/\/www.bellunopress.it\/#organization","name":"Bellunopress","url":"https:\/\/www.bellunopress.it\/","logo":{"@type":"ImageObject","inLanguage":"fr-FR","@id":"https:\/\/www.bellunopress.it\/#\/schema\/logo\/image\/","url":"https:\/\/www.bellunopress.it\/wp-content\/uploads\/2011\/05\/cropped-logo-bellunopress-.jpg","contentUrl":"https:\/\/www.bellunopress.it\/wp-content\/uploads\/2011\/05\/cropped-logo-bellunopress-.jpg","width":512,"height":512,"caption":"Bellunopress"},"image":{"@id":"https:\/\/www.bellunopress.it\/#\/schema\/logo\/image\/"},"sameAs":["https:\/\/www.facebook.com\/profile.php?id=100008943462799","https:\/\/x.com\/bellunopress","https:\/\/www.linkedin.com\/hp\/?dnr=JBzUWaJfMUw8vbXJJ2tVW5-I3jZKvC4wsoxE&amp;amp;amp;amp;amp;amp;trk=nav_responsive_tab_home","https:\/\/www.youtube.com\/channel\/UCxL0wu1uN0_3_7hGG0306cw"]},{"@type":"Person","@id":"https:\/\/www.bellunopress.it\/#\/schema\/person\/79bb06722b37ece1c03d3e94beb30d73","name":"r\u00e9daction","image":{"@type":"ImageObject","inLanguage":"fr-FR","@id":"https:\/\/secure.gravatar.com\/avatar\/37d968a2e67a6fd04c169c4bdef102d0bc5d31b2546345219e348575eb80e9a0?s=96&d=mm&r=g","url":"https:\/\/secure.gravatar.com\/avatar\/37d968a2e67a6fd04c169c4bdef102d0bc5d31b2546345219e348575eb80e9a0?s=96&d=mm&r=g","contentUrl":"https:\/\/secure.gravatar.com\/avatar\/37d968a2e67a6fd04c169c4bdef102d0bc5d31b2546345219e348575eb80e9a0?s=96&d=mm&r=g","caption":"redazione"},"sameAs":["http:\/\/www.bellunopress.it","https:\/\/x.com\/bellunopress"],"url":"https:\/\/www.bellunopress.it\/fr\/author\/redazione\/"}]}},"_links":{"self":[{"href":"https:\/\/www.bellunopress.it\/fr\/wp-json\/wp\/v2\/posts\/12908","targetHints":{"allow":["GET"]}}],"collection":[{"href":"https:\/\/www.bellunopress.it\/fr\/wp-json\/wp\/v2\/posts"}],"about":[{"href":"https:\/\/www.bellunopress.it\/fr\/wp-json\/wp\/v2\/types\/post"}],"author":[{"embeddable":true,"href":"https:\/\/www.bellunopress.it\/fr\/wp-json\/wp\/v2\/users\/2"}],"replies":[{"embeddable":true,"href":"https:\/\/www.bellunopress.it\/fr\/wp-json\/wp\/v2\/comments?post=12908"}],"version-history":[{"count":9,"href":"https:\/\/www.bellunopress.it\/fr\/wp-json\/wp\/v2\/posts\/12908\/revisions"}],"predecessor-version":[{"id":12919,"href":"https:\/\/www.bellunopress.it\/fr\/wp-json\/wp\/v2\/posts\/12908\/revisions\/12919"}],"wp:attachment":[{"href":"https:\/\/www.bellunopress.it\/fr\/wp-json\/wp\/v2\/media?parent=12908"}],"wp:term":[{"taxonomy":"category","embeddable":true,"href":"https:\/\/www.bellunopress.it\/fr\/wp-json\/wp\/v2\/categories?post=12908"},{"taxonomy":"post_tag","embeddable":true,"href":"https:\/\/www.bellunopress.it\/fr\/wp-json\/wp\/v2\/tags?post=12908"}],"curies":[{"name":"wp","href":"https:\/\/api.w.org\/{rel}","templated":true}]}}