{"id":12904,"date":"2010-02-24T15:13:27","date_gmt":"2010-02-24T14:13:27","guid":{"rendered":"http:\/\/www.bellunopress.it\/?p=12904"},"modified":"2010-02-24T15:13:27","modified_gmt":"2010-02-24T14:13:27","slug":"%e2%80%9cimpara-larte-e%e2%80%9d-ai-blocchi-di-partenza-i-laboratori-di-creativita-per-i-giovani-10-laboratori-e-5-seminari-con-attivita-per-tutti-i-gusti","status":"publish","type":"post","link":"https:\/\/www.bellunopress.it\/fr\/2010\/02\/24\/%e2%80%9cimpara-larte-e%e2%80%9d-ai-blocchi-di-partenza-i-laboratori-di-creativita-per-i-giovani-10-laboratori-e-5-seminari-con-attivita-per-tutti-i-gusti\/","title":{"rendered":"\u201cImpara l&#8217;arte e&#8230;\u201d: ai blocchi di partenza i laboratori di creativit\u00e0 per i giovani. 10 laboratori e 5 seminari con attivit\u00e0 per tutti i gusti"},"content":{"rendered":"<p>E&#8217; entrato nella fase operativa il progetto \u201cImpara l&#8217;arte e&#8230;\u201d che prevede la realizzazione di 10 corsi \u2013 laboratori, dedicati alle pi\u00f9 svariate forme di creativit\u00e0, e 5 seminari sull&#8217;acustica e la tecnica del suono. I laboratori, finanziati dalla Regione Veneto a supporto della creativit\u00e0 giovanile per i 10 Comuni aderenti al progetto del bando \u201cGPS \u2013 Giovani Produttori di Significati\u201d di cui \u00e8 capofila il Comune di Belluno, si svolgeranno sul territorio di riferimento di Belluno, Castellavazzo, Forno di Zoldo, Limana, Longarone, Ospitale di Cadore, Perarolo, Soverzene, Zoldo Alto, Zopp\u00e8 e delle Comunit\u00e0 montane del Cadore Longarone Zoldo e della Valbelluna. \u201cSi tratta di un progetto che riteniamo rivoluzionario \u2013 commenta l&#8217;assessore alle politiche giovanili del Comune di Belluno, Marco Da Rin Zanco \u2013 nell&#8217;ottica delle politiche per i giovani del nostro territorio. Questo entusiasmo \u00e8 motivato da due fattori: il primo \u00e8 che diverse Amministrazioni comunali hanno lavorato insieme a un unico progetto, il secondo motivo \u00e8 che i contenuti del progetto non sono stati scelti dagli amministratori, bens\u00ec ideati, realizzati e promossi da giovani, attraverso un tenace lavoro di rete, fatto di incontri, lavoro di squadra e condivisione di capacit\u00e0 e risorse\u201d. I laboratori propongono attivit\u00e0 per tutti i gusti: laboratorio di fumetto a Longarone (dal 6 marzo al 24 aprile), laboratorio di graffito a Belluno (dal 6 marzo al 24 aprile), cineforum e laboratorio di video produzione nella Valle di Zoldo (dal 10 aprile al 22 maggio), laboratorio di improvvisazione teatrale a Belluno (dall&#8217;11 marzo al 15 aprile), un laboratorio di Barman Freestyler, sempre a Belluno (dal 26 febbraio al 30 aprile), un corso pratico di Web per principianti, a Belluno (dal 19 marzo al 21 maggio), un laboratorio di fotografia \u201cmetti a fuoco\u201d a Limana (dal 1\u00b0 marzo al 10 maggio), un altro laboratorio di fotografia a Belluno (dal 26 febbraio al 30 aprile), un laboratorio di fotografia ed elaborazione grafica a Longarone (dal 1\u00b0 marzo) e, sempre a Longarone, un laboratorio di Writing (dal mese di marzo). I seminari di acustica e tecnica del suono, articolati in due incontri base e tre avanzati, si terranno di domenica, a partire dal 14 marzo.<br \/>\nPer maggiori informazioni \u00e8 possibile contattare l&#8217;Informagiovani del Comune di Belluno (telefono 0437 913255, dal marted\u00ec al venerd\u00ec, dalle 16 alle 19, e il sabato, dalle 9 alle 12, <a href=\"mailto:informagiovani@comune.belluno.it\">informagiovani@comune.belluno.it<\/a>) o lo Spazio Giovani, il marted\u00ec dalle 15 alle 22 (0437 30905, <a href=\"mailto:spazio.giovani@tin.it\">spazio.giovani@tin.it<\/a>). Nei prossimi giorni l&#8217;Informagiovani pubblicher\u00e0 alcuni video illustrativi dei singoli laboratori, per dare un&#8217;idea immediata del contenuto dei singoli corsi. Anche questa una forma comunicativa che si prefigge di arrivare con immediatezza ai giovani. I video potranno essere visti dal canale dell&#8217;Informagiovani su YouTube, sul profilo di Facebook dell&#8217;Informagiovani e nel gruppo \u201cBelluno Giovane\u201d sempre su Facebook.<\/p>","protected":false},"excerpt":{"rendered":"<p>E&#8217; entrato nella fase operativa il progetto \u201cImpara l&#8217;arte e&#8230;\u201d che prevede la realizzazione di 10 corsi \u2013 laboratori, dedicati alle pi\u00f9 svariate forme di creativit\u00e0, e 5 seminari sull&#8217;acustica e la tecnica del suono. I laboratori, finanziati dalla Regione Veneto a supporto della creativit\u00e0 giovanile per i 10 Comuni aderenti al progetto del bando [&hellip;]<\/p>\n","protected":false},"author":2,"featured_media":0,"comment_status":"closed","ping_status":"open","sticky":false,"template":"","format":"standard","meta":{"footnotes":""},"categories":[3,26],"tags":[377,378,368],"class_list":["post-12904","post","type-post","status-publish","format-standard","category-arte-cultura-spettacoli-scienza-archivi","category-prima-pagina","tag-creativita-giovanile","tag-gps-giovani-produttodi-significati","tag-informagiovani"],"yoast_head":"<!-- This site is optimized with the Yoast SEO plugin v28.4 - https:\/\/yoast.com\/product\/yoast-seo-wordpress\/ -->\n<title>\u201cImpara l&#039;arte e...\u201d: ai blocchi di partenza i laboratori di creativit\u00e0 per i giovani. 10 laboratori e 5 seminari con attivit\u00e0 per tutti i gusti - Bellunopress - Dolomiti<\/title>\n<meta name=\"robots\" content=\"index, follow, max-snippet:-1, max-image-preview:large, max-video-preview:-1\" \/>\n<link rel=\"canonical\" href=\"https:\/\/www.bellunopress.it\/fr\/2010\/02\/24\/\u201cimpara-larte-e\u201d-ai-blocchi-di-partenza-i-laboratori-di-creativita-per-i-giovani-10-laboratori-e-5-seminari-con-attivita-per-tutti-i-gusti\/\" \/>\n<meta property=\"og:locale\" content=\"fr_FR\" \/>\n<meta property=\"og:type\" content=\"article\" \/>\n<meta property=\"og:title\" content=\"\u201cImpara l&#039;arte e...\u201d: ai blocchi di partenza i laboratori di creativit\u00e0 per i giovani. 10 laboratori e 5 seminari con attivit\u00e0 per tutti i gusti - Bellunopress - Dolomiti\" \/>\n<meta property=\"og:description\" content=\"E&#8217; entrato nella fase operativa il progetto \u201cImpara l&#8217;arte e&#8230;\u201d che prevede la realizzazione di 10 corsi \u2013 laboratori, dedicati alle pi\u00f9 svariate forme di creativit\u00e0, e 5 seminari sull&#8217;acustica e la tecnica del suono. I laboratori, finanziati dalla Regione Veneto a supporto della creativit\u00e0 giovanile per i 10 Comuni aderenti al progetto del bando [&hellip;]\" \/>\n<meta property=\"og:url\" content=\"https:\/\/www.bellunopress.it\/fr\/2010\/02\/24\/\u201cimpara-larte-e\u201d-ai-blocchi-di-partenza-i-laboratori-di-creativita-per-i-giovani-10-laboratori-e-5-seminari-con-attivita-per-tutti-i-gusti\/\" \/>\n<meta property=\"og:site_name\" content=\"Bellunopress - Dolomiti\" \/>\n<meta property=\"article:publisher\" content=\"https:\/\/www.facebook.com\/profile.php?id=100008943462799\" \/>\n<meta property=\"article:published_time\" content=\"2010-02-24T14:13:27+00:00\" \/>\n<meta property=\"og:image\" content=\"http:\/\/www.bellunopress.it\/wp-content\/uploads\/2012\/07\/logo-bellunopress-250x250-2012.jpg\" \/>\n<meta name=\"author\" content=\"redazione\" \/>\n<meta name=\"twitter:card\" content=\"summary_large_image\" \/>\n<meta name=\"twitter:creator\" content=\"@bellunopress\" \/>\n<meta name=\"twitter:site\" content=\"@bellunopress\" \/>\n<meta name=\"twitter:label1\" content=\"\u00c9crit par\" \/>\n\t<meta name=\"twitter:data1\" content=\"redazione\" \/>\n\t<meta name=\"twitter:label2\" content=\"Dur\u00e9e de lecture estim\u00e9e\" \/>\n\t<meta name=\"twitter:data2\" content=\"2 minutes\" \/>\n<script type=\"application\/ld+json\" class=\"yoast-schema-graph\">{\"@context\":\"https:\\\/\\\/schema.org\",\"@graph\":[{\"@type\":\"Article\",\"@id\":\"https:\\\/\\\/www.bellunopress.it\\\/2010\\\/02\\\/24\\\/%e2%80%9cimpara-larte-e%e2%80%9d-ai-blocchi-di-partenza-i-laboratori-di-creativita-per-i-giovani-10-laboratori-e-5-seminari-con-attivita-per-tutti-i-gusti\\\/#article\",\"isPartOf\":{\"@id\":\"https:\\\/\\\/www.bellunopress.it\\\/2010\\\/02\\\/24\\\/%e2%80%9cimpara-larte-e%e2%80%9d-ai-blocchi-di-partenza-i-laboratori-di-creativita-per-i-giovani-10-laboratori-e-5-seminari-con-attivita-per-tutti-i-gusti\\\/\"},\"author\":{\"name\":\"redazione\",\"@id\":\"https:\\\/\\\/www.bellunopress.it\\\/#\\\/schema\\\/person\\\/79bb06722b37ece1c03d3e94beb30d73\"},\"headline\":\"\u201cImpara l&#8217;arte e&#8230;\u201d: ai blocchi di partenza i laboratori di creativit\u00e0 per i giovani. 10 laboratori e 5 seminari con attivit\u00e0 per tutti i gusti\",\"datePublished\":\"2010-02-24T14:13:27+00:00\",\"mainEntityOfPage\":{\"@id\":\"https:\\\/\\\/www.bellunopress.it\\\/2010\\\/02\\\/24\\\/%e2%80%9cimpara-larte-e%e2%80%9d-ai-blocchi-di-partenza-i-laboratori-di-creativita-per-i-giovani-10-laboratori-e-5-seminari-con-attivita-per-tutti-i-gusti\\\/\"},\"wordCount\":458,\"publisher\":{\"@id\":\"https:\\\/\\\/www.bellunopress.it\\\/#organization\"},\"keywords\":[\"creativit\u00e0 giovanile\",\"GPS Giovani produttodi significati\",\"InformaGiovani\"],\"articleSection\":[\"Arte, Cultura, Spettacoli, Scienza\",\"Prima Pagina\"],\"inLanguage\":\"fr-FR\"},{\"@type\":\"WebPage\",\"@id\":\"https:\\\/\\\/www.bellunopress.it\\\/2010\\\/02\\\/24\\\/%e2%80%9cimpara-larte-e%e2%80%9d-ai-blocchi-di-partenza-i-laboratori-di-creativita-per-i-giovani-10-laboratori-e-5-seminari-con-attivita-per-tutti-i-gusti\\\/\",\"url\":\"https:\\\/\\\/www.bellunopress.it\\\/2010\\\/02\\\/24\\\/%e2%80%9cimpara-larte-e%e2%80%9d-ai-blocchi-di-partenza-i-laboratori-di-creativita-per-i-giovani-10-laboratori-e-5-seminari-con-attivita-per-tutti-i-gusti\\\/\",\"name\":\"\u201cImpara l'arte e...\u201d: ai blocchi di partenza i laboratori di creativit\u00e0 per i giovani. 10 laboratori e 5 seminari con attivit\u00e0 per tutti i gusti - Bellunopress - Dolomiti\",\"isPartOf\":{\"@id\":\"https:\\\/\\\/www.bellunopress.it\\\/#website\"},\"datePublished\":\"2010-02-24T14:13:27+00:00\",\"breadcrumb\":{\"@id\":\"https:\\\/\\\/www.bellunopress.it\\\/2010\\\/02\\\/24\\\/%e2%80%9cimpara-larte-e%e2%80%9d-ai-blocchi-di-partenza-i-laboratori-di-creativita-per-i-giovani-10-laboratori-e-5-seminari-con-attivita-per-tutti-i-gusti\\\/#breadcrumb\"},\"inLanguage\":\"fr-FR\",\"potentialAction\":[{\"@type\":\"ReadAction\",\"target\":[\"https:\\\/\\\/www.bellunopress.it\\\/2010\\\/02\\\/24\\\/%e2%80%9cimpara-larte-e%e2%80%9d-ai-blocchi-di-partenza-i-laboratori-di-creativita-per-i-giovani-10-laboratori-e-5-seminari-con-attivita-per-tutti-i-gusti\\\/\"]}]},{\"@type\":\"BreadcrumbList\",\"@id\":\"https:\\\/\\\/www.bellunopress.it\\\/2010\\\/02\\\/24\\\/%e2%80%9cimpara-larte-e%e2%80%9d-ai-blocchi-di-partenza-i-laboratori-di-creativita-per-i-giovani-10-laboratori-e-5-seminari-con-attivita-per-tutti-i-gusti\\\/#breadcrumb\",\"itemListElement\":[{\"@type\":\"ListItem\",\"position\":1,\"name\":\"Home\",\"item\":\"https:\\\/\\\/www.bellunopress.it\\\/\"},{\"@type\":\"ListItem\",\"position\":2,\"name\":\"\u201cImpara l&#8217;arte e&#8230;\u201d: ai blocchi di partenza i laboratori di creativit\u00e0 per i giovani. 10 laboratori e 5 seminari con attivit\u00e0 per tutti i gusti\"}]},{\"@type\":\"WebSite\",\"@id\":\"https:\\\/\\\/www.bellunopress.it\\\/#website\",\"url\":\"https:\\\/\\\/www.bellunopress.it\\\/\",\"name\":\"Bellunopress - Dolomiti\",\"description\":\"e-mail: redazione@bellunopress.it\",\"publisher\":{\"@id\":\"https:\\\/\\\/www.bellunopress.it\\\/#organization\"},\"potentialAction\":[{\"@type\":\"SearchAction\",\"target\":{\"@type\":\"EntryPoint\",\"urlTemplate\":\"https:\\\/\\\/www.bellunopress.it\\\/?s={search_term_string}\"},\"query-input\":{\"@type\":\"PropertyValueSpecification\",\"valueRequired\":true,\"valueName\":\"search_term_string\"}}],\"inLanguage\":\"fr-FR\"},{\"@type\":\"Organization\",\"@id\":\"https:\\\/\\\/www.bellunopress.it\\\/#organization\",\"name\":\"Bellunopress\",\"url\":\"https:\\\/\\\/www.bellunopress.it\\\/\",\"logo\":{\"@type\":\"ImageObject\",\"inLanguage\":\"fr-FR\",\"@id\":\"https:\\\/\\\/www.bellunopress.it\\\/#\\\/schema\\\/logo\\\/image\\\/\",\"url\":\"https:\\\/\\\/www.bellunopress.it\\\/wp-content\\\/uploads\\\/2011\\\/05\\\/cropped-logo-bellunopress-.jpg\",\"contentUrl\":\"https:\\\/\\\/www.bellunopress.it\\\/wp-content\\\/uploads\\\/2011\\\/05\\\/cropped-logo-bellunopress-.jpg\",\"width\":512,\"height\":512,\"caption\":\"Bellunopress\"},\"image\":{\"@id\":\"https:\\\/\\\/www.bellunopress.it\\\/#\\\/schema\\\/logo\\\/image\\\/\"},\"sameAs\":[\"https:\\\/\\\/www.facebook.com\\\/profile.php?id=100008943462799\",\"https:\\\/\\\/x.com\\\/bellunopress\",\"https:\\\/\\\/www.linkedin.com\\\/hp\\\/?dnr=JBzUWaJfMUw8vbXJJ2tVW5-I3jZKvC4wsoxE&amp;amp;amp;amp;amp;amp;trk=nav_responsive_tab_home\",\"https:\\\/\\\/www.youtube.com\\\/channel\\\/UCxL0wu1uN0_3_7hGG0306cw\"]},{\"@type\":\"Person\",\"@id\":\"https:\\\/\\\/www.bellunopress.it\\\/#\\\/schema\\\/person\\\/79bb06722b37ece1c03d3e94beb30d73\",\"name\":\"redazione\",\"image\":{\"@type\":\"ImageObject\",\"inLanguage\":\"fr-FR\",\"@id\":\"https:\\\/\\\/secure.gravatar.com\\\/avatar\\\/37d968a2e67a6fd04c169c4bdef102d0bc5d31b2546345219e348575eb80e9a0?s=96&d=mm&r=g\",\"url\":\"https:\\\/\\\/secure.gravatar.com\\\/avatar\\\/37d968a2e67a6fd04c169c4bdef102d0bc5d31b2546345219e348575eb80e9a0?s=96&d=mm&r=g\",\"contentUrl\":\"https:\\\/\\\/secure.gravatar.com\\\/avatar\\\/37d968a2e67a6fd04c169c4bdef102d0bc5d31b2546345219e348575eb80e9a0?s=96&d=mm&r=g\",\"caption\":\"redazione\"},\"sameAs\":[\"http:\\\/\\\/www.bellunopress.it\",\"https:\\\/\\\/x.com\\\/bellunopress\"],\"url\":\"https:\\\/\\\/www.bellunopress.it\\\/fr\\\/author\\\/redazione\\\/\"}]}<\/script>\n<!-- \/ Yoast SEO plugin. -->","yoast_head_json":{"title":"\u201cImpara l'arte e...\u201d: ai blocchi di partenza i laboratori di creativit\u00e0 per i giovani. 10 laboratori e 5 seminari con attivit\u00e0 per tutti i gusti - Bellunopress - Dolomiti","robots":{"index":"index","follow":"follow","max-snippet":"max-snippet:-1","max-image-preview":"max-image-preview:large","max-video-preview":"max-video-preview:-1"},"canonical":"https:\/\/www.bellunopress.it\/fr\/2010\/02\/24\/\u201cimpara-larte-e\u201d-ai-blocchi-di-partenza-i-laboratori-di-creativita-per-i-giovani-10-laboratori-e-5-seminari-con-attivita-per-tutti-i-gusti\/","og_locale":"fr_FR","og_type":"article","og_title":"\u201cImpara l'arte e...\u201d: ai blocchi di partenza i laboratori di creativit\u00e0 per i giovani. 10 laboratori e 5 seminari con attivit\u00e0 per tutti i gusti - Bellunopress - Dolomiti","og_description":"E&#8217; entrato nella fase operativa il progetto \u201cImpara l&#8217;arte e&#8230;\u201d che prevede la realizzazione di 10 corsi \u2013 laboratori, dedicati alle pi\u00f9 svariate forme di creativit\u00e0, e 5 seminari sull&#8217;acustica e la tecnica del suono. I laboratori, finanziati dalla Regione Veneto a supporto della creativit\u00e0 giovanile per i 10 Comuni aderenti al progetto del bando [&hellip;]","og_url":"https:\/\/www.bellunopress.it\/fr\/2010\/02\/24\/\u201cimpara-larte-e\u201d-ai-blocchi-di-partenza-i-laboratori-di-creativita-per-i-giovani-10-laboratori-e-5-seminari-con-attivita-per-tutti-i-gusti\/","og_site_name":"Bellunopress - Dolomiti","article_publisher":"https:\/\/www.facebook.com\/profile.php?id=100008943462799","article_published_time":"2010-02-24T14:13:27+00:00","og_image":[{"url":"http:\/\/www.bellunopress.it\/wp-content\/uploads\/2012\/07\/logo-bellunopress-250x250-2012.jpg","type":"","width":"","height":""}],"author":"redazione","twitter_card":"summary_large_image","twitter_creator":"@bellunopress","twitter_site":"@bellunopress","twitter_misc":{"\u00c9crit par":"redazione","Dur\u00e9e de lecture estim\u00e9e":"2 minutes"},"schema":{"@context":"https:\/\/schema.org","@graph":[{"@type":"Article","@id":"https:\/\/www.bellunopress.it\/2010\/02\/24\/%e2%80%9cimpara-larte-e%e2%80%9d-ai-blocchi-di-partenza-i-laboratori-di-creativita-per-i-giovani-10-laboratori-e-5-seminari-con-attivita-per-tutti-i-gusti\/#article","isPartOf":{"@id":"https:\/\/www.bellunopress.it\/2010\/02\/24\/%e2%80%9cimpara-larte-e%e2%80%9d-ai-blocchi-di-partenza-i-laboratori-di-creativita-per-i-giovani-10-laboratori-e-5-seminari-con-attivita-per-tutti-i-gusti\/"},"author":{"name":"redazione","@id":"https:\/\/www.bellunopress.it\/#\/schema\/person\/79bb06722b37ece1c03d3e94beb30d73"},"headline":"\u201cImpara l&#8217;arte e&#8230;\u201d: ai blocchi di partenza i laboratori di creativit\u00e0 per i giovani. 10 laboratori e 5 seminari con attivit\u00e0 per tutti i gusti","datePublished":"2010-02-24T14:13:27+00:00","mainEntityOfPage":{"@id":"https:\/\/www.bellunopress.it\/2010\/02\/24\/%e2%80%9cimpara-larte-e%e2%80%9d-ai-blocchi-di-partenza-i-laboratori-di-creativita-per-i-giovani-10-laboratori-e-5-seminari-con-attivita-per-tutti-i-gusti\/"},"wordCount":458,"publisher":{"@id":"https:\/\/www.bellunopress.it\/#organization"},"keywords":["creativit\u00e0 giovanile","GPS Giovani produttodi significati","InformaGiovani"],"articleSection":["Arte, Cultura, Spettacoli, Scienza","Prima Pagina"],"inLanguage":"fr-FR"},{"@type":"WebPage","@id":"https:\/\/www.bellunopress.it\/2010\/02\/24\/%e2%80%9cimpara-larte-e%e2%80%9d-ai-blocchi-di-partenza-i-laboratori-di-creativita-per-i-giovani-10-laboratori-e-5-seminari-con-attivita-per-tutti-i-gusti\/","url":"https:\/\/www.bellunopress.it\/2010\/02\/24\/%e2%80%9cimpara-larte-e%e2%80%9d-ai-blocchi-di-partenza-i-laboratori-di-creativita-per-i-giovani-10-laboratori-e-5-seminari-con-attivita-per-tutti-i-gusti\/","name":"\u201cImpara l'arte e...\u201d: ai blocchi di partenza i laboratori di creativit\u00e0 per i giovani. 10 laboratori e 5 seminari con attivit\u00e0 per tutti i gusti - Bellunopress - Dolomiti","isPartOf":{"@id":"https:\/\/www.bellunopress.it\/#website"},"datePublished":"2010-02-24T14:13:27+00:00","breadcrumb":{"@id":"https:\/\/www.bellunopress.it\/2010\/02\/24\/%e2%80%9cimpara-larte-e%e2%80%9d-ai-blocchi-di-partenza-i-laboratori-di-creativita-per-i-giovani-10-laboratori-e-5-seminari-con-attivita-per-tutti-i-gusti\/#breadcrumb"},"inLanguage":"fr-FR","potentialAction":[{"@type":"ReadAction","target":["https:\/\/www.bellunopress.it\/2010\/02\/24\/%e2%80%9cimpara-larte-e%e2%80%9d-ai-blocchi-di-partenza-i-laboratori-di-creativita-per-i-giovani-10-laboratori-e-5-seminari-con-attivita-per-tutti-i-gusti\/"]}]},{"@type":"BreadcrumbList","@id":"https:\/\/www.bellunopress.it\/2010\/02\/24\/%e2%80%9cimpara-larte-e%e2%80%9d-ai-blocchi-di-partenza-i-laboratori-di-creativita-per-i-giovani-10-laboratori-e-5-seminari-con-attivita-per-tutti-i-gusti\/#breadcrumb","itemListElement":[{"@type":"ListItem","position":1,"name":"Home","item":"https:\/\/www.bellunopress.it\/"},{"@type":"ListItem","position":2,"name":"\u201cImpara l&#8217;arte e&#8230;\u201d: ai blocchi di partenza i laboratori di creativit\u00e0 per i giovani. 10 laboratori e 5 seminari con attivit\u00e0 per tutti i gusti"}]},{"@type":"WebSite","@id":"https:\/\/www.bellunopress.it\/#website","url":"https:\/\/www.bellunopress.it\/","name":"Bellunopress - Dolomiti","description":"e-mail: redazione@bellunopress.it","publisher":{"@id":"https:\/\/www.bellunopress.it\/#organization"},"potentialAction":[{"@type":"SearchAction","target":{"@type":"EntryPoint","urlTemplate":"https:\/\/www.bellunopress.it\/?s={search_term_string}"},"query-input":{"@type":"PropertyValueSpecification","valueRequired":true,"valueName":"search_term_string"}}],"inLanguage":"fr-FR"},{"@type":"Organization","@id":"https:\/\/www.bellunopress.it\/#organization","name":"Bellunopress","url":"https:\/\/www.bellunopress.it\/","logo":{"@type":"ImageObject","inLanguage":"fr-FR","@id":"https:\/\/www.bellunopress.it\/#\/schema\/logo\/image\/","url":"https:\/\/www.bellunopress.it\/wp-content\/uploads\/2011\/05\/cropped-logo-bellunopress-.jpg","contentUrl":"https:\/\/www.bellunopress.it\/wp-content\/uploads\/2011\/05\/cropped-logo-bellunopress-.jpg","width":512,"height":512,"caption":"Bellunopress"},"image":{"@id":"https:\/\/www.bellunopress.it\/#\/schema\/logo\/image\/"},"sameAs":["https:\/\/www.facebook.com\/profile.php?id=100008943462799","https:\/\/x.com\/bellunopress","https:\/\/www.linkedin.com\/hp\/?dnr=JBzUWaJfMUw8vbXJJ2tVW5-I3jZKvC4wsoxE&amp;amp;amp;amp;amp;amp;trk=nav_responsive_tab_home","https:\/\/www.youtube.com\/channel\/UCxL0wu1uN0_3_7hGG0306cw"]},{"@type":"Person","@id":"https:\/\/www.bellunopress.it\/#\/schema\/person\/79bb06722b37ece1c03d3e94beb30d73","name":"r\u00e9daction","image":{"@type":"ImageObject","inLanguage":"fr-FR","@id":"https:\/\/secure.gravatar.com\/avatar\/37d968a2e67a6fd04c169c4bdef102d0bc5d31b2546345219e348575eb80e9a0?s=96&d=mm&r=g","url":"https:\/\/secure.gravatar.com\/avatar\/37d968a2e67a6fd04c169c4bdef102d0bc5d31b2546345219e348575eb80e9a0?s=96&d=mm&r=g","contentUrl":"https:\/\/secure.gravatar.com\/avatar\/37d968a2e67a6fd04c169c4bdef102d0bc5d31b2546345219e348575eb80e9a0?s=96&d=mm&r=g","caption":"redazione"},"sameAs":["http:\/\/www.bellunopress.it","https:\/\/x.com\/bellunopress"],"url":"https:\/\/www.bellunopress.it\/fr\/author\/redazione\/"}]}},"_links":{"self":[{"href":"https:\/\/www.bellunopress.it\/fr\/wp-json\/wp\/v2\/posts\/12904","targetHints":{"allow":["GET"]}}],"collection":[{"href":"https:\/\/www.bellunopress.it\/fr\/wp-json\/wp\/v2\/posts"}],"about":[{"href":"https:\/\/www.bellunopress.it\/fr\/wp-json\/wp\/v2\/types\/post"}],"author":[{"embeddable":true,"href":"https:\/\/www.bellunopress.it\/fr\/wp-json\/wp\/v2\/users\/2"}],"replies":[{"embeddable":true,"href":"https:\/\/www.bellunopress.it\/fr\/wp-json\/wp\/v2\/comments?post=12904"}],"version-history":[{"count":1,"href":"https:\/\/www.bellunopress.it\/fr\/wp-json\/wp\/v2\/posts\/12904\/revisions"}],"predecessor-version":[{"id":12905,"href":"https:\/\/www.bellunopress.it\/fr\/wp-json\/wp\/v2\/posts\/12904\/revisions\/12905"}],"wp:attachment":[{"href":"https:\/\/www.bellunopress.it\/fr\/wp-json\/wp\/v2\/media?parent=12904"}],"wp:term":[{"taxonomy":"category","embeddable":true,"href":"https:\/\/www.bellunopress.it\/fr\/wp-json\/wp\/v2\/categories?post=12904"},{"taxonomy":"post_tag","embeddable":true,"href":"https:\/\/www.bellunopress.it\/fr\/wp-json\/wp\/v2\/tags?post=12904"}],"curies":[{"name":"wp","href":"https:\/\/api.w.org\/{rel}","templated":true}]}}