{"id":128954,"date":"2021-10-31T18:05:41","date_gmt":"2021-10-31T17:05:41","guid":{"rendered":"https:\/\/www.bellunopress.it\/?p=128954"},"modified":"2021-10-31T21:08:54","modified_gmt":"2021-10-31T20:08:54","slug":"calcio-attacco-dolomitico-spuntato-il-campodarsego-passa-al-polisportivo","status":"publish","type":"post","link":"https:\/\/www.bellunopress.it\/fr\/2021\/10\/31\/calcio-attacco-dolomitico-spuntato-il-campodarsego-passa-al-polisportivo\/","title":{"rendered":"Calcio. Attacco dolomitico spuntato: il Campodarsego passa al polisportivo"},"content":{"rendered":"<p><img loading=\"lazy\" decoding=\"async\" class=\"alignleft size-medium wp-image-128955\" src=\"https:\/\/www.bellunopress.it\/wp-content\/uploads\/2021\/10\/calcio-Dolomiti-Bellunesi_edited-500x295.jpg\" alt=\"\" width=\"500\" height=\"295\" srcset=\"https:\/\/www.bellunopress.it\/wp-content\/uploads\/2021\/10\/calcio-Dolomiti-Bellunesi_edited-500x295.jpg 500w, https:\/\/www.bellunopress.it\/wp-content\/uploads\/2021\/10\/calcio-Dolomiti-Bellunesi_edited-696x411.jpg 696w, https:\/\/www.bellunopress.it\/wp-content\/uploads\/2021\/10\/calcio-Dolomiti-Bellunesi_edited-712x420.jpg 712w, https:\/\/www.bellunopress.it\/wp-content\/uploads\/2021\/10\/calcio-Dolomiti-Bellunesi_edited.jpg 800w\" sizes=\"auto, (max-width: 500px) 100vw, 500px\" \/>DOLOMITI BELLUNESI-CAMPODARSEGO 0-2<\/p>\n<p>GOL: st 27&#8242; Addiego, 34&#8242; Giusti.<\/p>\n<p>DOLOMITI BELLUNESI: Lombardi, Petdji, Mosca, Tibolla, Teso, Trevisan, Onescu (st 36&#8242; Sivilla), De Carli, Posocco (st 22&#8242; Corbanese), De Leo (st 30&#8242; Toniolo), De Paoli (st 28&#8242; Gjoshi) (a disposizione Masut, Toffoli, Sommacal, Vodopivec, Piazza). Allenatore: R. Lauria.<\/p>\n<p>CAMPODARSEGO: Fortin, Oneto, Marini, Buratto, Gentile (st 19&#8242; Lovato), Giacomazzi, Cocola (st 38&#8242; Guitto), Alluci, Colombi (st 43&#8242; Lukanovic), Addiego (st 35&#8242; Basso), Solinas (st 11&#8242; Giusti) (a disposizione Boscolo, Prevedello, Cupani, Zavan). Allenatore: C. Masitto.<\/p>\n<p>ARBITRO: Gianmarco Vailati di Crema (assistenti: Filippo Tortolo dl Basso Friuli e Simone Milillo di Udine).<\/p>\n<p>NOTE. Spettatori 500 circa (302 paganti e 143 abbonati). Ammoniti Onescu, Gentile, De Carli, Mosca, Oneto. Angoli 7-6. Recupero: pt 1&#8242;; st 4&#8242;.<\/p>\n<p>Si ferma a tre la striscia di risultati utili della SSD Dolomiti Bellunesi: davanti a una splendida cornice di pubblico, il Campodarsego fa sua l&#8217;intera posta in palio, in virt\u00f9 di un uno-due da ko, a cavallo della mezz&#8217;ora. Ma, in sede di analisi, \u00e8 impossibile non tener conto del fatto che i &#8220;blancos&#8221; fossero privi &#8211; almeno dall&#8217;inizio &#8211; di ben tre attaccanti di ruolo: Corbanese, in campo solo a met\u00e0 ripresa, Sivilla, dentro per l&#8217;ultima decina di minuti. E Cossalter, che proprio in mattinata ha accusato un problema fisico. L&#8217;inedito tandem d&#8217;attacco era cos\u00ec formato da Posocco e De Paoli, con De Leo a supporto.<\/p>\n<p>SULLA LINEA &#8211; Passando alla cronaca, la prima met\u00e0 di frazione \u00e8 scandita da due brividi. O meglio, da due salvataggi sulla linea di porta: di Lombardi, che inchioda la palla a millimetri dal gol, dopo che la stessa sfera era rimbalzata sulla parte bassa della traversa per l&#8217;incornata di Giacomazzi. Vicinissimo al bersaglio pure Dario Teso, il cui rasoterra supera il numero 1 Fortin, ma non l&#8217;ultimo baluardo in maglia rossa, Buratto, posizionato a difesa dello specchio. E, a pochi istanti dall&#8217;intervallo, De Paoli non inquadra il bersaglio su assist di Posocco.<\/p>\n<p>RIPARTENZE FATALI &#8211; Solo che, a un buon primo tempo, non fa seguito una ripresa altrettanto felice per la SSD Dolomiti Bellunesi, che pure sfiora il vantaggio all&#8217;8&#8242; con una splendida vol\u00e9e di Tibolla, fuori di un soffio. Ma il Campodarsego, quando riparte, fa paura. E punge: come al 16&#8242;, quando Lombardi sventa un tiro a colpo di sicuro di Buratto, sulla ribattuta interviene Giusti per il tap-in e Mosca salva con un braccio. Rigore ineccepibile: Lombardi, per\u00f2, \u00e8 bravo a ipnotizzare il neo entrato Giusti e a parare a terra.<\/p>\n<p>UNO-DUE &#8211; Lauria si gioca la carta Corbanese, ma paradossalmente il Campodarsego prende forza dopo il penalty fallito. E trova due volte il bersaglio nell&#8217;arco di 7&#8242;. Prima con un sinistro radiocomandato di Addiego, poi con l&#8217;ennesimo contropiede, finalizzato da Giusti. La doppia mazzata lascia il segno e i &#8220;blancos&#8221; non riusciranno pi\u00f9 a rialzare la testa. Matura quindi il terzo passivo in campionato: ora la SSD Dolomiti Bellunesi \u00e8 nona in graduatoria. E domenica, a Chioggia, andr\u00e0 a sfidare la terza forza del girone: la Clodiense.<\/p>\n<p>L&#8217;ANALISI DEL MISTER &#8211; A fine match, mastica amaro mister Renato Lauria: \u00abIn occasione del loro primo gol, nonostante un &#8220;tre contro uno&#8221; in area abbiamo lasciato tirare Addiego, mentre nell&#8217;azione del raddoppio eravamo messi malissimo. Peccato perch\u00e9 il primo tempo \u00e8 stato positivo. Le assenze? Nessun alibi, la rosa \u00e8 comunque competitiva. Per quanto riguarda Lombardi, si \u00e8 reso protagonista di una serie di buoni interventi e ha gestito bene anche la difesa. La sua \u00e8 indubbiamente una nota lieta. Da dove ripartiamo? Dal lavoro. C&#8217;era grande entusiasmo fino a poco fa, ora non dobbiamo flagellarci\u00bb.<\/p>","protected":false},"excerpt":{"rendered":"<p>DOLOMITI BELLUNESI-CAMPODARSEGO 0-2 GOL: st 27&#8242; Addiego, 34&#8242; Giusti. DOLOMITI BELLUNESI: Lombardi, Petdji, Mosca, Tibolla, Teso, Trevisan, Onescu (st 36&#8242; Sivilla), De Carli, Posocco (st 22&#8242; Corbanese), De Leo (st 30&#8242; Toniolo), De Paoli (st 28&#8242; Gjoshi) (a disposizione Masut, Toffoli, Sommacal, Vodopivec, Piazza). Allenatore: R. Lauria. CAMPODARSEGO: Fortin, Oneto, Marini, Buratto, Gentile (st 19&#8242; [&hellip;]<\/p>\n","protected":false},"author":2,"featured_media":128955,"comment_status":"closed","ping_status":"open","sticky":false,"template":"","format":"standard","meta":{"footnotes":""},"categories":[26,4],"tags":[],"class_list":["post-128954","post","type-post","status-publish","format-standard","has-post-thumbnail","category-prima-pagina","category-sport"],"yoast_head":"<!-- This site is optimized with the Yoast SEO plugin v28.4 - https:\/\/yoast.com\/product\/yoast-seo-wordpress\/ -->\n<title>Calcio. Attacco dolomitico spuntato: il Campodarsego passa al polisportivo - Bellunopress - Dolomiti<\/title>\n<meta name=\"robots\" content=\"index, follow, max-snippet:-1, max-image-preview:large, max-video-preview:-1\" \/>\n<link rel=\"canonical\" href=\"https:\/\/www.bellunopress.it\/fr\/2021\/10\/31\/calcio-attacco-dolomitico-spuntato-il-campodarsego-passa-al-polisportivo\/\" \/>\n<meta property=\"og:locale\" content=\"fr_FR\" \/>\n<meta property=\"og:type\" content=\"article\" \/>\n<meta property=\"og:title\" content=\"Calcio. Attacco dolomitico spuntato: il Campodarsego passa al polisportivo - Bellunopress - Dolomiti\" \/>\n<meta property=\"og:description\" content=\"DOLOMITI BELLUNESI-CAMPODARSEGO 0-2 GOL: st 27&#8242; Addiego, 34&#8242; Giusti. DOLOMITI BELLUNESI: Lombardi, Petdji, Mosca, Tibolla, Teso, Trevisan, Onescu (st 36&#8242; Sivilla), De Carli, Posocco (st 22&#8242; Corbanese), De Leo (st 30&#8242; Toniolo), De Paoli (st 28&#8242; Gjoshi) (a disposizione Masut, Toffoli, Sommacal, Vodopivec, Piazza). Allenatore: R. Lauria. CAMPODARSEGO: Fortin, Oneto, Marini, Buratto, Gentile (st 19&#8242; [&hellip;]\" \/>\n<meta property=\"og:url\" content=\"https:\/\/www.bellunopress.it\/fr\/2021\/10\/31\/calcio-attacco-dolomitico-spuntato-il-campodarsego-passa-al-polisportivo\/\" \/>\n<meta property=\"og:site_name\" content=\"Bellunopress - Dolomiti\" \/>\n<meta property=\"article:publisher\" content=\"https:\/\/www.facebook.com\/profile.php?id=100008943462799\" \/>\n<meta property=\"article:published_time\" content=\"2021-10-31T17:05:41+00:00\" \/>\n<meta property=\"article:modified_time\" content=\"2021-10-31T20:08:54+00:00\" \/>\n<meta property=\"og:image\" content=\"https:\/\/www.bellunopress.it\/wp-content\/uploads\/2021\/10\/calcio-Dolomiti-Bellunesi_edited.jpg\" \/>\n\t<meta property=\"og:image:width\" content=\"800\" \/>\n\t<meta property=\"og:image:height\" content=\"472\" \/>\n\t<meta property=\"og:image:type\" content=\"image\/jpeg\" \/>\n<meta name=\"author\" content=\"redazione\" \/>\n<meta name=\"twitter:card\" content=\"summary_large_image\" \/>\n<meta name=\"twitter:creator\" content=\"@bellunopress\" \/>\n<meta name=\"twitter:site\" content=\"@bellunopress\" \/>\n<meta name=\"twitter:label1\" content=\"\u00c9crit par\" \/>\n\t<meta name=\"twitter:data1\" content=\"redazione\" \/>\n\t<meta name=\"twitter:label2\" content=\"Dur\u00e9e de lecture estim\u00e9e\" \/>\n\t<meta name=\"twitter:data2\" content=\"3 minutes\" \/>\n<script type=\"application\/ld+json\" class=\"yoast-schema-graph\">{\"@context\":\"https:\\\/\\\/schema.org\",\"@graph\":[{\"@type\":\"Article\",\"@id\":\"https:\\\/\\\/www.bellunopress.it\\\/2021\\\/10\\\/31\\\/calcio-attacco-dolomitico-spuntato-il-campodarsego-passa-al-polisportivo\\\/#article\",\"isPartOf\":{\"@id\":\"https:\\\/\\\/www.bellunopress.it\\\/2021\\\/10\\\/31\\\/calcio-attacco-dolomitico-spuntato-il-campodarsego-passa-al-polisportivo\\\/\"},\"author\":{\"name\":\"redazione\",\"@id\":\"https:\\\/\\\/www.bellunopress.it\\\/#\\\/schema\\\/person\\\/79bb06722b37ece1c03d3e94beb30d73\"},\"headline\":\"Calcio. Attacco dolomitico spuntato: il Campodarsego passa al polisportivo\",\"datePublished\":\"2021-10-31T17:05:41+00:00\",\"dateModified\":\"2021-10-31T20:08:54+00:00\",\"mainEntityOfPage\":{\"@id\":\"https:\\\/\\\/www.bellunopress.it\\\/2021\\\/10\\\/31\\\/calcio-attacco-dolomitico-spuntato-il-campodarsego-passa-al-polisportivo\\\/\"},\"wordCount\":594,\"publisher\":{\"@id\":\"https:\\\/\\\/www.bellunopress.it\\\/#organization\"},\"image\":{\"@id\":\"https:\\\/\\\/www.bellunopress.it\\\/2021\\\/10\\\/31\\\/calcio-attacco-dolomitico-spuntato-il-campodarsego-passa-al-polisportivo\\\/#primaryimage\"},\"thumbnailUrl\":\"https:\\\/\\\/www.bellunopress.it\\\/wp-content\\\/uploads\\\/2021\\\/10\\\/calcio-Dolomiti-Bellunesi_edited.jpg\",\"articleSection\":[\"Prima Pagina\",\"Sport, tempo libero\"],\"inLanguage\":\"fr-FR\"},{\"@type\":\"WebPage\",\"@id\":\"https:\\\/\\\/www.bellunopress.it\\\/2021\\\/10\\\/31\\\/calcio-attacco-dolomitico-spuntato-il-campodarsego-passa-al-polisportivo\\\/\",\"url\":\"https:\\\/\\\/www.bellunopress.it\\\/2021\\\/10\\\/31\\\/calcio-attacco-dolomitico-spuntato-il-campodarsego-passa-al-polisportivo\\\/\",\"name\":\"Calcio. Attacco dolomitico spuntato: il Campodarsego passa al polisportivo - Bellunopress - Dolomiti\",\"isPartOf\":{\"@id\":\"https:\\\/\\\/www.bellunopress.it\\\/#website\"},\"primaryImageOfPage\":{\"@id\":\"https:\\\/\\\/www.bellunopress.it\\\/2021\\\/10\\\/31\\\/calcio-attacco-dolomitico-spuntato-il-campodarsego-passa-al-polisportivo\\\/#primaryimage\"},\"image\":{\"@id\":\"https:\\\/\\\/www.bellunopress.it\\\/2021\\\/10\\\/31\\\/calcio-attacco-dolomitico-spuntato-il-campodarsego-passa-al-polisportivo\\\/#primaryimage\"},\"thumbnailUrl\":\"https:\\\/\\\/www.bellunopress.it\\\/wp-content\\\/uploads\\\/2021\\\/10\\\/calcio-Dolomiti-Bellunesi_edited.jpg\",\"datePublished\":\"2021-10-31T17:05:41+00:00\",\"dateModified\":\"2021-10-31T20:08:54+00:00\",\"breadcrumb\":{\"@id\":\"https:\\\/\\\/www.bellunopress.it\\\/2021\\\/10\\\/31\\\/calcio-attacco-dolomitico-spuntato-il-campodarsego-passa-al-polisportivo\\\/#breadcrumb\"},\"inLanguage\":\"fr-FR\",\"potentialAction\":[{\"@type\":\"ReadAction\",\"target\":[\"https:\\\/\\\/www.bellunopress.it\\\/2021\\\/10\\\/31\\\/calcio-attacco-dolomitico-spuntato-il-campodarsego-passa-al-polisportivo\\\/\"]}]},{\"@type\":\"ImageObject\",\"inLanguage\":\"fr-FR\",\"@id\":\"https:\\\/\\\/www.bellunopress.it\\\/2021\\\/10\\\/31\\\/calcio-attacco-dolomitico-spuntato-il-campodarsego-passa-al-polisportivo\\\/#primaryimage\",\"url\":\"https:\\\/\\\/www.bellunopress.it\\\/wp-content\\\/uploads\\\/2021\\\/10\\\/calcio-Dolomiti-Bellunesi_edited.jpg\",\"contentUrl\":\"https:\\\/\\\/www.bellunopress.it\\\/wp-content\\\/uploads\\\/2021\\\/10\\\/calcio-Dolomiti-Bellunesi_edited.jpg\",\"width\":800,\"height\":472},{\"@type\":\"BreadcrumbList\",\"@id\":\"https:\\\/\\\/www.bellunopress.it\\\/2021\\\/10\\\/31\\\/calcio-attacco-dolomitico-spuntato-il-campodarsego-passa-al-polisportivo\\\/#breadcrumb\",\"itemListElement\":[{\"@type\":\"ListItem\",\"position\":1,\"name\":\"Home\",\"item\":\"https:\\\/\\\/www.bellunopress.it\\\/\"},{\"@type\":\"ListItem\",\"position\":2,\"name\":\"Calcio. Attacco dolomitico spuntato: il Campodarsego passa al polisportivo\"}]},{\"@type\":\"WebSite\",\"@id\":\"https:\\\/\\\/www.bellunopress.it\\\/#website\",\"url\":\"https:\\\/\\\/www.bellunopress.it\\\/\",\"name\":\"Bellunopress - Dolomiti\",\"description\":\"e-mail: redazione@bellunopress.it\",\"publisher\":{\"@id\":\"https:\\\/\\\/www.bellunopress.it\\\/#organization\"},\"potentialAction\":[{\"@type\":\"SearchAction\",\"target\":{\"@type\":\"EntryPoint\",\"urlTemplate\":\"https:\\\/\\\/www.bellunopress.it\\\/?s={search_term_string}\"},\"query-input\":{\"@type\":\"PropertyValueSpecification\",\"valueRequired\":true,\"valueName\":\"search_term_string\"}}],\"inLanguage\":\"fr-FR\"},{\"@type\":\"Organization\",\"@id\":\"https:\\\/\\\/www.bellunopress.it\\\/#organization\",\"name\":\"Bellunopress\",\"url\":\"https:\\\/\\\/www.bellunopress.it\\\/\",\"logo\":{\"@type\":\"ImageObject\",\"inLanguage\":\"fr-FR\",\"@id\":\"https:\\\/\\\/www.bellunopress.it\\\/#\\\/schema\\\/logo\\\/image\\\/\",\"url\":\"https:\\\/\\\/www.bellunopress.it\\\/wp-content\\\/uploads\\\/2011\\\/05\\\/cropped-logo-bellunopress-.jpg\",\"contentUrl\":\"https:\\\/\\\/www.bellunopress.it\\\/wp-content\\\/uploads\\\/2011\\\/05\\\/cropped-logo-bellunopress-.jpg\",\"width\":512,\"height\":512,\"caption\":\"Bellunopress\"},\"image\":{\"@id\":\"https:\\\/\\\/www.bellunopress.it\\\/#\\\/schema\\\/logo\\\/image\\\/\"},\"sameAs\":[\"https:\\\/\\\/www.facebook.com\\\/profile.php?id=100008943462799\",\"https:\\\/\\\/x.com\\\/bellunopress\",\"https:\\\/\\\/www.linkedin.com\\\/hp\\\/?dnr=JBzUWaJfMUw8vbXJJ2tVW5-I3jZKvC4wsoxE&amp;amp;amp;amp;amp;amp;trk=nav_responsive_tab_home\",\"https:\\\/\\\/www.youtube.com\\\/channel\\\/UCxL0wu1uN0_3_7hGG0306cw\"]},{\"@type\":\"Person\",\"@id\":\"https:\\\/\\\/www.bellunopress.it\\\/#\\\/schema\\\/person\\\/79bb06722b37ece1c03d3e94beb30d73\",\"name\":\"redazione\",\"image\":{\"@type\":\"ImageObject\",\"inLanguage\":\"fr-FR\",\"@id\":\"https:\\\/\\\/secure.gravatar.com\\\/avatar\\\/37d968a2e67a6fd04c169c4bdef102d0bc5d31b2546345219e348575eb80e9a0?s=96&d=mm&r=g\",\"url\":\"https:\\\/\\\/secure.gravatar.com\\\/avatar\\\/37d968a2e67a6fd04c169c4bdef102d0bc5d31b2546345219e348575eb80e9a0?s=96&d=mm&r=g\",\"contentUrl\":\"https:\\\/\\\/secure.gravatar.com\\\/avatar\\\/37d968a2e67a6fd04c169c4bdef102d0bc5d31b2546345219e348575eb80e9a0?s=96&d=mm&r=g\",\"caption\":\"redazione\"},\"sameAs\":[\"http:\\\/\\\/www.bellunopress.it\",\"https:\\\/\\\/x.com\\\/bellunopress\"],\"url\":\"https:\\\/\\\/www.bellunopress.it\\\/fr\\\/author\\\/redazione\\\/\"}]}<\/script>\n<!-- \/ Yoast SEO plugin. -->","yoast_head_json":{"title":"Calcio. Attacco dolomitico spuntato: il Campodarsego passa al polisportivo - Bellunopress - Dolomiti","robots":{"index":"index","follow":"follow","max-snippet":"max-snippet:-1","max-image-preview":"max-image-preview:large","max-video-preview":"max-video-preview:-1"},"canonical":"https:\/\/www.bellunopress.it\/fr\/2021\/10\/31\/calcio-attacco-dolomitico-spuntato-il-campodarsego-passa-al-polisportivo\/","og_locale":"fr_FR","og_type":"article","og_title":"Calcio. Attacco dolomitico spuntato: il Campodarsego passa al polisportivo - Bellunopress - Dolomiti","og_description":"DOLOMITI BELLUNESI-CAMPODARSEGO 0-2 GOL: st 27&#8242; Addiego, 34&#8242; Giusti. DOLOMITI BELLUNESI: Lombardi, Petdji, Mosca, Tibolla, Teso, Trevisan, Onescu (st 36&#8242; Sivilla), De Carli, Posocco (st 22&#8242; Corbanese), De Leo (st 30&#8242; Toniolo), De Paoli (st 28&#8242; Gjoshi) (a disposizione Masut, Toffoli, Sommacal, Vodopivec, Piazza). Allenatore: R. Lauria. CAMPODARSEGO: Fortin, Oneto, Marini, Buratto, Gentile (st 19&#8242; [&hellip;]","og_url":"https:\/\/www.bellunopress.it\/fr\/2021\/10\/31\/calcio-attacco-dolomitico-spuntato-il-campodarsego-passa-al-polisportivo\/","og_site_name":"Bellunopress - Dolomiti","article_publisher":"https:\/\/www.facebook.com\/profile.php?id=100008943462799","article_published_time":"2021-10-31T17:05:41+00:00","article_modified_time":"2021-10-31T20:08:54+00:00","og_image":[{"width":800,"height":472,"url":"https:\/\/www.bellunopress.it\/wp-content\/uploads\/2021\/10\/calcio-Dolomiti-Bellunesi_edited.jpg","type":"image\/jpeg"}],"author":"redazione","twitter_card":"summary_large_image","twitter_creator":"@bellunopress","twitter_site":"@bellunopress","twitter_misc":{"\u00c9crit par":"redazione","Dur\u00e9e de lecture estim\u00e9e":"3 minutes"},"schema":{"@context":"https:\/\/schema.org","@graph":[{"@type":"Article","@id":"https:\/\/www.bellunopress.it\/2021\/10\/31\/calcio-attacco-dolomitico-spuntato-il-campodarsego-passa-al-polisportivo\/#article","isPartOf":{"@id":"https:\/\/www.bellunopress.it\/2021\/10\/31\/calcio-attacco-dolomitico-spuntato-il-campodarsego-passa-al-polisportivo\/"},"author":{"name":"redazione","@id":"https:\/\/www.bellunopress.it\/#\/schema\/person\/79bb06722b37ece1c03d3e94beb30d73"},"headline":"Calcio. Attacco dolomitico spuntato: il Campodarsego passa al polisportivo","datePublished":"2021-10-31T17:05:41+00:00","dateModified":"2021-10-31T20:08:54+00:00","mainEntityOfPage":{"@id":"https:\/\/www.bellunopress.it\/2021\/10\/31\/calcio-attacco-dolomitico-spuntato-il-campodarsego-passa-al-polisportivo\/"},"wordCount":594,"publisher":{"@id":"https:\/\/www.bellunopress.it\/#organization"},"image":{"@id":"https:\/\/www.bellunopress.it\/2021\/10\/31\/calcio-attacco-dolomitico-spuntato-il-campodarsego-passa-al-polisportivo\/#primaryimage"},"thumbnailUrl":"https:\/\/www.bellunopress.it\/wp-content\/uploads\/2021\/10\/calcio-Dolomiti-Bellunesi_edited.jpg","articleSection":["Prima Pagina","Sport, tempo libero"],"inLanguage":"fr-FR"},{"@type":"WebPage","@id":"https:\/\/www.bellunopress.it\/2021\/10\/31\/calcio-attacco-dolomitico-spuntato-il-campodarsego-passa-al-polisportivo\/","url":"https:\/\/www.bellunopress.it\/2021\/10\/31\/calcio-attacco-dolomitico-spuntato-il-campodarsego-passa-al-polisportivo\/","name":"Calcio. Attacco dolomitico spuntato: il Campodarsego passa al polisportivo - Bellunopress - Dolomiti","isPartOf":{"@id":"https:\/\/www.bellunopress.it\/#website"},"primaryImageOfPage":{"@id":"https:\/\/www.bellunopress.it\/2021\/10\/31\/calcio-attacco-dolomitico-spuntato-il-campodarsego-passa-al-polisportivo\/#primaryimage"},"image":{"@id":"https:\/\/www.bellunopress.it\/2021\/10\/31\/calcio-attacco-dolomitico-spuntato-il-campodarsego-passa-al-polisportivo\/#primaryimage"},"thumbnailUrl":"https:\/\/www.bellunopress.it\/wp-content\/uploads\/2021\/10\/calcio-Dolomiti-Bellunesi_edited.jpg","datePublished":"2021-10-31T17:05:41+00:00","dateModified":"2021-10-31T20:08:54+00:00","breadcrumb":{"@id":"https:\/\/www.bellunopress.it\/2021\/10\/31\/calcio-attacco-dolomitico-spuntato-il-campodarsego-passa-al-polisportivo\/#breadcrumb"},"inLanguage":"fr-FR","potentialAction":[{"@type":"ReadAction","target":["https:\/\/www.bellunopress.it\/2021\/10\/31\/calcio-attacco-dolomitico-spuntato-il-campodarsego-passa-al-polisportivo\/"]}]},{"@type":"ImageObject","inLanguage":"fr-FR","@id":"https:\/\/www.bellunopress.it\/2021\/10\/31\/calcio-attacco-dolomitico-spuntato-il-campodarsego-passa-al-polisportivo\/#primaryimage","url":"https:\/\/www.bellunopress.it\/wp-content\/uploads\/2021\/10\/calcio-Dolomiti-Bellunesi_edited.jpg","contentUrl":"https:\/\/www.bellunopress.it\/wp-content\/uploads\/2021\/10\/calcio-Dolomiti-Bellunesi_edited.jpg","width":800,"height":472},{"@type":"BreadcrumbList","@id":"https:\/\/www.bellunopress.it\/2021\/10\/31\/calcio-attacco-dolomitico-spuntato-il-campodarsego-passa-al-polisportivo\/#breadcrumb","itemListElement":[{"@type":"ListItem","position":1,"name":"Home","item":"https:\/\/www.bellunopress.it\/"},{"@type":"ListItem","position":2,"name":"Calcio. Attacco dolomitico spuntato: il Campodarsego passa al polisportivo"}]},{"@type":"WebSite","@id":"https:\/\/www.bellunopress.it\/#website","url":"https:\/\/www.bellunopress.it\/","name":"Bellunopress - Dolomiti","description":"e-mail: redazione@bellunopress.it","publisher":{"@id":"https:\/\/www.bellunopress.it\/#organization"},"potentialAction":[{"@type":"SearchAction","target":{"@type":"EntryPoint","urlTemplate":"https:\/\/www.bellunopress.it\/?s={search_term_string}"},"query-input":{"@type":"PropertyValueSpecification","valueRequired":true,"valueName":"search_term_string"}}],"inLanguage":"fr-FR"},{"@type":"Organization","@id":"https:\/\/www.bellunopress.it\/#organization","name":"Bellunopress","url":"https:\/\/www.bellunopress.it\/","logo":{"@type":"ImageObject","inLanguage":"fr-FR","@id":"https:\/\/www.bellunopress.it\/#\/schema\/logo\/image\/","url":"https:\/\/www.bellunopress.it\/wp-content\/uploads\/2011\/05\/cropped-logo-bellunopress-.jpg","contentUrl":"https:\/\/www.bellunopress.it\/wp-content\/uploads\/2011\/05\/cropped-logo-bellunopress-.jpg","width":512,"height":512,"caption":"Bellunopress"},"image":{"@id":"https:\/\/www.bellunopress.it\/#\/schema\/logo\/image\/"},"sameAs":["https:\/\/www.facebook.com\/profile.php?id=100008943462799","https:\/\/x.com\/bellunopress","https:\/\/www.linkedin.com\/hp\/?dnr=JBzUWaJfMUw8vbXJJ2tVW5-I3jZKvC4wsoxE&amp;amp;amp;amp;amp;amp;trk=nav_responsive_tab_home","https:\/\/www.youtube.com\/channel\/UCxL0wu1uN0_3_7hGG0306cw"]},{"@type":"Person","@id":"https:\/\/www.bellunopress.it\/#\/schema\/person\/79bb06722b37ece1c03d3e94beb30d73","name":"r\u00e9daction","image":{"@type":"ImageObject","inLanguage":"fr-FR","@id":"https:\/\/secure.gravatar.com\/avatar\/37d968a2e67a6fd04c169c4bdef102d0bc5d31b2546345219e348575eb80e9a0?s=96&d=mm&r=g","url":"https:\/\/secure.gravatar.com\/avatar\/37d968a2e67a6fd04c169c4bdef102d0bc5d31b2546345219e348575eb80e9a0?s=96&d=mm&r=g","contentUrl":"https:\/\/secure.gravatar.com\/avatar\/37d968a2e67a6fd04c169c4bdef102d0bc5d31b2546345219e348575eb80e9a0?s=96&d=mm&r=g","caption":"redazione"},"sameAs":["http:\/\/www.bellunopress.it","https:\/\/x.com\/bellunopress"],"url":"https:\/\/www.bellunopress.it\/fr\/author\/redazione\/"}]}},"_links":{"self":[{"href":"https:\/\/www.bellunopress.it\/fr\/wp-json\/wp\/v2\/posts\/128954","targetHints":{"allow":["GET"]}}],"collection":[{"href":"https:\/\/www.bellunopress.it\/fr\/wp-json\/wp\/v2\/posts"}],"about":[{"href":"https:\/\/www.bellunopress.it\/fr\/wp-json\/wp\/v2\/types\/post"}],"author":[{"embeddable":true,"href":"https:\/\/www.bellunopress.it\/fr\/wp-json\/wp\/v2\/users\/2"}],"replies":[{"embeddable":true,"href":"https:\/\/www.bellunopress.it\/fr\/wp-json\/wp\/v2\/comments?post=128954"}],"version-history":[{"count":1,"href":"https:\/\/www.bellunopress.it\/fr\/wp-json\/wp\/v2\/posts\/128954\/revisions"}],"predecessor-version":[{"id":128956,"href":"https:\/\/www.bellunopress.it\/fr\/wp-json\/wp\/v2\/posts\/128954\/revisions\/128956"}],"wp:featuredmedia":[{"embeddable":true,"href":"https:\/\/www.bellunopress.it\/fr\/wp-json\/wp\/v2\/media\/128955"}],"wp:attachment":[{"href":"https:\/\/www.bellunopress.it\/fr\/wp-json\/wp\/v2\/media?parent=128954"}],"wp:term":[{"taxonomy":"category","embeddable":true,"href":"https:\/\/www.bellunopress.it\/fr\/wp-json\/wp\/v2\/categories?post=128954"},{"taxonomy":"post_tag","embeddable":true,"href":"https:\/\/www.bellunopress.it\/fr\/wp-json\/wp\/v2\/tags?post=128954"}],"curies":[{"name":"wp","href":"https:\/\/api.w.org\/{rel}","templated":true}]}}