{"id":128946,"date":"2021-10-31T18:19:54","date_gmt":"2021-10-31T17:19:54","guid":{"rendered":"https:\/\/www.bellunopress.it\/?p=128946"},"modified":"2021-10-31T18:19:54","modified_gmt":"2021-10-31T17:19:54","slug":"ideal-standard-moira-fiorot-rifondazione-la-classe-politica-non-ha-alcun-progetto-di-rinascita-industriale","status":"publish","type":"post","link":"https:\/\/www.bellunopress.it\/fr\/2021\/10\/31\/ideal-standard-moira-fiorot-rifondazione-la-classe-politica-non-ha-alcun-progetto-di-rinascita-industriale\/","title":{"rendered":"Ideal Standard. Moira Fiorot (Rifondazione): &#8220;La classe politica non ha alcun progetto di rinascita industriale&#8221;"},"content":{"rendered":"<figure id=\"attachment_114449\" aria-describedby=\"caption-attachment-114449\" style=\"width: 500px\" class=\"wp-caption alignleft\"><img loading=\"lazy\" decoding=\"async\" class=\"size-medium wp-image-114449\" src=\"https:\/\/www.bellunopress.it\/wp-content\/uploads\/2020\/05\/ceramica-dolomite-ideal-standard_edited-500x324.jpg\" alt=\"\" width=\"500\" height=\"324\" srcset=\"https:\/\/www.bellunopress.it\/wp-content\/uploads\/2020\/05\/ceramica-dolomite-ideal-standard_edited-500x324.jpg 500w, https:\/\/www.bellunopress.it\/wp-content\/uploads\/2020\/05\/ceramica-dolomite-ideal-standard_edited-696x451.jpg 696w, https:\/\/www.bellunopress.it\/wp-content\/uploads\/2020\/05\/ceramica-dolomite-ideal-standard_edited-649x420.jpg 649w, https:\/\/www.bellunopress.it\/wp-content\/uploads\/2020\/05\/ceramica-dolomite-ideal-standard_edited.jpg 800w\" sizes=\"auto, (max-width: 500px) 100vw, 500px\" \/><figcaption id=\"caption-attachment-114449\" class=\"wp-caption-text\">Ceramica Dolomite, fondata nel 1965, dal 1999 Ideal Standard<\/figcaption><\/figure>\n<p>Solo chi in questi anni ha girato la testa di fronte alle denunce dei sindacati e dei lavoratori della Ideal Standard pu\u00f2 dichiararsi stupito dell&#8217;annuncio fatto i giorni scorsi dalla propriet\u00e0 di chiudere il sito di Trichiana.<\/p>\n<p>&nbsp;<\/p>\n<p>&nbsp;<\/p>\n<figure id=\"attachment_89355\" aria-describedby=\"caption-attachment-89355\" style=\"width: 109px\" class=\"wp-caption alignleft\"><img loading=\"lazy\" decoding=\"async\" class=\"size-full wp-image-89355\" src=\"https:\/\/www.bellunopress.it\/wp-content\/uploads\/2017\/09\/moira-fiorot.jpg\" alt=\"\" width=\"109\" height=\"105\" \/><figcaption id=\"caption-attachment-89355\" class=\"wp-caption-text\">Moira Fiorot<\/figcaption><\/figure>\n<p>Noi Rifondazione &#8211; dichiara Moira Fiorot, segretaria di Rifondazione Comunista di Belluno &#8211; che da anni seguiamo le tante crisi industriali del bellunese ne eravamo quasi certi come lo erano i lavoratori che da mesi chiedono chiarimenti alla propriet\u00e0, consci che nonostante i loro sacrifici (stipendio decurtato e CIG)\u00a0 il loro futuro era segnato da un disimpegno costante da parte della propriet\u00e0. Tutto ci\u00f2 \u00e8 stato possibile perch\u00e8 viviamo in un Paese dove la classe politica che ci governa dalla Regione, allo Stato, non ha alcun progetto di rinascita industriale. Anzi non ha alcun progetto di rinascita per una provincia molto trascurata come la nostra.<\/p>\n<p>Ancora una volta sulla vita dei lavoratori delle loro famiglie di una intera comunit\u00e0 ricade l&#8217;inefficienza della politica e l&#8217;arroganza dei profitti delle multinazionali.<\/p>\n<p>La vicenda Ideal Standard \u00e8 l\u2019esempio di come la politica regionale e nazionale sia assente e assolutamente incapace di dare risposte al nostro territorio ai nostri lavoratori.<br \/>\nIncapaci di incidere nelle scelte vergognose e assolutamente irricevibili di una propriet\u00e0 che per mesi si \u00e8 sottratta al confronto e che ora chiamata al tavolo grazie alla tenacia dei lavoratori e dei loro rappresentanti.<br \/>\nNon c\u2019\u00e8 per lo stabilimento di Trichiana alcun piano industriale di rilancio e i sacrifici fatti dai lavoratori in questi anni non sono serviti: la propriet\u00e0 ha sfruttato le competenze e la professionalit\u00e0 di chi da anni lavora nello stabilimento per mantenere alto il brand aziendale e quindi ricavarne dei benefici finanziari e per poi decidere di chiudere.<br \/>\nI lavoratori lo sapevano, lo denunciavano da tempo e dopo aver sfidato la propriet\u00e0 e costretto questa a sedersi ad un tavolo, purtroppo hanno sentito la peggiore delle notizie.<br \/>\nIn tutti questi mesi il governo \u00e8 stato assente, la classe politica, proveniente da questa provincia, \u00a0che ci governa, ha preferito\u00a0 interessarsi ad altro: vedi olimpiadi;\u00a0 \u00a0ed ora siamo all\u2019emergenza ancora una volta le errate scelte economiche ricadono sui lavoratori in primis e sul territorio.<br \/>\nE&#8217; importante e significativo la volont\u00e0 subito espressa dai rappresentanti sindacali di\u00a0 non mollare e di rilanciare\u00a0 con una importante parola d\u2019ordine: Trichiana non si chiude. Noi di Rifondazione comunista da sempre al fianco dei lavoratori dell&#8217;Ideal, siamo prima di tutto solidali con loro e con le loro famiglie, chiediamo una mobilitazione provinciale che veda impegnati lavoratori, sindacati, istituzioni , partiti e societ\u00e0 civile: una mobilitazione che arrivi non solo in regione il giorno 5 novembre per chiedere la non chiusura di Ideal. Un patto straordinario per l\u2019industrializzazione del nostro territorio dove la professionalit\u00e0 dei lavoratori si unisca ad una nuova\u00a0 idea di produzione manufatturiera che faccia vivere la nostra terra.<br \/>\nA fianco dei lavoratori perch\u00e9 Ideal Standard, anzi la Ceramica Dolomite, come noi sempre l\u2019abbiamo chiamata non deve chiudere&#8221;.<\/p>","protected":false},"excerpt":{"rendered":"<p>Solo chi in questi anni ha girato la testa di fronte alle denunce dei sindacati e dei lavoratori della Ideal Standard pu\u00f2 dichiararsi stupito dell&#8217;annuncio fatto i giorni scorsi dalla propriet\u00e0 di chiudere il sito di Trichiana. &nbsp; &nbsp; Noi Rifondazione &#8211; dichiara Moira Fiorot, segretaria di Rifondazione Comunista di Belluno &#8211; che da anni [&hellip;]<\/p>\n","protected":false},"author":2,"featured_media":114449,"comment_status":"closed","ping_status":"open","sticky":false,"template":"","format":"standard","meta":{"footnotes":""},"categories":[5,36,26],"tags":[],"class_list":["post-128946","post","type-post","status-publish","format-standard","has-post-thumbnail","category-cronaca","category-lavoro-economia","category-prima-pagina"],"yoast_head":"<!-- This site is optimized with the Yoast SEO plugin v28.4 - https:\/\/yoast.com\/product\/yoast-seo-wordpress\/ -->\n<title>Ideal Standard. Moira Fiorot (Rifondazione): &quot;La classe politica non ha alcun progetto di rinascita industriale&quot; - Bellunopress - Dolomiti<\/title>\n<meta name=\"robots\" content=\"index, follow, max-snippet:-1, max-image-preview:large, max-video-preview:-1\" \/>\n<link rel=\"canonical\" href=\"https:\/\/www.bellunopress.it\/fr\/2021\/10\/31\/ideal-standard-moira-fiorot-rifondazione-la-classe-politica-non-ha-alcun-progetto-di-rinascita-industriale\/\" \/>\n<meta property=\"og:locale\" content=\"fr_FR\" \/>\n<meta property=\"og:type\" content=\"article\" \/>\n<meta property=\"og:title\" content=\"Ideal Standard. Moira Fiorot (Rifondazione): &quot;La classe politica non ha alcun progetto di rinascita industriale&quot; - Bellunopress - Dolomiti\" \/>\n<meta property=\"og:description\" content=\"Solo chi in questi anni ha girato la testa di fronte alle denunce dei sindacati e dei lavoratori della Ideal Standard pu\u00f2 dichiararsi stupito dell&#8217;annuncio fatto i giorni scorsi dalla propriet\u00e0 di chiudere il sito di Trichiana. &nbsp; &nbsp; Noi Rifondazione &#8211; dichiara Moira Fiorot, segretaria di Rifondazione Comunista di Belluno &#8211; che da anni [&hellip;]\" \/>\n<meta property=\"og:url\" content=\"https:\/\/www.bellunopress.it\/fr\/2021\/10\/31\/ideal-standard-moira-fiorot-rifondazione-la-classe-politica-non-ha-alcun-progetto-di-rinascita-industriale\/\" \/>\n<meta property=\"og:site_name\" content=\"Bellunopress - Dolomiti\" \/>\n<meta property=\"article:publisher\" content=\"https:\/\/www.facebook.com\/profile.php?id=100008943462799\" \/>\n<meta property=\"article:published_time\" content=\"2021-10-31T17:19:54+00:00\" \/>\n<meta property=\"og:image\" content=\"https:\/\/www.bellunopress.it\/wp-content\/uploads\/2020\/05\/ceramica-dolomite-ideal-standard_edited.jpg\" \/>\n\t<meta property=\"og:image:width\" content=\"800\" \/>\n\t<meta property=\"og:image:height\" content=\"518\" \/>\n\t<meta property=\"og:image:type\" content=\"image\/jpeg\" \/>\n<meta name=\"author\" content=\"redazione\" \/>\n<meta name=\"twitter:card\" content=\"summary_large_image\" \/>\n<meta name=\"twitter:creator\" content=\"@bellunopress\" \/>\n<meta name=\"twitter:site\" content=\"@bellunopress\" \/>\n<meta name=\"twitter:label1\" content=\"\u00c9crit par\" \/>\n\t<meta name=\"twitter:data1\" content=\"redazione\" \/>\n\t<meta name=\"twitter:label2\" content=\"Dur\u00e9e de lecture estim\u00e9e\" \/>\n\t<meta name=\"twitter:data2\" content=\"3 minutes\" \/>\n<script type=\"application\/ld+json\" class=\"yoast-schema-graph\">{\"@context\":\"https:\\\/\\\/schema.org\",\"@graph\":[{\"@type\":\"Article\",\"@id\":\"https:\\\/\\\/www.bellunopress.it\\\/2021\\\/10\\\/31\\\/ideal-standard-moira-fiorot-rifondazione-la-classe-politica-non-ha-alcun-progetto-di-rinascita-industriale\\\/#article\",\"isPartOf\":{\"@id\":\"https:\\\/\\\/www.bellunopress.it\\\/2021\\\/10\\\/31\\\/ideal-standard-moira-fiorot-rifondazione-la-classe-politica-non-ha-alcun-progetto-di-rinascita-industriale\\\/\"},\"author\":{\"name\":\"redazione\",\"@id\":\"https:\\\/\\\/www.bellunopress.it\\\/#\\\/schema\\\/person\\\/79bb06722b37ece1c03d3e94beb30d73\"},\"headline\":\"Ideal Standard. Moira Fiorot (Rifondazione): &#8220;La classe politica non ha alcun progetto di rinascita industriale&#8221;\",\"datePublished\":\"2021-10-31T17:19:54+00:00\",\"mainEntityOfPage\":{\"@id\":\"https:\\\/\\\/www.bellunopress.it\\\/2021\\\/10\\\/31\\\/ideal-standard-moira-fiorot-rifondazione-la-classe-politica-non-ha-alcun-progetto-di-rinascita-industriale\\\/\"},\"wordCount\":533,\"publisher\":{\"@id\":\"https:\\\/\\\/www.bellunopress.it\\\/#organization\"},\"image\":{\"@id\":\"https:\\\/\\\/www.bellunopress.it\\\/2021\\\/10\\\/31\\\/ideal-standard-moira-fiorot-rifondazione-la-classe-politica-non-ha-alcun-progetto-di-rinascita-industriale\\\/#primaryimage\"},\"thumbnailUrl\":\"https:\\\/\\\/www.bellunopress.it\\\/wp-content\\\/uploads\\\/2020\\\/05\\\/ceramica-dolomite-ideal-standard_edited.jpg\",\"articleSection\":[\"Cronaca\\\/Politica\",\"Lavoro, Economia, Turismo\",\"Prima Pagina\"],\"inLanguage\":\"fr-FR\"},{\"@type\":\"WebPage\",\"@id\":\"https:\\\/\\\/www.bellunopress.it\\\/2021\\\/10\\\/31\\\/ideal-standard-moira-fiorot-rifondazione-la-classe-politica-non-ha-alcun-progetto-di-rinascita-industriale\\\/\",\"url\":\"https:\\\/\\\/www.bellunopress.it\\\/2021\\\/10\\\/31\\\/ideal-standard-moira-fiorot-rifondazione-la-classe-politica-non-ha-alcun-progetto-di-rinascita-industriale\\\/\",\"name\":\"Ideal Standard. Moira Fiorot (Rifondazione): \\\"La classe politica non ha alcun progetto di rinascita industriale\\\" - Bellunopress - Dolomiti\",\"isPartOf\":{\"@id\":\"https:\\\/\\\/www.bellunopress.it\\\/#website\"},\"primaryImageOfPage\":{\"@id\":\"https:\\\/\\\/www.bellunopress.it\\\/2021\\\/10\\\/31\\\/ideal-standard-moira-fiorot-rifondazione-la-classe-politica-non-ha-alcun-progetto-di-rinascita-industriale\\\/#primaryimage\"},\"image\":{\"@id\":\"https:\\\/\\\/www.bellunopress.it\\\/2021\\\/10\\\/31\\\/ideal-standard-moira-fiorot-rifondazione-la-classe-politica-non-ha-alcun-progetto-di-rinascita-industriale\\\/#primaryimage\"},\"thumbnailUrl\":\"https:\\\/\\\/www.bellunopress.it\\\/wp-content\\\/uploads\\\/2020\\\/05\\\/ceramica-dolomite-ideal-standard_edited.jpg\",\"datePublished\":\"2021-10-31T17:19:54+00:00\",\"breadcrumb\":{\"@id\":\"https:\\\/\\\/www.bellunopress.it\\\/2021\\\/10\\\/31\\\/ideal-standard-moira-fiorot-rifondazione-la-classe-politica-non-ha-alcun-progetto-di-rinascita-industriale\\\/#breadcrumb\"},\"inLanguage\":\"fr-FR\",\"potentialAction\":[{\"@type\":\"ReadAction\",\"target\":[\"https:\\\/\\\/www.bellunopress.it\\\/2021\\\/10\\\/31\\\/ideal-standard-moira-fiorot-rifondazione-la-classe-politica-non-ha-alcun-progetto-di-rinascita-industriale\\\/\"]}]},{\"@type\":\"ImageObject\",\"inLanguage\":\"fr-FR\",\"@id\":\"https:\\\/\\\/www.bellunopress.it\\\/2021\\\/10\\\/31\\\/ideal-standard-moira-fiorot-rifondazione-la-classe-politica-non-ha-alcun-progetto-di-rinascita-industriale\\\/#primaryimage\",\"url\":\"https:\\\/\\\/www.bellunopress.it\\\/wp-content\\\/uploads\\\/2020\\\/05\\\/ceramica-dolomite-ideal-standard_edited.jpg\",\"contentUrl\":\"https:\\\/\\\/www.bellunopress.it\\\/wp-content\\\/uploads\\\/2020\\\/05\\\/ceramica-dolomite-ideal-standard_edited.jpg\",\"width\":800,\"height\":518,\"caption\":\"Ceramica Dolomite, fondata nel 1965, dal 1999 Ideal Standard\"},{\"@type\":\"BreadcrumbList\",\"@id\":\"https:\\\/\\\/www.bellunopress.it\\\/2021\\\/10\\\/31\\\/ideal-standard-moira-fiorot-rifondazione-la-classe-politica-non-ha-alcun-progetto-di-rinascita-industriale\\\/#breadcrumb\",\"itemListElement\":[{\"@type\":\"ListItem\",\"position\":1,\"name\":\"Home\",\"item\":\"https:\\\/\\\/www.bellunopress.it\\\/\"},{\"@type\":\"ListItem\",\"position\":2,\"name\":\"Ideal Standard. Moira Fiorot (Rifondazione): &#8220;La classe politica non ha alcun progetto di rinascita industriale&#8221;\"}]},{\"@type\":\"WebSite\",\"@id\":\"https:\\\/\\\/www.bellunopress.it\\\/#website\",\"url\":\"https:\\\/\\\/www.bellunopress.it\\\/\",\"name\":\"Bellunopress - Dolomiti\",\"description\":\"e-mail: redazione@bellunopress.it\",\"publisher\":{\"@id\":\"https:\\\/\\\/www.bellunopress.it\\\/#organization\"},\"potentialAction\":[{\"@type\":\"SearchAction\",\"target\":{\"@type\":\"EntryPoint\",\"urlTemplate\":\"https:\\\/\\\/www.bellunopress.it\\\/?s={search_term_string}\"},\"query-input\":{\"@type\":\"PropertyValueSpecification\",\"valueRequired\":true,\"valueName\":\"search_term_string\"}}],\"inLanguage\":\"fr-FR\"},{\"@type\":\"Organization\",\"@id\":\"https:\\\/\\\/www.bellunopress.it\\\/#organization\",\"name\":\"Bellunopress\",\"url\":\"https:\\\/\\\/www.bellunopress.it\\\/\",\"logo\":{\"@type\":\"ImageObject\",\"inLanguage\":\"fr-FR\",\"@id\":\"https:\\\/\\\/www.bellunopress.it\\\/#\\\/schema\\\/logo\\\/image\\\/\",\"url\":\"https:\\\/\\\/www.bellunopress.it\\\/wp-content\\\/uploads\\\/2011\\\/05\\\/cropped-logo-bellunopress-.jpg\",\"contentUrl\":\"https:\\\/\\\/www.bellunopress.it\\\/wp-content\\\/uploads\\\/2011\\\/05\\\/cropped-logo-bellunopress-.jpg\",\"width\":512,\"height\":512,\"caption\":\"Bellunopress\"},\"image\":{\"@id\":\"https:\\\/\\\/www.bellunopress.it\\\/#\\\/schema\\\/logo\\\/image\\\/\"},\"sameAs\":[\"https:\\\/\\\/www.facebook.com\\\/profile.php?id=100008943462799\",\"https:\\\/\\\/x.com\\\/bellunopress\",\"https:\\\/\\\/www.linkedin.com\\\/hp\\\/?dnr=JBzUWaJfMUw8vbXJJ2tVW5-I3jZKvC4wsoxE&amp;amp;amp;amp;amp;amp;trk=nav_responsive_tab_home\",\"https:\\\/\\\/www.youtube.com\\\/channel\\\/UCxL0wu1uN0_3_7hGG0306cw\"]},{\"@type\":\"Person\",\"@id\":\"https:\\\/\\\/www.bellunopress.it\\\/#\\\/schema\\\/person\\\/79bb06722b37ece1c03d3e94beb30d73\",\"name\":\"redazione\",\"image\":{\"@type\":\"ImageObject\",\"inLanguage\":\"fr-FR\",\"@id\":\"https:\\\/\\\/secure.gravatar.com\\\/avatar\\\/37d968a2e67a6fd04c169c4bdef102d0bc5d31b2546345219e348575eb80e9a0?s=96&d=mm&r=g\",\"url\":\"https:\\\/\\\/secure.gravatar.com\\\/avatar\\\/37d968a2e67a6fd04c169c4bdef102d0bc5d31b2546345219e348575eb80e9a0?s=96&d=mm&r=g\",\"contentUrl\":\"https:\\\/\\\/secure.gravatar.com\\\/avatar\\\/37d968a2e67a6fd04c169c4bdef102d0bc5d31b2546345219e348575eb80e9a0?s=96&d=mm&r=g\",\"caption\":\"redazione\"},\"sameAs\":[\"http:\\\/\\\/www.bellunopress.it\",\"https:\\\/\\\/x.com\\\/bellunopress\"],\"url\":\"https:\\\/\\\/www.bellunopress.it\\\/fr\\\/author\\\/redazione\\\/\"}]}<\/script>\n<!-- \/ Yoast SEO plugin. -->","yoast_head_json":{"title":"Ideal Standard. Moira Fiorot (Rifondazione): \"La classe politica non ha alcun progetto di rinascita industriale\" - Bellunopress - Dolomiti","robots":{"index":"index","follow":"follow","max-snippet":"max-snippet:-1","max-image-preview":"max-image-preview:large","max-video-preview":"max-video-preview:-1"},"canonical":"https:\/\/www.bellunopress.it\/fr\/2021\/10\/31\/ideal-standard-moira-fiorot-rifondazione-la-classe-politica-non-ha-alcun-progetto-di-rinascita-industriale\/","og_locale":"fr_FR","og_type":"article","og_title":"Ideal Standard. Moira Fiorot (Rifondazione): \"La classe politica non ha alcun progetto di rinascita industriale\" - Bellunopress - Dolomiti","og_description":"Solo chi in questi anni ha girato la testa di fronte alle denunce dei sindacati e dei lavoratori della Ideal Standard pu\u00f2 dichiararsi stupito dell&#8217;annuncio fatto i giorni scorsi dalla propriet\u00e0 di chiudere il sito di Trichiana. &nbsp; &nbsp; Noi Rifondazione &#8211; dichiara Moira Fiorot, segretaria di Rifondazione Comunista di Belluno &#8211; che da anni [&hellip;]","og_url":"https:\/\/www.bellunopress.it\/fr\/2021\/10\/31\/ideal-standard-moira-fiorot-rifondazione-la-classe-politica-non-ha-alcun-progetto-di-rinascita-industriale\/","og_site_name":"Bellunopress - Dolomiti","article_publisher":"https:\/\/www.facebook.com\/profile.php?id=100008943462799","article_published_time":"2021-10-31T17:19:54+00:00","og_image":[{"width":800,"height":518,"url":"https:\/\/www.bellunopress.it\/wp-content\/uploads\/2020\/05\/ceramica-dolomite-ideal-standard_edited.jpg","type":"image\/jpeg"}],"author":"redazione","twitter_card":"summary_large_image","twitter_creator":"@bellunopress","twitter_site":"@bellunopress","twitter_misc":{"\u00c9crit par":"redazione","Dur\u00e9e de lecture estim\u00e9e":"3 minutes"},"schema":{"@context":"https:\/\/schema.org","@graph":[{"@type":"Article","@id":"https:\/\/www.bellunopress.it\/2021\/10\/31\/ideal-standard-moira-fiorot-rifondazione-la-classe-politica-non-ha-alcun-progetto-di-rinascita-industriale\/#article","isPartOf":{"@id":"https:\/\/www.bellunopress.it\/2021\/10\/31\/ideal-standard-moira-fiorot-rifondazione-la-classe-politica-non-ha-alcun-progetto-di-rinascita-industriale\/"},"author":{"name":"redazione","@id":"https:\/\/www.bellunopress.it\/#\/schema\/person\/79bb06722b37ece1c03d3e94beb30d73"},"headline":"Ideal Standard. Moira Fiorot (Rifondazione): &#8220;La classe politica non ha alcun progetto di rinascita industriale&#8221;","datePublished":"2021-10-31T17:19:54+00:00","mainEntityOfPage":{"@id":"https:\/\/www.bellunopress.it\/2021\/10\/31\/ideal-standard-moira-fiorot-rifondazione-la-classe-politica-non-ha-alcun-progetto-di-rinascita-industriale\/"},"wordCount":533,"publisher":{"@id":"https:\/\/www.bellunopress.it\/#organization"},"image":{"@id":"https:\/\/www.bellunopress.it\/2021\/10\/31\/ideal-standard-moira-fiorot-rifondazione-la-classe-politica-non-ha-alcun-progetto-di-rinascita-industriale\/#primaryimage"},"thumbnailUrl":"https:\/\/www.bellunopress.it\/wp-content\/uploads\/2020\/05\/ceramica-dolomite-ideal-standard_edited.jpg","articleSection":["Cronaca\/Politica","Lavoro, Economia, Turismo","Prima Pagina"],"inLanguage":"fr-FR"},{"@type":"WebPage","@id":"https:\/\/www.bellunopress.it\/2021\/10\/31\/ideal-standard-moira-fiorot-rifondazione-la-classe-politica-non-ha-alcun-progetto-di-rinascita-industriale\/","url":"https:\/\/www.bellunopress.it\/2021\/10\/31\/ideal-standard-moira-fiorot-rifondazione-la-classe-politica-non-ha-alcun-progetto-di-rinascita-industriale\/","name":"Ideal Standard. Moira Fiorot (Rifondazione): \"La classe politica non ha alcun progetto di rinascita industriale\" - Bellunopress - Dolomiti","isPartOf":{"@id":"https:\/\/www.bellunopress.it\/#website"},"primaryImageOfPage":{"@id":"https:\/\/www.bellunopress.it\/2021\/10\/31\/ideal-standard-moira-fiorot-rifondazione-la-classe-politica-non-ha-alcun-progetto-di-rinascita-industriale\/#primaryimage"},"image":{"@id":"https:\/\/www.bellunopress.it\/2021\/10\/31\/ideal-standard-moira-fiorot-rifondazione-la-classe-politica-non-ha-alcun-progetto-di-rinascita-industriale\/#primaryimage"},"thumbnailUrl":"https:\/\/www.bellunopress.it\/wp-content\/uploads\/2020\/05\/ceramica-dolomite-ideal-standard_edited.jpg","datePublished":"2021-10-31T17:19:54+00:00","breadcrumb":{"@id":"https:\/\/www.bellunopress.it\/2021\/10\/31\/ideal-standard-moira-fiorot-rifondazione-la-classe-politica-non-ha-alcun-progetto-di-rinascita-industriale\/#breadcrumb"},"inLanguage":"fr-FR","potentialAction":[{"@type":"ReadAction","target":["https:\/\/www.bellunopress.it\/2021\/10\/31\/ideal-standard-moira-fiorot-rifondazione-la-classe-politica-non-ha-alcun-progetto-di-rinascita-industriale\/"]}]},{"@type":"ImageObject","inLanguage":"fr-FR","@id":"https:\/\/www.bellunopress.it\/2021\/10\/31\/ideal-standard-moira-fiorot-rifondazione-la-classe-politica-non-ha-alcun-progetto-di-rinascita-industriale\/#primaryimage","url":"https:\/\/www.bellunopress.it\/wp-content\/uploads\/2020\/05\/ceramica-dolomite-ideal-standard_edited.jpg","contentUrl":"https:\/\/www.bellunopress.it\/wp-content\/uploads\/2020\/05\/ceramica-dolomite-ideal-standard_edited.jpg","width":800,"height":518,"caption":"Ceramica Dolomite, fondata nel 1965, dal 1999 Ideal Standard"},{"@type":"BreadcrumbList","@id":"https:\/\/www.bellunopress.it\/2021\/10\/31\/ideal-standard-moira-fiorot-rifondazione-la-classe-politica-non-ha-alcun-progetto-di-rinascita-industriale\/#breadcrumb","itemListElement":[{"@type":"ListItem","position":1,"name":"Home","item":"https:\/\/www.bellunopress.it\/"},{"@type":"ListItem","position":2,"name":"Ideal Standard. Moira Fiorot (Rifondazione): &#8220;La classe politica non ha alcun progetto di rinascita industriale&#8221;"}]},{"@type":"WebSite","@id":"https:\/\/www.bellunopress.it\/#website","url":"https:\/\/www.bellunopress.it\/","name":"Bellunopress - Dolomiti","description":"e-mail: redazione@bellunopress.it","publisher":{"@id":"https:\/\/www.bellunopress.it\/#organization"},"potentialAction":[{"@type":"SearchAction","target":{"@type":"EntryPoint","urlTemplate":"https:\/\/www.bellunopress.it\/?s={search_term_string}"},"query-input":{"@type":"PropertyValueSpecification","valueRequired":true,"valueName":"search_term_string"}}],"inLanguage":"fr-FR"},{"@type":"Organization","@id":"https:\/\/www.bellunopress.it\/#organization","name":"Bellunopress","url":"https:\/\/www.bellunopress.it\/","logo":{"@type":"ImageObject","inLanguage":"fr-FR","@id":"https:\/\/www.bellunopress.it\/#\/schema\/logo\/image\/","url":"https:\/\/www.bellunopress.it\/wp-content\/uploads\/2011\/05\/cropped-logo-bellunopress-.jpg","contentUrl":"https:\/\/www.bellunopress.it\/wp-content\/uploads\/2011\/05\/cropped-logo-bellunopress-.jpg","width":512,"height":512,"caption":"Bellunopress"},"image":{"@id":"https:\/\/www.bellunopress.it\/#\/schema\/logo\/image\/"},"sameAs":["https:\/\/www.facebook.com\/profile.php?id=100008943462799","https:\/\/x.com\/bellunopress","https:\/\/www.linkedin.com\/hp\/?dnr=JBzUWaJfMUw8vbXJJ2tVW5-I3jZKvC4wsoxE&amp;amp;amp;amp;amp;amp;trk=nav_responsive_tab_home","https:\/\/www.youtube.com\/channel\/UCxL0wu1uN0_3_7hGG0306cw"]},{"@type":"Person","@id":"https:\/\/www.bellunopress.it\/#\/schema\/person\/79bb06722b37ece1c03d3e94beb30d73","name":"r\u00e9daction","image":{"@type":"ImageObject","inLanguage":"fr-FR","@id":"https:\/\/secure.gravatar.com\/avatar\/37d968a2e67a6fd04c169c4bdef102d0bc5d31b2546345219e348575eb80e9a0?s=96&d=mm&r=g","url":"https:\/\/secure.gravatar.com\/avatar\/37d968a2e67a6fd04c169c4bdef102d0bc5d31b2546345219e348575eb80e9a0?s=96&d=mm&r=g","contentUrl":"https:\/\/secure.gravatar.com\/avatar\/37d968a2e67a6fd04c169c4bdef102d0bc5d31b2546345219e348575eb80e9a0?s=96&d=mm&r=g","caption":"redazione"},"sameAs":["http:\/\/www.bellunopress.it","https:\/\/x.com\/bellunopress"],"url":"https:\/\/www.bellunopress.it\/fr\/author\/redazione\/"}]}},"_links":{"self":[{"href":"https:\/\/www.bellunopress.it\/fr\/wp-json\/wp\/v2\/posts\/128946","targetHints":{"allow":["GET"]}}],"collection":[{"href":"https:\/\/www.bellunopress.it\/fr\/wp-json\/wp\/v2\/posts"}],"about":[{"href":"https:\/\/www.bellunopress.it\/fr\/wp-json\/wp\/v2\/types\/post"}],"author":[{"embeddable":true,"href":"https:\/\/www.bellunopress.it\/fr\/wp-json\/wp\/v2\/users\/2"}],"replies":[{"embeddable":true,"href":"https:\/\/www.bellunopress.it\/fr\/wp-json\/wp\/v2\/comments?post=128946"}],"version-history":[{"count":1,"href":"https:\/\/www.bellunopress.it\/fr\/wp-json\/wp\/v2\/posts\/128946\/revisions"}],"predecessor-version":[{"id":128947,"href":"https:\/\/www.bellunopress.it\/fr\/wp-json\/wp\/v2\/posts\/128946\/revisions\/128947"}],"wp:featuredmedia":[{"embeddable":true,"href":"https:\/\/www.bellunopress.it\/fr\/wp-json\/wp\/v2\/media\/114449"}],"wp:attachment":[{"href":"https:\/\/www.bellunopress.it\/fr\/wp-json\/wp\/v2\/media?parent=128946"}],"wp:term":[{"taxonomy":"category","embeddable":true,"href":"https:\/\/www.bellunopress.it\/fr\/wp-json\/wp\/v2\/categories?post=128946"},{"taxonomy":"post_tag","embeddable":true,"href":"https:\/\/www.bellunopress.it\/fr\/wp-json\/wp\/v2\/tags?post=128946"}],"curies":[{"name":"wp","href":"https:\/\/api.w.org\/{rel}","templated":true}]}}