{"id":128938,"date":"2021-10-31T12:55:11","date_gmt":"2021-10-31T11:55:11","guid":{"rendered":"https:\/\/www.bellunopress.it\/?p=128938"},"modified":"2021-11-01T16:12:41","modified_gmt":"2021-11-01T15:12:41","slug":"alethea-wiel-la-scrittrice-inglese-che-amava-venezia-e-salce","status":"publish","type":"post","link":"https:\/\/www.bellunopress.it\/fr\/2021\/10\/31\/alethea-wiel-la-scrittrice-inglese-che-amava-venezia-e-salce\/","title":{"rendered":"Alethea Wiel la scrittrice inglese che amava Venezia e Salce"},"content":{"rendered":"<figure id=\"attachment_128939\" aria-describedby=\"caption-attachment-128939\" style=\"width: 246px\" class=\"wp-caption alignleft\"><img loading=\"lazy\" decoding=\"async\" class=\"size-full wp-image-128939\" src=\"https:\/\/www.bellunopress.it\/wp-content\/uploads\/2021\/10\/Alethea-Jane-Lawley-Wiel_edited.jpg\" alt=\"\" width=\"246\" height=\"440\" srcset=\"https:\/\/www.bellunopress.it\/wp-content\/uploads\/2021\/10\/Alethea-Jane-Lawley-Wiel_edited.jpg 246w, https:\/\/www.bellunopress.it\/wp-content\/uploads\/2021\/10\/Alethea-Jane-Lawley-Wiel_edited-235x420.jpg 235w\" sizes=\"auto, (max-width: 246px) 100vw, 246px\" \/><figcaption id=\"caption-attachment-128939\" class=\"wp-caption-text\">Alethea Jane Lawley Wiel<\/figcaption><\/figure>\n<p>Alethea Jane Lawley Wiel, scrittrice inglese che amava l\u2019Italia, in modo particolare Venezia, muore a Londra il 13 aprile 1929 all\u2019et\u00e0 di 77 anni. Era nata il 9 maggio 1851, figlia del secondo barone Wenlock e sua madre era figlia del marchese di Westminster. Sabato 12 aprile 1890 nella Cappella del Patriarca Cardinale, San Marco a Venezia, Alethea sposa il nobile cavalier Taddeo Wiel, uno dei bibliotecari della Marciana, pioniere della cronologia teatrale veneziana, musicologo e librettista, morto nel 1920.\u00a0Alethea, che per ragioni di salute sceglie di vivere in Italia, \u00e8 affascinata dalle bellezze del nostro Paese. E le descrive in una serie di pubblicazioni: \u201cLa Storia di Verona\u201d, \u201cLa Marina di Venezia\u201d, Una Storia di Venezia: Dalla Fondazione all&#8217;Unit\u00e0 d&#8217;Italia\u201d, \u201cDue Dogi di Venezia\u201d, \u201cLa Storia di Bologna\u201d e altro ancora. Alethea vive per molti anni a Venezia, soggiornando pi\u00f9 volte a villa Pagani-Gaggia a Socchieva (San Fermo, Belluno) dove nel 1943 avr\u00e0 luogo l\u2019incontro tra Hitler e Mussolini. Meta della scrittrice inglese \u00e8 anche villa Corte &#8211; De Bona a Salce (Belluno) all\u2019epoca di propriet\u00e0 di Frederic Eden, prozio del primo ministro britannico Anthony Eden. Frederic Eden \u00e8 un personaggio noto nella Venezia della Belle \u00c9poque, perch\u00e9 nel 1884 con la moglie Caroline, sorella del progettista di giardini Gertrude Jekyll, acquista un&#8217;area di sei acri pari a 24.281 metri quadrati sull&#8217;isola veneziana della Giudecca. La propriet\u00e0 fu successivamente ampliata di altri 8.094 metri quadrati dove i coniugi realizzarono un grande giardino paesaggistico all&#8217;inglese con statue, rose e animali, frequentato da artisti e intellettuali tra cui Marcel Proust, Rainer Maria Rilke, Walter Sickert, Henry James, Eleonora Duse. A raccontare di quel giardino veneziano \u00e8 lo stesso Frederic Eden, che nel 1903 d\u00e0 alle stampe un breve libro dal titolo \u201cUn giardino a Venezia.<\/p>\n<figure id=\"attachment_128940\" aria-describedby=\"caption-attachment-128940\" style=\"width: 500px\" class=\"wp-caption alignleft\"><img loading=\"lazy\" decoding=\"async\" class=\"size-medium wp-image-128940\" src=\"https:\/\/www.bellunopress.it\/wp-content\/uploads\/2021\/10\/affresco-di-Frederic-Eden-nella-villa-Corte-De-Bona_edited-500x356.jpg\" alt=\"\" width=\"500\" height=\"356\" srcset=\"https:\/\/www.bellunopress.it\/wp-content\/uploads\/2021\/10\/affresco-di-Frederic-Eden-nella-villa-Corte-De-Bona_edited-500x356.jpg 500w, https:\/\/www.bellunopress.it\/wp-content\/uploads\/2021\/10\/affresco-di-Frederic-Eden-nella-villa-Corte-De-Bona_edited-696x495.jpg 696w, https:\/\/www.bellunopress.it\/wp-content\/uploads\/2021\/10\/affresco-di-Frederic-Eden-nella-villa-Corte-De-Bona_edited-591x420.jpg 591w, https:\/\/www.bellunopress.it\/wp-content\/uploads\/2021\/10\/affresco-di-Frederic-Eden-nella-villa-Corte-De-Bona_edited-100x70.jpg 100w, https:\/\/www.bellunopress.it\/wp-content\/uploads\/2021\/10\/affresco-di-Frederic-Eden-nella-villa-Corte-De-Bona_edited.jpg 800w\" sizes=\"auto, (max-width: 500px) 100vw, 500px\" \/><figcaption id=\"caption-attachment-128940\" class=\"wp-caption-text\">affresco di Frederic Eden<\/figcaption><\/figure>\n<p>Su The Cornhill Magazine del 1936, Alethea ritrae cos\u00ec la coppia Eden: \u201cFrederic era l\u2019autore di garbati acquerelli della villa dove gli Eden passavano l\u2019estate vicino a Belluno; in quel giardino Eden passava ore disteso sulla chaise-longue (la sua poltrona da riposo con spalliera molto inclinata all&#8217;indietro e sedile prolungato per l&#8217;appoggio delle gambe), circondato dai suoi cani. Aveva una dignit\u00e0 pittoresca, un\u2019aria di gran signore, una urbanit\u00e0 di maniere che affascinava chiunque lo conoscesse\u201d. Della moglie Caroline Eden, che aveva riempito di profumi e colori quel giardino pedemontano a Salce, la descrive come \u201cUna donna, la cui mancanza di egotismo (culto di s\u00e9 e nel compiacimento narcisistico e raffinato della propria persona n.d a.), la rendeva come la persona pi\u00f9 felice che avessi mai conosciuto\u201d. \u201cCaroline Eden &#8211; scrive ancora Alethea Wiel &#8211; sembrava essere il genius loci (lo spirito del luogo n.d a.), la creatura viva che dava anima e splendore a tutte le cose belle che la circondavano. La sua gentilezza e la sua affabilit\u00e0 nel ricevere e nell\u2019accomiatare gli ospiti di ogni et\u00e0, di ogni nazionalit\u00e0, di ogni posizione sociale e temperamento erano tali che la sua presenza e la sua conversazione erano motivo di attrazione per gli invitati i quali inoltre consideravano queste sue doti degne della bellezza del luogo\u201d.<\/p>\n<p><img loading=\"lazy\" decoding=\"async\" class=\"alignleft size-medium wp-image-128941\" src=\"https:\/\/www.bellunopress.it\/wp-content\/uploads\/2021\/10\/Country-Life_edited-316x500.jpg\" alt=\"\" width=\"316\" height=\"500\" srcset=\"https:\/\/www.bellunopress.it\/wp-content\/uploads\/2021\/10\/Country-Life_edited-316x500.jpg 316w, https:\/\/www.bellunopress.it\/wp-content\/uploads\/2021\/10\/Country-Life_edited-266x420.jpg 266w, https:\/\/www.bellunopress.it\/wp-content\/uploads\/2021\/10\/Country-Life_edited.jpg 506w\" sizes=\"auto, (max-width: 316px) 100vw, 316px\" \/>Nella rivista Country Life Illustrated del 20 gennaio 1901, Alethea Wiel dedica un ampio servizio di quella che allora era Villa Eden a Salce. Ecco uno stralcio di quello che scrive: \u201cSulle alture di Salce, piccolo paese sopra Belluno, sorge la Villa Eden. Il suo proprietario, possessore di un grazioso giardino a Venezia &#8211; di cui un avviso \u00e8 apparso su Country Life del 21 luglio 1900 &#8211; ha acquistato da qualche anno la villa che ora porta il suo nome, e vi si reca nei caldi mesi estivi, quando il caldo e le zanzare e lo scirocco di Venezia fanno di quest&#8217;ultimo luogo una residenza un po&#8217; provante. La villa di Salce si erge alta, dominando a meridione la valle del Piave, e dominando la vista di quel fiume che si snoda nel suo ampio letto ghiaioso fino a perdersi dietro le colline che circondano Feltre. In ogni direzione un panorama di valli e montagne incontra l&#8217;occhio. La posizione della villa \u00e8 unica. Pendii boscosi e pascoli che riempiono la media distanza conferiscono alla scena un senso di sorridente prosperit\u00e0 e morbidezza che contrasta prepotentemente con la severa imponenza delle montagne circostanti. Questo angolo del Nord Italia \u00e8 poco conosciuto dalla maggior parte dei viaggiatori inglesi, che si affrettano nel loro cammino verso le Dolomiti e il Cadore senza fermarsi per rendersi conto del glorioso scenario che hanno qui ai loro piedi. La grande catena delle Alpi Giulie sul lato settentrionale del paese, e che separa l&#8217;Italia dall&#8217;Austria, costituisce la caratteristica principale di questo bellissimo paesaggio; mentre una linea pi\u00f9 bassa di colline dall&#8217;altra parte del fiume completa l&#8217;impostazione del quadro. tra queste due catene montuose \u00e8 considerevole, e la distanza dona una sensazione di ampiezza e spazio a questo vaso della valle, che ne esalta non poco la bellezza.<\/p>\n<figure id=\"attachment_128942\" aria-describedby=\"caption-attachment-128942\" style=\"width: 500px\" class=\"wp-caption alignleft\"><img loading=\"lazy\" decoding=\"async\" class=\"size-medium wp-image-128942\" src=\"https:\/\/www.bellunopress.it\/wp-content\/uploads\/2021\/10\/Villa-Corte-ora-De-Bona-primi-900-Frederic-Eden-e-la-moglie-Carolina-Jekyll-carrozza-Vittoria_edited-500x286.jpg\" alt=\"\" width=\"500\" height=\"286\" srcset=\"https:\/\/www.bellunopress.it\/wp-content\/uploads\/2021\/10\/Villa-Corte-ora-De-Bona-primi-900-Frederic-Eden-e-la-moglie-Carolina-Jekyll-carrozza-Vittoria_edited-500x286.jpg 500w, https:\/\/www.bellunopress.it\/wp-content\/uploads\/2021\/10\/Villa-Corte-ora-De-Bona-primi-900-Frederic-Eden-e-la-moglie-Carolina-Jekyll-carrozza-Vittoria_edited-696x398.jpg 696w, https:\/\/www.bellunopress.it\/wp-content\/uploads\/2021\/10\/Villa-Corte-ora-De-Bona-primi-900-Frederic-Eden-e-la-moglie-Carolina-Jekyll-carrozza-Vittoria_edited-734x420.jpg 734w, https:\/\/www.bellunopress.it\/wp-content\/uploads\/2021\/10\/Villa-Corte-ora-De-Bona-primi-900-Frederic-Eden-e-la-moglie-Carolina-Jekyll-carrozza-Vittoria_edited.jpg 800w\" sizes=\"auto, (max-width: 500px) 100vw, 500px\" \/><figcaption id=\"caption-attachment-128942\" class=\"wp-caption-text\">Villa Eden, nei primi del &#8216;900 con Frederic Eden e la moglie Carolina Jekyll, carrozza modello Vittoria<\/figcaption><\/figure>\n<p>La Villa Eden, nata alla fine del Settecento, pass\u00f2 nelle mani di alcuni dei pi\u00f9 importanti famiglie di Belluno prima che i coniugi Frederic e Caroline Eden venissero a prenderne atto e al progetto originario della casa, tuttora esistente, mostra che l&#8217;idea del suo primo proprietario era stata di costruirlo su una scala molto pi\u00f9 ampia di quella che era stata realizzata. La casa, che ora \u00e8 costituita da un bel blocco quadrato in muratura, era originariamente progettata per avere due ali, con dei bei cancelli di ferro e ringhiere fino alla porta d&#8217;ingresso, che si affaccia a sud-est. La mancanza di mezzi probabilmente ha ostacolato l&#8217;esecuzione di questo progetto, ma la sua mancata realizzazione non lascia motivo di rammarico, poich\u00e9 l&#8217;edificio di oggi \u00e8 tutto sufficiente per effetto e comfort, ed \u00e8 allo stesso tempo suggestivo di perfetta proporzione e completezza. mantenuto da un bel portico in pietra che l&#8217;attuale proprietario eresse circa tre o quattro anni fa sul lato sud-est, avendo avuto la fortuna di trovare proprio ci\u00f2 che era richiesto in quanto a datazione e stile in un negozio di antiquariato a Venezia. Il portico funge anche da anticamera della casa: qui a volte si prende il t\u00e8, e nelle sere d&#8217;estate \u00e8 un posto delizioso dove sedersi, distogliendo lo sguardo da un prato in pendenza racchiuso da rigide siepi di carpino, mentre i cieli in alto tremano di miriadi di stelle tutte incastonate nella luce e nella gloria che si possono trovare solo in un cielo italiano e nel bagliore di un&#8217;estate italiana. Un magnifico salone alto, o sala, con un soffitto di larghe traverse, corre per tutta la lunghezza della casa: e i salotti, la sala da pranzo e gli uffici si aprono da questa sala su entrambi i lati. Il pavimento \u00e8 in assi di legno levigato; le pareti sono semplicemente imbiancate, e servono in questo modo a mettere in risalto i numerosi disegni ad acquarello che le adornano, e che sono stati quasi tutti realizzati dal signor Frederic Eden nei suoi viaggi in lungo e in largo in Europa e in Oriente. Questa sala \u00e8 organizzata come un comodo salotto, ed \u00e8 un luogo piacevole in cui rifugiarsi quando il sole di mezzogiorno inonda la casa e il giardino, costringendo uno per forza a cercare riparo dai suoi raggi feroci. Ma anche se un&#8217;estate italiana, anche in montagna, \u00e8 sempre calda, in questa parte del paese non lo \u00e8 in modo prepotente e a Salce si pu\u00f2 godere appieno del fascino di una continua vita all&#8217;aria aperta. Il paesino \u00e8 arroccato a circa 1200 piedi (pari a circa 366 metri. In realt\u00e0 la frazione si trova a 404 metri n. d a.) sul livello del mare, ogni brezza che soffia sulla valle viene catturata dalle sue alture, e per quanto calde possano essere le ore di mezzogiorno, le sere e le mattine sono sempre fredde\u201d.<\/p>\n<p><strong>Roberto De Nart<\/strong><\/p>\n<figure id=\"attachment_128943\" aria-describedby=\"caption-attachment-128943\" style=\"width: 500px\" class=\"wp-caption alignleft\"><img loading=\"lazy\" decoding=\"async\" class=\"size-medium wp-image-128943\" src=\"https:\/\/www.bellunopress.it\/wp-content\/uploads\/2021\/10\/Villa-Corte-De-Bona-Salce_edited-500x375.jpg\" alt=\"\" width=\"500\" height=\"375\" srcset=\"https:\/\/www.bellunopress.it\/wp-content\/uploads\/2021\/10\/Villa-Corte-De-Bona-Salce_edited-500x375.jpg 500w, https:\/\/www.bellunopress.it\/wp-content\/uploads\/2021\/10\/Villa-Corte-De-Bona-Salce_edited-696x522.jpg 696w, https:\/\/www.bellunopress.it\/wp-content\/uploads\/2021\/10\/Villa-Corte-De-Bona-Salce_edited-560x420.jpg 560w, https:\/\/www.bellunopress.it\/wp-content\/uploads\/2021\/10\/Villa-Corte-De-Bona-Salce_edited-80x60.jpg 80w, https:\/\/www.bellunopress.it\/wp-content\/uploads\/2021\/10\/Villa-Corte-De-Bona-Salce_edited-265x198.jpg 265w, https:\/\/www.bellunopress.it\/wp-content\/uploads\/2021\/10\/Villa-Corte-De-Bona-Salce_edited.jpg 800w\" sizes=\"auto, (max-width: 500px) 100vw, 500px\" \/><figcaption id=\"caption-attachment-128943\" class=\"wp-caption-text\">Villa Corte &#8211; Eden &#8211; Murer &#8211; De Bona oggi a Salce (Belluno)<\/figcaption><\/figure>","protected":false},"excerpt":{"rendered":"<p>Alethea Jane Lawley Wiel, scrittrice inglese che amava l\u2019Italia, in modo particolare Venezia, muore a Londra il 13 aprile 1929 all\u2019et\u00e0 di 77 anni. Era nata il 9 maggio 1851, figlia del secondo barone Wenlock e sua madre era figlia del marchese di Westminster. Sabato 12 aprile 1890 nella Cappella del Patriarca Cardinale, San Marco [&hellip;]<\/p>\n","protected":false},"author":2,"featured_media":128939,"comment_status":"closed","ping_status":"open","sticky":false,"template":"","format":"standard","meta":{"footnotes":""},"categories":[3,3446,49,26],"tags":[],"class_list":["post-128938","post","type-post","status-publish","format-standard","has-post-thumbnail","category-arte-cultura-spettacoli-scienza-archivi","category-featured","category-speciali","category-prima-pagina"],"yoast_head":"<!-- This site is optimized with the Yoast SEO plugin v28.4 - https:\/\/yoast.com\/product\/yoast-seo-wordpress\/ -->\n<title>Alethea Wiel la scrittrice inglese che amava Venezia e Salce - Bellunopress - Dolomiti<\/title>\n<meta name=\"robots\" content=\"index, follow, max-snippet:-1, max-image-preview:large, max-video-preview:-1\" \/>\n<link rel=\"canonical\" href=\"https:\/\/www.bellunopress.it\/fr\/2021\/10\/31\/alethea-wiel-la-scrittrice-inglese-che-amava-venezia-e-salce\/\" \/>\n<meta property=\"og:locale\" content=\"fr_FR\" \/>\n<meta property=\"og:type\" content=\"article\" \/>\n<meta property=\"og:title\" content=\"Alethea Wiel la scrittrice inglese che amava Venezia e Salce - Bellunopress - Dolomiti\" \/>\n<meta property=\"og:description\" content=\"Alethea Jane Lawley Wiel, scrittrice inglese che amava l\u2019Italia, in modo particolare Venezia, muore a Londra il 13 aprile 1929 all\u2019et\u00e0 di 77 anni. Era nata il 9 maggio 1851, figlia del secondo barone Wenlock e sua madre era figlia del marchese di Westminster. Sabato 12 aprile 1890 nella Cappella del Patriarca Cardinale, San Marco [&hellip;]\" \/>\n<meta property=\"og:url\" content=\"https:\/\/www.bellunopress.it\/fr\/2021\/10\/31\/alethea-wiel-la-scrittrice-inglese-che-amava-venezia-e-salce\/\" \/>\n<meta property=\"og:site_name\" content=\"Bellunopress - Dolomiti\" \/>\n<meta property=\"article:publisher\" content=\"https:\/\/www.facebook.com\/profile.php?id=100008943462799\" \/>\n<meta property=\"article:published_time\" content=\"2021-10-31T11:55:11+00:00\" \/>\n<meta property=\"article:modified_time\" content=\"2021-11-01T15:12:41+00:00\" \/>\n<meta property=\"og:image\" content=\"https:\/\/www.bellunopress.it\/wp-content\/uploads\/2021\/10\/Alethea-Jane-Lawley-Wiel_edited.jpg\" \/>\n\t<meta property=\"og:image:width\" content=\"246\" \/>\n\t<meta property=\"og:image:height\" content=\"440\" \/>\n\t<meta property=\"og:image:type\" content=\"image\/jpeg\" \/>\n<meta name=\"author\" content=\"redazione\" \/>\n<meta name=\"twitter:card\" content=\"summary_large_image\" \/>\n<meta name=\"twitter:creator\" content=\"@bellunopress\" \/>\n<meta name=\"twitter:site\" content=\"@bellunopress\" \/>\n<meta name=\"twitter:label1\" content=\"Written by\" \/>\n\t<meta name=\"twitter:data1\" content=\"redazione\" \/>\n\t<meta name=\"twitter:label2\" content=\"Est. reading time\" \/>\n\t<meta name=\"twitter:data2\" content=\"7 minutes\" \/>\n<script type=\"application\/ld+json\" class=\"yoast-schema-graph\">{\"@context\":\"https:\\\/\\\/schema.org\",\"@graph\":[{\"@type\":\"Article\",\"@id\":\"https:\\\/\\\/www.bellunopress.it\\\/2021\\\/10\\\/31\\\/alethea-wiel-la-scrittrice-inglese-che-amava-venezia-e-salce\\\/#article\",\"isPartOf\":{\"@id\":\"https:\\\/\\\/www.bellunopress.it\\\/2021\\\/10\\\/31\\\/alethea-wiel-la-scrittrice-inglese-che-amava-venezia-e-salce\\\/\"},\"author\":{\"name\":\"redazione\",\"@id\":\"https:\\\/\\\/www.bellunopress.it\\\/#\\\/schema\\\/person\\\/79bb06722b37ece1c03d3e94beb30d73\"},\"headline\":\"Alethea Wiel la scrittrice inglese che amava Venezia e Salce\",\"datePublished\":\"2021-10-31T11:55:11+00:00\",\"dateModified\":\"2021-11-01T15:12:41+00:00\",\"mainEntityOfPage\":{\"@id\":\"https:\\\/\\\/www.bellunopress.it\\\/2021\\\/10\\\/31\\\/alethea-wiel-la-scrittrice-inglese-che-amava-venezia-e-salce\\\/\"},\"wordCount\":1364,\"publisher\":{\"@id\":\"https:\\\/\\\/www.bellunopress.it\\\/#organization\"},\"image\":{\"@id\":\"https:\\\/\\\/www.bellunopress.it\\\/2021\\\/10\\\/31\\\/alethea-wiel-la-scrittrice-inglese-che-amava-venezia-e-salce\\\/#primaryimage\"},\"thumbnailUrl\":\"https:\\\/\\\/www.bellunopress.it\\\/wp-content\\\/uploads\\\/2021\\\/10\\\/Alethea-Jane-Lawley-Wiel_edited.jpg\",\"articleSection\":[\"Arte, Cultura, Spettacoli, Scienza\",\"Featured\",\"Gli speciali di Bellunopress\",\"Prima Pagina\"],\"inLanguage\":\"fr-FR\"},{\"@type\":\"WebPage\",\"@id\":\"https:\\\/\\\/www.bellunopress.it\\\/2021\\\/10\\\/31\\\/alethea-wiel-la-scrittrice-inglese-che-amava-venezia-e-salce\\\/\",\"url\":\"https:\\\/\\\/www.bellunopress.it\\\/2021\\\/10\\\/31\\\/alethea-wiel-la-scrittrice-inglese-che-amava-venezia-e-salce\\\/\",\"name\":\"Alethea Wiel la scrittrice inglese che amava Venezia e Salce - Bellunopress - Dolomiti\",\"isPartOf\":{\"@id\":\"https:\\\/\\\/www.bellunopress.it\\\/#website\"},\"primaryImageOfPage\":{\"@id\":\"https:\\\/\\\/www.bellunopress.it\\\/2021\\\/10\\\/31\\\/alethea-wiel-la-scrittrice-inglese-che-amava-venezia-e-salce\\\/#primaryimage\"},\"image\":{\"@id\":\"https:\\\/\\\/www.bellunopress.it\\\/2021\\\/10\\\/31\\\/alethea-wiel-la-scrittrice-inglese-che-amava-venezia-e-salce\\\/#primaryimage\"},\"thumbnailUrl\":\"https:\\\/\\\/www.bellunopress.it\\\/wp-content\\\/uploads\\\/2021\\\/10\\\/Alethea-Jane-Lawley-Wiel_edited.jpg\",\"datePublished\":\"2021-10-31T11:55:11+00:00\",\"dateModified\":\"2021-11-01T15:12:41+00:00\",\"breadcrumb\":{\"@id\":\"https:\\\/\\\/www.bellunopress.it\\\/2021\\\/10\\\/31\\\/alethea-wiel-la-scrittrice-inglese-che-amava-venezia-e-salce\\\/#breadcrumb\"},\"inLanguage\":\"fr-FR\",\"potentialAction\":[{\"@type\":\"ReadAction\",\"target\":[\"https:\\\/\\\/www.bellunopress.it\\\/2021\\\/10\\\/31\\\/alethea-wiel-la-scrittrice-inglese-che-amava-venezia-e-salce\\\/\"]}]},{\"@type\":\"ImageObject\",\"inLanguage\":\"fr-FR\",\"@id\":\"https:\\\/\\\/www.bellunopress.it\\\/2021\\\/10\\\/31\\\/alethea-wiel-la-scrittrice-inglese-che-amava-venezia-e-salce\\\/#primaryimage\",\"url\":\"https:\\\/\\\/www.bellunopress.it\\\/wp-content\\\/uploads\\\/2021\\\/10\\\/Alethea-Jane-Lawley-Wiel_edited.jpg\",\"contentUrl\":\"https:\\\/\\\/www.bellunopress.it\\\/wp-content\\\/uploads\\\/2021\\\/10\\\/Alethea-Jane-Lawley-Wiel_edited.jpg\",\"width\":246,\"height\":440,\"caption\":\"Alethea Jane Lawley Wiel\"},{\"@type\":\"BreadcrumbList\",\"@id\":\"https:\\\/\\\/www.bellunopress.it\\\/2021\\\/10\\\/31\\\/alethea-wiel-la-scrittrice-inglese-che-amava-venezia-e-salce\\\/#breadcrumb\",\"itemListElement\":[{\"@type\":\"ListItem\",\"position\":1,\"name\":\"Home\",\"item\":\"https:\\\/\\\/www.bellunopress.it\\\/\"},{\"@type\":\"ListItem\",\"position\":2,\"name\":\"Alethea Wiel la scrittrice inglese che amava Venezia e Salce\"}]},{\"@type\":\"WebSite\",\"@id\":\"https:\\\/\\\/www.bellunopress.it\\\/#website\",\"url\":\"https:\\\/\\\/www.bellunopress.it\\\/\",\"name\":\"Bellunopress - Dolomiti\",\"description\":\"e-mail: redazione@bellunopress.it\",\"publisher\":{\"@id\":\"https:\\\/\\\/www.bellunopress.it\\\/#organization\"},\"potentialAction\":[{\"@type\":\"SearchAction\",\"target\":{\"@type\":\"EntryPoint\",\"urlTemplate\":\"https:\\\/\\\/www.bellunopress.it\\\/?s={search_term_string}\"},\"query-input\":{\"@type\":\"PropertyValueSpecification\",\"valueRequired\":true,\"valueName\":\"search_term_string\"}}],\"inLanguage\":\"fr-FR\"},{\"@type\":\"Organization\",\"@id\":\"https:\\\/\\\/www.bellunopress.it\\\/#organization\",\"name\":\"Bellunopress\",\"url\":\"https:\\\/\\\/www.bellunopress.it\\\/\",\"logo\":{\"@type\":\"ImageObject\",\"inLanguage\":\"fr-FR\",\"@id\":\"https:\\\/\\\/www.bellunopress.it\\\/#\\\/schema\\\/logo\\\/image\\\/\",\"url\":\"https:\\\/\\\/www.bellunopress.it\\\/wp-content\\\/uploads\\\/2011\\\/05\\\/cropped-logo-bellunopress-.jpg\",\"contentUrl\":\"https:\\\/\\\/www.bellunopress.it\\\/wp-content\\\/uploads\\\/2011\\\/05\\\/cropped-logo-bellunopress-.jpg\",\"width\":512,\"height\":512,\"caption\":\"Bellunopress\"},\"image\":{\"@id\":\"https:\\\/\\\/www.bellunopress.it\\\/#\\\/schema\\\/logo\\\/image\\\/\"},\"sameAs\":[\"https:\\\/\\\/www.facebook.com\\\/profile.php?id=100008943462799\",\"https:\\\/\\\/x.com\\\/bellunopress\",\"https:\\\/\\\/www.linkedin.com\\\/hp\\\/?dnr=JBzUWaJfMUw8vbXJJ2tVW5-I3jZKvC4wsoxE&amp;amp;amp;amp;amp;amp;trk=nav_responsive_tab_home\",\"https:\\\/\\\/www.youtube.com\\\/channel\\\/UCxL0wu1uN0_3_7hGG0306cw\"]},{\"@type\":\"Person\",\"@id\":\"https:\\\/\\\/www.bellunopress.it\\\/#\\\/schema\\\/person\\\/79bb06722b37ece1c03d3e94beb30d73\",\"name\":\"redazione\",\"image\":{\"@type\":\"ImageObject\",\"inLanguage\":\"fr-FR\",\"@id\":\"https:\\\/\\\/secure.gravatar.com\\\/avatar\\\/37d968a2e67a6fd04c169c4bdef102d0bc5d31b2546345219e348575eb80e9a0?s=96&d=mm&r=g\",\"url\":\"https:\\\/\\\/secure.gravatar.com\\\/avatar\\\/37d968a2e67a6fd04c169c4bdef102d0bc5d31b2546345219e348575eb80e9a0?s=96&d=mm&r=g\",\"contentUrl\":\"https:\\\/\\\/secure.gravatar.com\\\/avatar\\\/37d968a2e67a6fd04c169c4bdef102d0bc5d31b2546345219e348575eb80e9a0?s=96&d=mm&r=g\",\"caption\":\"redazione\"},\"sameAs\":[\"http:\\\/\\\/www.bellunopress.it\",\"https:\\\/\\\/x.com\\\/bellunopress\"],\"url\":\"https:\\\/\\\/www.bellunopress.it\\\/fr\\\/author\\\/redazione\\\/\"}]}<\/script>\n<!-- \/ Yoast SEO plugin. -->","yoast_head_json":{"title":"Alethea Wiel la scrittrice inglese che amava Venezia e Salce - Bellunopress - Dolomiti","robots":{"index":"index","follow":"follow","max-snippet":"max-snippet:-1","max-image-preview":"max-image-preview:large","max-video-preview":"max-video-preview:-1"},"canonical":"https:\/\/www.bellunopress.it\/fr\/2021\/10\/31\/alethea-wiel-la-scrittrice-inglese-che-amava-venezia-e-salce\/","og_locale":"fr_FR","og_type":"article","og_title":"Alethea Wiel la scrittrice inglese che amava Venezia e Salce - Bellunopress - Dolomiti","og_description":"Alethea Jane Lawley Wiel, scrittrice inglese che amava l\u2019Italia, in modo particolare Venezia, muore a Londra il 13 aprile 1929 all\u2019et\u00e0 di 77 anni. Era nata il 9 maggio 1851, figlia del secondo barone Wenlock e sua madre era figlia del marchese di Westminster. Sabato 12 aprile 1890 nella Cappella del Patriarca Cardinale, San Marco [&hellip;]","og_url":"https:\/\/www.bellunopress.it\/fr\/2021\/10\/31\/alethea-wiel-la-scrittrice-inglese-che-amava-venezia-e-salce\/","og_site_name":"Bellunopress - Dolomiti","article_publisher":"https:\/\/www.facebook.com\/profile.php?id=100008943462799","article_published_time":"2021-10-31T11:55:11+00:00","article_modified_time":"2021-11-01T15:12:41+00:00","og_image":[{"width":246,"height":440,"url":"https:\/\/www.bellunopress.it\/wp-content\/uploads\/2021\/10\/Alethea-Jane-Lawley-Wiel_edited.jpg","type":"image\/jpeg"}],"author":"redazione","twitter_card":"summary_large_image","twitter_creator":"@bellunopress","twitter_site":"@bellunopress","twitter_misc":{"Written by":"redazione","Est. reading time":"7 minutes"},"schema":{"@context":"https:\/\/schema.org","@graph":[{"@type":"Article","@id":"https:\/\/www.bellunopress.it\/2021\/10\/31\/alethea-wiel-la-scrittrice-inglese-che-amava-venezia-e-salce\/#article","isPartOf":{"@id":"https:\/\/www.bellunopress.it\/2021\/10\/31\/alethea-wiel-la-scrittrice-inglese-che-amava-venezia-e-salce\/"},"author":{"name":"redazione","@id":"https:\/\/www.bellunopress.it\/#\/schema\/person\/79bb06722b37ece1c03d3e94beb30d73"},"headline":"Alethea Wiel la scrittrice inglese che amava Venezia e Salce","datePublished":"2021-10-31T11:55:11+00:00","dateModified":"2021-11-01T15:12:41+00:00","mainEntityOfPage":{"@id":"https:\/\/www.bellunopress.it\/2021\/10\/31\/alethea-wiel-la-scrittrice-inglese-che-amava-venezia-e-salce\/"},"wordCount":1364,"publisher":{"@id":"https:\/\/www.bellunopress.it\/#organization"},"image":{"@id":"https:\/\/www.bellunopress.it\/2021\/10\/31\/alethea-wiel-la-scrittrice-inglese-che-amava-venezia-e-salce\/#primaryimage"},"thumbnailUrl":"https:\/\/www.bellunopress.it\/wp-content\/uploads\/2021\/10\/Alethea-Jane-Lawley-Wiel_edited.jpg","articleSection":["Arte, Cultura, Spettacoli, Scienza","Featured","Gli speciali di Bellunopress","Prima Pagina"],"inLanguage":"fr-FR"},{"@type":"WebPage","@id":"https:\/\/www.bellunopress.it\/2021\/10\/31\/alethea-wiel-la-scrittrice-inglese-che-amava-venezia-e-salce\/","url":"https:\/\/www.bellunopress.it\/2021\/10\/31\/alethea-wiel-la-scrittrice-inglese-che-amava-venezia-e-salce\/","name":"Alethea Wiel la scrittrice inglese che amava Venezia e Salce - Bellunopress - Dolomiti","isPartOf":{"@id":"https:\/\/www.bellunopress.it\/#website"},"primaryImageOfPage":{"@id":"https:\/\/www.bellunopress.it\/2021\/10\/31\/alethea-wiel-la-scrittrice-inglese-che-amava-venezia-e-salce\/#primaryimage"},"image":{"@id":"https:\/\/www.bellunopress.it\/2021\/10\/31\/alethea-wiel-la-scrittrice-inglese-che-amava-venezia-e-salce\/#primaryimage"},"thumbnailUrl":"https:\/\/www.bellunopress.it\/wp-content\/uploads\/2021\/10\/Alethea-Jane-Lawley-Wiel_edited.jpg","datePublished":"2021-10-31T11:55:11+00:00","dateModified":"2021-11-01T15:12:41+00:00","breadcrumb":{"@id":"https:\/\/www.bellunopress.it\/2021\/10\/31\/alethea-wiel-la-scrittrice-inglese-che-amava-venezia-e-salce\/#breadcrumb"},"inLanguage":"fr-FR","potentialAction":[{"@type":"ReadAction","target":["https:\/\/www.bellunopress.it\/2021\/10\/31\/alethea-wiel-la-scrittrice-inglese-che-amava-venezia-e-salce\/"]}]},{"@type":"ImageObject","inLanguage":"fr-FR","@id":"https:\/\/www.bellunopress.it\/2021\/10\/31\/alethea-wiel-la-scrittrice-inglese-che-amava-venezia-e-salce\/#primaryimage","url":"https:\/\/www.bellunopress.it\/wp-content\/uploads\/2021\/10\/Alethea-Jane-Lawley-Wiel_edited.jpg","contentUrl":"https:\/\/www.bellunopress.it\/wp-content\/uploads\/2021\/10\/Alethea-Jane-Lawley-Wiel_edited.jpg","width":246,"height":440,"caption":"Alethea Jane Lawley Wiel"},{"@type":"BreadcrumbList","@id":"https:\/\/www.bellunopress.it\/2021\/10\/31\/alethea-wiel-la-scrittrice-inglese-che-amava-venezia-e-salce\/#breadcrumb","itemListElement":[{"@type":"ListItem","position":1,"name":"Home","item":"https:\/\/www.bellunopress.it\/"},{"@type":"ListItem","position":2,"name":"Alethea Wiel la scrittrice inglese che amava Venezia e Salce"}]},{"@type":"WebSite","@id":"https:\/\/www.bellunopress.it\/#website","url":"https:\/\/www.bellunopress.it\/","name":"Bellunopress - Dolomiti","description":"e-mail: redazione@bellunopress.it","publisher":{"@id":"https:\/\/www.bellunopress.it\/#organization"},"potentialAction":[{"@type":"SearchAction","target":{"@type":"EntryPoint","urlTemplate":"https:\/\/www.bellunopress.it\/?s={search_term_string}"},"query-input":{"@type":"PropertyValueSpecification","valueRequired":true,"valueName":"search_term_string"}}],"inLanguage":"fr-FR"},{"@type":"Organization","@id":"https:\/\/www.bellunopress.it\/#organization","name":"Bellunopress","url":"https:\/\/www.bellunopress.it\/","logo":{"@type":"ImageObject","inLanguage":"fr-FR","@id":"https:\/\/www.bellunopress.it\/#\/schema\/logo\/image\/","url":"https:\/\/www.bellunopress.it\/wp-content\/uploads\/2011\/05\/cropped-logo-bellunopress-.jpg","contentUrl":"https:\/\/www.bellunopress.it\/wp-content\/uploads\/2011\/05\/cropped-logo-bellunopress-.jpg","width":512,"height":512,"caption":"Bellunopress"},"image":{"@id":"https:\/\/www.bellunopress.it\/#\/schema\/logo\/image\/"},"sameAs":["https:\/\/www.facebook.com\/profile.php?id=100008943462799","https:\/\/x.com\/bellunopress","https:\/\/www.linkedin.com\/hp\/?dnr=JBzUWaJfMUw8vbXJJ2tVW5-I3jZKvC4wsoxE&amp;amp;amp;amp;amp;amp;trk=nav_responsive_tab_home","https:\/\/www.youtube.com\/channel\/UCxL0wu1uN0_3_7hGG0306cw"]},{"@type":"Person","@id":"https:\/\/www.bellunopress.it\/#\/schema\/person\/79bb06722b37ece1c03d3e94beb30d73","name":"r\u00e9daction","image":{"@type":"ImageObject","inLanguage":"fr-FR","@id":"https:\/\/secure.gravatar.com\/avatar\/37d968a2e67a6fd04c169c4bdef102d0bc5d31b2546345219e348575eb80e9a0?s=96&d=mm&r=g","url":"https:\/\/secure.gravatar.com\/avatar\/37d968a2e67a6fd04c169c4bdef102d0bc5d31b2546345219e348575eb80e9a0?s=96&d=mm&r=g","contentUrl":"https:\/\/secure.gravatar.com\/avatar\/37d968a2e67a6fd04c169c4bdef102d0bc5d31b2546345219e348575eb80e9a0?s=96&d=mm&r=g","caption":"redazione"},"sameAs":["http:\/\/www.bellunopress.it","https:\/\/x.com\/bellunopress"],"url":"https:\/\/www.bellunopress.it\/fr\/author\/redazione\/"}]}},"_links":{"self":[{"href":"https:\/\/www.bellunopress.it\/fr\/wp-json\/wp\/v2\/posts\/128938","targetHints":{"allow":["GET"]}}],"collection":[{"href":"https:\/\/www.bellunopress.it\/fr\/wp-json\/wp\/v2\/posts"}],"about":[{"href":"https:\/\/www.bellunopress.it\/fr\/wp-json\/wp\/v2\/types\/post"}],"author":[{"embeddable":true,"href":"https:\/\/www.bellunopress.it\/fr\/wp-json\/wp\/v2\/users\/2"}],"replies":[{"embeddable":true,"href":"https:\/\/www.bellunopress.it\/fr\/wp-json\/wp\/v2\/comments?post=128938"}],"version-history":[{"count":6,"href":"https:\/\/www.bellunopress.it\/fr\/wp-json\/wp\/v2\/posts\/128938\/revisions"}],"predecessor-version":[{"id":128966,"href":"https:\/\/www.bellunopress.it\/fr\/wp-json\/wp\/v2\/posts\/128938\/revisions\/128966"}],"wp:featuredmedia":[{"embeddable":true,"href":"https:\/\/www.bellunopress.it\/fr\/wp-json\/wp\/v2\/media\/128939"}],"wp:attachment":[{"href":"https:\/\/www.bellunopress.it\/fr\/wp-json\/wp\/v2\/media?parent=128938"}],"wp:term":[{"taxonomy":"category","embeddable":true,"href":"https:\/\/www.bellunopress.it\/fr\/wp-json\/wp\/v2\/categories?post=128938"},{"taxonomy":"post_tag","embeddable":true,"href":"https:\/\/www.bellunopress.it\/fr\/wp-json\/wp\/v2\/tags?post=128938"}],"curies":[{"name":"wp","href":"https:\/\/api.w.org\/{rel}","templated":true}]}}