{"id":128930,"date":"2021-10-30T20:32:16","date_gmt":"2021-10-30T18:32:16","guid":{"rendered":"https:\/\/www.bellunopress.it\/?p=128930"},"modified":"2021-10-30T20:32:16","modified_gmt":"2021-10-30T18:32:16","slug":"no-green-pass-14-belluno-prosegue-la-protesta-in-piazza-duomo","status":"publish","type":"post","link":"https:\/\/www.bellunopress.it\/fr\/2021\/10\/30\/no-green-pass-14-belluno-prosegue-la-protesta-in-piazza-duomo\/","title":{"rendered":"No green pass 14 Belluno. Prosegue la protesta in piazza Duomo"},"content":{"rendered":"<p><img loading=\"lazy\" decoding=\"async\" class=\"alignleft size-medium wp-image-128931\" src=\"https:\/\/www.bellunopress.it\/wp-content\/uploads\/2021\/10\/no-green-pass-14_edited-500x375.jpg\" alt=\"\" width=\"500\" height=\"375\" srcset=\"https:\/\/www.bellunopress.it\/wp-content\/uploads\/2021\/10\/no-green-pass-14_edited-500x375.jpg 500w, https:\/\/www.bellunopress.it\/wp-content\/uploads\/2021\/10\/no-green-pass-14_edited-696x522.jpg 696w, https:\/\/www.bellunopress.it\/wp-content\/uploads\/2021\/10\/no-green-pass-14_edited-560x420.jpg 560w, https:\/\/www.bellunopress.it\/wp-content\/uploads\/2021\/10\/no-green-pass-14_edited-80x60.jpg 80w, https:\/\/www.bellunopress.it\/wp-content\/uploads\/2021\/10\/no-green-pass-14_edited-265x198.jpg 265w, https:\/\/www.bellunopress.it\/wp-content\/uploads\/2021\/10\/no-green-pass-14_edited.jpg 800w\" sizes=\"auto, (max-width: 500px) 100vw, 500px\" \/>Belluno, 30 ottobre 2021 &#8211; Cessato &#8220;l&#8217;effetto Puzzer,&#8221; il portuale triestino leader del Coordinamento 15 ottobre, questa sera in piazza Duomo non c&#8217;era il pienone della scorsa settimana. Le sue parole sono state comunque evocate da chi si \u00e8 altrenato sul palco. Stefano Puzzer, divenuto l&#8217;icona della protesta contro il green pass ha fatto sapere attraverso un video diffuso ieri dai social che marted\u00ec 2 novembre avr\u00e0 luogo una &#8220;iniziativa, legale e pacifica&#8221; per sollecitare il governo che non ha dato risposte alla protesta.<\/p>\n<p>Quella di stasera a Belluno, \u00e8 la 13ma settimana consecutiva e la 14ma manifestazione organizzata dal popolo del dissenso, che chiede l&#8217;abolizione del greenpass. Un provvedimento considerato una forzatura, oltre che una ipocrisia del governo per non aver imposto subito l\u2019obbligo vaccinale. Anche perch\u00e9, molto probabilmente, tale obbligo non avrebbe superato il vaglio di un ricorso alla Corte Costituzionale.<\/p>\n<p>&nbsp;<\/p>","protected":false},"excerpt":{"rendered":"<p>Belluno, 30 ottobre 2021 &#8211; Cessato &#8220;l&#8217;effetto Puzzer,&#8221; il portuale triestino leader del Coordinamento 15 ottobre, questa sera in piazza Duomo non c&#8217;era il pienone della scorsa settimana. Le sue parole sono state comunque evocate da chi si \u00e8 altrenato sul palco. Stefano Puzzer, divenuto l&#8217;icona della protesta contro il green pass ha fatto sapere [&hellip;]<\/p>\n","protected":false},"author":2,"featured_media":128931,"comment_status":"closed","ping_status":"open","sticky":false,"template":"","format":"standard","meta":{"footnotes":""},"categories":[5],"tags":[],"class_list":["post-128930","post","type-post","status-publish","format-standard","has-post-thumbnail","category-cronaca"],"yoast_head":"<!-- This site is optimized with the Yoast SEO plugin v28.4 - https:\/\/yoast.com\/product\/yoast-seo-wordpress\/ -->\n<title>No green pass 14 Belluno. Prosegue la protesta in piazza Duomo - Bellunopress - Dolomiti<\/title>\n<meta name=\"robots\" content=\"index, follow, max-snippet:-1, max-image-preview:large, max-video-preview:-1\" \/>\n<link rel=\"canonical\" href=\"https:\/\/www.bellunopress.it\/fr\/2021\/10\/30\/no-green-pass-14-belluno-prosegue-la-protesta-in-piazza-duomo\/\" \/>\n<meta property=\"og:locale\" content=\"fr_FR\" \/>\n<meta property=\"og:type\" content=\"article\" \/>\n<meta property=\"og:title\" content=\"No green pass 14 Belluno. Prosegue la protesta in piazza Duomo - Bellunopress - Dolomiti\" \/>\n<meta property=\"og:description\" content=\"Belluno, 30 ottobre 2021 &#8211; Cessato &#8220;l&#8217;effetto Puzzer,&#8221; il portuale triestino leader del Coordinamento 15 ottobre, questa sera in piazza Duomo non c&#8217;era il pienone della scorsa settimana. Le sue parole sono state comunque evocate da chi si \u00e8 altrenato sul palco. Stefano Puzzer, divenuto l&#8217;icona della protesta contro il green pass ha fatto sapere [&hellip;]\" \/>\n<meta property=\"og:url\" content=\"https:\/\/www.bellunopress.it\/fr\/2021\/10\/30\/no-green-pass-14-belluno-prosegue-la-protesta-in-piazza-duomo\/\" \/>\n<meta property=\"og:site_name\" content=\"Bellunopress - Dolomiti\" \/>\n<meta property=\"article:publisher\" content=\"https:\/\/www.facebook.com\/profile.php?id=100008943462799\" \/>\n<meta property=\"article:published_time\" content=\"2021-10-30T18:32:16+00:00\" \/>\n<meta property=\"og:image\" content=\"https:\/\/www.bellunopress.it\/wp-content\/uploads\/2021\/10\/no-green-pass-14_edited.jpg\" \/>\n\t<meta property=\"og:image:width\" content=\"800\" \/>\n\t<meta property=\"og:image:height\" content=\"600\" \/>\n\t<meta property=\"og:image:type\" content=\"image\/jpeg\" \/>\n<meta name=\"author\" content=\"redazione\" \/>\n<meta name=\"twitter:card\" content=\"summary_large_image\" \/>\n<meta name=\"twitter:creator\" content=\"@bellunopress\" \/>\n<meta name=\"twitter:site\" content=\"@bellunopress\" \/>\n<meta name=\"twitter:label1\" content=\"\u00c9crit par\" \/>\n\t<meta name=\"twitter:data1\" content=\"redazione\" \/>\n\t<meta name=\"twitter:label2\" content=\"Dur\u00e9e de lecture estim\u00e9e\" \/>\n\t<meta name=\"twitter:data2\" content=\"1 minute\" \/>\n<script type=\"application\/ld+json\" class=\"yoast-schema-graph\">{\"@context\":\"https:\\\/\\\/schema.org\",\"@graph\":[{\"@type\":\"Article\",\"@id\":\"https:\\\/\\\/www.bellunopress.it\\\/2021\\\/10\\\/30\\\/no-green-pass-14-belluno-prosegue-la-protesta-in-piazza-duomo\\\/#article\",\"isPartOf\":{\"@id\":\"https:\\\/\\\/www.bellunopress.it\\\/2021\\\/10\\\/30\\\/no-green-pass-14-belluno-prosegue-la-protesta-in-piazza-duomo\\\/\"},\"author\":{\"name\":\"redazione\",\"@id\":\"https:\\\/\\\/www.bellunopress.it\\\/#\\\/schema\\\/person\\\/79bb06722b37ece1c03d3e94beb30d73\"},\"headline\":\"No green pass 14 Belluno. Prosegue la protesta in piazza Duomo\",\"datePublished\":\"2021-10-30T18:32:16+00:00\",\"mainEntityOfPage\":{\"@id\":\"https:\\\/\\\/www.bellunopress.it\\\/2021\\\/10\\\/30\\\/no-green-pass-14-belluno-prosegue-la-protesta-in-piazza-duomo\\\/\"},\"wordCount\":153,\"publisher\":{\"@id\":\"https:\\\/\\\/www.bellunopress.it\\\/#organization\"},\"image\":{\"@id\":\"https:\\\/\\\/www.bellunopress.it\\\/2021\\\/10\\\/30\\\/no-green-pass-14-belluno-prosegue-la-protesta-in-piazza-duomo\\\/#primaryimage\"},\"thumbnailUrl\":\"https:\\\/\\\/www.bellunopress.it\\\/wp-content\\\/uploads\\\/2021\\\/10\\\/no-green-pass-14_edited.jpg\",\"articleSection\":[\"Cronaca\\\/Politica\"],\"inLanguage\":\"fr-FR\"},{\"@type\":\"WebPage\",\"@id\":\"https:\\\/\\\/www.bellunopress.it\\\/2021\\\/10\\\/30\\\/no-green-pass-14-belluno-prosegue-la-protesta-in-piazza-duomo\\\/\",\"url\":\"https:\\\/\\\/www.bellunopress.it\\\/2021\\\/10\\\/30\\\/no-green-pass-14-belluno-prosegue-la-protesta-in-piazza-duomo\\\/\",\"name\":\"No green pass 14 Belluno. Prosegue la protesta in piazza Duomo - Bellunopress - Dolomiti\",\"isPartOf\":{\"@id\":\"https:\\\/\\\/www.bellunopress.it\\\/#website\"},\"primaryImageOfPage\":{\"@id\":\"https:\\\/\\\/www.bellunopress.it\\\/2021\\\/10\\\/30\\\/no-green-pass-14-belluno-prosegue-la-protesta-in-piazza-duomo\\\/#primaryimage\"},\"image\":{\"@id\":\"https:\\\/\\\/www.bellunopress.it\\\/2021\\\/10\\\/30\\\/no-green-pass-14-belluno-prosegue-la-protesta-in-piazza-duomo\\\/#primaryimage\"},\"thumbnailUrl\":\"https:\\\/\\\/www.bellunopress.it\\\/wp-content\\\/uploads\\\/2021\\\/10\\\/no-green-pass-14_edited.jpg\",\"datePublished\":\"2021-10-30T18:32:16+00:00\",\"breadcrumb\":{\"@id\":\"https:\\\/\\\/www.bellunopress.it\\\/2021\\\/10\\\/30\\\/no-green-pass-14-belluno-prosegue-la-protesta-in-piazza-duomo\\\/#breadcrumb\"},\"inLanguage\":\"fr-FR\",\"potentialAction\":[{\"@type\":\"ReadAction\",\"target\":[\"https:\\\/\\\/www.bellunopress.it\\\/2021\\\/10\\\/30\\\/no-green-pass-14-belluno-prosegue-la-protesta-in-piazza-duomo\\\/\"]}]},{\"@type\":\"ImageObject\",\"inLanguage\":\"fr-FR\",\"@id\":\"https:\\\/\\\/www.bellunopress.it\\\/2021\\\/10\\\/30\\\/no-green-pass-14-belluno-prosegue-la-protesta-in-piazza-duomo\\\/#primaryimage\",\"url\":\"https:\\\/\\\/www.bellunopress.it\\\/wp-content\\\/uploads\\\/2021\\\/10\\\/no-green-pass-14_edited.jpg\",\"contentUrl\":\"https:\\\/\\\/www.bellunopress.it\\\/wp-content\\\/uploads\\\/2021\\\/10\\\/no-green-pass-14_edited.jpg\",\"width\":800,\"height\":600},{\"@type\":\"BreadcrumbList\",\"@id\":\"https:\\\/\\\/www.bellunopress.it\\\/2021\\\/10\\\/30\\\/no-green-pass-14-belluno-prosegue-la-protesta-in-piazza-duomo\\\/#breadcrumb\",\"itemListElement\":[{\"@type\":\"ListItem\",\"position\":1,\"name\":\"Home\",\"item\":\"https:\\\/\\\/www.bellunopress.it\\\/\"},{\"@type\":\"ListItem\",\"position\":2,\"name\":\"No green pass 14 Belluno. Prosegue la protesta in piazza Duomo\"}]},{\"@type\":\"WebSite\",\"@id\":\"https:\\\/\\\/www.bellunopress.it\\\/#website\",\"url\":\"https:\\\/\\\/www.bellunopress.it\\\/\",\"name\":\"Bellunopress - Dolomiti\",\"description\":\"e-mail: redazione@bellunopress.it\",\"publisher\":{\"@id\":\"https:\\\/\\\/www.bellunopress.it\\\/#organization\"},\"potentialAction\":[{\"@type\":\"SearchAction\",\"target\":{\"@type\":\"EntryPoint\",\"urlTemplate\":\"https:\\\/\\\/www.bellunopress.it\\\/?s={search_term_string}\"},\"query-input\":{\"@type\":\"PropertyValueSpecification\",\"valueRequired\":true,\"valueName\":\"search_term_string\"}}],\"inLanguage\":\"fr-FR\"},{\"@type\":\"Organization\",\"@id\":\"https:\\\/\\\/www.bellunopress.it\\\/#organization\",\"name\":\"Bellunopress\",\"url\":\"https:\\\/\\\/www.bellunopress.it\\\/\",\"logo\":{\"@type\":\"ImageObject\",\"inLanguage\":\"fr-FR\",\"@id\":\"https:\\\/\\\/www.bellunopress.it\\\/#\\\/schema\\\/logo\\\/image\\\/\",\"url\":\"https:\\\/\\\/www.bellunopress.it\\\/wp-content\\\/uploads\\\/2011\\\/05\\\/cropped-logo-bellunopress-.jpg\",\"contentUrl\":\"https:\\\/\\\/www.bellunopress.it\\\/wp-content\\\/uploads\\\/2011\\\/05\\\/cropped-logo-bellunopress-.jpg\",\"width\":512,\"height\":512,\"caption\":\"Bellunopress\"},\"image\":{\"@id\":\"https:\\\/\\\/www.bellunopress.it\\\/#\\\/schema\\\/logo\\\/image\\\/\"},\"sameAs\":[\"https:\\\/\\\/www.facebook.com\\\/profile.php?id=100008943462799\",\"https:\\\/\\\/x.com\\\/bellunopress\",\"https:\\\/\\\/www.linkedin.com\\\/hp\\\/?dnr=JBzUWaJfMUw8vbXJJ2tVW5-I3jZKvC4wsoxE&amp;amp;amp;amp;amp;amp;trk=nav_responsive_tab_home\",\"https:\\\/\\\/www.youtube.com\\\/channel\\\/UCxL0wu1uN0_3_7hGG0306cw\"]},{\"@type\":\"Person\",\"@id\":\"https:\\\/\\\/www.bellunopress.it\\\/#\\\/schema\\\/person\\\/79bb06722b37ece1c03d3e94beb30d73\",\"name\":\"redazione\",\"image\":{\"@type\":\"ImageObject\",\"inLanguage\":\"fr-FR\",\"@id\":\"https:\\\/\\\/secure.gravatar.com\\\/avatar\\\/37d968a2e67a6fd04c169c4bdef102d0bc5d31b2546345219e348575eb80e9a0?s=96&d=mm&r=g\",\"url\":\"https:\\\/\\\/secure.gravatar.com\\\/avatar\\\/37d968a2e67a6fd04c169c4bdef102d0bc5d31b2546345219e348575eb80e9a0?s=96&d=mm&r=g\",\"contentUrl\":\"https:\\\/\\\/secure.gravatar.com\\\/avatar\\\/37d968a2e67a6fd04c169c4bdef102d0bc5d31b2546345219e348575eb80e9a0?s=96&d=mm&r=g\",\"caption\":\"redazione\"},\"sameAs\":[\"http:\\\/\\\/www.bellunopress.it\",\"https:\\\/\\\/x.com\\\/bellunopress\"],\"url\":\"https:\\\/\\\/www.bellunopress.it\\\/fr\\\/author\\\/redazione\\\/\"}]}<\/script>\n<!-- \/ Yoast SEO plugin. -->","yoast_head_json":{"title":"No green pass 14 Belluno. Prosegue la protesta in piazza Duomo - Bellunopress - Dolomiti","robots":{"index":"index","follow":"follow","max-snippet":"max-snippet:-1","max-image-preview":"max-image-preview:large","max-video-preview":"max-video-preview:-1"},"canonical":"https:\/\/www.bellunopress.it\/fr\/2021\/10\/30\/no-green-pass-14-belluno-prosegue-la-protesta-in-piazza-duomo\/","og_locale":"fr_FR","og_type":"article","og_title":"No green pass 14 Belluno. Prosegue la protesta in piazza Duomo - Bellunopress - Dolomiti","og_description":"Belluno, 30 ottobre 2021 &#8211; Cessato &#8220;l&#8217;effetto Puzzer,&#8221; il portuale triestino leader del Coordinamento 15 ottobre, questa sera in piazza Duomo non c&#8217;era il pienone della scorsa settimana. Le sue parole sono state comunque evocate da chi si \u00e8 altrenato sul palco. Stefano Puzzer, divenuto l&#8217;icona della protesta contro il green pass ha fatto sapere [&hellip;]","og_url":"https:\/\/www.bellunopress.it\/fr\/2021\/10\/30\/no-green-pass-14-belluno-prosegue-la-protesta-in-piazza-duomo\/","og_site_name":"Bellunopress - Dolomiti","article_publisher":"https:\/\/www.facebook.com\/profile.php?id=100008943462799","article_published_time":"2021-10-30T18:32:16+00:00","og_image":[{"width":800,"height":600,"url":"https:\/\/www.bellunopress.it\/wp-content\/uploads\/2021\/10\/no-green-pass-14_edited.jpg","type":"image\/jpeg"}],"author":"redazione","twitter_card":"summary_large_image","twitter_creator":"@bellunopress","twitter_site":"@bellunopress","twitter_misc":{"\u00c9crit par":"redazione","Dur\u00e9e de lecture estim\u00e9e":"1 minute"},"schema":{"@context":"https:\/\/schema.org","@graph":[{"@type":"Article","@id":"https:\/\/www.bellunopress.it\/2021\/10\/30\/no-green-pass-14-belluno-prosegue-la-protesta-in-piazza-duomo\/#article","isPartOf":{"@id":"https:\/\/www.bellunopress.it\/2021\/10\/30\/no-green-pass-14-belluno-prosegue-la-protesta-in-piazza-duomo\/"},"author":{"name":"redazione","@id":"https:\/\/www.bellunopress.it\/#\/schema\/person\/79bb06722b37ece1c03d3e94beb30d73"},"headline":"No green pass 14 Belluno. Prosegue la protesta in piazza Duomo","datePublished":"2021-10-30T18:32:16+00:00","mainEntityOfPage":{"@id":"https:\/\/www.bellunopress.it\/2021\/10\/30\/no-green-pass-14-belluno-prosegue-la-protesta-in-piazza-duomo\/"},"wordCount":153,"publisher":{"@id":"https:\/\/www.bellunopress.it\/#organization"},"image":{"@id":"https:\/\/www.bellunopress.it\/2021\/10\/30\/no-green-pass-14-belluno-prosegue-la-protesta-in-piazza-duomo\/#primaryimage"},"thumbnailUrl":"https:\/\/www.bellunopress.it\/wp-content\/uploads\/2021\/10\/no-green-pass-14_edited.jpg","articleSection":["Cronaca\/Politica"],"inLanguage":"fr-FR"},{"@type":"WebPage","@id":"https:\/\/www.bellunopress.it\/2021\/10\/30\/no-green-pass-14-belluno-prosegue-la-protesta-in-piazza-duomo\/","url":"https:\/\/www.bellunopress.it\/2021\/10\/30\/no-green-pass-14-belluno-prosegue-la-protesta-in-piazza-duomo\/","name":"No green pass 14 Belluno. Prosegue la protesta in piazza Duomo - Bellunopress - Dolomiti","isPartOf":{"@id":"https:\/\/www.bellunopress.it\/#website"},"primaryImageOfPage":{"@id":"https:\/\/www.bellunopress.it\/2021\/10\/30\/no-green-pass-14-belluno-prosegue-la-protesta-in-piazza-duomo\/#primaryimage"},"image":{"@id":"https:\/\/www.bellunopress.it\/2021\/10\/30\/no-green-pass-14-belluno-prosegue-la-protesta-in-piazza-duomo\/#primaryimage"},"thumbnailUrl":"https:\/\/www.bellunopress.it\/wp-content\/uploads\/2021\/10\/no-green-pass-14_edited.jpg","datePublished":"2021-10-30T18:32:16+00:00","breadcrumb":{"@id":"https:\/\/www.bellunopress.it\/2021\/10\/30\/no-green-pass-14-belluno-prosegue-la-protesta-in-piazza-duomo\/#breadcrumb"},"inLanguage":"fr-FR","potentialAction":[{"@type":"ReadAction","target":["https:\/\/www.bellunopress.it\/2021\/10\/30\/no-green-pass-14-belluno-prosegue-la-protesta-in-piazza-duomo\/"]}]},{"@type":"ImageObject","inLanguage":"fr-FR","@id":"https:\/\/www.bellunopress.it\/2021\/10\/30\/no-green-pass-14-belluno-prosegue-la-protesta-in-piazza-duomo\/#primaryimage","url":"https:\/\/www.bellunopress.it\/wp-content\/uploads\/2021\/10\/no-green-pass-14_edited.jpg","contentUrl":"https:\/\/www.bellunopress.it\/wp-content\/uploads\/2021\/10\/no-green-pass-14_edited.jpg","width":800,"height":600},{"@type":"BreadcrumbList","@id":"https:\/\/www.bellunopress.it\/2021\/10\/30\/no-green-pass-14-belluno-prosegue-la-protesta-in-piazza-duomo\/#breadcrumb","itemListElement":[{"@type":"ListItem","position":1,"name":"Home","item":"https:\/\/www.bellunopress.it\/"},{"@type":"ListItem","position":2,"name":"No green pass 14 Belluno. Prosegue la protesta in piazza Duomo"}]},{"@type":"WebSite","@id":"https:\/\/www.bellunopress.it\/#website","url":"https:\/\/www.bellunopress.it\/","name":"Bellunopress - Dolomiti","description":"e-mail: redazione@bellunopress.it","publisher":{"@id":"https:\/\/www.bellunopress.it\/#organization"},"potentialAction":[{"@type":"SearchAction","target":{"@type":"EntryPoint","urlTemplate":"https:\/\/www.bellunopress.it\/?s={search_term_string}"},"query-input":{"@type":"PropertyValueSpecification","valueRequired":true,"valueName":"search_term_string"}}],"inLanguage":"fr-FR"},{"@type":"Organization","@id":"https:\/\/www.bellunopress.it\/#organization","name":"Bellunopress","url":"https:\/\/www.bellunopress.it\/","logo":{"@type":"ImageObject","inLanguage":"fr-FR","@id":"https:\/\/www.bellunopress.it\/#\/schema\/logo\/image\/","url":"https:\/\/www.bellunopress.it\/wp-content\/uploads\/2011\/05\/cropped-logo-bellunopress-.jpg","contentUrl":"https:\/\/www.bellunopress.it\/wp-content\/uploads\/2011\/05\/cropped-logo-bellunopress-.jpg","width":512,"height":512,"caption":"Bellunopress"},"image":{"@id":"https:\/\/www.bellunopress.it\/#\/schema\/logo\/image\/"},"sameAs":["https:\/\/www.facebook.com\/profile.php?id=100008943462799","https:\/\/x.com\/bellunopress","https:\/\/www.linkedin.com\/hp\/?dnr=JBzUWaJfMUw8vbXJJ2tVW5-I3jZKvC4wsoxE&amp;amp;amp;amp;amp;amp;trk=nav_responsive_tab_home","https:\/\/www.youtube.com\/channel\/UCxL0wu1uN0_3_7hGG0306cw"]},{"@type":"Person","@id":"https:\/\/www.bellunopress.it\/#\/schema\/person\/79bb06722b37ece1c03d3e94beb30d73","name":"r\u00e9daction","image":{"@type":"ImageObject","inLanguage":"fr-FR","@id":"https:\/\/secure.gravatar.com\/avatar\/37d968a2e67a6fd04c169c4bdef102d0bc5d31b2546345219e348575eb80e9a0?s=96&d=mm&r=g","url":"https:\/\/secure.gravatar.com\/avatar\/37d968a2e67a6fd04c169c4bdef102d0bc5d31b2546345219e348575eb80e9a0?s=96&d=mm&r=g","contentUrl":"https:\/\/secure.gravatar.com\/avatar\/37d968a2e67a6fd04c169c4bdef102d0bc5d31b2546345219e348575eb80e9a0?s=96&d=mm&r=g","caption":"redazione"},"sameAs":["http:\/\/www.bellunopress.it","https:\/\/x.com\/bellunopress"],"url":"https:\/\/www.bellunopress.it\/fr\/author\/redazione\/"}]}},"_links":{"self":[{"href":"https:\/\/www.bellunopress.it\/fr\/wp-json\/wp\/v2\/posts\/128930","targetHints":{"allow":["GET"]}}],"collection":[{"href":"https:\/\/www.bellunopress.it\/fr\/wp-json\/wp\/v2\/posts"}],"about":[{"href":"https:\/\/www.bellunopress.it\/fr\/wp-json\/wp\/v2\/types\/post"}],"author":[{"embeddable":true,"href":"https:\/\/www.bellunopress.it\/fr\/wp-json\/wp\/v2\/users\/2"}],"replies":[{"embeddable":true,"href":"https:\/\/www.bellunopress.it\/fr\/wp-json\/wp\/v2\/comments?post=128930"}],"version-history":[{"count":1,"href":"https:\/\/www.bellunopress.it\/fr\/wp-json\/wp\/v2\/posts\/128930\/revisions"}],"predecessor-version":[{"id":128932,"href":"https:\/\/www.bellunopress.it\/fr\/wp-json\/wp\/v2\/posts\/128930\/revisions\/128932"}],"wp:featuredmedia":[{"embeddable":true,"href":"https:\/\/www.bellunopress.it\/fr\/wp-json\/wp\/v2\/media\/128931"}],"wp:attachment":[{"href":"https:\/\/www.bellunopress.it\/fr\/wp-json\/wp\/v2\/media?parent=128930"}],"wp:term":[{"taxonomy":"category","embeddable":true,"href":"https:\/\/www.bellunopress.it\/fr\/wp-json\/wp\/v2\/categories?post=128930"},{"taxonomy":"post_tag","embeddable":true,"href":"https:\/\/www.bellunopress.it\/fr\/wp-json\/wp\/v2\/tags?post=128930"}],"curies":[{"name":"wp","href":"https:\/\/api.w.org\/{rel}","templated":true}]}}