{"id":12857,"date":"2010-02-23T14:37:09","date_gmt":"2010-02-23T13:37:09","guid":{"rendered":"http:\/\/www.bellunopress.it\/?p=12857"},"modified":"2010-02-23T14:38:18","modified_gmt":"2010-02-23T13:38:18","slug":"%e2%80%9cil-bambino-che-porto-la-pace%e2%80%9d-ieri-a-belluno-domani-a-feltre","status":"publish","type":"post","link":"https:\/\/www.bellunopress.it\/fr\/2010\/02\/23\/%e2%80%9cil-bambino-che-porto-la-pace%e2%80%9d-ieri-a-belluno-domani-a-feltre\/","title":{"rendered":"\u201cIl bambino che port\u00f2 la pace\u201d oggi a Belluno, gioved\u00ec a Feltre"},"content":{"rendered":"<p><a href=\"http:\/\/www.bellunopress.it\/wp-content\/uploads\/2009\/09\/libri-leggerissima.jpg\"><img loading=\"lazy\" decoding=\"async\" class=\"alignleft size-medium wp-image-7713\" title=\"libri-leggerissima\" src=\"http:\/\/www.bellunopress.it\/wp-content\/uploads\/2009\/09\/libri-leggerissima.jpg\" alt=\"\" width=\"111\" height=\"96\" \/><\/a>\u201cIncontro con l\u2019autore\u201d. L\u2019Ufficio Scolastico Provinciale di Belluno nelle iniziative legate alla VIIa Edizione del Progetto \u201cLettura Pensata\u201d, per la sezione di intercultura dedicata alla lettura del testo \u201cIl bambino che port\u00f2 la pace\u201d dello\u00a0 scrittore palestinese Salah Mahameeed,\u00a0 ha presentato stamattina al Centro Giovanni XXIII il primo dei due incontri per gli alunni della scuola primaria intervenuti in pi\u00f9 di 200. Il secondo incontro avr\u00e0 luogo gioved\u00ec\u00a0 25 febbraio 2010 alle ore 10.00 presso l\u2019Aula Magna dell\u2019I.T.C. \u201cColotti\u201d di Feltre. Ha presentato l\u2019autore Mara De Monte, docente di materie letterarie presso la Scuola Media di Domegge di Cadore.<br \/>\nSalah Mahameed \u00e8 nato nel 1960 a Um el Fahem, un paese vicino a Nazareth. Ha studiato a Kaifa nella Scuola Araba Ortodossa. Dal 1981 vive in Italia e si \u00e8 laureato in psichiatria alla Facolt\u00e0 di Medicina e Chirurgia di Padova. Dal 1990 esercita la professione di medico-dentista a San Vito di Cadore (BL) e a San Nazario (VI). Dal 1992 dirige l\u2019associazione culturale Azzaytuna di San Vito di Cadore. Nel 2008 ha ottenuto l\u2019attestato di benemerenza dal Consiglio Comunale di San Nazario che cos\u00ec lo ha presentato: \u201cIl Consiglio Comunale di San Nazario rende omaggio ad una personalit\u00e0 cos\u00ec importante che, con la sua opera, allarga i confini delle nostre conoscenze, oltre alla Valbrenta, oltre all\u2019Italia.\u00a0 Nascosto all\u2019attenzione del grande pubblico, personalit\u00e0 di spicco nell\u2019ambito della cultura araba e non solo\u201d.<\/p>","protected":false},"excerpt":{"rendered":"<p>\u201cIncontro con l\u2019autore\u201d. L\u2019Ufficio Scolastico Provinciale di Belluno nelle iniziative legate alla VIIa Edizione del Progetto \u201cLettura Pensata\u201d, per la sezione di intercultura dedicata alla lettura del testo \u201cIl bambino che port\u00f2 la pace\u201d dello\u00a0 scrittore palestinese Salah Mahameeed,\u00a0 ha presentato stamattina al Centro Giovanni XXIII il primo dei due incontri per gli alunni della [&hellip;]<\/p>\n","protected":false},"author":2,"featured_media":0,"comment_status":"closed","ping_status":"open","sticky":false,"template":"","format":"standard","meta":{"footnotes":""},"categories":[25,15],"tags":[345,3049],"class_list":["post-12857","post","type-post","status-publish","format-standard","category-pausa-caffe","category-scuola","tag-incontri-autore","tag-scuola"],"yoast_head":"<!-- This site is optimized with the Yoast SEO plugin v28.4 - https:\/\/yoast.com\/product\/yoast-seo-wordpress\/ -->\n<title>\u201cIl bambino che port\u00f2 la pace\u201d oggi a Belluno, gioved\u00ec a Feltre - Bellunopress - Dolomiti<\/title>\n<meta name=\"robots\" content=\"index, follow, max-snippet:-1, max-image-preview:large, max-video-preview:-1\" \/>\n<link rel=\"canonical\" href=\"https:\/\/www.bellunopress.it\/fr\/2010\/02\/23\/\u201cil-bambino-che-porto-la-pace\u201d-ieri-a-belluno-domani-a-feltre\/\" \/>\n<meta property=\"og:locale\" content=\"fr_FR\" \/>\n<meta property=\"og:type\" content=\"article\" \/>\n<meta property=\"og:title\" content=\"\u201cIl bambino che port\u00f2 la pace\u201d oggi a Belluno, gioved\u00ec a Feltre - Bellunopress - Dolomiti\" \/>\n<meta property=\"og:description\" content=\"\u201cIncontro con l\u2019autore\u201d. L\u2019Ufficio Scolastico Provinciale di Belluno nelle iniziative legate alla VIIa Edizione del Progetto \u201cLettura Pensata\u201d, per la sezione di intercultura dedicata alla lettura del testo \u201cIl bambino che port\u00f2 la pace\u201d dello\u00a0 scrittore palestinese Salah Mahameeed,\u00a0 ha presentato stamattina al Centro Giovanni XXIII il primo dei due incontri per gli alunni della [&hellip;]\" \/>\n<meta property=\"og:url\" content=\"https:\/\/www.bellunopress.it\/fr\/2010\/02\/23\/\u201cil-bambino-che-porto-la-pace\u201d-ieri-a-belluno-domani-a-feltre\/\" \/>\n<meta property=\"og:site_name\" content=\"Bellunopress - Dolomiti\" \/>\n<meta property=\"article:publisher\" content=\"https:\/\/www.facebook.com\/profile.php?id=100008943462799\" \/>\n<meta property=\"article:published_time\" content=\"2010-02-23T13:37:09+00:00\" \/>\n<meta property=\"article:modified_time\" content=\"2010-02-23T13:38:18+00:00\" \/>\n<meta property=\"og:image\" content=\"http:\/\/www.bellunopress.it\/wp-content\/uploads\/2009\/09\/libri-leggerissima.jpg\" \/>\n<meta name=\"author\" content=\"redazione\" \/>\n<meta name=\"twitter:card\" content=\"summary_large_image\" \/>\n<meta name=\"twitter:creator\" content=\"@bellunopress\" \/>\n<meta name=\"twitter:site\" content=\"@bellunopress\" \/>\n<meta name=\"twitter:label1\" content=\"\u00c9crit par\" \/>\n\t<meta name=\"twitter:data1\" content=\"redazione\" \/>\n\t<meta name=\"twitter:label2\" content=\"Dur\u00e9e de lecture estim\u00e9e\" \/>\n\t<meta name=\"twitter:data2\" content=\"1 minute\" \/>\n<script type=\"application\/ld+json\" class=\"yoast-schema-graph\">{\"@context\":\"https:\\\/\\\/schema.org\",\"@graph\":[{\"@type\":\"Article\",\"@id\":\"https:\\\/\\\/www.bellunopress.it\\\/2010\\\/02\\\/23\\\/%e2%80%9cil-bambino-che-porto-la-pace%e2%80%9d-ieri-a-belluno-domani-a-feltre\\\/#article\",\"isPartOf\":{\"@id\":\"https:\\\/\\\/www.bellunopress.it\\\/2010\\\/02\\\/23\\\/%e2%80%9cil-bambino-che-porto-la-pace%e2%80%9d-ieri-a-belluno-domani-a-feltre\\\/\"},\"author\":{\"name\":\"redazione\",\"@id\":\"https:\\\/\\\/www.bellunopress.it\\\/#\\\/schema\\\/person\\\/79bb06722b37ece1c03d3e94beb30d73\"},\"headline\":\"\u201cIl bambino che port\u00f2 la pace\u201d oggi a Belluno, gioved\u00ec a Feltre\",\"datePublished\":\"2010-02-23T13:37:09+00:00\",\"dateModified\":\"2010-02-23T13:38:18+00:00\",\"mainEntityOfPage\":{\"@id\":\"https:\\\/\\\/www.bellunopress.it\\\/2010\\\/02\\\/23\\\/%e2%80%9cil-bambino-che-porto-la-pace%e2%80%9d-ieri-a-belluno-domani-a-feltre\\\/\"},\"wordCount\":245,\"publisher\":{\"@id\":\"https:\\\/\\\/www.bellunopress.it\\\/#organization\"},\"image\":{\"@id\":\"https:\\\/\\\/www.bellunopress.it\\\/2010\\\/02\\\/23\\\/%e2%80%9cil-bambino-che-porto-la-pace%e2%80%9d-ieri-a-belluno-domani-a-feltre\\\/#primaryimage\"},\"thumbnailUrl\":\"http:\\\/\\\/www.bellunopress.it\\\/wp-content\\\/uploads\\\/2009\\\/09\\\/libri-leggerissima.jpg\",\"keywords\":[\"incontri autore\",\"Scuola\"],\"articleSection\":[\"Pausa Caff\u00e8\",\"Scuola\"],\"inLanguage\":\"fr-FR\"},{\"@type\":\"WebPage\",\"@id\":\"https:\\\/\\\/www.bellunopress.it\\\/2010\\\/02\\\/23\\\/%e2%80%9cil-bambino-che-porto-la-pace%e2%80%9d-ieri-a-belluno-domani-a-feltre\\\/\",\"url\":\"https:\\\/\\\/www.bellunopress.it\\\/2010\\\/02\\\/23\\\/%e2%80%9cil-bambino-che-porto-la-pace%e2%80%9d-ieri-a-belluno-domani-a-feltre\\\/\",\"name\":\"\u201cIl bambino che port\u00f2 la pace\u201d oggi a Belluno, gioved\u00ec a Feltre - Bellunopress - Dolomiti\",\"isPartOf\":{\"@id\":\"https:\\\/\\\/www.bellunopress.it\\\/#website\"},\"primaryImageOfPage\":{\"@id\":\"https:\\\/\\\/www.bellunopress.it\\\/2010\\\/02\\\/23\\\/%e2%80%9cil-bambino-che-porto-la-pace%e2%80%9d-ieri-a-belluno-domani-a-feltre\\\/#primaryimage\"},\"image\":{\"@id\":\"https:\\\/\\\/www.bellunopress.it\\\/2010\\\/02\\\/23\\\/%e2%80%9cil-bambino-che-porto-la-pace%e2%80%9d-ieri-a-belluno-domani-a-feltre\\\/#primaryimage\"},\"thumbnailUrl\":\"http:\\\/\\\/www.bellunopress.it\\\/wp-content\\\/uploads\\\/2009\\\/09\\\/libri-leggerissima.jpg\",\"datePublished\":\"2010-02-23T13:37:09+00:00\",\"dateModified\":\"2010-02-23T13:38:18+00:00\",\"breadcrumb\":{\"@id\":\"https:\\\/\\\/www.bellunopress.it\\\/2010\\\/02\\\/23\\\/%e2%80%9cil-bambino-che-porto-la-pace%e2%80%9d-ieri-a-belluno-domani-a-feltre\\\/#breadcrumb\"},\"inLanguage\":\"fr-FR\",\"potentialAction\":[{\"@type\":\"ReadAction\",\"target\":[\"https:\\\/\\\/www.bellunopress.it\\\/2010\\\/02\\\/23\\\/%e2%80%9cil-bambino-che-porto-la-pace%e2%80%9d-ieri-a-belluno-domani-a-feltre\\\/\"]}]},{\"@type\":\"ImageObject\",\"inLanguage\":\"fr-FR\",\"@id\":\"https:\\\/\\\/www.bellunopress.it\\\/2010\\\/02\\\/23\\\/%e2%80%9cil-bambino-che-porto-la-pace%e2%80%9d-ieri-a-belluno-domani-a-feltre\\\/#primaryimage\",\"url\":\"http:\\\/\\\/www.bellunopress.it\\\/wp-content\\\/uploads\\\/2009\\\/09\\\/libri-leggerissima.jpg\",\"contentUrl\":\"http:\\\/\\\/www.bellunopress.it\\\/wp-content\\\/uploads\\\/2009\\\/09\\\/libri-leggerissima.jpg\"},{\"@type\":\"BreadcrumbList\",\"@id\":\"https:\\\/\\\/www.bellunopress.it\\\/2010\\\/02\\\/23\\\/%e2%80%9cil-bambino-che-porto-la-pace%e2%80%9d-ieri-a-belluno-domani-a-feltre\\\/#breadcrumb\",\"itemListElement\":[{\"@type\":\"ListItem\",\"position\":1,\"name\":\"Home\",\"item\":\"https:\\\/\\\/www.bellunopress.it\\\/\"},{\"@type\":\"ListItem\",\"position\":2,\"name\":\"\u201cIl bambino che port\u00f2 la pace\u201d oggi a Belluno, gioved\u00ec a Feltre\"}]},{\"@type\":\"WebSite\",\"@id\":\"https:\\\/\\\/www.bellunopress.it\\\/#website\",\"url\":\"https:\\\/\\\/www.bellunopress.it\\\/\",\"name\":\"Bellunopress - Dolomiti\",\"description\":\"e-mail: redazione@bellunopress.it\",\"publisher\":{\"@id\":\"https:\\\/\\\/www.bellunopress.it\\\/#organization\"},\"potentialAction\":[{\"@type\":\"SearchAction\",\"target\":{\"@type\":\"EntryPoint\",\"urlTemplate\":\"https:\\\/\\\/www.bellunopress.it\\\/?s={search_term_string}\"},\"query-input\":{\"@type\":\"PropertyValueSpecification\",\"valueRequired\":true,\"valueName\":\"search_term_string\"}}],\"inLanguage\":\"fr-FR\"},{\"@type\":\"Organization\",\"@id\":\"https:\\\/\\\/www.bellunopress.it\\\/#organization\",\"name\":\"Bellunopress\",\"url\":\"https:\\\/\\\/www.bellunopress.it\\\/\",\"logo\":{\"@type\":\"ImageObject\",\"inLanguage\":\"fr-FR\",\"@id\":\"https:\\\/\\\/www.bellunopress.it\\\/#\\\/schema\\\/logo\\\/image\\\/\",\"url\":\"https:\\\/\\\/www.bellunopress.it\\\/wp-content\\\/uploads\\\/2011\\\/05\\\/cropped-logo-bellunopress-.jpg\",\"contentUrl\":\"https:\\\/\\\/www.bellunopress.it\\\/wp-content\\\/uploads\\\/2011\\\/05\\\/cropped-logo-bellunopress-.jpg\",\"width\":512,\"height\":512,\"caption\":\"Bellunopress\"},\"image\":{\"@id\":\"https:\\\/\\\/www.bellunopress.it\\\/#\\\/schema\\\/logo\\\/image\\\/\"},\"sameAs\":[\"https:\\\/\\\/www.facebook.com\\\/profile.php?id=100008943462799\",\"https:\\\/\\\/x.com\\\/bellunopress\",\"https:\\\/\\\/www.linkedin.com\\\/hp\\\/?dnr=JBzUWaJfMUw8vbXJJ2tVW5-I3jZKvC4wsoxE&amp;amp;amp;amp;amp;amp;trk=nav_responsive_tab_home\",\"https:\\\/\\\/www.youtube.com\\\/channel\\\/UCxL0wu1uN0_3_7hGG0306cw\"]},{\"@type\":\"Person\",\"@id\":\"https:\\\/\\\/www.bellunopress.it\\\/#\\\/schema\\\/person\\\/79bb06722b37ece1c03d3e94beb30d73\",\"name\":\"redazione\",\"image\":{\"@type\":\"ImageObject\",\"inLanguage\":\"fr-FR\",\"@id\":\"https:\\\/\\\/secure.gravatar.com\\\/avatar\\\/37d968a2e67a6fd04c169c4bdef102d0bc5d31b2546345219e348575eb80e9a0?s=96&d=mm&r=g\",\"url\":\"https:\\\/\\\/secure.gravatar.com\\\/avatar\\\/37d968a2e67a6fd04c169c4bdef102d0bc5d31b2546345219e348575eb80e9a0?s=96&d=mm&r=g\",\"contentUrl\":\"https:\\\/\\\/secure.gravatar.com\\\/avatar\\\/37d968a2e67a6fd04c169c4bdef102d0bc5d31b2546345219e348575eb80e9a0?s=96&d=mm&r=g\",\"caption\":\"redazione\"},\"sameAs\":[\"http:\\\/\\\/www.bellunopress.it\",\"https:\\\/\\\/x.com\\\/bellunopress\"],\"url\":\"https:\\\/\\\/www.bellunopress.it\\\/fr\\\/author\\\/redazione\\\/\"}]}<\/script>\n<!-- \/ Yoast SEO plugin. -->","yoast_head_json":{"title":"\u201cIl bambino che port\u00f2 la pace\u201d oggi a Belluno, gioved\u00ec a Feltre - Bellunopress - Dolomiti","robots":{"index":"index","follow":"follow","max-snippet":"max-snippet:-1","max-image-preview":"max-image-preview:large","max-video-preview":"max-video-preview:-1"},"canonical":"https:\/\/www.bellunopress.it\/fr\/2010\/02\/23\/\u201cil-bambino-che-porto-la-pace\u201d-ieri-a-belluno-domani-a-feltre\/","og_locale":"fr_FR","og_type":"article","og_title":"\u201cIl bambino che port\u00f2 la pace\u201d oggi a Belluno, gioved\u00ec a Feltre - Bellunopress - Dolomiti","og_description":"\u201cIncontro con l\u2019autore\u201d. L\u2019Ufficio Scolastico Provinciale di Belluno nelle iniziative legate alla VIIa Edizione del Progetto \u201cLettura Pensata\u201d, per la sezione di intercultura dedicata alla lettura del testo \u201cIl bambino che port\u00f2 la pace\u201d dello\u00a0 scrittore palestinese Salah Mahameeed,\u00a0 ha presentato stamattina al Centro Giovanni XXIII il primo dei due incontri per gli alunni della [&hellip;]","og_url":"https:\/\/www.bellunopress.it\/fr\/2010\/02\/23\/\u201cil-bambino-che-porto-la-pace\u201d-ieri-a-belluno-domani-a-feltre\/","og_site_name":"Bellunopress - Dolomiti","article_publisher":"https:\/\/www.facebook.com\/profile.php?id=100008943462799","article_published_time":"2010-02-23T13:37:09+00:00","article_modified_time":"2010-02-23T13:38:18+00:00","og_image":[{"url":"http:\/\/www.bellunopress.it\/wp-content\/uploads\/2009\/09\/libri-leggerissima.jpg","type":"","width":"","height":""}],"author":"redazione","twitter_card":"summary_large_image","twitter_creator":"@bellunopress","twitter_site":"@bellunopress","twitter_misc":{"\u00c9crit par":"redazione","Dur\u00e9e de lecture estim\u00e9e":"1 minute"},"schema":{"@context":"https:\/\/schema.org","@graph":[{"@type":"Article","@id":"https:\/\/www.bellunopress.it\/2010\/02\/23\/%e2%80%9cil-bambino-che-porto-la-pace%e2%80%9d-ieri-a-belluno-domani-a-feltre\/#article","isPartOf":{"@id":"https:\/\/www.bellunopress.it\/2010\/02\/23\/%e2%80%9cil-bambino-che-porto-la-pace%e2%80%9d-ieri-a-belluno-domani-a-feltre\/"},"author":{"name":"redazione","@id":"https:\/\/www.bellunopress.it\/#\/schema\/person\/79bb06722b37ece1c03d3e94beb30d73"},"headline":"\u201cIl bambino che port\u00f2 la pace\u201d oggi a Belluno, gioved\u00ec a Feltre","datePublished":"2010-02-23T13:37:09+00:00","dateModified":"2010-02-23T13:38:18+00:00","mainEntityOfPage":{"@id":"https:\/\/www.bellunopress.it\/2010\/02\/23\/%e2%80%9cil-bambino-che-porto-la-pace%e2%80%9d-ieri-a-belluno-domani-a-feltre\/"},"wordCount":245,"publisher":{"@id":"https:\/\/www.bellunopress.it\/#organization"},"image":{"@id":"https:\/\/www.bellunopress.it\/2010\/02\/23\/%e2%80%9cil-bambino-che-porto-la-pace%e2%80%9d-ieri-a-belluno-domani-a-feltre\/#primaryimage"},"thumbnailUrl":"http:\/\/www.bellunopress.it\/wp-content\/uploads\/2009\/09\/libri-leggerissima.jpg","keywords":["incontri autore","Scuola"],"articleSection":["Pausa Caff\u00e8","Scuola"],"inLanguage":"fr-FR"},{"@type":"WebPage","@id":"https:\/\/www.bellunopress.it\/2010\/02\/23\/%e2%80%9cil-bambino-che-porto-la-pace%e2%80%9d-ieri-a-belluno-domani-a-feltre\/","url":"https:\/\/www.bellunopress.it\/2010\/02\/23\/%e2%80%9cil-bambino-che-porto-la-pace%e2%80%9d-ieri-a-belluno-domani-a-feltre\/","name":"\u201cIl bambino che port\u00f2 la pace\u201d oggi a Belluno, gioved\u00ec a Feltre - Bellunopress - Dolomiti","isPartOf":{"@id":"https:\/\/www.bellunopress.it\/#website"},"primaryImageOfPage":{"@id":"https:\/\/www.bellunopress.it\/2010\/02\/23\/%e2%80%9cil-bambino-che-porto-la-pace%e2%80%9d-ieri-a-belluno-domani-a-feltre\/#primaryimage"},"image":{"@id":"https:\/\/www.bellunopress.it\/2010\/02\/23\/%e2%80%9cil-bambino-che-porto-la-pace%e2%80%9d-ieri-a-belluno-domani-a-feltre\/#primaryimage"},"thumbnailUrl":"http:\/\/www.bellunopress.it\/wp-content\/uploads\/2009\/09\/libri-leggerissima.jpg","datePublished":"2010-02-23T13:37:09+00:00","dateModified":"2010-02-23T13:38:18+00:00","breadcrumb":{"@id":"https:\/\/www.bellunopress.it\/2010\/02\/23\/%e2%80%9cil-bambino-che-porto-la-pace%e2%80%9d-ieri-a-belluno-domani-a-feltre\/#breadcrumb"},"inLanguage":"fr-FR","potentialAction":[{"@type":"ReadAction","target":["https:\/\/www.bellunopress.it\/2010\/02\/23\/%e2%80%9cil-bambino-che-porto-la-pace%e2%80%9d-ieri-a-belluno-domani-a-feltre\/"]}]},{"@type":"ImageObject","inLanguage":"fr-FR","@id":"https:\/\/www.bellunopress.it\/2010\/02\/23\/%e2%80%9cil-bambino-che-porto-la-pace%e2%80%9d-ieri-a-belluno-domani-a-feltre\/#primaryimage","url":"http:\/\/www.bellunopress.it\/wp-content\/uploads\/2009\/09\/libri-leggerissima.jpg","contentUrl":"http:\/\/www.bellunopress.it\/wp-content\/uploads\/2009\/09\/libri-leggerissima.jpg"},{"@type":"BreadcrumbList","@id":"https:\/\/www.bellunopress.it\/2010\/02\/23\/%e2%80%9cil-bambino-che-porto-la-pace%e2%80%9d-ieri-a-belluno-domani-a-feltre\/#breadcrumb","itemListElement":[{"@type":"ListItem","position":1,"name":"Home","item":"https:\/\/www.bellunopress.it\/"},{"@type":"ListItem","position":2,"name":"\u201cIl bambino che port\u00f2 la pace\u201d oggi a Belluno, gioved\u00ec a Feltre"}]},{"@type":"WebSite","@id":"https:\/\/www.bellunopress.it\/#website","url":"https:\/\/www.bellunopress.it\/","name":"Bellunopress - Dolomiti","description":"e-mail: redazione@bellunopress.it","publisher":{"@id":"https:\/\/www.bellunopress.it\/#organization"},"potentialAction":[{"@type":"SearchAction","target":{"@type":"EntryPoint","urlTemplate":"https:\/\/www.bellunopress.it\/?s={search_term_string}"},"query-input":{"@type":"PropertyValueSpecification","valueRequired":true,"valueName":"search_term_string"}}],"inLanguage":"fr-FR"},{"@type":"Organization","@id":"https:\/\/www.bellunopress.it\/#organization","name":"Bellunopress","url":"https:\/\/www.bellunopress.it\/","logo":{"@type":"ImageObject","inLanguage":"fr-FR","@id":"https:\/\/www.bellunopress.it\/#\/schema\/logo\/image\/","url":"https:\/\/www.bellunopress.it\/wp-content\/uploads\/2011\/05\/cropped-logo-bellunopress-.jpg","contentUrl":"https:\/\/www.bellunopress.it\/wp-content\/uploads\/2011\/05\/cropped-logo-bellunopress-.jpg","width":512,"height":512,"caption":"Bellunopress"},"image":{"@id":"https:\/\/www.bellunopress.it\/#\/schema\/logo\/image\/"},"sameAs":["https:\/\/www.facebook.com\/profile.php?id=100008943462799","https:\/\/x.com\/bellunopress","https:\/\/www.linkedin.com\/hp\/?dnr=JBzUWaJfMUw8vbXJJ2tVW5-I3jZKvC4wsoxE&amp;amp;amp;amp;amp;amp;trk=nav_responsive_tab_home","https:\/\/www.youtube.com\/channel\/UCxL0wu1uN0_3_7hGG0306cw"]},{"@type":"Person","@id":"https:\/\/www.bellunopress.it\/#\/schema\/person\/79bb06722b37ece1c03d3e94beb30d73","name":"r\u00e9daction","image":{"@type":"ImageObject","inLanguage":"fr-FR","@id":"https:\/\/secure.gravatar.com\/avatar\/37d968a2e67a6fd04c169c4bdef102d0bc5d31b2546345219e348575eb80e9a0?s=96&d=mm&r=g","url":"https:\/\/secure.gravatar.com\/avatar\/37d968a2e67a6fd04c169c4bdef102d0bc5d31b2546345219e348575eb80e9a0?s=96&d=mm&r=g","contentUrl":"https:\/\/secure.gravatar.com\/avatar\/37d968a2e67a6fd04c169c4bdef102d0bc5d31b2546345219e348575eb80e9a0?s=96&d=mm&r=g","caption":"redazione"},"sameAs":["http:\/\/www.bellunopress.it","https:\/\/x.com\/bellunopress"],"url":"https:\/\/www.bellunopress.it\/fr\/author\/redazione\/"}]}},"_links":{"self":[{"href":"https:\/\/www.bellunopress.it\/fr\/wp-json\/wp\/v2\/posts\/12857","targetHints":{"allow":["GET"]}}],"collection":[{"href":"https:\/\/www.bellunopress.it\/fr\/wp-json\/wp\/v2\/posts"}],"about":[{"href":"https:\/\/www.bellunopress.it\/fr\/wp-json\/wp\/v2\/types\/post"}],"author":[{"embeddable":true,"href":"https:\/\/www.bellunopress.it\/fr\/wp-json\/wp\/v2\/users\/2"}],"replies":[{"embeddable":true,"href":"https:\/\/www.bellunopress.it\/fr\/wp-json\/wp\/v2\/comments?post=12857"}],"version-history":[{"count":2,"href":"https:\/\/www.bellunopress.it\/fr\/wp-json\/wp\/v2\/posts\/12857\/revisions"}],"predecessor-version":[{"id":12861,"href":"https:\/\/www.bellunopress.it\/fr\/wp-json\/wp\/v2\/posts\/12857\/revisions\/12861"}],"wp:attachment":[{"href":"https:\/\/www.bellunopress.it\/fr\/wp-json\/wp\/v2\/media?parent=12857"}],"wp:term":[{"taxonomy":"category","embeddable":true,"href":"https:\/\/www.bellunopress.it\/fr\/wp-json\/wp\/v2\/categories?post=12857"},{"taxonomy":"post_tag","embeddable":true,"href":"https:\/\/www.bellunopress.it\/fr\/wp-json\/wp\/v2\/tags?post=12857"}],"curies":[{"name":"wp","href":"https:\/\/api.w.org\/{rel}","templated":true}]}}