{"id":127795,"date":"2021-09-13T12:41:34","date_gmt":"2021-09-13T10:41:34","guid":{"rendered":"https:\/\/www.bellunopress.it\/?p=127795"},"modified":"2021-09-13T18:45:40","modified_gmt":"2021-09-13T16:45:40","slug":"via-libera-dellunione-europea-al-riconoscimento-del-prosek-della-croazia-caner-ricorreremo-in-tutte-le-sedi-competenti","status":"publish","type":"post","link":"https:\/\/www.bellunopress.it\/fr\/2021\/09\/13\/via-libera-dellunione-europea-al-riconoscimento-del-prosek-della-croazia-caner-ricorreremo-in-tutte-le-sedi-competenti\/","title":{"rendered":"Via libera dell&#8217;Unione europea al riconoscimento del Prosek della Croazia. Caner: &#8220;Ricorreremo in tutte le sedi competenti&#8221;"},"content":{"rendered":"<figure id=\"attachment_98275\" aria-describedby=\"caption-attachment-98275\" style=\"width: 212px\" class=\"wp-caption alignleft\"><a href=\"https:\/\/www.bellunopress.it\/fr\/2018\/09\/28\/wine-south-america-lassessore-caner-in-brasile-la-vitivinicoltura-continua-a-crescere-in-sudamerica-e-il-veneto-e-presente\/caner\/\" rel=\"attachment wp-att-98275\"><img loading=\"lazy\" decoding=\"async\" class=\"size-full wp-image-98275\" src=\"https:\/\/www.bellunopress.it\/wp-content\/uploads\/2018\/09\/Caner.jpg\" alt=\"\" width=\"212\" height=\"300\" \/><\/a><figcaption id=\"caption-attachment-98275\" class=\"wp-caption-text\">Federico Caner, assessore regionale<\/figcaption><\/figure>\n<p>Venezia, 13 settembre 2021 &#8211; \u201cUn atteggiamento schizofrenico, incomprensibile, che mina la fiducia nelle istituzioni e mette a repentaglio le nostre produzioni. Contro questa decisione ricorreremo in tutte le sedi istituzionali competenti\u201d.\u00a0Queste le parole Federico Caner, assessore regionale all\u2019agricoltura in merito al via libera da parte della Commissione Europea alla protezione della menzione tradizionale del vino croato Prosek.<\/p>\n<p>\u201cUna decisione &#8211; continua l\u2019assessore &#8211; che arriva a pochi giorni da un altro pronunciamento, quello della Corte di Giustizia dell\u2019Unione Europea, che in antitesi con l\u2019atteggiamento della Commissione, ha dichiarato illegittimi proprio i nomi truffa che ricordano, in maniera ingannevole prodotti che sono riconosciuti e tutelati dall\u2019Unione\u201d.<\/p>\n<p>\u201c\u00c8 venuto il momento &#8211; sottolinea l\u2019assessore &#8211; di mettere fine al fenomeno dell\u2019Italian sounding che tanto danneggia le nostre produzioni\u201d.<\/p>\n<p>E proprio la decisione della Commissione sul Prosek verr\u00e0 portata all\u2019attenzione del Ministro all\u2019Agricoltura in occasione della Commissione Politiche Agricole che si terr\u00e0 gioved\u00ec 16 settembre nel corso del G20 Agricoltura di Firenze, al quale parteciper\u00e0 l\u2019assessore veneto. \u201cAl Ministro chieder\u00f2 di attivarsi affinch\u00e9 vengano messe in atto tutte le procedure necessarie per far s\u00ec che questa decisione venga rivista e si proceda presto con una nuova normativa in materia\u201d ha concluso l\u2019Assessore regionale all\u2019agricoltura del Veneto.<\/p>","protected":false},"excerpt":{"rendered":"<p>Venezia, 13 settembre 2021 &#8211; \u201cUn atteggiamento schizofrenico, incomprensibile, che mina la fiducia nelle istituzioni e mette a repentaglio le nostre produzioni. Contro questa decisione ricorreremo in tutte le sedi istituzionali competenti\u201d.\u00a0Queste le parole Federico Caner, assessore regionale all\u2019agricoltura in merito al via libera da parte della Commissione Europea alla protezione della menzione tradizionale del [&hellip;]<\/p>\n","protected":false},"author":2,"featured_media":98275,"comment_status":"closed","ping_status":"open","sticky":false,"template":"","format":"standard","meta":{"footnotes":""},"categories":[36],"tags":[],"class_list":["post-127795","post","type-post","status-publish","format-standard","has-post-thumbnail","category-lavoro-economia"],"yoast_head":"<!-- This site is optimized with the Yoast SEO plugin v28.4 - https:\/\/yoast.com\/product\/yoast-seo-wordpress\/ -->\n<title>Via libera dell&#039;Unione europea al riconoscimento del Prosek della Croazia. Caner: &quot;Ricorreremo in tutte le sedi competenti&quot; - Bellunopress - Dolomiti<\/title>\n<meta name=\"robots\" content=\"index, follow, max-snippet:-1, max-image-preview:large, max-video-preview:-1\" \/>\n<link rel=\"canonical\" href=\"https:\/\/www.bellunopress.it\/fr\/2021\/09\/13\/via-libera-dellunione-europea-al-riconoscimento-del-prosek-della-croazia-caner-ricorreremo-in-tutte-le-sedi-competenti\/\" \/>\n<meta property=\"og:locale\" content=\"fr_FR\" \/>\n<meta property=\"og:type\" content=\"article\" \/>\n<meta property=\"og:title\" content=\"Via libera dell&#039;Unione europea al riconoscimento del Prosek della Croazia. Caner: &quot;Ricorreremo in tutte le sedi competenti&quot; - Bellunopress - Dolomiti\" \/>\n<meta property=\"og:description\" content=\"Venezia, 13 settembre 2021 &#8211; \u201cUn atteggiamento schizofrenico, incomprensibile, che mina la fiducia nelle istituzioni e mette a repentaglio le nostre produzioni. Contro questa decisione ricorreremo in tutte le sedi istituzionali competenti\u201d.\u00a0Queste le parole Federico Caner, assessore regionale all\u2019agricoltura in merito al via libera da parte della Commissione Europea alla protezione della menzione tradizionale del [&hellip;]\" \/>\n<meta property=\"og:url\" content=\"https:\/\/www.bellunopress.it\/fr\/2021\/09\/13\/via-libera-dellunione-europea-al-riconoscimento-del-prosek-della-croazia-caner-ricorreremo-in-tutte-le-sedi-competenti\/\" \/>\n<meta property=\"og:site_name\" content=\"Bellunopress - Dolomiti\" \/>\n<meta property=\"article:publisher\" content=\"https:\/\/www.facebook.com\/profile.php?id=100008943462799\" \/>\n<meta property=\"article:published_time\" content=\"2021-09-13T10:41:34+00:00\" \/>\n<meta property=\"article:modified_time\" content=\"2021-09-13T16:45:40+00:00\" \/>\n<meta property=\"og:image\" content=\"https:\/\/www.bellunopress.it\/wp-content\/uploads\/2018\/09\/Caner.jpg\" \/>\n\t<meta property=\"og:image:width\" content=\"212\" \/>\n\t<meta property=\"og:image:height\" content=\"300\" \/>\n\t<meta property=\"og:image:type\" content=\"image\/jpeg\" \/>\n<meta name=\"author\" content=\"redazione\" \/>\n<meta name=\"twitter:card\" content=\"summary_large_image\" \/>\n<meta name=\"twitter:creator\" content=\"@bellunopress\" \/>\n<meta name=\"twitter:site\" content=\"@bellunopress\" \/>\n<meta name=\"twitter:label1\" content=\"\u00c9crit par\" \/>\n\t<meta name=\"twitter:data1\" content=\"redazione\" \/>\n\t<meta name=\"twitter:label2\" content=\"Dur\u00e9e de lecture estim\u00e9e\" \/>\n\t<meta name=\"twitter:data2\" content=\"2 minutes\" \/>\n<script type=\"application\/ld+json\" class=\"yoast-schema-graph\">{\"@context\":\"https:\\\/\\\/schema.org\",\"@graph\":[{\"@type\":\"Article\",\"@id\":\"https:\\\/\\\/www.bellunopress.it\\\/2021\\\/09\\\/13\\\/via-libera-dellunione-europea-al-riconoscimento-del-prosek-della-croazia-caner-ricorreremo-in-tutte-le-sedi-competenti\\\/#article\",\"isPartOf\":{\"@id\":\"https:\\\/\\\/www.bellunopress.it\\\/2021\\\/09\\\/13\\\/via-libera-dellunione-europea-al-riconoscimento-del-prosek-della-croazia-caner-ricorreremo-in-tutte-le-sedi-competenti\\\/\"},\"author\":{\"name\":\"redazione\",\"@id\":\"https:\\\/\\\/www.bellunopress.it\\\/#\\\/schema\\\/person\\\/79bb06722b37ece1c03d3e94beb30d73\"},\"headline\":\"Via libera dell&#8217;Unione europea al riconoscimento del Prosek della Croazia. Caner: &#8220;Ricorreremo in tutte le sedi competenti&#8221;\",\"datePublished\":\"2021-09-13T10:41:34+00:00\",\"dateModified\":\"2021-09-13T16:45:40+00:00\",\"mainEntityOfPage\":{\"@id\":\"https:\\\/\\\/www.bellunopress.it\\\/2021\\\/09\\\/13\\\/via-libera-dellunione-europea-al-riconoscimento-del-prosek-della-croazia-caner-ricorreremo-in-tutte-le-sedi-competenti\\\/\"},\"wordCount\":242,\"publisher\":{\"@id\":\"https:\\\/\\\/www.bellunopress.it\\\/#organization\"},\"image\":{\"@id\":\"https:\\\/\\\/www.bellunopress.it\\\/2021\\\/09\\\/13\\\/via-libera-dellunione-europea-al-riconoscimento-del-prosek-della-croazia-caner-ricorreremo-in-tutte-le-sedi-competenti\\\/#primaryimage\"},\"thumbnailUrl\":\"https:\\\/\\\/www.bellunopress.it\\\/wp-content\\\/uploads\\\/2018\\\/09\\\/Caner.jpg\",\"articleSection\":[\"Lavoro, Economia, Turismo\"],\"inLanguage\":\"fr-FR\"},{\"@type\":\"WebPage\",\"@id\":\"https:\\\/\\\/www.bellunopress.it\\\/2021\\\/09\\\/13\\\/via-libera-dellunione-europea-al-riconoscimento-del-prosek-della-croazia-caner-ricorreremo-in-tutte-le-sedi-competenti\\\/\",\"url\":\"https:\\\/\\\/www.bellunopress.it\\\/2021\\\/09\\\/13\\\/via-libera-dellunione-europea-al-riconoscimento-del-prosek-della-croazia-caner-ricorreremo-in-tutte-le-sedi-competenti\\\/\",\"name\":\"Via libera dell'Unione europea al riconoscimento del Prosek della Croazia. Caner: \\\"Ricorreremo in tutte le sedi competenti\\\" - Bellunopress - Dolomiti\",\"isPartOf\":{\"@id\":\"https:\\\/\\\/www.bellunopress.it\\\/#website\"},\"primaryImageOfPage\":{\"@id\":\"https:\\\/\\\/www.bellunopress.it\\\/2021\\\/09\\\/13\\\/via-libera-dellunione-europea-al-riconoscimento-del-prosek-della-croazia-caner-ricorreremo-in-tutte-le-sedi-competenti\\\/#primaryimage\"},\"image\":{\"@id\":\"https:\\\/\\\/www.bellunopress.it\\\/2021\\\/09\\\/13\\\/via-libera-dellunione-europea-al-riconoscimento-del-prosek-della-croazia-caner-ricorreremo-in-tutte-le-sedi-competenti\\\/#primaryimage\"},\"thumbnailUrl\":\"https:\\\/\\\/www.bellunopress.it\\\/wp-content\\\/uploads\\\/2018\\\/09\\\/Caner.jpg\",\"datePublished\":\"2021-09-13T10:41:34+00:00\",\"dateModified\":\"2021-09-13T16:45:40+00:00\",\"breadcrumb\":{\"@id\":\"https:\\\/\\\/www.bellunopress.it\\\/2021\\\/09\\\/13\\\/via-libera-dellunione-europea-al-riconoscimento-del-prosek-della-croazia-caner-ricorreremo-in-tutte-le-sedi-competenti\\\/#breadcrumb\"},\"inLanguage\":\"fr-FR\",\"potentialAction\":[{\"@type\":\"ReadAction\",\"target\":[\"https:\\\/\\\/www.bellunopress.it\\\/2021\\\/09\\\/13\\\/via-libera-dellunione-europea-al-riconoscimento-del-prosek-della-croazia-caner-ricorreremo-in-tutte-le-sedi-competenti\\\/\"]}]},{\"@type\":\"ImageObject\",\"inLanguage\":\"fr-FR\",\"@id\":\"https:\\\/\\\/www.bellunopress.it\\\/2021\\\/09\\\/13\\\/via-libera-dellunione-europea-al-riconoscimento-del-prosek-della-croazia-caner-ricorreremo-in-tutte-le-sedi-competenti\\\/#primaryimage\",\"url\":\"https:\\\/\\\/www.bellunopress.it\\\/wp-content\\\/uploads\\\/2018\\\/09\\\/Caner.jpg\",\"contentUrl\":\"https:\\\/\\\/www.bellunopress.it\\\/wp-content\\\/uploads\\\/2018\\\/09\\\/Caner.jpg\",\"width\":212,\"height\":300,\"caption\":\"Federico Caner, assessore regionale\"},{\"@type\":\"BreadcrumbList\",\"@id\":\"https:\\\/\\\/www.bellunopress.it\\\/2021\\\/09\\\/13\\\/via-libera-dellunione-europea-al-riconoscimento-del-prosek-della-croazia-caner-ricorreremo-in-tutte-le-sedi-competenti\\\/#breadcrumb\",\"itemListElement\":[{\"@type\":\"ListItem\",\"position\":1,\"name\":\"Home\",\"item\":\"https:\\\/\\\/www.bellunopress.it\\\/\"},{\"@type\":\"ListItem\",\"position\":2,\"name\":\"Via libera dell&#8217;Unione europea al riconoscimento del Prosek della Croazia. Caner: &#8220;Ricorreremo in tutte le sedi competenti&#8221;\"}]},{\"@type\":\"WebSite\",\"@id\":\"https:\\\/\\\/www.bellunopress.it\\\/#website\",\"url\":\"https:\\\/\\\/www.bellunopress.it\\\/\",\"name\":\"Bellunopress - Dolomiti\",\"description\":\"e-mail: redazione@bellunopress.it\",\"publisher\":{\"@id\":\"https:\\\/\\\/www.bellunopress.it\\\/#organization\"},\"potentialAction\":[{\"@type\":\"SearchAction\",\"target\":{\"@type\":\"EntryPoint\",\"urlTemplate\":\"https:\\\/\\\/www.bellunopress.it\\\/?s={search_term_string}\"},\"query-input\":{\"@type\":\"PropertyValueSpecification\",\"valueRequired\":true,\"valueName\":\"search_term_string\"}}],\"inLanguage\":\"fr-FR\"},{\"@type\":\"Organization\",\"@id\":\"https:\\\/\\\/www.bellunopress.it\\\/#organization\",\"name\":\"Bellunopress\",\"url\":\"https:\\\/\\\/www.bellunopress.it\\\/\",\"logo\":{\"@type\":\"ImageObject\",\"inLanguage\":\"fr-FR\",\"@id\":\"https:\\\/\\\/www.bellunopress.it\\\/#\\\/schema\\\/logo\\\/image\\\/\",\"url\":\"https:\\\/\\\/www.bellunopress.it\\\/wp-content\\\/uploads\\\/2011\\\/05\\\/cropped-logo-bellunopress-.jpg\",\"contentUrl\":\"https:\\\/\\\/www.bellunopress.it\\\/wp-content\\\/uploads\\\/2011\\\/05\\\/cropped-logo-bellunopress-.jpg\",\"width\":512,\"height\":512,\"caption\":\"Bellunopress\"},\"image\":{\"@id\":\"https:\\\/\\\/www.bellunopress.it\\\/#\\\/schema\\\/logo\\\/image\\\/\"},\"sameAs\":[\"https:\\\/\\\/www.facebook.com\\\/profile.php?id=100008943462799\",\"https:\\\/\\\/x.com\\\/bellunopress\",\"https:\\\/\\\/www.linkedin.com\\\/hp\\\/?dnr=JBzUWaJfMUw8vbXJJ2tVW5-I3jZKvC4wsoxE&amp;amp;amp;amp;amp;amp;trk=nav_responsive_tab_home\",\"https:\\\/\\\/www.youtube.com\\\/channel\\\/UCxL0wu1uN0_3_7hGG0306cw\"]},{\"@type\":\"Person\",\"@id\":\"https:\\\/\\\/www.bellunopress.it\\\/#\\\/schema\\\/person\\\/79bb06722b37ece1c03d3e94beb30d73\",\"name\":\"redazione\",\"image\":{\"@type\":\"ImageObject\",\"inLanguage\":\"fr-FR\",\"@id\":\"https:\\\/\\\/secure.gravatar.com\\\/avatar\\\/37d968a2e67a6fd04c169c4bdef102d0bc5d31b2546345219e348575eb80e9a0?s=96&d=mm&r=g\",\"url\":\"https:\\\/\\\/secure.gravatar.com\\\/avatar\\\/37d968a2e67a6fd04c169c4bdef102d0bc5d31b2546345219e348575eb80e9a0?s=96&d=mm&r=g\",\"contentUrl\":\"https:\\\/\\\/secure.gravatar.com\\\/avatar\\\/37d968a2e67a6fd04c169c4bdef102d0bc5d31b2546345219e348575eb80e9a0?s=96&d=mm&r=g\",\"caption\":\"redazione\"},\"sameAs\":[\"http:\\\/\\\/www.bellunopress.it\",\"https:\\\/\\\/x.com\\\/bellunopress\"],\"url\":\"https:\\\/\\\/www.bellunopress.it\\\/fr\\\/author\\\/redazione\\\/\"}]}<\/script>\n<!-- \/ Yoast SEO plugin. -->","yoast_head_json":{"title":"Via libera dell'Unione europea al riconoscimento del Prosek della Croazia. Caner: \"Ricorreremo in tutte le sedi competenti\" - Bellunopress - Dolomiti","robots":{"index":"index","follow":"follow","max-snippet":"max-snippet:-1","max-image-preview":"max-image-preview:large","max-video-preview":"max-video-preview:-1"},"canonical":"https:\/\/www.bellunopress.it\/fr\/2021\/09\/13\/via-libera-dellunione-europea-al-riconoscimento-del-prosek-della-croazia-caner-ricorreremo-in-tutte-le-sedi-competenti\/","og_locale":"fr_FR","og_type":"article","og_title":"Via libera dell'Unione europea al riconoscimento del Prosek della Croazia. Caner: \"Ricorreremo in tutte le sedi competenti\" - Bellunopress - Dolomiti","og_description":"Venezia, 13 settembre 2021 &#8211; \u201cUn atteggiamento schizofrenico, incomprensibile, che mina la fiducia nelle istituzioni e mette a repentaglio le nostre produzioni. Contro questa decisione ricorreremo in tutte le sedi istituzionali competenti\u201d.\u00a0Queste le parole Federico Caner, assessore regionale all\u2019agricoltura in merito al via libera da parte della Commissione Europea alla protezione della menzione tradizionale del [&hellip;]","og_url":"https:\/\/www.bellunopress.it\/fr\/2021\/09\/13\/via-libera-dellunione-europea-al-riconoscimento-del-prosek-della-croazia-caner-ricorreremo-in-tutte-le-sedi-competenti\/","og_site_name":"Bellunopress - Dolomiti","article_publisher":"https:\/\/www.facebook.com\/profile.php?id=100008943462799","article_published_time":"2021-09-13T10:41:34+00:00","article_modified_time":"2021-09-13T16:45:40+00:00","og_image":[{"width":212,"height":300,"url":"https:\/\/www.bellunopress.it\/wp-content\/uploads\/2018\/09\/Caner.jpg","type":"image\/jpeg"}],"author":"redazione","twitter_card":"summary_large_image","twitter_creator":"@bellunopress","twitter_site":"@bellunopress","twitter_misc":{"\u00c9crit par":"redazione","Dur\u00e9e de lecture estim\u00e9e":"2 minutes"},"schema":{"@context":"https:\/\/schema.org","@graph":[{"@type":"Article","@id":"https:\/\/www.bellunopress.it\/2021\/09\/13\/via-libera-dellunione-europea-al-riconoscimento-del-prosek-della-croazia-caner-ricorreremo-in-tutte-le-sedi-competenti\/#article","isPartOf":{"@id":"https:\/\/www.bellunopress.it\/2021\/09\/13\/via-libera-dellunione-europea-al-riconoscimento-del-prosek-della-croazia-caner-ricorreremo-in-tutte-le-sedi-competenti\/"},"author":{"name":"redazione","@id":"https:\/\/www.bellunopress.it\/#\/schema\/person\/79bb06722b37ece1c03d3e94beb30d73"},"headline":"Via libera dell&#8217;Unione europea al riconoscimento del Prosek della Croazia. Caner: &#8220;Ricorreremo in tutte le sedi competenti&#8221;","datePublished":"2021-09-13T10:41:34+00:00","dateModified":"2021-09-13T16:45:40+00:00","mainEntityOfPage":{"@id":"https:\/\/www.bellunopress.it\/2021\/09\/13\/via-libera-dellunione-europea-al-riconoscimento-del-prosek-della-croazia-caner-ricorreremo-in-tutte-le-sedi-competenti\/"},"wordCount":242,"publisher":{"@id":"https:\/\/www.bellunopress.it\/#organization"},"image":{"@id":"https:\/\/www.bellunopress.it\/2021\/09\/13\/via-libera-dellunione-europea-al-riconoscimento-del-prosek-della-croazia-caner-ricorreremo-in-tutte-le-sedi-competenti\/#primaryimage"},"thumbnailUrl":"https:\/\/www.bellunopress.it\/wp-content\/uploads\/2018\/09\/Caner.jpg","articleSection":["Lavoro, Economia, Turismo"],"inLanguage":"fr-FR"},{"@type":"WebPage","@id":"https:\/\/www.bellunopress.it\/2021\/09\/13\/via-libera-dellunione-europea-al-riconoscimento-del-prosek-della-croazia-caner-ricorreremo-in-tutte-le-sedi-competenti\/","url":"https:\/\/www.bellunopress.it\/2021\/09\/13\/via-libera-dellunione-europea-al-riconoscimento-del-prosek-della-croazia-caner-ricorreremo-in-tutte-le-sedi-competenti\/","name":"Via libera dell'Unione europea al riconoscimento del Prosek della Croazia. Caner: \"Ricorreremo in tutte le sedi competenti\" - Bellunopress - Dolomiti","isPartOf":{"@id":"https:\/\/www.bellunopress.it\/#website"},"primaryImageOfPage":{"@id":"https:\/\/www.bellunopress.it\/2021\/09\/13\/via-libera-dellunione-europea-al-riconoscimento-del-prosek-della-croazia-caner-ricorreremo-in-tutte-le-sedi-competenti\/#primaryimage"},"image":{"@id":"https:\/\/www.bellunopress.it\/2021\/09\/13\/via-libera-dellunione-europea-al-riconoscimento-del-prosek-della-croazia-caner-ricorreremo-in-tutte-le-sedi-competenti\/#primaryimage"},"thumbnailUrl":"https:\/\/www.bellunopress.it\/wp-content\/uploads\/2018\/09\/Caner.jpg","datePublished":"2021-09-13T10:41:34+00:00","dateModified":"2021-09-13T16:45:40+00:00","breadcrumb":{"@id":"https:\/\/www.bellunopress.it\/2021\/09\/13\/via-libera-dellunione-europea-al-riconoscimento-del-prosek-della-croazia-caner-ricorreremo-in-tutte-le-sedi-competenti\/#breadcrumb"},"inLanguage":"fr-FR","potentialAction":[{"@type":"ReadAction","target":["https:\/\/www.bellunopress.it\/2021\/09\/13\/via-libera-dellunione-europea-al-riconoscimento-del-prosek-della-croazia-caner-ricorreremo-in-tutte-le-sedi-competenti\/"]}]},{"@type":"ImageObject","inLanguage":"fr-FR","@id":"https:\/\/www.bellunopress.it\/2021\/09\/13\/via-libera-dellunione-europea-al-riconoscimento-del-prosek-della-croazia-caner-ricorreremo-in-tutte-le-sedi-competenti\/#primaryimage","url":"https:\/\/www.bellunopress.it\/wp-content\/uploads\/2018\/09\/Caner.jpg","contentUrl":"https:\/\/www.bellunopress.it\/wp-content\/uploads\/2018\/09\/Caner.jpg","width":212,"height":300,"caption":"Federico Caner, assessore regionale"},{"@type":"BreadcrumbList","@id":"https:\/\/www.bellunopress.it\/2021\/09\/13\/via-libera-dellunione-europea-al-riconoscimento-del-prosek-della-croazia-caner-ricorreremo-in-tutte-le-sedi-competenti\/#breadcrumb","itemListElement":[{"@type":"ListItem","position":1,"name":"Home","item":"https:\/\/www.bellunopress.it\/"},{"@type":"ListItem","position":2,"name":"Via libera dell&#8217;Unione europea al riconoscimento del Prosek della Croazia. Caner: &#8220;Ricorreremo in tutte le sedi competenti&#8221;"}]},{"@type":"WebSite","@id":"https:\/\/www.bellunopress.it\/#website","url":"https:\/\/www.bellunopress.it\/","name":"Bellunopress - Dolomiti","description":"e-mail: redazione@bellunopress.it","publisher":{"@id":"https:\/\/www.bellunopress.it\/#organization"},"potentialAction":[{"@type":"SearchAction","target":{"@type":"EntryPoint","urlTemplate":"https:\/\/www.bellunopress.it\/?s={search_term_string}"},"query-input":{"@type":"PropertyValueSpecification","valueRequired":true,"valueName":"search_term_string"}}],"inLanguage":"fr-FR"},{"@type":"Organization","@id":"https:\/\/www.bellunopress.it\/#organization","name":"Bellunopress","url":"https:\/\/www.bellunopress.it\/","logo":{"@type":"ImageObject","inLanguage":"fr-FR","@id":"https:\/\/www.bellunopress.it\/#\/schema\/logo\/image\/","url":"https:\/\/www.bellunopress.it\/wp-content\/uploads\/2011\/05\/cropped-logo-bellunopress-.jpg","contentUrl":"https:\/\/www.bellunopress.it\/wp-content\/uploads\/2011\/05\/cropped-logo-bellunopress-.jpg","width":512,"height":512,"caption":"Bellunopress"},"image":{"@id":"https:\/\/www.bellunopress.it\/#\/schema\/logo\/image\/"},"sameAs":["https:\/\/www.facebook.com\/profile.php?id=100008943462799","https:\/\/x.com\/bellunopress","https:\/\/www.linkedin.com\/hp\/?dnr=JBzUWaJfMUw8vbXJJ2tVW5-I3jZKvC4wsoxE&amp;amp;amp;amp;amp;amp;trk=nav_responsive_tab_home","https:\/\/www.youtube.com\/channel\/UCxL0wu1uN0_3_7hGG0306cw"]},{"@type":"Person","@id":"https:\/\/www.bellunopress.it\/#\/schema\/person\/79bb06722b37ece1c03d3e94beb30d73","name":"r\u00e9daction","image":{"@type":"ImageObject","inLanguage":"fr-FR","@id":"https:\/\/secure.gravatar.com\/avatar\/37d968a2e67a6fd04c169c4bdef102d0bc5d31b2546345219e348575eb80e9a0?s=96&d=mm&r=g","url":"https:\/\/secure.gravatar.com\/avatar\/37d968a2e67a6fd04c169c4bdef102d0bc5d31b2546345219e348575eb80e9a0?s=96&d=mm&r=g","contentUrl":"https:\/\/secure.gravatar.com\/avatar\/37d968a2e67a6fd04c169c4bdef102d0bc5d31b2546345219e348575eb80e9a0?s=96&d=mm&r=g","caption":"redazione"},"sameAs":["http:\/\/www.bellunopress.it","https:\/\/x.com\/bellunopress"],"url":"https:\/\/www.bellunopress.it\/fr\/author\/redazione\/"}]}},"_links":{"self":[{"href":"https:\/\/www.bellunopress.it\/fr\/wp-json\/wp\/v2\/posts\/127795","targetHints":{"allow":["GET"]}}],"collection":[{"href":"https:\/\/www.bellunopress.it\/fr\/wp-json\/wp\/v2\/posts"}],"about":[{"href":"https:\/\/www.bellunopress.it\/fr\/wp-json\/wp\/v2\/types\/post"}],"author":[{"embeddable":true,"href":"https:\/\/www.bellunopress.it\/fr\/wp-json\/wp\/v2\/users\/2"}],"replies":[{"embeddable":true,"href":"https:\/\/www.bellunopress.it\/fr\/wp-json\/wp\/v2\/comments?post=127795"}],"version-history":[{"count":1,"href":"https:\/\/www.bellunopress.it\/fr\/wp-json\/wp\/v2\/posts\/127795\/revisions"}],"predecessor-version":[{"id":127796,"href":"https:\/\/www.bellunopress.it\/fr\/wp-json\/wp\/v2\/posts\/127795\/revisions\/127796"}],"wp:featuredmedia":[{"embeddable":true,"href":"https:\/\/www.bellunopress.it\/fr\/wp-json\/wp\/v2\/media\/98275"}],"wp:attachment":[{"href":"https:\/\/www.bellunopress.it\/fr\/wp-json\/wp\/v2\/media?parent=127795"}],"wp:term":[{"taxonomy":"category","embeddable":true,"href":"https:\/\/www.bellunopress.it\/fr\/wp-json\/wp\/v2\/categories?post=127795"},{"taxonomy":"post_tag","embeddable":true,"href":"https:\/\/www.bellunopress.it\/fr\/wp-json\/wp\/v2\/tags?post=127795"}],"curies":[{"name":"wp","href":"https:\/\/api.w.org\/{rel}","templated":true}]}}