{"id":127791,"date":"2021-09-13T17:41:07","date_gmt":"2021-09-13T15:41:07","guid":{"rendered":"https:\/\/www.bellunopress.it\/?p=127791"},"modified":"2021-09-13T17:41:07","modified_gmt":"2021-09-13T15:41:07","slug":"ulss-dolomiti-situazione-epidemiologica","status":"publish","type":"post","link":"https:\/\/www.bellunopress.it\/fr\/2021\/09\/13\/ulss-dolomiti-situazione-epidemiologica\/","title":{"rendered":"Ulss Dolomiti. Situazione epidemiologica"},"content":{"rendered":"<p>Belluno, 13 settembre 2021 &#8211;\u00a0Continua costante il trend di 20-25 nuove positivit\u00e0 quotidiane registrate in Ulss Dolomiti e riferibili ad una casistica in rientro dall\u2019estero e a contatti familiari.<\/p>\n<p><strong>Incidenza settimanale<\/strong><br \/>\nI casi rilevati nell\u2019ultima settimana sono 130 (+19 rispetto alla scorsa settimana), con un conseguente tasso di incidenza settimanale di 65 casi su 100 mila abitanti, superiore all&#8217;incidenza nazionale (59 su 100 mila abitanti).<br \/>\nLa mappa sottostante rappresenta l\u2019incidenza settimanale per singolo comune. Si ricorda che nei piccoli comuni, anche una piccola casistica determina un\u2019incidenza (casi\/abitanti) significativa, alla luce del piccolo denominatore di popolazione.<\/p>\n<p><a href=\"https:\/\/www.bellunopress.it\/fr\/2021\/09\/13\/ulss-dolomiti-situazione-epidemiologica\/incidenza-settimanale-covid\/\" rel=\"attachment wp-att-127792\"><img loading=\"lazy\" decoding=\"async\" class=\"alignleft size-full wp-image-127792\" src=\"https:\/\/www.bellunopress.it\/wp-content\/uploads\/2021\/09\/incidenza-settimanale-covid.jpg\" alt=\"\" width=\"463\" height=\"480\" srcset=\"https:\/\/www.bellunopress.it\/wp-content\/uploads\/2021\/09\/incidenza-settimanale-covid.jpg 463w, https:\/\/www.bellunopress.it\/wp-content\/uploads\/2021\/09\/incidenza-settimanale-covid-405x420.jpg 405w\" sizes=\"auto, (max-width: 463px) 100vw, 463px\" \/><\/a><\/p>\n<p><strong>Analisi della casistica dei soggetti covid positivi<\/strong><br \/>\nLe nuove positivit\u00e0 si confermano prevalentemente a carico di soggetti giovani o molto giovani. Le persone di 65 e pi\u00f9 anni registrano una casistica limitata in relazione agli elevati tassi di copertura vaccinale (purtuttavia ancora migliorabili) e alla minore mobilit\u00e0 sociale.<\/p>\n<p>La grande maggioranza dei nuovi positivi della settimana (106\/130) NON sono vaccinati. Tale dato conferma, anche localmente, la capacit\u00e0 della vaccinazione di ridurre il rischio infettivo (oltre al rischio di malattia grave e di morte).<\/p>\n<p><strong>Tamponi<\/strong><br \/>\nA questa mattina alle ore 8.00, dall\u2019inizio dell\u2019epidemia, nei drive in dell\u2019Ulss Dolomiti sono stati effettuati:<br \/>\n\u2022 325 mila tamponi molecolari<br \/>\n\u2022 238 mila tamponi antigenici.<br \/>\nNelle farmacie territoriali, da gennaio, sono stati effettuati oltre 35 mila tamponi antigenici.<\/p>\n<p><strong>Terapia con anticorpi monoclonali<\/strong><br \/>\nAd oggi sono state trattate con anticorpi monoclonali dall\u2019Unit\u00e0 Operativa di Malattie Infettive di Belluno 67 persone (+ 3 nella settimana).<br \/>\nPer facilitare il trattamento precoce delle persone Covid positive per le quali \u00e8 indicata la somministrazione di monoclonali, l\u2019unit\u00e0 operativa di Malattie Infettive contatta i soggetti interessati e cura le prime fasi di arruolamento per il trattamento.<\/p>\n<p>Si invitano le persone covid positive sintomatiche a chiedere informaizoni sul trattamento con anticorpi monoclonali<br \/>\n\u2022 al proprio Medico di Medicina Generale;<br \/>\n\u2022 all&#8217;Unit\u00e0 Operativa di Malattie Infettive scrivendo alla mail malattieinfettive.monoclonali@aulss1.veneto.it<\/p>\n<p><strong>Ricoveri<\/strong><\/p>\n<p>Sono attualmente ricoverati al San Martino di Belluno 13 pazienti Covid positivi.<br \/>\nDei 13 pazienti Covid positivi ricoverati, 1 \u00e8 in terapia intensiva. Rimane in Terapia Intensiva anche il paziente negativizzato dopo 37 giorni dalla positivit\u00e0 e in Rianimazione dal 10 agosto.<br \/>\nIn area non critica sono ricoverati :<br \/>\n\u2022 4 pazienti (di 23, 54, 60 85 anni) in Pneumologia, di cui 2 con quadro severo<br \/>\n\u2022 8 pazienti (di 41,48,53, 54, 78, 78, 90 e 94 anni) in Malattie Infettive, di cui 1 con quadro severo.<br \/>\nSu 13 pazienti ricoverati, 11 sono non vaccinati.<\/p>\n<p>&nbsp;<\/p>\n<p>&nbsp;<\/p>","protected":false},"excerpt":{"rendered":"<p>Belluno, 13 settembre 2021 &#8211;\u00a0Continua costante il trend di 20-25 nuove positivit\u00e0 quotidiane registrate in Ulss Dolomiti e riferibili ad una casistica in rientro dall\u2019estero e a contatti familiari. Incidenza settimanale I casi rilevati nell\u2019ultima settimana sono 130 (+19 rispetto alla scorsa settimana), con un conseguente tasso di incidenza settimanale di 65 casi su 100 [&hellip;]<\/p>\n","protected":false},"author":2,"featured_media":127792,"comment_status":"closed","ping_status":"open","sticky":false,"template":"","format":"standard","meta":{"footnotes":""},"categories":[17],"tags":[],"class_list":["post-127791","post","type-post","status-publish","format-standard","has-post-thumbnail","category-sanita"],"yoast_head":"<!-- This site is optimized with the Yoast SEO plugin v28.4 - https:\/\/yoast.com\/product\/yoast-seo-wordpress\/ -->\n<title>Ulss Dolomiti. Situazione epidemiologica - Bellunopress - Dolomiti<\/title>\n<meta name=\"robots\" content=\"index, follow, max-snippet:-1, max-image-preview:large, max-video-preview:-1\" \/>\n<link rel=\"canonical\" href=\"https:\/\/www.bellunopress.it\/fr\/2021\/09\/13\/ulss-dolomiti-situazione-epidemiologica\/\" \/>\n<meta property=\"og:locale\" content=\"fr_FR\" \/>\n<meta property=\"og:type\" content=\"article\" \/>\n<meta property=\"og:title\" content=\"Ulss Dolomiti. Situazione epidemiologica - Bellunopress - Dolomiti\" \/>\n<meta property=\"og:description\" content=\"Belluno, 13 settembre 2021 &#8211;\u00a0Continua costante il trend di 20-25 nuove positivit\u00e0 quotidiane registrate in Ulss Dolomiti e riferibili ad una casistica in rientro dall\u2019estero e a contatti familiari. Incidenza settimanale I casi rilevati nell\u2019ultima settimana sono 130 (+19 rispetto alla scorsa settimana), con un conseguente tasso di incidenza settimanale di 65 casi su 100 [&hellip;]\" \/>\n<meta property=\"og:url\" content=\"https:\/\/www.bellunopress.it\/fr\/2021\/09\/13\/ulss-dolomiti-situazione-epidemiologica\/\" \/>\n<meta property=\"og:site_name\" content=\"Bellunopress - Dolomiti\" \/>\n<meta property=\"article:publisher\" content=\"https:\/\/www.facebook.com\/profile.php?id=100008943462799\" \/>\n<meta property=\"article:published_time\" content=\"2021-09-13T15:41:07+00:00\" \/>\n<meta property=\"og:image\" content=\"https:\/\/www.bellunopress.it\/wp-content\/uploads\/2021\/09\/incidenza-settimanale-covid.jpg\" \/>\n\t<meta property=\"og:image:width\" content=\"463\" \/>\n\t<meta property=\"og:image:height\" content=\"480\" \/>\n\t<meta property=\"og:image:type\" content=\"image\/jpeg\" \/>\n<meta name=\"author\" content=\"redazione\" \/>\n<meta name=\"twitter:card\" content=\"summary_large_image\" \/>\n<meta name=\"twitter:creator\" content=\"@bellunopress\" \/>\n<meta name=\"twitter:site\" content=\"@bellunopress\" \/>\n<meta name=\"twitter:label1\" content=\"\u00c9crit par\" \/>\n\t<meta name=\"twitter:data1\" content=\"redazione\" \/>\n\t<meta name=\"twitter:label2\" content=\"Dur\u00e9e de lecture estim\u00e9e\" \/>\n\t<meta name=\"twitter:data2\" content=\"2 minutes\" \/>\n<script type=\"application\/ld+json\" class=\"yoast-schema-graph\">{\"@context\":\"https:\\\/\\\/schema.org\",\"@graph\":[{\"@type\":\"Article\",\"@id\":\"https:\\\/\\\/www.bellunopress.it\\\/2021\\\/09\\\/13\\\/ulss-dolomiti-situazione-epidemiologica\\\/#article\",\"isPartOf\":{\"@id\":\"https:\\\/\\\/www.bellunopress.it\\\/2021\\\/09\\\/13\\\/ulss-dolomiti-situazione-epidemiologica\\\/\"},\"author\":{\"name\":\"redazione\",\"@id\":\"https:\\\/\\\/www.bellunopress.it\\\/#\\\/schema\\\/person\\\/79bb06722b37ece1c03d3e94beb30d73\"},\"headline\":\"Ulss Dolomiti. Situazione epidemiologica\",\"datePublished\":\"2021-09-13T15:41:07+00:00\",\"mainEntityOfPage\":{\"@id\":\"https:\\\/\\\/www.bellunopress.it\\\/2021\\\/09\\\/13\\\/ulss-dolomiti-situazione-epidemiologica\\\/\"},\"wordCount\":384,\"publisher\":{\"@id\":\"https:\\\/\\\/www.bellunopress.it\\\/#organization\"},\"image\":{\"@id\":\"https:\\\/\\\/www.bellunopress.it\\\/2021\\\/09\\\/13\\\/ulss-dolomiti-situazione-epidemiologica\\\/#primaryimage\"},\"thumbnailUrl\":\"https:\\\/\\\/www.bellunopress.it\\\/wp-content\\\/uploads\\\/2021\\\/09\\\/incidenza-settimanale-covid.jpg\",\"articleSection\":[\"Sanit\u00e0 Medicina\"],\"inLanguage\":\"fr-FR\"},{\"@type\":\"WebPage\",\"@id\":\"https:\\\/\\\/www.bellunopress.it\\\/2021\\\/09\\\/13\\\/ulss-dolomiti-situazione-epidemiologica\\\/\",\"url\":\"https:\\\/\\\/www.bellunopress.it\\\/2021\\\/09\\\/13\\\/ulss-dolomiti-situazione-epidemiologica\\\/\",\"name\":\"Ulss Dolomiti. Situazione epidemiologica - Bellunopress - Dolomiti\",\"isPartOf\":{\"@id\":\"https:\\\/\\\/www.bellunopress.it\\\/#website\"},\"primaryImageOfPage\":{\"@id\":\"https:\\\/\\\/www.bellunopress.it\\\/2021\\\/09\\\/13\\\/ulss-dolomiti-situazione-epidemiologica\\\/#primaryimage\"},\"image\":{\"@id\":\"https:\\\/\\\/www.bellunopress.it\\\/2021\\\/09\\\/13\\\/ulss-dolomiti-situazione-epidemiologica\\\/#primaryimage\"},\"thumbnailUrl\":\"https:\\\/\\\/www.bellunopress.it\\\/wp-content\\\/uploads\\\/2021\\\/09\\\/incidenza-settimanale-covid.jpg\",\"datePublished\":\"2021-09-13T15:41:07+00:00\",\"breadcrumb\":{\"@id\":\"https:\\\/\\\/www.bellunopress.it\\\/2021\\\/09\\\/13\\\/ulss-dolomiti-situazione-epidemiologica\\\/#breadcrumb\"},\"inLanguage\":\"fr-FR\",\"potentialAction\":[{\"@type\":\"ReadAction\",\"target\":[\"https:\\\/\\\/www.bellunopress.it\\\/2021\\\/09\\\/13\\\/ulss-dolomiti-situazione-epidemiologica\\\/\"]}]},{\"@type\":\"ImageObject\",\"inLanguage\":\"fr-FR\",\"@id\":\"https:\\\/\\\/www.bellunopress.it\\\/2021\\\/09\\\/13\\\/ulss-dolomiti-situazione-epidemiologica\\\/#primaryimage\",\"url\":\"https:\\\/\\\/www.bellunopress.it\\\/wp-content\\\/uploads\\\/2021\\\/09\\\/incidenza-settimanale-covid.jpg\",\"contentUrl\":\"https:\\\/\\\/www.bellunopress.it\\\/wp-content\\\/uploads\\\/2021\\\/09\\\/incidenza-settimanale-covid.jpg\",\"width\":463,\"height\":480},{\"@type\":\"BreadcrumbList\",\"@id\":\"https:\\\/\\\/www.bellunopress.it\\\/2021\\\/09\\\/13\\\/ulss-dolomiti-situazione-epidemiologica\\\/#breadcrumb\",\"itemListElement\":[{\"@type\":\"ListItem\",\"position\":1,\"name\":\"Home\",\"item\":\"https:\\\/\\\/www.bellunopress.it\\\/\"},{\"@type\":\"ListItem\",\"position\":2,\"name\":\"Ulss Dolomiti. Situazione epidemiologica\"}]},{\"@type\":\"WebSite\",\"@id\":\"https:\\\/\\\/www.bellunopress.it\\\/#website\",\"url\":\"https:\\\/\\\/www.bellunopress.it\\\/\",\"name\":\"Bellunopress - Dolomiti\",\"description\":\"e-mail: redazione@bellunopress.it\",\"publisher\":{\"@id\":\"https:\\\/\\\/www.bellunopress.it\\\/#organization\"},\"potentialAction\":[{\"@type\":\"SearchAction\",\"target\":{\"@type\":\"EntryPoint\",\"urlTemplate\":\"https:\\\/\\\/www.bellunopress.it\\\/?s={search_term_string}\"},\"query-input\":{\"@type\":\"PropertyValueSpecification\",\"valueRequired\":true,\"valueName\":\"search_term_string\"}}],\"inLanguage\":\"fr-FR\"},{\"@type\":\"Organization\",\"@id\":\"https:\\\/\\\/www.bellunopress.it\\\/#organization\",\"name\":\"Bellunopress\",\"url\":\"https:\\\/\\\/www.bellunopress.it\\\/\",\"logo\":{\"@type\":\"ImageObject\",\"inLanguage\":\"fr-FR\",\"@id\":\"https:\\\/\\\/www.bellunopress.it\\\/#\\\/schema\\\/logo\\\/image\\\/\",\"url\":\"https:\\\/\\\/www.bellunopress.it\\\/wp-content\\\/uploads\\\/2011\\\/05\\\/cropped-logo-bellunopress-.jpg\",\"contentUrl\":\"https:\\\/\\\/www.bellunopress.it\\\/wp-content\\\/uploads\\\/2011\\\/05\\\/cropped-logo-bellunopress-.jpg\",\"width\":512,\"height\":512,\"caption\":\"Bellunopress\"},\"image\":{\"@id\":\"https:\\\/\\\/www.bellunopress.it\\\/#\\\/schema\\\/logo\\\/image\\\/\"},\"sameAs\":[\"https:\\\/\\\/www.facebook.com\\\/profile.php?id=100008943462799\",\"https:\\\/\\\/x.com\\\/bellunopress\",\"https:\\\/\\\/www.linkedin.com\\\/hp\\\/?dnr=JBzUWaJfMUw8vbXJJ2tVW5-I3jZKvC4wsoxE&amp;amp;amp;amp;amp;amp;trk=nav_responsive_tab_home\",\"https:\\\/\\\/www.youtube.com\\\/channel\\\/UCxL0wu1uN0_3_7hGG0306cw\"]},{\"@type\":\"Person\",\"@id\":\"https:\\\/\\\/www.bellunopress.it\\\/#\\\/schema\\\/person\\\/79bb06722b37ece1c03d3e94beb30d73\",\"name\":\"redazione\",\"image\":{\"@type\":\"ImageObject\",\"inLanguage\":\"fr-FR\",\"@id\":\"https:\\\/\\\/secure.gravatar.com\\\/avatar\\\/37d968a2e67a6fd04c169c4bdef102d0bc5d31b2546345219e348575eb80e9a0?s=96&d=mm&r=g\",\"url\":\"https:\\\/\\\/secure.gravatar.com\\\/avatar\\\/37d968a2e67a6fd04c169c4bdef102d0bc5d31b2546345219e348575eb80e9a0?s=96&d=mm&r=g\",\"contentUrl\":\"https:\\\/\\\/secure.gravatar.com\\\/avatar\\\/37d968a2e67a6fd04c169c4bdef102d0bc5d31b2546345219e348575eb80e9a0?s=96&d=mm&r=g\",\"caption\":\"redazione\"},\"sameAs\":[\"http:\\\/\\\/www.bellunopress.it\",\"https:\\\/\\\/x.com\\\/bellunopress\"],\"url\":\"https:\\\/\\\/www.bellunopress.it\\\/fr\\\/author\\\/redazione\\\/\"}]}<\/script>\n<!-- \/ Yoast SEO plugin. -->","yoast_head_json":{"title":"Ulss Dolomiti. Situazione epidemiologica - Bellunopress - Dolomiti","robots":{"index":"index","follow":"follow","max-snippet":"max-snippet:-1","max-image-preview":"max-image-preview:large","max-video-preview":"max-video-preview:-1"},"canonical":"https:\/\/www.bellunopress.it\/fr\/2021\/09\/13\/ulss-dolomiti-situazione-epidemiologica\/","og_locale":"fr_FR","og_type":"article","og_title":"Ulss Dolomiti. Situazione epidemiologica - Bellunopress - Dolomiti","og_description":"Belluno, 13 settembre 2021 &#8211;\u00a0Continua costante il trend di 20-25 nuove positivit\u00e0 quotidiane registrate in Ulss Dolomiti e riferibili ad una casistica in rientro dall\u2019estero e a contatti familiari. Incidenza settimanale I casi rilevati nell\u2019ultima settimana sono 130 (+19 rispetto alla scorsa settimana), con un conseguente tasso di incidenza settimanale di 65 casi su 100 [&hellip;]","og_url":"https:\/\/www.bellunopress.it\/fr\/2021\/09\/13\/ulss-dolomiti-situazione-epidemiologica\/","og_site_name":"Bellunopress - Dolomiti","article_publisher":"https:\/\/www.facebook.com\/profile.php?id=100008943462799","article_published_time":"2021-09-13T15:41:07+00:00","og_image":[{"width":463,"height":480,"url":"https:\/\/www.bellunopress.it\/wp-content\/uploads\/2021\/09\/incidenza-settimanale-covid.jpg","type":"image\/jpeg"}],"author":"redazione","twitter_card":"summary_large_image","twitter_creator":"@bellunopress","twitter_site":"@bellunopress","twitter_misc":{"\u00c9crit par":"redazione","Dur\u00e9e de lecture estim\u00e9e":"2 minutes"},"schema":{"@context":"https:\/\/schema.org","@graph":[{"@type":"Article","@id":"https:\/\/www.bellunopress.it\/2021\/09\/13\/ulss-dolomiti-situazione-epidemiologica\/#article","isPartOf":{"@id":"https:\/\/www.bellunopress.it\/2021\/09\/13\/ulss-dolomiti-situazione-epidemiologica\/"},"author":{"name":"redazione","@id":"https:\/\/www.bellunopress.it\/#\/schema\/person\/79bb06722b37ece1c03d3e94beb30d73"},"headline":"Ulss Dolomiti. Situazione epidemiologica","datePublished":"2021-09-13T15:41:07+00:00","mainEntityOfPage":{"@id":"https:\/\/www.bellunopress.it\/2021\/09\/13\/ulss-dolomiti-situazione-epidemiologica\/"},"wordCount":384,"publisher":{"@id":"https:\/\/www.bellunopress.it\/#organization"},"image":{"@id":"https:\/\/www.bellunopress.it\/2021\/09\/13\/ulss-dolomiti-situazione-epidemiologica\/#primaryimage"},"thumbnailUrl":"https:\/\/www.bellunopress.it\/wp-content\/uploads\/2021\/09\/incidenza-settimanale-covid.jpg","articleSection":["Sanit\u00e0 Medicina"],"inLanguage":"fr-FR"},{"@type":"WebPage","@id":"https:\/\/www.bellunopress.it\/2021\/09\/13\/ulss-dolomiti-situazione-epidemiologica\/","url":"https:\/\/www.bellunopress.it\/2021\/09\/13\/ulss-dolomiti-situazione-epidemiologica\/","name":"Ulss Dolomiti. Situazione epidemiologica - Bellunopress - Dolomiti","isPartOf":{"@id":"https:\/\/www.bellunopress.it\/#website"},"primaryImageOfPage":{"@id":"https:\/\/www.bellunopress.it\/2021\/09\/13\/ulss-dolomiti-situazione-epidemiologica\/#primaryimage"},"image":{"@id":"https:\/\/www.bellunopress.it\/2021\/09\/13\/ulss-dolomiti-situazione-epidemiologica\/#primaryimage"},"thumbnailUrl":"https:\/\/www.bellunopress.it\/wp-content\/uploads\/2021\/09\/incidenza-settimanale-covid.jpg","datePublished":"2021-09-13T15:41:07+00:00","breadcrumb":{"@id":"https:\/\/www.bellunopress.it\/2021\/09\/13\/ulss-dolomiti-situazione-epidemiologica\/#breadcrumb"},"inLanguage":"fr-FR","potentialAction":[{"@type":"ReadAction","target":["https:\/\/www.bellunopress.it\/2021\/09\/13\/ulss-dolomiti-situazione-epidemiologica\/"]}]},{"@type":"ImageObject","inLanguage":"fr-FR","@id":"https:\/\/www.bellunopress.it\/2021\/09\/13\/ulss-dolomiti-situazione-epidemiologica\/#primaryimage","url":"https:\/\/www.bellunopress.it\/wp-content\/uploads\/2021\/09\/incidenza-settimanale-covid.jpg","contentUrl":"https:\/\/www.bellunopress.it\/wp-content\/uploads\/2021\/09\/incidenza-settimanale-covid.jpg","width":463,"height":480},{"@type":"BreadcrumbList","@id":"https:\/\/www.bellunopress.it\/2021\/09\/13\/ulss-dolomiti-situazione-epidemiologica\/#breadcrumb","itemListElement":[{"@type":"ListItem","position":1,"name":"Home","item":"https:\/\/www.bellunopress.it\/"},{"@type":"ListItem","position":2,"name":"Ulss Dolomiti. Situazione epidemiologica"}]},{"@type":"WebSite","@id":"https:\/\/www.bellunopress.it\/#website","url":"https:\/\/www.bellunopress.it\/","name":"Bellunopress - Dolomiti","description":"e-mail: redazione@bellunopress.it","publisher":{"@id":"https:\/\/www.bellunopress.it\/#organization"},"potentialAction":[{"@type":"SearchAction","target":{"@type":"EntryPoint","urlTemplate":"https:\/\/www.bellunopress.it\/?s={search_term_string}"},"query-input":{"@type":"PropertyValueSpecification","valueRequired":true,"valueName":"search_term_string"}}],"inLanguage":"fr-FR"},{"@type":"Organization","@id":"https:\/\/www.bellunopress.it\/#organization","name":"Bellunopress","url":"https:\/\/www.bellunopress.it\/","logo":{"@type":"ImageObject","inLanguage":"fr-FR","@id":"https:\/\/www.bellunopress.it\/#\/schema\/logo\/image\/","url":"https:\/\/www.bellunopress.it\/wp-content\/uploads\/2011\/05\/cropped-logo-bellunopress-.jpg","contentUrl":"https:\/\/www.bellunopress.it\/wp-content\/uploads\/2011\/05\/cropped-logo-bellunopress-.jpg","width":512,"height":512,"caption":"Bellunopress"},"image":{"@id":"https:\/\/www.bellunopress.it\/#\/schema\/logo\/image\/"},"sameAs":["https:\/\/www.facebook.com\/profile.php?id=100008943462799","https:\/\/x.com\/bellunopress","https:\/\/www.linkedin.com\/hp\/?dnr=JBzUWaJfMUw8vbXJJ2tVW5-I3jZKvC4wsoxE&amp;amp;amp;amp;amp;amp;trk=nav_responsive_tab_home","https:\/\/www.youtube.com\/channel\/UCxL0wu1uN0_3_7hGG0306cw"]},{"@type":"Person","@id":"https:\/\/www.bellunopress.it\/#\/schema\/person\/79bb06722b37ece1c03d3e94beb30d73","name":"r\u00e9daction","image":{"@type":"ImageObject","inLanguage":"fr-FR","@id":"https:\/\/secure.gravatar.com\/avatar\/37d968a2e67a6fd04c169c4bdef102d0bc5d31b2546345219e348575eb80e9a0?s=96&d=mm&r=g","url":"https:\/\/secure.gravatar.com\/avatar\/37d968a2e67a6fd04c169c4bdef102d0bc5d31b2546345219e348575eb80e9a0?s=96&d=mm&r=g","contentUrl":"https:\/\/secure.gravatar.com\/avatar\/37d968a2e67a6fd04c169c4bdef102d0bc5d31b2546345219e348575eb80e9a0?s=96&d=mm&r=g","caption":"redazione"},"sameAs":["http:\/\/www.bellunopress.it","https:\/\/x.com\/bellunopress"],"url":"https:\/\/www.bellunopress.it\/fr\/author\/redazione\/"}]}},"_links":{"self":[{"href":"https:\/\/www.bellunopress.it\/fr\/wp-json\/wp\/v2\/posts\/127791","targetHints":{"allow":["GET"]}}],"collection":[{"href":"https:\/\/www.bellunopress.it\/fr\/wp-json\/wp\/v2\/posts"}],"about":[{"href":"https:\/\/www.bellunopress.it\/fr\/wp-json\/wp\/v2\/types\/post"}],"author":[{"embeddable":true,"href":"https:\/\/www.bellunopress.it\/fr\/wp-json\/wp\/v2\/users\/2"}],"replies":[{"embeddable":true,"href":"https:\/\/www.bellunopress.it\/fr\/wp-json\/wp\/v2\/comments?post=127791"}],"version-history":[{"count":2,"href":"https:\/\/www.bellunopress.it\/fr\/wp-json\/wp\/v2\/posts\/127791\/revisions"}],"predecessor-version":[{"id":127794,"href":"https:\/\/www.bellunopress.it\/fr\/wp-json\/wp\/v2\/posts\/127791\/revisions\/127794"}],"wp:featuredmedia":[{"embeddable":true,"href":"https:\/\/www.bellunopress.it\/fr\/wp-json\/wp\/v2\/media\/127792"}],"wp:attachment":[{"href":"https:\/\/www.bellunopress.it\/fr\/wp-json\/wp\/v2\/media?parent=127791"}],"wp:term":[{"taxonomy":"category","embeddable":true,"href":"https:\/\/www.bellunopress.it\/fr\/wp-json\/wp\/v2\/categories?post=127791"},{"taxonomy":"post_tag","embeddable":true,"href":"https:\/\/www.bellunopress.it\/fr\/wp-json\/wp\/v2\/tags?post=127791"}],"curies":[{"name":"wp","href":"https:\/\/api.w.org\/{rel}","templated":true}]}}