{"id":127783,"date":"2021-09-13T16:36:25","date_gmt":"2021-09-13T14:36:25","guid":{"rendered":"https:\/\/www.bellunopress.it\/?p=127783"},"modified":"2021-09-13T18:48:28","modified_gmt":"2021-09-13T16:48:28","slug":"ritrovato-il-corpo-di-federico-lugato-lescursionista-disperso-in-val-di-zoldo","status":"publish","type":"post","link":"https:\/\/www.bellunopress.it\/fr\/2021\/09\/13\/ritrovato-il-corpo-di-federico-lugato-lescursionista-disperso-in-val-di-zoldo\/","title":{"rendered":"Ritrovato il corpo di Federico Lugato, l&#8217;escursionista disperso in Val di Zoldo"},"content":{"rendered":"<figure id=\"attachment_127318\" aria-describedby=\"caption-attachment-127318\" style=\"width: 401px\" class=\"wp-caption alignleft\"><a href=\"https:\/\/www.bellunopress.it\/fr\/2021\/08\/27\/si-cerca-federico-lugato-scomparso-il-26-agosto-da-val-di-zoldo\/feredico-lugato_edited\/\" rel=\"attachment wp-att-127318\"><img loading=\"lazy\" decoding=\"async\" class=\"size-full wp-image-127318\" src=\"https:\/\/www.bellunopress.it\/wp-content\/uploads\/2021\/08\/feredico-lugato_edited.jpg\" alt=\"\" width=\"401\" height=\"582\" srcset=\"https:\/\/www.bellunopress.it\/wp-content\/uploads\/2021\/08\/feredico-lugato_edited.jpg 401w, https:\/\/www.bellunopress.it\/wp-content\/uploads\/2021\/08\/feredico-lugato_edited-345x500.jpg 345w, https:\/\/www.bellunopress.it\/wp-content\/uploads\/2021\/08\/feredico-lugato_edited-289x420.jpg 289w\" sizes=\"auto, (max-width: 401px) 100vw, 401px\" \/><\/a><figcaption id=\"caption-attachment-127318\" class=\"wp-caption-text\">Federico Lugato<\/figcaption><\/figure>\n<p>Il corpo senza vita di Federico Lugato, l&#8217;escursionista 33enne veneziano residente a Milano che non aveva pi\u00f9 fatto rientro in Val di Zoldo dallo scorso 26 agosto, \u00e8 stato ritrovato oggi dal Soccorso Alpino.<\/p>\n<p>Il ritrovamento \u00e8 avvenuto nel Gruppo del San Sebastiano.<\/p>\n<p>Nell&#8217;ambito del monitoraggio dell&#8217;area di ricerca di Federico Lugato, deciso nel corso della riunione che si \u00e8 tenuta in Prefettura lo scorso 6 settembre, si \u00e8 svolta oggi una ricognizione della zona da parte del Soccorso Alpino della Guardia di Finanza, con l&#8217;ausilio di unit\u00e0 cinofile specializzate nella ricerca di corpi e tracce ematiche, come richiesto dallo stesso prefetto nei giorni scorsi.<\/p>\n<p>L&#8217;attivit\u00e0 svolta \u2013 pianificata dal SAGF della Guardia di Finanza sulla base dell&#8217;elaborazione dei tabulati relativi alle celle telefoniche sviluppata nel corso delle ricerche che hanno visto coinvolte tutte le componenti istituzionali del soccorso e della protezione civile \u2013 ha consentito di ritrovare, alle ore 12 di oggi, il corpo del 33enne veneziano.<\/p>\n<p>Lo stesso si trovava in localit\u00e0 &#8220;Monte San Sebastiano&#8221;, a circa 100 metri dal sentiero segnalato, sotto ad una balza rocciosa in mezzo a fitta vegetazione.<\/p>\n<p>La salma \u00e8 stata successivamente recuparata dall&#8217;eliambulanza del SUEM 118 e posta a disposizione dell&#8217;Autorit\u00e0 Giudiziaria.<\/p>\n<p>&nbsp;<\/p>\n<p>&nbsp;<\/p>\n<p>&nbsp;<\/p>\n<p>&nbsp;<\/p>\n<p>&#8212;<br \/>\nIl Funzionario<br \/>\nDonatella Piol<br \/>\nPrefettura di Belluno<br \/>\nSegreteria del Prefetto<br \/>\n0437 952468<\/p>\n<p>&nbsp;<\/p>","protected":false},"excerpt":{"rendered":"<p>Il corpo senza vita di Federico Lugato, l&#8217;escursionista 33enne veneziano residente a Milano che non aveva pi\u00f9 fatto rientro in Val di Zoldo dallo scorso 26 agosto, \u00e8 stato ritrovato oggi dal Soccorso Alpino. Il ritrovamento \u00e8 avvenuto nel Gruppo del San Sebastiano. Nell&#8217;ambito del monitoraggio dell&#8217;area di ricerca di Federico Lugato, deciso nel corso [&hellip;]<\/p>\n","protected":false},"author":2,"featured_media":127318,"comment_status":"closed","ping_status":"open","sticky":false,"template":"","format":"standard","meta":{"footnotes":""},"categories":[5,26],"tags":[],"class_list":["post-127783","post","type-post","status-publish","format-standard","has-post-thumbnail","category-cronaca","category-prima-pagina"],"yoast_head":"<!-- This site is optimized with the Yoast SEO plugin v28.4 - https:\/\/yoast.com\/product\/yoast-seo-wordpress\/ -->\n<title>Ritrovato il corpo di Federico Lugato, l&#039;escursionista disperso in Val di Zoldo - Bellunopress - Dolomiti<\/title>\n<meta name=\"robots\" content=\"index, follow, max-snippet:-1, max-image-preview:large, max-video-preview:-1\" \/>\n<link rel=\"canonical\" href=\"https:\/\/www.bellunopress.it\/fr\/2021\/09\/13\/ritrovato-il-corpo-di-federico-lugato-lescursionista-disperso-in-val-di-zoldo\/\" \/>\n<meta property=\"og:locale\" content=\"fr_FR\" \/>\n<meta property=\"og:type\" content=\"article\" \/>\n<meta property=\"og:title\" content=\"Ritrovato il corpo di Federico Lugato, l&#039;escursionista disperso in Val di Zoldo - Bellunopress - Dolomiti\" \/>\n<meta property=\"og:description\" content=\"Il corpo senza vita di Federico Lugato, l&#8217;escursionista 33enne veneziano residente a Milano che non aveva pi\u00f9 fatto rientro in Val di Zoldo dallo scorso 26 agosto, \u00e8 stato ritrovato oggi dal Soccorso Alpino. Il ritrovamento \u00e8 avvenuto nel Gruppo del San Sebastiano. Nell&#8217;ambito del monitoraggio dell&#8217;area di ricerca di Federico Lugato, deciso nel corso [&hellip;]\" \/>\n<meta property=\"og:url\" content=\"https:\/\/www.bellunopress.it\/fr\/2021\/09\/13\/ritrovato-il-corpo-di-federico-lugato-lescursionista-disperso-in-val-di-zoldo\/\" \/>\n<meta property=\"og:site_name\" content=\"Bellunopress - Dolomiti\" \/>\n<meta property=\"article:publisher\" content=\"https:\/\/www.facebook.com\/profile.php?id=100008943462799\" \/>\n<meta property=\"article:published_time\" content=\"2021-09-13T14:36:25+00:00\" \/>\n<meta property=\"article:modified_time\" content=\"2021-09-13T16:48:28+00:00\" \/>\n<meta property=\"og:image\" content=\"https:\/\/www.bellunopress.it\/wp-content\/uploads\/2021\/08\/feredico-lugato_edited.jpg\" \/>\n\t<meta property=\"og:image:width\" content=\"401\" \/>\n\t<meta property=\"og:image:height\" content=\"582\" \/>\n\t<meta property=\"og:image:type\" content=\"image\/jpeg\" \/>\n<meta name=\"author\" content=\"redazione\" \/>\n<meta name=\"twitter:card\" content=\"summary_large_image\" \/>\n<meta name=\"twitter:creator\" content=\"@bellunopress\" \/>\n<meta name=\"twitter:site\" content=\"@bellunopress\" \/>\n<meta name=\"twitter:label1\" content=\"\u00c9crit par\" \/>\n\t<meta name=\"twitter:data1\" content=\"redazione\" \/>\n\t<meta name=\"twitter:label2\" content=\"Dur\u00e9e de lecture estim\u00e9e\" \/>\n\t<meta name=\"twitter:data2\" content=\"2 minutes\" \/>\n<script type=\"application\/ld+json\" class=\"yoast-schema-graph\">{\"@context\":\"https:\\\/\\\/schema.org\",\"@graph\":[{\"@type\":\"Article\",\"@id\":\"https:\\\/\\\/www.bellunopress.it\\\/2021\\\/09\\\/13\\\/ritrovato-il-corpo-di-federico-lugato-lescursionista-disperso-in-val-di-zoldo\\\/#article\",\"isPartOf\":{\"@id\":\"https:\\\/\\\/www.bellunopress.it\\\/2021\\\/09\\\/13\\\/ritrovato-il-corpo-di-federico-lugato-lescursionista-disperso-in-val-di-zoldo\\\/\"},\"author\":{\"name\":\"redazione\",\"@id\":\"https:\\\/\\\/www.bellunopress.it\\\/#\\\/schema\\\/person\\\/79bb06722b37ece1c03d3e94beb30d73\"},\"headline\":\"Ritrovato il corpo di Federico Lugato, l&#8217;escursionista disperso in Val di Zoldo\",\"datePublished\":\"2021-09-13T14:36:25+00:00\",\"dateModified\":\"2021-09-13T16:48:28+00:00\",\"mainEntityOfPage\":{\"@id\":\"https:\\\/\\\/www.bellunopress.it\\\/2021\\\/09\\\/13\\\/ritrovato-il-corpo-di-federico-lugato-lescursionista-disperso-in-val-di-zoldo\\\/\"},\"wordCount\":234,\"publisher\":{\"@id\":\"https:\\\/\\\/www.bellunopress.it\\\/#organization\"},\"image\":{\"@id\":\"https:\\\/\\\/www.bellunopress.it\\\/2021\\\/09\\\/13\\\/ritrovato-il-corpo-di-federico-lugato-lescursionista-disperso-in-val-di-zoldo\\\/#primaryimage\"},\"thumbnailUrl\":\"https:\\\/\\\/www.bellunopress.it\\\/wp-content\\\/uploads\\\/2021\\\/08\\\/feredico-lugato_edited.jpg\",\"articleSection\":[\"Cronaca\\\/Politica\",\"Prima Pagina\"],\"inLanguage\":\"fr-FR\"},{\"@type\":\"WebPage\",\"@id\":\"https:\\\/\\\/www.bellunopress.it\\\/2021\\\/09\\\/13\\\/ritrovato-il-corpo-di-federico-lugato-lescursionista-disperso-in-val-di-zoldo\\\/\",\"url\":\"https:\\\/\\\/www.bellunopress.it\\\/2021\\\/09\\\/13\\\/ritrovato-il-corpo-di-federico-lugato-lescursionista-disperso-in-val-di-zoldo\\\/\",\"name\":\"Ritrovato il corpo di Federico Lugato, l'escursionista disperso in Val di Zoldo - Bellunopress - Dolomiti\",\"isPartOf\":{\"@id\":\"https:\\\/\\\/www.bellunopress.it\\\/#website\"},\"primaryImageOfPage\":{\"@id\":\"https:\\\/\\\/www.bellunopress.it\\\/2021\\\/09\\\/13\\\/ritrovato-il-corpo-di-federico-lugato-lescursionista-disperso-in-val-di-zoldo\\\/#primaryimage\"},\"image\":{\"@id\":\"https:\\\/\\\/www.bellunopress.it\\\/2021\\\/09\\\/13\\\/ritrovato-il-corpo-di-federico-lugato-lescursionista-disperso-in-val-di-zoldo\\\/#primaryimage\"},\"thumbnailUrl\":\"https:\\\/\\\/www.bellunopress.it\\\/wp-content\\\/uploads\\\/2021\\\/08\\\/feredico-lugato_edited.jpg\",\"datePublished\":\"2021-09-13T14:36:25+00:00\",\"dateModified\":\"2021-09-13T16:48:28+00:00\",\"breadcrumb\":{\"@id\":\"https:\\\/\\\/www.bellunopress.it\\\/2021\\\/09\\\/13\\\/ritrovato-il-corpo-di-federico-lugato-lescursionista-disperso-in-val-di-zoldo\\\/#breadcrumb\"},\"inLanguage\":\"fr-FR\",\"potentialAction\":[{\"@type\":\"ReadAction\",\"target\":[\"https:\\\/\\\/www.bellunopress.it\\\/2021\\\/09\\\/13\\\/ritrovato-il-corpo-di-federico-lugato-lescursionista-disperso-in-val-di-zoldo\\\/\"]}]},{\"@type\":\"ImageObject\",\"inLanguage\":\"fr-FR\",\"@id\":\"https:\\\/\\\/www.bellunopress.it\\\/2021\\\/09\\\/13\\\/ritrovato-il-corpo-di-federico-lugato-lescursionista-disperso-in-val-di-zoldo\\\/#primaryimage\",\"url\":\"https:\\\/\\\/www.bellunopress.it\\\/wp-content\\\/uploads\\\/2021\\\/08\\\/feredico-lugato_edited.jpg\",\"contentUrl\":\"https:\\\/\\\/www.bellunopress.it\\\/wp-content\\\/uploads\\\/2021\\\/08\\\/feredico-lugato_edited.jpg\",\"width\":401,\"height\":582,\"caption\":\"Federico Lugato\"},{\"@type\":\"BreadcrumbList\",\"@id\":\"https:\\\/\\\/www.bellunopress.it\\\/2021\\\/09\\\/13\\\/ritrovato-il-corpo-di-federico-lugato-lescursionista-disperso-in-val-di-zoldo\\\/#breadcrumb\",\"itemListElement\":[{\"@type\":\"ListItem\",\"position\":1,\"name\":\"Home\",\"item\":\"https:\\\/\\\/www.bellunopress.it\\\/\"},{\"@type\":\"ListItem\",\"position\":2,\"name\":\"Ritrovato il corpo di Federico Lugato, l&#8217;escursionista disperso in Val di Zoldo\"}]},{\"@type\":\"WebSite\",\"@id\":\"https:\\\/\\\/www.bellunopress.it\\\/#website\",\"url\":\"https:\\\/\\\/www.bellunopress.it\\\/\",\"name\":\"Bellunopress - Dolomiti\",\"description\":\"e-mail: redazione@bellunopress.it\",\"publisher\":{\"@id\":\"https:\\\/\\\/www.bellunopress.it\\\/#organization\"},\"potentialAction\":[{\"@type\":\"SearchAction\",\"target\":{\"@type\":\"EntryPoint\",\"urlTemplate\":\"https:\\\/\\\/www.bellunopress.it\\\/?s={search_term_string}\"},\"query-input\":{\"@type\":\"PropertyValueSpecification\",\"valueRequired\":true,\"valueName\":\"search_term_string\"}}],\"inLanguage\":\"fr-FR\"},{\"@type\":\"Organization\",\"@id\":\"https:\\\/\\\/www.bellunopress.it\\\/#organization\",\"name\":\"Bellunopress\",\"url\":\"https:\\\/\\\/www.bellunopress.it\\\/\",\"logo\":{\"@type\":\"ImageObject\",\"inLanguage\":\"fr-FR\",\"@id\":\"https:\\\/\\\/www.bellunopress.it\\\/#\\\/schema\\\/logo\\\/image\\\/\",\"url\":\"https:\\\/\\\/www.bellunopress.it\\\/wp-content\\\/uploads\\\/2011\\\/05\\\/cropped-logo-bellunopress-.jpg\",\"contentUrl\":\"https:\\\/\\\/www.bellunopress.it\\\/wp-content\\\/uploads\\\/2011\\\/05\\\/cropped-logo-bellunopress-.jpg\",\"width\":512,\"height\":512,\"caption\":\"Bellunopress\"},\"image\":{\"@id\":\"https:\\\/\\\/www.bellunopress.it\\\/#\\\/schema\\\/logo\\\/image\\\/\"},\"sameAs\":[\"https:\\\/\\\/www.facebook.com\\\/profile.php?id=100008943462799\",\"https:\\\/\\\/x.com\\\/bellunopress\",\"https:\\\/\\\/www.linkedin.com\\\/hp\\\/?dnr=JBzUWaJfMUw8vbXJJ2tVW5-I3jZKvC4wsoxE&amp;amp;amp;amp;amp;amp;trk=nav_responsive_tab_home\",\"https:\\\/\\\/www.youtube.com\\\/channel\\\/UCxL0wu1uN0_3_7hGG0306cw\"]},{\"@type\":\"Person\",\"@id\":\"https:\\\/\\\/www.bellunopress.it\\\/#\\\/schema\\\/person\\\/79bb06722b37ece1c03d3e94beb30d73\",\"name\":\"redazione\",\"image\":{\"@type\":\"ImageObject\",\"inLanguage\":\"fr-FR\",\"@id\":\"https:\\\/\\\/secure.gravatar.com\\\/avatar\\\/37d968a2e67a6fd04c169c4bdef102d0bc5d31b2546345219e348575eb80e9a0?s=96&d=mm&r=g\",\"url\":\"https:\\\/\\\/secure.gravatar.com\\\/avatar\\\/37d968a2e67a6fd04c169c4bdef102d0bc5d31b2546345219e348575eb80e9a0?s=96&d=mm&r=g\",\"contentUrl\":\"https:\\\/\\\/secure.gravatar.com\\\/avatar\\\/37d968a2e67a6fd04c169c4bdef102d0bc5d31b2546345219e348575eb80e9a0?s=96&d=mm&r=g\",\"caption\":\"redazione\"},\"sameAs\":[\"http:\\\/\\\/www.bellunopress.it\",\"https:\\\/\\\/x.com\\\/bellunopress\"],\"url\":\"https:\\\/\\\/www.bellunopress.it\\\/fr\\\/author\\\/redazione\\\/\"}]}<\/script>\n<!-- \/ Yoast SEO plugin. -->","yoast_head_json":{"title":"Ritrovato il corpo di Federico Lugato, l'escursionista disperso in Val di Zoldo - Bellunopress - Dolomiti","robots":{"index":"index","follow":"follow","max-snippet":"max-snippet:-1","max-image-preview":"max-image-preview:large","max-video-preview":"max-video-preview:-1"},"canonical":"https:\/\/www.bellunopress.it\/fr\/2021\/09\/13\/ritrovato-il-corpo-di-federico-lugato-lescursionista-disperso-in-val-di-zoldo\/","og_locale":"fr_FR","og_type":"article","og_title":"Ritrovato il corpo di Federico Lugato, l'escursionista disperso in Val di Zoldo - Bellunopress - Dolomiti","og_description":"Il corpo senza vita di Federico Lugato, l&#8217;escursionista 33enne veneziano residente a Milano che non aveva pi\u00f9 fatto rientro in Val di Zoldo dallo scorso 26 agosto, \u00e8 stato ritrovato oggi dal Soccorso Alpino. Il ritrovamento \u00e8 avvenuto nel Gruppo del San Sebastiano. Nell&#8217;ambito del monitoraggio dell&#8217;area di ricerca di Federico Lugato, deciso nel corso [&hellip;]","og_url":"https:\/\/www.bellunopress.it\/fr\/2021\/09\/13\/ritrovato-il-corpo-di-federico-lugato-lescursionista-disperso-in-val-di-zoldo\/","og_site_name":"Bellunopress - Dolomiti","article_publisher":"https:\/\/www.facebook.com\/profile.php?id=100008943462799","article_published_time":"2021-09-13T14:36:25+00:00","article_modified_time":"2021-09-13T16:48:28+00:00","og_image":[{"width":401,"height":582,"url":"https:\/\/www.bellunopress.it\/wp-content\/uploads\/2021\/08\/feredico-lugato_edited.jpg","type":"image\/jpeg"}],"author":"redazione","twitter_card":"summary_large_image","twitter_creator":"@bellunopress","twitter_site":"@bellunopress","twitter_misc":{"\u00c9crit par":"redazione","Dur\u00e9e de lecture estim\u00e9e":"2 minutes"},"schema":{"@context":"https:\/\/schema.org","@graph":[{"@type":"Article","@id":"https:\/\/www.bellunopress.it\/2021\/09\/13\/ritrovato-il-corpo-di-federico-lugato-lescursionista-disperso-in-val-di-zoldo\/#article","isPartOf":{"@id":"https:\/\/www.bellunopress.it\/2021\/09\/13\/ritrovato-il-corpo-di-federico-lugato-lescursionista-disperso-in-val-di-zoldo\/"},"author":{"name":"redazione","@id":"https:\/\/www.bellunopress.it\/#\/schema\/person\/79bb06722b37ece1c03d3e94beb30d73"},"headline":"Ritrovato il corpo di Federico Lugato, l&#8217;escursionista disperso in Val di Zoldo","datePublished":"2021-09-13T14:36:25+00:00","dateModified":"2021-09-13T16:48:28+00:00","mainEntityOfPage":{"@id":"https:\/\/www.bellunopress.it\/2021\/09\/13\/ritrovato-il-corpo-di-federico-lugato-lescursionista-disperso-in-val-di-zoldo\/"},"wordCount":234,"publisher":{"@id":"https:\/\/www.bellunopress.it\/#organization"},"image":{"@id":"https:\/\/www.bellunopress.it\/2021\/09\/13\/ritrovato-il-corpo-di-federico-lugato-lescursionista-disperso-in-val-di-zoldo\/#primaryimage"},"thumbnailUrl":"https:\/\/www.bellunopress.it\/wp-content\/uploads\/2021\/08\/feredico-lugato_edited.jpg","articleSection":["Cronaca\/Politica","Prima Pagina"],"inLanguage":"fr-FR"},{"@type":"WebPage","@id":"https:\/\/www.bellunopress.it\/2021\/09\/13\/ritrovato-il-corpo-di-federico-lugato-lescursionista-disperso-in-val-di-zoldo\/","url":"https:\/\/www.bellunopress.it\/2021\/09\/13\/ritrovato-il-corpo-di-federico-lugato-lescursionista-disperso-in-val-di-zoldo\/","name":"Ritrovato il corpo di Federico Lugato, l'escursionista disperso in Val di Zoldo - Bellunopress - Dolomiti","isPartOf":{"@id":"https:\/\/www.bellunopress.it\/#website"},"primaryImageOfPage":{"@id":"https:\/\/www.bellunopress.it\/2021\/09\/13\/ritrovato-il-corpo-di-federico-lugato-lescursionista-disperso-in-val-di-zoldo\/#primaryimage"},"image":{"@id":"https:\/\/www.bellunopress.it\/2021\/09\/13\/ritrovato-il-corpo-di-federico-lugato-lescursionista-disperso-in-val-di-zoldo\/#primaryimage"},"thumbnailUrl":"https:\/\/www.bellunopress.it\/wp-content\/uploads\/2021\/08\/feredico-lugato_edited.jpg","datePublished":"2021-09-13T14:36:25+00:00","dateModified":"2021-09-13T16:48:28+00:00","breadcrumb":{"@id":"https:\/\/www.bellunopress.it\/2021\/09\/13\/ritrovato-il-corpo-di-federico-lugato-lescursionista-disperso-in-val-di-zoldo\/#breadcrumb"},"inLanguage":"fr-FR","potentialAction":[{"@type":"ReadAction","target":["https:\/\/www.bellunopress.it\/2021\/09\/13\/ritrovato-il-corpo-di-federico-lugato-lescursionista-disperso-in-val-di-zoldo\/"]}]},{"@type":"ImageObject","inLanguage":"fr-FR","@id":"https:\/\/www.bellunopress.it\/2021\/09\/13\/ritrovato-il-corpo-di-federico-lugato-lescursionista-disperso-in-val-di-zoldo\/#primaryimage","url":"https:\/\/www.bellunopress.it\/wp-content\/uploads\/2021\/08\/feredico-lugato_edited.jpg","contentUrl":"https:\/\/www.bellunopress.it\/wp-content\/uploads\/2021\/08\/feredico-lugato_edited.jpg","width":401,"height":582,"caption":"Federico Lugato"},{"@type":"BreadcrumbList","@id":"https:\/\/www.bellunopress.it\/2021\/09\/13\/ritrovato-il-corpo-di-federico-lugato-lescursionista-disperso-in-val-di-zoldo\/#breadcrumb","itemListElement":[{"@type":"ListItem","position":1,"name":"Home","item":"https:\/\/www.bellunopress.it\/"},{"@type":"ListItem","position":2,"name":"Ritrovato il corpo di Federico Lugato, l&#8217;escursionista disperso in Val di Zoldo"}]},{"@type":"WebSite","@id":"https:\/\/www.bellunopress.it\/#website","url":"https:\/\/www.bellunopress.it\/","name":"Bellunopress - Dolomiti","description":"e-mail: redazione@bellunopress.it","publisher":{"@id":"https:\/\/www.bellunopress.it\/#organization"},"potentialAction":[{"@type":"SearchAction","target":{"@type":"EntryPoint","urlTemplate":"https:\/\/www.bellunopress.it\/?s={search_term_string}"},"query-input":{"@type":"PropertyValueSpecification","valueRequired":true,"valueName":"search_term_string"}}],"inLanguage":"fr-FR"},{"@type":"Organization","@id":"https:\/\/www.bellunopress.it\/#organization","name":"Bellunopress","url":"https:\/\/www.bellunopress.it\/","logo":{"@type":"ImageObject","inLanguage":"fr-FR","@id":"https:\/\/www.bellunopress.it\/#\/schema\/logo\/image\/","url":"https:\/\/www.bellunopress.it\/wp-content\/uploads\/2011\/05\/cropped-logo-bellunopress-.jpg","contentUrl":"https:\/\/www.bellunopress.it\/wp-content\/uploads\/2011\/05\/cropped-logo-bellunopress-.jpg","width":512,"height":512,"caption":"Bellunopress"},"image":{"@id":"https:\/\/www.bellunopress.it\/#\/schema\/logo\/image\/"},"sameAs":["https:\/\/www.facebook.com\/profile.php?id=100008943462799","https:\/\/x.com\/bellunopress","https:\/\/www.linkedin.com\/hp\/?dnr=JBzUWaJfMUw8vbXJJ2tVW5-I3jZKvC4wsoxE&amp;amp;amp;amp;amp;amp;trk=nav_responsive_tab_home","https:\/\/www.youtube.com\/channel\/UCxL0wu1uN0_3_7hGG0306cw"]},{"@type":"Person","@id":"https:\/\/www.bellunopress.it\/#\/schema\/person\/79bb06722b37ece1c03d3e94beb30d73","name":"r\u00e9daction","image":{"@type":"ImageObject","inLanguage":"fr-FR","@id":"https:\/\/secure.gravatar.com\/avatar\/37d968a2e67a6fd04c169c4bdef102d0bc5d31b2546345219e348575eb80e9a0?s=96&d=mm&r=g","url":"https:\/\/secure.gravatar.com\/avatar\/37d968a2e67a6fd04c169c4bdef102d0bc5d31b2546345219e348575eb80e9a0?s=96&d=mm&r=g","contentUrl":"https:\/\/secure.gravatar.com\/avatar\/37d968a2e67a6fd04c169c4bdef102d0bc5d31b2546345219e348575eb80e9a0?s=96&d=mm&r=g","caption":"redazione"},"sameAs":["http:\/\/www.bellunopress.it","https:\/\/x.com\/bellunopress"],"url":"https:\/\/www.bellunopress.it\/fr\/author\/redazione\/"}]}},"_links":{"self":[{"href":"https:\/\/www.bellunopress.it\/fr\/wp-json\/wp\/v2\/posts\/127783","targetHints":{"allow":["GET"]}}],"collection":[{"href":"https:\/\/www.bellunopress.it\/fr\/wp-json\/wp\/v2\/posts"}],"about":[{"href":"https:\/\/www.bellunopress.it\/fr\/wp-json\/wp\/v2\/types\/post"}],"author":[{"embeddable":true,"href":"https:\/\/www.bellunopress.it\/fr\/wp-json\/wp\/v2\/users\/2"}],"replies":[{"embeddable":true,"href":"https:\/\/www.bellunopress.it\/fr\/wp-json\/wp\/v2\/comments?post=127783"}],"version-history":[{"count":3,"href":"https:\/\/www.bellunopress.it\/fr\/wp-json\/wp\/v2\/posts\/127783\/revisions"}],"predecessor-version":[{"id":127797,"href":"https:\/\/www.bellunopress.it\/fr\/wp-json\/wp\/v2\/posts\/127783\/revisions\/127797"}],"wp:featuredmedia":[{"embeddable":true,"href":"https:\/\/www.bellunopress.it\/fr\/wp-json\/wp\/v2\/media\/127318"}],"wp:attachment":[{"href":"https:\/\/www.bellunopress.it\/fr\/wp-json\/wp\/v2\/media?parent=127783"}],"wp:term":[{"taxonomy":"category","embeddable":true,"href":"https:\/\/www.bellunopress.it\/fr\/wp-json\/wp\/v2\/categories?post=127783"},{"taxonomy":"post_tag","embeddable":true,"href":"https:\/\/www.bellunopress.it\/fr\/wp-json\/wp\/v2\/tags?post=127783"}],"curies":[{"name":"wp","href":"https:\/\/api.w.org\/{rel}","templated":true}]}}