{"id":127770,"date":"2021-09-13T14:21:20","date_gmt":"2021-09-13T12:21:20","guid":{"rendered":"https:\/\/www.bellunopress.it\/?p=127770"},"modified":"2021-09-26T18:35:41","modified_gmt":"2021-09-26T16:35:41","slug":"laura-de-menech-la-poliedrica-artista-bellunese-che-ha-vinto-dieci-premi-letterari-nazionali-e-internazionali-in-sei-anni","status":"publish","type":"post","link":"https:\/\/www.bellunopress.it\/fr\/2021\/09\/13\/laura-de-menech-la-poliedrica-artista-bellunese-che-ha-vinto-dieci-premi-letterari-nazionali-e-internazionali-in-sei-anni\/","title":{"rendered":"Laura De Menech, la poliedrica artista bellunese che ha vinto dieci premi letterari nazionali e internazionali in sei anni"},"content":{"rendered":"<figure id=\"attachment_127771\" aria-describedby=\"caption-attachment-127771\" style=\"width: 637px\" class=\"wp-caption alignleft\"><a href=\"https:\/\/www.bellunopress.it\/fr\/2021\/09\/13\/laura-de-menech-la-poliedrica-artista-bellunese-che-ha-vinto-dieci-premi-letterari-nazionali-e-internazionali-in-sei-anni\/laura-de-menech_edited\/\" rel=\"attachment wp-att-127771\"><img loading=\"lazy\" decoding=\"async\" class=\"size-full wp-image-127771\" src=\"https:\/\/www.bellunopress.it\/wp-content\/uploads\/2021\/09\/Laura-De-Menech_edited.jpg\" alt=\"\" width=\"637\" height=\"800\" srcset=\"https:\/\/www.bellunopress.it\/wp-content\/uploads\/2021\/09\/Laura-De-Menech_edited.jpg 637w, https:\/\/www.bellunopress.it\/wp-content\/uploads\/2021\/09\/Laura-De-Menech_edited-398x500.jpg 398w, https:\/\/www.bellunopress.it\/wp-content\/uploads\/2021\/09\/Laura-De-Menech_edited-334x420.jpg 334w\" sizes=\"auto, (max-width: 637px) 100vw, 637px\" \/><\/a><figcaption id=\"caption-attachment-127771\" class=\"wp-caption-text\">Laura De Menech<\/figcaption><\/figure>\n<p>Dieci riconoscimenti letterari in sei anni. Bellunese, una laurea in filosofia, scrittrice, giornalista, sommelier, disegnatrice, pittrice, fotografa. Su Facebook con pseudonimo Laura Hart. Un\u2019enfant prodige che a 2 anni e mezzo chiedeva e voleva conoscere tutto del mondo che la circondava, chiedendo insistentemente spiegazioni alla mamma e a 4 anni sapeva leggere. Oggi \u00e8 quello che comunemente si definisce un\u2019artista eclettica e poliedrica. E\u2019 questo \u00e8 il ritratto breve di Laura De Menech, che con la poesia \u201cCuori erranti\u201d questo mese ha gi\u00e0 incassato la menzione d\u2019onore al Premio Letterario Internazionale \u201cLord Byron Golfo dei Poeti\u201d di Portovenere ed ora \u00e8 anche finalista al Premio Letterario Nazionale \u201cGiovane Holden\u201d di Viareggio.<br \/>\nL\u2019abbiamo incontrata per saperne di pi\u00f9 sul suo percorso artistico. Perch\u00e9 la fortuna pu\u00f2 capitare una volta, dieci volte in sei anni \u00e8 sicuramente talento.<\/p>\n<p><strong><em>Chi \u00e8 Laura De Menech?<\/em><\/strong><br \/>\nSono un filosofo-scrittore e pure eremita delle Dolomiti, sempre alla ricerca del bello e del vero e con un grande amore per i libri, l\u2019arte e gli animali, a cui si aggiunge la passione per la tecnologia.<br \/>\nHo toccato un po\u2019 tutti gli ambiti dell\u2019arte: il disegno, la pittura, la fotografia e la scrittura (sia prosa che poesia), ottenendo dappertutto riconoscimenti.<br \/>\nHo alle spalle una formazione filosofica che sta alla base di tutti i miei scritti e che continuo ad approfondire di giorno in giorno attraverso un acquisto compulsivo di libri a tema; mi piace leggere comunque un po\u2019 di tutto, soprattutto il mio autore preferito Stephen King, che considero il mio maestro di scrittura.<\/p>\n<p><em><strong>Lei vince con il cuore e la passione, oppure fiutando l\u2019aria che tira, il genere in voga del momento?<\/strong><\/em><br \/>\nSinceramente non tengo in considerazione il genere di libri che ha successo nel momento e che leggono tutti perch\u00e9 \u00e8 di moda, in quanto ho dei gusti ed interessi specifici. Io scrivo ci\u00f2 che sento concentrandomi e valorizzando il messaggio che intendo trasmettere con quel determinato scritto.<br \/>\nSin dall\u2019infanzia sono sempre stata abituata a pensare unicamente con la mia testa, senza imposizioni o condizionamenti, e sono stata allevata, come uno spirito Libero scegliendo, da sola, la strada che dovevo percorrere.<br \/>\nI libri sono stati la mia unica guida e mi hanno permesso di conoscere sistemi di pensiero che sono stati determinanti per la mia formazione attuale, che \u00e8 di tipo filosofico, avendo approfondito la sfera teoretica ed orientale.<\/p>\n<p><em><strong>Lei arriva alla scrittura con un bagaglio di filosofia orientale e molti viaggi. Birmania, India e Thailandia con visite ai Monasteri. E frequentazione in Italia del Monastero di Pomaia (Pisa). Quanto hanno pesato queste esperienze nel suo stile letterario? Ci pu\u00f2 raccontare qualche episodio?<\/strong><\/em><br \/>\nL\u2019influenza della cultura orientale \u00e8 stata determinante sia per il tipo di scrittura che mi caratterizza, che per la mia vita. I filosofi orientali mi hanno plasmato e illuminato con la bellezza dei loro insegnamenti, la cui saggezza millenaria continua ad affascinarmi ogni giorno di pi\u00f9. Sono maestri di vita, esempi da seguire, il cui sistema di pensiero \u00e8 talmente straordinario, da risultare, a mio avviso, indiscutibile: parliamo di una cultura che ha diecimila anni\u2026 e questa cifra dovrebbe farci riflettere.<br \/>\nHo avuto la fortuna di poter girare il mondo e visitare anche quei luoghi dove sorge il sole e anche la sapienza. Ci\u00f2 che per me \u00e8 una cosa naturale, non lo \u00e8 invece per gli occidentali, che non comprendono il pensiero di questi popoli, i loro usi e costumi, ma anche la loro cucina, le loro feste, le loro tradizioni millenarie.<br \/>\nL\u2019ultima volta che visitai l\u2019India, nel 2018, conobbi nella citt\u00e0 di Khajuraho, famosissima per i suoi innumerevoli templi, un ragazzo del posto che aveva un negozio di monili indiani nel centro della cittadina, e che parlava perfettamente l\u2019italiano: si chiama Brajesh, e ci sentiamo ancora tramite Facebook. Anzi, se avete occasione di ammirare la sua collezione di gioielli, potete visitare la sua pagina Facebook \u201cBrajesh Pathak, Il fascino dell\u2019India\u201d. Ebbene, quel giorno in cui noi quattro viaggiatori incalliti stavamo passeggiando tranquillamente per Khajuraho, lui si avvicin\u00f2 e inizi\u00f2 a parlare gentilmente con noi avendo capito che eravamo italiani; ma non solo\u2026 ci accompagn\u00f2 pure in uno degli innumerevoli templi dove, quella sera stessa, ci sarebbe stata una cerimonia. Naturalmente partecipammo volentieri, dal momento che non era una cerimonia per turisti, ma un loro rito quotidiano. Alla fine della serata, Brajesh mi chiam\u00f2 in disparte e mi disse: \u201cSai Laura, osservando i tuoi movimenti e i tuoi discorsi ho notato che tu non sei come gli altri\u2026 vedo in te qualcosa di diverso rispetto ai turisti occidentali che sono abituato a vedere\u2026 il tuo corpo \u00e8 nato in occidente, ma la tua mente, la tua anima, \u00e8 qui, in oriente\u2026 \u201c Rimasi sbalordita da questa sua affermazione perch\u00e9, in cuor mio, sapevo che aveva ragione; ma come aveva intuito tutto questo senza conoscermi? Comunque episodi simili li ho vissuti pure in Birmania, Thailandia e Bali! Quando posso vado a trovare i monaci nel Monastero di Pomaia, in provincia di Pisa, frequentato abitualmente da Richard Gere. Qui conobbi il famoso Ghesce L\u00e0, amico del Dalai Lama (ma anche di Richard Gere!) e studioso di altissimo livello, insegnante in varie Universit\u00e0 degli Stati Uniti, ma scomparso purtroppo alcuni anni fa.<\/p>\n<p><em><strong>Il primo successo letterario di rilevanza nazionale \u00e8 del 2015 a Firenze con il racconto \u201cN\u00e9 Acqua, n\u00e9 Luna\u201d. Come \u00e8 arrivata a quel suo primo traguardo? Qual \u00e8 stato il suo percorso?<\/strong><\/em><br \/>\nL\u2019esperienza di Firenze fu l\u2019emozione pi\u00f9 grande di tutta la mia vita! Fu una gioia indescrivibile che mi permise di vivere attimi di autentica magia: non potevo credere a ci\u00f2 che stavo vivendo\u2026 era troppo!<br \/>\nEro uno dei vincitori del Premio Letterario Internazionale \u201cUn Tempio per la Pace\u201d con il mio primo racconto \u201cN\u00e9 Acqua, n\u00e9 Luna\u201d, ed ero emozionatissima perch\u00e9 era la prima volta che ottenevo un riconoscimento di questo tipo.<br \/>\nLa cerimonia ebbe luogo a Palazzo Vecchio, Firenze, e mi rivedo ancora salire la scalinata che porta al famoso \u201cSalone dei Cinquecento\u201d: questo \u00e8 considerato una delle sale pi\u00f9 belle, pi\u00f9 eleganti, pi\u00f9 importanti e pi\u00f9 preziose al mondo, custodendo, al suo interno, opere di Michelangelo, Leonardo e Vasari, e molti altri grandi nomi.<br \/>\nL\u2019attimo in cui aprii la porta, arricchita da incantevoli intarsi, di questo famoso salone, fui travolta da un\u2019emozione indescrivibile: prima ancora di essere abbagliata dall\u2019estrema bellezza dei suoi interni, sentii recitare, da voce esperta, un passo del mio racconto.<br \/>\nEra l\u2019attrice Lucia Poli che, dalla famosa \u201cTribuna dell\u2019Udienza\u201d, creata appositamente per Cosimo I\u00b0 de\u2019 Medici, stava leggendo il mio scritto. La sua voce di artista, enfatizzata dal microfono e dall\u2019acustica perfetta del salone, faceva da cornice alla celeberrima \u201cBattaglia di Anghiari\u201d di Leonardo, un\u2019opera, questa, che ho sempre ammirato.<br \/>\nIl pubblico era rapito, i membri della Giuria ascoltavano attenti. Tra loro, il Presidente della Giuria stessa, nonch\u00e9 docente di Letteratura Italiana all\u2019Universit\u00e0 di Firenze, prof. Marco Marchi, appena mi vide entrare, timida e delicata come un giunco, moll\u00f2 tutto e tutti per venirmi incontro, abbracciarmi, complimentandosi con me e presentandomi ai vari studiosi intervenuti all\u2019evento.<br \/>\nEro incredula.<br \/>\nMa il bello doveva ancora arrivare.<br \/>\nInizi\u00f2 cos\u00ec la cerimonia e quando ebbi l\u2019onore di salire sulla famosa \u201cTribuna dell\u2019Udienza\u201d, riuscii a stento a trattenere le lacrime, tant\u2019era forte l\u2019emozione; la \u201cFilarmonica di Castelfiorentino\u201d aveva composto, appositamente per me e sul tema del mio racconto, un componimento di una delicatezza ed eleganza disarmanti.<br \/>\nMi resi conto che mi trovavo protagonista, con il microfono in mano, sulla \u201cTribuna dell\u2019Udienza\u201d, davanti a un pubblico che mi stava applaudendo, circondata dai capolavori eterni dell\u2019Arte Italiana, ascoltando musica classica composta appositamente in mio onore.<br \/>\nPotevo forse chiedere altro dalla vita?<br \/>\nAvevo appena toccato il cielo e feci un inchino di ringraziamento col capo per nascondere le lacrime di felicit\u00e0.<br \/>\nStavo vivendo un sogno. Il mio sogno.<\/p>\n<p><em><strong>Quand\u2019\u00e8 che Laura De Menech diventa scrittrice?<\/strong><\/em><br \/>\nIniziai il mio primo racconto un po\u2019 per caso, durante un periodo non facile della mia vita. Una sera, presi un quaderno elegante e una stilografica nera e buttai fuori quel malessere che mi stava uccidendo: confidai alla carta e all\u2019inchiostro i miei pensieri, le mie sensazioni coinvolgendo sistemi filosofici che mi affascinavano da sempre e che mi facevano stare bene.<br \/>\nNacque cos\u00ec \u201cN\u00e9 Acqua, n\u00e9 Luna\u201d, dal titolo di una famosa storiella Zen che aveva, anni prima, illuminato la mia strada. E mi port\u00f2 decisamente fortuna.<br \/>\nDello stesso genere nacque poi il racconto \u201cQui e Ora\u201d, anch\u2019esso pluripremiato.<br \/>\nIniziai cos\u00ec ad allungare i racconti e scrissi un libro di narrativa dal titolo \u201cQuel che resta di me\u201d, che venne premiato a Seravezza (Lucca) al Premio Letterario Internazionale \u201cMichelangelo Buonarroti\u201d, con tanto di sigla dei Pink Floyd (The Wall) come colonna sonora di presentazione. Anche questa volta provai un\u2019emozione indescrivibile nella splendida cornice del Palazzo Mediceo di Serravezza.<br \/>\nMi cimentai successivamente nella saggistica con \u201cLe ragioni del Nulla\u201d seguito da \u201cIpazia d\u2019Alessandria &#8211; Quando la religione uccide\u201d, due libriccini senza alcuna pretesa.<br \/>\nDopo il mio ultimo viaggio in India, trovai l\u2019ispirazione giusta per creare il mio primo romanzo dal titolo \u201cNella sabbia del Tempo\u201d, che risult\u00f2 primo classificato al Premio Letterario Internazionale \u201cGiglio Blu\u201d di Firenze, la cui Giuria vantava nomi illustri della Letteratura Italiana.<br \/>\n\u201cNella sabbia del Tempo\u201d riusc\u00ec poi a piazzarsi tra i sei finalisti dei \u201c200 libri pi\u00f9 belli d\u2019Italia\u201d al Concorso Letterario \u201cTre colori 2020 &#8211; Inventa un film\u201d, a Latina: il primo classificato ebbe l\u2019onore di vedere realizzato un film tratto dalla sua opera.<br \/>\nNel frattempo continuai a collezionare premi arrivando a un totale di undici, due dei quali ricevuti in questo mese di settembre 2021, che vede pure la nascita del mio ultimo lavoro \u201cLa formula perfetta &#8211; La vita, il Genio, la scelta di Ettore Majorana\u201d, dedicato appunto al grande Fisico teorico, la cui scomparsa \u00e8 ancora avvolta nel mistero.<br \/>\nSperiamo abbia fortuna come tutti gli altri!<\/p>\n<p><em><strong>Riconoscimenti e premi<\/strong><\/em><br \/>\n1) Premio Letterario Nazionale \u201cUn Tempio per la Pace\u201d &#8211; Firenze, dicembre 2015,<br \/>\ncon il racconto \u201cN\u00e8 Acqua, n\u00e9 Luna\u201d.<br \/>\n2) Premio Letterario Internazionale \u201cMichelangelo Buonarroti\u201d &#8211; Seravezza<br \/>\n(Lucca), novembre 2017, con il libro \u201cQuel che resta di me\u201d.<br \/>\n3) Premio Letterario Internazionale \u201cCharles Bukowski\u201d &#8211; Viareggio, giugno 2017,<br \/>\nMenzione d\u2019Onore con il racconto \u201cQui e Ora\u201d.<br \/>\n4) Premio Letterario Internazionale \u201cMichelangelo Buonarroti\u201d &#8211; Forte dei Marmi<br \/>\n(Lucca), novembre 2018, Diploma d\u2019Onore e Menzione d\u2019Encomio con il racconto<br \/>\n\u201cQui e Ora\u201d.<br \/>\n5) Premio Letterario Internazionale \u201cLord Byron Golfo dei Poeti\u201d &#8211; Portovenere<br \/>\n(La Spezia), novembre 2018, Menzione d\u2019Onore con il racconto \u201cQui e Ora\u201d.<br \/>\n6) Premio Letterario Nazionale \u201cEquiLibri\u201d dell\u2019Associazione Piazza Navona &#8211; Cava<br \/>\nde\u2019 Tirreni, gennaio 2019, 3\u00b0 classificato con il libro \u201cQuel che resta di me\u201d.<br \/>\n7) Premio Letterario Internazionale \u201cGiglio Blu di Firenze\u201d &#8211; Firenze, aprile 2019, 1\u00b0<br \/>\npremio in memoria di Ettore Malosso, sez. Inediti, con il romanzo \u201cIl velo del<br \/>\nTempo\u201d.<br \/>\n8) Premio Letterario Internazionale \u201cLord Byron Golfo dei Poeti\u201d &#8211; Portovenere<br \/>\n(La Spezia), novembre 2019, Menzione d\u2019Onore con il romanzo \u201cNella sabbia del<br \/>\nTempo\u201d.<br \/>\n9) Concorso Letterario \u201cTre Colori 2020 &#8211; Inventa un film\u201d &#8211; Lenola (Latina),<br \/>\nluglio 2020, tra i 6 finalisti dei 200 libri pi\u00f9 belli d\u2019Italia, con il romanzo \u201cNella sabbia<br \/>\ndel Tempo\u201d.<br \/>\n10) Premio Letterario Internazionale \u201cLord Byron Golfo dei Poeti\u201d &#8211; Portovenere<br \/>\n(La Spezia), settembre 2021, Menzione d\u2019Onore con la poesia \u201cCuori erranti\u201d.<br \/>\n11) Premio Letterario Nazionale \u201cGiovane Holden\u201d &#8211; Viareggio, settembre 2021,<br \/>\nfinalista con la poesia \u201cCuori erranti\u201d.<\/p>","protected":false},"excerpt":{"rendered":"<p>Dieci riconoscimenti letterari in sei anni. Bellunese, una laurea in filosofia, scrittrice, giornalista, sommelier, disegnatrice, pittrice, fotografa. Su Facebook con pseudonimo Laura Hart. Un\u2019enfant prodige che a 2 anni e mezzo chiedeva e voleva conoscere tutto del mondo che la circondava, chiedendo insistentemente spiegazioni alla mamma e a 4 anni sapeva leggere. Oggi \u00e8 quello [&hellip;]<\/p>\n","protected":false},"author":2,"featured_media":127771,"comment_status":"closed","ping_status":"open","sticky":false,"template":"","format":"standard","meta":{"footnotes":""},"categories":[3,49,25],"tags":[],"class_list":["post-127770","post","type-post","status-publish","format-standard","has-post-thumbnail","category-arte-cultura-spettacoli-scienza-archivi","category-speciali","category-pausa-caffe"],"yoast_head":"<!-- This site is optimized with the Yoast SEO plugin v28.4 - https:\/\/yoast.com\/product\/yoast-seo-wordpress\/ -->\n<title>Laura De Menech, la poliedrica artista bellunese che ha vinto dieci premi letterari nazionali e internazionali in sei anni - Bellunopress - Dolomiti<\/title>\n<meta name=\"robots\" content=\"index, follow, max-snippet:-1, max-image-preview:large, max-video-preview:-1\" \/>\n<link rel=\"canonical\" href=\"https:\/\/www.bellunopress.it\/fr\/2021\/09\/13\/laura-de-menech-la-poliedrica-artista-bellunese-che-ha-vinto-dieci-premi-letterari-nazionali-e-internazionali-in-sei-anni\/\" \/>\n<meta property=\"og:locale\" content=\"fr_FR\" \/>\n<meta property=\"og:type\" content=\"article\" \/>\n<meta property=\"og:title\" content=\"Laura De Menech, la poliedrica artista bellunese che ha vinto dieci premi letterari nazionali e internazionali in sei anni - Bellunopress - Dolomiti\" \/>\n<meta property=\"og:description\" content=\"Dieci riconoscimenti letterari in sei anni. Bellunese, una laurea in filosofia, scrittrice, giornalista, sommelier, disegnatrice, pittrice, fotografa. Su Facebook con pseudonimo Laura Hart. Un\u2019enfant prodige che a 2 anni e mezzo chiedeva e voleva conoscere tutto del mondo che la circondava, chiedendo insistentemente spiegazioni alla mamma e a 4 anni sapeva leggere. Oggi \u00e8 quello [&hellip;]\" \/>\n<meta property=\"og:url\" content=\"https:\/\/www.bellunopress.it\/fr\/2021\/09\/13\/laura-de-menech-la-poliedrica-artista-bellunese-che-ha-vinto-dieci-premi-letterari-nazionali-e-internazionali-in-sei-anni\/\" \/>\n<meta property=\"og:site_name\" content=\"Bellunopress - Dolomiti\" \/>\n<meta property=\"article:publisher\" content=\"https:\/\/www.facebook.com\/profile.php?id=100008943462799\" \/>\n<meta property=\"article:published_time\" content=\"2021-09-13T12:21:20+00:00\" \/>\n<meta property=\"article:modified_time\" content=\"2021-09-26T16:35:41+00:00\" \/>\n<meta property=\"og:image\" content=\"https:\/\/www.bellunopress.it\/wp-content\/uploads\/2021\/09\/Laura-De-Menech_edited.jpg\" \/>\n\t<meta property=\"og:image:width\" content=\"637\" \/>\n\t<meta property=\"og:image:height\" content=\"800\" \/>\n\t<meta property=\"og:image:type\" content=\"image\/jpeg\" \/>\n<meta name=\"author\" content=\"redazione\" \/>\n<meta name=\"twitter:card\" content=\"summary_large_image\" \/>\n<meta name=\"twitter:creator\" content=\"@bellunopress\" \/>\n<meta name=\"twitter:site\" content=\"@bellunopress\" \/>\n<meta name=\"twitter:label1\" content=\"\u00c9crit par\" \/>\n\t<meta name=\"twitter:data1\" content=\"redazione\" \/>\n\t<meta name=\"twitter:label2\" content=\"Dur\u00e9e de lecture estim\u00e9e\" \/>\n\t<meta name=\"twitter:data2\" content=\"9 minutes\" \/>\n<script type=\"application\/ld+json\" class=\"yoast-schema-graph\">{\"@context\":\"https:\\\/\\\/schema.org\",\"@graph\":[{\"@type\":\"Article\",\"@id\":\"https:\\\/\\\/www.bellunopress.it\\\/2021\\\/09\\\/13\\\/laura-de-menech-la-poliedrica-artista-bellunese-che-ha-vinto-dieci-premi-letterari-nazionali-e-internazionali-in-sei-anni\\\/#article\",\"isPartOf\":{\"@id\":\"https:\\\/\\\/www.bellunopress.it\\\/2021\\\/09\\\/13\\\/laura-de-menech-la-poliedrica-artista-bellunese-che-ha-vinto-dieci-premi-letterari-nazionali-e-internazionali-in-sei-anni\\\/\"},\"author\":{\"name\":\"redazione\",\"@id\":\"https:\\\/\\\/www.bellunopress.it\\\/#\\\/schema\\\/person\\\/79bb06722b37ece1c03d3e94beb30d73\"},\"headline\":\"Laura De Menech, la poliedrica artista bellunese che ha vinto dieci premi letterari nazionali e internazionali in sei anni\",\"datePublished\":\"2021-09-13T12:21:20+00:00\",\"dateModified\":\"2021-09-26T16:35:41+00:00\",\"mainEntityOfPage\":{\"@id\":\"https:\\\/\\\/www.bellunopress.it\\\/2021\\\/09\\\/13\\\/laura-de-menech-la-poliedrica-artista-bellunese-che-ha-vinto-dieci-premi-letterari-nazionali-e-internazionali-in-sei-anni\\\/\"},\"wordCount\":1910,\"publisher\":{\"@id\":\"https:\\\/\\\/www.bellunopress.it\\\/#organization\"},\"image\":{\"@id\":\"https:\\\/\\\/www.bellunopress.it\\\/2021\\\/09\\\/13\\\/laura-de-menech-la-poliedrica-artista-bellunese-che-ha-vinto-dieci-premi-letterari-nazionali-e-internazionali-in-sei-anni\\\/#primaryimage\"},\"thumbnailUrl\":\"https:\\\/\\\/www.bellunopress.it\\\/wp-content\\\/uploads\\\/2021\\\/09\\\/Laura-De-Menech_edited.jpg\",\"articleSection\":[\"Arte, Cultura, Spettacoli, Scienza\",\"Gli speciali di Bellunopress\",\"Pausa Caff\u00e8\"],\"inLanguage\":\"fr-FR\"},{\"@type\":\"WebPage\",\"@id\":\"https:\\\/\\\/www.bellunopress.it\\\/2021\\\/09\\\/13\\\/laura-de-menech-la-poliedrica-artista-bellunese-che-ha-vinto-dieci-premi-letterari-nazionali-e-internazionali-in-sei-anni\\\/\",\"url\":\"https:\\\/\\\/www.bellunopress.it\\\/2021\\\/09\\\/13\\\/laura-de-menech-la-poliedrica-artista-bellunese-che-ha-vinto-dieci-premi-letterari-nazionali-e-internazionali-in-sei-anni\\\/\",\"name\":\"Laura De Menech, la poliedrica artista bellunese che ha vinto dieci premi letterari nazionali e internazionali in sei anni - Bellunopress - Dolomiti\",\"isPartOf\":{\"@id\":\"https:\\\/\\\/www.bellunopress.it\\\/#website\"},\"primaryImageOfPage\":{\"@id\":\"https:\\\/\\\/www.bellunopress.it\\\/2021\\\/09\\\/13\\\/laura-de-menech-la-poliedrica-artista-bellunese-che-ha-vinto-dieci-premi-letterari-nazionali-e-internazionali-in-sei-anni\\\/#primaryimage\"},\"image\":{\"@id\":\"https:\\\/\\\/www.bellunopress.it\\\/2021\\\/09\\\/13\\\/laura-de-menech-la-poliedrica-artista-bellunese-che-ha-vinto-dieci-premi-letterari-nazionali-e-internazionali-in-sei-anni\\\/#primaryimage\"},\"thumbnailUrl\":\"https:\\\/\\\/www.bellunopress.it\\\/wp-content\\\/uploads\\\/2021\\\/09\\\/Laura-De-Menech_edited.jpg\",\"datePublished\":\"2021-09-13T12:21:20+00:00\",\"dateModified\":\"2021-09-26T16:35:41+00:00\",\"breadcrumb\":{\"@id\":\"https:\\\/\\\/www.bellunopress.it\\\/2021\\\/09\\\/13\\\/laura-de-menech-la-poliedrica-artista-bellunese-che-ha-vinto-dieci-premi-letterari-nazionali-e-internazionali-in-sei-anni\\\/#breadcrumb\"},\"inLanguage\":\"fr-FR\",\"potentialAction\":[{\"@type\":\"ReadAction\",\"target\":[\"https:\\\/\\\/www.bellunopress.it\\\/2021\\\/09\\\/13\\\/laura-de-menech-la-poliedrica-artista-bellunese-che-ha-vinto-dieci-premi-letterari-nazionali-e-internazionali-in-sei-anni\\\/\"]}]},{\"@type\":\"ImageObject\",\"inLanguage\":\"fr-FR\",\"@id\":\"https:\\\/\\\/www.bellunopress.it\\\/2021\\\/09\\\/13\\\/laura-de-menech-la-poliedrica-artista-bellunese-che-ha-vinto-dieci-premi-letterari-nazionali-e-internazionali-in-sei-anni\\\/#primaryimage\",\"url\":\"https:\\\/\\\/www.bellunopress.it\\\/wp-content\\\/uploads\\\/2021\\\/09\\\/Laura-De-Menech_edited.jpg\",\"contentUrl\":\"https:\\\/\\\/www.bellunopress.it\\\/wp-content\\\/uploads\\\/2021\\\/09\\\/Laura-De-Menech_edited.jpg\",\"width\":637,\"height\":800,\"caption\":\"Laura De Menech\"},{\"@type\":\"BreadcrumbList\",\"@id\":\"https:\\\/\\\/www.bellunopress.it\\\/2021\\\/09\\\/13\\\/laura-de-menech-la-poliedrica-artista-bellunese-che-ha-vinto-dieci-premi-letterari-nazionali-e-internazionali-in-sei-anni\\\/#breadcrumb\",\"itemListElement\":[{\"@type\":\"ListItem\",\"position\":1,\"name\":\"Home\",\"item\":\"https:\\\/\\\/www.bellunopress.it\\\/\"},{\"@type\":\"ListItem\",\"position\":2,\"name\":\"Laura De Menech, la poliedrica artista bellunese che ha vinto dieci premi letterari nazionali e internazionali in sei anni\"}]},{\"@type\":\"WebSite\",\"@id\":\"https:\\\/\\\/www.bellunopress.it\\\/#website\",\"url\":\"https:\\\/\\\/www.bellunopress.it\\\/\",\"name\":\"Bellunopress - Dolomiti\",\"description\":\"e-mail: redazione@bellunopress.it\",\"publisher\":{\"@id\":\"https:\\\/\\\/www.bellunopress.it\\\/#organization\"},\"potentialAction\":[{\"@type\":\"SearchAction\",\"target\":{\"@type\":\"EntryPoint\",\"urlTemplate\":\"https:\\\/\\\/www.bellunopress.it\\\/?s={search_term_string}\"},\"query-input\":{\"@type\":\"PropertyValueSpecification\",\"valueRequired\":true,\"valueName\":\"search_term_string\"}}],\"inLanguage\":\"fr-FR\"},{\"@type\":\"Organization\",\"@id\":\"https:\\\/\\\/www.bellunopress.it\\\/#organization\",\"name\":\"Bellunopress\",\"url\":\"https:\\\/\\\/www.bellunopress.it\\\/\",\"logo\":{\"@type\":\"ImageObject\",\"inLanguage\":\"fr-FR\",\"@id\":\"https:\\\/\\\/www.bellunopress.it\\\/#\\\/schema\\\/logo\\\/image\\\/\",\"url\":\"https:\\\/\\\/www.bellunopress.it\\\/wp-content\\\/uploads\\\/2011\\\/05\\\/cropped-logo-bellunopress-.jpg\",\"contentUrl\":\"https:\\\/\\\/www.bellunopress.it\\\/wp-content\\\/uploads\\\/2011\\\/05\\\/cropped-logo-bellunopress-.jpg\",\"width\":512,\"height\":512,\"caption\":\"Bellunopress\"},\"image\":{\"@id\":\"https:\\\/\\\/www.bellunopress.it\\\/#\\\/schema\\\/logo\\\/image\\\/\"},\"sameAs\":[\"https:\\\/\\\/www.facebook.com\\\/profile.php?id=100008943462799\",\"https:\\\/\\\/x.com\\\/bellunopress\",\"https:\\\/\\\/www.linkedin.com\\\/hp\\\/?dnr=JBzUWaJfMUw8vbXJJ2tVW5-I3jZKvC4wsoxE&amp;amp;amp;amp;amp;amp;trk=nav_responsive_tab_home\",\"https:\\\/\\\/www.youtube.com\\\/channel\\\/UCxL0wu1uN0_3_7hGG0306cw\"]},{\"@type\":\"Person\",\"@id\":\"https:\\\/\\\/www.bellunopress.it\\\/#\\\/schema\\\/person\\\/79bb06722b37ece1c03d3e94beb30d73\",\"name\":\"redazione\",\"image\":{\"@type\":\"ImageObject\",\"inLanguage\":\"fr-FR\",\"@id\":\"https:\\\/\\\/secure.gravatar.com\\\/avatar\\\/37d968a2e67a6fd04c169c4bdef102d0bc5d31b2546345219e348575eb80e9a0?s=96&d=mm&r=g\",\"url\":\"https:\\\/\\\/secure.gravatar.com\\\/avatar\\\/37d968a2e67a6fd04c169c4bdef102d0bc5d31b2546345219e348575eb80e9a0?s=96&d=mm&r=g\",\"contentUrl\":\"https:\\\/\\\/secure.gravatar.com\\\/avatar\\\/37d968a2e67a6fd04c169c4bdef102d0bc5d31b2546345219e348575eb80e9a0?s=96&d=mm&r=g\",\"caption\":\"redazione\"},\"sameAs\":[\"http:\\\/\\\/www.bellunopress.it\",\"https:\\\/\\\/x.com\\\/bellunopress\"],\"url\":\"https:\\\/\\\/www.bellunopress.it\\\/fr\\\/author\\\/redazione\\\/\"}]}<\/script>\n<!-- \/ Yoast SEO plugin. -->","yoast_head_json":{"title":"Laura De Menech, la poliedrica artista bellunese che ha vinto dieci premi letterari nazionali e internazionali in sei anni - Bellunopress - Dolomiti","robots":{"index":"index","follow":"follow","max-snippet":"max-snippet:-1","max-image-preview":"max-image-preview:large","max-video-preview":"max-video-preview:-1"},"canonical":"https:\/\/www.bellunopress.it\/fr\/2021\/09\/13\/laura-de-menech-la-poliedrica-artista-bellunese-che-ha-vinto-dieci-premi-letterari-nazionali-e-internazionali-in-sei-anni\/","og_locale":"fr_FR","og_type":"article","og_title":"Laura De Menech, la poliedrica artista bellunese che ha vinto dieci premi letterari nazionali e internazionali in sei anni - Bellunopress - Dolomiti","og_description":"Dieci riconoscimenti letterari in sei anni. Bellunese, una laurea in filosofia, scrittrice, giornalista, sommelier, disegnatrice, pittrice, fotografa. Su Facebook con pseudonimo Laura Hart. Un\u2019enfant prodige che a 2 anni e mezzo chiedeva e voleva conoscere tutto del mondo che la circondava, chiedendo insistentemente spiegazioni alla mamma e a 4 anni sapeva leggere. Oggi \u00e8 quello [&hellip;]","og_url":"https:\/\/www.bellunopress.it\/fr\/2021\/09\/13\/laura-de-menech-la-poliedrica-artista-bellunese-che-ha-vinto-dieci-premi-letterari-nazionali-e-internazionali-in-sei-anni\/","og_site_name":"Bellunopress - Dolomiti","article_publisher":"https:\/\/www.facebook.com\/profile.php?id=100008943462799","article_published_time":"2021-09-13T12:21:20+00:00","article_modified_time":"2021-09-26T16:35:41+00:00","og_image":[{"width":637,"height":800,"url":"https:\/\/www.bellunopress.it\/wp-content\/uploads\/2021\/09\/Laura-De-Menech_edited.jpg","type":"image\/jpeg"}],"author":"redazione","twitter_card":"summary_large_image","twitter_creator":"@bellunopress","twitter_site":"@bellunopress","twitter_misc":{"\u00c9crit par":"redazione","Dur\u00e9e de lecture estim\u00e9e":"9 minutes"},"schema":{"@context":"https:\/\/schema.org","@graph":[{"@type":"Article","@id":"https:\/\/www.bellunopress.it\/2021\/09\/13\/laura-de-menech-la-poliedrica-artista-bellunese-che-ha-vinto-dieci-premi-letterari-nazionali-e-internazionali-in-sei-anni\/#article","isPartOf":{"@id":"https:\/\/www.bellunopress.it\/2021\/09\/13\/laura-de-menech-la-poliedrica-artista-bellunese-che-ha-vinto-dieci-premi-letterari-nazionali-e-internazionali-in-sei-anni\/"},"author":{"name":"redazione","@id":"https:\/\/www.bellunopress.it\/#\/schema\/person\/79bb06722b37ece1c03d3e94beb30d73"},"headline":"Laura De Menech, la poliedrica artista bellunese che ha vinto dieci premi letterari nazionali e internazionali in sei anni","datePublished":"2021-09-13T12:21:20+00:00","dateModified":"2021-09-26T16:35:41+00:00","mainEntityOfPage":{"@id":"https:\/\/www.bellunopress.it\/2021\/09\/13\/laura-de-menech-la-poliedrica-artista-bellunese-che-ha-vinto-dieci-premi-letterari-nazionali-e-internazionali-in-sei-anni\/"},"wordCount":1910,"publisher":{"@id":"https:\/\/www.bellunopress.it\/#organization"},"image":{"@id":"https:\/\/www.bellunopress.it\/2021\/09\/13\/laura-de-menech-la-poliedrica-artista-bellunese-che-ha-vinto-dieci-premi-letterari-nazionali-e-internazionali-in-sei-anni\/#primaryimage"},"thumbnailUrl":"https:\/\/www.bellunopress.it\/wp-content\/uploads\/2021\/09\/Laura-De-Menech_edited.jpg","articleSection":["Arte, Cultura, Spettacoli, Scienza","Gli speciali di Bellunopress","Pausa Caff\u00e8"],"inLanguage":"fr-FR"},{"@type":"WebPage","@id":"https:\/\/www.bellunopress.it\/2021\/09\/13\/laura-de-menech-la-poliedrica-artista-bellunese-che-ha-vinto-dieci-premi-letterari-nazionali-e-internazionali-in-sei-anni\/","url":"https:\/\/www.bellunopress.it\/2021\/09\/13\/laura-de-menech-la-poliedrica-artista-bellunese-che-ha-vinto-dieci-premi-letterari-nazionali-e-internazionali-in-sei-anni\/","name":"Laura De Menech, la poliedrica artista bellunese che ha vinto dieci premi letterari nazionali e internazionali in sei anni - Bellunopress - Dolomiti","isPartOf":{"@id":"https:\/\/www.bellunopress.it\/#website"},"primaryImageOfPage":{"@id":"https:\/\/www.bellunopress.it\/2021\/09\/13\/laura-de-menech-la-poliedrica-artista-bellunese-che-ha-vinto-dieci-premi-letterari-nazionali-e-internazionali-in-sei-anni\/#primaryimage"},"image":{"@id":"https:\/\/www.bellunopress.it\/2021\/09\/13\/laura-de-menech-la-poliedrica-artista-bellunese-che-ha-vinto-dieci-premi-letterari-nazionali-e-internazionali-in-sei-anni\/#primaryimage"},"thumbnailUrl":"https:\/\/www.bellunopress.it\/wp-content\/uploads\/2021\/09\/Laura-De-Menech_edited.jpg","datePublished":"2021-09-13T12:21:20+00:00","dateModified":"2021-09-26T16:35:41+00:00","breadcrumb":{"@id":"https:\/\/www.bellunopress.it\/2021\/09\/13\/laura-de-menech-la-poliedrica-artista-bellunese-che-ha-vinto-dieci-premi-letterari-nazionali-e-internazionali-in-sei-anni\/#breadcrumb"},"inLanguage":"fr-FR","potentialAction":[{"@type":"ReadAction","target":["https:\/\/www.bellunopress.it\/2021\/09\/13\/laura-de-menech-la-poliedrica-artista-bellunese-che-ha-vinto-dieci-premi-letterari-nazionali-e-internazionali-in-sei-anni\/"]}]},{"@type":"ImageObject","inLanguage":"fr-FR","@id":"https:\/\/www.bellunopress.it\/2021\/09\/13\/laura-de-menech-la-poliedrica-artista-bellunese-che-ha-vinto-dieci-premi-letterari-nazionali-e-internazionali-in-sei-anni\/#primaryimage","url":"https:\/\/www.bellunopress.it\/wp-content\/uploads\/2021\/09\/Laura-De-Menech_edited.jpg","contentUrl":"https:\/\/www.bellunopress.it\/wp-content\/uploads\/2021\/09\/Laura-De-Menech_edited.jpg","width":637,"height":800,"caption":"Laura De Menech"},{"@type":"BreadcrumbList","@id":"https:\/\/www.bellunopress.it\/2021\/09\/13\/laura-de-menech-la-poliedrica-artista-bellunese-che-ha-vinto-dieci-premi-letterari-nazionali-e-internazionali-in-sei-anni\/#breadcrumb","itemListElement":[{"@type":"ListItem","position":1,"name":"Home","item":"https:\/\/www.bellunopress.it\/"},{"@type":"ListItem","position":2,"name":"Laura De Menech, la poliedrica artista bellunese che ha vinto dieci premi letterari nazionali e internazionali in sei anni"}]},{"@type":"WebSite","@id":"https:\/\/www.bellunopress.it\/#website","url":"https:\/\/www.bellunopress.it\/","name":"Bellunopress - Dolomiti","description":"e-mail: redazione@bellunopress.it","publisher":{"@id":"https:\/\/www.bellunopress.it\/#organization"},"potentialAction":[{"@type":"SearchAction","target":{"@type":"EntryPoint","urlTemplate":"https:\/\/www.bellunopress.it\/?s={search_term_string}"},"query-input":{"@type":"PropertyValueSpecification","valueRequired":true,"valueName":"search_term_string"}}],"inLanguage":"fr-FR"},{"@type":"Organization","@id":"https:\/\/www.bellunopress.it\/#organization","name":"Bellunopress","url":"https:\/\/www.bellunopress.it\/","logo":{"@type":"ImageObject","inLanguage":"fr-FR","@id":"https:\/\/www.bellunopress.it\/#\/schema\/logo\/image\/","url":"https:\/\/www.bellunopress.it\/wp-content\/uploads\/2011\/05\/cropped-logo-bellunopress-.jpg","contentUrl":"https:\/\/www.bellunopress.it\/wp-content\/uploads\/2011\/05\/cropped-logo-bellunopress-.jpg","width":512,"height":512,"caption":"Bellunopress"},"image":{"@id":"https:\/\/www.bellunopress.it\/#\/schema\/logo\/image\/"},"sameAs":["https:\/\/www.facebook.com\/profile.php?id=100008943462799","https:\/\/x.com\/bellunopress","https:\/\/www.linkedin.com\/hp\/?dnr=JBzUWaJfMUw8vbXJJ2tVW5-I3jZKvC4wsoxE&amp;amp;amp;amp;amp;amp;trk=nav_responsive_tab_home","https:\/\/www.youtube.com\/channel\/UCxL0wu1uN0_3_7hGG0306cw"]},{"@type":"Person","@id":"https:\/\/www.bellunopress.it\/#\/schema\/person\/79bb06722b37ece1c03d3e94beb30d73","name":"r\u00e9daction","image":{"@type":"ImageObject","inLanguage":"fr-FR","@id":"https:\/\/secure.gravatar.com\/avatar\/37d968a2e67a6fd04c169c4bdef102d0bc5d31b2546345219e348575eb80e9a0?s=96&d=mm&r=g","url":"https:\/\/secure.gravatar.com\/avatar\/37d968a2e67a6fd04c169c4bdef102d0bc5d31b2546345219e348575eb80e9a0?s=96&d=mm&r=g","contentUrl":"https:\/\/secure.gravatar.com\/avatar\/37d968a2e67a6fd04c169c4bdef102d0bc5d31b2546345219e348575eb80e9a0?s=96&d=mm&r=g","caption":"redazione"},"sameAs":["http:\/\/www.bellunopress.it","https:\/\/x.com\/bellunopress"],"url":"https:\/\/www.bellunopress.it\/fr\/author\/redazione\/"}]}},"_links":{"self":[{"href":"https:\/\/www.bellunopress.it\/fr\/wp-json\/wp\/v2\/posts\/127770","targetHints":{"allow":["GET"]}}],"collection":[{"href":"https:\/\/www.bellunopress.it\/fr\/wp-json\/wp\/v2\/posts"}],"about":[{"href":"https:\/\/www.bellunopress.it\/fr\/wp-json\/wp\/v2\/types\/post"}],"author":[{"embeddable":true,"href":"https:\/\/www.bellunopress.it\/fr\/wp-json\/wp\/v2\/users\/2"}],"replies":[{"embeddable":true,"href":"https:\/\/www.bellunopress.it\/fr\/wp-json\/wp\/v2\/comments?post=127770"}],"version-history":[{"count":5,"href":"https:\/\/www.bellunopress.it\/fr\/wp-json\/wp\/v2\/posts\/127770\/revisions"}],"predecessor-version":[{"id":127776,"href":"https:\/\/www.bellunopress.it\/fr\/wp-json\/wp\/v2\/posts\/127770\/revisions\/127776"}],"wp:featuredmedia":[{"embeddable":true,"href":"https:\/\/www.bellunopress.it\/fr\/wp-json\/wp\/v2\/media\/127771"}],"wp:attachment":[{"href":"https:\/\/www.bellunopress.it\/fr\/wp-json\/wp\/v2\/media?parent=127770"}],"wp:term":[{"taxonomy":"category","embeddable":true,"href":"https:\/\/www.bellunopress.it\/fr\/wp-json\/wp\/v2\/categories?post=127770"},{"taxonomy":"post_tag","embeddable":true,"href":"https:\/\/www.bellunopress.it\/fr\/wp-json\/wp\/v2\/tags?post=127770"}],"curies":[{"name":"wp","href":"https:\/\/api.w.org\/{rel}","templated":true}]}}