{"id":12750,"date":"2010-02-20T09:21:01","date_gmt":"2010-02-20T08:21:01","guid":{"rendered":"http:\/\/www.bellunopress.it\/?p=12750"},"modified":"2010-02-20T09:21:01","modified_gmt":"2010-02-20T08:21:01","slug":"martedi-a-cavarzano-la-conferenza-sulla-riabilitazione-del-malato-reumatico","status":"publish","type":"post","link":"https:\/\/www.bellunopress.it\/fr\/2010\/02\/20\/martedi-a-cavarzano-la-conferenza-sulla-riabilitazione-del-malato-reumatico\/","title":{"rendered":"Marted\u00ec a Cavarzano la conferenza sulla riabilitazione del malato reumatico"},"content":{"rendered":"<p><a href=\"http:\/\/www.bellunopress.it\/wp-content\/uploads\/2009\/03\/casa-di-riposo-maria-gaggia-lante-belluno-240x180.jpg\"><img loading=\"lazy\" decoding=\"async\" class=\"alignleft size-medium wp-image-1403\" title=\"casa-di-riposo-maria-gaggia-lante-belluno-240x180\" src=\"http:\/\/www.bellunopress.it\/wp-content\/uploads\/2009\/03\/casa-di-riposo-maria-gaggia-lante-belluno-240x180.jpg\" alt=\"\" width=\"240\" height=\"180\" \/><\/a>Riprendono gli incontri organizzati dalla sezione bellunese dell&#8217; Amarv, Associazione malati reumatici del Veneto, per l&#8217;anno 2010. Il primo appuntamento \u00e8 fissato per marted\u00ec prossimo 23 febbraio alle 20.15 presso la Sala Conferenze della Casa di Riposo di Cavarzano, a Belluno. Ospite la dottoressa Laura Bloccari, medico primario dell&#8217;Unit\u00e0 operativa di Fisiatria dell&#8217; ospedale San Martino di Belluno, che relazioner\u00e0 sul tema \u201cLe possibili risposte della riabilitazione al malato reumatico\u201d. Si partir\u00e0 facendo il punto della situazione normativa riguardo la riabilitazione dei malati reumatici, passando ad affrontare il problema delle risorse disponibili e su cui poter contare. Ma verranno anche affrontati i bisogni reali sul territorio in modo da poter coinvolgere i partecipanti all\u2019incontro e far nascere un confronto su possibili nuove aperture verso il futuro. L&#8217;appuntamento, come spiega la presidente provinciale dell&#8217;Amarv Carmen Dal Farra, \u00e8 aperto a tutti e rientra nelle serate informative che l&#8217;associazione intende organizzare nel corso di quest&#8217;anno.<\/p>","protected":false},"excerpt":{"rendered":"<p>Riprendono gli incontri organizzati dalla sezione bellunese dell&#8217; Amarv, Associazione malati reumatici del Veneto, per l&#8217;anno 2010. Il primo appuntamento \u00e8 fissato per marted\u00ec prossimo 23 febbraio alle 20.15 presso la Sala Conferenze della Casa di Riposo di Cavarzano, a Belluno. Ospite la dottoressa Laura Bloccari, medico primario dell&#8217;Unit\u00e0 operativa di Fisiatria dell&#8217; ospedale San [&hellip;]<\/p>\n","protected":false},"author":2,"featured_media":0,"comment_status":"closed","ping_status":"open","sticky":false,"template":"","format":"standard","meta":{"footnotes":""},"categories":[26,17],"tags":[241,239,238,240,3050],"class_list":["post-12750","post","type-post","status-publish","format-standard","category-prima-pagina","category-sanita","tag-amarv","tag-casa-riposo-cavarzano","tag-laura-bloccari","tag-riabilitazione-malato-reumatico","tag-sanita"],"yoast_head":"<!-- This site is optimized with the Yoast SEO plugin v28.4 - https:\/\/yoast.com\/product\/yoast-seo-wordpress\/ -->\n<title>Marted\u00ec a Cavarzano la conferenza sulla riabilitazione del malato reumatico  - Bellunopress - Dolomiti<\/title>\n<meta name=\"robots\" content=\"index, follow, max-snippet:-1, max-image-preview:large, max-video-preview:-1\" \/>\n<link rel=\"canonical\" href=\"https:\/\/www.bellunopress.it\/fr\/2010\/02\/20\/martedi-a-cavarzano-la-conferenza-sulla-riabilitazione-del-malato-reumatico\/\" \/>\n<meta property=\"og:locale\" content=\"fr_FR\" \/>\n<meta property=\"og:type\" content=\"article\" \/>\n<meta property=\"og:title\" content=\"Marted\u00ec a Cavarzano la conferenza sulla riabilitazione del malato reumatico  - Bellunopress - Dolomiti\" \/>\n<meta property=\"og:description\" content=\"Riprendono gli incontri organizzati dalla sezione bellunese dell&#8217; Amarv, Associazione malati reumatici del Veneto, per l&#8217;anno 2010. Il primo appuntamento \u00e8 fissato per marted\u00ec prossimo 23 febbraio alle 20.15 presso la Sala Conferenze della Casa di Riposo di Cavarzano, a Belluno. Ospite la dottoressa Laura Bloccari, medico primario dell&#8217;Unit\u00e0 operativa di Fisiatria dell&#8217; ospedale San [&hellip;]\" \/>\n<meta property=\"og:url\" content=\"https:\/\/www.bellunopress.it\/fr\/2010\/02\/20\/martedi-a-cavarzano-la-conferenza-sulla-riabilitazione-del-malato-reumatico\/\" \/>\n<meta property=\"og:site_name\" content=\"Bellunopress - Dolomiti\" \/>\n<meta property=\"article:publisher\" content=\"https:\/\/www.facebook.com\/profile.php?id=100008943462799\" \/>\n<meta property=\"article:published_time\" content=\"2010-02-20T08:21:01+00:00\" \/>\n<meta property=\"og:image\" content=\"http:\/\/www.bellunopress.it\/wp-content\/uploads\/2009\/03\/casa-di-riposo-maria-gaggia-lante-belluno-240x180.jpg\" \/>\n<meta name=\"author\" content=\"redazione\" \/>\n<meta name=\"twitter:card\" content=\"summary_large_image\" \/>\n<meta name=\"twitter:creator\" content=\"@bellunopress\" \/>\n<meta name=\"twitter:site\" content=\"@bellunopress\" \/>\n<meta name=\"twitter:label1\" content=\"\u00c9crit par\" \/>\n\t<meta name=\"twitter:data1\" content=\"redazione\" \/>\n\t<meta name=\"twitter:label2\" content=\"Dur\u00e9e de lecture estim\u00e9e\" \/>\n\t<meta name=\"twitter:data2\" content=\"1 minute\" \/>\n<script type=\"application\/ld+json\" class=\"yoast-schema-graph\">{\"@context\":\"https:\\\/\\\/schema.org\",\"@graph\":[{\"@type\":\"Article\",\"@id\":\"https:\\\/\\\/www.bellunopress.it\\\/2010\\\/02\\\/20\\\/martedi-a-cavarzano-la-conferenza-sulla-riabilitazione-del-malato-reumatico\\\/#article\",\"isPartOf\":{\"@id\":\"https:\\\/\\\/www.bellunopress.it\\\/2010\\\/02\\\/20\\\/martedi-a-cavarzano-la-conferenza-sulla-riabilitazione-del-malato-reumatico\\\/\"},\"author\":{\"name\":\"redazione\",\"@id\":\"https:\\\/\\\/www.bellunopress.it\\\/#\\\/schema\\\/person\\\/79bb06722b37ece1c03d3e94beb30d73\"},\"headline\":\"Marted\u00ec a Cavarzano la conferenza sulla riabilitazione del malato reumatico\",\"datePublished\":\"2010-02-20T08:21:01+00:00\",\"mainEntityOfPage\":{\"@id\":\"https:\\\/\\\/www.bellunopress.it\\\/2010\\\/02\\\/20\\\/martedi-a-cavarzano-la-conferenza-sulla-riabilitazione-del-malato-reumatico\\\/\"},\"wordCount\":165,\"publisher\":{\"@id\":\"https:\\\/\\\/www.bellunopress.it\\\/#organization\"},\"image\":{\"@id\":\"https:\\\/\\\/www.bellunopress.it\\\/2010\\\/02\\\/20\\\/martedi-a-cavarzano-la-conferenza-sulla-riabilitazione-del-malato-reumatico\\\/#primaryimage\"},\"thumbnailUrl\":\"http:\\\/\\\/www.bellunopress.it\\\/wp-content\\\/uploads\\\/2009\\\/03\\\/casa-di-riposo-maria-gaggia-lante-belluno-240x180.jpg\",\"keywords\":[\"Amarv\",\"Casa Riposo Cavarzano\",\"Laura Bloccari\",\"riabilitazione malato reumatico\",\"Sanit\u00e0\"],\"articleSection\":[\"Prima Pagina\",\"Sanit\u00e0 Medicina\"],\"inLanguage\":\"fr-FR\"},{\"@type\":\"WebPage\",\"@id\":\"https:\\\/\\\/www.bellunopress.it\\\/2010\\\/02\\\/20\\\/martedi-a-cavarzano-la-conferenza-sulla-riabilitazione-del-malato-reumatico\\\/\",\"url\":\"https:\\\/\\\/www.bellunopress.it\\\/2010\\\/02\\\/20\\\/martedi-a-cavarzano-la-conferenza-sulla-riabilitazione-del-malato-reumatico\\\/\",\"name\":\"Marted\u00ec a Cavarzano la conferenza sulla riabilitazione del malato reumatico - Bellunopress - Dolomiti\",\"isPartOf\":{\"@id\":\"https:\\\/\\\/www.bellunopress.it\\\/#website\"},\"primaryImageOfPage\":{\"@id\":\"https:\\\/\\\/www.bellunopress.it\\\/2010\\\/02\\\/20\\\/martedi-a-cavarzano-la-conferenza-sulla-riabilitazione-del-malato-reumatico\\\/#primaryimage\"},\"image\":{\"@id\":\"https:\\\/\\\/www.bellunopress.it\\\/2010\\\/02\\\/20\\\/martedi-a-cavarzano-la-conferenza-sulla-riabilitazione-del-malato-reumatico\\\/#primaryimage\"},\"thumbnailUrl\":\"http:\\\/\\\/www.bellunopress.it\\\/wp-content\\\/uploads\\\/2009\\\/03\\\/casa-di-riposo-maria-gaggia-lante-belluno-240x180.jpg\",\"datePublished\":\"2010-02-20T08:21:01+00:00\",\"breadcrumb\":{\"@id\":\"https:\\\/\\\/www.bellunopress.it\\\/2010\\\/02\\\/20\\\/martedi-a-cavarzano-la-conferenza-sulla-riabilitazione-del-malato-reumatico\\\/#breadcrumb\"},\"inLanguage\":\"fr-FR\",\"potentialAction\":[{\"@type\":\"ReadAction\",\"target\":[\"https:\\\/\\\/www.bellunopress.it\\\/2010\\\/02\\\/20\\\/martedi-a-cavarzano-la-conferenza-sulla-riabilitazione-del-malato-reumatico\\\/\"]}]},{\"@type\":\"ImageObject\",\"inLanguage\":\"fr-FR\",\"@id\":\"https:\\\/\\\/www.bellunopress.it\\\/2010\\\/02\\\/20\\\/martedi-a-cavarzano-la-conferenza-sulla-riabilitazione-del-malato-reumatico\\\/#primaryimage\",\"url\":\"http:\\\/\\\/www.bellunopress.it\\\/wp-content\\\/uploads\\\/2009\\\/03\\\/casa-di-riposo-maria-gaggia-lante-belluno-240x180.jpg\",\"contentUrl\":\"http:\\\/\\\/www.bellunopress.it\\\/wp-content\\\/uploads\\\/2009\\\/03\\\/casa-di-riposo-maria-gaggia-lante-belluno-240x180.jpg\"},{\"@type\":\"BreadcrumbList\",\"@id\":\"https:\\\/\\\/www.bellunopress.it\\\/2010\\\/02\\\/20\\\/martedi-a-cavarzano-la-conferenza-sulla-riabilitazione-del-malato-reumatico\\\/#breadcrumb\",\"itemListElement\":[{\"@type\":\"ListItem\",\"position\":1,\"name\":\"Home\",\"item\":\"https:\\\/\\\/www.bellunopress.it\\\/\"},{\"@type\":\"ListItem\",\"position\":2,\"name\":\"Marted\u00ec a Cavarzano la conferenza sulla riabilitazione del malato reumatico\"}]},{\"@type\":\"WebSite\",\"@id\":\"https:\\\/\\\/www.bellunopress.it\\\/#website\",\"url\":\"https:\\\/\\\/www.bellunopress.it\\\/\",\"name\":\"Bellunopress - Dolomiti\",\"description\":\"e-mail: redazione@bellunopress.it\",\"publisher\":{\"@id\":\"https:\\\/\\\/www.bellunopress.it\\\/#organization\"},\"potentialAction\":[{\"@type\":\"SearchAction\",\"target\":{\"@type\":\"EntryPoint\",\"urlTemplate\":\"https:\\\/\\\/www.bellunopress.it\\\/?s={search_term_string}\"},\"query-input\":{\"@type\":\"PropertyValueSpecification\",\"valueRequired\":true,\"valueName\":\"search_term_string\"}}],\"inLanguage\":\"fr-FR\"},{\"@type\":\"Organization\",\"@id\":\"https:\\\/\\\/www.bellunopress.it\\\/#organization\",\"name\":\"Bellunopress\",\"url\":\"https:\\\/\\\/www.bellunopress.it\\\/\",\"logo\":{\"@type\":\"ImageObject\",\"inLanguage\":\"fr-FR\",\"@id\":\"https:\\\/\\\/www.bellunopress.it\\\/#\\\/schema\\\/logo\\\/image\\\/\",\"url\":\"https:\\\/\\\/www.bellunopress.it\\\/wp-content\\\/uploads\\\/2011\\\/05\\\/cropped-logo-bellunopress-.jpg\",\"contentUrl\":\"https:\\\/\\\/www.bellunopress.it\\\/wp-content\\\/uploads\\\/2011\\\/05\\\/cropped-logo-bellunopress-.jpg\",\"width\":512,\"height\":512,\"caption\":\"Bellunopress\"},\"image\":{\"@id\":\"https:\\\/\\\/www.bellunopress.it\\\/#\\\/schema\\\/logo\\\/image\\\/\"},\"sameAs\":[\"https:\\\/\\\/www.facebook.com\\\/profile.php?id=100008943462799\",\"https:\\\/\\\/x.com\\\/bellunopress\",\"https:\\\/\\\/www.linkedin.com\\\/hp\\\/?dnr=JBzUWaJfMUw8vbXJJ2tVW5-I3jZKvC4wsoxE&amp;amp;amp;amp;amp;amp;trk=nav_responsive_tab_home\",\"https:\\\/\\\/www.youtube.com\\\/channel\\\/UCxL0wu1uN0_3_7hGG0306cw\"]},{\"@type\":\"Person\",\"@id\":\"https:\\\/\\\/www.bellunopress.it\\\/#\\\/schema\\\/person\\\/79bb06722b37ece1c03d3e94beb30d73\",\"name\":\"redazione\",\"image\":{\"@type\":\"ImageObject\",\"inLanguage\":\"fr-FR\",\"@id\":\"https:\\\/\\\/secure.gravatar.com\\\/avatar\\\/37d968a2e67a6fd04c169c4bdef102d0bc5d31b2546345219e348575eb80e9a0?s=96&d=mm&r=g\",\"url\":\"https:\\\/\\\/secure.gravatar.com\\\/avatar\\\/37d968a2e67a6fd04c169c4bdef102d0bc5d31b2546345219e348575eb80e9a0?s=96&d=mm&r=g\",\"contentUrl\":\"https:\\\/\\\/secure.gravatar.com\\\/avatar\\\/37d968a2e67a6fd04c169c4bdef102d0bc5d31b2546345219e348575eb80e9a0?s=96&d=mm&r=g\",\"caption\":\"redazione\"},\"sameAs\":[\"http:\\\/\\\/www.bellunopress.it\",\"https:\\\/\\\/x.com\\\/bellunopress\"],\"url\":\"https:\\\/\\\/www.bellunopress.it\\\/fr\\\/author\\\/redazione\\\/\"}]}<\/script>\n<!-- \/ Yoast SEO plugin. -->","yoast_head_json":{"title":"Marted\u00ec a Cavarzano la conferenza sulla riabilitazione del malato reumatico  - Bellunopress - Dolomiti","robots":{"index":"index","follow":"follow","max-snippet":"max-snippet:-1","max-image-preview":"max-image-preview:large","max-video-preview":"max-video-preview:-1"},"canonical":"https:\/\/www.bellunopress.it\/fr\/2010\/02\/20\/martedi-a-cavarzano-la-conferenza-sulla-riabilitazione-del-malato-reumatico\/","og_locale":"fr_FR","og_type":"article","og_title":"Marted\u00ec a Cavarzano la conferenza sulla riabilitazione del malato reumatico  - Bellunopress - Dolomiti","og_description":"Riprendono gli incontri organizzati dalla sezione bellunese dell&#8217; Amarv, Associazione malati reumatici del Veneto, per l&#8217;anno 2010. Il primo appuntamento \u00e8 fissato per marted\u00ec prossimo 23 febbraio alle 20.15 presso la Sala Conferenze della Casa di Riposo di Cavarzano, a Belluno. Ospite la dottoressa Laura Bloccari, medico primario dell&#8217;Unit\u00e0 operativa di Fisiatria dell&#8217; ospedale San [&hellip;]","og_url":"https:\/\/www.bellunopress.it\/fr\/2010\/02\/20\/martedi-a-cavarzano-la-conferenza-sulla-riabilitazione-del-malato-reumatico\/","og_site_name":"Bellunopress - Dolomiti","article_publisher":"https:\/\/www.facebook.com\/profile.php?id=100008943462799","article_published_time":"2010-02-20T08:21:01+00:00","og_image":[{"url":"http:\/\/www.bellunopress.it\/wp-content\/uploads\/2009\/03\/casa-di-riposo-maria-gaggia-lante-belluno-240x180.jpg","type":"","width":"","height":""}],"author":"redazione","twitter_card":"summary_large_image","twitter_creator":"@bellunopress","twitter_site":"@bellunopress","twitter_misc":{"\u00c9crit par":"redazione","Dur\u00e9e de lecture estim\u00e9e":"1 minute"},"schema":{"@context":"https:\/\/schema.org","@graph":[{"@type":"Article","@id":"https:\/\/www.bellunopress.it\/2010\/02\/20\/martedi-a-cavarzano-la-conferenza-sulla-riabilitazione-del-malato-reumatico\/#article","isPartOf":{"@id":"https:\/\/www.bellunopress.it\/2010\/02\/20\/martedi-a-cavarzano-la-conferenza-sulla-riabilitazione-del-malato-reumatico\/"},"author":{"name":"redazione","@id":"https:\/\/www.bellunopress.it\/#\/schema\/person\/79bb06722b37ece1c03d3e94beb30d73"},"headline":"Marted\u00ec a Cavarzano la conferenza sulla riabilitazione del malato reumatico","datePublished":"2010-02-20T08:21:01+00:00","mainEntityOfPage":{"@id":"https:\/\/www.bellunopress.it\/2010\/02\/20\/martedi-a-cavarzano-la-conferenza-sulla-riabilitazione-del-malato-reumatico\/"},"wordCount":165,"publisher":{"@id":"https:\/\/www.bellunopress.it\/#organization"},"image":{"@id":"https:\/\/www.bellunopress.it\/2010\/02\/20\/martedi-a-cavarzano-la-conferenza-sulla-riabilitazione-del-malato-reumatico\/#primaryimage"},"thumbnailUrl":"http:\/\/www.bellunopress.it\/wp-content\/uploads\/2009\/03\/casa-di-riposo-maria-gaggia-lante-belluno-240x180.jpg","keywords":["Amarv","Casa Riposo Cavarzano","Laura Bloccari","riabilitazione malato reumatico","Sanit\u00e0"],"articleSection":["Prima Pagina","Sanit\u00e0 Medicina"],"inLanguage":"fr-FR"},{"@type":"WebPage","@id":"https:\/\/www.bellunopress.it\/2010\/02\/20\/martedi-a-cavarzano-la-conferenza-sulla-riabilitazione-del-malato-reumatico\/","url":"https:\/\/www.bellunopress.it\/2010\/02\/20\/martedi-a-cavarzano-la-conferenza-sulla-riabilitazione-del-malato-reumatico\/","name":"Marted\u00ec a Cavarzano la conferenza sulla riabilitazione del malato reumatico - Bellunopress - Dolomiti","isPartOf":{"@id":"https:\/\/www.bellunopress.it\/#website"},"primaryImageOfPage":{"@id":"https:\/\/www.bellunopress.it\/2010\/02\/20\/martedi-a-cavarzano-la-conferenza-sulla-riabilitazione-del-malato-reumatico\/#primaryimage"},"image":{"@id":"https:\/\/www.bellunopress.it\/2010\/02\/20\/martedi-a-cavarzano-la-conferenza-sulla-riabilitazione-del-malato-reumatico\/#primaryimage"},"thumbnailUrl":"http:\/\/www.bellunopress.it\/wp-content\/uploads\/2009\/03\/casa-di-riposo-maria-gaggia-lante-belluno-240x180.jpg","datePublished":"2010-02-20T08:21:01+00:00","breadcrumb":{"@id":"https:\/\/www.bellunopress.it\/2010\/02\/20\/martedi-a-cavarzano-la-conferenza-sulla-riabilitazione-del-malato-reumatico\/#breadcrumb"},"inLanguage":"fr-FR","potentialAction":[{"@type":"ReadAction","target":["https:\/\/www.bellunopress.it\/2010\/02\/20\/martedi-a-cavarzano-la-conferenza-sulla-riabilitazione-del-malato-reumatico\/"]}]},{"@type":"ImageObject","inLanguage":"fr-FR","@id":"https:\/\/www.bellunopress.it\/2010\/02\/20\/martedi-a-cavarzano-la-conferenza-sulla-riabilitazione-del-malato-reumatico\/#primaryimage","url":"http:\/\/www.bellunopress.it\/wp-content\/uploads\/2009\/03\/casa-di-riposo-maria-gaggia-lante-belluno-240x180.jpg","contentUrl":"http:\/\/www.bellunopress.it\/wp-content\/uploads\/2009\/03\/casa-di-riposo-maria-gaggia-lante-belluno-240x180.jpg"},{"@type":"BreadcrumbList","@id":"https:\/\/www.bellunopress.it\/2010\/02\/20\/martedi-a-cavarzano-la-conferenza-sulla-riabilitazione-del-malato-reumatico\/#breadcrumb","itemListElement":[{"@type":"ListItem","position":1,"name":"Home","item":"https:\/\/www.bellunopress.it\/"},{"@type":"ListItem","position":2,"name":"Marted\u00ec a Cavarzano la conferenza sulla riabilitazione del malato reumatico"}]},{"@type":"WebSite","@id":"https:\/\/www.bellunopress.it\/#website","url":"https:\/\/www.bellunopress.it\/","name":"Bellunopress - Dolomiti","description":"e-mail: redazione@bellunopress.it","publisher":{"@id":"https:\/\/www.bellunopress.it\/#organization"},"potentialAction":[{"@type":"SearchAction","target":{"@type":"EntryPoint","urlTemplate":"https:\/\/www.bellunopress.it\/?s={search_term_string}"},"query-input":{"@type":"PropertyValueSpecification","valueRequired":true,"valueName":"search_term_string"}}],"inLanguage":"fr-FR"},{"@type":"Organization","@id":"https:\/\/www.bellunopress.it\/#organization","name":"Bellunopress","url":"https:\/\/www.bellunopress.it\/","logo":{"@type":"ImageObject","inLanguage":"fr-FR","@id":"https:\/\/www.bellunopress.it\/#\/schema\/logo\/image\/","url":"https:\/\/www.bellunopress.it\/wp-content\/uploads\/2011\/05\/cropped-logo-bellunopress-.jpg","contentUrl":"https:\/\/www.bellunopress.it\/wp-content\/uploads\/2011\/05\/cropped-logo-bellunopress-.jpg","width":512,"height":512,"caption":"Bellunopress"},"image":{"@id":"https:\/\/www.bellunopress.it\/#\/schema\/logo\/image\/"},"sameAs":["https:\/\/www.facebook.com\/profile.php?id=100008943462799","https:\/\/x.com\/bellunopress","https:\/\/www.linkedin.com\/hp\/?dnr=JBzUWaJfMUw8vbXJJ2tVW5-I3jZKvC4wsoxE&amp;amp;amp;amp;amp;amp;trk=nav_responsive_tab_home","https:\/\/www.youtube.com\/channel\/UCxL0wu1uN0_3_7hGG0306cw"]},{"@type":"Person","@id":"https:\/\/www.bellunopress.it\/#\/schema\/person\/79bb06722b37ece1c03d3e94beb30d73","name":"r\u00e9daction","image":{"@type":"ImageObject","inLanguage":"fr-FR","@id":"https:\/\/secure.gravatar.com\/avatar\/37d968a2e67a6fd04c169c4bdef102d0bc5d31b2546345219e348575eb80e9a0?s=96&d=mm&r=g","url":"https:\/\/secure.gravatar.com\/avatar\/37d968a2e67a6fd04c169c4bdef102d0bc5d31b2546345219e348575eb80e9a0?s=96&d=mm&r=g","contentUrl":"https:\/\/secure.gravatar.com\/avatar\/37d968a2e67a6fd04c169c4bdef102d0bc5d31b2546345219e348575eb80e9a0?s=96&d=mm&r=g","caption":"redazione"},"sameAs":["http:\/\/www.bellunopress.it","https:\/\/x.com\/bellunopress"],"url":"https:\/\/www.bellunopress.it\/fr\/author\/redazione\/"}]}},"_links":{"self":[{"href":"https:\/\/www.bellunopress.it\/fr\/wp-json\/wp\/v2\/posts\/12750","targetHints":{"allow":["GET"]}}],"collection":[{"href":"https:\/\/www.bellunopress.it\/fr\/wp-json\/wp\/v2\/posts"}],"about":[{"href":"https:\/\/www.bellunopress.it\/fr\/wp-json\/wp\/v2\/types\/post"}],"author":[{"embeddable":true,"href":"https:\/\/www.bellunopress.it\/fr\/wp-json\/wp\/v2\/users\/2"}],"replies":[{"embeddable":true,"href":"https:\/\/www.bellunopress.it\/fr\/wp-json\/wp\/v2\/comments?post=12750"}],"version-history":[{"count":1,"href":"https:\/\/www.bellunopress.it\/fr\/wp-json\/wp\/v2\/posts\/12750\/revisions"}],"predecessor-version":[{"id":12754,"href":"https:\/\/www.bellunopress.it\/fr\/wp-json\/wp\/v2\/posts\/12750\/revisions\/12754"}],"wp:attachment":[{"href":"https:\/\/www.bellunopress.it\/fr\/wp-json\/wp\/v2\/media?parent=12750"}],"wp:term":[{"taxonomy":"category","embeddable":true,"href":"https:\/\/www.bellunopress.it\/fr\/wp-json\/wp\/v2\/categories?post=12750"},{"taxonomy":"post_tag","embeddable":true,"href":"https:\/\/www.bellunopress.it\/fr\/wp-json\/wp\/v2\/tags?post=12750"}],"curies":[{"name":"wp","href":"https:\/\/api.w.org\/{rel}","templated":true}]}}