{"id":127364,"date":"2021-08-29T11:26:29","date_gmt":"2021-08-29T09:26:29","guid":{"rendered":"https:\/\/www.bellunopress.it\/?p=127364"},"modified":"2021-08-30T16:42:41","modified_gmt":"2021-08-30T14:42:41","slug":"attacchi-a-nicolini-dinca-solidale-col-pediatra-attacchi-ignobili","status":"publish","type":"post","link":"https:\/\/www.bellunopress.it\/fr\/2021\/08\/29\/attacchi-a-nicolini-dinca-solidale-col-pediatra-attacchi-ignobili\/","title":{"rendered":"Attacchi a Nicolini. D&#8217;Inc\u00e0 &#8220;Solidale col pediatra, attacchi ignobili&#8221;"},"content":{"rendered":"<figure id=\"attachment_85020\" aria-describedby=\"caption-attachment-85020\" style=\"width: 234px\" class=\"wp-caption alignleft\"><a href=\"https:\/\/www.bellunopress.it\/fr\/2017\/03\/13\/tagli-per-33-milioni-dinca-zaia-si-occupi-seriamente-della-sanita-bellunese\/federico-dinca-5\/\" rel=\"attachment wp-att-85020\"><img loading=\"lazy\" decoding=\"async\" class=\"size-full wp-image-85020\" src=\"https:\/\/www.bellunopress.it\/wp-content\/uploads\/2017\/03\/federico-dinc\u00e0.jpg\" alt=\"\" width=\"234\" height=\"295\" \/><\/a><figcaption id=\"caption-attachment-85020\" class=\"wp-caption-text\">Federico D&#8217;Inc\u00e0, ministro per i Rapporti con il Parlamento<\/figcaption><\/figure>\n<p>&#8220;Voglio esprimere la mia piena solidariet\u00e0 a Giangiacomo Nicolini per i gravi attacchi ricevuti in seguito al suo messaggio a favore della vaccinazione contro il Covid: sono gesti gravi e intollerabili che nulla hanno a che fare con la libert\u00e0 di opinione&#8221;.<\/p>\n<p>Lo dichiara in una nota Federico D&#8217;Inc\u00e0, ministro per i Rapporti con il Parlamento.<\/p>\n<p>&#8220;Conosco Nicolini &#8211; prosegue il ministro &#8211; lo stimo come pediatra e come persona impegnata nella propria professione e nella lotta che in questo lungo e difficile periodo ha portato avanti nei confronti del Coronavirus: un nemico che dobbiamo combattere proprio grazie alla vaccinazione, la vera arma per sconfiggerlo e per ritornare alla normalit\u00e0 che tutti attendiamo dopo tante sofferenze e sacrifici. Siamo in un momento cruciale per quanto riguarda la vaccinazione, entro settembre dobbiamo raggiungere la soglia dell&#8217;80% della popolazione vaccinata perch\u00e9 solo cos\u00ec riusciremo a mettere in sicurezza i fragili e a continuare a vivere senza le restrizioni che ci hanno fortemente limitato nei mesi passati. Il mio appello, quindi, \u00e8 quello di vaccinarsi e soprattutto di fidarsi della scienza, evitando di dare ascolto a chi esprime idee e attacchi privi di fondamento. Il dottor Nicolini e tutto il personale medico e sanitario impegnato in questa battaglia non \u00e8 solo: le istituzioni continueranno a sostenere il loro lavoro. Bisogna ringraziare chi si batte per la vaccinazione e per salvarci dal virus anzich\u00e9 lanciare ignobili insulti&#8221;.<\/p>\n<p>Belluno, 30 agosro 2021 &#8211;\u00a0 Alla dichiarazione del ministro si aggiunge oggi il messaggio di solidariet\u00e0 dei politici bellunesi firmato da Francesco Rasera Berna, Paolo Bello, Massimo De Pellegrin,Walter Cibien, Fabio Bristot,Valentina Melis. Altri hanno espresso direttamente solidariet\u00e0 a Nicolini.<br \/>\n&#8220;Desideriamo esprimere pubblicamente e senza riserve la nostra piena solidariet\u00e0 al collega Giangiacomo Nicolini,oggetto in queste ore di volgarissimi attacchi personali sui social a causa dell&#8217;appello lanciato -peraltro come iniziativa dell&#8217;Ulss- a favore delle vaccinazioni.<\/p>\n<p>Non solo ribadiamo la nostra condivisione dell&#8217;appello, poich\u00e8 il vaccino-insieme ai comportamenti individuali- \u00e8 la strada necessaria per sconfiggere la pandemia, ma vogliamo sottolineare che chi formula attacchi siffatti non esercita alcun diritto di critica o alcuna libert\u00e0 di espressione ma semplicemente manca di educazione e rispetto.<\/p>\n<p>La mancanza di rispetto \u00e8 l&#8217;anticamera dell&#8217;intolleranza e dunque \u00e8 di per s\u00e8 nemica della libert\u00e0 e della democrazia e deve trovare il ripudio dell&#8217;intero corpo sociale, nel solco delle migliori tradizioni della nostra citt\u00e0&#8221;.<\/p>\n<p>&#8220;Apprendiamo con stupore quanto accaduto nei giorni scorsi al Dott. Giangiacomo Nicolini a seguito della pubblicazione di un video sulle dinamiche di sviluppo del Covid-19 nei ragazzi.<br \/>\nOltre a ribadire la nostra piena solidariet\u00e0 per quanto accaduto in questi giorni, il PD Comunale di Belluno ci tiene a ringraziare il dott. Nicolini per quanto fatto fino adesso per la comunit\u00e0 bellunese e per il contributo che continuer\u00e0 a dare per il nostro territorio.&#8221;<\/p>\n<p>&nbsp;<\/p>","protected":false},"excerpt":{"rendered":"<p>&#8220;Voglio esprimere la mia piena solidariet\u00e0 a Giangiacomo Nicolini per i gravi attacchi ricevuti in seguito al suo messaggio a favore della vaccinazione contro il Covid: sono gesti gravi e intollerabili che nulla hanno a che fare con la libert\u00e0 di opinione&#8221;. Lo dichiara in una nota Federico D&#8217;Inc\u00e0, ministro per i Rapporti con il [&hellip;]<\/p>\n","protected":false},"author":2,"featured_media":85020,"comment_status":"closed","ping_status":"open","sticky":false,"template":"","format":"standard","meta":{"footnotes":""},"categories":[5,17],"tags":[],"class_list":["post-127364","post","type-post","status-publish","format-standard","has-post-thumbnail","category-cronaca","category-sanita"],"yoast_head":"<!-- This site is optimized with the Yoast SEO plugin v28.4 - https:\/\/yoast.com\/product\/yoast-seo-wordpress\/ -->\n<title>Attacchi a Nicolini. D&#039;Inc\u00e0 &quot;Solidale col pediatra, attacchi ignobili&quot; - Bellunopress - Dolomiti<\/title>\n<meta name=\"robots\" content=\"index, follow, max-snippet:-1, max-image-preview:large, max-video-preview:-1\" \/>\n<link rel=\"canonical\" href=\"https:\/\/www.bellunopress.it\/fr\/2021\/08\/29\/attacchi-a-nicolini-dinca-solidale-col-pediatra-attacchi-ignobili\/\" \/>\n<meta property=\"og:locale\" content=\"fr_FR\" \/>\n<meta property=\"og:type\" content=\"article\" \/>\n<meta property=\"og:title\" content=\"Attacchi a Nicolini. D&#039;Inc\u00e0 &quot;Solidale col pediatra, attacchi ignobili&quot; - Bellunopress - Dolomiti\" \/>\n<meta property=\"og:description\" content=\"&#8220;Voglio esprimere la mia piena solidariet\u00e0 a Giangiacomo Nicolini per i gravi attacchi ricevuti in seguito al suo messaggio a favore della vaccinazione contro il Covid: sono gesti gravi e intollerabili che nulla hanno a che fare con la libert\u00e0 di opinione&#8221;. Lo dichiara in una nota Federico D&#8217;Inc\u00e0, ministro per i Rapporti con il [&hellip;]\" \/>\n<meta property=\"og:url\" content=\"https:\/\/www.bellunopress.it\/fr\/2021\/08\/29\/attacchi-a-nicolini-dinca-solidale-col-pediatra-attacchi-ignobili\/\" \/>\n<meta property=\"og:site_name\" content=\"Bellunopress - Dolomiti\" \/>\n<meta property=\"article:publisher\" content=\"https:\/\/www.facebook.com\/profile.php?id=100008943462799\" \/>\n<meta property=\"article:published_time\" content=\"2021-08-29T09:26:29+00:00\" \/>\n<meta property=\"article:modified_time\" content=\"2021-08-30T14:42:41+00:00\" \/>\n<meta property=\"og:image\" content=\"https:\/\/www.bellunopress.it\/wp-content\/uploads\/2017\/03\/federico-dinc\u00e0.jpg\" \/>\n\t<meta property=\"og:image:width\" content=\"234\" \/>\n\t<meta property=\"og:image:height\" content=\"295\" \/>\n\t<meta property=\"og:image:type\" content=\"image\/jpeg\" \/>\n<meta name=\"author\" content=\"redazione\" \/>\n<meta name=\"twitter:card\" content=\"summary_large_image\" \/>\n<meta name=\"twitter:creator\" content=\"@bellunopress\" \/>\n<meta name=\"twitter:site\" content=\"@bellunopress\" \/>\n<meta name=\"twitter:label1\" content=\"Written by\" \/>\n\t<meta name=\"twitter:data1\" content=\"redazione\" \/>\n\t<meta name=\"twitter:label2\" content=\"Est. reading time\" \/>\n\t<meta name=\"twitter:data2\" content=\"3 minutes\" \/>\n<script type=\"application\/ld+json\" class=\"yoast-schema-graph\">{\"@context\":\"https:\\\/\\\/schema.org\",\"@graph\":[{\"@type\":\"Article\",\"@id\":\"https:\\\/\\\/www.bellunopress.it\\\/2021\\\/08\\\/29\\\/attacchi-a-nicolini-dinca-solidale-col-pediatra-attacchi-ignobili\\\/#article\",\"isPartOf\":{\"@id\":\"https:\\\/\\\/www.bellunopress.it\\\/2021\\\/08\\\/29\\\/attacchi-a-nicolini-dinca-solidale-col-pediatra-attacchi-ignobili\\\/\"},\"author\":{\"name\":\"redazione\",\"@id\":\"https:\\\/\\\/www.bellunopress.it\\\/#\\\/schema\\\/person\\\/79bb06722b37ece1c03d3e94beb30d73\"},\"headline\":\"Attacchi a Nicolini. D&#8217;Inc\u00e0 &#8220;Solidale col pediatra, attacchi ignobili&#8221;\",\"datePublished\":\"2021-08-29T09:26:29+00:00\",\"dateModified\":\"2021-08-30T14:42:41+00:00\",\"mainEntityOfPage\":{\"@id\":\"https:\\\/\\\/www.bellunopress.it\\\/2021\\\/08\\\/29\\\/attacchi-a-nicolini-dinca-solidale-col-pediatra-attacchi-ignobili\\\/\"},\"wordCount\":494,\"publisher\":{\"@id\":\"https:\\\/\\\/www.bellunopress.it\\\/#organization\"},\"image\":{\"@id\":\"https:\\\/\\\/www.bellunopress.it\\\/2021\\\/08\\\/29\\\/attacchi-a-nicolini-dinca-solidale-col-pediatra-attacchi-ignobili\\\/#primaryimage\"},\"thumbnailUrl\":\"https:\\\/\\\/www.bellunopress.it\\\/wp-content\\\/uploads\\\/2017\\\/03\\\/federico-dinc\u00e0.jpg\",\"articleSection\":[\"Cronaca\\\/Politica\",\"Sanit\u00e0 Medicina\"],\"inLanguage\":\"fr-FR\"},{\"@type\":\"WebPage\",\"@id\":\"https:\\\/\\\/www.bellunopress.it\\\/2021\\\/08\\\/29\\\/attacchi-a-nicolini-dinca-solidale-col-pediatra-attacchi-ignobili\\\/\",\"url\":\"https:\\\/\\\/www.bellunopress.it\\\/2021\\\/08\\\/29\\\/attacchi-a-nicolini-dinca-solidale-col-pediatra-attacchi-ignobili\\\/\",\"name\":\"Attacchi a Nicolini. D'Inc\u00e0 \\\"Solidale col pediatra, attacchi ignobili\\\" - Bellunopress - Dolomiti\",\"isPartOf\":{\"@id\":\"https:\\\/\\\/www.bellunopress.it\\\/#website\"},\"primaryImageOfPage\":{\"@id\":\"https:\\\/\\\/www.bellunopress.it\\\/2021\\\/08\\\/29\\\/attacchi-a-nicolini-dinca-solidale-col-pediatra-attacchi-ignobili\\\/#primaryimage\"},\"image\":{\"@id\":\"https:\\\/\\\/www.bellunopress.it\\\/2021\\\/08\\\/29\\\/attacchi-a-nicolini-dinca-solidale-col-pediatra-attacchi-ignobili\\\/#primaryimage\"},\"thumbnailUrl\":\"https:\\\/\\\/www.bellunopress.it\\\/wp-content\\\/uploads\\\/2017\\\/03\\\/federico-dinc\u00e0.jpg\",\"datePublished\":\"2021-08-29T09:26:29+00:00\",\"dateModified\":\"2021-08-30T14:42:41+00:00\",\"breadcrumb\":{\"@id\":\"https:\\\/\\\/www.bellunopress.it\\\/2021\\\/08\\\/29\\\/attacchi-a-nicolini-dinca-solidale-col-pediatra-attacchi-ignobili\\\/#breadcrumb\"},\"inLanguage\":\"fr-FR\",\"potentialAction\":[{\"@type\":\"ReadAction\",\"target\":[\"https:\\\/\\\/www.bellunopress.it\\\/2021\\\/08\\\/29\\\/attacchi-a-nicolini-dinca-solidale-col-pediatra-attacchi-ignobili\\\/\"]}]},{\"@type\":\"ImageObject\",\"inLanguage\":\"fr-FR\",\"@id\":\"https:\\\/\\\/www.bellunopress.it\\\/2021\\\/08\\\/29\\\/attacchi-a-nicolini-dinca-solidale-col-pediatra-attacchi-ignobili\\\/#primaryimage\",\"url\":\"https:\\\/\\\/www.bellunopress.it\\\/wp-content\\\/uploads\\\/2017\\\/03\\\/federico-dinc\u00e0.jpg\",\"contentUrl\":\"https:\\\/\\\/www.bellunopress.it\\\/wp-content\\\/uploads\\\/2017\\\/03\\\/federico-dinc\u00e0.jpg\",\"width\":234,\"height\":295,\"caption\":\"Federico D'Inc\u00e0, ministro per i Rapporti con il Parlamento\"},{\"@type\":\"BreadcrumbList\",\"@id\":\"https:\\\/\\\/www.bellunopress.it\\\/2021\\\/08\\\/29\\\/attacchi-a-nicolini-dinca-solidale-col-pediatra-attacchi-ignobili\\\/#breadcrumb\",\"itemListElement\":[{\"@type\":\"ListItem\",\"position\":1,\"name\":\"Home\",\"item\":\"https:\\\/\\\/www.bellunopress.it\\\/\"},{\"@type\":\"ListItem\",\"position\":2,\"name\":\"Attacchi a Nicolini. D&#8217;Inc\u00e0 &#8220;Solidale col pediatra, attacchi ignobili&#8221;\"}]},{\"@type\":\"WebSite\",\"@id\":\"https:\\\/\\\/www.bellunopress.it\\\/#website\",\"url\":\"https:\\\/\\\/www.bellunopress.it\\\/\",\"name\":\"Bellunopress - Dolomiti\",\"description\":\"e-mail: redazione@bellunopress.it\",\"publisher\":{\"@id\":\"https:\\\/\\\/www.bellunopress.it\\\/#organization\"},\"potentialAction\":[{\"@type\":\"SearchAction\",\"target\":{\"@type\":\"EntryPoint\",\"urlTemplate\":\"https:\\\/\\\/www.bellunopress.it\\\/?s={search_term_string}\"},\"query-input\":{\"@type\":\"PropertyValueSpecification\",\"valueRequired\":true,\"valueName\":\"search_term_string\"}}],\"inLanguage\":\"fr-FR\"},{\"@type\":\"Organization\",\"@id\":\"https:\\\/\\\/www.bellunopress.it\\\/#organization\",\"name\":\"Bellunopress\",\"url\":\"https:\\\/\\\/www.bellunopress.it\\\/\",\"logo\":{\"@type\":\"ImageObject\",\"inLanguage\":\"fr-FR\",\"@id\":\"https:\\\/\\\/www.bellunopress.it\\\/#\\\/schema\\\/logo\\\/image\\\/\",\"url\":\"https:\\\/\\\/www.bellunopress.it\\\/wp-content\\\/uploads\\\/2011\\\/05\\\/cropped-logo-bellunopress-.jpg\",\"contentUrl\":\"https:\\\/\\\/www.bellunopress.it\\\/wp-content\\\/uploads\\\/2011\\\/05\\\/cropped-logo-bellunopress-.jpg\",\"width\":512,\"height\":512,\"caption\":\"Bellunopress\"},\"image\":{\"@id\":\"https:\\\/\\\/www.bellunopress.it\\\/#\\\/schema\\\/logo\\\/image\\\/\"},\"sameAs\":[\"https:\\\/\\\/www.facebook.com\\\/profile.php?id=100008943462799\",\"https:\\\/\\\/x.com\\\/bellunopress\",\"https:\\\/\\\/www.linkedin.com\\\/hp\\\/?dnr=JBzUWaJfMUw8vbXJJ2tVW5-I3jZKvC4wsoxE&amp;amp;amp;amp;amp;amp;trk=nav_responsive_tab_home\",\"https:\\\/\\\/www.youtube.com\\\/channel\\\/UCxL0wu1uN0_3_7hGG0306cw\"]},{\"@type\":\"Person\",\"@id\":\"https:\\\/\\\/www.bellunopress.it\\\/#\\\/schema\\\/person\\\/79bb06722b37ece1c03d3e94beb30d73\",\"name\":\"redazione\",\"image\":{\"@type\":\"ImageObject\",\"inLanguage\":\"fr-FR\",\"@id\":\"https:\\\/\\\/secure.gravatar.com\\\/avatar\\\/37d968a2e67a6fd04c169c4bdef102d0bc5d31b2546345219e348575eb80e9a0?s=96&d=mm&r=g\",\"url\":\"https:\\\/\\\/secure.gravatar.com\\\/avatar\\\/37d968a2e67a6fd04c169c4bdef102d0bc5d31b2546345219e348575eb80e9a0?s=96&d=mm&r=g\",\"contentUrl\":\"https:\\\/\\\/secure.gravatar.com\\\/avatar\\\/37d968a2e67a6fd04c169c4bdef102d0bc5d31b2546345219e348575eb80e9a0?s=96&d=mm&r=g\",\"caption\":\"redazione\"},\"sameAs\":[\"http:\\\/\\\/www.bellunopress.it\",\"https:\\\/\\\/x.com\\\/bellunopress\"],\"url\":\"https:\\\/\\\/www.bellunopress.it\\\/fr\\\/author\\\/redazione\\\/\"}]}<\/script>\n<!-- \/ Yoast SEO plugin. -->","yoast_head_json":{"title":"Attacchi a Nicolini. D'Inc\u00e0 \"Solidale col pediatra, attacchi ignobili\" - Bellunopress - Dolomiti","robots":{"index":"index","follow":"follow","max-snippet":"max-snippet:-1","max-image-preview":"max-image-preview:large","max-video-preview":"max-video-preview:-1"},"canonical":"https:\/\/www.bellunopress.it\/fr\/2021\/08\/29\/attacchi-a-nicolini-dinca-solidale-col-pediatra-attacchi-ignobili\/","og_locale":"fr_FR","og_type":"article","og_title":"Attacchi a Nicolini. D'Inc\u00e0 \"Solidale col pediatra, attacchi ignobili\" - Bellunopress - Dolomiti","og_description":"&#8220;Voglio esprimere la mia piena solidariet\u00e0 a Giangiacomo Nicolini per i gravi attacchi ricevuti in seguito al suo messaggio a favore della vaccinazione contro il Covid: sono gesti gravi e intollerabili che nulla hanno a che fare con la libert\u00e0 di opinione&#8221;. Lo dichiara in una nota Federico D&#8217;Inc\u00e0, ministro per i Rapporti con il [&hellip;]","og_url":"https:\/\/www.bellunopress.it\/fr\/2021\/08\/29\/attacchi-a-nicolini-dinca-solidale-col-pediatra-attacchi-ignobili\/","og_site_name":"Bellunopress - Dolomiti","article_publisher":"https:\/\/www.facebook.com\/profile.php?id=100008943462799","article_published_time":"2021-08-29T09:26:29+00:00","article_modified_time":"2021-08-30T14:42:41+00:00","og_image":[{"width":234,"height":295,"url":"https:\/\/www.bellunopress.it\/wp-content\/uploads\/2017\/03\/federico-dinc\u00e0.jpg","type":"image\/jpeg"}],"author":"redazione","twitter_card":"summary_large_image","twitter_creator":"@bellunopress","twitter_site":"@bellunopress","twitter_misc":{"Written by":"redazione","Est. reading time":"3 minutes"},"schema":{"@context":"https:\/\/schema.org","@graph":[{"@type":"Article","@id":"https:\/\/www.bellunopress.it\/2021\/08\/29\/attacchi-a-nicolini-dinca-solidale-col-pediatra-attacchi-ignobili\/#article","isPartOf":{"@id":"https:\/\/www.bellunopress.it\/2021\/08\/29\/attacchi-a-nicolini-dinca-solidale-col-pediatra-attacchi-ignobili\/"},"author":{"name":"redazione","@id":"https:\/\/www.bellunopress.it\/#\/schema\/person\/79bb06722b37ece1c03d3e94beb30d73"},"headline":"Attacchi a Nicolini. D&#8217;Inc\u00e0 &#8220;Solidale col pediatra, attacchi ignobili&#8221;","datePublished":"2021-08-29T09:26:29+00:00","dateModified":"2021-08-30T14:42:41+00:00","mainEntityOfPage":{"@id":"https:\/\/www.bellunopress.it\/2021\/08\/29\/attacchi-a-nicolini-dinca-solidale-col-pediatra-attacchi-ignobili\/"},"wordCount":494,"publisher":{"@id":"https:\/\/www.bellunopress.it\/#organization"},"image":{"@id":"https:\/\/www.bellunopress.it\/2021\/08\/29\/attacchi-a-nicolini-dinca-solidale-col-pediatra-attacchi-ignobili\/#primaryimage"},"thumbnailUrl":"https:\/\/www.bellunopress.it\/wp-content\/uploads\/2017\/03\/federico-dinc\u00e0.jpg","articleSection":["Cronaca\/Politica","Sanit\u00e0 Medicina"],"inLanguage":"fr-FR"},{"@type":"WebPage","@id":"https:\/\/www.bellunopress.it\/2021\/08\/29\/attacchi-a-nicolini-dinca-solidale-col-pediatra-attacchi-ignobili\/","url":"https:\/\/www.bellunopress.it\/2021\/08\/29\/attacchi-a-nicolini-dinca-solidale-col-pediatra-attacchi-ignobili\/","name":"Attacchi a Nicolini. D'Inc\u00e0 \"Solidale col pediatra, attacchi ignobili\" - Bellunopress - Dolomiti","isPartOf":{"@id":"https:\/\/www.bellunopress.it\/#website"},"primaryImageOfPage":{"@id":"https:\/\/www.bellunopress.it\/2021\/08\/29\/attacchi-a-nicolini-dinca-solidale-col-pediatra-attacchi-ignobili\/#primaryimage"},"image":{"@id":"https:\/\/www.bellunopress.it\/2021\/08\/29\/attacchi-a-nicolini-dinca-solidale-col-pediatra-attacchi-ignobili\/#primaryimage"},"thumbnailUrl":"https:\/\/www.bellunopress.it\/wp-content\/uploads\/2017\/03\/federico-dinc\u00e0.jpg","datePublished":"2021-08-29T09:26:29+00:00","dateModified":"2021-08-30T14:42:41+00:00","breadcrumb":{"@id":"https:\/\/www.bellunopress.it\/2021\/08\/29\/attacchi-a-nicolini-dinca-solidale-col-pediatra-attacchi-ignobili\/#breadcrumb"},"inLanguage":"fr-FR","potentialAction":[{"@type":"ReadAction","target":["https:\/\/www.bellunopress.it\/2021\/08\/29\/attacchi-a-nicolini-dinca-solidale-col-pediatra-attacchi-ignobili\/"]}]},{"@type":"ImageObject","inLanguage":"fr-FR","@id":"https:\/\/www.bellunopress.it\/2021\/08\/29\/attacchi-a-nicolini-dinca-solidale-col-pediatra-attacchi-ignobili\/#primaryimage","url":"https:\/\/www.bellunopress.it\/wp-content\/uploads\/2017\/03\/federico-dinc\u00e0.jpg","contentUrl":"https:\/\/www.bellunopress.it\/wp-content\/uploads\/2017\/03\/federico-dinc\u00e0.jpg","width":234,"height":295,"caption":"Federico D'Inc\u00e0, ministro per i Rapporti con il Parlamento"},{"@type":"BreadcrumbList","@id":"https:\/\/www.bellunopress.it\/2021\/08\/29\/attacchi-a-nicolini-dinca-solidale-col-pediatra-attacchi-ignobili\/#breadcrumb","itemListElement":[{"@type":"ListItem","position":1,"name":"Home","item":"https:\/\/www.bellunopress.it\/"},{"@type":"ListItem","position":2,"name":"Attacchi a Nicolini. D&#8217;Inc\u00e0 &#8220;Solidale col pediatra, attacchi ignobili&#8221;"}]},{"@type":"WebSite","@id":"https:\/\/www.bellunopress.it\/#website","url":"https:\/\/www.bellunopress.it\/","name":"Bellunopress - Dolomiti","description":"e-mail: redazione@bellunopress.it","publisher":{"@id":"https:\/\/www.bellunopress.it\/#organization"},"potentialAction":[{"@type":"SearchAction","target":{"@type":"EntryPoint","urlTemplate":"https:\/\/www.bellunopress.it\/?s={search_term_string}"},"query-input":{"@type":"PropertyValueSpecification","valueRequired":true,"valueName":"search_term_string"}}],"inLanguage":"fr-FR"},{"@type":"Organization","@id":"https:\/\/www.bellunopress.it\/#organization","name":"Bellunopress","url":"https:\/\/www.bellunopress.it\/","logo":{"@type":"ImageObject","inLanguage":"fr-FR","@id":"https:\/\/www.bellunopress.it\/#\/schema\/logo\/image\/","url":"https:\/\/www.bellunopress.it\/wp-content\/uploads\/2011\/05\/cropped-logo-bellunopress-.jpg","contentUrl":"https:\/\/www.bellunopress.it\/wp-content\/uploads\/2011\/05\/cropped-logo-bellunopress-.jpg","width":512,"height":512,"caption":"Bellunopress"},"image":{"@id":"https:\/\/www.bellunopress.it\/#\/schema\/logo\/image\/"},"sameAs":["https:\/\/www.facebook.com\/profile.php?id=100008943462799","https:\/\/x.com\/bellunopress","https:\/\/www.linkedin.com\/hp\/?dnr=JBzUWaJfMUw8vbXJJ2tVW5-I3jZKvC4wsoxE&amp;amp;amp;amp;amp;amp;trk=nav_responsive_tab_home","https:\/\/www.youtube.com\/channel\/UCxL0wu1uN0_3_7hGG0306cw"]},{"@type":"Person","@id":"https:\/\/www.bellunopress.it\/#\/schema\/person\/79bb06722b37ece1c03d3e94beb30d73","name":"r\u00e9daction","image":{"@type":"ImageObject","inLanguage":"fr-FR","@id":"https:\/\/secure.gravatar.com\/avatar\/37d968a2e67a6fd04c169c4bdef102d0bc5d31b2546345219e348575eb80e9a0?s=96&d=mm&r=g","url":"https:\/\/secure.gravatar.com\/avatar\/37d968a2e67a6fd04c169c4bdef102d0bc5d31b2546345219e348575eb80e9a0?s=96&d=mm&r=g","contentUrl":"https:\/\/secure.gravatar.com\/avatar\/37d968a2e67a6fd04c169c4bdef102d0bc5d31b2546345219e348575eb80e9a0?s=96&d=mm&r=g","caption":"redazione"},"sameAs":["http:\/\/www.bellunopress.it","https:\/\/x.com\/bellunopress"],"url":"https:\/\/www.bellunopress.it\/fr\/author\/redazione\/"}]}},"_links":{"self":[{"href":"https:\/\/www.bellunopress.it\/fr\/wp-json\/wp\/v2\/posts\/127364","targetHints":{"allow":["GET"]}}],"collection":[{"href":"https:\/\/www.bellunopress.it\/fr\/wp-json\/wp\/v2\/posts"}],"about":[{"href":"https:\/\/www.bellunopress.it\/fr\/wp-json\/wp\/v2\/types\/post"}],"author":[{"embeddable":true,"href":"https:\/\/www.bellunopress.it\/fr\/wp-json\/wp\/v2\/users\/2"}],"replies":[{"embeddable":true,"href":"https:\/\/www.bellunopress.it\/fr\/wp-json\/wp\/v2\/comments?post=127364"}],"version-history":[{"count":4,"href":"https:\/\/www.bellunopress.it\/fr\/wp-json\/wp\/v2\/posts\/127364\/revisions"}],"predecessor-version":[{"id":127397,"href":"https:\/\/www.bellunopress.it\/fr\/wp-json\/wp\/v2\/posts\/127364\/revisions\/127397"}],"wp:featuredmedia":[{"embeddable":true,"href":"https:\/\/www.bellunopress.it\/fr\/wp-json\/wp\/v2\/media\/85020"}],"wp:attachment":[{"href":"https:\/\/www.bellunopress.it\/fr\/wp-json\/wp\/v2\/media?parent=127364"}],"wp:term":[{"taxonomy":"category","embeddable":true,"href":"https:\/\/www.bellunopress.it\/fr\/wp-json\/wp\/v2\/categories?post=127364"},{"taxonomy":"post_tag","embeddable":true,"href":"https:\/\/www.bellunopress.it\/fr\/wp-json\/wp\/v2\/tags?post=127364"}],"curies":[{"name":"wp","href":"https:\/\/api.w.org\/{rel}","templated":true}]}}