{"id":127360,"date":"2021-08-29T11:51:18","date_gmt":"2021-08-29T09:51:18","guid":{"rendered":"https:\/\/www.bellunopress.it\/?p=127360"},"modified":"2025-11-23T10:14:43","modified_gmt":"2025-11-23T09:14:43","slug":"lo-spezzatino-inglese-dellitalia-a-teheran-belluno-con-lintero-triveneto-sarebbe-passato-alla-jugoslavia-di-tito","status":"publish","type":"post","link":"https:\/\/www.bellunopress.it\/fr\/2021\/08\/29\/lo-spezzatino-inglese-dellitalia-a-teheran-belluno-con-lintero-triveneto-sarebbe-passato-alla-jugoslavia-di-tito\/","title":{"rendered":"Lo spezzatino inglese dell\u2019Italia a Teheran. Belluno con l\u2019intero Triveneto sarebbe passato alla Jugoslavia di Tito"},"content":{"rendered":"<p><a href=\"https:\/\/www.bellunopress.it\/fr\/2021\/08\/29\/lo-spezzatino-inglese-dellitalia-a-teheran-belluno-con-lintero-triveneto-sarebbe-passato-alla-jugoslavia-di-tito\/proposta-inglese-teheran-1943\/\" rel=\"attachment wp-att-127361\"><img loading=\"lazy\" decoding=\"async\" class=\"alignleft size-full wp-image-127361\" src=\"https:\/\/www.bellunopress.it\/wp-content\/uploads\/2021\/08\/proposta-inglese-Teheran-1943.jpg\" alt=\"\" width=\"455\" height=\"543\" srcset=\"https:\/\/www.bellunopress.it\/wp-content\/uploads\/2021\/08\/proposta-inglese-Teheran-1943.jpg 455w, https:\/\/www.bellunopress.it\/wp-content\/uploads\/2021\/08\/proposta-inglese-Teheran-1943-419x500.jpg 419w, https:\/\/www.bellunopress.it\/wp-content\/uploads\/2021\/08\/proposta-inglese-Teheran-1943-352x420.jpg 352w\" sizes=\"auto, (max-width: 455px) 100vw, 455px\" \/><\/a>La conferenza di Teheran (capitale dell\u2019Iran) identificata con il nome in codice &#8220;Eureka&#8221;, si tenne dal 28 novembre al 1\u00ba dicembre del 1943 tra quelli che saranno poi i vincitori della Seconda guerra mondiale: il presidente degli Stati Uniti Franklin Delano Roosevelt, il capo di Stato sovietico Iosif Stalin e il Primo ministro britannico Winston Churchill. Il vertice dei \u201cTre Grandi\u201d anticip\u00f2 le decisioni che saranno prese alla Conferenza di Jalta, dal 4 all&#8217;11 febbraio 1945 tenutasi nel Palazzo di Livadija, la vecchia residenza estiva di Nicola II, a 3 km a ovest di Jalta, in Crimea, dove si decise la suddivisione dell\u2019Europa in blocchi e le conseguenti sfere di influenza tra Usa e Unione Sovietica. Parte da qui la cosiddetta guerra fredda tra Usa e Urss, o \u201ccortina di ferro\u201d, come la chiam\u00f2 Winston Churchill in un famoso discorso tenuto il 5 marzo 1946 a Fulton, nel Missouri (Usa).<\/p>\n<p>Della conferenza di Teheran (e anche da quella di Jalta), che segnarono il destino degli stati europei nel dopoguerra, sappiamo quasi tutto. Ma c\u2019\u00e8 un particolare nelle trattative a Teheran che rimase nascosto e che probabilmente non \u00e8 noto a molti lettori. A rivelarlo, sul numero di novembre 2020 di Rivista Marittima, mensile della Marina Militare, \u00e8 un corposo articolo dal titolo \u201cBuona Guardia! Una storia di Etica a difesa dello Stato\u201d di Enrico Cernuschi *, nel quale descrive l\u2019ipotesi di spartizione dell\u2019Italia che Churchill propose a Stalin e Roosevelt e che i due capi di stato rifiutarono. A Teheran nel 1943, infatti, i progetti di Stalin e Roosevelt concordavano, in parziale contrapposizione con i piani di Churchill.<br \/>\nFacciamo un piccolo passo indietro. Nel settembre del 1943 l\u2019Italia, nell\u2019impossibilit\u00e0 di ottenere assieme alla Germania una pace separata con l\u2019Unione Sovietica per impossibilit\u00e0 di convincere il F\u00fchrer, e nell\u2019incapacit\u00e0 di opporsi alla forza militare statunitense e alla supremazia navale britannica nel Mediterraneo, ritiene necessario sottoscrivere un armistizio con Washington e Londra. Cos\u00ec, il 3 settembre del 1943 a Cassibile (Siracusa), l&#8217;Italia firma la resa incondizionata agli Alleati sganciandosi dall\u2019alleanza con Hitler. L\u2019armistizio, per una clausola del patto rimase segreto per 5 giorni ed entra in vigore con l\u2019annuncio pubblico dato alla radio. Il pomeriggio dell&#8217;8 settembre 1943 alle ore 17:30 (18:30 per l&#8217;Italia) Radio Algeri trasmette il proclama in inglese del generale statunitense Dwight Eisenhower. E alle le 19:42 italiane l\u2019Eiar diffonde il famoso proclama ambiguo di Badoglio dell&#8217;8 settembre 1943 che provocher\u00e0 la carneficina dei reparti italiani a Cefalonia da parte della reazione delle truppe tedesche. E tuttavia, per quanto pasticciato, con il re che il 9 settembre se la svigna seguito da uno stuolo di generali dal porto di Ortona a Mare diretto a Brindisi, l\u2019armistizio di Cassibile eviter\u00e0 l\u2019abbattersi dei bombardamenti pesanti sulle popolazioni come invece avvenne in Germania e in Giappone con le due bombe atomiche.<br \/>\nLondra, e l\u2019hanno descritto bene Fasanella e Careghino nei loro libri, per contenere la costante crescita economica dell\u2019Italia nel \u2018900 voleva imporre un cambio con la sterlina e punitivo ai danni della lira, ossia la perdita di sovranit\u00e0 monetaria del soccombente. L\u2019operazione riuscir\u00e0 una cinquantina d\u2019anni dopo con l\u2019euro. Ma quella \u00e8 un\u2019altra storia.<\/p>\n<p>A Teheran nel novembre del 1943 gli inglesi presentarono un progetto di partizione, nonostante gli impegni presi in seguito all\u2019incontro del 14 settembre 1943 a Brindisi (mappa dell\u2019Italia spartita di Vincent P. O\u2019Hara **). Per attuare lo spezzatino dell\u2019Italia gli inglesi chiesero, come gi\u00e0 avevano in animo di ottenere nel settembre di quello stesso anno, l\u2019allontanamento di Re Vittorio Emanuele III, abolendo, con lui, il governo italiano, cos\u00ec da poter assegnare a un\u2019Amgot (L&#8217;Allied Military Government of Occupied Territories, Amministrazione militare alleata dei territori occupati, e un organo militare deputato all&#8217;amministrazione dei territori occupati dagli Alleati attivo durante la Seconda guerra mondiale) che, auspicavano fosse diretta, per meriti di guerra, alla sola Gran Bretagna. L\u2019Italia occupata, dunque, sarebbe stata sotto il diretto controllo inglese. Il piano prevedeva, inoltre, per il dopoguerra &#8211; scrive Enrico Cernuschi su Rivista Marittima &#8211; la suddivisione in 5 zone di occupazione: una ellenica estesa subito alle Puglie e, in seguito, al meridione, sulle linee dell\u2019antica Magna Grecia; una jugoslava dall\u2019Istria fino a Milano esclusa; una francese comprendente la Valle d\u2019Aosta, il Piemonte, la Liguria, l\u2019isola d\u2019Elba e la Lombardia fino a Milano inclusa (citt\u00e0 definita, non a caso, \u00abil cestino del pane\u00bb); una inglese formata dalle isole maggiori pi\u00f9 la Calabria e una statunitense col Lazio (pi\u00f9 Napoli) da governare assieme al Papa. L\u2019Alto Adige, per contro, doveva essere subito restituito all\u2019Austria, in fin dei conti alleata secolare di Londra sin dalla fine del Seicento, a parte pochi, momentanei screzi nel 1734, all\u2019epoca della Guerra dei sette anni e durante il Primo conflitto mondiale.<\/p>\n<p>Insomma, Belluno con il Triveneto e l\u2019Istria sarebbe passato alla Repubblica socialista federale della Jugoslavia.<\/p>\n<p>Ma l\u2019idea non piacque alle due superpotenze Usa e Urss e il progetto cadde. Anche perch\u00e9 l\u2019Unione sovietica non aveva particolari vantaggi da questa spartizione e gli Stati Uniti rifiutando il protettorato dell\u2019Italia centrale, si garantirono in seguito il controllo dell\u2019intera Penisola.<br \/>\nUna bocciatura che il generale britannico, capo di Stato Maggiore imperiale, Alan Brooke, aveva gi\u00e0 intuito il 25 ottobre 1943 quando scrisse nel suo diario: \u201cSe guardo al Mediterraneo, mi rendo conto anche troppo bene di quanto grandemente ho fallito\u201d.<\/p>\n<p>Roberto De Nart<\/p>\n<p>&nbsp;<\/p>\n<p><strong>*\u00a0 Enrico Cernuschi<\/strong><br \/>\nLaureato in giurisprudenza, vive e lavora a Pavia. Studioso di storia navale ha dato alle stampe, nel corso di venticinque anni, al- trettanti volumi e oltre 500 articoli pubblicati in Italia, Gran Bretagna, Stati Uniti e Francia dalle pi\u00f9 importanti riviste del settore. Tra i libri pi\u00f9 recenti \u00abGran pavese\u00bb (Premio Marincovich 2012), \u00abULTRA &#8211; La fine di un mito\u00bb, \u00abBlack Phoenix\u00bb (con Vincent P. O\u2019Hara), \u00abNavi e Quattrini\u00bb (2013), \u00abBattaglie sconosciute\u00bb (2014), \u00abMalta 1940-1943\u00bb (2015), \u00abQuando tuonano i grossi calibri\u00bb e \u00abGli italiani dell\u2019Invincibile Armata\u00bb (2016), \u00abL\u2019ultimo sbarco in Inghilterra\u00bb (2018) e \u00abVenezia contro l\u2019Inghilterra, 1628-1649\u00bb (2020)<\/p>\n<p><strong>**\u00a0 Vincent O&#8217;Hara<\/strong><br \/>\n\u00e8 uno studioso indipendente laureato in Storia dall&#8217;Universit\u00e0 della California, Berkeley. Ha scritto, coautore o modificato dodici libri e contribuito con articoli a pubblicazioni, tra cui Recensione del Naval War College, MHQ, Storia Militare, Nave da guerra, Seaforth World Naval Review, L&#8217;America nella seconda guerra mondiale, seconda guerra mondiale, e Storia della seconda guerra mondiale. Era un assistente redattore di ABC Clio&#8217;S Enciclopedia della seconda guerra mondiale in mare e ha scritto introduzioni a due volumi delle Operazioni navali statunitensi nella seconda guerra mondiale serie di Samuel E. Morison ripubblicato da Istituto navale degli Stati Uniti. O&#8217;Hara \u00e8 stato premiato come autore dell&#8217;anno dal Naval Institute Press 2015 per Torcia: Nord Africa e la via alleata verso la vittoria.<\/p>\n<p>&nbsp;<\/p>","protected":false},"excerpt":{"rendered":"<p>La conferenza di Teheran (capitale dell\u2019Iran) identificata con il nome in codice &#8220;Eureka&#8221;, si tenne dal 28 novembre al 1\u00ba dicembre del 1943 tra quelli che saranno poi i vincitori della Seconda guerra mondiale: il presidente degli Stati Uniti Franklin Delano Roosevelt, il capo di Stato sovietico Iosif Stalin e il Primo ministro britannico Winston [&hellip;]<\/p>\n","protected":false},"author":2,"featured_media":127361,"comment_status":"closed","ping_status":"open","sticky":false,"template":"","format":"standard","meta":{"footnotes":""},"categories":[3,3446,49,26],"tags":[3741,139,3740],"class_list":["post-127360","post","type-post","status-publish","format-standard","has-post-thumbnail","category-arte-cultura-spettacoli-scienza-archivi","category-featured","category-speciali","category-prima-pagina","tag-3741","tag-belluno","tag-teheran"],"yoast_head":"<!-- This site is optimized with the Yoast SEO plugin v28.4 - https:\/\/yoast.com\/product\/yoast-seo-wordpress\/ -->\n<title>Lo spezzatino inglese dell\u2019Italia a Teheran. Belluno con l\u2019intero Triveneto sarebbe passato alla Jugoslavia di Tito - Bellunopress - Dolomiti<\/title>\n<meta name=\"robots\" content=\"index, follow, max-snippet:-1, max-image-preview:large, max-video-preview:-1\" \/>\n<link rel=\"canonical\" href=\"https:\/\/www.bellunopress.it\/fr\/2021\/08\/29\/lo-spezzatino-inglese-dellitalia-a-teheran-belluno-con-lintero-triveneto-sarebbe-passato-alla-jugoslavia-di-tito\/\" \/>\n<meta property=\"og:locale\" content=\"fr_FR\" \/>\n<meta property=\"og:type\" content=\"article\" \/>\n<meta property=\"og:title\" content=\"Lo spezzatino inglese dell\u2019Italia a Teheran. Belluno con l\u2019intero Triveneto sarebbe passato alla Jugoslavia di Tito - Bellunopress - Dolomiti\" \/>\n<meta property=\"og:description\" content=\"La conferenza di Teheran (capitale dell\u2019Iran) identificata con il nome in codice &#8220;Eureka&#8221;, si tenne dal 28 novembre al 1\u00ba dicembre del 1943 tra quelli che saranno poi i vincitori della Seconda guerra mondiale: il presidente degli Stati Uniti Franklin Delano Roosevelt, il capo di Stato sovietico Iosif Stalin e il Primo ministro britannico Winston [&hellip;]\" \/>\n<meta property=\"og:url\" content=\"https:\/\/www.bellunopress.it\/fr\/2021\/08\/29\/lo-spezzatino-inglese-dellitalia-a-teheran-belluno-con-lintero-triveneto-sarebbe-passato-alla-jugoslavia-di-tito\/\" \/>\n<meta property=\"og:site_name\" content=\"Bellunopress - Dolomiti\" \/>\n<meta property=\"article:publisher\" content=\"https:\/\/www.facebook.com\/profile.php?id=100008943462799\" \/>\n<meta property=\"article:published_time\" content=\"2021-08-29T09:51:18+00:00\" \/>\n<meta property=\"article:modified_time\" content=\"2025-11-23T09:14:43+00:00\" \/>\n<meta property=\"og:image\" content=\"https:\/\/www.bellunopress.it\/wp-content\/uploads\/2021\/08\/proposta-inglese-Teheran-1943.jpg\" \/>\n\t<meta property=\"og:image:width\" content=\"455\" \/>\n\t<meta property=\"og:image:height\" content=\"543\" \/>\n\t<meta property=\"og:image:type\" content=\"image\/jpeg\" \/>\n<meta name=\"author\" content=\"redazione\" \/>\n<meta name=\"twitter:card\" content=\"summary_large_image\" \/>\n<meta name=\"twitter:creator\" content=\"@bellunopress\" \/>\n<meta name=\"twitter:site\" content=\"@bellunopress\" \/>\n<meta name=\"twitter:label1\" content=\"Written by\" \/>\n\t<meta name=\"twitter:data1\" content=\"redazione\" \/>\n\t<meta name=\"twitter:label2\" content=\"Est. reading time\" \/>\n\t<meta name=\"twitter:data2\" content=\"6 minutes\" \/>\n<script type=\"application\/ld+json\" class=\"yoast-schema-graph\">{\"@context\":\"https:\\\/\\\/schema.org\",\"@graph\":[{\"@type\":\"Article\",\"@id\":\"https:\\\/\\\/www.bellunopress.it\\\/2021\\\/08\\\/29\\\/lo-spezzatino-inglese-dellitalia-a-teheran-belluno-con-lintero-triveneto-sarebbe-passato-alla-jugoslavia-di-tito\\\/#article\",\"isPartOf\":{\"@id\":\"https:\\\/\\\/www.bellunopress.it\\\/2021\\\/08\\\/29\\\/lo-spezzatino-inglese-dellitalia-a-teheran-belluno-con-lintero-triveneto-sarebbe-passato-alla-jugoslavia-di-tito\\\/\"},\"author\":{\"name\":\"redazione\",\"@id\":\"https:\\\/\\\/www.bellunopress.it\\\/#\\\/schema\\\/person\\\/79bb06722b37ece1c03d3e94beb30d73\"},\"headline\":\"Lo spezzatino inglese dell\u2019Italia a Teheran. Belluno con l\u2019intero Triveneto sarebbe passato alla Jugoslavia di Tito\",\"datePublished\":\"2021-08-29T09:51:18+00:00\",\"dateModified\":\"2025-11-23T09:14:43+00:00\",\"mainEntityOfPage\":{\"@id\":\"https:\\\/\\\/www.bellunopress.it\\\/2021\\\/08\\\/29\\\/lo-spezzatino-inglese-dellitalia-a-teheran-belluno-con-lintero-triveneto-sarebbe-passato-alla-jugoslavia-di-tito\\\/\"},\"wordCount\":1134,\"publisher\":{\"@id\":\"https:\\\/\\\/www.bellunopress.it\\\/#organization\"},\"image\":{\"@id\":\"https:\\\/\\\/www.bellunopress.it\\\/2021\\\/08\\\/29\\\/lo-spezzatino-inglese-dellitalia-a-teheran-belluno-con-lintero-triveneto-sarebbe-passato-alla-jugoslavia-di-tito\\\/#primaryimage\"},\"thumbnailUrl\":\"https:\\\/\\\/www.bellunopress.it\\\/wp-content\\\/uploads\\\/2021\\\/08\\\/proposta-inglese-Teheran-1943.jpg\",\"keywords\":[\"1943\",\"Belluno\",\"Teheran\"],\"articleSection\":[\"Arte, Cultura, Spettacoli, Scienza\",\"Featured\",\"Gli speciali di Bellunopress\",\"Prima Pagina\"],\"inLanguage\":\"fr-FR\"},{\"@type\":\"WebPage\",\"@id\":\"https:\\\/\\\/www.bellunopress.it\\\/2021\\\/08\\\/29\\\/lo-spezzatino-inglese-dellitalia-a-teheran-belluno-con-lintero-triveneto-sarebbe-passato-alla-jugoslavia-di-tito\\\/\",\"url\":\"https:\\\/\\\/www.bellunopress.it\\\/2021\\\/08\\\/29\\\/lo-spezzatino-inglese-dellitalia-a-teheran-belluno-con-lintero-triveneto-sarebbe-passato-alla-jugoslavia-di-tito\\\/\",\"name\":\"Lo spezzatino inglese dell\u2019Italia a Teheran. Belluno con l\u2019intero Triveneto sarebbe passato alla Jugoslavia di Tito - Bellunopress - Dolomiti\",\"isPartOf\":{\"@id\":\"https:\\\/\\\/www.bellunopress.it\\\/#website\"},\"primaryImageOfPage\":{\"@id\":\"https:\\\/\\\/www.bellunopress.it\\\/2021\\\/08\\\/29\\\/lo-spezzatino-inglese-dellitalia-a-teheran-belluno-con-lintero-triveneto-sarebbe-passato-alla-jugoslavia-di-tito\\\/#primaryimage\"},\"image\":{\"@id\":\"https:\\\/\\\/www.bellunopress.it\\\/2021\\\/08\\\/29\\\/lo-spezzatino-inglese-dellitalia-a-teheran-belluno-con-lintero-triveneto-sarebbe-passato-alla-jugoslavia-di-tito\\\/#primaryimage\"},\"thumbnailUrl\":\"https:\\\/\\\/www.bellunopress.it\\\/wp-content\\\/uploads\\\/2021\\\/08\\\/proposta-inglese-Teheran-1943.jpg\",\"datePublished\":\"2021-08-29T09:51:18+00:00\",\"dateModified\":\"2025-11-23T09:14:43+00:00\",\"breadcrumb\":{\"@id\":\"https:\\\/\\\/www.bellunopress.it\\\/2021\\\/08\\\/29\\\/lo-spezzatino-inglese-dellitalia-a-teheran-belluno-con-lintero-triveneto-sarebbe-passato-alla-jugoslavia-di-tito\\\/#breadcrumb\"},\"inLanguage\":\"fr-FR\",\"potentialAction\":[{\"@type\":\"ReadAction\",\"target\":[\"https:\\\/\\\/www.bellunopress.it\\\/2021\\\/08\\\/29\\\/lo-spezzatino-inglese-dellitalia-a-teheran-belluno-con-lintero-triveneto-sarebbe-passato-alla-jugoslavia-di-tito\\\/\"]}]},{\"@type\":\"ImageObject\",\"inLanguage\":\"fr-FR\",\"@id\":\"https:\\\/\\\/www.bellunopress.it\\\/2021\\\/08\\\/29\\\/lo-spezzatino-inglese-dellitalia-a-teheran-belluno-con-lintero-triveneto-sarebbe-passato-alla-jugoslavia-di-tito\\\/#primaryimage\",\"url\":\"https:\\\/\\\/www.bellunopress.it\\\/wp-content\\\/uploads\\\/2021\\\/08\\\/proposta-inglese-Teheran-1943.jpg\",\"contentUrl\":\"https:\\\/\\\/www.bellunopress.it\\\/wp-content\\\/uploads\\\/2021\\\/08\\\/proposta-inglese-Teheran-1943.jpg\",\"width\":455,\"height\":543},{\"@type\":\"BreadcrumbList\",\"@id\":\"https:\\\/\\\/www.bellunopress.it\\\/2021\\\/08\\\/29\\\/lo-spezzatino-inglese-dellitalia-a-teheran-belluno-con-lintero-triveneto-sarebbe-passato-alla-jugoslavia-di-tito\\\/#breadcrumb\",\"itemListElement\":[{\"@type\":\"ListItem\",\"position\":1,\"name\":\"Home\",\"item\":\"https:\\\/\\\/www.bellunopress.it\\\/\"},{\"@type\":\"ListItem\",\"position\":2,\"name\":\"Lo spezzatino inglese dell\u2019Italia a Teheran. Belluno con l\u2019intero Triveneto sarebbe passato alla Jugoslavia di Tito\"}]},{\"@type\":\"WebSite\",\"@id\":\"https:\\\/\\\/www.bellunopress.it\\\/#website\",\"url\":\"https:\\\/\\\/www.bellunopress.it\\\/\",\"name\":\"Bellunopress - Dolomiti\",\"description\":\"e-mail: redazione@bellunopress.it\",\"publisher\":{\"@id\":\"https:\\\/\\\/www.bellunopress.it\\\/#organization\"},\"potentialAction\":[{\"@type\":\"SearchAction\",\"target\":{\"@type\":\"EntryPoint\",\"urlTemplate\":\"https:\\\/\\\/www.bellunopress.it\\\/?s={search_term_string}\"},\"query-input\":{\"@type\":\"PropertyValueSpecification\",\"valueRequired\":true,\"valueName\":\"search_term_string\"}}],\"inLanguage\":\"fr-FR\"},{\"@type\":\"Organization\",\"@id\":\"https:\\\/\\\/www.bellunopress.it\\\/#organization\",\"name\":\"Bellunopress\",\"url\":\"https:\\\/\\\/www.bellunopress.it\\\/\",\"logo\":{\"@type\":\"ImageObject\",\"inLanguage\":\"fr-FR\",\"@id\":\"https:\\\/\\\/www.bellunopress.it\\\/#\\\/schema\\\/logo\\\/image\\\/\",\"url\":\"https:\\\/\\\/www.bellunopress.it\\\/wp-content\\\/uploads\\\/2011\\\/05\\\/cropped-logo-bellunopress-.jpg\",\"contentUrl\":\"https:\\\/\\\/www.bellunopress.it\\\/wp-content\\\/uploads\\\/2011\\\/05\\\/cropped-logo-bellunopress-.jpg\",\"width\":512,\"height\":512,\"caption\":\"Bellunopress\"},\"image\":{\"@id\":\"https:\\\/\\\/www.bellunopress.it\\\/#\\\/schema\\\/logo\\\/image\\\/\"},\"sameAs\":[\"https:\\\/\\\/www.facebook.com\\\/profile.php?id=100008943462799\",\"https:\\\/\\\/x.com\\\/bellunopress\",\"https:\\\/\\\/www.linkedin.com\\\/hp\\\/?dnr=JBzUWaJfMUw8vbXJJ2tVW5-I3jZKvC4wsoxE&amp;amp;amp;amp;amp;amp;trk=nav_responsive_tab_home\",\"https:\\\/\\\/www.youtube.com\\\/channel\\\/UCxL0wu1uN0_3_7hGG0306cw\"]},{\"@type\":\"Person\",\"@id\":\"https:\\\/\\\/www.bellunopress.it\\\/#\\\/schema\\\/person\\\/79bb06722b37ece1c03d3e94beb30d73\",\"name\":\"redazione\",\"image\":{\"@type\":\"ImageObject\",\"inLanguage\":\"fr-FR\",\"@id\":\"https:\\\/\\\/secure.gravatar.com\\\/avatar\\\/37d968a2e67a6fd04c169c4bdef102d0bc5d31b2546345219e348575eb80e9a0?s=96&d=mm&r=g\",\"url\":\"https:\\\/\\\/secure.gravatar.com\\\/avatar\\\/37d968a2e67a6fd04c169c4bdef102d0bc5d31b2546345219e348575eb80e9a0?s=96&d=mm&r=g\",\"contentUrl\":\"https:\\\/\\\/secure.gravatar.com\\\/avatar\\\/37d968a2e67a6fd04c169c4bdef102d0bc5d31b2546345219e348575eb80e9a0?s=96&d=mm&r=g\",\"caption\":\"redazione\"},\"sameAs\":[\"http:\\\/\\\/www.bellunopress.it\",\"https:\\\/\\\/x.com\\\/bellunopress\"],\"url\":\"https:\\\/\\\/www.bellunopress.it\\\/fr\\\/author\\\/redazione\\\/\"}]}<\/script>\n<!-- \/ Yoast SEO plugin. -->","yoast_head_json":{"title":"Lo spezzatino inglese dell\u2019Italia a Teheran. Belluno con l\u2019intero Triveneto sarebbe passato alla Jugoslavia di Tito - Bellunopress - Dolomiti","robots":{"index":"index","follow":"follow","max-snippet":"max-snippet:-1","max-image-preview":"max-image-preview:large","max-video-preview":"max-video-preview:-1"},"canonical":"https:\/\/www.bellunopress.it\/fr\/2021\/08\/29\/lo-spezzatino-inglese-dellitalia-a-teheran-belluno-con-lintero-triveneto-sarebbe-passato-alla-jugoslavia-di-tito\/","og_locale":"fr_FR","og_type":"article","og_title":"Lo spezzatino inglese dell\u2019Italia a Teheran. Belluno con l\u2019intero Triveneto sarebbe passato alla Jugoslavia di Tito - Bellunopress - Dolomiti","og_description":"La conferenza di Teheran (capitale dell\u2019Iran) identificata con il nome in codice &#8220;Eureka&#8221;, si tenne dal 28 novembre al 1\u00ba dicembre del 1943 tra quelli che saranno poi i vincitori della Seconda guerra mondiale: il presidente degli Stati Uniti Franklin Delano Roosevelt, il capo di Stato sovietico Iosif Stalin e il Primo ministro britannico Winston [&hellip;]","og_url":"https:\/\/www.bellunopress.it\/fr\/2021\/08\/29\/lo-spezzatino-inglese-dellitalia-a-teheran-belluno-con-lintero-triveneto-sarebbe-passato-alla-jugoslavia-di-tito\/","og_site_name":"Bellunopress - Dolomiti","article_publisher":"https:\/\/www.facebook.com\/profile.php?id=100008943462799","article_published_time":"2021-08-29T09:51:18+00:00","article_modified_time":"2025-11-23T09:14:43+00:00","og_image":[{"width":455,"height":543,"url":"https:\/\/www.bellunopress.it\/wp-content\/uploads\/2021\/08\/proposta-inglese-Teheran-1943.jpg","type":"image\/jpeg"}],"author":"redazione","twitter_card":"summary_large_image","twitter_creator":"@bellunopress","twitter_site":"@bellunopress","twitter_misc":{"Written by":"redazione","Est. reading time":"6 minutes"},"schema":{"@context":"https:\/\/schema.org","@graph":[{"@type":"Article","@id":"https:\/\/www.bellunopress.it\/2021\/08\/29\/lo-spezzatino-inglese-dellitalia-a-teheran-belluno-con-lintero-triveneto-sarebbe-passato-alla-jugoslavia-di-tito\/#article","isPartOf":{"@id":"https:\/\/www.bellunopress.it\/2021\/08\/29\/lo-spezzatino-inglese-dellitalia-a-teheran-belluno-con-lintero-triveneto-sarebbe-passato-alla-jugoslavia-di-tito\/"},"author":{"name":"redazione","@id":"https:\/\/www.bellunopress.it\/#\/schema\/person\/79bb06722b37ece1c03d3e94beb30d73"},"headline":"Lo spezzatino inglese dell\u2019Italia a Teheran. Belluno con l\u2019intero Triveneto sarebbe passato alla Jugoslavia di Tito","datePublished":"2021-08-29T09:51:18+00:00","dateModified":"2025-11-23T09:14:43+00:00","mainEntityOfPage":{"@id":"https:\/\/www.bellunopress.it\/2021\/08\/29\/lo-spezzatino-inglese-dellitalia-a-teheran-belluno-con-lintero-triveneto-sarebbe-passato-alla-jugoslavia-di-tito\/"},"wordCount":1134,"publisher":{"@id":"https:\/\/www.bellunopress.it\/#organization"},"image":{"@id":"https:\/\/www.bellunopress.it\/2021\/08\/29\/lo-spezzatino-inglese-dellitalia-a-teheran-belluno-con-lintero-triveneto-sarebbe-passato-alla-jugoslavia-di-tito\/#primaryimage"},"thumbnailUrl":"https:\/\/www.bellunopress.it\/wp-content\/uploads\/2021\/08\/proposta-inglese-Teheran-1943.jpg","keywords":["1943","Belluno","Teheran"],"articleSection":["Arte, Cultura, Spettacoli, Scienza","Featured","Gli speciali di Bellunopress","Prima Pagina"],"inLanguage":"fr-FR"},{"@type":"WebPage","@id":"https:\/\/www.bellunopress.it\/2021\/08\/29\/lo-spezzatino-inglese-dellitalia-a-teheran-belluno-con-lintero-triveneto-sarebbe-passato-alla-jugoslavia-di-tito\/","url":"https:\/\/www.bellunopress.it\/2021\/08\/29\/lo-spezzatino-inglese-dellitalia-a-teheran-belluno-con-lintero-triveneto-sarebbe-passato-alla-jugoslavia-di-tito\/","name":"Lo spezzatino inglese dell\u2019Italia a Teheran. Belluno con l\u2019intero Triveneto sarebbe passato alla Jugoslavia di Tito - Bellunopress - Dolomiti","isPartOf":{"@id":"https:\/\/www.bellunopress.it\/#website"},"primaryImageOfPage":{"@id":"https:\/\/www.bellunopress.it\/2021\/08\/29\/lo-spezzatino-inglese-dellitalia-a-teheran-belluno-con-lintero-triveneto-sarebbe-passato-alla-jugoslavia-di-tito\/#primaryimage"},"image":{"@id":"https:\/\/www.bellunopress.it\/2021\/08\/29\/lo-spezzatino-inglese-dellitalia-a-teheran-belluno-con-lintero-triveneto-sarebbe-passato-alla-jugoslavia-di-tito\/#primaryimage"},"thumbnailUrl":"https:\/\/www.bellunopress.it\/wp-content\/uploads\/2021\/08\/proposta-inglese-Teheran-1943.jpg","datePublished":"2021-08-29T09:51:18+00:00","dateModified":"2025-11-23T09:14:43+00:00","breadcrumb":{"@id":"https:\/\/www.bellunopress.it\/2021\/08\/29\/lo-spezzatino-inglese-dellitalia-a-teheran-belluno-con-lintero-triveneto-sarebbe-passato-alla-jugoslavia-di-tito\/#breadcrumb"},"inLanguage":"fr-FR","potentialAction":[{"@type":"ReadAction","target":["https:\/\/www.bellunopress.it\/2021\/08\/29\/lo-spezzatino-inglese-dellitalia-a-teheran-belluno-con-lintero-triveneto-sarebbe-passato-alla-jugoslavia-di-tito\/"]}]},{"@type":"ImageObject","inLanguage":"fr-FR","@id":"https:\/\/www.bellunopress.it\/2021\/08\/29\/lo-spezzatino-inglese-dellitalia-a-teheran-belluno-con-lintero-triveneto-sarebbe-passato-alla-jugoslavia-di-tito\/#primaryimage","url":"https:\/\/www.bellunopress.it\/wp-content\/uploads\/2021\/08\/proposta-inglese-Teheran-1943.jpg","contentUrl":"https:\/\/www.bellunopress.it\/wp-content\/uploads\/2021\/08\/proposta-inglese-Teheran-1943.jpg","width":455,"height":543},{"@type":"BreadcrumbList","@id":"https:\/\/www.bellunopress.it\/2021\/08\/29\/lo-spezzatino-inglese-dellitalia-a-teheran-belluno-con-lintero-triveneto-sarebbe-passato-alla-jugoslavia-di-tito\/#breadcrumb","itemListElement":[{"@type":"ListItem","position":1,"name":"Home","item":"https:\/\/www.bellunopress.it\/"},{"@type":"ListItem","position":2,"name":"Lo spezzatino inglese dell\u2019Italia a Teheran. Belluno con l\u2019intero Triveneto sarebbe passato alla Jugoslavia di Tito"}]},{"@type":"WebSite","@id":"https:\/\/www.bellunopress.it\/#website","url":"https:\/\/www.bellunopress.it\/","name":"Bellunopress - Dolomiti","description":"e-mail: redazione@bellunopress.it","publisher":{"@id":"https:\/\/www.bellunopress.it\/#organization"},"potentialAction":[{"@type":"SearchAction","target":{"@type":"EntryPoint","urlTemplate":"https:\/\/www.bellunopress.it\/?s={search_term_string}"},"query-input":{"@type":"PropertyValueSpecification","valueRequired":true,"valueName":"search_term_string"}}],"inLanguage":"fr-FR"},{"@type":"Organization","@id":"https:\/\/www.bellunopress.it\/#organization","name":"Bellunopress","url":"https:\/\/www.bellunopress.it\/","logo":{"@type":"ImageObject","inLanguage":"fr-FR","@id":"https:\/\/www.bellunopress.it\/#\/schema\/logo\/image\/","url":"https:\/\/www.bellunopress.it\/wp-content\/uploads\/2011\/05\/cropped-logo-bellunopress-.jpg","contentUrl":"https:\/\/www.bellunopress.it\/wp-content\/uploads\/2011\/05\/cropped-logo-bellunopress-.jpg","width":512,"height":512,"caption":"Bellunopress"},"image":{"@id":"https:\/\/www.bellunopress.it\/#\/schema\/logo\/image\/"},"sameAs":["https:\/\/www.facebook.com\/profile.php?id=100008943462799","https:\/\/x.com\/bellunopress","https:\/\/www.linkedin.com\/hp\/?dnr=JBzUWaJfMUw8vbXJJ2tVW5-I3jZKvC4wsoxE&amp;amp;amp;amp;amp;amp;trk=nav_responsive_tab_home","https:\/\/www.youtube.com\/channel\/UCxL0wu1uN0_3_7hGG0306cw"]},{"@type":"Person","@id":"https:\/\/www.bellunopress.it\/#\/schema\/person\/79bb06722b37ece1c03d3e94beb30d73","name":"r\u00e9daction","image":{"@type":"ImageObject","inLanguage":"fr-FR","@id":"https:\/\/secure.gravatar.com\/avatar\/37d968a2e67a6fd04c169c4bdef102d0bc5d31b2546345219e348575eb80e9a0?s=96&d=mm&r=g","url":"https:\/\/secure.gravatar.com\/avatar\/37d968a2e67a6fd04c169c4bdef102d0bc5d31b2546345219e348575eb80e9a0?s=96&d=mm&r=g","contentUrl":"https:\/\/secure.gravatar.com\/avatar\/37d968a2e67a6fd04c169c4bdef102d0bc5d31b2546345219e348575eb80e9a0?s=96&d=mm&r=g","caption":"redazione"},"sameAs":["http:\/\/www.bellunopress.it","https:\/\/x.com\/bellunopress"],"url":"https:\/\/www.bellunopress.it\/fr\/author\/redazione\/"}]}},"_links":{"self":[{"href":"https:\/\/www.bellunopress.it\/fr\/wp-json\/wp\/v2\/posts\/127360","targetHints":{"allow":["GET"]}}],"collection":[{"href":"https:\/\/www.bellunopress.it\/fr\/wp-json\/wp\/v2\/posts"}],"about":[{"href":"https:\/\/www.bellunopress.it\/fr\/wp-json\/wp\/v2\/types\/post"}],"author":[{"embeddable":true,"href":"https:\/\/www.bellunopress.it\/fr\/wp-json\/wp\/v2\/users\/2"}],"replies":[{"embeddable":true,"href":"https:\/\/www.bellunopress.it\/fr\/wp-json\/wp\/v2\/comments?post=127360"}],"version-history":[{"count":4,"href":"https:\/\/www.bellunopress.it\/fr\/wp-json\/wp\/v2\/posts\/127360\/revisions"}],"predecessor-version":[{"id":128442,"href":"https:\/\/www.bellunopress.it\/fr\/wp-json\/wp\/v2\/posts\/127360\/revisions\/128442"}],"wp:featuredmedia":[{"embeddable":true,"href":"https:\/\/www.bellunopress.it\/fr\/wp-json\/wp\/v2\/media\/127361"}],"wp:attachment":[{"href":"https:\/\/www.bellunopress.it\/fr\/wp-json\/wp\/v2\/media?parent=127360"}],"wp:term":[{"taxonomy":"category","embeddable":true,"href":"https:\/\/www.bellunopress.it\/fr\/wp-json\/wp\/v2\/categories?post=127360"},{"taxonomy":"post_tag","embeddable":true,"href":"https:\/\/www.bellunopress.it\/fr\/wp-json\/wp\/v2\/tags?post=127360"}],"curies":[{"name":"wp","href":"https:\/\/api.w.org\/{rel}","templated":true}]}}