{"id":127354,"date":"2021-08-29T10:55:42","date_gmt":"2021-08-29T08:55:42","guid":{"rendered":"https:\/\/www.bellunopress.it\/?p=127354"},"modified":"2021-08-29T10:55:45","modified_gmt":"2021-08-29T08:55:45","slug":"yohanes-chiappinelli-vince-il-32mo-giro-delle-mura-di-feltre","status":"publish","type":"post","link":"https:\/\/www.bellunopress.it\/fr\/2021\/08\/29\/yohanes-chiappinelli-vince-il-32mo-giro-delle-mura-di-feltre\/","title":{"rendered":"Yohanes Chiappinelli vince il 32mo Giro delle Mura di Feltre"},"content":{"rendered":"<p><em>Nella spettacolare Seven Laps dominano Yeman Crippa e Gaia Sabbatini. Tra gli amatori sono Said Boudalia e Marta Fabris i pi\u00f9 veloci. Andrea Furlani e Silvia Giacomuzzi sono i nuovi Campioni Europei dei Vigili del Fuoco. Nel Miglio dei Comuni vincono Sedico e Santa Giustina.<\/em><\/p>\n<p><a href=\"https:\/\/www.bellunopress.it\/fr\/2021\/08\/29\/yohanes-chiappinelli-vince-il-32mo-giro-delle-mura-di-feltre\/giro-delle-mura-feltre_edited-2\/\" rel=\"attachment wp-att-127355\"><img loading=\"lazy\" decoding=\"async\" class=\"alignleft size-full wp-image-127355\" src=\"https:\/\/www.bellunopress.it\/wp-content\/uploads\/2021\/08\/Giro-delle-Mura-Feltre_edited-1.jpg\" alt=\"\" width=\"800\" height=\"585\" srcset=\"https:\/\/www.bellunopress.it\/wp-content\/uploads\/2021\/08\/Giro-delle-Mura-Feltre_edited-1.jpg 800w, https:\/\/www.bellunopress.it\/wp-content\/uploads\/2021\/08\/Giro-delle-Mura-Feltre_edited-1-500x366.jpg 500w, https:\/\/www.bellunopress.it\/wp-content\/uploads\/2021\/08\/Giro-delle-Mura-Feltre_edited-1-696x509.jpg 696w, https:\/\/www.bellunopress.it\/wp-content\/uploads\/2021\/08\/Giro-delle-Mura-Feltre_edited-1-574x420.jpg 574w, https:\/\/www.bellunopress.it\/wp-content\/uploads\/2021\/08\/Giro-delle-Mura-Feltre_edited-1-80x60.jpg 80w\" sizes=\"auto, (max-width: 800px) 100vw, 800px\" \/><\/a>Sabato sera lo spettacolo del Giro delle Mura \u00e8 ritornato a Feltre, una leggera pioggia aveva inizialmente fatto compagnia alle prime competizioni, poi il cielo si \u00e8 rasserenato lasciando che i feltrini scendessero in strada per applaudire gli olimpionici di Tokyo impegnati nella Seven Laps &#8220;Trofeo Famila&#8221; e nel Giro delle Mura &#8220;Trofeo Cassa Rurale Dolomiti&#8221;.<br \/>\nNella gara di 9,5 chilometri che ha chiuso la serata del Giro il carabiniere Yohanes Chiappinelli ha vinto riportando l&#8217;Italia sul gradino pi\u00f9 alto del podio dopo tre anni di dominio straniero. In seconda posizione si \u00e8 classificato uno scatenato Daniele Meucci che il pav\u00e9 di Feltre lo conosce alla perfezione visto che ha vinto ben due volte. Meucci, partito un po&#8217; nelle retrovie, al settimo giro, sui nove previsti, ha scalato la marcia ed \u00e8 andato a perdersi la seconda posizione davanti al keniano Peter Mwaniki Njeru.<br \/>\nPer la cronaca della gara Chiappinelli, bronzo nei 3000 siepi agli europei di Berlino nel 2018, parte subito con un ritmo indiavolato, al sesto giro il carabiniere \u00e8 con Mwaniki, il keniano rimane incollato a Chiappinelli, mentre Irabaruta e Meucci si lasciano sfilare. Quando mancano due giri, Chiappinelli accelera lasciando quasi sul posto il keniano, che provando a stare sulla scia di Chiappinelli accusa il colpo e si fa superare da Meucci.<br \/>\nYohanes Chiappinelli chiude con il tempo di 26:26, Daniele Meucci \u00e8 quindi secondo con 26:32, mentre Peter Mwaniki Njeru, terzo, ferma il cronometro in 26:42.<br \/>\nNella Seven Laps, gara a staffetta con eliminazione diretta su un percorso di 400 metri, Yeman Crippa e Gaia Sabbatini salgono sul gradino pi\u00f9 alto del podio della Running Seven Laps &#8220;Trofeo Famila&#8221; . I due atleti reduci dalle olimpiadi di Tokyo, sin da subito fanno capire di voler scrivere il loro nome nel albo d&#8217;oro di questa spettacolare staffetta.<br \/>\nAll&#8217;ultimo giro lo start \u00e8 stato per quattro coppie, Yeman Crippa \u2013 Gaia Sabbatini, Simone Barontini \u2013 Federica Del Buono, Joao Bussotti \u2013 Sophia Cavalli ed Mohad Abdikadar \u2013 Laura Dalla Mont\u00e0. La Sabbatini, semifinalista negli ultimi 1500 metri olimpici, parte subito con un ritmo impressionante, guadagnando preziosi metri sulle inseguitrici. Il cambio con Yeman Crippa \u00e8 perfetto, a lui solo il compito di volare verso il traguardo finale di questa velocissima gara.<br \/>\nIn seconda posizione si classificano Simone Barontini \u2013 Federica Del Buono mentre Mohad Abdikadar \u2013 Laura Dalla Mont\u00e0 sono terzi.<br \/>\nPer quanto riguarda le gare che hanno aperto il programma del Giro delle Mura, Said Boudalia e Marta Fabris sono i pi\u00f9 veloci nella categoria amatori mentre Andrea Furlani e Silvia Giacomuzzi sono i nuovi Campioni Europei dei Vigili del Fuoco.<br \/>\nNel Miglio dei Comuni, gara riservata alle giovani leve della corsa su strada vincono Sedico tra i ragazzi e Santa Giustina nella gara al femminile.<br \/>\nL&#8217;Associazione Giro delle Mura durante la serata ha voluto premiare due atleti che rappresentano la storia e il futuro dello sci nordico, Patrizio Deola ed Elia Barp.<\/p>","protected":false},"excerpt":{"rendered":"<p>Nella spettacolare Seven Laps dominano Yeman Crippa e Gaia Sabbatini. Tra gli amatori sono Said Boudalia e Marta Fabris i pi\u00f9 veloci. Andrea Furlani e Silvia Giacomuzzi sono i nuovi Campioni Europei dei Vigili del Fuoco. Nel Miglio dei Comuni vincono Sedico e Santa Giustina. Sabato sera lo spettacolo del Giro delle Mura \u00e8 ritornato [&hellip;]<\/p>\n","protected":false},"author":2,"featured_media":127355,"comment_status":"closed","ping_status":"open","sticky":false,"template":"","format":"standard","meta":{"footnotes":""},"categories":[26,4],"tags":[],"class_list":["post-127354","post","type-post","status-publish","format-standard","has-post-thumbnail","category-prima-pagina","category-sport"],"yoast_head":"<!-- This site is optimized with the Yoast SEO plugin v28.4 - https:\/\/yoast.com\/product\/yoast-seo-wordpress\/ -->\n<title>Yohanes Chiappinelli vince il 32mo Giro delle Mura di Feltre - Bellunopress - Dolomiti<\/title>\n<meta name=\"robots\" content=\"index, follow, max-snippet:-1, max-image-preview:large, max-video-preview:-1\" \/>\n<link rel=\"canonical\" href=\"https:\/\/www.bellunopress.it\/fr\/2021\/08\/29\/yohanes-chiappinelli-vince-il-32mo-giro-delle-mura-di-feltre\/\" \/>\n<meta property=\"og:locale\" content=\"fr_FR\" \/>\n<meta property=\"og:type\" content=\"article\" \/>\n<meta property=\"og:title\" content=\"Yohanes Chiappinelli vince il 32mo Giro delle Mura di Feltre - Bellunopress - Dolomiti\" \/>\n<meta property=\"og:description\" content=\"Nella spettacolare Seven Laps dominano Yeman Crippa e Gaia Sabbatini. Tra gli amatori sono Said Boudalia e Marta Fabris i pi\u00f9 veloci. Andrea Furlani e Silvia Giacomuzzi sono i nuovi Campioni Europei dei Vigili del Fuoco. Nel Miglio dei Comuni vincono Sedico e Santa Giustina. Sabato sera lo spettacolo del Giro delle Mura \u00e8 ritornato [&hellip;]\" \/>\n<meta property=\"og:url\" content=\"https:\/\/www.bellunopress.it\/fr\/2021\/08\/29\/yohanes-chiappinelli-vince-il-32mo-giro-delle-mura-di-feltre\/\" \/>\n<meta property=\"og:site_name\" content=\"Bellunopress - Dolomiti\" \/>\n<meta property=\"article:publisher\" content=\"https:\/\/www.facebook.com\/profile.php?id=100008943462799\" \/>\n<meta property=\"article:published_time\" content=\"2021-08-29T08:55:42+00:00\" \/>\n<meta property=\"article:modified_time\" content=\"2021-08-29T08:55:45+00:00\" \/>\n<meta property=\"og:image\" content=\"https:\/\/www.bellunopress.it\/wp-content\/uploads\/2021\/08\/Giro-delle-Mura-Feltre_edited-1.jpg\" \/>\n\t<meta property=\"og:image:width\" content=\"800\" \/>\n\t<meta property=\"og:image:height\" content=\"585\" \/>\n\t<meta property=\"og:image:type\" content=\"image\/jpeg\" \/>\n<meta name=\"author\" content=\"redazione\" \/>\n<meta name=\"twitter:card\" content=\"summary_large_image\" \/>\n<meta name=\"twitter:creator\" content=\"@bellunopress\" \/>\n<meta name=\"twitter:site\" content=\"@bellunopress\" \/>\n<meta name=\"twitter:label1\" content=\"\u00c9crit par\" \/>\n\t<meta name=\"twitter:data1\" content=\"redazione\" \/>\n\t<meta name=\"twitter:label2\" content=\"Dur\u00e9e de lecture estim\u00e9e\" \/>\n\t<meta name=\"twitter:data2\" content=\"3 minutes\" \/>\n<script type=\"application\/ld+json\" class=\"yoast-schema-graph\">{\"@context\":\"https:\\\/\\\/schema.org\",\"@graph\":[{\"@type\":\"Article\",\"@id\":\"https:\\\/\\\/www.bellunopress.it\\\/2021\\\/08\\\/29\\\/yohanes-chiappinelli-vince-il-32mo-giro-delle-mura-di-feltre\\\/#article\",\"isPartOf\":{\"@id\":\"https:\\\/\\\/www.bellunopress.it\\\/2021\\\/08\\\/29\\\/yohanes-chiappinelli-vince-il-32mo-giro-delle-mura-di-feltre\\\/\"},\"author\":{\"name\":\"redazione\",\"@id\":\"https:\\\/\\\/www.bellunopress.it\\\/#\\\/schema\\\/person\\\/79bb06722b37ece1c03d3e94beb30d73\"},\"headline\":\"Yohanes Chiappinelli vince il 32mo Giro delle Mura di Feltre\",\"datePublished\":\"2021-08-29T08:55:42+00:00\",\"dateModified\":\"2021-08-29T08:55:45+00:00\",\"mainEntityOfPage\":{\"@id\":\"https:\\\/\\\/www.bellunopress.it\\\/2021\\\/08\\\/29\\\/yohanes-chiappinelli-vince-il-32mo-giro-delle-mura-di-feltre\\\/\"},\"wordCount\":523,\"publisher\":{\"@id\":\"https:\\\/\\\/www.bellunopress.it\\\/#organization\"},\"image\":{\"@id\":\"https:\\\/\\\/www.bellunopress.it\\\/2021\\\/08\\\/29\\\/yohanes-chiappinelli-vince-il-32mo-giro-delle-mura-di-feltre\\\/#primaryimage\"},\"thumbnailUrl\":\"https:\\\/\\\/www.bellunopress.it\\\/wp-content\\\/uploads\\\/2021\\\/08\\\/Giro-delle-Mura-Feltre_edited-1.jpg\",\"articleSection\":[\"Prima Pagina\",\"Sport, tempo libero\"],\"inLanguage\":\"fr-FR\"},{\"@type\":\"WebPage\",\"@id\":\"https:\\\/\\\/www.bellunopress.it\\\/2021\\\/08\\\/29\\\/yohanes-chiappinelli-vince-il-32mo-giro-delle-mura-di-feltre\\\/\",\"url\":\"https:\\\/\\\/www.bellunopress.it\\\/2021\\\/08\\\/29\\\/yohanes-chiappinelli-vince-il-32mo-giro-delle-mura-di-feltre\\\/\",\"name\":\"Yohanes Chiappinelli vince il 32mo Giro delle Mura di Feltre - Bellunopress - Dolomiti\",\"isPartOf\":{\"@id\":\"https:\\\/\\\/www.bellunopress.it\\\/#website\"},\"primaryImageOfPage\":{\"@id\":\"https:\\\/\\\/www.bellunopress.it\\\/2021\\\/08\\\/29\\\/yohanes-chiappinelli-vince-il-32mo-giro-delle-mura-di-feltre\\\/#primaryimage\"},\"image\":{\"@id\":\"https:\\\/\\\/www.bellunopress.it\\\/2021\\\/08\\\/29\\\/yohanes-chiappinelli-vince-il-32mo-giro-delle-mura-di-feltre\\\/#primaryimage\"},\"thumbnailUrl\":\"https:\\\/\\\/www.bellunopress.it\\\/wp-content\\\/uploads\\\/2021\\\/08\\\/Giro-delle-Mura-Feltre_edited-1.jpg\",\"datePublished\":\"2021-08-29T08:55:42+00:00\",\"dateModified\":\"2021-08-29T08:55:45+00:00\",\"breadcrumb\":{\"@id\":\"https:\\\/\\\/www.bellunopress.it\\\/2021\\\/08\\\/29\\\/yohanes-chiappinelli-vince-il-32mo-giro-delle-mura-di-feltre\\\/#breadcrumb\"},\"inLanguage\":\"fr-FR\",\"potentialAction\":[{\"@type\":\"ReadAction\",\"target\":[\"https:\\\/\\\/www.bellunopress.it\\\/2021\\\/08\\\/29\\\/yohanes-chiappinelli-vince-il-32mo-giro-delle-mura-di-feltre\\\/\"]}]},{\"@type\":\"ImageObject\",\"inLanguage\":\"fr-FR\",\"@id\":\"https:\\\/\\\/www.bellunopress.it\\\/2021\\\/08\\\/29\\\/yohanes-chiappinelli-vince-il-32mo-giro-delle-mura-di-feltre\\\/#primaryimage\",\"url\":\"https:\\\/\\\/www.bellunopress.it\\\/wp-content\\\/uploads\\\/2021\\\/08\\\/Giro-delle-Mura-Feltre_edited-1.jpg\",\"contentUrl\":\"https:\\\/\\\/www.bellunopress.it\\\/wp-content\\\/uploads\\\/2021\\\/08\\\/Giro-delle-Mura-Feltre_edited-1.jpg\",\"width\":800,\"height\":585,\"caption\":\"Giro delle mura - Feltre edizione 2021\"},{\"@type\":\"BreadcrumbList\",\"@id\":\"https:\\\/\\\/www.bellunopress.it\\\/2021\\\/08\\\/29\\\/yohanes-chiappinelli-vince-il-32mo-giro-delle-mura-di-feltre\\\/#breadcrumb\",\"itemListElement\":[{\"@type\":\"ListItem\",\"position\":1,\"name\":\"Home\",\"item\":\"https:\\\/\\\/www.bellunopress.it\\\/\"},{\"@type\":\"ListItem\",\"position\":2,\"name\":\"Yohanes Chiappinelli vince il 32mo Giro delle Mura di Feltre\"}]},{\"@type\":\"WebSite\",\"@id\":\"https:\\\/\\\/www.bellunopress.it\\\/#website\",\"url\":\"https:\\\/\\\/www.bellunopress.it\\\/\",\"name\":\"Bellunopress - Dolomiti\",\"description\":\"e-mail: redazione@bellunopress.it\",\"publisher\":{\"@id\":\"https:\\\/\\\/www.bellunopress.it\\\/#organization\"},\"potentialAction\":[{\"@type\":\"SearchAction\",\"target\":{\"@type\":\"EntryPoint\",\"urlTemplate\":\"https:\\\/\\\/www.bellunopress.it\\\/?s={search_term_string}\"},\"query-input\":{\"@type\":\"PropertyValueSpecification\",\"valueRequired\":true,\"valueName\":\"search_term_string\"}}],\"inLanguage\":\"fr-FR\"},{\"@type\":\"Organization\",\"@id\":\"https:\\\/\\\/www.bellunopress.it\\\/#organization\",\"name\":\"Bellunopress\",\"url\":\"https:\\\/\\\/www.bellunopress.it\\\/\",\"logo\":{\"@type\":\"ImageObject\",\"inLanguage\":\"fr-FR\",\"@id\":\"https:\\\/\\\/www.bellunopress.it\\\/#\\\/schema\\\/logo\\\/image\\\/\",\"url\":\"https:\\\/\\\/www.bellunopress.it\\\/wp-content\\\/uploads\\\/2011\\\/05\\\/cropped-logo-bellunopress-.jpg\",\"contentUrl\":\"https:\\\/\\\/www.bellunopress.it\\\/wp-content\\\/uploads\\\/2011\\\/05\\\/cropped-logo-bellunopress-.jpg\",\"width\":512,\"height\":512,\"caption\":\"Bellunopress\"},\"image\":{\"@id\":\"https:\\\/\\\/www.bellunopress.it\\\/#\\\/schema\\\/logo\\\/image\\\/\"},\"sameAs\":[\"https:\\\/\\\/www.facebook.com\\\/profile.php?id=100008943462799\",\"https:\\\/\\\/x.com\\\/bellunopress\",\"https:\\\/\\\/www.linkedin.com\\\/hp\\\/?dnr=JBzUWaJfMUw8vbXJJ2tVW5-I3jZKvC4wsoxE&amp;amp;amp;amp;amp;amp;trk=nav_responsive_tab_home\",\"https:\\\/\\\/www.youtube.com\\\/channel\\\/UCxL0wu1uN0_3_7hGG0306cw\"]},{\"@type\":\"Person\",\"@id\":\"https:\\\/\\\/www.bellunopress.it\\\/#\\\/schema\\\/person\\\/79bb06722b37ece1c03d3e94beb30d73\",\"name\":\"redazione\",\"image\":{\"@type\":\"ImageObject\",\"inLanguage\":\"fr-FR\",\"@id\":\"https:\\\/\\\/secure.gravatar.com\\\/avatar\\\/37d968a2e67a6fd04c169c4bdef102d0bc5d31b2546345219e348575eb80e9a0?s=96&d=mm&r=g\",\"url\":\"https:\\\/\\\/secure.gravatar.com\\\/avatar\\\/37d968a2e67a6fd04c169c4bdef102d0bc5d31b2546345219e348575eb80e9a0?s=96&d=mm&r=g\",\"contentUrl\":\"https:\\\/\\\/secure.gravatar.com\\\/avatar\\\/37d968a2e67a6fd04c169c4bdef102d0bc5d31b2546345219e348575eb80e9a0?s=96&d=mm&r=g\",\"caption\":\"redazione\"},\"sameAs\":[\"http:\\\/\\\/www.bellunopress.it\",\"https:\\\/\\\/x.com\\\/bellunopress\"],\"url\":\"https:\\\/\\\/www.bellunopress.it\\\/fr\\\/author\\\/redazione\\\/\"}]}<\/script>\n<!-- \/ Yoast SEO plugin. -->","yoast_head_json":{"title":"Yohanes Chiappinelli vince il 32mo Giro delle Mura di Feltre - Bellunopress - Dolomiti","robots":{"index":"index","follow":"follow","max-snippet":"max-snippet:-1","max-image-preview":"max-image-preview:large","max-video-preview":"max-video-preview:-1"},"canonical":"https:\/\/www.bellunopress.it\/fr\/2021\/08\/29\/yohanes-chiappinelli-vince-il-32mo-giro-delle-mura-di-feltre\/","og_locale":"fr_FR","og_type":"article","og_title":"Yohanes Chiappinelli vince il 32mo Giro delle Mura di Feltre - Bellunopress - Dolomiti","og_description":"Nella spettacolare Seven Laps dominano Yeman Crippa e Gaia Sabbatini. Tra gli amatori sono Said Boudalia e Marta Fabris i pi\u00f9 veloci. Andrea Furlani e Silvia Giacomuzzi sono i nuovi Campioni Europei dei Vigili del Fuoco. Nel Miglio dei Comuni vincono Sedico e Santa Giustina. Sabato sera lo spettacolo del Giro delle Mura \u00e8 ritornato [&hellip;]","og_url":"https:\/\/www.bellunopress.it\/fr\/2021\/08\/29\/yohanes-chiappinelli-vince-il-32mo-giro-delle-mura-di-feltre\/","og_site_name":"Bellunopress - Dolomiti","article_publisher":"https:\/\/www.facebook.com\/profile.php?id=100008943462799","article_published_time":"2021-08-29T08:55:42+00:00","article_modified_time":"2021-08-29T08:55:45+00:00","og_image":[{"width":800,"height":585,"url":"https:\/\/www.bellunopress.it\/wp-content\/uploads\/2021\/08\/Giro-delle-Mura-Feltre_edited-1.jpg","type":"image\/jpeg"}],"author":"redazione","twitter_card":"summary_large_image","twitter_creator":"@bellunopress","twitter_site":"@bellunopress","twitter_misc":{"\u00c9crit par":"redazione","Dur\u00e9e de lecture estim\u00e9e":"3 minutes"},"schema":{"@context":"https:\/\/schema.org","@graph":[{"@type":"Article","@id":"https:\/\/www.bellunopress.it\/2021\/08\/29\/yohanes-chiappinelli-vince-il-32mo-giro-delle-mura-di-feltre\/#article","isPartOf":{"@id":"https:\/\/www.bellunopress.it\/2021\/08\/29\/yohanes-chiappinelli-vince-il-32mo-giro-delle-mura-di-feltre\/"},"author":{"name":"redazione","@id":"https:\/\/www.bellunopress.it\/#\/schema\/person\/79bb06722b37ece1c03d3e94beb30d73"},"headline":"Yohanes Chiappinelli vince il 32mo Giro delle Mura di Feltre","datePublished":"2021-08-29T08:55:42+00:00","dateModified":"2021-08-29T08:55:45+00:00","mainEntityOfPage":{"@id":"https:\/\/www.bellunopress.it\/2021\/08\/29\/yohanes-chiappinelli-vince-il-32mo-giro-delle-mura-di-feltre\/"},"wordCount":523,"publisher":{"@id":"https:\/\/www.bellunopress.it\/#organization"},"image":{"@id":"https:\/\/www.bellunopress.it\/2021\/08\/29\/yohanes-chiappinelli-vince-il-32mo-giro-delle-mura-di-feltre\/#primaryimage"},"thumbnailUrl":"https:\/\/www.bellunopress.it\/wp-content\/uploads\/2021\/08\/Giro-delle-Mura-Feltre_edited-1.jpg","articleSection":["Prima Pagina","Sport, tempo libero"],"inLanguage":"fr-FR"},{"@type":"WebPage","@id":"https:\/\/www.bellunopress.it\/2021\/08\/29\/yohanes-chiappinelli-vince-il-32mo-giro-delle-mura-di-feltre\/","url":"https:\/\/www.bellunopress.it\/2021\/08\/29\/yohanes-chiappinelli-vince-il-32mo-giro-delle-mura-di-feltre\/","name":"Yohanes Chiappinelli vince il 32mo Giro delle Mura di Feltre - Bellunopress - Dolomiti","isPartOf":{"@id":"https:\/\/www.bellunopress.it\/#website"},"primaryImageOfPage":{"@id":"https:\/\/www.bellunopress.it\/2021\/08\/29\/yohanes-chiappinelli-vince-il-32mo-giro-delle-mura-di-feltre\/#primaryimage"},"image":{"@id":"https:\/\/www.bellunopress.it\/2021\/08\/29\/yohanes-chiappinelli-vince-il-32mo-giro-delle-mura-di-feltre\/#primaryimage"},"thumbnailUrl":"https:\/\/www.bellunopress.it\/wp-content\/uploads\/2021\/08\/Giro-delle-Mura-Feltre_edited-1.jpg","datePublished":"2021-08-29T08:55:42+00:00","dateModified":"2021-08-29T08:55:45+00:00","breadcrumb":{"@id":"https:\/\/www.bellunopress.it\/2021\/08\/29\/yohanes-chiappinelli-vince-il-32mo-giro-delle-mura-di-feltre\/#breadcrumb"},"inLanguage":"fr-FR","potentialAction":[{"@type":"ReadAction","target":["https:\/\/www.bellunopress.it\/2021\/08\/29\/yohanes-chiappinelli-vince-il-32mo-giro-delle-mura-di-feltre\/"]}]},{"@type":"ImageObject","inLanguage":"fr-FR","@id":"https:\/\/www.bellunopress.it\/2021\/08\/29\/yohanes-chiappinelli-vince-il-32mo-giro-delle-mura-di-feltre\/#primaryimage","url":"https:\/\/www.bellunopress.it\/wp-content\/uploads\/2021\/08\/Giro-delle-Mura-Feltre_edited-1.jpg","contentUrl":"https:\/\/www.bellunopress.it\/wp-content\/uploads\/2021\/08\/Giro-delle-Mura-Feltre_edited-1.jpg","width":800,"height":585,"caption":"Giro delle mura - Feltre edizione 2021"},{"@type":"BreadcrumbList","@id":"https:\/\/www.bellunopress.it\/2021\/08\/29\/yohanes-chiappinelli-vince-il-32mo-giro-delle-mura-di-feltre\/#breadcrumb","itemListElement":[{"@type":"ListItem","position":1,"name":"Home","item":"https:\/\/www.bellunopress.it\/"},{"@type":"ListItem","position":2,"name":"Yohanes Chiappinelli vince il 32mo Giro delle Mura di Feltre"}]},{"@type":"WebSite","@id":"https:\/\/www.bellunopress.it\/#website","url":"https:\/\/www.bellunopress.it\/","name":"Bellunopress - Dolomiti","description":"e-mail: redazione@bellunopress.it","publisher":{"@id":"https:\/\/www.bellunopress.it\/#organization"},"potentialAction":[{"@type":"SearchAction","target":{"@type":"EntryPoint","urlTemplate":"https:\/\/www.bellunopress.it\/?s={search_term_string}"},"query-input":{"@type":"PropertyValueSpecification","valueRequired":true,"valueName":"search_term_string"}}],"inLanguage":"fr-FR"},{"@type":"Organization","@id":"https:\/\/www.bellunopress.it\/#organization","name":"Bellunopress","url":"https:\/\/www.bellunopress.it\/","logo":{"@type":"ImageObject","inLanguage":"fr-FR","@id":"https:\/\/www.bellunopress.it\/#\/schema\/logo\/image\/","url":"https:\/\/www.bellunopress.it\/wp-content\/uploads\/2011\/05\/cropped-logo-bellunopress-.jpg","contentUrl":"https:\/\/www.bellunopress.it\/wp-content\/uploads\/2011\/05\/cropped-logo-bellunopress-.jpg","width":512,"height":512,"caption":"Bellunopress"},"image":{"@id":"https:\/\/www.bellunopress.it\/#\/schema\/logo\/image\/"},"sameAs":["https:\/\/www.facebook.com\/profile.php?id=100008943462799","https:\/\/x.com\/bellunopress","https:\/\/www.linkedin.com\/hp\/?dnr=JBzUWaJfMUw8vbXJJ2tVW5-I3jZKvC4wsoxE&amp;amp;amp;amp;amp;amp;trk=nav_responsive_tab_home","https:\/\/www.youtube.com\/channel\/UCxL0wu1uN0_3_7hGG0306cw"]},{"@type":"Person","@id":"https:\/\/www.bellunopress.it\/#\/schema\/person\/79bb06722b37ece1c03d3e94beb30d73","name":"r\u00e9daction","image":{"@type":"ImageObject","inLanguage":"fr-FR","@id":"https:\/\/secure.gravatar.com\/avatar\/37d968a2e67a6fd04c169c4bdef102d0bc5d31b2546345219e348575eb80e9a0?s=96&d=mm&r=g","url":"https:\/\/secure.gravatar.com\/avatar\/37d968a2e67a6fd04c169c4bdef102d0bc5d31b2546345219e348575eb80e9a0?s=96&d=mm&r=g","contentUrl":"https:\/\/secure.gravatar.com\/avatar\/37d968a2e67a6fd04c169c4bdef102d0bc5d31b2546345219e348575eb80e9a0?s=96&d=mm&r=g","caption":"redazione"},"sameAs":["http:\/\/www.bellunopress.it","https:\/\/x.com\/bellunopress"],"url":"https:\/\/www.bellunopress.it\/fr\/author\/redazione\/"}]}},"_links":{"self":[{"href":"https:\/\/www.bellunopress.it\/fr\/wp-json\/wp\/v2\/posts\/127354","targetHints":{"allow":["GET"]}}],"collection":[{"href":"https:\/\/www.bellunopress.it\/fr\/wp-json\/wp\/v2\/posts"}],"about":[{"href":"https:\/\/www.bellunopress.it\/fr\/wp-json\/wp\/v2\/types\/post"}],"author":[{"embeddable":true,"href":"https:\/\/www.bellunopress.it\/fr\/wp-json\/wp\/v2\/users\/2"}],"replies":[{"embeddable":true,"href":"https:\/\/www.bellunopress.it\/fr\/wp-json\/wp\/v2\/comments?post=127354"}],"version-history":[{"count":2,"href":"https:\/\/www.bellunopress.it\/fr\/wp-json\/wp\/v2\/posts\/127354\/revisions"}],"predecessor-version":[{"id":127357,"href":"https:\/\/www.bellunopress.it\/fr\/wp-json\/wp\/v2\/posts\/127354\/revisions\/127357"}],"wp:featuredmedia":[{"embeddable":true,"href":"https:\/\/www.bellunopress.it\/fr\/wp-json\/wp\/v2\/media\/127355"}],"wp:attachment":[{"href":"https:\/\/www.bellunopress.it\/fr\/wp-json\/wp\/v2\/media?parent=127354"}],"wp:term":[{"taxonomy":"category","embeddable":true,"href":"https:\/\/www.bellunopress.it\/fr\/wp-json\/wp\/v2\/categories?post=127354"},{"taxonomy":"post_tag","embeddable":true,"href":"https:\/\/www.bellunopress.it\/fr\/wp-json\/wp\/v2\/tags?post=127354"}],"curies":[{"name":"wp","href":"https:\/\/api.w.org\/{rel}","templated":true}]}}