{"id":127350,"date":"2021-08-28T22:15:37","date_gmt":"2021-08-28T20:15:37","guid":{"rendered":"https:\/\/www.bellunopress.it\/?p=127350"},"modified":"2021-08-28T22:15:39","modified_gmt":"2021-08-28T20:15:39","slug":"loris-minella-vince-ledizione-della-ripartenza-della-feltre-urban-trail-tra-le-donne-domina-chiara-lamberti-oltre-400-partecipanti","status":"publish","type":"post","link":"https:\/\/www.bellunopress.it\/fr\/2021\/08\/28\/loris-minella-vince-ledizione-della-ripartenza-della-feltre-urban-trail-tra-le-donne-domina-chiara-lamberti-oltre-400-partecipanti\/","title":{"rendered":"Loris Minella, vince l&#8217;edizione della ripartenza della Feltre Urban Trail. Tra le donne domina Chiara Lamberti. Oltre 400 partecipanti"},"content":{"rendered":"<p><a href=\"https:\/\/www.bellunopress.it\/fr\/2021\/08\/28\/loris-minella-vince-ledizione-della-ripartenza-della-feltre-urban-trail-tra-le-donne-domina-chiara-lamberti-oltre-400-partecipanti\/feltre-urban-trail_edited\/\" rel=\"attachment wp-att-127351\"><img loading=\"lazy\" decoding=\"async\" class=\"alignleft size-full wp-image-127351\" src=\"https:\/\/www.bellunopress.it\/wp-content\/uploads\/2021\/08\/Feltre-urban-trail_edited.jpg\" alt=\"\" width=\"800\" height=\"504\" srcset=\"https:\/\/www.bellunopress.it\/wp-content\/uploads\/2021\/08\/Feltre-urban-trail_edited.jpg 800w, https:\/\/www.bellunopress.it\/wp-content\/uploads\/2021\/08\/Feltre-urban-trail_edited-500x315.jpg 500w, https:\/\/www.bellunopress.it\/wp-content\/uploads\/2021\/08\/Feltre-urban-trail_edited-696x438.jpg 696w, https:\/\/www.bellunopress.it\/wp-content\/uploads\/2021\/08\/Feltre-urban-trail_edited-667x420.jpg 667w\" sizes=\"auto, (max-width: 800px) 100vw, 800px\" \/><\/a>Il fine settimana dedicato alla corsa su strada feltrina si \u00e8 aperto con l&#8217;affascinante Feltre Urban Trail. Il lungo serpentone di &#8220;urban trailer&#8221; \u00e8 partito ieri sera alle ore 20 da Campo Giorgio, anticipando di dodici ore le partenze del Giro delle Mura che saranno date sotto il medesimo arco. Un percorso di 9 chilometri ha fatto ammirare agli oltre 400 partecipati, suddivisi nella gara competitiva e nella camminata, una Feltre insolita, affascinante che addirittura molti feltrini non avevano ancora scoperto.<\/p>\n<p>Loris Minella, ha dominato sin dalle prime fasi la gara, nessun problema per lui adattarsi ai vari fondi stradali che il percorso prevedeva. Pav\u00e9, asfalto, e sterrato illuminati dal fascio di luce della lampada frontale. Minella ha chiuso la propria gara con il tempo di 26&#8217;32&#8221;, alle sue spalle Roberto Fregona e Marco Tramet che hanno fermato il cronometro rispettivamente in 27&#8217;50&#8221; e 28&#8217;10&#8221;.<\/p>\n<p>In campo femminile Chiara Lamberti (Atl Vittorio Veneto) ha vinto la sesta edizione della Feltre Urban Trail con il tempo di 34&#8217;41&#8221; davanti a Federica Schievenin e a Serena Schievenin. Il tempo della seconda \u00e8 di 35&#8217;36&#8221;, mentre Schievenin ha chiuso in 35&#8217;37&#8221;.<br \/>\nNel tardo pomeriggio di oggi e precisamente alle 18.45 prenderanno il via le gare della 32^ edizione del Giro delle Mura. A Feltre correranno gli Amatori e i Master per il Trofeo Lattebusche, i Vigili del Fuoco si contenderanno il titolo europeo, e i ragazzi del Miglio dei Comuni si daranno battaglia per aggiudicarsi il Trofeo Sportful. L&#8217;adrenalina sar\u00e0 al massimo quando i protagonisti della Seven Laps, staffetta mista sui 400 metri, correranno sul pav\u00e9 di Feltre in occasione del Trofeo Famila. I top runners daranno spettacolo lungo i 10 chilometri correndo l&#8217;ultima gara in programma: il 28\u00b0 Giro delle Mura, Trofeo Cassa Rurale Dolomiti.<br \/>\nDa segnalare che in occasione della kermesse del Giro delle Mura l&#8217;ULSS 1 Dolomiti ha organizzato la serata &#8220;Vaccini sotto le stelle&#8221;. I cittadini potranno vaccinarsi dalle ore 19 alle ore 21 presentando la tessera sanitaria.<\/p>","protected":false},"excerpt":{"rendered":"<p>Il fine settimana dedicato alla corsa su strada feltrina si \u00e8 aperto con l&#8217;affascinante Feltre Urban Trail. Il lungo serpentone di &#8220;urban trailer&#8221; \u00e8 partito ieri sera alle ore 20 da Campo Giorgio, anticipando di dodici ore le partenze del Giro delle Mura che saranno date sotto il medesimo arco. Un percorso di 9 chilometri [&hellip;]<\/p>\n","protected":false},"author":2,"featured_media":127351,"comment_status":"closed","ping_status":"open","sticky":false,"template":"","format":"standard","meta":{"footnotes":""},"categories":[25,4],"tags":[],"class_list":["post-127350","post","type-post","status-publish","format-standard","has-post-thumbnail","category-pausa-caffe","category-sport"],"yoast_head":"<!-- This site is optimized with the Yoast SEO plugin v28.4 - https:\/\/yoast.com\/product\/yoast-seo-wordpress\/ -->\n<title>Loris Minella, vince l&#039;edizione della ripartenza della Feltre Urban Trail. Tra le donne domina Chiara Lamberti. Oltre 400 partecipanti - Bellunopress - Dolomiti<\/title>\n<meta name=\"robots\" content=\"index, follow, max-snippet:-1, max-image-preview:large, max-video-preview:-1\" \/>\n<link rel=\"canonical\" href=\"https:\/\/www.bellunopress.it\/fr\/2021\/08\/28\/loris-minella-vince-ledizione-della-ripartenza-della-feltre-urban-trail-tra-le-donne-domina-chiara-lamberti-oltre-400-partecipanti\/\" \/>\n<meta property=\"og:locale\" content=\"fr_FR\" \/>\n<meta property=\"og:type\" content=\"article\" \/>\n<meta property=\"og:title\" content=\"Loris Minella, vince l&#039;edizione della ripartenza della Feltre Urban Trail. Tra le donne domina Chiara Lamberti. Oltre 400 partecipanti - Bellunopress - Dolomiti\" \/>\n<meta property=\"og:description\" content=\"Il fine settimana dedicato alla corsa su strada feltrina si \u00e8 aperto con l&#8217;affascinante Feltre Urban Trail. Il lungo serpentone di &#8220;urban trailer&#8221; \u00e8 partito ieri sera alle ore 20 da Campo Giorgio, anticipando di dodici ore le partenze del Giro delle Mura che saranno date sotto il medesimo arco. Un percorso di 9 chilometri [&hellip;]\" \/>\n<meta property=\"og:url\" content=\"https:\/\/www.bellunopress.it\/fr\/2021\/08\/28\/loris-minella-vince-ledizione-della-ripartenza-della-feltre-urban-trail-tra-le-donne-domina-chiara-lamberti-oltre-400-partecipanti\/\" \/>\n<meta property=\"og:site_name\" content=\"Bellunopress - Dolomiti\" \/>\n<meta property=\"article:publisher\" content=\"https:\/\/www.facebook.com\/profile.php?id=100008943462799\" \/>\n<meta property=\"article:published_time\" content=\"2021-08-28T20:15:37+00:00\" \/>\n<meta property=\"article:modified_time\" content=\"2021-08-28T20:15:39+00:00\" \/>\n<meta property=\"og:image\" content=\"https:\/\/www.bellunopress.it\/wp-content\/uploads\/2021\/08\/Feltre-urban-trail_edited.jpg\" \/>\n\t<meta property=\"og:image:width\" content=\"800\" \/>\n\t<meta property=\"og:image:height\" content=\"504\" \/>\n\t<meta property=\"og:image:type\" content=\"image\/jpeg\" \/>\n<meta name=\"author\" content=\"redazione\" \/>\n<meta name=\"twitter:card\" content=\"summary_large_image\" \/>\n<meta name=\"twitter:creator\" content=\"@bellunopress\" \/>\n<meta name=\"twitter:site\" content=\"@bellunopress\" \/>\n<meta name=\"twitter:label1\" content=\"\u00c9crit par\" \/>\n\t<meta name=\"twitter:data1\" content=\"redazione\" \/>\n\t<meta name=\"twitter:label2\" content=\"Dur\u00e9e de lecture estim\u00e9e\" \/>\n\t<meta name=\"twitter:data2\" content=\"2 minutes\" \/>\n<script type=\"application\/ld+json\" class=\"yoast-schema-graph\">{\"@context\":\"https:\\\/\\\/schema.org\",\"@graph\":[{\"@type\":\"Article\",\"@id\":\"https:\\\/\\\/www.bellunopress.it\\\/2021\\\/08\\\/28\\\/loris-minella-vince-ledizione-della-ripartenza-della-feltre-urban-trail-tra-le-donne-domina-chiara-lamberti-oltre-400-partecipanti\\\/#article\",\"isPartOf\":{\"@id\":\"https:\\\/\\\/www.bellunopress.it\\\/2021\\\/08\\\/28\\\/loris-minella-vince-ledizione-della-ripartenza-della-feltre-urban-trail-tra-le-donne-domina-chiara-lamberti-oltre-400-partecipanti\\\/\"},\"author\":{\"name\":\"redazione\",\"@id\":\"https:\\\/\\\/www.bellunopress.it\\\/#\\\/schema\\\/person\\\/79bb06722b37ece1c03d3e94beb30d73\"},\"headline\":\"Loris Minella, vince l&#8217;edizione della ripartenza della Feltre Urban Trail. Tra le donne domina Chiara Lamberti. Oltre 400 partecipanti\",\"datePublished\":\"2021-08-28T20:15:37+00:00\",\"dateModified\":\"2021-08-28T20:15:39+00:00\",\"mainEntityOfPage\":{\"@id\":\"https:\\\/\\\/www.bellunopress.it\\\/2021\\\/08\\\/28\\\/loris-minella-vince-ledizione-della-ripartenza-della-feltre-urban-trail-tra-le-donne-domina-chiara-lamberti-oltre-400-partecipanti\\\/\"},\"wordCount\":332,\"publisher\":{\"@id\":\"https:\\\/\\\/www.bellunopress.it\\\/#organization\"},\"image\":{\"@id\":\"https:\\\/\\\/www.bellunopress.it\\\/2021\\\/08\\\/28\\\/loris-minella-vince-ledizione-della-ripartenza-della-feltre-urban-trail-tra-le-donne-domina-chiara-lamberti-oltre-400-partecipanti\\\/#primaryimage\"},\"thumbnailUrl\":\"https:\\\/\\\/www.bellunopress.it\\\/wp-content\\\/uploads\\\/2021\\\/08\\\/Feltre-urban-trail_edited.jpg\",\"articleSection\":[\"Pausa Caff\u00e8\",\"Sport, tempo libero\"],\"inLanguage\":\"fr-FR\"},{\"@type\":\"WebPage\",\"@id\":\"https:\\\/\\\/www.bellunopress.it\\\/2021\\\/08\\\/28\\\/loris-minella-vince-ledizione-della-ripartenza-della-feltre-urban-trail-tra-le-donne-domina-chiara-lamberti-oltre-400-partecipanti\\\/\",\"url\":\"https:\\\/\\\/www.bellunopress.it\\\/2021\\\/08\\\/28\\\/loris-minella-vince-ledizione-della-ripartenza-della-feltre-urban-trail-tra-le-donne-domina-chiara-lamberti-oltre-400-partecipanti\\\/\",\"name\":\"Loris Minella, vince l'edizione della ripartenza della Feltre Urban Trail. Tra le donne domina Chiara Lamberti. Oltre 400 partecipanti - Bellunopress - Dolomiti\",\"isPartOf\":{\"@id\":\"https:\\\/\\\/www.bellunopress.it\\\/#website\"},\"primaryImageOfPage\":{\"@id\":\"https:\\\/\\\/www.bellunopress.it\\\/2021\\\/08\\\/28\\\/loris-minella-vince-ledizione-della-ripartenza-della-feltre-urban-trail-tra-le-donne-domina-chiara-lamberti-oltre-400-partecipanti\\\/#primaryimage\"},\"image\":{\"@id\":\"https:\\\/\\\/www.bellunopress.it\\\/2021\\\/08\\\/28\\\/loris-minella-vince-ledizione-della-ripartenza-della-feltre-urban-trail-tra-le-donne-domina-chiara-lamberti-oltre-400-partecipanti\\\/#primaryimage\"},\"thumbnailUrl\":\"https:\\\/\\\/www.bellunopress.it\\\/wp-content\\\/uploads\\\/2021\\\/08\\\/Feltre-urban-trail_edited.jpg\",\"datePublished\":\"2021-08-28T20:15:37+00:00\",\"dateModified\":\"2021-08-28T20:15:39+00:00\",\"breadcrumb\":{\"@id\":\"https:\\\/\\\/www.bellunopress.it\\\/2021\\\/08\\\/28\\\/loris-minella-vince-ledizione-della-ripartenza-della-feltre-urban-trail-tra-le-donne-domina-chiara-lamberti-oltre-400-partecipanti\\\/#breadcrumb\"},\"inLanguage\":\"fr-FR\",\"potentialAction\":[{\"@type\":\"ReadAction\",\"target\":[\"https:\\\/\\\/www.bellunopress.it\\\/2021\\\/08\\\/28\\\/loris-minella-vince-ledizione-della-ripartenza-della-feltre-urban-trail-tra-le-donne-domina-chiara-lamberti-oltre-400-partecipanti\\\/\"]}]},{\"@type\":\"ImageObject\",\"inLanguage\":\"fr-FR\",\"@id\":\"https:\\\/\\\/www.bellunopress.it\\\/2021\\\/08\\\/28\\\/loris-minella-vince-ledizione-della-ripartenza-della-feltre-urban-trail-tra-le-donne-domina-chiara-lamberti-oltre-400-partecipanti\\\/#primaryimage\",\"url\":\"https:\\\/\\\/www.bellunopress.it\\\/wp-content\\\/uploads\\\/2021\\\/08\\\/Feltre-urban-trail_edited.jpg\",\"contentUrl\":\"https:\\\/\\\/www.bellunopress.it\\\/wp-content\\\/uploads\\\/2021\\\/08\\\/Feltre-urban-trail_edited.jpg\",\"width\":800,\"height\":504},{\"@type\":\"BreadcrumbList\",\"@id\":\"https:\\\/\\\/www.bellunopress.it\\\/2021\\\/08\\\/28\\\/loris-minella-vince-ledizione-della-ripartenza-della-feltre-urban-trail-tra-le-donne-domina-chiara-lamberti-oltre-400-partecipanti\\\/#breadcrumb\",\"itemListElement\":[{\"@type\":\"ListItem\",\"position\":1,\"name\":\"Home\",\"item\":\"https:\\\/\\\/www.bellunopress.it\\\/\"},{\"@type\":\"ListItem\",\"position\":2,\"name\":\"Loris Minella, vince l&#8217;edizione della ripartenza della Feltre Urban Trail. Tra le donne domina Chiara Lamberti. Oltre 400 partecipanti\"}]},{\"@type\":\"WebSite\",\"@id\":\"https:\\\/\\\/www.bellunopress.it\\\/#website\",\"url\":\"https:\\\/\\\/www.bellunopress.it\\\/\",\"name\":\"Bellunopress - Dolomiti\",\"description\":\"e-mail: redazione@bellunopress.it\",\"publisher\":{\"@id\":\"https:\\\/\\\/www.bellunopress.it\\\/#organization\"},\"potentialAction\":[{\"@type\":\"SearchAction\",\"target\":{\"@type\":\"EntryPoint\",\"urlTemplate\":\"https:\\\/\\\/www.bellunopress.it\\\/?s={search_term_string}\"},\"query-input\":{\"@type\":\"PropertyValueSpecification\",\"valueRequired\":true,\"valueName\":\"search_term_string\"}}],\"inLanguage\":\"fr-FR\"},{\"@type\":\"Organization\",\"@id\":\"https:\\\/\\\/www.bellunopress.it\\\/#organization\",\"name\":\"Bellunopress\",\"url\":\"https:\\\/\\\/www.bellunopress.it\\\/\",\"logo\":{\"@type\":\"ImageObject\",\"inLanguage\":\"fr-FR\",\"@id\":\"https:\\\/\\\/www.bellunopress.it\\\/#\\\/schema\\\/logo\\\/image\\\/\",\"url\":\"https:\\\/\\\/www.bellunopress.it\\\/wp-content\\\/uploads\\\/2011\\\/05\\\/cropped-logo-bellunopress-.jpg\",\"contentUrl\":\"https:\\\/\\\/www.bellunopress.it\\\/wp-content\\\/uploads\\\/2011\\\/05\\\/cropped-logo-bellunopress-.jpg\",\"width\":512,\"height\":512,\"caption\":\"Bellunopress\"},\"image\":{\"@id\":\"https:\\\/\\\/www.bellunopress.it\\\/#\\\/schema\\\/logo\\\/image\\\/\"},\"sameAs\":[\"https:\\\/\\\/www.facebook.com\\\/profile.php?id=100008943462799\",\"https:\\\/\\\/x.com\\\/bellunopress\",\"https:\\\/\\\/www.linkedin.com\\\/hp\\\/?dnr=JBzUWaJfMUw8vbXJJ2tVW5-I3jZKvC4wsoxE&amp;amp;amp;amp;amp;amp;trk=nav_responsive_tab_home\",\"https:\\\/\\\/www.youtube.com\\\/channel\\\/UCxL0wu1uN0_3_7hGG0306cw\"]},{\"@type\":\"Person\",\"@id\":\"https:\\\/\\\/www.bellunopress.it\\\/#\\\/schema\\\/person\\\/79bb06722b37ece1c03d3e94beb30d73\",\"name\":\"redazione\",\"image\":{\"@type\":\"ImageObject\",\"inLanguage\":\"fr-FR\",\"@id\":\"https:\\\/\\\/secure.gravatar.com\\\/avatar\\\/37d968a2e67a6fd04c169c4bdef102d0bc5d31b2546345219e348575eb80e9a0?s=96&d=mm&r=g\",\"url\":\"https:\\\/\\\/secure.gravatar.com\\\/avatar\\\/37d968a2e67a6fd04c169c4bdef102d0bc5d31b2546345219e348575eb80e9a0?s=96&d=mm&r=g\",\"contentUrl\":\"https:\\\/\\\/secure.gravatar.com\\\/avatar\\\/37d968a2e67a6fd04c169c4bdef102d0bc5d31b2546345219e348575eb80e9a0?s=96&d=mm&r=g\",\"caption\":\"redazione\"},\"sameAs\":[\"http:\\\/\\\/www.bellunopress.it\",\"https:\\\/\\\/x.com\\\/bellunopress\"],\"url\":\"https:\\\/\\\/www.bellunopress.it\\\/fr\\\/author\\\/redazione\\\/\"}]}<\/script>\n<!-- \/ Yoast SEO plugin. -->","yoast_head_json":{"title":"Loris Minella, vince l'edizione della ripartenza della Feltre Urban Trail. Tra le donne domina Chiara Lamberti. Oltre 400 partecipanti - Bellunopress - Dolomiti","robots":{"index":"index","follow":"follow","max-snippet":"max-snippet:-1","max-image-preview":"max-image-preview:large","max-video-preview":"max-video-preview:-1"},"canonical":"https:\/\/www.bellunopress.it\/fr\/2021\/08\/28\/loris-minella-vince-ledizione-della-ripartenza-della-feltre-urban-trail-tra-le-donne-domina-chiara-lamberti-oltre-400-partecipanti\/","og_locale":"fr_FR","og_type":"article","og_title":"Loris Minella, vince l'edizione della ripartenza della Feltre Urban Trail. Tra le donne domina Chiara Lamberti. Oltre 400 partecipanti - Bellunopress - Dolomiti","og_description":"Il fine settimana dedicato alla corsa su strada feltrina si \u00e8 aperto con l&#8217;affascinante Feltre Urban Trail. Il lungo serpentone di &#8220;urban trailer&#8221; \u00e8 partito ieri sera alle ore 20 da Campo Giorgio, anticipando di dodici ore le partenze del Giro delle Mura che saranno date sotto il medesimo arco. Un percorso di 9 chilometri [&hellip;]","og_url":"https:\/\/www.bellunopress.it\/fr\/2021\/08\/28\/loris-minella-vince-ledizione-della-ripartenza-della-feltre-urban-trail-tra-le-donne-domina-chiara-lamberti-oltre-400-partecipanti\/","og_site_name":"Bellunopress - Dolomiti","article_publisher":"https:\/\/www.facebook.com\/profile.php?id=100008943462799","article_published_time":"2021-08-28T20:15:37+00:00","article_modified_time":"2021-08-28T20:15:39+00:00","og_image":[{"width":800,"height":504,"url":"https:\/\/www.bellunopress.it\/wp-content\/uploads\/2021\/08\/Feltre-urban-trail_edited.jpg","type":"image\/jpeg"}],"author":"redazione","twitter_card":"summary_large_image","twitter_creator":"@bellunopress","twitter_site":"@bellunopress","twitter_misc":{"\u00c9crit par":"redazione","Dur\u00e9e de lecture estim\u00e9e":"2 minutes"},"schema":{"@context":"https:\/\/schema.org","@graph":[{"@type":"Article","@id":"https:\/\/www.bellunopress.it\/2021\/08\/28\/loris-minella-vince-ledizione-della-ripartenza-della-feltre-urban-trail-tra-le-donne-domina-chiara-lamberti-oltre-400-partecipanti\/#article","isPartOf":{"@id":"https:\/\/www.bellunopress.it\/2021\/08\/28\/loris-minella-vince-ledizione-della-ripartenza-della-feltre-urban-trail-tra-le-donne-domina-chiara-lamberti-oltre-400-partecipanti\/"},"author":{"name":"redazione","@id":"https:\/\/www.bellunopress.it\/#\/schema\/person\/79bb06722b37ece1c03d3e94beb30d73"},"headline":"Loris Minella, vince l&#8217;edizione della ripartenza della Feltre Urban Trail. Tra le donne domina Chiara Lamberti. Oltre 400 partecipanti","datePublished":"2021-08-28T20:15:37+00:00","dateModified":"2021-08-28T20:15:39+00:00","mainEntityOfPage":{"@id":"https:\/\/www.bellunopress.it\/2021\/08\/28\/loris-minella-vince-ledizione-della-ripartenza-della-feltre-urban-trail-tra-le-donne-domina-chiara-lamberti-oltre-400-partecipanti\/"},"wordCount":332,"publisher":{"@id":"https:\/\/www.bellunopress.it\/#organization"},"image":{"@id":"https:\/\/www.bellunopress.it\/2021\/08\/28\/loris-minella-vince-ledizione-della-ripartenza-della-feltre-urban-trail-tra-le-donne-domina-chiara-lamberti-oltre-400-partecipanti\/#primaryimage"},"thumbnailUrl":"https:\/\/www.bellunopress.it\/wp-content\/uploads\/2021\/08\/Feltre-urban-trail_edited.jpg","articleSection":["Pausa Caff\u00e8","Sport, tempo libero"],"inLanguage":"fr-FR"},{"@type":"WebPage","@id":"https:\/\/www.bellunopress.it\/2021\/08\/28\/loris-minella-vince-ledizione-della-ripartenza-della-feltre-urban-trail-tra-le-donne-domina-chiara-lamberti-oltre-400-partecipanti\/","url":"https:\/\/www.bellunopress.it\/2021\/08\/28\/loris-minella-vince-ledizione-della-ripartenza-della-feltre-urban-trail-tra-le-donne-domina-chiara-lamberti-oltre-400-partecipanti\/","name":"Loris Minella, vince l'edizione della ripartenza della Feltre Urban Trail. Tra le donne domina Chiara Lamberti. Oltre 400 partecipanti - Bellunopress - Dolomiti","isPartOf":{"@id":"https:\/\/www.bellunopress.it\/#website"},"primaryImageOfPage":{"@id":"https:\/\/www.bellunopress.it\/2021\/08\/28\/loris-minella-vince-ledizione-della-ripartenza-della-feltre-urban-trail-tra-le-donne-domina-chiara-lamberti-oltre-400-partecipanti\/#primaryimage"},"image":{"@id":"https:\/\/www.bellunopress.it\/2021\/08\/28\/loris-minella-vince-ledizione-della-ripartenza-della-feltre-urban-trail-tra-le-donne-domina-chiara-lamberti-oltre-400-partecipanti\/#primaryimage"},"thumbnailUrl":"https:\/\/www.bellunopress.it\/wp-content\/uploads\/2021\/08\/Feltre-urban-trail_edited.jpg","datePublished":"2021-08-28T20:15:37+00:00","dateModified":"2021-08-28T20:15:39+00:00","breadcrumb":{"@id":"https:\/\/www.bellunopress.it\/2021\/08\/28\/loris-minella-vince-ledizione-della-ripartenza-della-feltre-urban-trail-tra-le-donne-domina-chiara-lamberti-oltre-400-partecipanti\/#breadcrumb"},"inLanguage":"fr-FR","potentialAction":[{"@type":"ReadAction","target":["https:\/\/www.bellunopress.it\/2021\/08\/28\/loris-minella-vince-ledizione-della-ripartenza-della-feltre-urban-trail-tra-le-donne-domina-chiara-lamberti-oltre-400-partecipanti\/"]}]},{"@type":"ImageObject","inLanguage":"fr-FR","@id":"https:\/\/www.bellunopress.it\/2021\/08\/28\/loris-minella-vince-ledizione-della-ripartenza-della-feltre-urban-trail-tra-le-donne-domina-chiara-lamberti-oltre-400-partecipanti\/#primaryimage","url":"https:\/\/www.bellunopress.it\/wp-content\/uploads\/2021\/08\/Feltre-urban-trail_edited.jpg","contentUrl":"https:\/\/www.bellunopress.it\/wp-content\/uploads\/2021\/08\/Feltre-urban-trail_edited.jpg","width":800,"height":504},{"@type":"BreadcrumbList","@id":"https:\/\/www.bellunopress.it\/2021\/08\/28\/loris-minella-vince-ledizione-della-ripartenza-della-feltre-urban-trail-tra-le-donne-domina-chiara-lamberti-oltre-400-partecipanti\/#breadcrumb","itemListElement":[{"@type":"ListItem","position":1,"name":"Home","item":"https:\/\/www.bellunopress.it\/"},{"@type":"ListItem","position":2,"name":"Loris Minella, vince l&#8217;edizione della ripartenza della Feltre Urban Trail. Tra le donne domina Chiara Lamberti. Oltre 400 partecipanti"}]},{"@type":"WebSite","@id":"https:\/\/www.bellunopress.it\/#website","url":"https:\/\/www.bellunopress.it\/","name":"Bellunopress - Dolomiti","description":"e-mail: redazione@bellunopress.it","publisher":{"@id":"https:\/\/www.bellunopress.it\/#organization"},"potentialAction":[{"@type":"SearchAction","target":{"@type":"EntryPoint","urlTemplate":"https:\/\/www.bellunopress.it\/?s={search_term_string}"},"query-input":{"@type":"PropertyValueSpecification","valueRequired":true,"valueName":"search_term_string"}}],"inLanguage":"fr-FR"},{"@type":"Organization","@id":"https:\/\/www.bellunopress.it\/#organization","name":"Bellunopress","url":"https:\/\/www.bellunopress.it\/","logo":{"@type":"ImageObject","inLanguage":"fr-FR","@id":"https:\/\/www.bellunopress.it\/#\/schema\/logo\/image\/","url":"https:\/\/www.bellunopress.it\/wp-content\/uploads\/2011\/05\/cropped-logo-bellunopress-.jpg","contentUrl":"https:\/\/www.bellunopress.it\/wp-content\/uploads\/2011\/05\/cropped-logo-bellunopress-.jpg","width":512,"height":512,"caption":"Bellunopress"},"image":{"@id":"https:\/\/www.bellunopress.it\/#\/schema\/logo\/image\/"},"sameAs":["https:\/\/www.facebook.com\/profile.php?id=100008943462799","https:\/\/x.com\/bellunopress","https:\/\/www.linkedin.com\/hp\/?dnr=JBzUWaJfMUw8vbXJJ2tVW5-I3jZKvC4wsoxE&amp;amp;amp;amp;amp;amp;trk=nav_responsive_tab_home","https:\/\/www.youtube.com\/channel\/UCxL0wu1uN0_3_7hGG0306cw"]},{"@type":"Person","@id":"https:\/\/www.bellunopress.it\/#\/schema\/person\/79bb06722b37ece1c03d3e94beb30d73","name":"r\u00e9daction","image":{"@type":"ImageObject","inLanguage":"fr-FR","@id":"https:\/\/secure.gravatar.com\/avatar\/37d968a2e67a6fd04c169c4bdef102d0bc5d31b2546345219e348575eb80e9a0?s=96&d=mm&r=g","url":"https:\/\/secure.gravatar.com\/avatar\/37d968a2e67a6fd04c169c4bdef102d0bc5d31b2546345219e348575eb80e9a0?s=96&d=mm&r=g","contentUrl":"https:\/\/secure.gravatar.com\/avatar\/37d968a2e67a6fd04c169c4bdef102d0bc5d31b2546345219e348575eb80e9a0?s=96&d=mm&r=g","caption":"redazione"},"sameAs":["http:\/\/www.bellunopress.it","https:\/\/x.com\/bellunopress"],"url":"https:\/\/www.bellunopress.it\/fr\/author\/redazione\/"}]}},"_links":{"self":[{"href":"https:\/\/www.bellunopress.it\/fr\/wp-json\/wp\/v2\/posts\/127350","targetHints":{"allow":["GET"]}}],"collection":[{"href":"https:\/\/www.bellunopress.it\/fr\/wp-json\/wp\/v2\/posts"}],"about":[{"href":"https:\/\/www.bellunopress.it\/fr\/wp-json\/wp\/v2\/types\/post"}],"author":[{"embeddable":true,"href":"https:\/\/www.bellunopress.it\/fr\/wp-json\/wp\/v2\/users\/2"}],"replies":[{"embeddable":true,"href":"https:\/\/www.bellunopress.it\/fr\/wp-json\/wp\/v2\/comments?post=127350"}],"version-history":[{"count":2,"href":"https:\/\/www.bellunopress.it\/fr\/wp-json\/wp\/v2\/posts\/127350\/revisions"}],"predecessor-version":[{"id":127353,"href":"https:\/\/www.bellunopress.it\/fr\/wp-json\/wp\/v2\/posts\/127350\/revisions\/127353"}],"wp:featuredmedia":[{"embeddable":true,"href":"https:\/\/www.bellunopress.it\/fr\/wp-json\/wp\/v2\/media\/127351"}],"wp:attachment":[{"href":"https:\/\/www.bellunopress.it\/fr\/wp-json\/wp\/v2\/media?parent=127350"}],"wp:term":[{"taxonomy":"category","embeddable":true,"href":"https:\/\/www.bellunopress.it\/fr\/wp-json\/wp\/v2\/categories?post=127350"},{"taxonomy":"post_tag","embeddable":true,"href":"https:\/\/www.bellunopress.it\/fr\/wp-json\/wp\/v2\/tags?post=127350"}],"curies":[{"name":"wp","href":"https:\/\/api.w.org\/{rel}","templated":true}]}}