{"id":127346,"date":"2021-08-28T21:55:27","date_gmt":"2021-08-28T19:55:27","guid":{"rendered":"https:\/\/www.bellunopress.it\/?p=127346"},"modified":"2021-08-28T21:55:31","modified_gmt":"2021-08-28T19:55:31","slug":"vigili-del-fuoco-intervenuti-per-due-incidenti-stradali","status":"publish","type":"post","link":"https:\/\/www.bellunopress.it\/fr\/2021\/08\/28\/vigili-del-fuoco-intervenuti-per-due-incidenti-stradali\/","title":{"rendered":"Vigili del fuoco intervenuti per due incidenti stradali"},"content":{"rendered":"<p><a href=\"https:\/\/www.bellunopress.it\/fr\/2021\/08\/28\/vigili-del-fuoco-intervenuti-per-due-incidenti-stradali\/vigili-del-fuoco-incidente_edited\/\" rel=\"attachment wp-att-127347\"><img loading=\"lazy\" decoding=\"async\" class=\"alignleft size-full wp-image-127347\" src=\"https:\/\/www.bellunopress.it\/wp-content\/uploads\/2021\/08\/vigili-del-fuoco-incidente_edited.jpg\" alt=\"\" width=\"800\" height=\"740\" srcset=\"https:\/\/www.bellunopress.it\/wp-content\/uploads\/2021\/08\/vigili-del-fuoco-incidente_edited.jpg 800w, https:\/\/www.bellunopress.it\/wp-content\/uploads\/2021\/08\/vigili-del-fuoco-incidente_edited-500x463.jpg 500w, https:\/\/www.bellunopress.it\/wp-content\/uploads\/2021\/08\/vigili-del-fuoco-incidente_edited-696x644.jpg 696w, https:\/\/www.bellunopress.it\/wp-content\/uploads\/2021\/08\/vigili-del-fuoco-incidente_edited-454x420.jpg 454w\" sizes=\"auto, (max-width: 800px) 100vw, 800px\" \/><\/a>Alle 15:30 i vigili del fuoco sono intervenuti lungo la statale 51 in localit\u00e0 Cadola nel comune di Ponte nelle Alpi per lo scontro tra due auto, di cui una finita fuoristrada: tre feriti. I pompieri arrivati da Belluno con tre automezzi tra cui l\u2019autogr\u00f9, hanno messo in sicurezza i mezzi ed estratto dall\u2019auto finita in un dirupo con due donne rimaste ferite. Tutti i feriti sono stati assistiti dal personale sanitario del SUEM. Le operazioni dei vigili del fuoco sono terminate dopo circa due ore con il recupero dell\u2019auto finita nella scarpata. Sul posto le forze dell\u2019ordine per i rilievi del sinistro.<\/p>\n<p>Un altro incidente stradale poco dopo le 17 ha impegnato i vigili del fuoco, intervenuti in via XX settembre a Pieve di Cadore per un piccolo fuoristrada finito nel dirupo boschivo: illeso l\u2019autista. I pompieri arrivati con due automezzi tra cui l\u2019autogr\u00f9, hanno predisposto il recupero dell\u2019auto la cui corsa \u00e8 stata frenata dagli alberi molti metri sotto il piano stradale. Le operazioni di soccorso dei vigili del fuoco sono terminate alle 20 circa.<\/p>","protected":false},"excerpt":{"rendered":"<p>Alle 15:30 i vigili del fuoco sono intervenuti lungo la statale 51 in localit\u00e0 Cadola nel comune di Ponte nelle Alpi per lo scontro tra due auto, di cui una finita fuoristrada: tre feriti. I pompieri arrivati da Belluno con tre automezzi tra cui l\u2019autogr\u00f9, hanno messo in sicurezza i mezzi ed estratto dall\u2019auto finita [&hellip;]<\/p>\n","protected":false},"author":2,"featured_media":127347,"comment_status":"closed","ping_status":"open","sticky":false,"template":"","format":"standard","meta":{"footnotes":""},"categories":[5],"tags":[],"class_list":["post-127346","post","type-post","status-publish","format-standard","has-post-thumbnail","category-cronaca"],"yoast_head":"<!-- This site is optimized with the Yoast SEO plugin v28.4 - https:\/\/yoast.com\/product\/yoast-seo-wordpress\/ -->\n<title>Vigili del fuoco intervenuti per due incidenti stradali - Bellunopress - Dolomiti<\/title>\n<meta name=\"robots\" content=\"index, follow, max-snippet:-1, max-image-preview:large, max-video-preview:-1\" \/>\n<link rel=\"canonical\" href=\"https:\/\/www.bellunopress.it\/fr\/2021\/08\/28\/vigili-del-fuoco-intervenuti-per-due-incidenti-stradali\/\" \/>\n<meta property=\"og:locale\" content=\"fr_FR\" \/>\n<meta property=\"og:type\" content=\"article\" \/>\n<meta property=\"og:title\" content=\"Vigili del fuoco intervenuti per due incidenti stradali - Bellunopress - Dolomiti\" \/>\n<meta property=\"og:description\" content=\"Alle 15:30 i vigili del fuoco sono intervenuti lungo la statale 51 in localit\u00e0 Cadola nel comune di Ponte nelle Alpi per lo scontro tra due auto, di cui una finita fuoristrada: tre feriti. I pompieri arrivati da Belluno con tre automezzi tra cui l\u2019autogr\u00f9, hanno messo in sicurezza i mezzi ed estratto dall\u2019auto finita [&hellip;]\" \/>\n<meta property=\"og:url\" content=\"https:\/\/www.bellunopress.it\/fr\/2021\/08\/28\/vigili-del-fuoco-intervenuti-per-due-incidenti-stradali\/\" \/>\n<meta property=\"og:site_name\" content=\"Bellunopress - Dolomiti\" \/>\n<meta property=\"article:publisher\" content=\"https:\/\/www.facebook.com\/profile.php?id=100008943462799\" \/>\n<meta property=\"article:published_time\" content=\"2021-08-28T19:55:27+00:00\" \/>\n<meta property=\"article:modified_time\" content=\"2021-08-28T19:55:31+00:00\" \/>\n<meta property=\"og:image\" content=\"https:\/\/www.bellunopress.it\/wp-content\/uploads\/2021\/08\/vigili-del-fuoco-incidente_edited.jpg\" \/>\n\t<meta property=\"og:image:width\" content=\"800\" \/>\n\t<meta property=\"og:image:height\" content=\"740\" \/>\n\t<meta property=\"og:image:type\" content=\"image\/jpeg\" \/>\n<meta name=\"author\" content=\"redazione\" \/>\n<meta name=\"twitter:card\" content=\"summary_large_image\" \/>\n<meta name=\"twitter:creator\" content=\"@bellunopress\" \/>\n<meta name=\"twitter:site\" content=\"@bellunopress\" \/>\n<meta name=\"twitter:label1\" content=\"\u00c9crit par\" \/>\n\t<meta name=\"twitter:data1\" content=\"redazione\" \/>\n\t<meta name=\"twitter:label2\" content=\"Dur\u00e9e de lecture estim\u00e9e\" \/>\n\t<meta name=\"twitter:data2\" content=\"1 minute\" \/>\n<script type=\"application\/ld+json\" class=\"yoast-schema-graph\">{\"@context\":\"https:\\\/\\\/schema.org\",\"@graph\":[{\"@type\":\"Article\",\"@id\":\"https:\\\/\\\/www.bellunopress.it\\\/2021\\\/08\\\/28\\\/vigili-del-fuoco-intervenuti-per-due-incidenti-stradali\\\/#article\",\"isPartOf\":{\"@id\":\"https:\\\/\\\/www.bellunopress.it\\\/2021\\\/08\\\/28\\\/vigili-del-fuoco-intervenuti-per-due-incidenti-stradali\\\/\"},\"author\":{\"name\":\"redazione\",\"@id\":\"https:\\\/\\\/www.bellunopress.it\\\/#\\\/schema\\\/person\\\/79bb06722b37ece1c03d3e94beb30d73\"},\"headline\":\"Vigili del fuoco intervenuti per due incidenti stradali\",\"datePublished\":\"2021-08-28T19:55:27+00:00\",\"dateModified\":\"2021-08-28T19:55:31+00:00\",\"mainEntityOfPage\":{\"@id\":\"https:\\\/\\\/www.bellunopress.it\\\/2021\\\/08\\\/28\\\/vigili-del-fuoco-intervenuti-per-due-incidenti-stradali\\\/\"},\"wordCount\":187,\"publisher\":{\"@id\":\"https:\\\/\\\/www.bellunopress.it\\\/#organization\"},\"image\":{\"@id\":\"https:\\\/\\\/www.bellunopress.it\\\/2021\\\/08\\\/28\\\/vigili-del-fuoco-intervenuti-per-due-incidenti-stradali\\\/#primaryimage\"},\"thumbnailUrl\":\"https:\\\/\\\/www.bellunopress.it\\\/wp-content\\\/uploads\\\/2021\\\/08\\\/vigili-del-fuoco-incidente_edited.jpg\",\"articleSection\":[\"Cronaca\\\/Politica\"],\"inLanguage\":\"fr-FR\"},{\"@type\":\"WebPage\",\"@id\":\"https:\\\/\\\/www.bellunopress.it\\\/2021\\\/08\\\/28\\\/vigili-del-fuoco-intervenuti-per-due-incidenti-stradali\\\/\",\"url\":\"https:\\\/\\\/www.bellunopress.it\\\/2021\\\/08\\\/28\\\/vigili-del-fuoco-intervenuti-per-due-incidenti-stradali\\\/\",\"name\":\"Vigili del fuoco intervenuti per due incidenti stradali - Bellunopress - Dolomiti\",\"isPartOf\":{\"@id\":\"https:\\\/\\\/www.bellunopress.it\\\/#website\"},\"primaryImageOfPage\":{\"@id\":\"https:\\\/\\\/www.bellunopress.it\\\/2021\\\/08\\\/28\\\/vigili-del-fuoco-intervenuti-per-due-incidenti-stradali\\\/#primaryimage\"},\"image\":{\"@id\":\"https:\\\/\\\/www.bellunopress.it\\\/2021\\\/08\\\/28\\\/vigili-del-fuoco-intervenuti-per-due-incidenti-stradali\\\/#primaryimage\"},\"thumbnailUrl\":\"https:\\\/\\\/www.bellunopress.it\\\/wp-content\\\/uploads\\\/2021\\\/08\\\/vigili-del-fuoco-incidente_edited.jpg\",\"datePublished\":\"2021-08-28T19:55:27+00:00\",\"dateModified\":\"2021-08-28T19:55:31+00:00\",\"breadcrumb\":{\"@id\":\"https:\\\/\\\/www.bellunopress.it\\\/2021\\\/08\\\/28\\\/vigili-del-fuoco-intervenuti-per-due-incidenti-stradali\\\/#breadcrumb\"},\"inLanguage\":\"fr-FR\",\"potentialAction\":[{\"@type\":\"ReadAction\",\"target\":[\"https:\\\/\\\/www.bellunopress.it\\\/2021\\\/08\\\/28\\\/vigili-del-fuoco-intervenuti-per-due-incidenti-stradali\\\/\"]}]},{\"@type\":\"ImageObject\",\"inLanguage\":\"fr-FR\",\"@id\":\"https:\\\/\\\/www.bellunopress.it\\\/2021\\\/08\\\/28\\\/vigili-del-fuoco-intervenuti-per-due-incidenti-stradali\\\/#primaryimage\",\"url\":\"https:\\\/\\\/www.bellunopress.it\\\/wp-content\\\/uploads\\\/2021\\\/08\\\/vigili-del-fuoco-incidente_edited.jpg\",\"contentUrl\":\"https:\\\/\\\/www.bellunopress.it\\\/wp-content\\\/uploads\\\/2021\\\/08\\\/vigili-del-fuoco-incidente_edited.jpg\",\"width\":800,\"height\":740},{\"@type\":\"BreadcrumbList\",\"@id\":\"https:\\\/\\\/www.bellunopress.it\\\/2021\\\/08\\\/28\\\/vigili-del-fuoco-intervenuti-per-due-incidenti-stradali\\\/#breadcrumb\",\"itemListElement\":[{\"@type\":\"ListItem\",\"position\":1,\"name\":\"Home\",\"item\":\"https:\\\/\\\/www.bellunopress.it\\\/\"},{\"@type\":\"ListItem\",\"position\":2,\"name\":\"Vigili del fuoco intervenuti per due incidenti stradali\"}]},{\"@type\":\"WebSite\",\"@id\":\"https:\\\/\\\/www.bellunopress.it\\\/#website\",\"url\":\"https:\\\/\\\/www.bellunopress.it\\\/\",\"name\":\"Bellunopress - Dolomiti\",\"description\":\"e-mail: redazione@bellunopress.it\",\"publisher\":{\"@id\":\"https:\\\/\\\/www.bellunopress.it\\\/#organization\"},\"potentialAction\":[{\"@type\":\"SearchAction\",\"target\":{\"@type\":\"EntryPoint\",\"urlTemplate\":\"https:\\\/\\\/www.bellunopress.it\\\/?s={search_term_string}\"},\"query-input\":{\"@type\":\"PropertyValueSpecification\",\"valueRequired\":true,\"valueName\":\"search_term_string\"}}],\"inLanguage\":\"fr-FR\"},{\"@type\":\"Organization\",\"@id\":\"https:\\\/\\\/www.bellunopress.it\\\/#organization\",\"name\":\"Bellunopress\",\"url\":\"https:\\\/\\\/www.bellunopress.it\\\/\",\"logo\":{\"@type\":\"ImageObject\",\"inLanguage\":\"fr-FR\",\"@id\":\"https:\\\/\\\/www.bellunopress.it\\\/#\\\/schema\\\/logo\\\/image\\\/\",\"url\":\"https:\\\/\\\/www.bellunopress.it\\\/wp-content\\\/uploads\\\/2011\\\/05\\\/cropped-logo-bellunopress-.jpg\",\"contentUrl\":\"https:\\\/\\\/www.bellunopress.it\\\/wp-content\\\/uploads\\\/2011\\\/05\\\/cropped-logo-bellunopress-.jpg\",\"width\":512,\"height\":512,\"caption\":\"Bellunopress\"},\"image\":{\"@id\":\"https:\\\/\\\/www.bellunopress.it\\\/#\\\/schema\\\/logo\\\/image\\\/\"},\"sameAs\":[\"https:\\\/\\\/www.facebook.com\\\/profile.php?id=100008943462799\",\"https:\\\/\\\/x.com\\\/bellunopress\",\"https:\\\/\\\/www.linkedin.com\\\/hp\\\/?dnr=JBzUWaJfMUw8vbXJJ2tVW5-I3jZKvC4wsoxE&amp;amp;amp;amp;amp;amp;trk=nav_responsive_tab_home\",\"https:\\\/\\\/www.youtube.com\\\/channel\\\/UCxL0wu1uN0_3_7hGG0306cw\"]},{\"@type\":\"Person\",\"@id\":\"https:\\\/\\\/www.bellunopress.it\\\/#\\\/schema\\\/person\\\/79bb06722b37ece1c03d3e94beb30d73\",\"name\":\"redazione\",\"image\":{\"@type\":\"ImageObject\",\"inLanguage\":\"fr-FR\",\"@id\":\"https:\\\/\\\/secure.gravatar.com\\\/avatar\\\/37d968a2e67a6fd04c169c4bdef102d0bc5d31b2546345219e348575eb80e9a0?s=96&d=mm&r=g\",\"url\":\"https:\\\/\\\/secure.gravatar.com\\\/avatar\\\/37d968a2e67a6fd04c169c4bdef102d0bc5d31b2546345219e348575eb80e9a0?s=96&d=mm&r=g\",\"contentUrl\":\"https:\\\/\\\/secure.gravatar.com\\\/avatar\\\/37d968a2e67a6fd04c169c4bdef102d0bc5d31b2546345219e348575eb80e9a0?s=96&d=mm&r=g\",\"caption\":\"redazione\"},\"sameAs\":[\"http:\\\/\\\/www.bellunopress.it\",\"https:\\\/\\\/x.com\\\/bellunopress\"],\"url\":\"https:\\\/\\\/www.bellunopress.it\\\/fr\\\/author\\\/redazione\\\/\"}]}<\/script>\n<!-- \/ Yoast SEO plugin. -->","yoast_head_json":{"title":"Vigili del fuoco intervenuti per due incidenti stradali - Bellunopress - Dolomiti","robots":{"index":"index","follow":"follow","max-snippet":"max-snippet:-1","max-image-preview":"max-image-preview:large","max-video-preview":"max-video-preview:-1"},"canonical":"https:\/\/www.bellunopress.it\/fr\/2021\/08\/28\/vigili-del-fuoco-intervenuti-per-due-incidenti-stradali\/","og_locale":"fr_FR","og_type":"article","og_title":"Vigili del fuoco intervenuti per due incidenti stradali - Bellunopress - Dolomiti","og_description":"Alle 15:30 i vigili del fuoco sono intervenuti lungo la statale 51 in localit\u00e0 Cadola nel comune di Ponte nelle Alpi per lo scontro tra due auto, di cui una finita fuoristrada: tre feriti. I pompieri arrivati da Belluno con tre automezzi tra cui l\u2019autogr\u00f9, hanno messo in sicurezza i mezzi ed estratto dall\u2019auto finita [&hellip;]","og_url":"https:\/\/www.bellunopress.it\/fr\/2021\/08\/28\/vigili-del-fuoco-intervenuti-per-due-incidenti-stradali\/","og_site_name":"Bellunopress - Dolomiti","article_publisher":"https:\/\/www.facebook.com\/profile.php?id=100008943462799","article_published_time":"2021-08-28T19:55:27+00:00","article_modified_time":"2021-08-28T19:55:31+00:00","og_image":[{"width":800,"height":740,"url":"https:\/\/www.bellunopress.it\/wp-content\/uploads\/2021\/08\/vigili-del-fuoco-incidente_edited.jpg","type":"image\/jpeg"}],"author":"redazione","twitter_card":"summary_large_image","twitter_creator":"@bellunopress","twitter_site":"@bellunopress","twitter_misc":{"\u00c9crit par":"redazione","Dur\u00e9e de lecture estim\u00e9e":"1 minute"},"schema":{"@context":"https:\/\/schema.org","@graph":[{"@type":"Article","@id":"https:\/\/www.bellunopress.it\/2021\/08\/28\/vigili-del-fuoco-intervenuti-per-due-incidenti-stradali\/#article","isPartOf":{"@id":"https:\/\/www.bellunopress.it\/2021\/08\/28\/vigili-del-fuoco-intervenuti-per-due-incidenti-stradali\/"},"author":{"name":"redazione","@id":"https:\/\/www.bellunopress.it\/#\/schema\/person\/79bb06722b37ece1c03d3e94beb30d73"},"headline":"Vigili del fuoco intervenuti per due incidenti stradali","datePublished":"2021-08-28T19:55:27+00:00","dateModified":"2021-08-28T19:55:31+00:00","mainEntityOfPage":{"@id":"https:\/\/www.bellunopress.it\/2021\/08\/28\/vigili-del-fuoco-intervenuti-per-due-incidenti-stradali\/"},"wordCount":187,"publisher":{"@id":"https:\/\/www.bellunopress.it\/#organization"},"image":{"@id":"https:\/\/www.bellunopress.it\/2021\/08\/28\/vigili-del-fuoco-intervenuti-per-due-incidenti-stradali\/#primaryimage"},"thumbnailUrl":"https:\/\/www.bellunopress.it\/wp-content\/uploads\/2021\/08\/vigili-del-fuoco-incidente_edited.jpg","articleSection":["Cronaca\/Politica"],"inLanguage":"fr-FR"},{"@type":"WebPage","@id":"https:\/\/www.bellunopress.it\/2021\/08\/28\/vigili-del-fuoco-intervenuti-per-due-incidenti-stradali\/","url":"https:\/\/www.bellunopress.it\/2021\/08\/28\/vigili-del-fuoco-intervenuti-per-due-incidenti-stradali\/","name":"Vigili del fuoco intervenuti per due incidenti stradali - Bellunopress - Dolomiti","isPartOf":{"@id":"https:\/\/www.bellunopress.it\/#website"},"primaryImageOfPage":{"@id":"https:\/\/www.bellunopress.it\/2021\/08\/28\/vigili-del-fuoco-intervenuti-per-due-incidenti-stradali\/#primaryimage"},"image":{"@id":"https:\/\/www.bellunopress.it\/2021\/08\/28\/vigili-del-fuoco-intervenuti-per-due-incidenti-stradali\/#primaryimage"},"thumbnailUrl":"https:\/\/www.bellunopress.it\/wp-content\/uploads\/2021\/08\/vigili-del-fuoco-incidente_edited.jpg","datePublished":"2021-08-28T19:55:27+00:00","dateModified":"2021-08-28T19:55:31+00:00","breadcrumb":{"@id":"https:\/\/www.bellunopress.it\/2021\/08\/28\/vigili-del-fuoco-intervenuti-per-due-incidenti-stradali\/#breadcrumb"},"inLanguage":"fr-FR","potentialAction":[{"@type":"ReadAction","target":["https:\/\/www.bellunopress.it\/2021\/08\/28\/vigili-del-fuoco-intervenuti-per-due-incidenti-stradali\/"]}]},{"@type":"ImageObject","inLanguage":"fr-FR","@id":"https:\/\/www.bellunopress.it\/2021\/08\/28\/vigili-del-fuoco-intervenuti-per-due-incidenti-stradali\/#primaryimage","url":"https:\/\/www.bellunopress.it\/wp-content\/uploads\/2021\/08\/vigili-del-fuoco-incidente_edited.jpg","contentUrl":"https:\/\/www.bellunopress.it\/wp-content\/uploads\/2021\/08\/vigili-del-fuoco-incidente_edited.jpg","width":800,"height":740},{"@type":"BreadcrumbList","@id":"https:\/\/www.bellunopress.it\/2021\/08\/28\/vigili-del-fuoco-intervenuti-per-due-incidenti-stradali\/#breadcrumb","itemListElement":[{"@type":"ListItem","position":1,"name":"Home","item":"https:\/\/www.bellunopress.it\/"},{"@type":"ListItem","position":2,"name":"Vigili del fuoco intervenuti per due incidenti stradali"}]},{"@type":"WebSite","@id":"https:\/\/www.bellunopress.it\/#website","url":"https:\/\/www.bellunopress.it\/","name":"Bellunopress - Dolomiti","description":"e-mail: redazione@bellunopress.it","publisher":{"@id":"https:\/\/www.bellunopress.it\/#organization"},"potentialAction":[{"@type":"SearchAction","target":{"@type":"EntryPoint","urlTemplate":"https:\/\/www.bellunopress.it\/?s={search_term_string}"},"query-input":{"@type":"PropertyValueSpecification","valueRequired":true,"valueName":"search_term_string"}}],"inLanguage":"fr-FR"},{"@type":"Organization","@id":"https:\/\/www.bellunopress.it\/#organization","name":"Bellunopress","url":"https:\/\/www.bellunopress.it\/","logo":{"@type":"ImageObject","inLanguage":"fr-FR","@id":"https:\/\/www.bellunopress.it\/#\/schema\/logo\/image\/","url":"https:\/\/www.bellunopress.it\/wp-content\/uploads\/2011\/05\/cropped-logo-bellunopress-.jpg","contentUrl":"https:\/\/www.bellunopress.it\/wp-content\/uploads\/2011\/05\/cropped-logo-bellunopress-.jpg","width":512,"height":512,"caption":"Bellunopress"},"image":{"@id":"https:\/\/www.bellunopress.it\/#\/schema\/logo\/image\/"},"sameAs":["https:\/\/www.facebook.com\/profile.php?id=100008943462799","https:\/\/x.com\/bellunopress","https:\/\/www.linkedin.com\/hp\/?dnr=JBzUWaJfMUw8vbXJJ2tVW5-I3jZKvC4wsoxE&amp;amp;amp;amp;amp;amp;trk=nav_responsive_tab_home","https:\/\/www.youtube.com\/channel\/UCxL0wu1uN0_3_7hGG0306cw"]},{"@type":"Person","@id":"https:\/\/www.bellunopress.it\/#\/schema\/person\/79bb06722b37ece1c03d3e94beb30d73","name":"r\u00e9daction","image":{"@type":"ImageObject","inLanguage":"fr-FR","@id":"https:\/\/secure.gravatar.com\/avatar\/37d968a2e67a6fd04c169c4bdef102d0bc5d31b2546345219e348575eb80e9a0?s=96&d=mm&r=g","url":"https:\/\/secure.gravatar.com\/avatar\/37d968a2e67a6fd04c169c4bdef102d0bc5d31b2546345219e348575eb80e9a0?s=96&d=mm&r=g","contentUrl":"https:\/\/secure.gravatar.com\/avatar\/37d968a2e67a6fd04c169c4bdef102d0bc5d31b2546345219e348575eb80e9a0?s=96&d=mm&r=g","caption":"redazione"},"sameAs":["http:\/\/www.bellunopress.it","https:\/\/x.com\/bellunopress"],"url":"https:\/\/www.bellunopress.it\/fr\/author\/redazione\/"}]}},"_links":{"self":[{"href":"https:\/\/www.bellunopress.it\/fr\/wp-json\/wp\/v2\/posts\/127346","targetHints":{"allow":["GET"]}}],"collection":[{"href":"https:\/\/www.bellunopress.it\/fr\/wp-json\/wp\/v2\/posts"}],"about":[{"href":"https:\/\/www.bellunopress.it\/fr\/wp-json\/wp\/v2\/types\/post"}],"author":[{"embeddable":true,"href":"https:\/\/www.bellunopress.it\/fr\/wp-json\/wp\/v2\/users\/2"}],"replies":[{"embeddable":true,"href":"https:\/\/www.bellunopress.it\/fr\/wp-json\/wp\/v2\/comments?post=127346"}],"version-history":[{"count":2,"href":"https:\/\/www.bellunopress.it\/fr\/wp-json\/wp\/v2\/posts\/127346\/revisions"}],"predecessor-version":[{"id":127349,"href":"https:\/\/www.bellunopress.it\/fr\/wp-json\/wp\/v2\/posts\/127346\/revisions\/127349"}],"wp:featuredmedia":[{"embeddable":true,"href":"https:\/\/www.bellunopress.it\/fr\/wp-json\/wp\/v2\/media\/127347"}],"wp:attachment":[{"href":"https:\/\/www.bellunopress.it\/fr\/wp-json\/wp\/v2\/media?parent=127346"}],"wp:term":[{"taxonomy":"category","embeddable":true,"href":"https:\/\/www.bellunopress.it\/fr\/wp-json\/wp\/v2\/categories?post=127346"},{"taxonomy":"post_tag","embeddable":true,"href":"https:\/\/www.bellunopress.it\/fr\/wp-json\/wp\/v2\/tags?post=127346"}],"curies":[{"name":"wp","href":"https:\/\/api.w.org\/{rel}","templated":true}]}}