{"id":127302,"date":"2021-08-29T19:46:41","date_gmt":"2021-08-29T17:46:41","guid":{"rendered":"https:\/\/www.bellunopress.it\/?p=127302"},"modified":"2021-08-27T15:59:56","modified_gmt":"2021-08-27T13:59:56","slug":"cortina-dobbiaco-run-ritornano-i-30-chilometri-immersi-nelle-dolomiti-domenica-5-settembre-si-correra-allombra-delle-tre-cime-di-lavaredo","status":"publish","type":"post","link":"https:\/\/www.bellunopress.it\/fr\/2021\/08\/29\/cortina-dobbiaco-run-ritornano-i-30-chilometri-immersi-nelle-dolomiti-domenica-5-settembre-si-correra-allombra-delle-tre-cime-di-lavaredo\/","title":{"rendered":"Cortina Dobbiaco Run. Ritornano i 30 chilometri immersi nelle Dolomiti. Domenica 5 settembre si correr\u00e0 all&#8217;ombra delle Tre Cime di Lavaredo"},"content":{"rendered":"<p><a href=\"https:\/\/www.bellunopress.it\/fr\/?attachment_id=127304\" rel=\"attachment wp-att-127304\"><img loading=\"lazy\" decoding=\"async\" class=\"alignleft size-full wp-image-127304\" src=\"https:\/\/www.bellunopress.it\/wp-content\/uploads\/2021\/08\/cortina-dobbiaco-run_edited-1.jpg\" alt=\"\" width=\"800\" height=\"533\" srcset=\"https:\/\/www.bellunopress.it\/wp-content\/uploads\/2021\/08\/cortina-dobbiaco-run_edited-1.jpg 800w, https:\/\/www.bellunopress.it\/wp-content\/uploads\/2021\/08\/cortina-dobbiaco-run_edited-1-500x333.jpg 500w, https:\/\/www.bellunopress.it\/wp-content\/uploads\/2021\/08\/cortina-dobbiaco-run_edited-1-696x464.jpg 696w, https:\/\/www.bellunopress.it\/wp-content\/uploads\/2021\/08\/cortina-dobbiaco-run_edited-1-630x420.jpg 630w\" sizes=\"auto, (max-width: 800px) 100vw, 800px\" \/><\/a>Domenica 5 settembre a Cortina d&#8217;Ampezzo partir\u00e0 la ventunesima edizione della Cortina Dobbiaco Run, dopo un anno di pausa, causa Covid, e lo slittamento da giugno e settembre. Tutto \u00e8 pronto per correre lungo i trenta chilometri di straordinaria bellezza della vecchia ferrovia che collegava Cortina d&#8217;Ampezzo con Dobbiaco.<\/p>\n<p>\u00abSono stati momenti difficili &#8211; ha raccontato Gianni Poli, coordinatore della Cortina Dobbiaco Run &#8211; e abbiamo dovuto prendere delle decisioni importanti, ma fondamentale era ripartire, perch\u00e9 rimanere due anni senza la Corsa nelle Dolomiti avrebbe portato a gravi conseguenze\u00bb. \u00abSar\u00e0 un&#8217;edizione &#8220;controllata&#8221; &#8211; ha continuato Poli &#8211; seguiremo tutti i protocolli anti-Covid e chi parteciper\u00e0 alla gara dovr\u00e0 essere in possesso del Green Pass. Rispetteremo tutte le regole per avere un&#8217;edizione del 2022 a pieno regime. I numeri di questa edizione sicuramente sono minori rispetto agli scorsi anni, ma se guardiamo il mondo degli eventi della corsa su strada sono pi\u00f9 che positivi e invertono una tendenza che iniziava a diventare preoccupante. I nostri partecipanti potranno ammirare in ogni caso la bellezza delle Dolomiti, mancher\u00e0 quello spirito di aggregazione e di festa che ha sempre contraddistinto i nostri post gara. La Cortina Dobbiaco Run non \u00e8 solo una competizione, \u00e8 un&#8217;esperienza intensa da vivere tra le nostre montagne senza nessun filtro\u00bb.<\/p>\n<p>Per quanto riguarda le iscrizioni saranno 2500 gli atleti che correranno. Le adesioni inizialmente avevano superato le 3000 richieste, ma il Comitato Organizzatore per salvaguardare la sicurezza di tutti ha spostato 500 iscrizioni al 2022.<\/p>\n<p>Al via ci saranno 20 nazioni, dove l&#8217;Italia la far\u00e0 da padrone, ma una contrazione delle presenze straniere era prevedibile proprio per le difficolt\u00e0 a viaggiare che ci sono state in questi ultimi mesi. Da segnalare che le due citt\u00e0 italiane, Roma e Milano, hanno numeri di partecipazione importanti. Roma avr\u00e0 203 atleti al via mentre Milano ne avr\u00e0 179. In terza posizione come citt\u00e0 pi\u00f9 rappresentata c&#8217;\u00e8 Treviso seguita da Venezia e Bologna.<br \/>\nRispetto alle passate edizioni, il programma del fine settimana dedicato al mondo del running, sempre a causa della pandemia si \u00e8 alleggerito. La Kids&#8217; Run e la Run For non si disputeranno, ma lanciano gi\u00e0 l&#8217;appuntamento al 2022.<\/p>\n<p>L&#8217;evento che alzer\u00e0 il sipario sulla Cortina Dobbiaco Run sar\u00e0 la quinta edizione di &#8220;Cammina Gustando&#8221;, una camminata enogastronomica alla scoperta del territorio, gustando il meglio dei prodotti tipici dell&#8217;Alto Adige. Una passeggiata fino al lago di Dobbiaco dove lo chef stellato Chris Oberhammer, del Ristornate Tilia di Dobbiaco, sorprender\u00e0 i partecipanti, con le sue deliziose ricette.<\/p>\n<p>Sabato pomeriggio alle ore 16 presso il parco del Grand Hotel di Dobbiaco, &#8220;Corri nel Cuore di un&#8217;Emozione&#8221;, con lo scrittore Roberto Di Sante, autore del libro &#8220;Dall&#8217;Inferno a Central Park&#8221;, all&#8217;interno del quale un capitolo \u00e8 dedicato, alla Corsa nelle Dolomiti.<br \/>\nL&#8217; attore Sebastiano Gavasso sulle immagini della gara, interpetrer\u00e0 questo racconto. A seguire la storia di Sergio Cariati, che correr\u00e0 la sua prima Cortina Dobbiaco Run, in memoria della moglie prematuramente scomparsa Emanuela Doddi, grande atleta, vincitrice indiscussa della prima edizione, 23 luglio 2000. A conclusione del pomeriggio ci sar\u00e0 la presentazione dei Top Runner.<\/p>\n<p>Domenica mattina Cortina D&#8217;Ampezzo sar\u00e0 invasa da migliaia di runner per la 21^ edizione della Cortina-Dobbiaco Run. Le partenze ai piedi del Campanile in Corso Italia saranno due; prima partenza ore 8:00 e ore 9:30 la seconda. Lasciato Corso Italia, il lungo serpentone variopinto entrer\u00e0 sul tracciato dell&#8217; ex ferrovia, direzione Cimabanche, con i tradizionali passaggi all&#8217;interno delle vecchie gallerie ferroviarie. Le Tofane e la Croda Rossa si faranno scorgere alla sinistra degli atleti. Raggiunta la quota massima, 1530 metri del Passo, i concorrenti inizieranno a scendere verso Dobbiaco. Poco dopo il Lago di Landro, verr\u00e0 spontaneo girarsi a destra per ammirare le imponenti e stupende, Tre Cime di Lavaredo, simbolo dolomitico indiscusso, conosciuto in tutto il Mondo.<br \/>\nContinuando la discesa si trover\u00e0 un&#8217;altra bellezza alpina, il lago di Dobbiaco a pochi chilometri dal traguardo. L&#8217;arrivo, come vuole la tradizione, sar\u00e0 a Dobbiaco nello splendido Parco del Grand Hotel.<\/p>\n<p>&nbsp;<\/p>","protected":false},"excerpt":{"rendered":"<p>Domenica 5 settembre a Cortina d&#8217;Ampezzo partir\u00e0 la ventunesima edizione della Cortina Dobbiaco Run, dopo un anno di pausa, causa Covid, e lo slittamento da giugno e settembre. Tutto \u00e8 pronto per correre lungo i trenta chilometri di straordinaria bellezza della vecchia ferrovia che collegava Cortina d&#8217;Ampezzo con Dobbiaco. \u00abSono stati momenti difficili &#8211; ha [&hellip;]<\/p>\n","protected":false},"author":2,"featured_media":127305,"comment_status":"closed","ping_status":"open","sticky":false,"template":"","format":"standard","meta":{"footnotes":""},"categories":[25,8,4],"tags":[],"class_list":["post-127302","post","type-post","status-publish","format-standard","has-post-thumbnail","category-pausa-caffe","category-societa-istituzioni","category-sport"],"yoast_head":"<!-- This site is optimized with the Yoast SEO plugin v28.4 - https:\/\/yoast.com\/product\/yoast-seo-wordpress\/ -->\n<title>Cortina Dobbiaco Run. Ritornano i 30 chilometri immersi nelle Dolomiti. Domenica 5 settembre si correr\u00e0 all&#039;ombra delle Tre Cime di Lavaredo - Bellunopress - Dolomiti<\/title>\n<meta name=\"robots\" content=\"index, follow, max-snippet:-1, max-image-preview:large, max-video-preview:-1\" \/>\n<link rel=\"canonical\" href=\"https:\/\/www.bellunopress.it\/fr\/2021\/08\/29\/cortina-dobbiaco-run-ritornano-i-30-chilometri-immersi-nelle-dolomiti-domenica-5-settembre-si-correra-allombra-delle-tre-cime-di-lavaredo\/\" \/>\n<meta property=\"og:locale\" content=\"fr_FR\" \/>\n<meta property=\"og:type\" content=\"article\" \/>\n<meta property=\"og:title\" content=\"Cortina Dobbiaco Run. Ritornano i 30 chilometri immersi nelle Dolomiti. Domenica 5 settembre si correr\u00e0 all&#039;ombra delle Tre Cime di Lavaredo - Bellunopress - Dolomiti\" \/>\n<meta property=\"og:description\" content=\"Domenica 5 settembre a Cortina d&#8217;Ampezzo partir\u00e0 la ventunesima edizione della Cortina Dobbiaco Run, dopo un anno di pausa, causa Covid, e lo slittamento da giugno e settembre. Tutto \u00e8 pronto per correre lungo i trenta chilometri di straordinaria bellezza della vecchia ferrovia che collegava Cortina d&#8217;Ampezzo con Dobbiaco. \u00abSono stati momenti difficili &#8211; ha [&hellip;]\" \/>\n<meta property=\"og:url\" content=\"https:\/\/www.bellunopress.it\/fr\/2021\/08\/29\/cortina-dobbiaco-run-ritornano-i-30-chilometri-immersi-nelle-dolomiti-domenica-5-settembre-si-correra-allombra-delle-tre-cime-di-lavaredo\/\" \/>\n<meta property=\"og:site_name\" content=\"Bellunopress - Dolomiti\" \/>\n<meta property=\"article:publisher\" content=\"https:\/\/www.facebook.com\/profile.php?id=100008943462799\" \/>\n<meta property=\"article:published_time\" content=\"2021-08-29T17:46:41+00:00\" \/>\n<meta property=\"og:image\" content=\"https:\/\/www.bellunopress.it\/wp-content\/uploads\/2021\/08\/cortina-dobbiaco-run-2_edited.jpg\" \/>\n\t<meta property=\"og:image:width\" content=\"800\" \/>\n\t<meta property=\"og:image:height\" content=\"533\" \/>\n\t<meta property=\"og:image:type\" content=\"image\/jpeg\" \/>\n<meta name=\"author\" content=\"redazione\" \/>\n<meta name=\"twitter:card\" content=\"summary_large_image\" \/>\n<meta name=\"twitter:creator\" content=\"@bellunopress\" \/>\n<meta name=\"twitter:site\" content=\"@bellunopress\" \/>\n<meta name=\"twitter:label1\" content=\"\u00c9crit par\" \/>\n\t<meta name=\"twitter:data1\" content=\"redazione\" \/>\n\t<meta name=\"twitter:label2\" content=\"Dur\u00e9e de lecture estim\u00e9e\" \/>\n\t<meta name=\"twitter:data2\" content=\"4 minutes\" \/>\n<script type=\"application\/ld+json\" class=\"yoast-schema-graph\">{\"@context\":\"https:\\\/\\\/schema.org\",\"@graph\":[{\"@type\":\"Article\",\"@id\":\"https:\\\/\\\/www.bellunopress.it\\\/2021\\\/08\\\/29\\\/cortina-dobbiaco-run-ritornano-i-30-chilometri-immersi-nelle-dolomiti-domenica-5-settembre-si-correra-allombra-delle-tre-cime-di-lavaredo\\\/#article\",\"isPartOf\":{\"@id\":\"https:\\\/\\\/www.bellunopress.it\\\/2021\\\/08\\\/29\\\/cortina-dobbiaco-run-ritornano-i-30-chilometri-immersi-nelle-dolomiti-domenica-5-settembre-si-correra-allombra-delle-tre-cime-di-lavaredo\\\/\"},\"author\":{\"name\":\"redazione\",\"@id\":\"https:\\\/\\\/www.bellunopress.it\\\/#\\\/schema\\\/person\\\/79bb06722b37ece1c03d3e94beb30d73\"},\"headline\":\"Cortina Dobbiaco Run. Ritornano i 30 chilometri immersi nelle Dolomiti. Domenica 5 settembre si correr\u00e0 all&#8217;ombra delle Tre Cime di Lavaredo\",\"datePublished\":\"2021-08-29T17:46:41+00:00\",\"mainEntityOfPage\":{\"@id\":\"https:\\\/\\\/www.bellunopress.it\\\/2021\\\/08\\\/29\\\/cortina-dobbiaco-run-ritornano-i-30-chilometri-immersi-nelle-dolomiti-domenica-5-settembre-si-correra-allombra-delle-tre-cime-di-lavaredo\\\/\"},\"wordCount\":676,\"publisher\":{\"@id\":\"https:\\\/\\\/www.bellunopress.it\\\/#organization\"},\"image\":{\"@id\":\"https:\\\/\\\/www.bellunopress.it\\\/2021\\\/08\\\/29\\\/cortina-dobbiaco-run-ritornano-i-30-chilometri-immersi-nelle-dolomiti-domenica-5-settembre-si-correra-allombra-delle-tre-cime-di-lavaredo\\\/#primaryimage\"},\"thumbnailUrl\":\"https:\\\/\\\/www.bellunopress.it\\\/wp-content\\\/uploads\\\/2021\\\/08\\\/cortina-dobbiaco-run-2_edited.jpg\",\"articleSection\":[\"Pausa Caff\u00e8\",\"Societ\u00e0, Associazioni, Istituzioni\",\"Sport, tempo libero\"],\"inLanguage\":\"fr-FR\"},{\"@type\":\"WebPage\",\"@id\":\"https:\\\/\\\/www.bellunopress.it\\\/2021\\\/08\\\/29\\\/cortina-dobbiaco-run-ritornano-i-30-chilometri-immersi-nelle-dolomiti-domenica-5-settembre-si-correra-allombra-delle-tre-cime-di-lavaredo\\\/\",\"url\":\"https:\\\/\\\/www.bellunopress.it\\\/2021\\\/08\\\/29\\\/cortina-dobbiaco-run-ritornano-i-30-chilometri-immersi-nelle-dolomiti-domenica-5-settembre-si-correra-allombra-delle-tre-cime-di-lavaredo\\\/\",\"name\":\"Cortina Dobbiaco Run. Ritornano i 30 chilometri immersi nelle Dolomiti. Domenica 5 settembre si correr\u00e0 all'ombra delle Tre Cime di Lavaredo - Bellunopress - Dolomiti\",\"isPartOf\":{\"@id\":\"https:\\\/\\\/www.bellunopress.it\\\/#website\"},\"primaryImageOfPage\":{\"@id\":\"https:\\\/\\\/www.bellunopress.it\\\/2021\\\/08\\\/29\\\/cortina-dobbiaco-run-ritornano-i-30-chilometri-immersi-nelle-dolomiti-domenica-5-settembre-si-correra-allombra-delle-tre-cime-di-lavaredo\\\/#primaryimage\"},\"image\":{\"@id\":\"https:\\\/\\\/www.bellunopress.it\\\/2021\\\/08\\\/29\\\/cortina-dobbiaco-run-ritornano-i-30-chilometri-immersi-nelle-dolomiti-domenica-5-settembre-si-correra-allombra-delle-tre-cime-di-lavaredo\\\/#primaryimage\"},\"thumbnailUrl\":\"https:\\\/\\\/www.bellunopress.it\\\/wp-content\\\/uploads\\\/2021\\\/08\\\/cortina-dobbiaco-run-2_edited.jpg\",\"datePublished\":\"2021-08-29T17:46:41+00:00\",\"breadcrumb\":{\"@id\":\"https:\\\/\\\/www.bellunopress.it\\\/2021\\\/08\\\/29\\\/cortina-dobbiaco-run-ritornano-i-30-chilometri-immersi-nelle-dolomiti-domenica-5-settembre-si-correra-allombra-delle-tre-cime-di-lavaredo\\\/#breadcrumb\"},\"inLanguage\":\"fr-FR\",\"potentialAction\":[{\"@type\":\"ReadAction\",\"target\":[\"https:\\\/\\\/www.bellunopress.it\\\/2021\\\/08\\\/29\\\/cortina-dobbiaco-run-ritornano-i-30-chilometri-immersi-nelle-dolomiti-domenica-5-settembre-si-correra-allombra-delle-tre-cime-di-lavaredo\\\/\"]}]},{\"@type\":\"ImageObject\",\"inLanguage\":\"fr-FR\",\"@id\":\"https:\\\/\\\/www.bellunopress.it\\\/2021\\\/08\\\/29\\\/cortina-dobbiaco-run-ritornano-i-30-chilometri-immersi-nelle-dolomiti-domenica-5-settembre-si-correra-allombra-delle-tre-cime-di-lavaredo\\\/#primaryimage\",\"url\":\"https:\\\/\\\/www.bellunopress.it\\\/wp-content\\\/uploads\\\/2021\\\/08\\\/cortina-dobbiaco-run-2_edited.jpg\",\"contentUrl\":\"https:\\\/\\\/www.bellunopress.it\\\/wp-content\\\/uploads\\\/2021\\\/08\\\/cortina-dobbiaco-run-2_edited.jpg\",\"width\":800,\"height\":533},{\"@type\":\"BreadcrumbList\",\"@id\":\"https:\\\/\\\/www.bellunopress.it\\\/2021\\\/08\\\/29\\\/cortina-dobbiaco-run-ritornano-i-30-chilometri-immersi-nelle-dolomiti-domenica-5-settembre-si-correra-allombra-delle-tre-cime-di-lavaredo\\\/#breadcrumb\",\"itemListElement\":[{\"@type\":\"ListItem\",\"position\":1,\"name\":\"Home\",\"item\":\"https:\\\/\\\/www.bellunopress.it\\\/\"},{\"@type\":\"ListItem\",\"position\":2,\"name\":\"Cortina Dobbiaco Run. Ritornano i 30 chilometri immersi nelle Dolomiti. Domenica 5 settembre si correr\u00e0 all&#8217;ombra delle Tre Cime di Lavaredo\"}]},{\"@type\":\"WebSite\",\"@id\":\"https:\\\/\\\/www.bellunopress.it\\\/#website\",\"url\":\"https:\\\/\\\/www.bellunopress.it\\\/\",\"name\":\"Bellunopress - Dolomiti\",\"description\":\"e-mail: redazione@bellunopress.it\",\"publisher\":{\"@id\":\"https:\\\/\\\/www.bellunopress.it\\\/#organization\"},\"potentialAction\":[{\"@type\":\"SearchAction\",\"target\":{\"@type\":\"EntryPoint\",\"urlTemplate\":\"https:\\\/\\\/www.bellunopress.it\\\/?s={search_term_string}\"},\"query-input\":{\"@type\":\"PropertyValueSpecification\",\"valueRequired\":true,\"valueName\":\"search_term_string\"}}],\"inLanguage\":\"fr-FR\"},{\"@type\":\"Organization\",\"@id\":\"https:\\\/\\\/www.bellunopress.it\\\/#organization\",\"name\":\"Bellunopress\",\"url\":\"https:\\\/\\\/www.bellunopress.it\\\/\",\"logo\":{\"@type\":\"ImageObject\",\"inLanguage\":\"fr-FR\",\"@id\":\"https:\\\/\\\/www.bellunopress.it\\\/#\\\/schema\\\/logo\\\/image\\\/\",\"url\":\"https:\\\/\\\/www.bellunopress.it\\\/wp-content\\\/uploads\\\/2011\\\/05\\\/cropped-logo-bellunopress-.jpg\",\"contentUrl\":\"https:\\\/\\\/www.bellunopress.it\\\/wp-content\\\/uploads\\\/2011\\\/05\\\/cropped-logo-bellunopress-.jpg\",\"width\":512,\"height\":512,\"caption\":\"Bellunopress\"},\"image\":{\"@id\":\"https:\\\/\\\/www.bellunopress.it\\\/#\\\/schema\\\/logo\\\/image\\\/\"},\"sameAs\":[\"https:\\\/\\\/www.facebook.com\\\/profile.php?id=100008943462799\",\"https:\\\/\\\/x.com\\\/bellunopress\",\"https:\\\/\\\/www.linkedin.com\\\/hp\\\/?dnr=JBzUWaJfMUw8vbXJJ2tVW5-I3jZKvC4wsoxE&amp;amp;amp;amp;amp;amp;trk=nav_responsive_tab_home\",\"https:\\\/\\\/www.youtube.com\\\/channel\\\/UCxL0wu1uN0_3_7hGG0306cw\"]},{\"@type\":\"Person\",\"@id\":\"https:\\\/\\\/www.bellunopress.it\\\/#\\\/schema\\\/person\\\/79bb06722b37ece1c03d3e94beb30d73\",\"name\":\"redazione\",\"image\":{\"@type\":\"ImageObject\",\"inLanguage\":\"fr-FR\",\"@id\":\"https:\\\/\\\/secure.gravatar.com\\\/avatar\\\/37d968a2e67a6fd04c169c4bdef102d0bc5d31b2546345219e348575eb80e9a0?s=96&d=mm&r=g\",\"url\":\"https:\\\/\\\/secure.gravatar.com\\\/avatar\\\/37d968a2e67a6fd04c169c4bdef102d0bc5d31b2546345219e348575eb80e9a0?s=96&d=mm&r=g\",\"contentUrl\":\"https:\\\/\\\/secure.gravatar.com\\\/avatar\\\/37d968a2e67a6fd04c169c4bdef102d0bc5d31b2546345219e348575eb80e9a0?s=96&d=mm&r=g\",\"caption\":\"redazione\"},\"sameAs\":[\"http:\\\/\\\/www.bellunopress.it\",\"https:\\\/\\\/x.com\\\/bellunopress\"],\"url\":\"https:\\\/\\\/www.bellunopress.it\\\/fr\\\/author\\\/redazione\\\/\"}]}<\/script>\n<!-- \/ Yoast SEO plugin. -->","yoast_head_json":{"title":"Cortina Dobbiaco Run. Ritornano i 30 chilometri immersi nelle Dolomiti. Domenica 5 settembre si correr\u00e0 all'ombra delle Tre Cime di Lavaredo - Bellunopress - Dolomiti","robots":{"index":"index","follow":"follow","max-snippet":"max-snippet:-1","max-image-preview":"max-image-preview:large","max-video-preview":"max-video-preview:-1"},"canonical":"https:\/\/www.bellunopress.it\/fr\/2021\/08\/29\/cortina-dobbiaco-run-ritornano-i-30-chilometri-immersi-nelle-dolomiti-domenica-5-settembre-si-correra-allombra-delle-tre-cime-di-lavaredo\/","og_locale":"fr_FR","og_type":"article","og_title":"Cortina Dobbiaco Run. Ritornano i 30 chilometri immersi nelle Dolomiti. Domenica 5 settembre si correr\u00e0 all'ombra delle Tre Cime di Lavaredo - Bellunopress - Dolomiti","og_description":"Domenica 5 settembre a Cortina d&#8217;Ampezzo partir\u00e0 la ventunesima edizione della Cortina Dobbiaco Run, dopo un anno di pausa, causa Covid, e lo slittamento da giugno e settembre. Tutto \u00e8 pronto per correre lungo i trenta chilometri di straordinaria bellezza della vecchia ferrovia che collegava Cortina d&#8217;Ampezzo con Dobbiaco. \u00abSono stati momenti difficili &#8211; ha [&hellip;]","og_url":"https:\/\/www.bellunopress.it\/fr\/2021\/08\/29\/cortina-dobbiaco-run-ritornano-i-30-chilometri-immersi-nelle-dolomiti-domenica-5-settembre-si-correra-allombra-delle-tre-cime-di-lavaredo\/","og_site_name":"Bellunopress - Dolomiti","article_publisher":"https:\/\/www.facebook.com\/profile.php?id=100008943462799","article_published_time":"2021-08-29T17:46:41+00:00","og_image":[{"width":800,"height":533,"url":"https:\/\/www.bellunopress.it\/wp-content\/uploads\/2021\/08\/cortina-dobbiaco-run-2_edited.jpg","type":"image\/jpeg"}],"author":"redazione","twitter_card":"summary_large_image","twitter_creator":"@bellunopress","twitter_site":"@bellunopress","twitter_misc":{"\u00c9crit par":"redazione","Dur\u00e9e de lecture estim\u00e9e":"4 minutes"},"schema":{"@context":"https:\/\/schema.org","@graph":[{"@type":"Article","@id":"https:\/\/www.bellunopress.it\/2021\/08\/29\/cortina-dobbiaco-run-ritornano-i-30-chilometri-immersi-nelle-dolomiti-domenica-5-settembre-si-correra-allombra-delle-tre-cime-di-lavaredo\/#article","isPartOf":{"@id":"https:\/\/www.bellunopress.it\/2021\/08\/29\/cortina-dobbiaco-run-ritornano-i-30-chilometri-immersi-nelle-dolomiti-domenica-5-settembre-si-correra-allombra-delle-tre-cime-di-lavaredo\/"},"author":{"name":"redazione","@id":"https:\/\/www.bellunopress.it\/#\/schema\/person\/79bb06722b37ece1c03d3e94beb30d73"},"headline":"Cortina Dobbiaco Run. Ritornano i 30 chilometri immersi nelle Dolomiti. Domenica 5 settembre si correr\u00e0 all&#8217;ombra delle Tre Cime di Lavaredo","datePublished":"2021-08-29T17:46:41+00:00","mainEntityOfPage":{"@id":"https:\/\/www.bellunopress.it\/2021\/08\/29\/cortina-dobbiaco-run-ritornano-i-30-chilometri-immersi-nelle-dolomiti-domenica-5-settembre-si-correra-allombra-delle-tre-cime-di-lavaredo\/"},"wordCount":676,"publisher":{"@id":"https:\/\/www.bellunopress.it\/#organization"},"image":{"@id":"https:\/\/www.bellunopress.it\/2021\/08\/29\/cortina-dobbiaco-run-ritornano-i-30-chilometri-immersi-nelle-dolomiti-domenica-5-settembre-si-correra-allombra-delle-tre-cime-di-lavaredo\/#primaryimage"},"thumbnailUrl":"https:\/\/www.bellunopress.it\/wp-content\/uploads\/2021\/08\/cortina-dobbiaco-run-2_edited.jpg","articleSection":["Pausa Caff\u00e8","Societ\u00e0, Associazioni, Istituzioni","Sport, tempo libero"],"inLanguage":"fr-FR"},{"@type":"WebPage","@id":"https:\/\/www.bellunopress.it\/2021\/08\/29\/cortina-dobbiaco-run-ritornano-i-30-chilometri-immersi-nelle-dolomiti-domenica-5-settembre-si-correra-allombra-delle-tre-cime-di-lavaredo\/","url":"https:\/\/www.bellunopress.it\/2021\/08\/29\/cortina-dobbiaco-run-ritornano-i-30-chilometri-immersi-nelle-dolomiti-domenica-5-settembre-si-correra-allombra-delle-tre-cime-di-lavaredo\/","name":"Cortina Dobbiaco Run. Ritornano i 30 chilometri immersi nelle Dolomiti. Domenica 5 settembre si correr\u00e0 all'ombra delle Tre Cime di Lavaredo - Bellunopress - Dolomiti","isPartOf":{"@id":"https:\/\/www.bellunopress.it\/#website"},"primaryImageOfPage":{"@id":"https:\/\/www.bellunopress.it\/2021\/08\/29\/cortina-dobbiaco-run-ritornano-i-30-chilometri-immersi-nelle-dolomiti-domenica-5-settembre-si-correra-allombra-delle-tre-cime-di-lavaredo\/#primaryimage"},"image":{"@id":"https:\/\/www.bellunopress.it\/2021\/08\/29\/cortina-dobbiaco-run-ritornano-i-30-chilometri-immersi-nelle-dolomiti-domenica-5-settembre-si-correra-allombra-delle-tre-cime-di-lavaredo\/#primaryimage"},"thumbnailUrl":"https:\/\/www.bellunopress.it\/wp-content\/uploads\/2021\/08\/cortina-dobbiaco-run-2_edited.jpg","datePublished":"2021-08-29T17:46:41+00:00","breadcrumb":{"@id":"https:\/\/www.bellunopress.it\/2021\/08\/29\/cortina-dobbiaco-run-ritornano-i-30-chilometri-immersi-nelle-dolomiti-domenica-5-settembre-si-correra-allombra-delle-tre-cime-di-lavaredo\/#breadcrumb"},"inLanguage":"fr-FR","potentialAction":[{"@type":"ReadAction","target":["https:\/\/www.bellunopress.it\/2021\/08\/29\/cortina-dobbiaco-run-ritornano-i-30-chilometri-immersi-nelle-dolomiti-domenica-5-settembre-si-correra-allombra-delle-tre-cime-di-lavaredo\/"]}]},{"@type":"ImageObject","inLanguage":"fr-FR","@id":"https:\/\/www.bellunopress.it\/2021\/08\/29\/cortina-dobbiaco-run-ritornano-i-30-chilometri-immersi-nelle-dolomiti-domenica-5-settembre-si-correra-allombra-delle-tre-cime-di-lavaredo\/#primaryimage","url":"https:\/\/www.bellunopress.it\/wp-content\/uploads\/2021\/08\/cortina-dobbiaco-run-2_edited.jpg","contentUrl":"https:\/\/www.bellunopress.it\/wp-content\/uploads\/2021\/08\/cortina-dobbiaco-run-2_edited.jpg","width":800,"height":533},{"@type":"BreadcrumbList","@id":"https:\/\/www.bellunopress.it\/2021\/08\/29\/cortina-dobbiaco-run-ritornano-i-30-chilometri-immersi-nelle-dolomiti-domenica-5-settembre-si-correra-allombra-delle-tre-cime-di-lavaredo\/#breadcrumb","itemListElement":[{"@type":"ListItem","position":1,"name":"Home","item":"https:\/\/www.bellunopress.it\/"},{"@type":"ListItem","position":2,"name":"Cortina Dobbiaco Run. Ritornano i 30 chilometri immersi nelle Dolomiti. Domenica 5 settembre si correr\u00e0 all&#8217;ombra delle Tre Cime di Lavaredo"}]},{"@type":"WebSite","@id":"https:\/\/www.bellunopress.it\/#website","url":"https:\/\/www.bellunopress.it\/","name":"Bellunopress - Dolomiti","description":"e-mail: redazione@bellunopress.it","publisher":{"@id":"https:\/\/www.bellunopress.it\/#organization"},"potentialAction":[{"@type":"SearchAction","target":{"@type":"EntryPoint","urlTemplate":"https:\/\/www.bellunopress.it\/?s={search_term_string}"},"query-input":{"@type":"PropertyValueSpecification","valueRequired":true,"valueName":"search_term_string"}}],"inLanguage":"fr-FR"},{"@type":"Organization","@id":"https:\/\/www.bellunopress.it\/#organization","name":"Bellunopress","url":"https:\/\/www.bellunopress.it\/","logo":{"@type":"ImageObject","inLanguage":"fr-FR","@id":"https:\/\/www.bellunopress.it\/#\/schema\/logo\/image\/","url":"https:\/\/www.bellunopress.it\/wp-content\/uploads\/2011\/05\/cropped-logo-bellunopress-.jpg","contentUrl":"https:\/\/www.bellunopress.it\/wp-content\/uploads\/2011\/05\/cropped-logo-bellunopress-.jpg","width":512,"height":512,"caption":"Bellunopress"},"image":{"@id":"https:\/\/www.bellunopress.it\/#\/schema\/logo\/image\/"},"sameAs":["https:\/\/www.facebook.com\/profile.php?id=100008943462799","https:\/\/x.com\/bellunopress","https:\/\/www.linkedin.com\/hp\/?dnr=JBzUWaJfMUw8vbXJJ2tVW5-I3jZKvC4wsoxE&amp;amp;amp;amp;amp;amp;trk=nav_responsive_tab_home","https:\/\/www.youtube.com\/channel\/UCxL0wu1uN0_3_7hGG0306cw"]},{"@type":"Person","@id":"https:\/\/www.bellunopress.it\/#\/schema\/person\/79bb06722b37ece1c03d3e94beb30d73","name":"r\u00e9daction","image":{"@type":"ImageObject","inLanguage":"fr-FR","@id":"https:\/\/secure.gravatar.com\/avatar\/37d968a2e67a6fd04c169c4bdef102d0bc5d31b2546345219e348575eb80e9a0?s=96&d=mm&r=g","url":"https:\/\/secure.gravatar.com\/avatar\/37d968a2e67a6fd04c169c4bdef102d0bc5d31b2546345219e348575eb80e9a0?s=96&d=mm&r=g","contentUrl":"https:\/\/secure.gravatar.com\/avatar\/37d968a2e67a6fd04c169c4bdef102d0bc5d31b2546345219e348575eb80e9a0?s=96&d=mm&r=g","caption":"redazione"},"sameAs":["http:\/\/www.bellunopress.it","https:\/\/x.com\/bellunopress"],"url":"https:\/\/www.bellunopress.it\/fr\/author\/redazione\/"}]}},"_links":{"self":[{"href":"https:\/\/www.bellunopress.it\/fr\/wp-json\/wp\/v2\/posts\/127302","targetHints":{"allow":["GET"]}}],"collection":[{"href":"https:\/\/www.bellunopress.it\/fr\/wp-json\/wp\/v2\/posts"}],"about":[{"href":"https:\/\/www.bellunopress.it\/fr\/wp-json\/wp\/v2\/types\/post"}],"author":[{"embeddable":true,"href":"https:\/\/www.bellunopress.it\/fr\/wp-json\/wp\/v2\/users\/2"}],"replies":[{"embeddable":true,"href":"https:\/\/www.bellunopress.it\/fr\/wp-json\/wp\/v2\/comments?post=127302"}],"version-history":[{"count":1,"href":"https:\/\/www.bellunopress.it\/fr\/wp-json\/wp\/v2\/posts\/127302\/revisions"}],"predecessor-version":[{"id":127306,"href":"https:\/\/www.bellunopress.it\/fr\/wp-json\/wp\/v2\/posts\/127302\/revisions\/127306"}],"wp:featuredmedia":[{"embeddable":true,"href":"https:\/\/www.bellunopress.it\/fr\/wp-json\/wp\/v2\/media\/127305"}],"wp:attachment":[{"href":"https:\/\/www.bellunopress.it\/fr\/wp-json\/wp\/v2\/media?parent=127302"}],"wp:term":[{"taxonomy":"category","embeddable":true,"href":"https:\/\/www.bellunopress.it\/fr\/wp-json\/wp\/v2\/categories?post=127302"},{"taxonomy":"post_tag","embeddable":true,"href":"https:\/\/www.bellunopress.it\/fr\/wp-json\/wp\/v2\/tags?post=127302"}],"curies":[{"name":"wp","href":"https:\/\/api.w.org\/{rel}","templated":true}]}}