{"id":127192,"date":"2021-08-23T22:19:56","date_gmt":"2021-08-23T20:19:56","guid":{"rendered":"https:\/\/www.bellunopress.it\/?p=127192"},"modified":"2021-08-23T22:19:57","modified_gmt":"2021-08-23T20:19:57","slug":"recuperata-coppia-di-alpinisti-sulla-cima-grande-di-lavaredo","status":"publish","type":"post","link":"https:\/\/www.bellunopress.it\/fr\/2021\/08\/23\/recuperata-coppia-di-alpinisti-sulla-cima-grande-di-lavaredo\/","title":{"rendered":"Recuperata coppia di alpinisti sulla Cima Grande di Lavaredo"},"content":{"rendered":"<figure id=\"attachment_127193\" aria-describedby=\"caption-attachment-127193\" style=\"width: 800px\" class=\"wp-caption alignleft\"><a href=\"https:\/\/www.bellunopress.it\/fr\/2021\/08\/23\/recuperata-coppia-di-alpinisti-sulla-cima-grande-di-lavaredo\/cima-granda-lavaredo_edited\/\" rel=\"attachment wp-att-127193\"><img loading=\"lazy\" decoding=\"async\" class=\"size-full wp-image-127193\" src=\"https:\/\/www.bellunopress.it\/wp-content\/uploads\/2021\/08\/cima-granda-lavaredo_edited.jpg\" alt=\"\" width=\"800\" height=\"600\" srcset=\"https:\/\/www.bellunopress.it\/wp-content\/uploads\/2021\/08\/cima-granda-lavaredo_edited.jpg 800w, https:\/\/www.bellunopress.it\/wp-content\/uploads\/2021\/08\/cima-granda-lavaredo_edited-500x375.jpg 500w, https:\/\/www.bellunopress.it\/wp-content\/uploads\/2021\/08\/cima-granda-lavaredo_edited-696x522.jpg 696w, https:\/\/www.bellunopress.it\/wp-content\/uploads\/2021\/08\/cima-granda-lavaredo_edited-560x420.jpg 560w, https:\/\/www.bellunopress.it\/wp-content\/uploads\/2021\/08\/cima-granda-lavaredo_edited-80x60.jpg 80w, https:\/\/www.bellunopress.it\/wp-content\/uploads\/2021\/08\/cima-granda-lavaredo_edited-265x198.jpg 265w\" sizes=\"auto, (max-width: 800px) 100vw, 800px\" \/><\/a><figcaption id=\"caption-attachment-127193\" class=\"wp-caption-text\">Cima Grande di Lavaredo<\/figcaption><\/figure>\n<p>Auronzo di Cadore (BL), 23 &#8211; 08 &#8211; 21\u00a0 \u00a0Attorno alle 19 la Centrale del Suem \u00e8 stata allertata per due alpinisti austriaci, lui 30 anni, lei 28, in difficolt\u00e0 in discesa con le doppie lungo la via normale della Grande delle Tre Cime di Lavaredo. La coppia, che era uscita fuori dal tracciato a circa 2.600 metri di quota, \u00e8 stata individuata grazie alle coordinate dall&#8217;elicottero del Suem di Pieve di Cadore e recuperata dal tecnico di elisoccorso con il verricello.<br \/>\nVerso le 20 una squadra del Soccorso alpino della Val Fiorentina ha invece raggiunto in fuoristrada il Rifugio Citt\u00e0 di Fiume, a Borca di Cadore, per un escursionista colto da malore. L&#8217;uomo \u00e8 stato trasportato al rendez vous con l&#8217;ambulanza, che lo ha accompagnato in ospedale per gli accertamenti del caso.<\/p>","protected":false},"excerpt":{"rendered":"<p>Auronzo di Cadore (BL), 23 &#8211; 08 &#8211; 21\u00a0 \u00a0Attorno alle 19 la Centrale del Suem \u00e8 stata allertata per due alpinisti austriaci, lui 30 anni, lei 28, in difficolt\u00e0 in discesa con le doppie lungo la via normale della Grande delle Tre Cime di Lavaredo. La coppia, che era uscita fuori dal tracciato a [&hellip;]<\/p>\n","protected":false},"author":2,"featured_media":118123,"comment_status":"closed","ping_status":"open","sticky":false,"template":"","format":"standard","meta":{"footnotes":""},"categories":[5],"tags":[],"class_list":["post-127192","post","type-post","status-publish","format-standard","has-post-thumbnail","category-cronaca"],"yoast_head":"<!-- This site is optimized with the Yoast SEO plugin v28.4 - https:\/\/yoast.com\/product\/yoast-seo-wordpress\/ -->\n<title>Recuperata coppia di alpinisti sulla Cima Grande di Lavaredo - Bellunopress - Dolomiti<\/title>\n<meta name=\"robots\" content=\"index, follow, max-snippet:-1, max-image-preview:large, max-video-preview:-1\" \/>\n<link rel=\"canonical\" href=\"https:\/\/www.bellunopress.it\/fr\/2021\/08\/23\/recuperata-coppia-di-alpinisti-sulla-cima-grande-di-lavaredo\/\" \/>\n<meta property=\"og:locale\" content=\"fr_FR\" \/>\n<meta property=\"og:type\" content=\"article\" \/>\n<meta property=\"og:title\" content=\"Recuperata coppia di alpinisti sulla Cima Grande di Lavaredo - Bellunopress - Dolomiti\" \/>\n<meta property=\"og:description\" content=\"Auronzo di Cadore (BL), 23 &#8211; 08 &#8211; 21\u00a0 \u00a0Attorno alle 19 la Centrale del Suem \u00e8 stata allertata per due alpinisti austriaci, lui 30 anni, lei 28, in difficolt\u00e0 in discesa con le doppie lungo la via normale della Grande delle Tre Cime di Lavaredo. La coppia, che era uscita fuori dal tracciato a [&hellip;]\" \/>\n<meta property=\"og:url\" content=\"https:\/\/www.bellunopress.it\/fr\/2021\/08\/23\/recuperata-coppia-di-alpinisti-sulla-cima-grande-di-lavaredo\/\" \/>\n<meta property=\"og:site_name\" content=\"Bellunopress - Dolomiti\" \/>\n<meta property=\"article:publisher\" content=\"https:\/\/www.facebook.com\/profile.php?id=100008943462799\" \/>\n<meta property=\"article:published_time\" content=\"2021-08-23T20:19:56+00:00\" \/>\n<meta property=\"article:modified_time\" content=\"2021-08-23T20:19:57+00:00\" \/>\n<meta property=\"og:image\" content=\"https:\/\/www.bellunopress.it\/wp-content\/uploads\/2020\/10\/3_Cime_di_Lavaredo_Fondazione_Fantastiche_Dolomiti_edited.jpg\" \/>\n\t<meta property=\"og:image:width\" content=\"800\" \/>\n\t<meta property=\"og:image:height\" content=\"531\" \/>\n\t<meta property=\"og:image:type\" content=\"image\/jpeg\" \/>\n<meta name=\"author\" content=\"redazione\" \/>\n<meta name=\"twitter:card\" content=\"summary_large_image\" \/>\n<meta name=\"twitter:creator\" content=\"@bellunopress\" \/>\n<meta name=\"twitter:site\" content=\"@bellunopress\" \/>\n<meta name=\"twitter:label1\" content=\"\u00c9crit par\" \/>\n\t<meta name=\"twitter:data1\" content=\"redazione\" \/>\n\t<meta name=\"twitter:label2\" content=\"Dur\u00e9e de lecture estim\u00e9e\" \/>\n\t<meta name=\"twitter:data2\" content=\"1 minute\" \/>\n<script type=\"application\/ld+json\" class=\"yoast-schema-graph\">{\"@context\":\"https:\\\/\\\/schema.org\",\"@graph\":[{\"@type\":\"Article\",\"@id\":\"https:\\\/\\\/www.bellunopress.it\\\/2021\\\/08\\\/23\\\/recuperata-coppia-di-alpinisti-sulla-cima-grande-di-lavaredo\\\/#article\",\"isPartOf\":{\"@id\":\"https:\\\/\\\/www.bellunopress.it\\\/2021\\\/08\\\/23\\\/recuperata-coppia-di-alpinisti-sulla-cima-grande-di-lavaredo\\\/\"},\"author\":{\"name\":\"redazione\",\"@id\":\"https:\\\/\\\/www.bellunopress.it\\\/#\\\/schema\\\/person\\\/79bb06722b37ece1c03d3e94beb30d73\"},\"headline\":\"Recuperata coppia di alpinisti sulla Cima Grande di Lavaredo\",\"datePublished\":\"2021-08-23T20:19:56+00:00\",\"dateModified\":\"2021-08-23T20:19:57+00:00\",\"mainEntityOfPage\":{\"@id\":\"https:\\\/\\\/www.bellunopress.it\\\/2021\\\/08\\\/23\\\/recuperata-coppia-di-alpinisti-sulla-cima-grande-di-lavaredo\\\/\"},\"wordCount\":145,\"publisher\":{\"@id\":\"https:\\\/\\\/www.bellunopress.it\\\/#organization\"},\"image\":{\"@id\":\"https:\\\/\\\/www.bellunopress.it\\\/2021\\\/08\\\/23\\\/recuperata-coppia-di-alpinisti-sulla-cima-grande-di-lavaredo\\\/#primaryimage\"},\"thumbnailUrl\":\"https:\\\/\\\/www.bellunopress.it\\\/wp-content\\\/uploads\\\/2020\\\/10\\\/3_Cime_di_Lavaredo_Fondazione_Fantastiche_Dolomiti_edited.jpg\",\"articleSection\":[\"Cronaca\\\/Politica\"],\"inLanguage\":\"fr-FR\"},{\"@type\":\"WebPage\",\"@id\":\"https:\\\/\\\/www.bellunopress.it\\\/2021\\\/08\\\/23\\\/recuperata-coppia-di-alpinisti-sulla-cima-grande-di-lavaredo\\\/\",\"url\":\"https:\\\/\\\/www.bellunopress.it\\\/2021\\\/08\\\/23\\\/recuperata-coppia-di-alpinisti-sulla-cima-grande-di-lavaredo\\\/\",\"name\":\"Recuperata coppia di alpinisti sulla Cima Grande di Lavaredo - Bellunopress - Dolomiti\",\"isPartOf\":{\"@id\":\"https:\\\/\\\/www.bellunopress.it\\\/#website\"},\"primaryImageOfPage\":{\"@id\":\"https:\\\/\\\/www.bellunopress.it\\\/2021\\\/08\\\/23\\\/recuperata-coppia-di-alpinisti-sulla-cima-grande-di-lavaredo\\\/#primaryimage\"},\"image\":{\"@id\":\"https:\\\/\\\/www.bellunopress.it\\\/2021\\\/08\\\/23\\\/recuperata-coppia-di-alpinisti-sulla-cima-grande-di-lavaredo\\\/#primaryimage\"},\"thumbnailUrl\":\"https:\\\/\\\/www.bellunopress.it\\\/wp-content\\\/uploads\\\/2020\\\/10\\\/3_Cime_di_Lavaredo_Fondazione_Fantastiche_Dolomiti_edited.jpg\",\"datePublished\":\"2021-08-23T20:19:56+00:00\",\"dateModified\":\"2021-08-23T20:19:57+00:00\",\"breadcrumb\":{\"@id\":\"https:\\\/\\\/www.bellunopress.it\\\/2021\\\/08\\\/23\\\/recuperata-coppia-di-alpinisti-sulla-cima-grande-di-lavaredo\\\/#breadcrumb\"},\"inLanguage\":\"fr-FR\",\"potentialAction\":[{\"@type\":\"ReadAction\",\"target\":[\"https:\\\/\\\/www.bellunopress.it\\\/2021\\\/08\\\/23\\\/recuperata-coppia-di-alpinisti-sulla-cima-grande-di-lavaredo\\\/\"]}]},{\"@type\":\"ImageObject\",\"inLanguage\":\"fr-FR\",\"@id\":\"https:\\\/\\\/www.bellunopress.it\\\/2021\\\/08\\\/23\\\/recuperata-coppia-di-alpinisti-sulla-cima-grande-di-lavaredo\\\/#primaryimage\",\"url\":\"https:\\\/\\\/www.bellunopress.it\\\/wp-content\\\/uploads\\\/2020\\\/10\\\/3_Cime_di_Lavaredo_Fondazione_Fantastiche_Dolomiti_edited.jpg\",\"contentUrl\":\"https:\\\/\\\/www.bellunopress.it\\\/wp-content\\\/uploads\\\/2020\\\/10\\\/3_Cime_di_Lavaredo_Fondazione_Fantastiche_Dolomiti_edited.jpg\",\"width\":800,\"height\":531,\"caption\":\"Tramonto sulle Tre Cime di Lavaredo\"},{\"@type\":\"BreadcrumbList\",\"@id\":\"https:\\\/\\\/www.bellunopress.it\\\/2021\\\/08\\\/23\\\/recuperata-coppia-di-alpinisti-sulla-cima-grande-di-lavaredo\\\/#breadcrumb\",\"itemListElement\":[{\"@type\":\"ListItem\",\"position\":1,\"name\":\"Home\",\"item\":\"https:\\\/\\\/www.bellunopress.it\\\/\"},{\"@type\":\"ListItem\",\"position\":2,\"name\":\"Recuperata coppia di alpinisti sulla Cima Grande di Lavaredo\"}]},{\"@type\":\"WebSite\",\"@id\":\"https:\\\/\\\/www.bellunopress.it\\\/#website\",\"url\":\"https:\\\/\\\/www.bellunopress.it\\\/\",\"name\":\"Bellunopress - Dolomiti\",\"description\":\"e-mail: redazione@bellunopress.it\",\"publisher\":{\"@id\":\"https:\\\/\\\/www.bellunopress.it\\\/#organization\"},\"potentialAction\":[{\"@type\":\"SearchAction\",\"target\":{\"@type\":\"EntryPoint\",\"urlTemplate\":\"https:\\\/\\\/www.bellunopress.it\\\/?s={search_term_string}\"},\"query-input\":{\"@type\":\"PropertyValueSpecification\",\"valueRequired\":true,\"valueName\":\"search_term_string\"}}],\"inLanguage\":\"fr-FR\"},{\"@type\":\"Organization\",\"@id\":\"https:\\\/\\\/www.bellunopress.it\\\/#organization\",\"name\":\"Bellunopress\",\"url\":\"https:\\\/\\\/www.bellunopress.it\\\/\",\"logo\":{\"@type\":\"ImageObject\",\"inLanguage\":\"fr-FR\",\"@id\":\"https:\\\/\\\/www.bellunopress.it\\\/#\\\/schema\\\/logo\\\/image\\\/\",\"url\":\"https:\\\/\\\/www.bellunopress.it\\\/wp-content\\\/uploads\\\/2011\\\/05\\\/cropped-logo-bellunopress-.jpg\",\"contentUrl\":\"https:\\\/\\\/www.bellunopress.it\\\/wp-content\\\/uploads\\\/2011\\\/05\\\/cropped-logo-bellunopress-.jpg\",\"width\":512,\"height\":512,\"caption\":\"Bellunopress\"},\"image\":{\"@id\":\"https:\\\/\\\/www.bellunopress.it\\\/#\\\/schema\\\/logo\\\/image\\\/\"},\"sameAs\":[\"https:\\\/\\\/www.facebook.com\\\/profile.php?id=100008943462799\",\"https:\\\/\\\/x.com\\\/bellunopress\",\"https:\\\/\\\/www.linkedin.com\\\/hp\\\/?dnr=JBzUWaJfMUw8vbXJJ2tVW5-I3jZKvC4wsoxE&amp;amp;amp;amp;amp;amp;trk=nav_responsive_tab_home\",\"https:\\\/\\\/www.youtube.com\\\/channel\\\/UCxL0wu1uN0_3_7hGG0306cw\"]},{\"@type\":\"Person\",\"@id\":\"https:\\\/\\\/www.bellunopress.it\\\/#\\\/schema\\\/person\\\/79bb06722b37ece1c03d3e94beb30d73\",\"name\":\"redazione\",\"image\":{\"@type\":\"ImageObject\",\"inLanguage\":\"fr-FR\",\"@id\":\"https:\\\/\\\/secure.gravatar.com\\\/avatar\\\/37d968a2e67a6fd04c169c4bdef102d0bc5d31b2546345219e348575eb80e9a0?s=96&d=mm&r=g\",\"url\":\"https:\\\/\\\/secure.gravatar.com\\\/avatar\\\/37d968a2e67a6fd04c169c4bdef102d0bc5d31b2546345219e348575eb80e9a0?s=96&d=mm&r=g\",\"contentUrl\":\"https:\\\/\\\/secure.gravatar.com\\\/avatar\\\/37d968a2e67a6fd04c169c4bdef102d0bc5d31b2546345219e348575eb80e9a0?s=96&d=mm&r=g\",\"caption\":\"redazione\"},\"sameAs\":[\"http:\\\/\\\/www.bellunopress.it\",\"https:\\\/\\\/x.com\\\/bellunopress\"],\"url\":\"https:\\\/\\\/www.bellunopress.it\\\/fr\\\/author\\\/redazione\\\/\"}]}<\/script>\n<!-- \/ Yoast SEO plugin. -->","yoast_head_json":{"title":"Recuperata coppia di alpinisti sulla Cima Grande di Lavaredo - Bellunopress - Dolomiti","robots":{"index":"index","follow":"follow","max-snippet":"max-snippet:-1","max-image-preview":"max-image-preview:large","max-video-preview":"max-video-preview:-1"},"canonical":"https:\/\/www.bellunopress.it\/fr\/2021\/08\/23\/recuperata-coppia-di-alpinisti-sulla-cima-grande-di-lavaredo\/","og_locale":"fr_FR","og_type":"article","og_title":"Recuperata coppia di alpinisti sulla Cima Grande di Lavaredo - Bellunopress - Dolomiti","og_description":"Auronzo di Cadore (BL), 23 &#8211; 08 &#8211; 21\u00a0 \u00a0Attorno alle 19 la Centrale del Suem \u00e8 stata allertata per due alpinisti austriaci, lui 30 anni, lei 28, in difficolt\u00e0 in discesa con le doppie lungo la via normale della Grande delle Tre Cime di Lavaredo. La coppia, che era uscita fuori dal tracciato a [&hellip;]","og_url":"https:\/\/www.bellunopress.it\/fr\/2021\/08\/23\/recuperata-coppia-di-alpinisti-sulla-cima-grande-di-lavaredo\/","og_site_name":"Bellunopress - Dolomiti","article_publisher":"https:\/\/www.facebook.com\/profile.php?id=100008943462799","article_published_time":"2021-08-23T20:19:56+00:00","article_modified_time":"2021-08-23T20:19:57+00:00","og_image":[{"width":800,"height":531,"url":"https:\/\/www.bellunopress.it\/wp-content\/uploads\/2020\/10\/3_Cime_di_Lavaredo_Fondazione_Fantastiche_Dolomiti_edited.jpg","type":"image\/jpeg"}],"author":"redazione","twitter_card":"summary_large_image","twitter_creator":"@bellunopress","twitter_site":"@bellunopress","twitter_misc":{"\u00c9crit par":"redazione","Dur\u00e9e de lecture estim\u00e9e":"1 minute"},"schema":{"@context":"https:\/\/schema.org","@graph":[{"@type":"Article","@id":"https:\/\/www.bellunopress.it\/2021\/08\/23\/recuperata-coppia-di-alpinisti-sulla-cima-grande-di-lavaredo\/#article","isPartOf":{"@id":"https:\/\/www.bellunopress.it\/2021\/08\/23\/recuperata-coppia-di-alpinisti-sulla-cima-grande-di-lavaredo\/"},"author":{"name":"redazione","@id":"https:\/\/www.bellunopress.it\/#\/schema\/person\/79bb06722b37ece1c03d3e94beb30d73"},"headline":"Recuperata coppia di alpinisti sulla Cima Grande di Lavaredo","datePublished":"2021-08-23T20:19:56+00:00","dateModified":"2021-08-23T20:19:57+00:00","mainEntityOfPage":{"@id":"https:\/\/www.bellunopress.it\/2021\/08\/23\/recuperata-coppia-di-alpinisti-sulla-cima-grande-di-lavaredo\/"},"wordCount":145,"publisher":{"@id":"https:\/\/www.bellunopress.it\/#organization"},"image":{"@id":"https:\/\/www.bellunopress.it\/2021\/08\/23\/recuperata-coppia-di-alpinisti-sulla-cima-grande-di-lavaredo\/#primaryimage"},"thumbnailUrl":"https:\/\/www.bellunopress.it\/wp-content\/uploads\/2020\/10\/3_Cime_di_Lavaredo_Fondazione_Fantastiche_Dolomiti_edited.jpg","articleSection":["Cronaca\/Politica"],"inLanguage":"fr-FR"},{"@type":"WebPage","@id":"https:\/\/www.bellunopress.it\/2021\/08\/23\/recuperata-coppia-di-alpinisti-sulla-cima-grande-di-lavaredo\/","url":"https:\/\/www.bellunopress.it\/2021\/08\/23\/recuperata-coppia-di-alpinisti-sulla-cima-grande-di-lavaredo\/","name":"Recuperata coppia di alpinisti sulla Cima Grande di Lavaredo - Bellunopress - Dolomiti","isPartOf":{"@id":"https:\/\/www.bellunopress.it\/#website"},"primaryImageOfPage":{"@id":"https:\/\/www.bellunopress.it\/2021\/08\/23\/recuperata-coppia-di-alpinisti-sulla-cima-grande-di-lavaredo\/#primaryimage"},"image":{"@id":"https:\/\/www.bellunopress.it\/2021\/08\/23\/recuperata-coppia-di-alpinisti-sulla-cima-grande-di-lavaredo\/#primaryimage"},"thumbnailUrl":"https:\/\/www.bellunopress.it\/wp-content\/uploads\/2020\/10\/3_Cime_di_Lavaredo_Fondazione_Fantastiche_Dolomiti_edited.jpg","datePublished":"2021-08-23T20:19:56+00:00","dateModified":"2021-08-23T20:19:57+00:00","breadcrumb":{"@id":"https:\/\/www.bellunopress.it\/2021\/08\/23\/recuperata-coppia-di-alpinisti-sulla-cima-grande-di-lavaredo\/#breadcrumb"},"inLanguage":"fr-FR","potentialAction":[{"@type":"ReadAction","target":["https:\/\/www.bellunopress.it\/2021\/08\/23\/recuperata-coppia-di-alpinisti-sulla-cima-grande-di-lavaredo\/"]}]},{"@type":"ImageObject","inLanguage":"fr-FR","@id":"https:\/\/www.bellunopress.it\/2021\/08\/23\/recuperata-coppia-di-alpinisti-sulla-cima-grande-di-lavaredo\/#primaryimage","url":"https:\/\/www.bellunopress.it\/wp-content\/uploads\/2020\/10\/3_Cime_di_Lavaredo_Fondazione_Fantastiche_Dolomiti_edited.jpg","contentUrl":"https:\/\/www.bellunopress.it\/wp-content\/uploads\/2020\/10\/3_Cime_di_Lavaredo_Fondazione_Fantastiche_Dolomiti_edited.jpg","width":800,"height":531,"caption":"Tramonto sulle Tre Cime di Lavaredo"},{"@type":"BreadcrumbList","@id":"https:\/\/www.bellunopress.it\/2021\/08\/23\/recuperata-coppia-di-alpinisti-sulla-cima-grande-di-lavaredo\/#breadcrumb","itemListElement":[{"@type":"ListItem","position":1,"name":"Home","item":"https:\/\/www.bellunopress.it\/"},{"@type":"ListItem","position":2,"name":"Recuperata coppia di alpinisti sulla Cima Grande di Lavaredo"}]},{"@type":"WebSite","@id":"https:\/\/www.bellunopress.it\/#website","url":"https:\/\/www.bellunopress.it\/","name":"Bellunopress - Dolomiti","description":"e-mail: redazione@bellunopress.it","publisher":{"@id":"https:\/\/www.bellunopress.it\/#organization"},"potentialAction":[{"@type":"SearchAction","target":{"@type":"EntryPoint","urlTemplate":"https:\/\/www.bellunopress.it\/?s={search_term_string}"},"query-input":{"@type":"PropertyValueSpecification","valueRequired":true,"valueName":"search_term_string"}}],"inLanguage":"fr-FR"},{"@type":"Organization","@id":"https:\/\/www.bellunopress.it\/#organization","name":"Bellunopress","url":"https:\/\/www.bellunopress.it\/","logo":{"@type":"ImageObject","inLanguage":"fr-FR","@id":"https:\/\/www.bellunopress.it\/#\/schema\/logo\/image\/","url":"https:\/\/www.bellunopress.it\/wp-content\/uploads\/2011\/05\/cropped-logo-bellunopress-.jpg","contentUrl":"https:\/\/www.bellunopress.it\/wp-content\/uploads\/2011\/05\/cropped-logo-bellunopress-.jpg","width":512,"height":512,"caption":"Bellunopress"},"image":{"@id":"https:\/\/www.bellunopress.it\/#\/schema\/logo\/image\/"},"sameAs":["https:\/\/www.facebook.com\/profile.php?id=100008943462799","https:\/\/x.com\/bellunopress","https:\/\/www.linkedin.com\/hp\/?dnr=JBzUWaJfMUw8vbXJJ2tVW5-I3jZKvC4wsoxE&amp;amp;amp;amp;amp;amp;trk=nav_responsive_tab_home","https:\/\/www.youtube.com\/channel\/UCxL0wu1uN0_3_7hGG0306cw"]},{"@type":"Person","@id":"https:\/\/www.bellunopress.it\/#\/schema\/person\/79bb06722b37ece1c03d3e94beb30d73","name":"r\u00e9daction","image":{"@type":"ImageObject","inLanguage":"fr-FR","@id":"https:\/\/secure.gravatar.com\/avatar\/37d968a2e67a6fd04c169c4bdef102d0bc5d31b2546345219e348575eb80e9a0?s=96&d=mm&r=g","url":"https:\/\/secure.gravatar.com\/avatar\/37d968a2e67a6fd04c169c4bdef102d0bc5d31b2546345219e348575eb80e9a0?s=96&d=mm&r=g","contentUrl":"https:\/\/secure.gravatar.com\/avatar\/37d968a2e67a6fd04c169c4bdef102d0bc5d31b2546345219e348575eb80e9a0?s=96&d=mm&r=g","caption":"redazione"},"sameAs":["http:\/\/www.bellunopress.it","https:\/\/x.com\/bellunopress"],"url":"https:\/\/www.bellunopress.it\/fr\/author\/redazione\/"}]}},"_links":{"self":[{"href":"https:\/\/www.bellunopress.it\/fr\/wp-json\/wp\/v2\/posts\/127192","targetHints":{"allow":["GET"]}}],"collection":[{"href":"https:\/\/www.bellunopress.it\/fr\/wp-json\/wp\/v2\/posts"}],"about":[{"href":"https:\/\/www.bellunopress.it\/fr\/wp-json\/wp\/v2\/types\/post"}],"author":[{"embeddable":true,"href":"https:\/\/www.bellunopress.it\/fr\/wp-json\/wp\/v2\/users\/2"}],"replies":[{"embeddable":true,"href":"https:\/\/www.bellunopress.it\/fr\/wp-json\/wp\/v2\/comments?post=127192"}],"version-history":[{"count":2,"href":"https:\/\/www.bellunopress.it\/fr\/wp-json\/wp\/v2\/posts\/127192\/revisions"}],"predecessor-version":[{"id":127195,"href":"https:\/\/www.bellunopress.it\/fr\/wp-json\/wp\/v2\/posts\/127192\/revisions\/127195"}],"wp:featuredmedia":[{"embeddable":true,"href":"https:\/\/www.bellunopress.it\/fr\/wp-json\/wp\/v2\/media\/118123"}],"wp:attachment":[{"href":"https:\/\/www.bellunopress.it\/fr\/wp-json\/wp\/v2\/media?parent=127192"}],"wp:term":[{"taxonomy":"category","embeddable":true,"href":"https:\/\/www.bellunopress.it\/fr\/wp-json\/wp\/v2\/categories?post=127192"},{"taxonomy":"post_tag","embeddable":true,"href":"https:\/\/www.bellunopress.it\/fr\/wp-json\/wp\/v2\/tags?post=127192"}],"curies":[{"name":"wp","href":"https:\/\/api.w.org\/{rel}","templated":true}]}}