{"id":127190,"date":"2021-08-23T21:45:01","date_gmt":"2021-08-23T19:45:01","guid":{"rendered":"https:\/\/www.bellunopress.it\/?p=127190"},"modified":"2021-08-23T21:45:01","modified_gmt":"2021-08-23T19:45:01","slug":"189-anni-fa-la-nascita-di-carlo-di-rudio-cadetto-austriaco-bombarolo-evaso-dalla-cajenna-e-ufficiale-del-7mo-reggimento-cavalleria-del-generale-custer","status":"publish","type":"post","link":"https:\/\/www.bellunopress.it\/fr\/2021\/08\/23\/189-anni-fa-la-nascita-di-carlo-di-rudio-cadetto-austriaco-bombarolo-evaso-dalla-cajenna-e-ufficiale-del-7mo-reggimento-cavalleria-del-generale-custer\/","title":{"rendered":"189 anni fa la nascita di Carlo di Rudio, cadetto austriaco, bombarolo, evaso dalla Cajenna, e ufficiale del 7mo Reggimento cavalleria del generale Custer"},"content":{"rendered":"<figure id=\"attachment_115274\" aria-describedby=\"caption-attachment-115274\" style=\"width: 595px\" class=\"wp-caption alignleft\"><a href=\"https:\/\/www.bellunopress.it\/fr\/2020\/06\/25\/little-bighorn-25-giugno-1876-la-storia-del-conte-bellunese-carlo-di-rudio-che-144-anni-fa-combatte-con-custer-di-pietro-bonenti\/villa-rudio_edited\/\" rel=\"attachment wp-att-115274\"><img loading=\"lazy\" decoding=\"async\" class=\"size-full wp-image-115274\" src=\"https:\/\/www.bellunopress.it\/wp-content\/uploads\/2020\/06\/villa-Rudio_edited.jpg\" alt=\"\" width=\"595\" height=\"519\" srcset=\"https:\/\/www.bellunopress.it\/wp-content\/uploads\/2020\/06\/villa-Rudio_edited.jpg 595w, https:\/\/www.bellunopress.it\/wp-content\/uploads\/2020\/06\/villa-Rudio_edited-500x436.jpg 500w, https:\/\/www.bellunopress.it\/wp-content\/uploads\/2020\/06\/villa-Rudio_edited-482x420.jpg 482w\" sizes=\"auto, (max-width: 595px) 100vw, 595px\" \/><\/a><figcaption id=\"caption-attachment-115274\" class=\"wp-caption-text\">Villa Rudio a Cusighe (Belluno)<\/figcaption><\/figure>\n<p>189 anni fa, il 26 agosto 1832 nasce a Belluno Carlo Camillo di Rudio (o Rudio) dal conte Ercole Placido di Rudio e dalla nobildonna Elisabetta De Domini. Le sue avventure sono raccontate da Cesare Marino nel libro dal titolo \u201cDal Piave a Little Bighorn\u201d.<\/p>\n<p>Settantaquattro anni prima di Angelo Sbardellotto, il giovane anarchico di Villa di Villa (Mel) fucilato nel 1932 per aver progettato di uccidere Mussolini, Carlo di Rudio fece parlare pi\u00f9 volte di s\u00e9. Il suo nome, infatti, era tra quelli che presero parte al fallito attentato contro l\u2019imperatore Napoleone III nel 1858 a Parigi. Ma a differenza dell\u2019anarchico di Mel, di Rudio riuscir\u00e0 sempre a cavarsela, in un crescendo straordinario di eventi degni del migliore film d\u2019azione. Evita la ghigliottina, sopravvive ad una letale epidemia di febbre gialla quand\u2019era rinchiuso nelle carceri francesi della Cajenna, da dove riesce anche ad evadere. Si arruola nell\u2019esercito americano e riuscir\u00e0 a salvare la pelle nella celebre battaglia di Little Bighorn, dove i Sioux ed i Cheyenne massacrarono il 7mo Reggimento cavalleggeri del generale Custer. Il 1\u00b0 novembre del 1910 muore nel suo letto a Pesadena (Los Angeles \u2013 California), all\u2019et\u00e0 di 78 anni.<\/p>\n<figure id=\"attachment_115273\" aria-describedby=\"caption-attachment-115273\" style=\"width: 736px\" class=\"wp-caption alignleft\"><a href=\"https:\/\/www.bellunopress.it\/fr\/2020\/06\/25\/little-bighorn-25-giugno-1876-la-storia-del-conte-bellunese-carlo-di-rudio-che-144-anni-fa-combatte-con-custer-di-pietro-bonenti\/carlo-di-rudio_edited\/\" rel=\"attachment wp-att-115273\"><img loading=\"lazy\" decoding=\"async\" class=\"size-full wp-image-115273\" src=\"https:\/\/www.bellunopress.it\/wp-content\/uploads\/2020\/06\/Carlo-di-Rudio_edited.jpg\" alt=\"\" width=\"736\" height=\"800\" srcset=\"https:\/\/www.bellunopress.it\/wp-content\/uploads\/2020\/06\/Carlo-di-Rudio_edited.jpg 736w, https:\/\/www.bellunopress.it\/wp-content\/uploads\/2020\/06\/Carlo-di-Rudio_edited-460x500.jpg 460w, https:\/\/www.bellunopress.it\/wp-content\/uploads\/2020\/06\/Carlo-di-Rudio_edited-696x757.jpg 696w, https:\/\/www.bellunopress.it\/wp-content\/uploads\/2020\/06\/Carlo-di-Rudio_edited-386x420.jpg 386w\" sizes=\"auto, (max-width: 736px) 100vw, 736px\" \/><\/a><figcaption id=\"caption-attachment-115273\" class=\"wp-caption-text\">Carlo di Rudio<\/figcaption><\/figure>\n<p>Di lui, si \u00e8 occupata varie volte la stampa internazionale dell\u2019epoca. Il quotidiano italo americano \u201cL\u2019eco d\u2019Italia\u201d, ad esempio, in un editoriale del 1881 scrive sarcasticamente: \u201cse il conte Carlo Camillo di Rudio fosse stato uno yankee d\u2019origine anglosassone anzich\u00e9 italiana, avrebbe certamente ottenuto i galloni da generale\u201d! Il nobile bellunese, infatti, arruolatosi nel leggendario Settimo Cavalleggeri del generale Custer, era gi\u00e0 in pensione da 8 anni a Los Angeles con l\u2019amata moglie Eliza Booth, quando riceve la promozione al grado di maggiore. Carlo di Rudio, secondogenito di una famiglia nobile bellunese, nasce il 26 agosto 1832 a Belluno e trascorre l\u2019infanzia ed i mesi estivi della giovinezza nella villa di famiglia a Sala di Cusighe, nell\u2019immediata periferia di Belluno. E\u2019 qui che ascolta i primi sermoni velati di patriottismo di don Sebastiano Barozzi, prete del paese. A 13 anni di Rudio \u00e8 ammesso all\u2019Imperial-regio collegio militare di San Luca a Milano, con il fratello maggiore Achille grazie allo zio materno, colonnello dell\u2019Esercito austriaco. Il giovane Carlo \u00e8 testimone pi\u00f9 volte di episodi di violenza dei soldati austriaci sulla popolazione civile. Durante le Cinque giornate di Milano (18- 22 marzo 1848) vede uccidere a sangue freddo una giovane donna incinta dai soldati croati del feldmaresciallo Radetzky. La stessa cosa succede a Castelnuovo, dove una giovane ragazza viene uccisa senza ragione da un soldato austro-ungarico. di Rudio questa volta reagisce ed ammazza il soldato. Si schiera, insomma, con l\u2019Italia oppressa. Rifiuta di raffermarsi nell\u2019esercito di Radetzky e passa nella Legione dei cacciatori delle Alpi, comandata da Pier Fortunato Calvi anche quest\u2019ultimo ufficiale fuoriuscito dall\u2019Esercito austriaco. Nell\u2019aprile del 1849 combatte insieme a Garibaldi nella vittoriosa battaglia di Roma, contro il generale Oudinot. Poi a Velletri \u00e8 inquadrato nella Compagnia dei ragazzi che sorprende sul fianco i Borbonici costringendoli alla ritirata. Seguono gli anni delle cospirazioni, con gli arresti, le fughe e l\u2019esilio dell\u2019inafferrabile \u201cMoretto\u201d come era stato soprannominato per la sua carnagione e i capelli neri. A Parigi, nel corso del processo a carico di Felice Orsini ed Antonio Gomez, protagonisti del fallito attentato a Napoleone III del 14 gennaio 1858, viene riconosciuto come uno dei complici e rischia la ghigliottina. Pena commutata in carcere a vita, grazie all\u2019abilit\u00e0 del suo avvocato. Rinchiuso nelle carceri della Cajenna, la colonia penale francese in Sudamerica, sopravvive miracolosamente ad una terribile epidemia di febbre gialla, che uccide il 90% degli uomini (si salvano solo in 60 su 600, tra condannati e carcerieri). Non basta. Evade dalla Cajenna in modo rocambolesco e raggiunge Londra, dove incontra Giuseppe Mazzini che, desideroso di levarselo dai piedi, lo consiglia di lasciare l\u2019Europa. Cos\u00ec, nel gennaio del 1864 Rudio riparte per New York, con in tasca un attestato di stima firmato da Mazzini. Il 25 agosto del 1864, alla vigilia del suo 32mo compleanno, indossa la divisa di soldato semplice yankee dell\u2019esercito degli Stati Uniti d\u2019America. Rimarr\u00e0 in servizio per i successivi 32 anni, fino all\u2019agosto del 1896, quando si congeder\u00e0 con il grado di capitano. Grazie alla famosa lettera d\u2019accredito di Mazzini, Rudio ottiene la nomina a sottotenente del II Reggimento volontari di colore, che accetta di buon grado, essendo di dichiarata fede antischiavista. Nel luglio del 1869 viene assegnato al VII Reggimento Cavalleria di cui era vice comandante il 28enne tenente colonnello George Armstrong Custer. Che per\u00f2 si fregiava dell\u2019appellativo di generale, grado onorifico che si era conquistato sul campo durante la Guerra di secessione. Tra i due non c\u2019\u00e8 alcuna simpatia. Il conte Rudio \u00e8 un ufficiale amato dai suoi uomini e che non passa certamente inosservato nel 7mo Reggimento cavalleggeri. Dichiaratamente ateo ed anticlericale, \u00e8 favorevole all\u2019emancipazione dei neri. Al punto che nel 1875 rischia di provocare un incidente diplomatico con la colonia francese: fa arrestare il vecchio generale De Clouet, colpevole di non aver permesso ai suoi servitori neri di votare. Rudio incanta ufficiali e soldati con i suoi racconti rocamboleschi di fughe ed attentati. Inoltre \u00e8 incurante dei rilievi mossi da Custer che non sopporta che egli continui a portare una sciabola da cavalleria fuori ordinanza con l\u2019elsa dorata, donatagli dai suoi soldati. Era davvero troppo per il vanitoso generale dai capelli biondi, con tanto d\u2019ineccepibile pedigree di West Point. Uno che si portava sempre al seguito i giornalisti del New York Herald, del Bismark Tribune e degli altri quotidiani democratici dell\u2019Est, per non perdere occasione di apparire. Ma per le inspiegabili congiunture del destino di cui \u00e8 piena la storia, sar\u00e0 proprio questa insanabile idiosincrasia tra i due che salver\u00e0 per l\u2019ennesima volta la vita a Rudio nel corso della famosa battaglia di Little Bighorn. Infatti, al comando dello squadrone E, che viene sterminato dagli indiani Sioux e Cheyenne, quella domenica del 25 giugno 1876, avrebbe dovuto esserci il tenente Rudio. Ma Custer, per impedirgli di assumere il comando di quel reparto, che aveva il posto di capitano vacante ed avrebbe cos\u00ec favorito la carriera di Rudio, lo fa trasferire allo squadrone A, salvandogli involontariamente la vita. Carlo Rudio, divenuto nel frattempo Charles de Rudio all\u2019anagrafe Usa, muore a Los Angeles il I\u00b0 novembre 1910. Prima di spirare, per\u00f2, a distanza di 50 anni dall\u2019attentato a Napoleone III, si leva l\u2019ultimo sassolino dalla scarpa facendo il nome di Francesco Crispi, indicato come il responsabile del lancio della terza bomba contro l\u2019imperatore. Una rivelazione che, ovviamente, lo porta per l\u2019ultima volta su tutte le prime pagine dei quotidiani.<\/p>\n<p>Roberto De Nart<\/p>\n<p>Ne abbiamo parlato anche qui:<\/p>\n<p><a href=\"https:\/\/www.bellunopress.it\/fr\/2020\/12\/28\/le-ultime-rivelazioni-del-conte-bellunese-de-rudio-al-corriere-della-sera\/\">https:\/\/www.bellunopress.it\/2020\/12\/28\/le-ultime-rivelazioni-del-conte-bellunese-de-rudio-al-corriere-della-sera\/<\/a><\/p>\n<p>qui:<br \/>\n<a href=\"https:\/\/www.bellunopress.it\/fr\/2020\/12\/27\/attentato-a-napoleone-iii-la-sorella-di-carlo-de-rudio-sostiene-che-il-fratello-partecipo-alla-spedizione-dei-mille-ma-viene-smentita\/\">https:\/\/www.bellunopress.it\/2020\/12\/27\/attentato-a-napoleone-iii-la-sorella-di-carlo-de-rudio-sostiene-che-il-fratello-partecipo-alla-spedizione-dei-mille-ma-viene-smentita\/<\/a><\/p>\n<p>e qui:<br \/>\n<a href=\"https:\/\/www.bellunopress.it\/fr\/2020\/12\/24\/lattentato-di-orsini-a-napoleone-iii-e-la-testimonianza-del-conte-bellunese-carlo-di-rudio\/\">https:\/\/www.bellunopress.it\/2020\/12\/24\/lattentato-di-orsini-a-napoleone-iii-e-la-testimonianza-del-conte-bellunese-carlo-di-rudio\/<\/a><\/p>\n<p>&nbsp;<\/p>","protected":false},"excerpt":{"rendered":"<p>189 anni fa, il 26 agosto 1832 nasce a Belluno Carlo Camillo di Rudio (o Rudio) dal conte Ercole Placido di Rudio e dalla nobildonna Elisabetta De Domini. Le sue avventure sono raccontate da Cesare Marino nel libro dal titolo \u201cDal Piave a Little Bighorn\u201d. Settantaquattro anni prima di Angelo Sbardellotto, il giovane anarchico di [&hellip;]<\/p>\n","protected":false},"author":2,"featured_media":115273,"comment_status":"closed","ping_status":"open","sticky":false,"template":"","format":"standard","meta":{"footnotes":""},"categories":[3,3446,49,26],"tags":[],"class_list":["post-127190","post","type-post","status-publish","format-standard","has-post-thumbnail","category-arte-cultura-spettacoli-scienza-archivi","category-featured","category-speciali","category-prima-pagina"],"yoast_head":"<!-- This site is optimized with the Yoast SEO plugin v28.4 - https:\/\/yoast.com\/product\/yoast-seo-wordpress\/ -->\n<title>189 anni fa la nascita di Carlo di Rudio, cadetto austriaco, bombarolo, evaso dalla Cajenna, e ufficiale del 7mo Reggimento cavalleria del generale Custer - Bellunopress - Dolomiti<\/title>\n<meta name=\"robots\" content=\"index, follow, max-snippet:-1, max-image-preview:large, max-video-preview:-1\" \/>\n<link rel=\"canonical\" href=\"https:\/\/www.bellunopress.it\/fr\/2021\/08\/23\/189-anni-fa-la-nascita-di-carlo-di-rudio-cadetto-austriaco-bombarolo-evaso-dalla-cajenna-e-ufficiale-del-7mo-reggimento-cavalleria-del-generale-custer\/\" \/>\n<meta property=\"og:locale\" content=\"fr_FR\" \/>\n<meta property=\"og:type\" content=\"article\" \/>\n<meta property=\"og:title\" content=\"189 anni fa la nascita di Carlo di Rudio, cadetto austriaco, bombarolo, evaso dalla Cajenna, e ufficiale del 7mo Reggimento cavalleria del generale Custer - Bellunopress - Dolomiti\" \/>\n<meta property=\"og:description\" content=\"189 anni fa, il 26 agosto 1832 nasce a Belluno Carlo Camillo di Rudio (o Rudio) dal conte Ercole Placido di Rudio e dalla nobildonna Elisabetta De Domini. Le sue avventure sono raccontate da Cesare Marino nel libro dal titolo \u201cDal Piave a Little Bighorn\u201d. Settantaquattro anni prima di Angelo Sbardellotto, il giovane anarchico di [&hellip;]\" \/>\n<meta property=\"og:url\" content=\"https:\/\/www.bellunopress.it\/fr\/2021\/08\/23\/189-anni-fa-la-nascita-di-carlo-di-rudio-cadetto-austriaco-bombarolo-evaso-dalla-cajenna-e-ufficiale-del-7mo-reggimento-cavalleria-del-generale-custer\/\" \/>\n<meta property=\"og:site_name\" content=\"Bellunopress - Dolomiti\" \/>\n<meta property=\"article:publisher\" content=\"https:\/\/www.facebook.com\/profile.php?id=100008943462799\" \/>\n<meta property=\"article:published_time\" content=\"2021-08-23T19:45:01+00:00\" \/>\n<meta property=\"og:image\" content=\"https:\/\/www.bellunopress.it\/wp-content\/uploads\/2020\/06\/Carlo-di-Rudio_edited.jpg\" \/>\n\t<meta property=\"og:image:width\" content=\"736\" \/>\n\t<meta property=\"og:image:height\" content=\"800\" \/>\n\t<meta property=\"og:image:type\" content=\"image\/jpeg\" \/>\n<meta name=\"author\" content=\"redazione\" \/>\n<meta name=\"twitter:card\" content=\"summary_large_image\" \/>\n<meta name=\"twitter:creator\" content=\"@bellunopress\" \/>\n<meta name=\"twitter:site\" content=\"@bellunopress\" \/>\n<meta name=\"twitter:label1\" content=\"Written by\" \/>\n\t<meta name=\"twitter:data1\" content=\"redazione\" \/>\n\t<meta name=\"twitter:label2\" content=\"Est. reading time\" \/>\n\t<meta name=\"twitter:data2\" content=\"6 minutes\" \/>\n<script type=\"application\/ld+json\" class=\"yoast-schema-graph\">{\"@context\":\"https:\\\/\\\/schema.org\",\"@graph\":[{\"@type\":\"Article\",\"@id\":\"https:\\\/\\\/www.bellunopress.it\\\/2021\\\/08\\\/23\\\/189-anni-fa-la-nascita-di-carlo-di-rudio-cadetto-austriaco-bombarolo-evaso-dalla-cajenna-e-ufficiale-del-7mo-reggimento-cavalleria-del-generale-custer\\\/#article\",\"isPartOf\":{\"@id\":\"https:\\\/\\\/www.bellunopress.it\\\/2021\\\/08\\\/23\\\/189-anni-fa-la-nascita-di-carlo-di-rudio-cadetto-austriaco-bombarolo-evaso-dalla-cajenna-e-ufficiale-del-7mo-reggimento-cavalleria-del-generale-custer\\\/\"},\"author\":{\"name\":\"redazione\",\"@id\":\"https:\\\/\\\/www.bellunopress.it\\\/#\\\/schema\\\/person\\\/79bb06722b37ece1c03d3e94beb30d73\"},\"headline\":\"189 anni fa la nascita di Carlo di Rudio, cadetto austriaco, bombarolo, evaso dalla Cajenna, e ufficiale del 7mo Reggimento cavalleria del generale Custer\",\"datePublished\":\"2021-08-23T19:45:01+00:00\",\"mainEntityOfPage\":{\"@id\":\"https:\\\/\\\/www.bellunopress.it\\\/2021\\\/08\\\/23\\\/189-anni-fa-la-nascita-di-carlo-di-rudio-cadetto-austriaco-bombarolo-evaso-dalla-cajenna-e-ufficiale-del-7mo-reggimento-cavalleria-del-generale-custer\\\/\"},\"wordCount\":1158,\"publisher\":{\"@id\":\"https:\\\/\\\/www.bellunopress.it\\\/#organization\"},\"image\":{\"@id\":\"https:\\\/\\\/www.bellunopress.it\\\/2021\\\/08\\\/23\\\/189-anni-fa-la-nascita-di-carlo-di-rudio-cadetto-austriaco-bombarolo-evaso-dalla-cajenna-e-ufficiale-del-7mo-reggimento-cavalleria-del-generale-custer\\\/#primaryimage\"},\"thumbnailUrl\":\"https:\\\/\\\/www.bellunopress.it\\\/wp-content\\\/uploads\\\/2020\\\/06\\\/Carlo-di-Rudio_edited.jpg\",\"articleSection\":[\"Arte, Cultura, Spettacoli, Scienza\",\"Featured\",\"Gli speciali di Bellunopress\",\"Prima Pagina\"],\"inLanguage\":\"fr-FR\"},{\"@type\":\"WebPage\",\"@id\":\"https:\\\/\\\/www.bellunopress.it\\\/2021\\\/08\\\/23\\\/189-anni-fa-la-nascita-di-carlo-di-rudio-cadetto-austriaco-bombarolo-evaso-dalla-cajenna-e-ufficiale-del-7mo-reggimento-cavalleria-del-generale-custer\\\/\",\"url\":\"https:\\\/\\\/www.bellunopress.it\\\/2021\\\/08\\\/23\\\/189-anni-fa-la-nascita-di-carlo-di-rudio-cadetto-austriaco-bombarolo-evaso-dalla-cajenna-e-ufficiale-del-7mo-reggimento-cavalleria-del-generale-custer\\\/\",\"name\":\"189 anni fa la nascita di Carlo di Rudio, cadetto austriaco, bombarolo, evaso dalla Cajenna, e ufficiale del 7mo Reggimento cavalleria del generale Custer - Bellunopress - Dolomiti\",\"isPartOf\":{\"@id\":\"https:\\\/\\\/www.bellunopress.it\\\/#website\"},\"primaryImageOfPage\":{\"@id\":\"https:\\\/\\\/www.bellunopress.it\\\/2021\\\/08\\\/23\\\/189-anni-fa-la-nascita-di-carlo-di-rudio-cadetto-austriaco-bombarolo-evaso-dalla-cajenna-e-ufficiale-del-7mo-reggimento-cavalleria-del-generale-custer\\\/#primaryimage\"},\"image\":{\"@id\":\"https:\\\/\\\/www.bellunopress.it\\\/2021\\\/08\\\/23\\\/189-anni-fa-la-nascita-di-carlo-di-rudio-cadetto-austriaco-bombarolo-evaso-dalla-cajenna-e-ufficiale-del-7mo-reggimento-cavalleria-del-generale-custer\\\/#primaryimage\"},\"thumbnailUrl\":\"https:\\\/\\\/www.bellunopress.it\\\/wp-content\\\/uploads\\\/2020\\\/06\\\/Carlo-di-Rudio_edited.jpg\",\"datePublished\":\"2021-08-23T19:45:01+00:00\",\"breadcrumb\":{\"@id\":\"https:\\\/\\\/www.bellunopress.it\\\/2021\\\/08\\\/23\\\/189-anni-fa-la-nascita-di-carlo-di-rudio-cadetto-austriaco-bombarolo-evaso-dalla-cajenna-e-ufficiale-del-7mo-reggimento-cavalleria-del-generale-custer\\\/#breadcrumb\"},\"inLanguage\":\"fr-FR\",\"potentialAction\":[{\"@type\":\"ReadAction\",\"target\":[\"https:\\\/\\\/www.bellunopress.it\\\/2021\\\/08\\\/23\\\/189-anni-fa-la-nascita-di-carlo-di-rudio-cadetto-austriaco-bombarolo-evaso-dalla-cajenna-e-ufficiale-del-7mo-reggimento-cavalleria-del-generale-custer\\\/\"]}]},{\"@type\":\"ImageObject\",\"inLanguage\":\"fr-FR\",\"@id\":\"https:\\\/\\\/www.bellunopress.it\\\/2021\\\/08\\\/23\\\/189-anni-fa-la-nascita-di-carlo-di-rudio-cadetto-austriaco-bombarolo-evaso-dalla-cajenna-e-ufficiale-del-7mo-reggimento-cavalleria-del-generale-custer\\\/#primaryimage\",\"url\":\"https:\\\/\\\/www.bellunopress.it\\\/wp-content\\\/uploads\\\/2020\\\/06\\\/Carlo-di-Rudio_edited.jpg\",\"contentUrl\":\"https:\\\/\\\/www.bellunopress.it\\\/wp-content\\\/uploads\\\/2020\\\/06\\\/Carlo-di-Rudio_edited.jpg\",\"width\":736,\"height\":800,\"caption\":\"Carlo di Rudio\"},{\"@type\":\"BreadcrumbList\",\"@id\":\"https:\\\/\\\/www.bellunopress.it\\\/2021\\\/08\\\/23\\\/189-anni-fa-la-nascita-di-carlo-di-rudio-cadetto-austriaco-bombarolo-evaso-dalla-cajenna-e-ufficiale-del-7mo-reggimento-cavalleria-del-generale-custer\\\/#breadcrumb\",\"itemListElement\":[{\"@type\":\"ListItem\",\"position\":1,\"name\":\"Home\",\"item\":\"https:\\\/\\\/www.bellunopress.it\\\/\"},{\"@type\":\"ListItem\",\"position\":2,\"name\":\"189 anni fa la nascita di Carlo di Rudio, cadetto austriaco, bombarolo, evaso dalla Cajenna, e ufficiale del 7mo Reggimento cavalleria del generale Custer\"}]},{\"@type\":\"WebSite\",\"@id\":\"https:\\\/\\\/www.bellunopress.it\\\/#website\",\"url\":\"https:\\\/\\\/www.bellunopress.it\\\/\",\"name\":\"Bellunopress - Dolomiti\",\"description\":\"e-mail: redazione@bellunopress.it\",\"publisher\":{\"@id\":\"https:\\\/\\\/www.bellunopress.it\\\/#organization\"},\"potentialAction\":[{\"@type\":\"SearchAction\",\"target\":{\"@type\":\"EntryPoint\",\"urlTemplate\":\"https:\\\/\\\/www.bellunopress.it\\\/?s={search_term_string}\"},\"query-input\":{\"@type\":\"PropertyValueSpecification\",\"valueRequired\":true,\"valueName\":\"search_term_string\"}}],\"inLanguage\":\"fr-FR\"},{\"@type\":\"Organization\",\"@id\":\"https:\\\/\\\/www.bellunopress.it\\\/#organization\",\"name\":\"Bellunopress\",\"url\":\"https:\\\/\\\/www.bellunopress.it\\\/\",\"logo\":{\"@type\":\"ImageObject\",\"inLanguage\":\"fr-FR\",\"@id\":\"https:\\\/\\\/www.bellunopress.it\\\/#\\\/schema\\\/logo\\\/image\\\/\",\"url\":\"https:\\\/\\\/www.bellunopress.it\\\/wp-content\\\/uploads\\\/2011\\\/05\\\/cropped-logo-bellunopress-.jpg\",\"contentUrl\":\"https:\\\/\\\/www.bellunopress.it\\\/wp-content\\\/uploads\\\/2011\\\/05\\\/cropped-logo-bellunopress-.jpg\",\"width\":512,\"height\":512,\"caption\":\"Bellunopress\"},\"image\":{\"@id\":\"https:\\\/\\\/www.bellunopress.it\\\/#\\\/schema\\\/logo\\\/image\\\/\"},\"sameAs\":[\"https:\\\/\\\/www.facebook.com\\\/profile.php?id=100008943462799\",\"https:\\\/\\\/x.com\\\/bellunopress\",\"https:\\\/\\\/www.linkedin.com\\\/hp\\\/?dnr=JBzUWaJfMUw8vbXJJ2tVW5-I3jZKvC4wsoxE&amp;amp;amp;amp;amp;amp;trk=nav_responsive_tab_home\",\"https:\\\/\\\/www.youtube.com\\\/channel\\\/UCxL0wu1uN0_3_7hGG0306cw\"]},{\"@type\":\"Person\",\"@id\":\"https:\\\/\\\/www.bellunopress.it\\\/#\\\/schema\\\/person\\\/79bb06722b37ece1c03d3e94beb30d73\",\"name\":\"redazione\",\"image\":{\"@type\":\"ImageObject\",\"inLanguage\":\"fr-FR\",\"@id\":\"https:\\\/\\\/secure.gravatar.com\\\/avatar\\\/37d968a2e67a6fd04c169c4bdef102d0bc5d31b2546345219e348575eb80e9a0?s=96&d=mm&r=g\",\"url\":\"https:\\\/\\\/secure.gravatar.com\\\/avatar\\\/37d968a2e67a6fd04c169c4bdef102d0bc5d31b2546345219e348575eb80e9a0?s=96&d=mm&r=g\",\"contentUrl\":\"https:\\\/\\\/secure.gravatar.com\\\/avatar\\\/37d968a2e67a6fd04c169c4bdef102d0bc5d31b2546345219e348575eb80e9a0?s=96&d=mm&r=g\",\"caption\":\"redazione\"},\"sameAs\":[\"http:\\\/\\\/www.bellunopress.it\",\"https:\\\/\\\/x.com\\\/bellunopress\"],\"url\":\"https:\\\/\\\/www.bellunopress.it\\\/fr\\\/author\\\/redazione\\\/\"}]}<\/script>\n<!-- \/ Yoast SEO plugin. -->","yoast_head_json":{"title":"189 anni fa la nascita di Carlo di Rudio, cadetto austriaco, bombarolo, evaso dalla Cajenna, e ufficiale del 7mo Reggimento cavalleria del generale Custer - Bellunopress - Dolomiti","robots":{"index":"index","follow":"follow","max-snippet":"max-snippet:-1","max-image-preview":"max-image-preview:large","max-video-preview":"max-video-preview:-1"},"canonical":"https:\/\/www.bellunopress.it\/fr\/2021\/08\/23\/189-anni-fa-la-nascita-di-carlo-di-rudio-cadetto-austriaco-bombarolo-evaso-dalla-cajenna-e-ufficiale-del-7mo-reggimento-cavalleria-del-generale-custer\/","og_locale":"fr_FR","og_type":"article","og_title":"189 anni fa la nascita di Carlo di Rudio, cadetto austriaco, bombarolo, evaso dalla Cajenna, e ufficiale del 7mo Reggimento cavalleria del generale Custer - Bellunopress - Dolomiti","og_description":"189 anni fa, il 26 agosto 1832 nasce a Belluno Carlo Camillo di Rudio (o Rudio) dal conte Ercole Placido di Rudio e dalla nobildonna Elisabetta De Domini. Le sue avventure sono raccontate da Cesare Marino nel libro dal titolo \u201cDal Piave a Little Bighorn\u201d. Settantaquattro anni prima di Angelo Sbardellotto, il giovane anarchico di [&hellip;]","og_url":"https:\/\/www.bellunopress.it\/fr\/2021\/08\/23\/189-anni-fa-la-nascita-di-carlo-di-rudio-cadetto-austriaco-bombarolo-evaso-dalla-cajenna-e-ufficiale-del-7mo-reggimento-cavalleria-del-generale-custer\/","og_site_name":"Bellunopress - Dolomiti","article_publisher":"https:\/\/www.facebook.com\/profile.php?id=100008943462799","article_published_time":"2021-08-23T19:45:01+00:00","og_image":[{"width":736,"height":800,"url":"https:\/\/www.bellunopress.it\/wp-content\/uploads\/2020\/06\/Carlo-di-Rudio_edited.jpg","type":"image\/jpeg"}],"author":"redazione","twitter_card":"summary_large_image","twitter_creator":"@bellunopress","twitter_site":"@bellunopress","twitter_misc":{"Written by":"redazione","Est. reading time":"6 minutes"},"schema":{"@context":"https:\/\/schema.org","@graph":[{"@type":"Article","@id":"https:\/\/www.bellunopress.it\/2021\/08\/23\/189-anni-fa-la-nascita-di-carlo-di-rudio-cadetto-austriaco-bombarolo-evaso-dalla-cajenna-e-ufficiale-del-7mo-reggimento-cavalleria-del-generale-custer\/#article","isPartOf":{"@id":"https:\/\/www.bellunopress.it\/2021\/08\/23\/189-anni-fa-la-nascita-di-carlo-di-rudio-cadetto-austriaco-bombarolo-evaso-dalla-cajenna-e-ufficiale-del-7mo-reggimento-cavalleria-del-generale-custer\/"},"author":{"name":"redazione","@id":"https:\/\/www.bellunopress.it\/#\/schema\/person\/79bb06722b37ece1c03d3e94beb30d73"},"headline":"189 anni fa la nascita di Carlo di Rudio, cadetto austriaco, bombarolo, evaso dalla Cajenna, e ufficiale del 7mo Reggimento cavalleria del generale Custer","datePublished":"2021-08-23T19:45:01+00:00","mainEntityOfPage":{"@id":"https:\/\/www.bellunopress.it\/2021\/08\/23\/189-anni-fa-la-nascita-di-carlo-di-rudio-cadetto-austriaco-bombarolo-evaso-dalla-cajenna-e-ufficiale-del-7mo-reggimento-cavalleria-del-generale-custer\/"},"wordCount":1158,"publisher":{"@id":"https:\/\/www.bellunopress.it\/#organization"},"image":{"@id":"https:\/\/www.bellunopress.it\/2021\/08\/23\/189-anni-fa-la-nascita-di-carlo-di-rudio-cadetto-austriaco-bombarolo-evaso-dalla-cajenna-e-ufficiale-del-7mo-reggimento-cavalleria-del-generale-custer\/#primaryimage"},"thumbnailUrl":"https:\/\/www.bellunopress.it\/wp-content\/uploads\/2020\/06\/Carlo-di-Rudio_edited.jpg","articleSection":["Arte, Cultura, Spettacoli, Scienza","Featured","Gli speciali di Bellunopress","Prima Pagina"],"inLanguage":"fr-FR"},{"@type":"WebPage","@id":"https:\/\/www.bellunopress.it\/2021\/08\/23\/189-anni-fa-la-nascita-di-carlo-di-rudio-cadetto-austriaco-bombarolo-evaso-dalla-cajenna-e-ufficiale-del-7mo-reggimento-cavalleria-del-generale-custer\/","url":"https:\/\/www.bellunopress.it\/2021\/08\/23\/189-anni-fa-la-nascita-di-carlo-di-rudio-cadetto-austriaco-bombarolo-evaso-dalla-cajenna-e-ufficiale-del-7mo-reggimento-cavalleria-del-generale-custer\/","name":"189 anni fa la nascita di Carlo di Rudio, cadetto austriaco, bombarolo, evaso dalla Cajenna, e ufficiale del 7mo Reggimento cavalleria del generale Custer - Bellunopress - Dolomiti","isPartOf":{"@id":"https:\/\/www.bellunopress.it\/#website"},"primaryImageOfPage":{"@id":"https:\/\/www.bellunopress.it\/2021\/08\/23\/189-anni-fa-la-nascita-di-carlo-di-rudio-cadetto-austriaco-bombarolo-evaso-dalla-cajenna-e-ufficiale-del-7mo-reggimento-cavalleria-del-generale-custer\/#primaryimage"},"image":{"@id":"https:\/\/www.bellunopress.it\/2021\/08\/23\/189-anni-fa-la-nascita-di-carlo-di-rudio-cadetto-austriaco-bombarolo-evaso-dalla-cajenna-e-ufficiale-del-7mo-reggimento-cavalleria-del-generale-custer\/#primaryimage"},"thumbnailUrl":"https:\/\/www.bellunopress.it\/wp-content\/uploads\/2020\/06\/Carlo-di-Rudio_edited.jpg","datePublished":"2021-08-23T19:45:01+00:00","breadcrumb":{"@id":"https:\/\/www.bellunopress.it\/2021\/08\/23\/189-anni-fa-la-nascita-di-carlo-di-rudio-cadetto-austriaco-bombarolo-evaso-dalla-cajenna-e-ufficiale-del-7mo-reggimento-cavalleria-del-generale-custer\/#breadcrumb"},"inLanguage":"fr-FR","potentialAction":[{"@type":"ReadAction","target":["https:\/\/www.bellunopress.it\/2021\/08\/23\/189-anni-fa-la-nascita-di-carlo-di-rudio-cadetto-austriaco-bombarolo-evaso-dalla-cajenna-e-ufficiale-del-7mo-reggimento-cavalleria-del-generale-custer\/"]}]},{"@type":"ImageObject","inLanguage":"fr-FR","@id":"https:\/\/www.bellunopress.it\/2021\/08\/23\/189-anni-fa-la-nascita-di-carlo-di-rudio-cadetto-austriaco-bombarolo-evaso-dalla-cajenna-e-ufficiale-del-7mo-reggimento-cavalleria-del-generale-custer\/#primaryimage","url":"https:\/\/www.bellunopress.it\/wp-content\/uploads\/2020\/06\/Carlo-di-Rudio_edited.jpg","contentUrl":"https:\/\/www.bellunopress.it\/wp-content\/uploads\/2020\/06\/Carlo-di-Rudio_edited.jpg","width":736,"height":800,"caption":"Carlo di Rudio"},{"@type":"BreadcrumbList","@id":"https:\/\/www.bellunopress.it\/2021\/08\/23\/189-anni-fa-la-nascita-di-carlo-di-rudio-cadetto-austriaco-bombarolo-evaso-dalla-cajenna-e-ufficiale-del-7mo-reggimento-cavalleria-del-generale-custer\/#breadcrumb","itemListElement":[{"@type":"ListItem","position":1,"name":"Home","item":"https:\/\/www.bellunopress.it\/"},{"@type":"ListItem","position":2,"name":"189 anni fa la nascita di Carlo di Rudio, cadetto austriaco, bombarolo, evaso dalla Cajenna, e ufficiale del 7mo Reggimento cavalleria del generale Custer"}]},{"@type":"WebSite","@id":"https:\/\/www.bellunopress.it\/#website","url":"https:\/\/www.bellunopress.it\/","name":"Bellunopress - Dolomiti","description":"e-mail: redazione@bellunopress.it","publisher":{"@id":"https:\/\/www.bellunopress.it\/#organization"},"potentialAction":[{"@type":"SearchAction","target":{"@type":"EntryPoint","urlTemplate":"https:\/\/www.bellunopress.it\/?s={search_term_string}"},"query-input":{"@type":"PropertyValueSpecification","valueRequired":true,"valueName":"search_term_string"}}],"inLanguage":"fr-FR"},{"@type":"Organization","@id":"https:\/\/www.bellunopress.it\/#organization","name":"Bellunopress","url":"https:\/\/www.bellunopress.it\/","logo":{"@type":"ImageObject","inLanguage":"fr-FR","@id":"https:\/\/www.bellunopress.it\/#\/schema\/logo\/image\/","url":"https:\/\/www.bellunopress.it\/wp-content\/uploads\/2011\/05\/cropped-logo-bellunopress-.jpg","contentUrl":"https:\/\/www.bellunopress.it\/wp-content\/uploads\/2011\/05\/cropped-logo-bellunopress-.jpg","width":512,"height":512,"caption":"Bellunopress"},"image":{"@id":"https:\/\/www.bellunopress.it\/#\/schema\/logo\/image\/"},"sameAs":["https:\/\/www.facebook.com\/profile.php?id=100008943462799","https:\/\/x.com\/bellunopress","https:\/\/www.linkedin.com\/hp\/?dnr=JBzUWaJfMUw8vbXJJ2tVW5-I3jZKvC4wsoxE&amp;amp;amp;amp;amp;amp;trk=nav_responsive_tab_home","https:\/\/www.youtube.com\/channel\/UCxL0wu1uN0_3_7hGG0306cw"]},{"@type":"Person","@id":"https:\/\/www.bellunopress.it\/#\/schema\/person\/79bb06722b37ece1c03d3e94beb30d73","name":"r\u00e9daction","image":{"@type":"ImageObject","inLanguage":"fr-FR","@id":"https:\/\/secure.gravatar.com\/avatar\/37d968a2e67a6fd04c169c4bdef102d0bc5d31b2546345219e348575eb80e9a0?s=96&d=mm&r=g","url":"https:\/\/secure.gravatar.com\/avatar\/37d968a2e67a6fd04c169c4bdef102d0bc5d31b2546345219e348575eb80e9a0?s=96&d=mm&r=g","contentUrl":"https:\/\/secure.gravatar.com\/avatar\/37d968a2e67a6fd04c169c4bdef102d0bc5d31b2546345219e348575eb80e9a0?s=96&d=mm&r=g","caption":"redazione"},"sameAs":["http:\/\/www.bellunopress.it","https:\/\/x.com\/bellunopress"],"url":"https:\/\/www.bellunopress.it\/fr\/author\/redazione\/"}]}},"_links":{"self":[{"href":"https:\/\/www.bellunopress.it\/fr\/wp-json\/wp\/v2\/posts\/127190","targetHints":{"allow":["GET"]}}],"collection":[{"href":"https:\/\/www.bellunopress.it\/fr\/wp-json\/wp\/v2\/posts"}],"about":[{"href":"https:\/\/www.bellunopress.it\/fr\/wp-json\/wp\/v2\/types\/post"}],"author":[{"embeddable":true,"href":"https:\/\/www.bellunopress.it\/fr\/wp-json\/wp\/v2\/users\/2"}],"replies":[{"embeddable":true,"href":"https:\/\/www.bellunopress.it\/fr\/wp-json\/wp\/v2\/comments?post=127190"}],"version-history":[{"count":1,"href":"https:\/\/www.bellunopress.it\/fr\/wp-json\/wp\/v2\/posts\/127190\/revisions"}],"predecessor-version":[{"id":127191,"href":"https:\/\/www.bellunopress.it\/fr\/wp-json\/wp\/v2\/posts\/127190\/revisions\/127191"}],"wp:featuredmedia":[{"embeddable":true,"href":"https:\/\/www.bellunopress.it\/fr\/wp-json\/wp\/v2\/media\/115273"}],"wp:attachment":[{"href":"https:\/\/www.bellunopress.it\/fr\/wp-json\/wp\/v2\/media?parent=127190"}],"wp:term":[{"taxonomy":"category","embeddable":true,"href":"https:\/\/www.bellunopress.it\/fr\/wp-json\/wp\/v2\/categories?post=127190"},{"taxonomy":"post_tag","embeddable":true,"href":"https:\/\/www.bellunopress.it\/fr\/wp-json\/wp\/v2\/tags?post=127190"}],"curies":[{"name":"wp","href":"https:\/\/api.w.org\/{rel}","templated":true}]}}