{"id":127188,"date":"2021-08-23T19:15:43","date_gmt":"2021-08-23T17:15:43","guid":{"rendered":"https:\/\/www.bellunopress.it\/?p=127188"},"modified":"2021-08-23T19:15:43","modified_gmt":"2021-08-23T17:15:43","slug":"nominato-il-nuovo-comitato-etico-dellulss-dolomiti","status":"publish","type":"post","link":"https:\/\/www.bellunopress.it\/fr\/2021\/08\/23\/nominato-il-nuovo-comitato-etico-dellulss-dolomiti\/","title":{"rendered":"Nominato il nuovo comitato etico dell\u2019Ulss Dolomiti"},"content":{"rendered":"<p><a href=\"https:\/\/www.bellunopress.it\/fr\/2017\/02\/01\/due-ginecologi-operativi-h-24-al-punto-nascite-di-pieve-di-cadore\/ulss-1-dolomiti\/\" rel=\"attachment wp-att-84065\"><img loading=\"lazy\" decoding=\"async\" class=\"alignleft size-full wp-image-84065\" src=\"https:\/\/www.bellunopress.it\/wp-content\/uploads\/2017\/02\/ulss-1-dolomiti.jpg\" alt=\"\" width=\"214\" height=\"110\" \/><\/a>E\u2019 stato nominato il nuovo comitato etico dell\u2019ulss Dolomiti.<\/p>\n<p>Di seguito i componenti:<\/p>\n<table width=\"587\">\n<tbody>\n<tr>\n<td width=\"184\">Livio Simioni<\/td>\n<td width=\"393\">Medico dipendente dell\u2019Azienda<\/td>\n<\/tr>\n<tr>\n<td width=\"184\">Petros Giovanis<\/td>\n<td width=\"393\">Medico dipendente dell\u2019Azienda<\/td>\n<\/tr>\n<tr>\n<td width=\"184\">Lorenzo Bernardi<\/td>\n<td width=\"393\">Medico dipendente dell\u2019Azienda<\/td>\n<\/tr>\n<tr>\n<td width=\"184\">Davide Mazzon<\/td>\n<td width=\"393\">Bioeticista (dipendente dell\u2019Azienda)<\/td>\n<\/tr>\n<tr>\n<td width=\"184\">Claudio Bianchin<\/td>\n<td width=\"393\">Risk Manager\/Medico Legale (dipendente dell\u2019Azienda)<\/td>\n<\/tr>\n<tr>\n<td width=\"184\">Francesca De Biasi<\/td>\n<td width=\"393\">Psicologa ambulatoriale dell\u2019Azienda<\/td>\n<\/tr>\n<tr>\n<td width=\"184\">Fabio Bortot<\/td>\n<td width=\"393\">Medico di assistenza primaria dell\u2019Azienda<\/td>\n<\/tr>\n<tr>\n<td width=\"184\">Paola Bonato<\/td>\n<td width=\"393\">Pediatra di libera scelta dell\u2019Azienda<\/td>\n<\/tr>\n<tr>\n<td width=\"184\">Michela Casagrande<\/td>\n<td width=\"393\">Operatore delle professioni sanitarie dell\u2019Azienda<\/td>\n<\/tr>\n<tr>\n<td width=\"184\">Alessandra Turrin<\/td>\n<td width=\"393\">Operatore delle professioni sanitarie dell\u2019Azienda<\/td>\n<\/tr>\n<tr>\n<td width=\"184\">Lucia Da Rin Fioretto<\/td>\n<td width=\"393\">Operatore delle professioni sanitarie dell\u2019Azienda<\/td>\n<\/tr>\n<tr>\n<td width=\"184\">Lucia Busatta<\/td>\n<td width=\"393\">Giurista\/Esperta materie giuridiche (esterna)<\/td>\n<\/tr>\n<tr>\n<td width=\"184\">Paolo Colleselli<\/td>\n<td width=\"393\">Rappresentante Associazioni di Volontariato (esterno)<\/td>\n<\/tr>\n<tr>\n<td width=\"184\">Francesca Salvadori<\/td>\n<td width=\"393\">Assistente sociale (dipendente dell\u2019Azienda)<\/td>\n<\/tr>\n<tr>\n<td width=\"184\">Valentina Bertelle<\/td>\n<td width=\"393\">Assistente sociale (esterna)<\/td>\n<\/tr>\n<\/tbody>\n<\/table>\n<p>&nbsp;<\/p>\n<p>Il Comitato Etico per la Pratica Clinica \u00e8 nominato dal Direttore Generale dell\u2019Azienda per un periodo di tre anni<\/p>\n<p>I componenti \u2013 interni ed esterni \u2013 sono stati scelti sulla base della specifica competenza, esperienza professionale e formazione in materia bioetica.<\/p>\n<p>Nella prima seduta, il Comitato elegge il Presidente e il Vice Presidente, uno dei quali deve essere scelto tra i componenti esterni;<\/p>\n<p>Il Comitato svolge le seguenti attivit\u00e0: a) analisi etica di casi clinici; b) sviluppo di raccomandazioni e indirizzi di carattere etico; c) formazione in materia bioetica e sensibilizzazione della cittadinanza; d) contributo sul tema della allocazione e dell\u2019impiego delle risorse nel S.S.R.;<\/p>\n<p>Il Comitato, entro 60 giorni dall\u2019insediamento, approva o aggiorna il regolamento per il proprio funzionamento, nonch\u00e9 per la disciplina della decadenza, dimissioni ed eventuale previsione di gettoni di presenza e rimborso spese.<\/p>\n<p>&nbsp;<\/p>\n<p>&nbsp;<\/p>\n<p>&nbsp;<\/p>","protected":false},"excerpt":{"rendered":"<p>E\u2019 stato nominato il nuovo comitato etico dell\u2019ulss Dolomiti. Di seguito i componenti: Livio Simioni Medico dipendente dell\u2019Azienda Petros Giovanis Medico dipendente dell\u2019Azienda Lorenzo Bernardi Medico dipendente dell\u2019Azienda Davide Mazzon Bioeticista (dipendente dell\u2019Azienda) Claudio Bianchin Risk Manager\/Medico Legale (dipendente dell\u2019Azienda) Francesca De Biasi Psicologa ambulatoriale dell\u2019Azienda Fabio Bortot Medico di assistenza primaria dell\u2019Azienda Paola Bonato [&hellip;]<\/p>\n","protected":false},"author":2,"featured_media":122834,"comment_status":"closed","ping_status":"open","sticky":false,"template":"","format":"standard","meta":{"footnotes":""},"categories":[17],"tags":[],"class_list":["post-127188","post","type-post","status-publish","format-standard","has-post-thumbnail","category-sanita"],"yoast_head":"<!-- This site is optimized with the Yoast SEO plugin v28.4 - https:\/\/yoast.com\/product\/yoast-seo-wordpress\/ -->\n<title>Nominato il nuovo comitato etico dell\u2019Ulss Dolomiti - Bellunopress - Dolomiti<\/title>\n<meta name=\"robots\" content=\"index, follow, max-snippet:-1, max-image-preview:large, max-video-preview:-1\" \/>\n<link rel=\"canonical\" href=\"https:\/\/www.bellunopress.it\/fr\/2021\/08\/23\/nominato-il-nuovo-comitato-etico-dellulss-dolomiti\/\" \/>\n<meta property=\"og:locale\" content=\"fr_FR\" \/>\n<meta property=\"og:type\" content=\"article\" \/>\n<meta property=\"og:title\" content=\"Nominato il nuovo comitato etico dell\u2019Ulss Dolomiti - Bellunopress - Dolomiti\" \/>\n<meta property=\"og:description\" content=\"E\u2019 stato nominato il nuovo comitato etico dell\u2019ulss Dolomiti. Di seguito i componenti: Livio Simioni Medico dipendente dell\u2019Azienda Petros Giovanis Medico dipendente dell\u2019Azienda Lorenzo Bernardi Medico dipendente dell\u2019Azienda Davide Mazzon Bioeticista (dipendente dell\u2019Azienda) Claudio Bianchin Risk Manager\/Medico Legale (dipendente dell\u2019Azienda) Francesca De Biasi Psicologa ambulatoriale dell\u2019Azienda Fabio Bortot Medico di assistenza primaria dell\u2019Azienda Paola Bonato [&hellip;]\" \/>\n<meta property=\"og:url\" content=\"https:\/\/www.bellunopress.it\/fr\/2021\/08\/23\/nominato-il-nuovo-comitato-etico-dellulss-dolomiti\/\" \/>\n<meta property=\"og:site_name\" content=\"Bellunopress - Dolomiti\" \/>\n<meta property=\"article:publisher\" content=\"https:\/\/www.facebook.com\/profile.php?id=100008943462799\" \/>\n<meta property=\"article:published_time\" content=\"2021-08-23T17:15:43+00:00\" \/>\n<meta property=\"og:image\" content=\"https:\/\/www.bellunopress.it\/wp-content\/uploads\/2021\/03\/Ulss-Dolomiti_edited.jpg\" \/>\n\t<meta property=\"og:image:width\" content=\"900\" \/>\n\t<meta property=\"og:image:height\" content=\"900\" \/>\n\t<meta property=\"og:image:type\" content=\"image\/jpeg\" \/>\n<meta name=\"author\" content=\"redazione\" \/>\n<meta name=\"twitter:card\" content=\"summary_large_image\" \/>\n<meta name=\"twitter:creator\" content=\"@bellunopress\" \/>\n<meta name=\"twitter:site\" content=\"@bellunopress\" \/>\n<meta name=\"twitter:label1\" content=\"\u00c9crit par\" \/>\n\t<meta name=\"twitter:data1\" content=\"redazione\" \/>\n\t<meta name=\"twitter:label2\" content=\"Dur\u00e9e de lecture estim\u00e9e\" \/>\n\t<meta name=\"twitter:data2\" content=\"2 minutes\" \/>\n<script type=\"application\/ld+json\" class=\"yoast-schema-graph\">{\"@context\":\"https:\\\/\\\/schema.org\",\"@graph\":[{\"@type\":\"Article\",\"@id\":\"https:\\\/\\\/www.bellunopress.it\\\/2021\\\/08\\\/23\\\/nominato-il-nuovo-comitato-etico-dellulss-dolomiti\\\/#article\",\"isPartOf\":{\"@id\":\"https:\\\/\\\/www.bellunopress.it\\\/2021\\\/08\\\/23\\\/nominato-il-nuovo-comitato-etico-dellulss-dolomiti\\\/\"},\"author\":{\"name\":\"redazione\",\"@id\":\"https:\\\/\\\/www.bellunopress.it\\\/#\\\/schema\\\/person\\\/79bb06722b37ece1c03d3e94beb30d73\"},\"headline\":\"Nominato il nuovo comitato etico dell\u2019Ulss Dolomiti\",\"datePublished\":\"2021-08-23T17:15:43+00:00\",\"mainEntityOfPage\":{\"@id\":\"https:\\\/\\\/www.bellunopress.it\\\/2021\\\/08\\\/23\\\/nominato-il-nuovo-comitato-etico-dellulss-dolomiti\\\/\"},\"wordCount\":272,\"publisher\":{\"@id\":\"https:\\\/\\\/www.bellunopress.it\\\/#organization\"},\"image\":{\"@id\":\"https:\\\/\\\/www.bellunopress.it\\\/2021\\\/08\\\/23\\\/nominato-il-nuovo-comitato-etico-dellulss-dolomiti\\\/#primaryimage\"},\"thumbnailUrl\":\"https:\\\/\\\/www.bellunopress.it\\\/wp-content\\\/uploads\\\/2021\\\/03\\\/Ulss-Dolomiti_edited.jpg\",\"articleSection\":[\"Sanit\u00e0 Medicina\"],\"inLanguage\":\"fr-FR\"},{\"@type\":\"WebPage\",\"@id\":\"https:\\\/\\\/www.bellunopress.it\\\/2021\\\/08\\\/23\\\/nominato-il-nuovo-comitato-etico-dellulss-dolomiti\\\/\",\"url\":\"https:\\\/\\\/www.bellunopress.it\\\/2021\\\/08\\\/23\\\/nominato-il-nuovo-comitato-etico-dellulss-dolomiti\\\/\",\"name\":\"Nominato il nuovo comitato etico dell\u2019Ulss Dolomiti - Bellunopress - Dolomiti\",\"isPartOf\":{\"@id\":\"https:\\\/\\\/www.bellunopress.it\\\/#website\"},\"primaryImageOfPage\":{\"@id\":\"https:\\\/\\\/www.bellunopress.it\\\/2021\\\/08\\\/23\\\/nominato-il-nuovo-comitato-etico-dellulss-dolomiti\\\/#primaryimage\"},\"image\":{\"@id\":\"https:\\\/\\\/www.bellunopress.it\\\/2021\\\/08\\\/23\\\/nominato-il-nuovo-comitato-etico-dellulss-dolomiti\\\/#primaryimage\"},\"thumbnailUrl\":\"https:\\\/\\\/www.bellunopress.it\\\/wp-content\\\/uploads\\\/2021\\\/03\\\/Ulss-Dolomiti_edited.jpg\",\"datePublished\":\"2021-08-23T17:15:43+00:00\",\"breadcrumb\":{\"@id\":\"https:\\\/\\\/www.bellunopress.it\\\/2021\\\/08\\\/23\\\/nominato-il-nuovo-comitato-etico-dellulss-dolomiti\\\/#breadcrumb\"},\"inLanguage\":\"fr-FR\",\"potentialAction\":[{\"@type\":\"ReadAction\",\"target\":[\"https:\\\/\\\/www.bellunopress.it\\\/2021\\\/08\\\/23\\\/nominato-il-nuovo-comitato-etico-dellulss-dolomiti\\\/\"]}]},{\"@type\":\"ImageObject\",\"inLanguage\":\"fr-FR\",\"@id\":\"https:\\\/\\\/www.bellunopress.it\\\/2021\\\/08\\\/23\\\/nominato-il-nuovo-comitato-etico-dellulss-dolomiti\\\/#primaryimage\",\"url\":\"https:\\\/\\\/www.bellunopress.it\\\/wp-content\\\/uploads\\\/2021\\\/03\\\/Ulss-Dolomiti_edited.jpg\",\"contentUrl\":\"https:\\\/\\\/www.bellunopress.it\\\/wp-content\\\/uploads\\\/2021\\\/03\\\/Ulss-Dolomiti_edited.jpg\",\"width\":900,\"height\":900},{\"@type\":\"BreadcrumbList\",\"@id\":\"https:\\\/\\\/www.bellunopress.it\\\/2021\\\/08\\\/23\\\/nominato-il-nuovo-comitato-etico-dellulss-dolomiti\\\/#breadcrumb\",\"itemListElement\":[{\"@type\":\"ListItem\",\"position\":1,\"name\":\"Home\",\"item\":\"https:\\\/\\\/www.bellunopress.it\\\/\"},{\"@type\":\"ListItem\",\"position\":2,\"name\":\"Nominato il nuovo comitato etico dell\u2019Ulss Dolomiti\"}]},{\"@type\":\"WebSite\",\"@id\":\"https:\\\/\\\/www.bellunopress.it\\\/#website\",\"url\":\"https:\\\/\\\/www.bellunopress.it\\\/\",\"name\":\"Bellunopress - Dolomiti\",\"description\":\"e-mail: redazione@bellunopress.it\",\"publisher\":{\"@id\":\"https:\\\/\\\/www.bellunopress.it\\\/#organization\"},\"potentialAction\":[{\"@type\":\"SearchAction\",\"target\":{\"@type\":\"EntryPoint\",\"urlTemplate\":\"https:\\\/\\\/www.bellunopress.it\\\/?s={search_term_string}\"},\"query-input\":{\"@type\":\"PropertyValueSpecification\",\"valueRequired\":true,\"valueName\":\"search_term_string\"}}],\"inLanguage\":\"fr-FR\"},{\"@type\":\"Organization\",\"@id\":\"https:\\\/\\\/www.bellunopress.it\\\/#organization\",\"name\":\"Bellunopress\",\"url\":\"https:\\\/\\\/www.bellunopress.it\\\/\",\"logo\":{\"@type\":\"ImageObject\",\"inLanguage\":\"fr-FR\",\"@id\":\"https:\\\/\\\/www.bellunopress.it\\\/#\\\/schema\\\/logo\\\/image\\\/\",\"url\":\"https:\\\/\\\/www.bellunopress.it\\\/wp-content\\\/uploads\\\/2011\\\/05\\\/cropped-logo-bellunopress-.jpg\",\"contentUrl\":\"https:\\\/\\\/www.bellunopress.it\\\/wp-content\\\/uploads\\\/2011\\\/05\\\/cropped-logo-bellunopress-.jpg\",\"width\":512,\"height\":512,\"caption\":\"Bellunopress\"},\"image\":{\"@id\":\"https:\\\/\\\/www.bellunopress.it\\\/#\\\/schema\\\/logo\\\/image\\\/\"},\"sameAs\":[\"https:\\\/\\\/www.facebook.com\\\/profile.php?id=100008943462799\",\"https:\\\/\\\/x.com\\\/bellunopress\",\"https:\\\/\\\/www.linkedin.com\\\/hp\\\/?dnr=JBzUWaJfMUw8vbXJJ2tVW5-I3jZKvC4wsoxE&amp;amp;amp;amp;amp;amp;trk=nav_responsive_tab_home\",\"https:\\\/\\\/www.youtube.com\\\/channel\\\/UCxL0wu1uN0_3_7hGG0306cw\"]},{\"@type\":\"Person\",\"@id\":\"https:\\\/\\\/www.bellunopress.it\\\/#\\\/schema\\\/person\\\/79bb06722b37ece1c03d3e94beb30d73\",\"name\":\"redazione\",\"image\":{\"@type\":\"ImageObject\",\"inLanguage\":\"fr-FR\",\"@id\":\"https:\\\/\\\/secure.gravatar.com\\\/avatar\\\/37d968a2e67a6fd04c169c4bdef102d0bc5d31b2546345219e348575eb80e9a0?s=96&d=mm&r=g\",\"url\":\"https:\\\/\\\/secure.gravatar.com\\\/avatar\\\/37d968a2e67a6fd04c169c4bdef102d0bc5d31b2546345219e348575eb80e9a0?s=96&d=mm&r=g\",\"contentUrl\":\"https:\\\/\\\/secure.gravatar.com\\\/avatar\\\/37d968a2e67a6fd04c169c4bdef102d0bc5d31b2546345219e348575eb80e9a0?s=96&d=mm&r=g\",\"caption\":\"redazione\"},\"sameAs\":[\"http:\\\/\\\/www.bellunopress.it\",\"https:\\\/\\\/x.com\\\/bellunopress\"],\"url\":\"https:\\\/\\\/www.bellunopress.it\\\/fr\\\/author\\\/redazione\\\/\"}]}<\/script>\n<!-- \/ Yoast SEO plugin. -->","yoast_head_json":{"title":"Nominato il nuovo comitato etico dell\u2019Ulss Dolomiti - Bellunopress - Dolomiti","robots":{"index":"index","follow":"follow","max-snippet":"max-snippet:-1","max-image-preview":"max-image-preview:large","max-video-preview":"max-video-preview:-1"},"canonical":"https:\/\/www.bellunopress.it\/fr\/2021\/08\/23\/nominato-il-nuovo-comitato-etico-dellulss-dolomiti\/","og_locale":"fr_FR","og_type":"article","og_title":"Nominato il nuovo comitato etico dell\u2019Ulss Dolomiti - Bellunopress - Dolomiti","og_description":"E\u2019 stato nominato il nuovo comitato etico dell\u2019ulss Dolomiti. Di seguito i componenti: Livio Simioni Medico dipendente dell\u2019Azienda Petros Giovanis Medico dipendente dell\u2019Azienda Lorenzo Bernardi Medico dipendente dell\u2019Azienda Davide Mazzon Bioeticista (dipendente dell\u2019Azienda) Claudio Bianchin Risk Manager\/Medico Legale (dipendente dell\u2019Azienda) Francesca De Biasi Psicologa ambulatoriale dell\u2019Azienda Fabio Bortot Medico di assistenza primaria dell\u2019Azienda Paola Bonato [&hellip;]","og_url":"https:\/\/www.bellunopress.it\/fr\/2021\/08\/23\/nominato-il-nuovo-comitato-etico-dellulss-dolomiti\/","og_site_name":"Bellunopress - Dolomiti","article_publisher":"https:\/\/www.facebook.com\/profile.php?id=100008943462799","article_published_time":"2021-08-23T17:15:43+00:00","og_image":[{"width":900,"height":900,"url":"https:\/\/www.bellunopress.it\/wp-content\/uploads\/2021\/03\/Ulss-Dolomiti_edited.jpg","type":"image\/jpeg"}],"author":"redazione","twitter_card":"summary_large_image","twitter_creator":"@bellunopress","twitter_site":"@bellunopress","twitter_misc":{"\u00c9crit par":"redazione","Dur\u00e9e de lecture estim\u00e9e":"2 minutes"},"schema":{"@context":"https:\/\/schema.org","@graph":[{"@type":"Article","@id":"https:\/\/www.bellunopress.it\/2021\/08\/23\/nominato-il-nuovo-comitato-etico-dellulss-dolomiti\/#article","isPartOf":{"@id":"https:\/\/www.bellunopress.it\/2021\/08\/23\/nominato-il-nuovo-comitato-etico-dellulss-dolomiti\/"},"author":{"name":"redazione","@id":"https:\/\/www.bellunopress.it\/#\/schema\/person\/79bb06722b37ece1c03d3e94beb30d73"},"headline":"Nominato il nuovo comitato etico dell\u2019Ulss Dolomiti","datePublished":"2021-08-23T17:15:43+00:00","mainEntityOfPage":{"@id":"https:\/\/www.bellunopress.it\/2021\/08\/23\/nominato-il-nuovo-comitato-etico-dellulss-dolomiti\/"},"wordCount":272,"publisher":{"@id":"https:\/\/www.bellunopress.it\/#organization"},"image":{"@id":"https:\/\/www.bellunopress.it\/2021\/08\/23\/nominato-il-nuovo-comitato-etico-dellulss-dolomiti\/#primaryimage"},"thumbnailUrl":"https:\/\/www.bellunopress.it\/wp-content\/uploads\/2021\/03\/Ulss-Dolomiti_edited.jpg","articleSection":["Sanit\u00e0 Medicina"],"inLanguage":"fr-FR"},{"@type":"WebPage","@id":"https:\/\/www.bellunopress.it\/2021\/08\/23\/nominato-il-nuovo-comitato-etico-dellulss-dolomiti\/","url":"https:\/\/www.bellunopress.it\/2021\/08\/23\/nominato-il-nuovo-comitato-etico-dellulss-dolomiti\/","name":"Nominato il nuovo comitato etico dell\u2019Ulss Dolomiti - Bellunopress - Dolomiti","isPartOf":{"@id":"https:\/\/www.bellunopress.it\/#website"},"primaryImageOfPage":{"@id":"https:\/\/www.bellunopress.it\/2021\/08\/23\/nominato-il-nuovo-comitato-etico-dellulss-dolomiti\/#primaryimage"},"image":{"@id":"https:\/\/www.bellunopress.it\/2021\/08\/23\/nominato-il-nuovo-comitato-etico-dellulss-dolomiti\/#primaryimage"},"thumbnailUrl":"https:\/\/www.bellunopress.it\/wp-content\/uploads\/2021\/03\/Ulss-Dolomiti_edited.jpg","datePublished":"2021-08-23T17:15:43+00:00","breadcrumb":{"@id":"https:\/\/www.bellunopress.it\/2021\/08\/23\/nominato-il-nuovo-comitato-etico-dellulss-dolomiti\/#breadcrumb"},"inLanguage":"fr-FR","potentialAction":[{"@type":"ReadAction","target":["https:\/\/www.bellunopress.it\/2021\/08\/23\/nominato-il-nuovo-comitato-etico-dellulss-dolomiti\/"]}]},{"@type":"ImageObject","inLanguage":"fr-FR","@id":"https:\/\/www.bellunopress.it\/2021\/08\/23\/nominato-il-nuovo-comitato-etico-dellulss-dolomiti\/#primaryimage","url":"https:\/\/www.bellunopress.it\/wp-content\/uploads\/2021\/03\/Ulss-Dolomiti_edited.jpg","contentUrl":"https:\/\/www.bellunopress.it\/wp-content\/uploads\/2021\/03\/Ulss-Dolomiti_edited.jpg","width":900,"height":900},{"@type":"BreadcrumbList","@id":"https:\/\/www.bellunopress.it\/2021\/08\/23\/nominato-il-nuovo-comitato-etico-dellulss-dolomiti\/#breadcrumb","itemListElement":[{"@type":"ListItem","position":1,"name":"Home","item":"https:\/\/www.bellunopress.it\/"},{"@type":"ListItem","position":2,"name":"Nominato il nuovo comitato etico dell\u2019Ulss Dolomiti"}]},{"@type":"WebSite","@id":"https:\/\/www.bellunopress.it\/#website","url":"https:\/\/www.bellunopress.it\/","name":"Bellunopress - Dolomiti","description":"e-mail: redazione@bellunopress.it","publisher":{"@id":"https:\/\/www.bellunopress.it\/#organization"},"potentialAction":[{"@type":"SearchAction","target":{"@type":"EntryPoint","urlTemplate":"https:\/\/www.bellunopress.it\/?s={search_term_string}"},"query-input":{"@type":"PropertyValueSpecification","valueRequired":true,"valueName":"search_term_string"}}],"inLanguage":"fr-FR"},{"@type":"Organization","@id":"https:\/\/www.bellunopress.it\/#organization","name":"Bellunopress","url":"https:\/\/www.bellunopress.it\/","logo":{"@type":"ImageObject","inLanguage":"fr-FR","@id":"https:\/\/www.bellunopress.it\/#\/schema\/logo\/image\/","url":"https:\/\/www.bellunopress.it\/wp-content\/uploads\/2011\/05\/cropped-logo-bellunopress-.jpg","contentUrl":"https:\/\/www.bellunopress.it\/wp-content\/uploads\/2011\/05\/cropped-logo-bellunopress-.jpg","width":512,"height":512,"caption":"Bellunopress"},"image":{"@id":"https:\/\/www.bellunopress.it\/#\/schema\/logo\/image\/"},"sameAs":["https:\/\/www.facebook.com\/profile.php?id=100008943462799","https:\/\/x.com\/bellunopress","https:\/\/www.linkedin.com\/hp\/?dnr=JBzUWaJfMUw8vbXJJ2tVW5-I3jZKvC4wsoxE&amp;amp;amp;amp;amp;amp;trk=nav_responsive_tab_home","https:\/\/www.youtube.com\/channel\/UCxL0wu1uN0_3_7hGG0306cw"]},{"@type":"Person","@id":"https:\/\/www.bellunopress.it\/#\/schema\/person\/79bb06722b37ece1c03d3e94beb30d73","name":"r\u00e9daction","image":{"@type":"ImageObject","inLanguage":"fr-FR","@id":"https:\/\/secure.gravatar.com\/avatar\/37d968a2e67a6fd04c169c4bdef102d0bc5d31b2546345219e348575eb80e9a0?s=96&d=mm&r=g","url":"https:\/\/secure.gravatar.com\/avatar\/37d968a2e67a6fd04c169c4bdef102d0bc5d31b2546345219e348575eb80e9a0?s=96&d=mm&r=g","contentUrl":"https:\/\/secure.gravatar.com\/avatar\/37d968a2e67a6fd04c169c4bdef102d0bc5d31b2546345219e348575eb80e9a0?s=96&d=mm&r=g","caption":"redazione"},"sameAs":["http:\/\/www.bellunopress.it","https:\/\/x.com\/bellunopress"],"url":"https:\/\/www.bellunopress.it\/fr\/author\/redazione\/"}]}},"_links":{"self":[{"href":"https:\/\/www.bellunopress.it\/fr\/wp-json\/wp\/v2\/posts\/127188","targetHints":{"allow":["GET"]}}],"collection":[{"href":"https:\/\/www.bellunopress.it\/fr\/wp-json\/wp\/v2\/posts"}],"about":[{"href":"https:\/\/www.bellunopress.it\/fr\/wp-json\/wp\/v2\/types\/post"}],"author":[{"embeddable":true,"href":"https:\/\/www.bellunopress.it\/fr\/wp-json\/wp\/v2\/users\/2"}],"replies":[{"embeddable":true,"href":"https:\/\/www.bellunopress.it\/fr\/wp-json\/wp\/v2\/comments?post=127188"}],"version-history":[{"count":1,"href":"https:\/\/www.bellunopress.it\/fr\/wp-json\/wp\/v2\/posts\/127188\/revisions"}],"predecessor-version":[{"id":127189,"href":"https:\/\/www.bellunopress.it\/fr\/wp-json\/wp\/v2\/posts\/127188\/revisions\/127189"}],"wp:featuredmedia":[{"embeddable":true,"href":"https:\/\/www.bellunopress.it\/fr\/wp-json\/wp\/v2\/media\/122834"}],"wp:attachment":[{"href":"https:\/\/www.bellunopress.it\/fr\/wp-json\/wp\/v2\/media?parent=127188"}],"wp:term":[{"taxonomy":"category","embeddable":true,"href":"https:\/\/www.bellunopress.it\/fr\/wp-json\/wp\/v2\/categories?post=127188"},{"taxonomy":"post_tag","embeddable":true,"href":"https:\/\/www.bellunopress.it\/fr\/wp-json\/wp\/v2\/tags?post=127188"}],"curies":[{"name":"wp","href":"https:\/\/api.w.org\/{rel}","templated":true}]}}