{"id":127184,"date":"2021-08-23T18:02:45","date_gmt":"2021-08-23T16:02:45","guid":{"rendered":"https:\/\/www.bellunopress.it\/?p=127184"},"modified":"2021-08-23T18:02:47","modified_gmt":"2021-08-23T16:02:47","slug":"sabato-a-cesiomaggiore-le-note-di-astor-piazzolla-dal-duo-the-italian-accordion-bros","status":"publish","type":"post","link":"https:\/\/www.bellunopress.it\/fr\/2021\/08\/23\/sabato-a-cesiomaggiore-le-note-di-astor-piazzolla-dal-duo-the-italian-accordion-bros\/","title":{"rendered":"Sabato a Cesiomaggiore le note di Astor Piazzolla dal duo The Italian Accordion Bros"},"content":{"rendered":"<figure id=\"attachment_127185\" aria-describedby=\"caption-attachment-127185\" style=\"width: 800px\" class=\"wp-caption alignleft\"><a href=\"https:\/\/www.bellunopress.it\/fr\/2021\/08\/23\/sabato-a-cesiomaggiore-le-note-di-astor-piazzolla-dal-duo-the-italian-accordion-bros\/the-italian-accordion-bros_edited\/\" rel=\"attachment wp-att-127185\"><img loading=\"lazy\" decoding=\"async\" class=\"size-full wp-image-127185\" src=\"https:\/\/www.bellunopress.it\/wp-content\/uploads\/2021\/08\/The-italian-accordion-bros_edited.jpg\" alt=\"\" width=\"800\" height=\"481\" srcset=\"https:\/\/www.bellunopress.it\/wp-content\/uploads\/2021\/08\/The-italian-accordion-bros_edited.jpg 800w, https:\/\/www.bellunopress.it\/wp-content\/uploads\/2021\/08\/The-italian-accordion-bros_edited-500x301.jpg 500w, https:\/\/www.bellunopress.it\/wp-content\/uploads\/2021\/08\/The-italian-accordion-bros_edited-696x418.jpg 696w, https:\/\/www.bellunopress.it\/wp-content\/uploads\/2021\/08\/The-italian-accordion-bros_edited-699x420.jpg 699w\" sizes=\"auto, (max-width: 800px) 100vw, 800px\" \/><\/a><figcaption id=\"caption-attachment-127185\" class=\"wp-caption-text\">Roberto Caberlotto e Gilberto Meneghin, The Italian Accordion Bros<\/figcaption><\/figure>\n<p>Sabato 28 agosto alle 18.00 a Cesiomaggiore, nel giardino di Villa Tauro-Zilio alle Centenere, concerto dedicato al centenario della nascita di Astor Piazzolla, il celebre musicista e compositore argentino che \u00e8 entrato nella storia della musica grazie alla sua originalissima interpretazione del tango.<\/p>\n<p>Interpreti dei pezzi di Piazzolla saranno i fisarmonicisti Roberto Caberlotto e Gilberto Meneghin, The Italian Accordion Bros, un eccezionale duo che da oltre quindici anni propone riletture ed adattamenti di musica scritta per altri strumenti (per esempio le composizioni per organo di Bach), con l&#8217;intento di dare una nuova identit\u00e0 ad uno strumento solitamente associato alla musica folk.<br \/>\nEntrambi diplomati con il massimo dei voti al Conservatorio Cherubini di Firenze, insieme hanno inciso quattro CD e hanno anche ricevuto apprezzamenti ed elogi da parte del grande maestro Ennio Morricone.<\/p>\n<p>L&#8217;ingresso \u00e8 libero, ma \u00e8 necessario portare con s\u00e9 il green pass. L&#8217;Amministrazione comunale ringrazia di cuore i proprietari della villa per l&#8217;ospitalit\u00e0 concessa.<\/p>","protected":false},"excerpt":{"rendered":"<p>Sabato 28 agosto alle 18.00 a Cesiomaggiore, nel giardino di Villa Tauro-Zilio alle Centenere, concerto dedicato al centenario della nascita di Astor Piazzolla, il celebre musicista e compositore argentino che \u00e8 entrato nella storia della musica grazie alla sua originalissima interpretazione del tango. Interpreti dei pezzi di Piazzolla saranno i fisarmonicisti Roberto Caberlotto e Gilberto [&hellip;]<\/p>\n","protected":false},"author":2,"featured_media":127185,"comment_status":"closed","ping_status":"open","sticky":false,"template":"","format":"standard","meta":{"footnotes":""},"categories":[27,3,25],"tags":[],"class_list":["post-127184","post","type-post","status-publish","format-standard","has-post-thumbnail","category-appuntamenti","category-arte-cultura-spettacoli-scienza-archivi","category-pausa-caffe"],"yoast_head":"<!-- This site is optimized with the Yoast SEO plugin v28.4 - https:\/\/yoast.com\/product\/yoast-seo-wordpress\/ -->\n<title>Sabato a Cesiomaggiore le note di Astor Piazzolla dal duo The Italian Accordion Bros - Bellunopress - Dolomiti<\/title>\n<meta name=\"robots\" content=\"index, follow, max-snippet:-1, max-image-preview:large, max-video-preview:-1\" \/>\n<link rel=\"canonical\" href=\"https:\/\/www.bellunopress.it\/fr\/2021\/08\/23\/sabato-a-cesiomaggiore-le-note-di-astor-piazzolla-dal-duo-the-italian-accordion-bros\/\" \/>\n<meta property=\"og:locale\" content=\"fr_FR\" \/>\n<meta property=\"og:type\" content=\"article\" \/>\n<meta property=\"og:title\" content=\"Sabato a Cesiomaggiore le note di Astor Piazzolla dal duo The Italian Accordion Bros - Bellunopress - Dolomiti\" \/>\n<meta property=\"og:description\" content=\"Sabato 28 agosto alle 18.00 a Cesiomaggiore, nel giardino di Villa Tauro-Zilio alle Centenere, concerto dedicato al centenario della nascita di Astor Piazzolla, il celebre musicista e compositore argentino che \u00e8 entrato nella storia della musica grazie alla sua originalissima interpretazione del tango. Interpreti dei pezzi di Piazzolla saranno i fisarmonicisti Roberto Caberlotto e Gilberto [&hellip;]\" \/>\n<meta property=\"og:url\" content=\"https:\/\/www.bellunopress.it\/fr\/2021\/08\/23\/sabato-a-cesiomaggiore-le-note-di-astor-piazzolla-dal-duo-the-italian-accordion-bros\/\" \/>\n<meta property=\"og:site_name\" content=\"Bellunopress - Dolomiti\" \/>\n<meta property=\"article:publisher\" content=\"https:\/\/www.facebook.com\/profile.php?id=100008943462799\" \/>\n<meta property=\"article:published_time\" content=\"2021-08-23T16:02:45+00:00\" \/>\n<meta property=\"article:modified_time\" content=\"2021-08-23T16:02:47+00:00\" \/>\n<meta property=\"og:image\" content=\"https:\/\/www.bellunopress.it\/wp-content\/uploads\/2021\/08\/The-italian-accordion-bros_edited.jpg\" \/>\n\t<meta property=\"og:image:width\" content=\"800\" \/>\n\t<meta property=\"og:image:height\" content=\"481\" \/>\n\t<meta property=\"og:image:type\" content=\"image\/jpeg\" \/>\n<meta name=\"author\" content=\"redazione\" \/>\n<meta name=\"twitter:card\" content=\"summary_large_image\" \/>\n<meta name=\"twitter:creator\" content=\"@bellunopress\" \/>\n<meta name=\"twitter:site\" content=\"@bellunopress\" \/>\n<meta name=\"twitter:label1\" content=\"\u00c9crit par\" \/>\n\t<meta name=\"twitter:data1\" content=\"redazione\" \/>\n\t<meta name=\"twitter:label2\" content=\"Dur\u00e9e de lecture estim\u00e9e\" \/>\n\t<meta name=\"twitter:data2\" content=\"1 minute\" \/>\n<script type=\"application\/ld+json\" class=\"yoast-schema-graph\">{\"@context\":\"https:\\\/\\\/schema.org\",\"@graph\":[{\"@type\":\"Article\",\"@id\":\"https:\\\/\\\/www.bellunopress.it\\\/2021\\\/08\\\/23\\\/sabato-a-cesiomaggiore-le-note-di-astor-piazzolla-dal-duo-the-italian-accordion-bros\\\/#article\",\"isPartOf\":{\"@id\":\"https:\\\/\\\/www.bellunopress.it\\\/2021\\\/08\\\/23\\\/sabato-a-cesiomaggiore-le-note-di-astor-piazzolla-dal-duo-the-italian-accordion-bros\\\/\"},\"author\":{\"name\":\"redazione\",\"@id\":\"https:\\\/\\\/www.bellunopress.it\\\/#\\\/schema\\\/person\\\/79bb06722b37ece1c03d3e94beb30d73\"},\"headline\":\"Sabato a Cesiomaggiore le note di Astor Piazzolla dal duo The Italian Accordion Bros\",\"datePublished\":\"2021-08-23T16:02:45+00:00\",\"dateModified\":\"2021-08-23T16:02:47+00:00\",\"mainEntityOfPage\":{\"@id\":\"https:\\\/\\\/www.bellunopress.it\\\/2021\\\/08\\\/23\\\/sabato-a-cesiomaggiore-le-note-di-astor-piazzolla-dal-duo-the-italian-accordion-bros\\\/\"},\"wordCount\":185,\"publisher\":{\"@id\":\"https:\\\/\\\/www.bellunopress.it\\\/#organization\"},\"image\":{\"@id\":\"https:\\\/\\\/www.bellunopress.it\\\/2021\\\/08\\\/23\\\/sabato-a-cesiomaggiore-le-note-di-astor-piazzolla-dal-duo-the-italian-accordion-bros\\\/#primaryimage\"},\"thumbnailUrl\":\"https:\\\/\\\/www.bellunopress.it\\\/wp-content\\\/uploads\\\/2021\\\/08\\\/The-italian-accordion-bros_edited.jpg\",\"articleSection\":[\"Appuntamenti, Eventi\",\"Arte, Cultura, Spettacoli, Scienza\",\"Pausa Caff\u00e8\"],\"inLanguage\":\"fr-FR\"},{\"@type\":\"WebPage\",\"@id\":\"https:\\\/\\\/www.bellunopress.it\\\/2021\\\/08\\\/23\\\/sabato-a-cesiomaggiore-le-note-di-astor-piazzolla-dal-duo-the-italian-accordion-bros\\\/\",\"url\":\"https:\\\/\\\/www.bellunopress.it\\\/2021\\\/08\\\/23\\\/sabato-a-cesiomaggiore-le-note-di-astor-piazzolla-dal-duo-the-italian-accordion-bros\\\/\",\"name\":\"Sabato a Cesiomaggiore le note di Astor Piazzolla dal duo The Italian Accordion Bros - Bellunopress - Dolomiti\",\"isPartOf\":{\"@id\":\"https:\\\/\\\/www.bellunopress.it\\\/#website\"},\"primaryImageOfPage\":{\"@id\":\"https:\\\/\\\/www.bellunopress.it\\\/2021\\\/08\\\/23\\\/sabato-a-cesiomaggiore-le-note-di-astor-piazzolla-dal-duo-the-italian-accordion-bros\\\/#primaryimage\"},\"image\":{\"@id\":\"https:\\\/\\\/www.bellunopress.it\\\/2021\\\/08\\\/23\\\/sabato-a-cesiomaggiore-le-note-di-astor-piazzolla-dal-duo-the-italian-accordion-bros\\\/#primaryimage\"},\"thumbnailUrl\":\"https:\\\/\\\/www.bellunopress.it\\\/wp-content\\\/uploads\\\/2021\\\/08\\\/The-italian-accordion-bros_edited.jpg\",\"datePublished\":\"2021-08-23T16:02:45+00:00\",\"dateModified\":\"2021-08-23T16:02:47+00:00\",\"breadcrumb\":{\"@id\":\"https:\\\/\\\/www.bellunopress.it\\\/2021\\\/08\\\/23\\\/sabato-a-cesiomaggiore-le-note-di-astor-piazzolla-dal-duo-the-italian-accordion-bros\\\/#breadcrumb\"},\"inLanguage\":\"fr-FR\",\"potentialAction\":[{\"@type\":\"ReadAction\",\"target\":[\"https:\\\/\\\/www.bellunopress.it\\\/2021\\\/08\\\/23\\\/sabato-a-cesiomaggiore-le-note-di-astor-piazzolla-dal-duo-the-italian-accordion-bros\\\/\"]}]},{\"@type\":\"ImageObject\",\"inLanguage\":\"fr-FR\",\"@id\":\"https:\\\/\\\/www.bellunopress.it\\\/2021\\\/08\\\/23\\\/sabato-a-cesiomaggiore-le-note-di-astor-piazzolla-dal-duo-the-italian-accordion-bros\\\/#primaryimage\",\"url\":\"https:\\\/\\\/www.bellunopress.it\\\/wp-content\\\/uploads\\\/2021\\\/08\\\/The-italian-accordion-bros_edited.jpg\",\"contentUrl\":\"https:\\\/\\\/www.bellunopress.it\\\/wp-content\\\/uploads\\\/2021\\\/08\\\/The-italian-accordion-bros_edited.jpg\",\"width\":800,\"height\":481,\"caption\":\"Roberto Caberlotto e Gilberto Meneghin, The Italian Accordion Bros\"},{\"@type\":\"BreadcrumbList\",\"@id\":\"https:\\\/\\\/www.bellunopress.it\\\/2021\\\/08\\\/23\\\/sabato-a-cesiomaggiore-le-note-di-astor-piazzolla-dal-duo-the-italian-accordion-bros\\\/#breadcrumb\",\"itemListElement\":[{\"@type\":\"ListItem\",\"position\":1,\"name\":\"Home\",\"item\":\"https:\\\/\\\/www.bellunopress.it\\\/\"},{\"@type\":\"ListItem\",\"position\":2,\"name\":\"Sabato a Cesiomaggiore le note di Astor Piazzolla dal duo The Italian Accordion Bros\"}]},{\"@type\":\"WebSite\",\"@id\":\"https:\\\/\\\/www.bellunopress.it\\\/#website\",\"url\":\"https:\\\/\\\/www.bellunopress.it\\\/\",\"name\":\"Bellunopress - Dolomiti\",\"description\":\"e-mail: redazione@bellunopress.it\",\"publisher\":{\"@id\":\"https:\\\/\\\/www.bellunopress.it\\\/#organization\"},\"potentialAction\":[{\"@type\":\"SearchAction\",\"target\":{\"@type\":\"EntryPoint\",\"urlTemplate\":\"https:\\\/\\\/www.bellunopress.it\\\/?s={search_term_string}\"},\"query-input\":{\"@type\":\"PropertyValueSpecification\",\"valueRequired\":true,\"valueName\":\"search_term_string\"}}],\"inLanguage\":\"fr-FR\"},{\"@type\":\"Organization\",\"@id\":\"https:\\\/\\\/www.bellunopress.it\\\/#organization\",\"name\":\"Bellunopress\",\"url\":\"https:\\\/\\\/www.bellunopress.it\\\/\",\"logo\":{\"@type\":\"ImageObject\",\"inLanguage\":\"fr-FR\",\"@id\":\"https:\\\/\\\/www.bellunopress.it\\\/#\\\/schema\\\/logo\\\/image\\\/\",\"url\":\"https:\\\/\\\/www.bellunopress.it\\\/wp-content\\\/uploads\\\/2011\\\/05\\\/cropped-logo-bellunopress-.jpg\",\"contentUrl\":\"https:\\\/\\\/www.bellunopress.it\\\/wp-content\\\/uploads\\\/2011\\\/05\\\/cropped-logo-bellunopress-.jpg\",\"width\":512,\"height\":512,\"caption\":\"Bellunopress\"},\"image\":{\"@id\":\"https:\\\/\\\/www.bellunopress.it\\\/#\\\/schema\\\/logo\\\/image\\\/\"},\"sameAs\":[\"https:\\\/\\\/www.facebook.com\\\/profile.php?id=100008943462799\",\"https:\\\/\\\/x.com\\\/bellunopress\",\"https:\\\/\\\/www.linkedin.com\\\/hp\\\/?dnr=JBzUWaJfMUw8vbXJJ2tVW5-I3jZKvC4wsoxE&amp;amp;amp;amp;amp;amp;trk=nav_responsive_tab_home\",\"https:\\\/\\\/www.youtube.com\\\/channel\\\/UCxL0wu1uN0_3_7hGG0306cw\"]},{\"@type\":\"Person\",\"@id\":\"https:\\\/\\\/www.bellunopress.it\\\/#\\\/schema\\\/person\\\/79bb06722b37ece1c03d3e94beb30d73\",\"name\":\"redazione\",\"image\":{\"@type\":\"ImageObject\",\"inLanguage\":\"fr-FR\",\"@id\":\"https:\\\/\\\/secure.gravatar.com\\\/avatar\\\/37d968a2e67a6fd04c169c4bdef102d0bc5d31b2546345219e348575eb80e9a0?s=96&d=mm&r=g\",\"url\":\"https:\\\/\\\/secure.gravatar.com\\\/avatar\\\/37d968a2e67a6fd04c169c4bdef102d0bc5d31b2546345219e348575eb80e9a0?s=96&d=mm&r=g\",\"contentUrl\":\"https:\\\/\\\/secure.gravatar.com\\\/avatar\\\/37d968a2e67a6fd04c169c4bdef102d0bc5d31b2546345219e348575eb80e9a0?s=96&d=mm&r=g\",\"caption\":\"redazione\"},\"sameAs\":[\"http:\\\/\\\/www.bellunopress.it\",\"https:\\\/\\\/x.com\\\/bellunopress\"],\"url\":\"https:\\\/\\\/www.bellunopress.it\\\/fr\\\/author\\\/redazione\\\/\"}]}<\/script>\n<!-- \/ Yoast SEO plugin. -->","yoast_head_json":{"title":"Sabato a Cesiomaggiore le note di Astor Piazzolla dal duo The Italian Accordion Bros - Bellunopress - Dolomiti","robots":{"index":"index","follow":"follow","max-snippet":"max-snippet:-1","max-image-preview":"max-image-preview:large","max-video-preview":"max-video-preview:-1"},"canonical":"https:\/\/www.bellunopress.it\/fr\/2021\/08\/23\/sabato-a-cesiomaggiore-le-note-di-astor-piazzolla-dal-duo-the-italian-accordion-bros\/","og_locale":"fr_FR","og_type":"article","og_title":"Sabato a Cesiomaggiore le note di Astor Piazzolla dal duo The Italian Accordion Bros - Bellunopress - Dolomiti","og_description":"Sabato 28 agosto alle 18.00 a Cesiomaggiore, nel giardino di Villa Tauro-Zilio alle Centenere, concerto dedicato al centenario della nascita di Astor Piazzolla, il celebre musicista e compositore argentino che \u00e8 entrato nella storia della musica grazie alla sua originalissima interpretazione del tango. Interpreti dei pezzi di Piazzolla saranno i fisarmonicisti Roberto Caberlotto e Gilberto [&hellip;]","og_url":"https:\/\/www.bellunopress.it\/fr\/2021\/08\/23\/sabato-a-cesiomaggiore-le-note-di-astor-piazzolla-dal-duo-the-italian-accordion-bros\/","og_site_name":"Bellunopress - Dolomiti","article_publisher":"https:\/\/www.facebook.com\/profile.php?id=100008943462799","article_published_time":"2021-08-23T16:02:45+00:00","article_modified_time":"2021-08-23T16:02:47+00:00","og_image":[{"width":800,"height":481,"url":"https:\/\/www.bellunopress.it\/wp-content\/uploads\/2021\/08\/The-italian-accordion-bros_edited.jpg","type":"image\/jpeg"}],"author":"redazione","twitter_card":"summary_large_image","twitter_creator":"@bellunopress","twitter_site":"@bellunopress","twitter_misc":{"\u00c9crit par":"redazione","Dur\u00e9e de lecture estim\u00e9e":"1 minute"},"schema":{"@context":"https:\/\/schema.org","@graph":[{"@type":"Article","@id":"https:\/\/www.bellunopress.it\/2021\/08\/23\/sabato-a-cesiomaggiore-le-note-di-astor-piazzolla-dal-duo-the-italian-accordion-bros\/#article","isPartOf":{"@id":"https:\/\/www.bellunopress.it\/2021\/08\/23\/sabato-a-cesiomaggiore-le-note-di-astor-piazzolla-dal-duo-the-italian-accordion-bros\/"},"author":{"name":"redazione","@id":"https:\/\/www.bellunopress.it\/#\/schema\/person\/79bb06722b37ece1c03d3e94beb30d73"},"headline":"Sabato a Cesiomaggiore le note di Astor Piazzolla dal duo The Italian Accordion Bros","datePublished":"2021-08-23T16:02:45+00:00","dateModified":"2021-08-23T16:02:47+00:00","mainEntityOfPage":{"@id":"https:\/\/www.bellunopress.it\/2021\/08\/23\/sabato-a-cesiomaggiore-le-note-di-astor-piazzolla-dal-duo-the-italian-accordion-bros\/"},"wordCount":185,"publisher":{"@id":"https:\/\/www.bellunopress.it\/#organization"},"image":{"@id":"https:\/\/www.bellunopress.it\/2021\/08\/23\/sabato-a-cesiomaggiore-le-note-di-astor-piazzolla-dal-duo-the-italian-accordion-bros\/#primaryimage"},"thumbnailUrl":"https:\/\/www.bellunopress.it\/wp-content\/uploads\/2021\/08\/The-italian-accordion-bros_edited.jpg","articleSection":["Appuntamenti, Eventi","Arte, Cultura, Spettacoli, Scienza","Pausa Caff\u00e8"],"inLanguage":"fr-FR"},{"@type":"WebPage","@id":"https:\/\/www.bellunopress.it\/2021\/08\/23\/sabato-a-cesiomaggiore-le-note-di-astor-piazzolla-dal-duo-the-italian-accordion-bros\/","url":"https:\/\/www.bellunopress.it\/2021\/08\/23\/sabato-a-cesiomaggiore-le-note-di-astor-piazzolla-dal-duo-the-italian-accordion-bros\/","name":"Sabato a Cesiomaggiore le note di Astor Piazzolla dal duo The Italian Accordion Bros - Bellunopress - Dolomiti","isPartOf":{"@id":"https:\/\/www.bellunopress.it\/#website"},"primaryImageOfPage":{"@id":"https:\/\/www.bellunopress.it\/2021\/08\/23\/sabato-a-cesiomaggiore-le-note-di-astor-piazzolla-dal-duo-the-italian-accordion-bros\/#primaryimage"},"image":{"@id":"https:\/\/www.bellunopress.it\/2021\/08\/23\/sabato-a-cesiomaggiore-le-note-di-astor-piazzolla-dal-duo-the-italian-accordion-bros\/#primaryimage"},"thumbnailUrl":"https:\/\/www.bellunopress.it\/wp-content\/uploads\/2021\/08\/The-italian-accordion-bros_edited.jpg","datePublished":"2021-08-23T16:02:45+00:00","dateModified":"2021-08-23T16:02:47+00:00","breadcrumb":{"@id":"https:\/\/www.bellunopress.it\/2021\/08\/23\/sabato-a-cesiomaggiore-le-note-di-astor-piazzolla-dal-duo-the-italian-accordion-bros\/#breadcrumb"},"inLanguage":"fr-FR","potentialAction":[{"@type":"ReadAction","target":["https:\/\/www.bellunopress.it\/2021\/08\/23\/sabato-a-cesiomaggiore-le-note-di-astor-piazzolla-dal-duo-the-italian-accordion-bros\/"]}]},{"@type":"ImageObject","inLanguage":"fr-FR","@id":"https:\/\/www.bellunopress.it\/2021\/08\/23\/sabato-a-cesiomaggiore-le-note-di-astor-piazzolla-dal-duo-the-italian-accordion-bros\/#primaryimage","url":"https:\/\/www.bellunopress.it\/wp-content\/uploads\/2021\/08\/The-italian-accordion-bros_edited.jpg","contentUrl":"https:\/\/www.bellunopress.it\/wp-content\/uploads\/2021\/08\/The-italian-accordion-bros_edited.jpg","width":800,"height":481,"caption":"Roberto Caberlotto e Gilberto Meneghin, The Italian Accordion Bros"},{"@type":"BreadcrumbList","@id":"https:\/\/www.bellunopress.it\/2021\/08\/23\/sabato-a-cesiomaggiore-le-note-di-astor-piazzolla-dal-duo-the-italian-accordion-bros\/#breadcrumb","itemListElement":[{"@type":"ListItem","position":1,"name":"Home","item":"https:\/\/www.bellunopress.it\/"},{"@type":"ListItem","position":2,"name":"Sabato a Cesiomaggiore le note di Astor Piazzolla dal duo The Italian Accordion Bros"}]},{"@type":"WebSite","@id":"https:\/\/www.bellunopress.it\/#website","url":"https:\/\/www.bellunopress.it\/","name":"Bellunopress - Dolomiti","description":"e-mail: redazione@bellunopress.it","publisher":{"@id":"https:\/\/www.bellunopress.it\/#organization"},"potentialAction":[{"@type":"SearchAction","target":{"@type":"EntryPoint","urlTemplate":"https:\/\/www.bellunopress.it\/?s={search_term_string}"},"query-input":{"@type":"PropertyValueSpecification","valueRequired":true,"valueName":"search_term_string"}}],"inLanguage":"fr-FR"},{"@type":"Organization","@id":"https:\/\/www.bellunopress.it\/#organization","name":"Bellunopress","url":"https:\/\/www.bellunopress.it\/","logo":{"@type":"ImageObject","inLanguage":"fr-FR","@id":"https:\/\/www.bellunopress.it\/#\/schema\/logo\/image\/","url":"https:\/\/www.bellunopress.it\/wp-content\/uploads\/2011\/05\/cropped-logo-bellunopress-.jpg","contentUrl":"https:\/\/www.bellunopress.it\/wp-content\/uploads\/2011\/05\/cropped-logo-bellunopress-.jpg","width":512,"height":512,"caption":"Bellunopress"},"image":{"@id":"https:\/\/www.bellunopress.it\/#\/schema\/logo\/image\/"},"sameAs":["https:\/\/www.facebook.com\/profile.php?id=100008943462799","https:\/\/x.com\/bellunopress","https:\/\/www.linkedin.com\/hp\/?dnr=JBzUWaJfMUw8vbXJJ2tVW5-I3jZKvC4wsoxE&amp;amp;amp;amp;amp;amp;trk=nav_responsive_tab_home","https:\/\/www.youtube.com\/channel\/UCxL0wu1uN0_3_7hGG0306cw"]},{"@type":"Person","@id":"https:\/\/www.bellunopress.it\/#\/schema\/person\/79bb06722b37ece1c03d3e94beb30d73","name":"r\u00e9daction","image":{"@type":"ImageObject","inLanguage":"fr-FR","@id":"https:\/\/secure.gravatar.com\/avatar\/37d968a2e67a6fd04c169c4bdef102d0bc5d31b2546345219e348575eb80e9a0?s=96&d=mm&r=g","url":"https:\/\/secure.gravatar.com\/avatar\/37d968a2e67a6fd04c169c4bdef102d0bc5d31b2546345219e348575eb80e9a0?s=96&d=mm&r=g","contentUrl":"https:\/\/secure.gravatar.com\/avatar\/37d968a2e67a6fd04c169c4bdef102d0bc5d31b2546345219e348575eb80e9a0?s=96&d=mm&r=g","caption":"redazione"},"sameAs":["http:\/\/www.bellunopress.it","https:\/\/x.com\/bellunopress"],"url":"https:\/\/www.bellunopress.it\/fr\/author\/redazione\/"}]}},"_links":{"self":[{"href":"https:\/\/www.bellunopress.it\/fr\/wp-json\/wp\/v2\/posts\/127184","targetHints":{"allow":["GET"]}}],"collection":[{"href":"https:\/\/www.bellunopress.it\/fr\/wp-json\/wp\/v2\/posts"}],"about":[{"href":"https:\/\/www.bellunopress.it\/fr\/wp-json\/wp\/v2\/types\/post"}],"author":[{"embeddable":true,"href":"https:\/\/www.bellunopress.it\/fr\/wp-json\/wp\/v2\/users\/2"}],"replies":[{"embeddable":true,"href":"https:\/\/www.bellunopress.it\/fr\/wp-json\/wp\/v2\/comments?post=127184"}],"version-history":[{"count":2,"href":"https:\/\/www.bellunopress.it\/fr\/wp-json\/wp\/v2\/posts\/127184\/revisions"}],"predecessor-version":[{"id":127187,"href":"https:\/\/www.bellunopress.it\/fr\/wp-json\/wp\/v2\/posts\/127184\/revisions\/127187"}],"wp:featuredmedia":[{"embeddable":true,"href":"https:\/\/www.bellunopress.it\/fr\/wp-json\/wp\/v2\/media\/127185"}],"wp:attachment":[{"href":"https:\/\/www.bellunopress.it\/fr\/wp-json\/wp\/v2\/media?parent=127184"}],"wp:term":[{"taxonomy":"category","embeddable":true,"href":"https:\/\/www.bellunopress.it\/fr\/wp-json\/wp\/v2\/categories?post=127184"},{"taxonomy":"post_tag","embeddable":true,"href":"https:\/\/www.bellunopress.it\/fr\/wp-json\/wp\/v2\/tags?post=127184"}],"curies":[{"name":"wp","href":"https:\/\/api.w.org\/{rel}","templated":true}]}}