{"id":127180,"date":"2021-08-23T17:22:47","date_gmt":"2021-08-23T15:22:47","guid":{"rendered":"https:\/\/www.bellunopress.it\/?p=127180"},"modified":"2021-08-23T17:22:51","modified_gmt":"2021-08-23T15:22:51","slug":"il-calendario-2022-della-polizia-per-sostenere-la-campagna-vaccinale-ai-bambini-dei-paesi-piu-poveri","status":"publish","type":"post","link":"https:\/\/www.bellunopress.it\/fr\/2021\/08\/23\/il-calendario-2022-della-polizia-per-sostenere-la-campagna-vaccinale-ai-bambini-dei-paesi-piu-poveri\/","title":{"rendered":"Il calendario 2022 della Polizia per sostenere la campagna vaccinale ai bambini dei Paesi pi\u00f9 poveri"},"content":{"rendered":"<p><a href=\"https:\/\/www.bellunopress.it\/fr\/2021\/08\/23\/il-calendario-2022-della-polizia-per-sostenere-la-campagna-vaccinale-ai-bambini-dei-paesi-piu-poveri\/calendario-polizia-2022\/\" rel=\"attachment wp-att-127181\"><img loading=\"lazy\" decoding=\"async\" class=\"alignleft size-full wp-image-127181\" src=\"https:\/\/www.bellunopress.it\/wp-content\/uploads\/2021\/08\/Calendario-Polizia-2022.jpg\" alt=\"\" width=\"800\" height=\"640\" srcset=\"https:\/\/www.bellunopress.it\/wp-content\/uploads\/2021\/08\/Calendario-Polizia-2022.jpg 800w, https:\/\/www.bellunopress.it\/wp-content\/uploads\/2021\/08\/Calendario-Polizia-2022-500x400.jpg 500w, https:\/\/www.bellunopress.it\/wp-content\/uploads\/2021\/08\/Calendario-Polizia-2022-696x557.jpg 696w, https:\/\/www.bellunopress.it\/wp-content\/uploads\/2021\/08\/Calendario-Polizia-2022-525x420.jpg 525w\" sizes=\"auto, (max-width: 800px) 100vw, 800px\" \/><\/a>Il calendario della Polizia di Stato 2022 racconter\u00e0 l\u2019attivit\u00e0 operativa delle donne e degli uomini della Polizia di Stato al servizio della comunit\u00e0 in un modo diverso: le fotografie che accompagnano i mesi sono state infatti scattate da 12 poliziotti che hanno cos\u00ec coniugato passione professionale e sensibilit\u00e0 estetica.<br \/>\nAnche quest\u2019anno la realizzazione del calendario della Polizia di Stato ha trovato la partnership di UNICEF. La vendita dell\u2019ultimo calendario ha permesso di devolvere quasi \u20ac 200.000 al progetto volto a fronteggiare le situazioni di disagio minorile conseguenti all\u2019emergenza da COVID 19.<\/p>\n<p>Per il 2022 il ricavato della vendita sosterr\u00e0 il progetto \u201cCOVAX per un accesso equo e globale ai vaccini\u201d che consentir\u00e0 di estendere la campagna vaccinale ai bambini dei paesi pi\u00f9 poveri.<\/p>\n<p>Una quota, come di consueto, sar\u00e0 devoluta al Piano di assistenza \u201cMarco Valerio\u201d, riservato ai figli dei dipendenti della Polizia di Stato affetti da patologie croniche.<br \/>\nChiunque potr\u00e0 prenotare il calendario da parete (costo 8 euro) e il calendario da tavolo (costo 6 euro), entro e non oltre il prossimo 21 settembre, facendo un versamento sul conto corrente postale nr. 745000, intestato a \u201c Comitato Italiano per l\u2019Unicef\u201d. Sul bollettino dovr\u00e0 essere indicata la causale \u201cCalendario della Polizia di Stato 2022\u201d. Copia dell\u2019attestazione di versamento dovr\u00e0 poi essere presentata all\u2019Ufficio Relazioni con il Pubblico della Questura competente.<\/p>\n<div class=\"container container-default container-top container-paragraph--type--text container--indent\">\n<div class=\"paragraphs-behavior-style--content-default sibling-spacer-y paragraph--indent paragraph paragraph--type--text view-mode-default paragraph--view-mode-default\">\n<div class=\"text\">\n<h2>COVAX: di cosa si tratta<\/h2>\n<p>COVAX (Covid-19-Vaccine Global Access Facility) \u00e8 un\u2019iniziativa per la distribuzione globale equa dei vaccini. L\u2019iniziativa \u00e8 applicata dall\u2019OMS in collaborazione con le Alleanze per i vaccini pubblico-private Gavi (<a class=\"ext\" href=\"https:\/\/www.gavi.org\/covax-facility\" target=\"_blank\" rel=\"noopener\" data-extlink=\"\">The Gavi Alliance<\/a>) e\u00a0<a class=\"ext\" href=\"https:\/\/cepi.net\/COVAX\/\" target=\"_blank\" rel=\"noopener\" data-extlink=\"\">CEPI (Coalition for Epidemic Preparedness Innovations)<\/a>. L\u2019UNICEF sostiene l\u2019iniziativa in qualit\u00e0 di partner principale di approvvigionamento dei vaccini. COVAX \u00e8 uno dei tre pilastri portanti del cosiddetto \u00abACT A\u00bb, ovvero \u00abAccess to Covid-19 Tools Accelerator\u00bb. \u00abACT A\u00bb \u00e8 una cooperazione globale per accelerare lo sviluppo, la produzione e l\u2019accesso equo ai test per il Covid-19, ai trattamenti con farmaci e all\u2019approvvigionamento dei vaccini.<\/p>\n<p><a title=\"unicef_fs_COVAX_2021_it\" href=\"https:\/\/www.unicef.ch\/it\/media\/2224\/download\" data-entity-substitution=\"media_download\" data-entity-type=\"media\" data-entity-uuid=\"c6f60671-f361-4e8e-8cb1-5e599950b023\">Scheda informativa: ACT-A e COVAX<\/a><\/p>\n<\/div>\n<\/div>\n<\/div>\n<div class=\"container container-default container-top container-paragraph--type--text container--indent\">\n<div class=\"paragraphs-behavior-style--content-default sibling-spacer-y paragraph--indent paragraph paragraph--type--text view-mode-default paragraph--view-mode-default\">\n<div class=\"text\">\n<h2>COVAX: cosa si prefigge<\/h2>\n<p>Scopo dell\u2019iniziativa \u00e8, da un lato, accelerare lo sviluppo e la produzione di vaccini Covid-19, dall\u2019altro, fornire agli Stati che partecipano a Covax l\u2019accesso a una serie di vaccini candidati di diversi produttori. L\u2019obiettivo di COVAX \u00e8 far s\u00ec che ogni Paese abbia accesso ai vaccini anti Covid-19, indipendentemente dal suo potere d\u2019acquisto. Entro la fine del 2021 devono essere a disposizione almeno 2 miliardi di dosi di vaccino; 1,3 miliardi di questo contingente di vaccini dovranno essere distribuiti ai Paesi pi\u00f9 poveri. I primi 2 miliardi di dosi di vaccini sono destinati ai collaboratori del settore sanitario (il 3 per cento) e alle persone a rischio \u2013 complessivamente circa il 20 per cento della popolazione. Inoltre, la cooperazione \u00abACT A\u00bb fornir\u00e0 in modo sicuro ed equo 245 milioni di prodotti terapeutici e 500 milioni di test ai Paesi pi\u00f9 poveri.<\/p>\n<\/div>\n<\/div>\n<\/div>\n<div class=\"container container-default container-top container-paragraph--type--media container--indent\">\n<div class=\"paragraphs-behavior-style--media-plain paragraphs-behavior-style--unicef-big-picture sibling-spacer-y paragraph paragraph--type--media view-mode-default paragraph--view-mode-default\"><\/div>\n<\/div>\n<div class=\"container container-default container-top container-paragraph--type--text container--indent\">\n<div class=\"paragraphs-behavior-style--content-default sibling-spacer-y paragraph--indent paragraph paragraph--type--text view-mode-default paragraph--view-mode-default\">\n<div class=\"text\">\n<h2>COVAX: come funziona<\/h2>\n<p>190 Paesi partecipano gi\u00e0 a COVAX, tra questi 98 Stati benestanti e 92 Paesi a reddito basso e medio-basso. COVAX negozia un prezzo per ciascun vaccino con i vari produttori di vaccini. Mentre i Paesi ricchi pagano il prezzo pieno negoziato, quelli pi\u00f9 poveri sono tenuti a versare soltanto un contributo finanziario. I Paesi pi\u00f9 ricchi pagano per l\u2019accesso alla gamma dei vaccini Covax. Inoltre, ci sono Paesi, come la Germania, la Francia e la Spagna, che non ordinano vaccini tramite COVAX, ma sostengono finanziariamente l\u2019approvvigionamento per altri Paesi. COVAX \u00e8 cos\u00ec finanziata dagli investimenti di donatori pubblici, ONG e persone del settore privato.<\/p>\n<p>All\u2019inizio di febbraio, COVAX ha potuto stipulare con &#8220;Serum Institute of India&#8221; un contratto di fornitura a lungo termine per vaccini Covid-19, destinato a fornire fino a 1,1 miliardi di dosi di vaccino al prezzo di circa USD 3 a dose per i Paesi pi\u00f9 poveri.<\/p>\n<p>COVAX conta di ricevere nel primo trimestre del 2021 considerevoli quantit\u00e0 del vaccino AstraZeneca\/Oxford. Inoltre, probabilmente gi\u00e0 a febbraio 2021 saranno a disposizione circa 1,2 milioni dei 40 milioni complessivi di dosi del vaccino Pfizer\/Biontech contrattualmente concordati. Anche altri produttori di vaccini come Novovax e Sanofi\/GlaxoSmithKline si sono impegnati a mettere a disposizione di COVAX grandi quantit\u00e0 di vaccino dopo l\u2019autorizzazione.<\/p>\n<\/div>\n<\/div>\n<\/div>","protected":false},"excerpt":{"rendered":"<p>Il calendario della Polizia di Stato 2022 racconter\u00e0 l\u2019attivit\u00e0 operativa delle donne e degli uomini della Polizia di Stato al servizio della comunit\u00e0 in un modo diverso: le fotografie che accompagnano i mesi sono state infatti scattate da 12 poliziotti che hanno cos\u00ec coniugato passione professionale e sensibilit\u00e0 estetica. Anche quest\u2019anno la realizzazione del calendario [&hellip;]<\/p>\n","protected":false},"author":2,"featured_media":127181,"comment_status":"closed","ping_status":"open","sticky":false,"template":"","format":"standard","meta":{"footnotes":""},"categories":[26,8],"tags":[],"class_list":["post-127180","post","type-post","status-publish","format-standard","has-post-thumbnail","category-prima-pagina","category-societa-istituzioni"],"yoast_head":"<!-- This site is optimized with the Yoast SEO plugin v28.4 - https:\/\/yoast.com\/product\/yoast-seo-wordpress\/ -->\n<title>Il calendario 2022 della Polizia per sostenere la campagna vaccinale ai bambini dei Paesi pi\u00f9 poveri - Bellunopress - Dolomiti<\/title>\n<meta name=\"robots\" content=\"index, follow, max-snippet:-1, max-image-preview:large, max-video-preview:-1\" \/>\n<link rel=\"canonical\" href=\"https:\/\/www.bellunopress.it\/fr\/2021\/08\/23\/il-calendario-2022-della-polizia-per-sostenere-la-campagna-vaccinale-ai-bambini-dei-paesi-piu-poveri\/\" \/>\n<meta property=\"og:locale\" content=\"fr_FR\" \/>\n<meta property=\"og:type\" content=\"article\" \/>\n<meta property=\"og:title\" content=\"Il calendario 2022 della Polizia per sostenere la campagna vaccinale ai bambini dei Paesi pi\u00f9 poveri - Bellunopress - Dolomiti\" \/>\n<meta property=\"og:description\" content=\"Il calendario della Polizia di Stato 2022 racconter\u00e0 l\u2019attivit\u00e0 operativa delle donne e degli uomini della Polizia di Stato al servizio della comunit\u00e0 in un modo diverso: le fotografie che accompagnano i mesi sono state infatti scattate da 12 poliziotti che hanno cos\u00ec coniugato passione professionale e sensibilit\u00e0 estetica. Anche quest\u2019anno la realizzazione del calendario [&hellip;]\" \/>\n<meta property=\"og:url\" content=\"https:\/\/www.bellunopress.it\/fr\/2021\/08\/23\/il-calendario-2022-della-polizia-per-sostenere-la-campagna-vaccinale-ai-bambini-dei-paesi-piu-poveri\/\" \/>\n<meta property=\"og:site_name\" content=\"Bellunopress - Dolomiti\" \/>\n<meta property=\"article:publisher\" content=\"https:\/\/www.facebook.com\/profile.php?id=100008943462799\" \/>\n<meta property=\"article:published_time\" content=\"2021-08-23T15:22:47+00:00\" \/>\n<meta property=\"article:modified_time\" content=\"2021-08-23T15:22:51+00:00\" \/>\n<meta property=\"og:image\" content=\"https:\/\/www.bellunopress.it\/wp-content\/uploads\/2021\/08\/Calendario-Polizia-2022.jpg\" \/>\n\t<meta property=\"og:image:width\" content=\"800\" \/>\n\t<meta property=\"og:image:height\" content=\"640\" \/>\n\t<meta property=\"og:image:type\" content=\"image\/jpeg\" \/>\n<meta name=\"author\" content=\"redazione\" \/>\n<meta name=\"twitter:card\" content=\"summary_large_image\" \/>\n<meta name=\"twitter:creator\" content=\"@bellunopress\" \/>\n<meta name=\"twitter:site\" content=\"@bellunopress\" \/>\n<meta name=\"twitter:label1\" content=\"\u00c9crit par\" \/>\n\t<meta name=\"twitter:data1\" content=\"redazione\" \/>\n\t<meta name=\"twitter:label2\" content=\"Dur\u00e9e de lecture estim\u00e9e\" \/>\n\t<meta name=\"twitter:data2\" content=\"4 minutes\" \/>\n<script type=\"application\/ld+json\" class=\"yoast-schema-graph\">{\"@context\":\"https:\\\/\\\/schema.org\",\"@graph\":[{\"@type\":\"Article\",\"@id\":\"https:\\\/\\\/www.bellunopress.it\\\/2021\\\/08\\\/23\\\/il-calendario-2022-della-polizia-per-sostenere-la-campagna-vaccinale-ai-bambini-dei-paesi-piu-poveri\\\/#article\",\"isPartOf\":{\"@id\":\"https:\\\/\\\/www.bellunopress.it\\\/2021\\\/08\\\/23\\\/il-calendario-2022-della-polizia-per-sostenere-la-campagna-vaccinale-ai-bambini-dei-paesi-piu-poveri\\\/\"},\"author\":{\"name\":\"redazione\",\"@id\":\"https:\\\/\\\/www.bellunopress.it\\\/#\\\/schema\\\/person\\\/79bb06722b37ece1c03d3e94beb30d73\"},\"headline\":\"Il calendario 2022 della Polizia per sostenere la campagna vaccinale ai bambini dei Paesi pi\u00f9 poveri\",\"datePublished\":\"2021-08-23T15:22:47+00:00\",\"dateModified\":\"2021-08-23T15:22:51+00:00\",\"mainEntityOfPage\":{\"@id\":\"https:\\\/\\\/www.bellunopress.it\\\/2021\\\/08\\\/23\\\/il-calendario-2022-della-polizia-per-sostenere-la-campagna-vaccinale-ai-bambini-dei-paesi-piu-poveri\\\/\"},\"wordCount\":689,\"publisher\":{\"@id\":\"https:\\\/\\\/www.bellunopress.it\\\/#organization\"},\"image\":{\"@id\":\"https:\\\/\\\/www.bellunopress.it\\\/2021\\\/08\\\/23\\\/il-calendario-2022-della-polizia-per-sostenere-la-campagna-vaccinale-ai-bambini-dei-paesi-piu-poveri\\\/#primaryimage\"},\"thumbnailUrl\":\"https:\\\/\\\/www.bellunopress.it\\\/wp-content\\\/uploads\\\/2021\\\/08\\\/Calendario-Polizia-2022.jpg\",\"articleSection\":[\"Prima Pagina\",\"Societ\u00e0, Associazioni, Istituzioni\"],\"inLanguage\":\"fr-FR\"},{\"@type\":\"WebPage\",\"@id\":\"https:\\\/\\\/www.bellunopress.it\\\/2021\\\/08\\\/23\\\/il-calendario-2022-della-polizia-per-sostenere-la-campagna-vaccinale-ai-bambini-dei-paesi-piu-poveri\\\/\",\"url\":\"https:\\\/\\\/www.bellunopress.it\\\/2021\\\/08\\\/23\\\/il-calendario-2022-della-polizia-per-sostenere-la-campagna-vaccinale-ai-bambini-dei-paesi-piu-poveri\\\/\",\"name\":\"Il calendario 2022 della Polizia per sostenere la campagna vaccinale ai bambini dei Paesi pi\u00f9 poveri - Bellunopress - Dolomiti\",\"isPartOf\":{\"@id\":\"https:\\\/\\\/www.bellunopress.it\\\/#website\"},\"primaryImageOfPage\":{\"@id\":\"https:\\\/\\\/www.bellunopress.it\\\/2021\\\/08\\\/23\\\/il-calendario-2022-della-polizia-per-sostenere-la-campagna-vaccinale-ai-bambini-dei-paesi-piu-poveri\\\/#primaryimage\"},\"image\":{\"@id\":\"https:\\\/\\\/www.bellunopress.it\\\/2021\\\/08\\\/23\\\/il-calendario-2022-della-polizia-per-sostenere-la-campagna-vaccinale-ai-bambini-dei-paesi-piu-poveri\\\/#primaryimage\"},\"thumbnailUrl\":\"https:\\\/\\\/www.bellunopress.it\\\/wp-content\\\/uploads\\\/2021\\\/08\\\/Calendario-Polizia-2022.jpg\",\"datePublished\":\"2021-08-23T15:22:47+00:00\",\"dateModified\":\"2021-08-23T15:22:51+00:00\",\"breadcrumb\":{\"@id\":\"https:\\\/\\\/www.bellunopress.it\\\/2021\\\/08\\\/23\\\/il-calendario-2022-della-polizia-per-sostenere-la-campagna-vaccinale-ai-bambini-dei-paesi-piu-poveri\\\/#breadcrumb\"},\"inLanguage\":\"fr-FR\",\"potentialAction\":[{\"@type\":\"ReadAction\",\"target\":[\"https:\\\/\\\/www.bellunopress.it\\\/2021\\\/08\\\/23\\\/il-calendario-2022-della-polizia-per-sostenere-la-campagna-vaccinale-ai-bambini-dei-paesi-piu-poveri\\\/\"]}]},{\"@type\":\"ImageObject\",\"inLanguage\":\"fr-FR\",\"@id\":\"https:\\\/\\\/www.bellunopress.it\\\/2021\\\/08\\\/23\\\/il-calendario-2022-della-polizia-per-sostenere-la-campagna-vaccinale-ai-bambini-dei-paesi-piu-poveri\\\/#primaryimage\",\"url\":\"https:\\\/\\\/www.bellunopress.it\\\/wp-content\\\/uploads\\\/2021\\\/08\\\/Calendario-Polizia-2022.jpg\",\"contentUrl\":\"https:\\\/\\\/www.bellunopress.it\\\/wp-content\\\/uploads\\\/2021\\\/08\\\/Calendario-Polizia-2022.jpg\",\"width\":800,\"height\":640},{\"@type\":\"BreadcrumbList\",\"@id\":\"https:\\\/\\\/www.bellunopress.it\\\/2021\\\/08\\\/23\\\/il-calendario-2022-della-polizia-per-sostenere-la-campagna-vaccinale-ai-bambini-dei-paesi-piu-poveri\\\/#breadcrumb\",\"itemListElement\":[{\"@type\":\"ListItem\",\"position\":1,\"name\":\"Home\",\"item\":\"https:\\\/\\\/www.bellunopress.it\\\/\"},{\"@type\":\"ListItem\",\"position\":2,\"name\":\"Il calendario 2022 della Polizia per sostenere la campagna vaccinale ai bambini dei Paesi pi\u00f9 poveri\"}]},{\"@type\":\"WebSite\",\"@id\":\"https:\\\/\\\/www.bellunopress.it\\\/#website\",\"url\":\"https:\\\/\\\/www.bellunopress.it\\\/\",\"name\":\"Bellunopress - Dolomiti\",\"description\":\"e-mail: redazione@bellunopress.it\",\"publisher\":{\"@id\":\"https:\\\/\\\/www.bellunopress.it\\\/#organization\"},\"potentialAction\":[{\"@type\":\"SearchAction\",\"target\":{\"@type\":\"EntryPoint\",\"urlTemplate\":\"https:\\\/\\\/www.bellunopress.it\\\/?s={search_term_string}\"},\"query-input\":{\"@type\":\"PropertyValueSpecification\",\"valueRequired\":true,\"valueName\":\"search_term_string\"}}],\"inLanguage\":\"fr-FR\"},{\"@type\":\"Organization\",\"@id\":\"https:\\\/\\\/www.bellunopress.it\\\/#organization\",\"name\":\"Bellunopress\",\"url\":\"https:\\\/\\\/www.bellunopress.it\\\/\",\"logo\":{\"@type\":\"ImageObject\",\"inLanguage\":\"fr-FR\",\"@id\":\"https:\\\/\\\/www.bellunopress.it\\\/#\\\/schema\\\/logo\\\/image\\\/\",\"url\":\"https:\\\/\\\/www.bellunopress.it\\\/wp-content\\\/uploads\\\/2011\\\/05\\\/cropped-logo-bellunopress-.jpg\",\"contentUrl\":\"https:\\\/\\\/www.bellunopress.it\\\/wp-content\\\/uploads\\\/2011\\\/05\\\/cropped-logo-bellunopress-.jpg\",\"width\":512,\"height\":512,\"caption\":\"Bellunopress\"},\"image\":{\"@id\":\"https:\\\/\\\/www.bellunopress.it\\\/#\\\/schema\\\/logo\\\/image\\\/\"},\"sameAs\":[\"https:\\\/\\\/www.facebook.com\\\/profile.php?id=100008943462799\",\"https:\\\/\\\/x.com\\\/bellunopress\",\"https:\\\/\\\/www.linkedin.com\\\/hp\\\/?dnr=JBzUWaJfMUw8vbXJJ2tVW5-I3jZKvC4wsoxE&amp;amp;amp;amp;amp;amp;trk=nav_responsive_tab_home\",\"https:\\\/\\\/www.youtube.com\\\/channel\\\/UCxL0wu1uN0_3_7hGG0306cw\"]},{\"@type\":\"Person\",\"@id\":\"https:\\\/\\\/www.bellunopress.it\\\/#\\\/schema\\\/person\\\/79bb06722b37ece1c03d3e94beb30d73\",\"name\":\"redazione\",\"image\":{\"@type\":\"ImageObject\",\"inLanguage\":\"fr-FR\",\"@id\":\"https:\\\/\\\/secure.gravatar.com\\\/avatar\\\/37d968a2e67a6fd04c169c4bdef102d0bc5d31b2546345219e348575eb80e9a0?s=96&d=mm&r=g\",\"url\":\"https:\\\/\\\/secure.gravatar.com\\\/avatar\\\/37d968a2e67a6fd04c169c4bdef102d0bc5d31b2546345219e348575eb80e9a0?s=96&d=mm&r=g\",\"contentUrl\":\"https:\\\/\\\/secure.gravatar.com\\\/avatar\\\/37d968a2e67a6fd04c169c4bdef102d0bc5d31b2546345219e348575eb80e9a0?s=96&d=mm&r=g\",\"caption\":\"redazione\"},\"sameAs\":[\"http:\\\/\\\/www.bellunopress.it\",\"https:\\\/\\\/x.com\\\/bellunopress\"],\"url\":\"https:\\\/\\\/www.bellunopress.it\\\/fr\\\/author\\\/redazione\\\/\"}]}<\/script>\n<!-- \/ Yoast SEO plugin. -->","yoast_head_json":{"title":"Il calendario 2022 della Polizia per sostenere la campagna vaccinale ai bambini dei Paesi pi\u00f9 poveri - Bellunopress - Dolomiti","robots":{"index":"index","follow":"follow","max-snippet":"max-snippet:-1","max-image-preview":"max-image-preview:large","max-video-preview":"max-video-preview:-1"},"canonical":"https:\/\/www.bellunopress.it\/fr\/2021\/08\/23\/il-calendario-2022-della-polizia-per-sostenere-la-campagna-vaccinale-ai-bambini-dei-paesi-piu-poveri\/","og_locale":"fr_FR","og_type":"article","og_title":"Il calendario 2022 della Polizia per sostenere la campagna vaccinale ai bambini dei Paesi pi\u00f9 poveri - Bellunopress - Dolomiti","og_description":"Il calendario della Polizia di Stato 2022 racconter\u00e0 l\u2019attivit\u00e0 operativa delle donne e degli uomini della Polizia di Stato al servizio della comunit\u00e0 in un modo diverso: le fotografie che accompagnano i mesi sono state infatti scattate da 12 poliziotti che hanno cos\u00ec coniugato passione professionale e sensibilit\u00e0 estetica. Anche quest\u2019anno la realizzazione del calendario [&hellip;]","og_url":"https:\/\/www.bellunopress.it\/fr\/2021\/08\/23\/il-calendario-2022-della-polizia-per-sostenere-la-campagna-vaccinale-ai-bambini-dei-paesi-piu-poveri\/","og_site_name":"Bellunopress - Dolomiti","article_publisher":"https:\/\/www.facebook.com\/profile.php?id=100008943462799","article_published_time":"2021-08-23T15:22:47+00:00","article_modified_time":"2021-08-23T15:22:51+00:00","og_image":[{"width":800,"height":640,"url":"https:\/\/www.bellunopress.it\/wp-content\/uploads\/2021\/08\/Calendario-Polizia-2022.jpg","type":"image\/jpeg"}],"author":"redazione","twitter_card":"summary_large_image","twitter_creator":"@bellunopress","twitter_site":"@bellunopress","twitter_misc":{"\u00c9crit par":"redazione","Dur\u00e9e de lecture estim\u00e9e":"4 minutes"},"schema":{"@context":"https:\/\/schema.org","@graph":[{"@type":"Article","@id":"https:\/\/www.bellunopress.it\/2021\/08\/23\/il-calendario-2022-della-polizia-per-sostenere-la-campagna-vaccinale-ai-bambini-dei-paesi-piu-poveri\/#article","isPartOf":{"@id":"https:\/\/www.bellunopress.it\/2021\/08\/23\/il-calendario-2022-della-polizia-per-sostenere-la-campagna-vaccinale-ai-bambini-dei-paesi-piu-poveri\/"},"author":{"name":"redazione","@id":"https:\/\/www.bellunopress.it\/#\/schema\/person\/79bb06722b37ece1c03d3e94beb30d73"},"headline":"Il calendario 2022 della Polizia per sostenere la campagna vaccinale ai bambini dei Paesi pi\u00f9 poveri","datePublished":"2021-08-23T15:22:47+00:00","dateModified":"2021-08-23T15:22:51+00:00","mainEntityOfPage":{"@id":"https:\/\/www.bellunopress.it\/2021\/08\/23\/il-calendario-2022-della-polizia-per-sostenere-la-campagna-vaccinale-ai-bambini-dei-paesi-piu-poveri\/"},"wordCount":689,"publisher":{"@id":"https:\/\/www.bellunopress.it\/#organization"},"image":{"@id":"https:\/\/www.bellunopress.it\/2021\/08\/23\/il-calendario-2022-della-polizia-per-sostenere-la-campagna-vaccinale-ai-bambini-dei-paesi-piu-poveri\/#primaryimage"},"thumbnailUrl":"https:\/\/www.bellunopress.it\/wp-content\/uploads\/2021\/08\/Calendario-Polizia-2022.jpg","articleSection":["Prima Pagina","Societ\u00e0, Associazioni, Istituzioni"],"inLanguage":"fr-FR"},{"@type":"WebPage","@id":"https:\/\/www.bellunopress.it\/2021\/08\/23\/il-calendario-2022-della-polizia-per-sostenere-la-campagna-vaccinale-ai-bambini-dei-paesi-piu-poveri\/","url":"https:\/\/www.bellunopress.it\/2021\/08\/23\/il-calendario-2022-della-polizia-per-sostenere-la-campagna-vaccinale-ai-bambini-dei-paesi-piu-poveri\/","name":"Il calendario 2022 della Polizia per sostenere la campagna vaccinale ai bambini dei Paesi pi\u00f9 poveri - Bellunopress - Dolomiti","isPartOf":{"@id":"https:\/\/www.bellunopress.it\/#website"},"primaryImageOfPage":{"@id":"https:\/\/www.bellunopress.it\/2021\/08\/23\/il-calendario-2022-della-polizia-per-sostenere-la-campagna-vaccinale-ai-bambini-dei-paesi-piu-poveri\/#primaryimage"},"image":{"@id":"https:\/\/www.bellunopress.it\/2021\/08\/23\/il-calendario-2022-della-polizia-per-sostenere-la-campagna-vaccinale-ai-bambini-dei-paesi-piu-poveri\/#primaryimage"},"thumbnailUrl":"https:\/\/www.bellunopress.it\/wp-content\/uploads\/2021\/08\/Calendario-Polizia-2022.jpg","datePublished":"2021-08-23T15:22:47+00:00","dateModified":"2021-08-23T15:22:51+00:00","breadcrumb":{"@id":"https:\/\/www.bellunopress.it\/2021\/08\/23\/il-calendario-2022-della-polizia-per-sostenere-la-campagna-vaccinale-ai-bambini-dei-paesi-piu-poveri\/#breadcrumb"},"inLanguage":"fr-FR","potentialAction":[{"@type":"ReadAction","target":["https:\/\/www.bellunopress.it\/2021\/08\/23\/il-calendario-2022-della-polizia-per-sostenere-la-campagna-vaccinale-ai-bambini-dei-paesi-piu-poveri\/"]}]},{"@type":"ImageObject","inLanguage":"fr-FR","@id":"https:\/\/www.bellunopress.it\/2021\/08\/23\/il-calendario-2022-della-polizia-per-sostenere-la-campagna-vaccinale-ai-bambini-dei-paesi-piu-poveri\/#primaryimage","url":"https:\/\/www.bellunopress.it\/wp-content\/uploads\/2021\/08\/Calendario-Polizia-2022.jpg","contentUrl":"https:\/\/www.bellunopress.it\/wp-content\/uploads\/2021\/08\/Calendario-Polizia-2022.jpg","width":800,"height":640},{"@type":"BreadcrumbList","@id":"https:\/\/www.bellunopress.it\/2021\/08\/23\/il-calendario-2022-della-polizia-per-sostenere-la-campagna-vaccinale-ai-bambini-dei-paesi-piu-poveri\/#breadcrumb","itemListElement":[{"@type":"ListItem","position":1,"name":"Home","item":"https:\/\/www.bellunopress.it\/"},{"@type":"ListItem","position":2,"name":"Il calendario 2022 della Polizia per sostenere la campagna vaccinale ai bambini dei Paesi pi\u00f9 poveri"}]},{"@type":"WebSite","@id":"https:\/\/www.bellunopress.it\/#website","url":"https:\/\/www.bellunopress.it\/","name":"Bellunopress - Dolomiti","description":"e-mail: redazione@bellunopress.it","publisher":{"@id":"https:\/\/www.bellunopress.it\/#organization"},"potentialAction":[{"@type":"SearchAction","target":{"@type":"EntryPoint","urlTemplate":"https:\/\/www.bellunopress.it\/?s={search_term_string}"},"query-input":{"@type":"PropertyValueSpecification","valueRequired":true,"valueName":"search_term_string"}}],"inLanguage":"fr-FR"},{"@type":"Organization","@id":"https:\/\/www.bellunopress.it\/#organization","name":"Bellunopress","url":"https:\/\/www.bellunopress.it\/","logo":{"@type":"ImageObject","inLanguage":"fr-FR","@id":"https:\/\/www.bellunopress.it\/#\/schema\/logo\/image\/","url":"https:\/\/www.bellunopress.it\/wp-content\/uploads\/2011\/05\/cropped-logo-bellunopress-.jpg","contentUrl":"https:\/\/www.bellunopress.it\/wp-content\/uploads\/2011\/05\/cropped-logo-bellunopress-.jpg","width":512,"height":512,"caption":"Bellunopress"},"image":{"@id":"https:\/\/www.bellunopress.it\/#\/schema\/logo\/image\/"},"sameAs":["https:\/\/www.facebook.com\/profile.php?id=100008943462799","https:\/\/x.com\/bellunopress","https:\/\/www.linkedin.com\/hp\/?dnr=JBzUWaJfMUw8vbXJJ2tVW5-I3jZKvC4wsoxE&amp;amp;amp;amp;amp;amp;trk=nav_responsive_tab_home","https:\/\/www.youtube.com\/channel\/UCxL0wu1uN0_3_7hGG0306cw"]},{"@type":"Person","@id":"https:\/\/www.bellunopress.it\/#\/schema\/person\/79bb06722b37ece1c03d3e94beb30d73","name":"r\u00e9daction","image":{"@type":"ImageObject","inLanguage":"fr-FR","@id":"https:\/\/secure.gravatar.com\/avatar\/37d968a2e67a6fd04c169c4bdef102d0bc5d31b2546345219e348575eb80e9a0?s=96&d=mm&r=g","url":"https:\/\/secure.gravatar.com\/avatar\/37d968a2e67a6fd04c169c4bdef102d0bc5d31b2546345219e348575eb80e9a0?s=96&d=mm&r=g","contentUrl":"https:\/\/secure.gravatar.com\/avatar\/37d968a2e67a6fd04c169c4bdef102d0bc5d31b2546345219e348575eb80e9a0?s=96&d=mm&r=g","caption":"redazione"},"sameAs":["http:\/\/www.bellunopress.it","https:\/\/x.com\/bellunopress"],"url":"https:\/\/www.bellunopress.it\/fr\/author\/redazione\/"}]}},"_links":{"self":[{"href":"https:\/\/www.bellunopress.it\/fr\/wp-json\/wp\/v2\/posts\/127180","targetHints":{"allow":["GET"]}}],"collection":[{"href":"https:\/\/www.bellunopress.it\/fr\/wp-json\/wp\/v2\/posts"}],"about":[{"href":"https:\/\/www.bellunopress.it\/fr\/wp-json\/wp\/v2\/types\/post"}],"author":[{"embeddable":true,"href":"https:\/\/www.bellunopress.it\/fr\/wp-json\/wp\/v2\/users\/2"}],"replies":[{"embeddable":true,"href":"https:\/\/www.bellunopress.it\/fr\/wp-json\/wp\/v2\/comments?post=127180"}],"version-history":[{"count":2,"href":"https:\/\/www.bellunopress.it\/fr\/wp-json\/wp\/v2\/posts\/127180\/revisions"}],"predecessor-version":[{"id":127183,"href":"https:\/\/www.bellunopress.it\/fr\/wp-json\/wp\/v2\/posts\/127180\/revisions\/127183"}],"wp:featuredmedia":[{"embeddable":true,"href":"https:\/\/www.bellunopress.it\/fr\/wp-json\/wp\/v2\/media\/127181"}],"wp:attachment":[{"href":"https:\/\/www.bellunopress.it\/fr\/wp-json\/wp\/v2\/media?parent=127180"}],"wp:term":[{"taxonomy":"category","embeddable":true,"href":"https:\/\/www.bellunopress.it\/fr\/wp-json\/wp\/v2\/categories?post=127180"},{"taxonomy":"post_tag","embeddable":true,"href":"https:\/\/www.bellunopress.it\/fr\/wp-json\/wp\/v2\/tags?post=127180"}],"curies":[{"name":"wp","href":"https:\/\/api.w.org\/{rel}","templated":true}]}}