{"id":12716,"date":"2010-02-19T16:16:47","date_gmt":"2010-02-19T15:16:47","guid":{"rendered":"http:\/\/www.bellunopress.it\/?p=12716"},"modified":"2010-02-19T16:16:47","modified_gmt":"2010-02-19T15:16:47","slug":"marina-valmassoi-e-milena-zamatteo-ai-mondiali-di-andorra","status":"publish","type":"post","link":"https:\/\/www.bellunopress.it\/fr\/2010\/02\/19\/marina-valmassoi-e-milena-zamatteo-ai-mondiali-di-andorra\/","title":{"rendered":"Marina Valmassoi e Milena Zamatteo ai Mondiali di Andorra"},"content":{"rendered":"<figure id=\"attachment_12717\" aria-describedby=\"caption-attachment-12717\" style=\"width: 202px\" class=\"wp-caption alignleft\"><a href=\"http:\/\/www.bellunopress.it\/wp-content\/uploads\/2010\/02\/milena-zamatteo-2010.jpg\"><img loading=\"lazy\" decoding=\"async\" class=\"size-medium wp-image-12717\" title=\"milena-zamatteo-2010\" src=\"http:\/\/www.bellunopress.it\/wp-content\/uploads\/2010\/02\/milena-zamatteo-2010.jpg\" alt=\"Milena Zamatteo\" width=\"202\" height=\"270\" \/><\/a><figcaption id=\"caption-attachment-12717\" class=\"wp-caption-text\">Milena Zamatteo<\/figcaption><\/figure>\n<p>Sono due le convocate del Comitato Veneto Fisi per i prossimi Campionati del Mondo di sci alpinismo che si svolgeranno ad Andorra ad inizio marzo. Si tratta di due atlete del Dolomiti Ski Alp: la cadorina Marina Valmassoi che garegger\u00e0 nella categoria Espoir (20-23 anni) e l\u2019agordina di Falcade Milena Zamatteo che si confronter\u00e0 nella categoria Cadette (15-17 anni). \u00abE\u2019 grande la soddisfazione del Comitato Veneto Fisi \u2013 commenta il coordinatore dello sci alpinismo regionale, Vittorio Romor \u2013 Da cinque anni a questa parte un nostro atleta \u00e8 sempre stato chiamato a far parte delle rappresentative azzurre giovanili, a dimostrazione di un movimento che si sta consolidando. Lo scorso anno, agli Europei in Alpago, Martina Valmassoi aveva anche conquistato una medaglia. Che questo alloro sia di buon auspicio per la prossima rassegna iridata. Al maschile non abbiamo rappresentanti \u2013 continua Romor \u2013 ma i nostri ragazzi sono in costante crescita, come dimostra, per tutti, il vicentino Davide Pierantoni, che ha sfiorato l\u2019azzurro Juniores per i Mondiali di Andorra\u00bb.<\/p>","protected":false},"excerpt":{"rendered":"<p>Sono due le convocate del Comitato Veneto Fisi per i prossimi Campionati del Mondo di sci alpinismo che si svolgeranno ad Andorra ad inizio marzo. Si tratta di due atlete del Dolomiti Ski Alp: la cadorina Marina Valmassoi che garegger\u00e0 nella categoria Espoir (20-23 anni) e l\u2019agordina di Falcade Milena Zamatteo che si confronter\u00e0 nella [&hellip;]<\/p>\n","protected":false},"author":2,"featured_media":0,"comment_status":"closed","ping_status":"open","sticky":false,"template":"","format":"standard","meta":{"footnotes":""},"categories":[26,4],"tags":[216,215,217,218],"class_list":["post-12716","post","type-post","status-publish","format-standard","category-prima-pagina","category-sport","tag-campionati-del-mondo-sci-alpinismo-andorra","tag-comitato-veneto-fisi","tag-marina-valmassoi","tag-milena-zamatteo"],"yoast_head":"<!-- This site is optimized with the Yoast SEO plugin v28.4 - https:\/\/yoast.com\/product\/yoast-seo-wordpress\/ -->\n<title>Marina Valmassoi e Milena Zamatteo ai Mondiali di Andorra   - Bellunopress - Dolomiti<\/title>\n<meta name=\"robots\" content=\"index, follow, max-snippet:-1, max-image-preview:large, max-video-preview:-1\" \/>\n<link rel=\"canonical\" href=\"https:\/\/www.bellunopress.it\/fr\/2010\/02\/19\/marina-valmassoi-e-milena-zamatteo-ai-mondiali-di-andorra\/\" \/>\n<meta property=\"og:locale\" content=\"fr_FR\" \/>\n<meta property=\"og:type\" content=\"article\" \/>\n<meta property=\"og:title\" content=\"Marina Valmassoi e Milena Zamatteo ai Mondiali di Andorra   - Bellunopress - Dolomiti\" \/>\n<meta property=\"og:description\" content=\"Sono due le convocate del Comitato Veneto Fisi per i prossimi Campionati del Mondo di sci alpinismo che si svolgeranno ad Andorra ad inizio marzo. Si tratta di due atlete del Dolomiti Ski Alp: la cadorina Marina Valmassoi che garegger\u00e0 nella categoria Espoir (20-23 anni) e l\u2019agordina di Falcade Milena Zamatteo che si confronter\u00e0 nella [&hellip;]\" \/>\n<meta property=\"og:url\" content=\"https:\/\/www.bellunopress.it\/fr\/2010\/02\/19\/marina-valmassoi-e-milena-zamatteo-ai-mondiali-di-andorra\/\" \/>\n<meta property=\"og:site_name\" content=\"Bellunopress - Dolomiti\" \/>\n<meta property=\"article:publisher\" content=\"https:\/\/www.facebook.com\/profile.php?id=100008943462799\" \/>\n<meta property=\"article:published_time\" content=\"2010-02-19T15:16:47+00:00\" \/>\n<meta property=\"og:image\" content=\"http:\/\/www.bellunopress.it\/wp-content\/uploads\/2010\/02\/milena-zamatteo-2010.jpg\" \/>\n<meta name=\"author\" content=\"redazione\" \/>\n<meta name=\"twitter:card\" content=\"summary_large_image\" \/>\n<meta name=\"twitter:creator\" content=\"@bellunopress\" \/>\n<meta name=\"twitter:site\" content=\"@bellunopress\" \/>\n<meta name=\"twitter:label1\" content=\"\u00c9crit par\" \/>\n\t<meta name=\"twitter:data1\" content=\"redazione\" \/>\n\t<meta name=\"twitter:label2\" content=\"Dur\u00e9e de lecture estim\u00e9e\" \/>\n\t<meta name=\"twitter:data2\" content=\"1 minute\" \/>\n<script type=\"application\/ld+json\" class=\"yoast-schema-graph\">{\"@context\":\"https:\\\/\\\/schema.org\",\"@graph\":[{\"@type\":\"Article\",\"@id\":\"https:\\\/\\\/www.bellunopress.it\\\/2010\\\/02\\\/19\\\/marina-valmassoi-e-milena-zamatteo-ai-mondiali-di-andorra\\\/#article\",\"isPartOf\":{\"@id\":\"https:\\\/\\\/www.bellunopress.it\\\/2010\\\/02\\\/19\\\/marina-valmassoi-e-milena-zamatteo-ai-mondiali-di-andorra\\\/\"},\"author\":{\"name\":\"redazione\",\"@id\":\"https:\\\/\\\/www.bellunopress.it\\\/#\\\/schema\\\/person\\\/79bb06722b37ece1c03d3e94beb30d73\"},\"headline\":\"Marina Valmassoi e Milena Zamatteo ai Mondiali di Andorra\",\"datePublished\":\"2010-02-19T15:16:47+00:00\",\"mainEntityOfPage\":{\"@id\":\"https:\\\/\\\/www.bellunopress.it\\\/2010\\\/02\\\/19\\\/marina-valmassoi-e-milena-zamatteo-ai-mondiali-di-andorra\\\/\"},\"wordCount\":184,\"publisher\":{\"@id\":\"https:\\\/\\\/www.bellunopress.it\\\/#organization\"},\"image\":{\"@id\":\"https:\\\/\\\/www.bellunopress.it\\\/2010\\\/02\\\/19\\\/marina-valmassoi-e-milena-zamatteo-ai-mondiali-di-andorra\\\/#primaryimage\"},\"thumbnailUrl\":\"http:\\\/\\\/www.bellunopress.it\\\/wp-content\\\/uploads\\\/2010\\\/02\\\/milena-zamatteo-2010.jpg\",\"keywords\":[\"Campionati del mondo sci alpinismo Andorra\",\"comitato veneto Fisi\",\"Marina Valmassoi\",\"Milena Zamatteo\"],\"articleSection\":[\"Prima Pagina\",\"Sport, tempo libero\"],\"inLanguage\":\"fr-FR\"},{\"@type\":\"WebPage\",\"@id\":\"https:\\\/\\\/www.bellunopress.it\\\/2010\\\/02\\\/19\\\/marina-valmassoi-e-milena-zamatteo-ai-mondiali-di-andorra\\\/\",\"url\":\"https:\\\/\\\/www.bellunopress.it\\\/2010\\\/02\\\/19\\\/marina-valmassoi-e-milena-zamatteo-ai-mondiali-di-andorra\\\/\",\"name\":\"Marina Valmassoi e Milena Zamatteo ai Mondiali di Andorra - Bellunopress - Dolomiti\",\"isPartOf\":{\"@id\":\"https:\\\/\\\/www.bellunopress.it\\\/#website\"},\"primaryImageOfPage\":{\"@id\":\"https:\\\/\\\/www.bellunopress.it\\\/2010\\\/02\\\/19\\\/marina-valmassoi-e-milena-zamatteo-ai-mondiali-di-andorra\\\/#primaryimage\"},\"image\":{\"@id\":\"https:\\\/\\\/www.bellunopress.it\\\/2010\\\/02\\\/19\\\/marina-valmassoi-e-milena-zamatteo-ai-mondiali-di-andorra\\\/#primaryimage\"},\"thumbnailUrl\":\"http:\\\/\\\/www.bellunopress.it\\\/wp-content\\\/uploads\\\/2010\\\/02\\\/milena-zamatteo-2010.jpg\",\"datePublished\":\"2010-02-19T15:16:47+00:00\",\"breadcrumb\":{\"@id\":\"https:\\\/\\\/www.bellunopress.it\\\/2010\\\/02\\\/19\\\/marina-valmassoi-e-milena-zamatteo-ai-mondiali-di-andorra\\\/#breadcrumb\"},\"inLanguage\":\"fr-FR\",\"potentialAction\":[{\"@type\":\"ReadAction\",\"target\":[\"https:\\\/\\\/www.bellunopress.it\\\/2010\\\/02\\\/19\\\/marina-valmassoi-e-milena-zamatteo-ai-mondiali-di-andorra\\\/\"]}]},{\"@type\":\"ImageObject\",\"inLanguage\":\"fr-FR\",\"@id\":\"https:\\\/\\\/www.bellunopress.it\\\/2010\\\/02\\\/19\\\/marina-valmassoi-e-milena-zamatteo-ai-mondiali-di-andorra\\\/#primaryimage\",\"url\":\"http:\\\/\\\/www.bellunopress.it\\\/wp-content\\\/uploads\\\/2010\\\/02\\\/milena-zamatteo-2010.jpg\",\"contentUrl\":\"http:\\\/\\\/www.bellunopress.it\\\/wp-content\\\/uploads\\\/2010\\\/02\\\/milena-zamatteo-2010.jpg\"},{\"@type\":\"BreadcrumbList\",\"@id\":\"https:\\\/\\\/www.bellunopress.it\\\/2010\\\/02\\\/19\\\/marina-valmassoi-e-milena-zamatteo-ai-mondiali-di-andorra\\\/#breadcrumb\",\"itemListElement\":[{\"@type\":\"ListItem\",\"position\":1,\"name\":\"Home\",\"item\":\"https:\\\/\\\/www.bellunopress.it\\\/\"},{\"@type\":\"ListItem\",\"position\":2,\"name\":\"Marina Valmassoi e Milena Zamatteo ai Mondiali di Andorra\"}]},{\"@type\":\"WebSite\",\"@id\":\"https:\\\/\\\/www.bellunopress.it\\\/#website\",\"url\":\"https:\\\/\\\/www.bellunopress.it\\\/\",\"name\":\"Bellunopress - Dolomiti\",\"description\":\"e-mail: redazione@bellunopress.it\",\"publisher\":{\"@id\":\"https:\\\/\\\/www.bellunopress.it\\\/#organization\"},\"potentialAction\":[{\"@type\":\"SearchAction\",\"target\":{\"@type\":\"EntryPoint\",\"urlTemplate\":\"https:\\\/\\\/www.bellunopress.it\\\/?s={search_term_string}\"},\"query-input\":{\"@type\":\"PropertyValueSpecification\",\"valueRequired\":true,\"valueName\":\"search_term_string\"}}],\"inLanguage\":\"fr-FR\"},{\"@type\":\"Organization\",\"@id\":\"https:\\\/\\\/www.bellunopress.it\\\/#organization\",\"name\":\"Bellunopress\",\"url\":\"https:\\\/\\\/www.bellunopress.it\\\/\",\"logo\":{\"@type\":\"ImageObject\",\"inLanguage\":\"fr-FR\",\"@id\":\"https:\\\/\\\/www.bellunopress.it\\\/#\\\/schema\\\/logo\\\/image\\\/\",\"url\":\"https:\\\/\\\/www.bellunopress.it\\\/wp-content\\\/uploads\\\/2011\\\/05\\\/cropped-logo-bellunopress-.jpg\",\"contentUrl\":\"https:\\\/\\\/www.bellunopress.it\\\/wp-content\\\/uploads\\\/2011\\\/05\\\/cropped-logo-bellunopress-.jpg\",\"width\":512,\"height\":512,\"caption\":\"Bellunopress\"},\"image\":{\"@id\":\"https:\\\/\\\/www.bellunopress.it\\\/#\\\/schema\\\/logo\\\/image\\\/\"},\"sameAs\":[\"https:\\\/\\\/www.facebook.com\\\/profile.php?id=100008943462799\",\"https:\\\/\\\/x.com\\\/bellunopress\",\"https:\\\/\\\/www.linkedin.com\\\/hp\\\/?dnr=JBzUWaJfMUw8vbXJJ2tVW5-I3jZKvC4wsoxE&amp;amp;amp;amp;amp;amp;trk=nav_responsive_tab_home\",\"https:\\\/\\\/www.youtube.com\\\/channel\\\/UCxL0wu1uN0_3_7hGG0306cw\"]},{\"@type\":\"Person\",\"@id\":\"https:\\\/\\\/www.bellunopress.it\\\/#\\\/schema\\\/person\\\/79bb06722b37ece1c03d3e94beb30d73\",\"name\":\"redazione\",\"image\":{\"@type\":\"ImageObject\",\"inLanguage\":\"fr-FR\",\"@id\":\"https:\\\/\\\/secure.gravatar.com\\\/avatar\\\/37d968a2e67a6fd04c169c4bdef102d0bc5d31b2546345219e348575eb80e9a0?s=96&d=mm&r=g\",\"url\":\"https:\\\/\\\/secure.gravatar.com\\\/avatar\\\/37d968a2e67a6fd04c169c4bdef102d0bc5d31b2546345219e348575eb80e9a0?s=96&d=mm&r=g\",\"contentUrl\":\"https:\\\/\\\/secure.gravatar.com\\\/avatar\\\/37d968a2e67a6fd04c169c4bdef102d0bc5d31b2546345219e348575eb80e9a0?s=96&d=mm&r=g\",\"caption\":\"redazione\"},\"sameAs\":[\"http:\\\/\\\/www.bellunopress.it\",\"https:\\\/\\\/x.com\\\/bellunopress\"],\"url\":\"https:\\\/\\\/www.bellunopress.it\\\/fr\\\/author\\\/redazione\\\/\"}]}<\/script>\n<!-- \/ Yoast SEO plugin. -->","yoast_head_json":{"title":"Marina Valmassoi e Milena Zamatteo ai Mondiali di Andorra   - Bellunopress - Dolomiti","robots":{"index":"index","follow":"follow","max-snippet":"max-snippet:-1","max-image-preview":"max-image-preview:large","max-video-preview":"max-video-preview:-1"},"canonical":"https:\/\/www.bellunopress.it\/fr\/2010\/02\/19\/marina-valmassoi-e-milena-zamatteo-ai-mondiali-di-andorra\/","og_locale":"fr_FR","og_type":"article","og_title":"Marina Valmassoi e Milena Zamatteo ai Mondiali di Andorra   - Bellunopress - Dolomiti","og_description":"Sono due le convocate del Comitato Veneto Fisi per i prossimi Campionati del Mondo di sci alpinismo che si svolgeranno ad Andorra ad inizio marzo. Si tratta di due atlete del Dolomiti Ski Alp: la cadorina Marina Valmassoi che garegger\u00e0 nella categoria Espoir (20-23 anni) e l\u2019agordina di Falcade Milena Zamatteo che si confronter\u00e0 nella [&hellip;]","og_url":"https:\/\/www.bellunopress.it\/fr\/2010\/02\/19\/marina-valmassoi-e-milena-zamatteo-ai-mondiali-di-andorra\/","og_site_name":"Bellunopress - Dolomiti","article_publisher":"https:\/\/www.facebook.com\/profile.php?id=100008943462799","article_published_time":"2010-02-19T15:16:47+00:00","og_image":[{"url":"http:\/\/www.bellunopress.it\/wp-content\/uploads\/2010\/02\/milena-zamatteo-2010.jpg","type":"","width":"","height":""}],"author":"redazione","twitter_card":"summary_large_image","twitter_creator":"@bellunopress","twitter_site":"@bellunopress","twitter_misc":{"\u00c9crit par":"redazione","Dur\u00e9e de lecture estim\u00e9e":"1 minute"},"schema":{"@context":"https:\/\/schema.org","@graph":[{"@type":"Article","@id":"https:\/\/www.bellunopress.it\/2010\/02\/19\/marina-valmassoi-e-milena-zamatteo-ai-mondiali-di-andorra\/#article","isPartOf":{"@id":"https:\/\/www.bellunopress.it\/2010\/02\/19\/marina-valmassoi-e-milena-zamatteo-ai-mondiali-di-andorra\/"},"author":{"name":"redazione","@id":"https:\/\/www.bellunopress.it\/#\/schema\/person\/79bb06722b37ece1c03d3e94beb30d73"},"headline":"Marina Valmassoi e Milena Zamatteo ai Mondiali di Andorra","datePublished":"2010-02-19T15:16:47+00:00","mainEntityOfPage":{"@id":"https:\/\/www.bellunopress.it\/2010\/02\/19\/marina-valmassoi-e-milena-zamatteo-ai-mondiali-di-andorra\/"},"wordCount":184,"publisher":{"@id":"https:\/\/www.bellunopress.it\/#organization"},"image":{"@id":"https:\/\/www.bellunopress.it\/2010\/02\/19\/marina-valmassoi-e-milena-zamatteo-ai-mondiali-di-andorra\/#primaryimage"},"thumbnailUrl":"http:\/\/www.bellunopress.it\/wp-content\/uploads\/2010\/02\/milena-zamatteo-2010.jpg","keywords":["Campionati del mondo sci alpinismo Andorra","comitato veneto Fisi","Marina Valmassoi","Milena Zamatteo"],"articleSection":["Prima Pagina","Sport, tempo libero"],"inLanguage":"fr-FR"},{"@type":"WebPage","@id":"https:\/\/www.bellunopress.it\/2010\/02\/19\/marina-valmassoi-e-milena-zamatteo-ai-mondiali-di-andorra\/","url":"https:\/\/www.bellunopress.it\/2010\/02\/19\/marina-valmassoi-e-milena-zamatteo-ai-mondiali-di-andorra\/","name":"Marina Valmassoi e Milena Zamatteo ai Mondiali di Andorra - Bellunopress - Dolomiti","isPartOf":{"@id":"https:\/\/www.bellunopress.it\/#website"},"primaryImageOfPage":{"@id":"https:\/\/www.bellunopress.it\/2010\/02\/19\/marina-valmassoi-e-milena-zamatteo-ai-mondiali-di-andorra\/#primaryimage"},"image":{"@id":"https:\/\/www.bellunopress.it\/2010\/02\/19\/marina-valmassoi-e-milena-zamatteo-ai-mondiali-di-andorra\/#primaryimage"},"thumbnailUrl":"http:\/\/www.bellunopress.it\/wp-content\/uploads\/2010\/02\/milena-zamatteo-2010.jpg","datePublished":"2010-02-19T15:16:47+00:00","breadcrumb":{"@id":"https:\/\/www.bellunopress.it\/2010\/02\/19\/marina-valmassoi-e-milena-zamatteo-ai-mondiali-di-andorra\/#breadcrumb"},"inLanguage":"fr-FR","potentialAction":[{"@type":"ReadAction","target":["https:\/\/www.bellunopress.it\/2010\/02\/19\/marina-valmassoi-e-milena-zamatteo-ai-mondiali-di-andorra\/"]}]},{"@type":"ImageObject","inLanguage":"fr-FR","@id":"https:\/\/www.bellunopress.it\/2010\/02\/19\/marina-valmassoi-e-milena-zamatteo-ai-mondiali-di-andorra\/#primaryimage","url":"http:\/\/www.bellunopress.it\/wp-content\/uploads\/2010\/02\/milena-zamatteo-2010.jpg","contentUrl":"http:\/\/www.bellunopress.it\/wp-content\/uploads\/2010\/02\/milena-zamatteo-2010.jpg"},{"@type":"BreadcrumbList","@id":"https:\/\/www.bellunopress.it\/2010\/02\/19\/marina-valmassoi-e-milena-zamatteo-ai-mondiali-di-andorra\/#breadcrumb","itemListElement":[{"@type":"ListItem","position":1,"name":"Home","item":"https:\/\/www.bellunopress.it\/"},{"@type":"ListItem","position":2,"name":"Marina Valmassoi e Milena Zamatteo ai Mondiali di Andorra"}]},{"@type":"WebSite","@id":"https:\/\/www.bellunopress.it\/#website","url":"https:\/\/www.bellunopress.it\/","name":"Bellunopress - Dolomiti","description":"e-mail: redazione@bellunopress.it","publisher":{"@id":"https:\/\/www.bellunopress.it\/#organization"},"potentialAction":[{"@type":"SearchAction","target":{"@type":"EntryPoint","urlTemplate":"https:\/\/www.bellunopress.it\/?s={search_term_string}"},"query-input":{"@type":"PropertyValueSpecification","valueRequired":true,"valueName":"search_term_string"}}],"inLanguage":"fr-FR"},{"@type":"Organization","@id":"https:\/\/www.bellunopress.it\/#organization","name":"Bellunopress","url":"https:\/\/www.bellunopress.it\/","logo":{"@type":"ImageObject","inLanguage":"fr-FR","@id":"https:\/\/www.bellunopress.it\/#\/schema\/logo\/image\/","url":"https:\/\/www.bellunopress.it\/wp-content\/uploads\/2011\/05\/cropped-logo-bellunopress-.jpg","contentUrl":"https:\/\/www.bellunopress.it\/wp-content\/uploads\/2011\/05\/cropped-logo-bellunopress-.jpg","width":512,"height":512,"caption":"Bellunopress"},"image":{"@id":"https:\/\/www.bellunopress.it\/#\/schema\/logo\/image\/"},"sameAs":["https:\/\/www.facebook.com\/profile.php?id=100008943462799","https:\/\/x.com\/bellunopress","https:\/\/www.linkedin.com\/hp\/?dnr=JBzUWaJfMUw8vbXJJ2tVW5-I3jZKvC4wsoxE&amp;amp;amp;amp;amp;amp;trk=nav_responsive_tab_home","https:\/\/www.youtube.com\/channel\/UCxL0wu1uN0_3_7hGG0306cw"]},{"@type":"Person","@id":"https:\/\/www.bellunopress.it\/#\/schema\/person\/79bb06722b37ece1c03d3e94beb30d73","name":"r\u00e9daction","image":{"@type":"ImageObject","inLanguage":"fr-FR","@id":"https:\/\/secure.gravatar.com\/avatar\/37d968a2e67a6fd04c169c4bdef102d0bc5d31b2546345219e348575eb80e9a0?s=96&d=mm&r=g","url":"https:\/\/secure.gravatar.com\/avatar\/37d968a2e67a6fd04c169c4bdef102d0bc5d31b2546345219e348575eb80e9a0?s=96&d=mm&r=g","contentUrl":"https:\/\/secure.gravatar.com\/avatar\/37d968a2e67a6fd04c169c4bdef102d0bc5d31b2546345219e348575eb80e9a0?s=96&d=mm&r=g","caption":"redazione"},"sameAs":["http:\/\/www.bellunopress.it","https:\/\/x.com\/bellunopress"],"url":"https:\/\/www.bellunopress.it\/fr\/author\/redazione\/"}]}},"_links":{"self":[{"href":"https:\/\/www.bellunopress.it\/fr\/wp-json\/wp\/v2\/posts\/12716","targetHints":{"allow":["GET"]}}],"collection":[{"href":"https:\/\/www.bellunopress.it\/fr\/wp-json\/wp\/v2\/posts"}],"about":[{"href":"https:\/\/www.bellunopress.it\/fr\/wp-json\/wp\/v2\/types\/post"}],"author":[{"embeddable":true,"href":"https:\/\/www.bellunopress.it\/fr\/wp-json\/wp\/v2\/users\/2"}],"replies":[{"embeddable":true,"href":"https:\/\/www.bellunopress.it\/fr\/wp-json\/wp\/v2\/comments?post=12716"}],"version-history":[{"count":1,"href":"https:\/\/www.bellunopress.it\/fr\/wp-json\/wp\/v2\/posts\/12716\/revisions"}],"predecessor-version":[{"id":12718,"href":"https:\/\/www.bellunopress.it\/fr\/wp-json\/wp\/v2\/posts\/12716\/revisions\/12718"}],"wp:attachment":[{"href":"https:\/\/www.bellunopress.it\/fr\/wp-json\/wp\/v2\/media?parent=12716"}],"wp:term":[{"taxonomy":"category","embeddable":true,"href":"https:\/\/www.bellunopress.it\/fr\/wp-json\/wp\/v2\/categories?post=12716"},{"taxonomy":"post_tag","embeddable":true,"href":"https:\/\/www.bellunopress.it\/fr\/wp-json\/wp\/v2\/tags?post=12716"}],"curies":[{"name":"wp","href":"https:\/\/api.w.org\/{rel}","templated":true}]}}