{"id":127137,"date":"2021-08-29T09:54:24","date_gmt":"2021-08-29T07:54:24","guid":{"rendered":"https:\/\/www.bellunopress.it\/?p=127137"},"modified":"2021-08-22T11:01:00","modified_gmt":"2021-08-22T09:01:00","slug":"i-simposio-regionale-di-spaventapasseri-in-vigna-il-i-settembre-a-poggio-pagnan-di-borgo-valbelluna","status":"publish","type":"post","link":"https:\/\/www.bellunopress.it\/fr\/2021\/08\/29\/i-simposio-regionale-di-spaventapasseri-in-vigna-il-i-settembre-a-poggio-pagnan-di-borgo-valbelluna\/","title":{"rendered":"I\u00b0 simposio regionale di spaventapasseri in vigna. Il I\u00b0 settembre a Poggio Pagnan di Borgo Valbelluna"},"content":{"rendered":"<p><a href=\"https:\/\/www.bellunopress.it\/fr\/?attachment_id=127138\" rel=\"attachment wp-att-127138\"><img loading=\"lazy\" decoding=\"async\" class=\"alignleft size-full wp-image-127138\" src=\"https:\/\/www.bellunopress.it\/wp-content\/uploads\/2021\/08\/spaventapasseri_edited.jpg\" alt=\"\" width=\"661\" height=\"800\" srcset=\"https:\/\/www.bellunopress.it\/wp-content\/uploads\/2021\/08\/spaventapasseri_edited.jpg 661w, https:\/\/www.bellunopress.it\/wp-content\/uploads\/2021\/08\/spaventapasseri_edited-413x500.jpg 413w, https:\/\/www.bellunopress.it\/wp-content\/uploads\/2021\/08\/spaventapasseri_edited-347x420.jpg 347w\" sizes=\"auto, (max-width: 661px) 100vw, 661px\" \/><\/a>Mercoled\u00ec 1\u00b0 settembre si terr\u00e0, presso l\u2019azienda agricola Poggio Pognan di Mel &#8211; Borgo Valbelluna, il primo simposio regionale di spaventapasseri.<\/p>\n<p>Sette artisti affermati, cinque di questi hanno vinto pi\u00f9 volte il Premio San Martino di Belluno, si cimenteranno singolarmente nella costruzione di uno spaventapasseri in una performance aperta a tutti. Gli spaventapasseri troveranno vita grazie alle mani e all\u2019ingegno degli artisti: Andrea Gaspari di Cortina, Sara Andrich di Canale D\u2019Agordo, Luca Lisot di Santa Giustina, Marco Pancrazio di Asiago, Gianluca De Nard di Sedico e Gianluigi Zeni di Mezzano (TN) e di Beppino Lorenzet che \u00e8 anche il direttore artistico della manifestazione.<\/p>\n<p>L\u2019evento \u00e8 nato dall\u2019idea di Giampaolo Ciet, che assieme al giovane Alex conducono un\u2019azienda biologica in localit\u00e0 ai Mulini di Zottier di Mel.<br \/>\n\u201cPer noi, afferma Giampaolo Ciet, quest\u2019un\u2019idea \u00e8 nata spontanea considerato l\u2019 approccio che abbiamo dato all\u2019azienda nel recupero delle tradizioni agricole e valorizzazione del territorio in cui operiamo Infatti, l\u2019azienda, nata nel 2014, ha integrato il recupero delle colture come l\u2019orzo, il grano saraceno, la canapa e la coltivazione della vite applicando rotazioni colturali e cicli di riposo del suolo con i principi dell\u2019agricoltura biologica. Inoltre, alleviamo anche maiali che vivono all\u2019aria aperta, allo stato semibrado, dai quali otteniamo carni di qualit\u00e0 che forniamo a privati e macellerie o li trasformiamo in azienda per l\u2019uso agrituristico\u201d.<br \/>\nBeppino Lorenzet non scopre le carte di quanto avverr\u00e0, ma: \u201c Siamo un gruppo di amici che spesso si trovano in giro per l\u2019Italia in varie manifestazioni di scultura. Questa volta ci cimenteremo con materiali diversi che rispetteranno la natura. I fantocci saranno lasciati nel vigneto dell\u2019azienda a vegliare sui raccolti. Conoscendo la vivacit\u00e0 creativa dei miei amici artisti, sono certo che se gli spaventapasseri scacceranno gli uccelli golosi, dall\u2019altro attireranno tante persone di tutte le et\u00e0 a godere del panorama dal Poggio e non sapranno resistere agli stimoli dei fantocci che non vedono l\u2019ora di presentarsi al pubblico per sollecitarli a fantasticare\u201d.<\/p>","protected":false},"excerpt":{"rendered":"<p>Mercoled\u00ec 1\u00b0 settembre si terr\u00e0, presso l\u2019azienda agricola Poggio Pognan di Mel &#8211; Borgo Valbelluna, il primo simposio regionale di spaventapasseri. Sette artisti affermati, cinque di questi hanno vinto pi\u00f9 volte il Premio San Martino di Belluno, si cimenteranno singolarmente nella costruzione di uno spaventapasseri in una performance aperta a tutti. Gli spaventapasseri troveranno vita [&hellip;]<\/p>\n","protected":false},"author":2,"featured_media":127138,"comment_status":"closed","ping_status":"open","sticky":false,"template":"","format":"standard","meta":{"footnotes":""},"categories":[27,3,25],"tags":[],"class_list":["post-127137","post","type-post","status-publish","format-standard","has-post-thumbnail","category-appuntamenti","category-arte-cultura-spettacoli-scienza-archivi","category-pausa-caffe"],"yoast_head":"<!-- This site is optimized with the Yoast SEO plugin v28.4 - https:\/\/yoast.com\/product\/yoast-seo-wordpress\/ -->\n<title>I\u00b0 simposio regionale di spaventapasseri in vigna. Il I\u00b0 settembre a Poggio Pagnan di Borgo Valbelluna - Bellunopress - Dolomiti<\/title>\n<meta name=\"robots\" content=\"index, follow, max-snippet:-1, max-image-preview:large, max-video-preview:-1\" \/>\n<link rel=\"canonical\" href=\"https:\/\/www.bellunopress.it\/fr\/2021\/08\/29\/i-simposio-regionale-di-spaventapasseri-in-vigna-il-i-settembre-a-poggio-pagnan-di-borgo-valbelluna\/\" \/>\n<meta property=\"og:locale\" content=\"fr_FR\" \/>\n<meta property=\"og:type\" content=\"article\" \/>\n<meta property=\"og:title\" content=\"I\u00b0 simposio regionale di spaventapasseri in vigna. Il I\u00b0 settembre a Poggio Pagnan di Borgo Valbelluna - Bellunopress - Dolomiti\" \/>\n<meta property=\"og:description\" content=\"Mercoled\u00ec 1\u00b0 settembre si terr\u00e0, presso l\u2019azienda agricola Poggio Pognan di Mel &#8211; Borgo Valbelluna, il primo simposio regionale di spaventapasseri. Sette artisti affermati, cinque di questi hanno vinto pi\u00f9 volte il Premio San Martino di Belluno, si cimenteranno singolarmente nella costruzione di uno spaventapasseri in una performance aperta a tutti. Gli spaventapasseri troveranno vita [&hellip;]\" \/>\n<meta property=\"og:url\" content=\"https:\/\/www.bellunopress.it\/fr\/2021\/08\/29\/i-simposio-regionale-di-spaventapasseri-in-vigna-il-i-settembre-a-poggio-pagnan-di-borgo-valbelluna\/\" \/>\n<meta property=\"og:site_name\" content=\"Bellunopress - Dolomiti\" \/>\n<meta property=\"article:publisher\" content=\"https:\/\/www.facebook.com\/profile.php?id=100008943462799\" \/>\n<meta property=\"article:published_time\" content=\"2021-08-29T07:54:24+00:00\" \/>\n<meta property=\"og:image\" content=\"https:\/\/www.bellunopress.it\/wp-content\/uploads\/2021\/08\/spaventapasseri_edited.jpg\" \/>\n\t<meta property=\"og:image:width\" content=\"661\" \/>\n\t<meta property=\"og:image:height\" content=\"800\" \/>\n\t<meta property=\"og:image:type\" content=\"image\/jpeg\" \/>\n<meta name=\"author\" content=\"redazione\" \/>\n<meta name=\"twitter:card\" content=\"summary_large_image\" \/>\n<meta name=\"twitter:creator\" content=\"@bellunopress\" \/>\n<meta name=\"twitter:site\" content=\"@bellunopress\" \/>\n<meta name=\"twitter:label1\" content=\"\u00c9crit par\" \/>\n\t<meta name=\"twitter:data1\" content=\"redazione\" \/>\n\t<meta name=\"twitter:label2\" content=\"Dur\u00e9e de lecture estim\u00e9e\" \/>\n\t<meta name=\"twitter:data2\" content=\"2 minutes\" \/>\n<script type=\"application\/ld+json\" class=\"yoast-schema-graph\">{\"@context\":\"https:\\\/\\\/schema.org\",\"@graph\":[{\"@type\":\"Article\",\"@id\":\"https:\\\/\\\/www.bellunopress.it\\\/2021\\\/08\\\/29\\\/i-simposio-regionale-di-spaventapasseri-in-vigna-il-i-settembre-a-poggio-pagnan-di-borgo-valbelluna\\\/#article\",\"isPartOf\":{\"@id\":\"https:\\\/\\\/www.bellunopress.it\\\/2021\\\/08\\\/29\\\/i-simposio-regionale-di-spaventapasseri-in-vigna-il-i-settembre-a-poggio-pagnan-di-borgo-valbelluna\\\/\"},\"author\":{\"name\":\"redazione\",\"@id\":\"https:\\\/\\\/www.bellunopress.it\\\/#\\\/schema\\\/person\\\/79bb06722b37ece1c03d3e94beb30d73\"},\"headline\":\"I\u00b0 simposio regionale di spaventapasseri in vigna. Il I\u00b0 settembre a Poggio Pagnan di Borgo Valbelluna\",\"datePublished\":\"2021-08-29T07:54:24+00:00\",\"mainEntityOfPage\":{\"@id\":\"https:\\\/\\\/www.bellunopress.it\\\/2021\\\/08\\\/29\\\/i-simposio-regionale-di-spaventapasseri-in-vigna-il-i-settembre-a-poggio-pagnan-di-borgo-valbelluna\\\/\"},\"wordCount\":353,\"publisher\":{\"@id\":\"https:\\\/\\\/www.bellunopress.it\\\/#organization\"},\"image\":{\"@id\":\"https:\\\/\\\/www.bellunopress.it\\\/2021\\\/08\\\/29\\\/i-simposio-regionale-di-spaventapasseri-in-vigna-il-i-settembre-a-poggio-pagnan-di-borgo-valbelluna\\\/#primaryimage\"},\"thumbnailUrl\":\"https:\\\/\\\/www.bellunopress.it\\\/wp-content\\\/uploads\\\/2021\\\/08\\\/spaventapasseri_edited.jpg\",\"articleSection\":[\"Appuntamenti, Eventi\",\"Arte, Cultura, Spettacoli, Scienza\",\"Pausa Caff\u00e8\"],\"inLanguage\":\"fr-FR\"},{\"@type\":\"WebPage\",\"@id\":\"https:\\\/\\\/www.bellunopress.it\\\/2021\\\/08\\\/29\\\/i-simposio-regionale-di-spaventapasseri-in-vigna-il-i-settembre-a-poggio-pagnan-di-borgo-valbelluna\\\/\",\"url\":\"https:\\\/\\\/www.bellunopress.it\\\/2021\\\/08\\\/29\\\/i-simposio-regionale-di-spaventapasseri-in-vigna-il-i-settembre-a-poggio-pagnan-di-borgo-valbelluna\\\/\",\"name\":\"I\u00b0 simposio regionale di spaventapasseri in vigna. Il I\u00b0 settembre a Poggio Pagnan di Borgo Valbelluna - Bellunopress - Dolomiti\",\"isPartOf\":{\"@id\":\"https:\\\/\\\/www.bellunopress.it\\\/#website\"},\"primaryImageOfPage\":{\"@id\":\"https:\\\/\\\/www.bellunopress.it\\\/2021\\\/08\\\/29\\\/i-simposio-regionale-di-spaventapasseri-in-vigna-il-i-settembre-a-poggio-pagnan-di-borgo-valbelluna\\\/#primaryimage\"},\"image\":{\"@id\":\"https:\\\/\\\/www.bellunopress.it\\\/2021\\\/08\\\/29\\\/i-simposio-regionale-di-spaventapasseri-in-vigna-il-i-settembre-a-poggio-pagnan-di-borgo-valbelluna\\\/#primaryimage\"},\"thumbnailUrl\":\"https:\\\/\\\/www.bellunopress.it\\\/wp-content\\\/uploads\\\/2021\\\/08\\\/spaventapasseri_edited.jpg\",\"datePublished\":\"2021-08-29T07:54:24+00:00\",\"breadcrumb\":{\"@id\":\"https:\\\/\\\/www.bellunopress.it\\\/2021\\\/08\\\/29\\\/i-simposio-regionale-di-spaventapasseri-in-vigna-il-i-settembre-a-poggio-pagnan-di-borgo-valbelluna\\\/#breadcrumb\"},\"inLanguage\":\"fr-FR\",\"potentialAction\":[{\"@type\":\"ReadAction\",\"target\":[\"https:\\\/\\\/www.bellunopress.it\\\/2021\\\/08\\\/29\\\/i-simposio-regionale-di-spaventapasseri-in-vigna-il-i-settembre-a-poggio-pagnan-di-borgo-valbelluna\\\/\"]}]},{\"@type\":\"ImageObject\",\"inLanguage\":\"fr-FR\",\"@id\":\"https:\\\/\\\/www.bellunopress.it\\\/2021\\\/08\\\/29\\\/i-simposio-regionale-di-spaventapasseri-in-vigna-il-i-settembre-a-poggio-pagnan-di-borgo-valbelluna\\\/#primaryimage\",\"url\":\"https:\\\/\\\/www.bellunopress.it\\\/wp-content\\\/uploads\\\/2021\\\/08\\\/spaventapasseri_edited.jpg\",\"contentUrl\":\"https:\\\/\\\/www.bellunopress.it\\\/wp-content\\\/uploads\\\/2021\\\/08\\\/spaventapasseri_edited.jpg\",\"width\":661,\"height\":800},{\"@type\":\"BreadcrumbList\",\"@id\":\"https:\\\/\\\/www.bellunopress.it\\\/2021\\\/08\\\/29\\\/i-simposio-regionale-di-spaventapasseri-in-vigna-il-i-settembre-a-poggio-pagnan-di-borgo-valbelluna\\\/#breadcrumb\",\"itemListElement\":[{\"@type\":\"ListItem\",\"position\":1,\"name\":\"Home\",\"item\":\"https:\\\/\\\/www.bellunopress.it\\\/\"},{\"@type\":\"ListItem\",\"position\":2,\"name\":\"I\u00b0 simposio regionale di spaventapasseri in vigna. Il I\u00b0 settembre a Poggio Pagnan di Borgo Valbelluna\"}]},{\"@type\":\"WebSite\",\"@id\":\"https:\\\/\\\/www.bellunopress.it\\\/#website\",\"url\":\"https:\\\/\\\/www.bellunopress.it\\\/\",\"name\":\"Bellunopress - Dolomiti\",\"description\":\"e-mail: redazione@bellunopress.it\",\"publisher\":{\"@id\":\"https:\\\/\\\/www.bellunopress.it\\\/#organization\"},\"potentialAction\":[{\"@type\":\"SearchAction\",\"target\":{\"@type\":\"EntryPoint\",\"urlTemplate\":\"https:\\\/\\\/www.bellunopress.it\\\/?s={search_term_string}\"},\"query-input\":{\"@type\":\"PropertyValueSpecification\",\"valueRequired\":true,\"valueName\":\"search_term_string\"}}],\"inLanguage\":\"fr-FR\"},{\"@type\":\"Organization\",\"@id\":\"https:\\\/\\\/www.bellunopress.it\\\/#organization\",\"name\":\"Bellunopress\",\"url\":\"https:\\\/\\\/www.bellunopress.it\\\/\",\"logo\":{\"@type\":\"ImageObject\",\"inLanguage\":\"fr-FR\",\"@id\":\"https:\\\/\\\/www.bellunopress.it\\\/#\\\/schema\\\/logo\\\/image\\\/\",\"url\":\"https:\\\/\\\/www.bellunopress.it\\\/wp-content\\\/uploads\\\/2011\\\/05\\\/cropped-logo-bellunopress-.jpg\",\"contentUrl\":\"https:\\\/\\\/www.bellunopress.it\\\/wp-content\\\/uploads\\\/2011\\\/05\\\/cropped-logo-bellunopress-.jpg\",\"width\":512,\"height\":512,\"caption\":\"Bellunopress\"},\"image\":{\"@id\":\"https:\\\/\\\/www.bellunopress.it\\\/#\\\/schema\\\/logo\\\/image\\\/\"},\"sameAs\":[\"https:\\\/\\\/www.facebook.com\\\/profile.php?id=100008943462799\",\"https:\\\/\\\/x.com\\\/bellunopress\",\"https:\\\/\\\/www.linkedin.com\\\/hp\\\/?dnr=JBzUWaJfMUw8vbXJJ2tVW5-I3jZKvC4wsoxE&amp;amp;amp;amp;amp;amp;trk=nav_responsive_tab_home\",\"https:\\\/\\\/www.youtube.com\\\/channel\\\/UCxL0wu1uN0_3_7hGG0306cw\"]},{\"@type\":\"Person\",\"@id\":\"https:\\\/\\\/www.bellunopress.it\\\/#\\\/schema\\\/person\\\/79bb06722b37ece1c03d3e94beb30d73\",\"name\":\"redazione\",\"image\":{\"@type\":\"ImageObject\",\"inLanguage\":\"fr-FR\",\"@id\":\"https:\\\/\\\/secure.gravatar.com\\\/avatar\\\/37d968a2e67a6fd04c169c4bdef102d0bc5d31b2546345219e348575eb80e9a0?s=96&d=mm&r=g\",\"url\":\"https:\\\/\\\/secure.gravatar.com\\\/avatar\\\/37d968a2e67a6fd04c169c4bdef102d0bc5d31b2546345219e348575eb80e9a0?s=96&d=mm&r=g\",\"contentUrl\":\"https:\\\/\\\/secure.gravatar.com\\\/avatar\\\/37d968a2e67a6fd04c169c4bdef102d0bc5d31b2546345219e348575eb80e9a0?s=96&d=mm&r=g\",\"caption\":\"redazione\"},\"sameAs\":[\"http:\\\/\\\/www.bellunopress.it\",\"https:\\\/\\\/x.com\\\/bellunopress\"],\"url\":\"https:\\\/\\\/www.bellunopress.it\\\/fr\\\/author\\\/redazione\\\/\"}]}<\/script>\n<!-- \/ Yoast SEO plugin. -->","yoast_head_json":{"title":"I\u00b0 simposio regionale di spaventapasseri in vigna. Il I\u00b0 settembre a Poggio Pagnan di Borgo Valbelluna - Bellunopress - Dolomiti","robots":{"index":"index","follow":"follow","max-snippet":"max-snippet:-1","max-image-preview":"max-image-preview:large","max-video-preview":"max-video-preview:-1"},"canonical":"https:\/\/www.bellunopress.it\/fr\/2021\/08\/29\/i-simposio-regionale-di-spaventapasseri-in-vigna-il-i-settembre-a-poggio-pagnan-di-borgo-valbelluna\/","og_locale":"fr_FR","og_type":"article","og_title":"I\u00b0 simposio regionale di spaventapasseri in vigna. Il I\u00b0 settembre a Poggio Pagnan di Borgo Valbelluna - Bellunopress - Dolomiti","og_description":"Mercoled\u00ec 1\u00b0 settembre si terr\u00e0, presso l\u2019azienda agricola Poggio Pognan di Mel &#8211; Borgo Valbelluna, il primo simposio regionale di spaventapasseri. Sette artisti affermati, cinque di questi hanno vinto pi\u00f9 volte il Premio San Martino di Belluno, si cimenteranno singolarmente nella costruzione di uno spaventapasseri in una performance aperta a tutti. Gli spaventapasseri troveranno vita [&hellip;]","og_url":"https:\/\/www.bellunopress.it\/fr\/2021\/08\/29\/i-simposio-regionale-di-spaventapasseri-in-vigna-il-i-settembre-a-poggio-pagnan-di-borgo-valbelluna\/","og_site_name":"Bellunopress - Dolomiti","article_publisher":"https:\/\/www.facebook.com\/profile.php?id=100008943462799","article_published_time":"2021-08-29T07:54:24+00:00","og_image":[{"width":661,"height":800,"url":"https:\/\/www.bellunopress.it\/wp-content\/uploads\/2021\/08\/spaventapasseri_edited.jpg","type":"image\/jpeg"}],"author":"redazione","twitter_card":"summary_large_image","twitter_creator":"@bellunopress","twitter_site":"@bellunopress","twitter_misc":{"\u00c9crit par":"redazione","Dur\u00e9e de lecture estim\u00e9e":"2 minutes"},"schema":{"@context":"https:\/\/schema.org","@graph":[{"@type":"Article","@id":"https:\/\/www.bellunopress.it\/2021\/08\/29\/i-simposio-regionale-di-spaventapasseri-in-vigna-il-i-settembre-a-poggio-pagnan-di-borgo-valbelluna\/#article","isPartOf":{"@id":"https:\/\/www.bellunopress.it\/2021\/08\/29\/i-simposio-regionale-di-spaventapasseri-in-vigna-il-i-settembre-a-poggio-pagnan-di-borgo-valbelluna\/"},"author":{"name":"redazione","@id":"https:\/\/www.bellunopress.it\/#\/schema\/person\/79bb06722b37ece1c03d3e94beb30d73"},"headline":"I\u00b0 simposio regionale di spaventapasseri in vigna. Il I\u00b0 settembre a Poggio Pagnan di Borgo Valbelluna","datePublished":"2021-08-29T07:54:24+00:00","mainEntityOfPage":{"@id":"https:\/\/www.bellunopress.it\/2021\/08\/29\/i-simposio-regionale-di-spaventapasseri-in-vigna-il-i-settembre-a-poggio-pagnan-di-borgo-valbelluna\/"},"wordCount":353,"publisher":{"@id":"https:\/\/www.bellunopress.it\/#organization"},"image":{"@id":"https:\/\/www.bellunopress.it\/2021\/08\/29\/i-simposio-regionale-di-spaventapasseri-in-vigna-il-i-settembre-a-poggio-pagnan-di-borgo-valbelluna\/#primaryimage"},"thumbnailUrl":"https:\/\/www.bellunopress.it\/wp-content\/uploads\/2021\/08\/spaventapasseri_edited.jpg","articleSection":["Appuntamenti, Eventi","Arte, Cultura, Spettacoli, Scienza","Pausa Caff\u00e8"],"inLanguage":"fr-FR"},{"@type":"WebPage","@id":"https:\/\/www.bellunopress.it\/2021\/08\/29\/i-simposio-regionale-di-spaventapasseri-in-vigna-il-i-settembre-a-poggio-pagnan-di-borgo-valbelluna\/","url":"https:\/\/www.bellunopress.it\/2021\/08\/29\/i-simposio-regionale-di-spaventapasseri-in-vigna-il-i-settembre-a-poggio-pagnan-di-borgo-valbelluna\/","name":"I\u00b0 simposio regionale di spaventapasseri in vigna. Il I\u00b0 settembre a Poggio Pagnan di Borgo Valbelluna - Bellunopress - Dolomiti","isPartOf":{"@id":"https:\/\/www.bellunopress.it\/#website"},"primaryImageOfPage":{"@id":"https:\/\/www.bellunopress.it\/2021\/08\/29\/i-simposio-regionale-di-spaventapasseri-in-vigna-il-i-settembre-a-poggio-pagnan-di-borgo-valbelluna\/#primaryimage"},"image":{"@id":"https:\/\/www.bellunopress.it\/2021\/08\/29\/i-simposio-regionale-di-spaventapasseri-in-vigna-il-i-settembre-a-poggio-pagnan-di-borgo-valbelluna\/#primaryimage"},"thumbnailUrl":"https:\/\/www.bellunopress.it\/wp-content\/uploads\/2021\/08\/spaventapasseri_edited.jpg","datePublished":"2021-08-29T07:54:24+00:00","breadcrumb":{"@id":"https:\/\/www.bellunopress.it\/2021\/08\/29\/i-simposio-regionale-di-spaventapasseri-in-vigna-il-i-settembre-a-poggio-pagnan-di-borgo-valbelluna\/#breadcrumb"},"inLanguage":"fr-FR","potentialAction":[{"@type":"ReadAction","target":["https:\/\/www.bellunopress.it\/2021\/08\/29\/i-simposio-regionale-di-spaventapasseri-in-vigna-il-i-settembre-a-poggio-pagnan-di-borgo-valbelluna\/"]}]},{"@type":"ImageObject","inLanguage":"fr-FR","@id":"https:\/\/www.bellunopress.it\/2021\/08\/29\/i-simposio-regionale-di-spaventapasseri-in-vigna-il-i-settembre-a-poggio-pagnan-di-borgo-valbelluna\/#primaryimage","url":"https:\/\/www.bellunopress.it\/wp-content\/uploads\/2021\/08\/spaventapasseri_edited.jpg","contentUrl":"https:\/\/www.bellunopress.it\/wp-content\/uploads\/2021\/08\/spaventapasseri_edited.jpg","width":661,"height":800},{"@type":"BreadcrumbList","@id":"https:\/\/www.bellunopress.it\/2021\/08\/29\/i-simposio-regionale-di-spaventapasseri-in-vigna-il-i-settembre-a-poggio-pagnan-di-borgo-valbelluna\/#breadcrumb","itemListElement":[{"@type":"ListItem","position":1,"name":"Home","item":"https:\/\/www.bellunopress.it\/"},{"@type":"ListItem","position":2,"name":"I\u00b0 simposio regionale di spaventapasseri in vigna. Il I\u00b0 settembre a Poggio Pagnan di Borgo Valbelluna"}]},{"@type":"WebSite","@id":"https:\/\/www.bellunopress.it\/#website","url":"https:\/\/www.bellunopress.it\/","name":"Bellunopress - Dolomiti","description":"e-mail: redazione@bellunopress.it","publisher":{"@id":"https:\/\/www.bellunopress.it\/#organization"},"potentialAction":[{"@type":"SearchAction","target":{"@type":"EntryPoint","urlTemplate":"https:\/\/www.bellunopress.it\/?s={search_term_string}"},"query-input":{"@type":"PropertyValueSpecification","valueRequired":true,"valueName":"search_term_string"}}],"inLanguage":"fr-FR"},{"@type":"Organization","@id":"https:\/\/www.bellunopress.it\/#organization","name":"Bellunopress","url":"https:\/\/www.bellunopress.it\/","logo":{"@type":"ImageObject","inLanguage":"fr-FR","@id":"https:\/\/www.bellunopress.it\/#\/schema\/logo\/image\/","url":"https:\/\/www.bellunopress.it\/wp-content\/uploads\/2011\/05\/cropped-logo-bellunopress-.jpg","contentUrl":"https:\/\/www.bellunopress.it\/wp-content\/uploads\/2011\/05\/cropped-logo-bellunopress-.jpg","width":512,"height":512,"caption":"Bellunopress"},"image":{"@id":"https:\/\/www.bellunopress.it\/#\/schema\/logo\/image\/"},"sameAs":["https:\/\/www.facebook.com\/profile.php?id=100008943462799","https:\/\/x.com\/bellunopress","https:\/\/www.linkedin.com\/hp\/?dnr=JBzUWaJfMUw8vbXJJ2tVW5-I3jZKvC4wsoxE&amp;amp;amp;amp;amp;amp;trk=nav_responsive_tab_home","https:\/\/www.youtube.com\/channel\/UCxL0wu1uN0_3_7hGG0306cw"]},{"@type":"Person","@id":"https:\/\/www.bellunopress.it\/#\/schema\/person\/79bb06722b37ece1c03d3e94beb30d73","name":"r\u00e9daction","image":{"@type":"ImageObject","inLanguage":"fr-FR","@id":"https:\/\/secure.gravatar.com\/avatar\/37d968a2e67a6fd04c169c4bdef102d0bc5d31b2546345219e348575eb80e9a0?s=96&d=mm&r=g","url":"https:\/\/secure.gravatar.com\/avatar\/37d968a2e67a6fd04c169c4bdef102d0bc5d31b2546345219e348575eb80e9a0?s=96&d=mm&r=g","contentUrl":"https:\/\/secure.gravatar.com\/avatar\/37d968a2e67a6fd04c169c4bdef102d0bc5d31b2546345219e348575eb80e9a0?s=96&d=mm&r=g","caption":"redazione"},"sameAs":["http:\/\/www.bellunopress.it","https:\/\/x.com\/bellunopress"],"url":"https:\/\/www.bellunopress.it\/fr\/author\/redazione\/"}]}},"_links":{"self":[{"href":"https:\/\/www.bellunopress.it\/fr\/wp-json\/wp\/v2\/posts\/127137","targetHints":{"allow":["GET"]}}],"collection":[{"href":"https:\/\/www.bellunopress.it\/fr\/wp-json\/wp\/v2\/posts"}],"about":[{"href":"https:\/\/www.bellunopress.it\/fr\/wp-json\/wp\/v2\/types\/post"}],"author":[{"embeddable":true,"href":"https:\/\/www.bellunopress.it\/fr\/wp-json\/wp\/v2\/users\/2"}],"replies":[{"embeddable":true,"href":"https:\/\/www.bellunopress.it\/fr\/wp-json\/wp\/v2\/comments?post=127137"}],"version-history":[{"count":1,"href":"https:\/\/www.bellunopress.it\/fr\/wp-json\/wp\/v2\/posts\/127137\/revisions"}],"predecessor-version":[{"id":127139,"href":"https:\/\/www.bellunopress.it\/fr\/wp-json\/wp\/v2\/posts\/127137\/revisions\/127139"}],"wp:featuredmedia":[{"embeddable":true,"href":"https:\/\/www.bellunopress.it\/fr\/wp-json\/wp\/v2\/media\/127138"}],"wp:attachment":[{"href":"https:\/\/www.bellunopress.it\/fr\/wp-json\/wp\/v2\/media?parent=127137"}],"wp:term":[{"taxonomy":"category","embeddable":true,"href":"https:\/\/www.bellunopress.it\/fr\/wp-json\/wp\/v2\/categories?post=127137"},{"taxonomy":"post_tag","embeddable":true,"href":"https:\/\/www.bellunopress.it\/fr\/wp-json\/wp\/v2\/tags?post=127137"}],"curies":[{"name":"wp","href":"https:\/\/api.w.org\/{rel}","templated":true}]}}