{"id":127103,"date":"2021-08-20T16:29:57","date_gmt":"2021-08-20T14:29:57","guid":{"rendered":"https:\/\/www.bellunopress.it\/?p=127103"},"modified":"2021-08-20T16:29:59","modified_gmt":"2021-08-20T14:29:59","slug":"cristina-da-rold-finalista-per-litalia-al-premio-europeo-per-il-miglior-giornalista-scientifico","status":"publish","type":"post","link":"https:\/\/www.bellunopress.it\/fr\/2021\/08\/20\/cristina-da-rold-finalista-per-litalia-al-premio-europeo-per-il-miglior-giornalista-scientifico\/","title":{"rendered":"Cristina Da Rold finalista per l&#8217;Italia al Premio europeo per il miglior giornalista scientifico"},"content":{"rendered":"<p><a href=\"https:\/\/www.bellunopress.it\/fr\/2021\/08\/20\/cristina-da-rold-finalista-per-litalia-al-premio-europeo-per-il-miglior-giornalista-scientifico\/cristina-da-rold-giornalista_edited\/\" rel=\"attachment wp-att-127104\"><img loading=\"lazy\" decoding=\"async\" class=\"alignleft size-full wp-image-127104\" src=\"https:\/\/www.bellunopress.it\/wp-content\/uploads\/2021\/08\/Cristina-Da-Rold-giornalista_edited.jpg\" alt=\"\" width=\"800\" height=\"692\" srcset=\"https:\/\/www.bellunopress.it\/wp-content\/uploads\/2021\/08\/Cristina-Da-Rold-giornalista_edited.jpg 800w, https:\/\/www.bellunopress.it\/wp-content\/uploads\/2021\/08\/Cristina-Da-Rold-giornalista_edited-500x433.jpg 500w, https:\/\/www.bellunopress.it\/wp-content\/uploads\/2021\/08\/Cristina-Da-Rold-giornalista_edited-696x602.jpg 696w, https:\/\/www.bellunopress.it\/wp-content\/uploads\/2021\/08\/Cristina-Da-Rold-giornalista_edited-486x420.jpg 486w, https:\/\/www.bellunopress.it\/wp-content\/uploads\/2021\/08\/Cristina-Da-Rold-giornalista_edited-534x462.jpg 534w\" sizes=\"auto, (max-width: 800px) 100vw, 800px\" \/><\/a>Cristina Da Rold, giornalista freelance bellunese, vincitrice ad aprile del Premio nazionale dell&#8217;Associazione giornalisti scientifici italiani SWIM per l\u2019eccellenza nel giornalismo scientifico \u00e8 la candidata per l\u2019Italia del Premio europeo per il miglior giornalista scientifico. Il concorso \u00e8 indetto congiuntamente dalla Federazione Europea per il giornalismo scientifico (European Federation for Science Journalism, EFSJ) e dalla Association of British Science Writers.<\/p>\n<p>Cristina ha pubblicato una serie di articoli e dati relativi al coronavirus. In particolare \u201cAiutateci a mappare chi condivide e cosa\u201d sul quotidiano economico Il Sole 24 Ore e \u201cCome funziona un reparto di terapia intensiva e I dati della discordia sulla pandemia in Italia\u201d su Le Scienze.<\/p>\n<p>Insieme a lei in finale sono state scelte le giornaliste Hristio Boytchev, Germania, (per \u201cExclusive: Doctors systematically conceal conflicts of interest\u201d, Buzzfeed e \u201cMobbing in Science\u201d, Buzzfeed) e Polina Loseva, Russia, (per \u201cCoV is in the Air\u201d, N+1, \u201cVaccine-less\u201d, N+1, \u201cThe most dangerous man in the world\u201d, N+1).<br \/>\nL\u2019annuncio del vincitore avverr\u00e0 durante una cerimonia pubblica che preceder\u00e0 l\u2019inizio dell\u2019assemblea generale dell\u2019EFSJ, convocata per marted\u00ec 14 settembre alle ore 18:00.<\/p>\n<p><strong>Cristina Da Rold<\/strong> \u00e8 data-journalist freelance e consulente nell\u2019ambito della comunicazione digitale. Specializzata in giornalismo sanitario data-driven principalmente su Infodata &#8211; Il Sole 24 Ore, su temi prevalentemente legati alla sanit\u00e0 pubblica, all\u2019epidemiologia, alle disuguaglianze sociali e al gap di genere.<br \/>\nDal 2015 \u00e8 consulente per la comunicazione\/social media per l\u2019Ufficio italiano dell\u2019Organizzazione Mondiale della Sanit\u00e0, con sede a Venezia.<br \/>\nCollabora con alcune riviste mediche specialistiche per Il Pensiero Scientifico Editore, con cui ha pubblicato nel 2015 il libro \u201cSotto controllo. La salute ai tempi dell\u2019e-health\u201d. Nel 2019 ha messo a punto l\u2019HealthCom Program, il primo corso in Italia, sulla comunicazione sanitaria sui social media, giunto nel 2021 alla terza edizione.<\/p>","protected":false},"excerpt":{"rendered":"<p>Cristina Da Rold, giornalista freelance bellunese, vincitrice ad aprile del Premio nazionale dell&#8217;Associazione giornalisti scientifici italiani SWIM per l\u2019eccellenza nel giornalismo scientifico \u00e8 la candidata per l\u2019Italia del Premio europeo per il miglior giornalista scientifico. Il concorso \u00e8 indetto congiuntamente dalla Federazione Europea per il giornalismo scientifico (European Federation for Science Journalism, EFSJ) e dalla [&hellip;]<\/p>\n","protected":false},"author":2,"featured_media":127104,"comment_status":"closed","ping_status":"open","sticky":false,"template":"","format":"standard","meta":{"footnotes":""},"categories":[3446,36,26],"tags":[],"class_list":["post-127103","post","type-post","status-publish","format-standard","has-post-thumbnail","category-featured","category-lavoro-economia","category-prima-pagina"],"yoast_head":"<!-- This site is optimized with the Yoast SEO plugin v28.4 - https:\/\/yoast.com\/product\/yoast-seo-wordpress\/ -->\n<title>Cristina Da Rold finalista per l&#039;Italia al Premio europeo per il miglior giornalista scientifico - Bellunopress - Dolomiti<\/title>\n<meta name=\"robots\" content=\"index, follow, max-snippet:-1, max-image-preview:large, max-video-preview:-1\" \/>\n<link rel=\"canonical\" href=\"https:\/\/www.bellunopress.it\/fr\/2021\/08\/20\/cristina-da-rold-finalista-per-litalia-al-premio-europeo-per-il-miglior-giornalista-scientifico\/\" \/>\n<meta property=\"og:locale\" content=\"fr_FR\" \/>\n<meta property=\"og:type\" content=\"article\" \/>\n<meta property=\"og:title\" content=\"Cristina Da Rold finalista per l&#039;Italia al Premio europeo per il miglior giornalista scientifico - Bellunopress - Dolomiti\" \/>\n<meta property=\"og:description\" content=\"Cristina Da Rold, giornalista freelance bellunese, vincitrice ad aprile del Premio nazionale dell&#8217;Associazione giornalisti scientifici italiani SWIM per l\u2019eccellenza nel giornalismo scientifico \u00e8 la candidata per l\u2019Italia del Premio europeo per il miglior giornalista scientifico. Il concorso \u00e8 indetto congiuntamente dalla Federazione Europea per il giornalismo scientifico (European Federation for Science Journalism, EFSJ) e dalla [&hellip;]\" \/>\n<meta property=\"og:url\" content=\"https:\/\/www.bellunopress.it\/fr\/2021\/08\/20\/cristina-da-rold-finalista-per-litalia-al-premio-europeo-per-il-miglior-giornalista-scientifico\/\" \/>\n<meta property=\"og:site_name\" content=\"Bellunopress - Dolomiti\" \/>\n<meta property=\"article:publisher\" content=\"https:\/\/www.facebook.com\/profile.php?id=100008943462799\" \/>\n<meta property=\"article:published_time\" content=\"2021-08-20T14:29:57+00:00\" \/>\n<meta property=\"article:modified_time\" content=\"2021-08-20T14:29:59+00:00\" \/>\n<meta property=\"og:image\" content=\"https:\/\/www.bellunopress.it\/wp-content\/uploads\/2021\/08\/Cristina-Da-Rold-giornalista_edited.jpg\" \/>\n\t<meta property=\"og:image:width\" content=\"800\" \/>\n\t<meta property=\"og:image:height\" content=\"692\" \/>\n\t<meta property=\"og:image:type\" content=\"image\/jpeg\" \/>\n<meta name=\"author\" content=\"redazione\" \/>\n<meta name=\"twitter:card\" content=\"summary_large_image\" \/>\n<meta name=\"twitter:creator\" content=\"@bellunopress\" \/>\n<meta name=\"twitter:site\" content=\"@bellunopress\" \/>\n<meta name=\"twitter:label1\" content=\"\u00c9crit par\" \/>\n\t<meta name=\"twitter:data1\" content=\"redazione\" \/>\n\t<meta name=\"twitter:label2\" content=\"Dur\u00e9e de lecture estim\u00e9e\" \/>\n\t<meta name=\"twitter:data2\" content=\"2 minutes\" \/>\n<script type=\"application\/ld+json\" class=\"yoast-schema-graph\">{\"@context\":\"https:\\\/\\\/schema.org\",\"@graph\":[{\"@type\":\"Article\",\"@id\":\"https:\\\/\\\/www.bellunopress.it\\\/2021\\\/08\\\/20\\\/cristina-da-rold-finalista-per-litalia-al-premio-europeo-per-il-miglior-giornalista-scientifico\\\/#article\",\"isPartOf\":{\"@id\":\"https:\\\/\\\/www.bellunopress.it\\\/2021\\\/08\\\/20\\\/cristina-da-rold-finalista-per-litalia-al-premio-europeo-per-il-miglior-giornalista-scientifico\\\/\"},\"author\":{\"name\":\"redazione\",\"@id\":\"https:\\\/\\\/www.bellunopress.it\\\/#\\\/schema\\\/person\\\/79bb06722b37ece1c03d3e94beb30d73\"},\"headline\":\"Cristina Da Rold finalista per l&#8217;Italia al Premio europeo per il miglior giornalista scientifico\",\"datePublished\":\"2021-08-20T14:29:57+00:00\",\"dateModified\":\"2021-08-20T14:29:59+00:00\",\"mainEntityOfPage\":{\"@id\":\"https:\\\/\\\/www.bellunopress.it\\\/2021\\\/08\\\/20\\\/cristina-da-rold-finalista-per-litalia-al-premio-europeo-per-il-miglior-giornalista-scientifico\\\/\"},\"wordCount\":306,\"publisher\":{\"@id\":\"https:\\\/\\\/www.bellunopress.it\\\/#organization\"},\"image\":{\"@id\":\"https:\\\/\\\/www.bellunopress.it\\\/2021\\\/08\\\/20\\\/cristina-da-rold-finalista-per-litalia-al-premio-europeo-per-il-miglior-giornalista-scientifico\\\/#primaryimage\"},\"thumbnailUrl\":\"https:\\\/\\\/www.bellunopress.it\\\/wp-content\\\/uploads\\\/2021\\\/08\\\/Cristina-Da-Rold-giornalista_edited.jpg\",\"articleSection\":[\"Featured\",\"Lavoro, Economia, Turismo\",\"Prima Pagina\"],\"inLanguage\":\"fr-FR\"},{\"@type\":\"WebPage\",\"@id\":\"https:\\\/\\\/www.bellunopress.it\\\/2021\\\/08\\\/20\\\/cristina-da-rold-finalista-per-litalia-al-premio-europeo-per-il-miglior-giornalista-scientifico\\\/\",\"url\":\"https:\\\/\\\/www.bellunopress.it\\\/2021\\\/08\\\/20\\\/cristina-da-rold-finalista-per-litalia-al-premio-europeo-per-il-miglior-giornalista-scientifico\\\/\",\"name\":\"Cristina Da Rold finalista per l'Italia al Premio europeo per il miglior giornalista scientifico - Bellunopress - Dolomiti\",\"isPartOf\":{\"@id\":\"https:\\\/\\\/www.bellunopress.it\\\/#website\"},\"primaryImageOfPage\":{\"@id\":\"https:\\\/\\\/www.bellunopress.it\\\/2021\\\/08\\\/20\\\/cristina-da-rold-finalista-per-litalia-al-premio-europeo-per-il-miglior-giornalista-scientifico\\\/#primaryimage\"},\"image\":{\"@id\":\"https:\\\/\\\/www.bellunopress.it\\\/2021\\\/08\\\/20\\\/cristina-da-rold-finalista-per-litalia-al-premio-europeo-per-il-miglior-giornalista-scientifico\\\/#primaryimage\"},\"thumbnailUrl\":\"https:\\\/\\\/www.bellunopress.it\\\/wp-content\\\/uploads\\\/2021\\\/08\\\/Cristina-Da-Rold-giornalista_edited.jpg\",\"datePublished\":\"2021-08-20T14:29:57+00:00\",\"dateModified\":\"2021-08-20T14:29:59+00:00\",\"breadcrumb\":{\"@id\":\"https:\\\/\\\/www.bellunopress.it\\\/2021\\\/08\\\/20\\\/cristina-da-rold-finalista-per-litalia-al-premio-europeo-per-il-miglior-giornalista-scientifico\\\/#breadcrumb\"},\"inLanguage\":\"fr-FR\",\"potentialAction\":[{\"@type\":\"ReadAction\",\"target\":[\"https:\\\/\\\/www.bellunopress.it\\\/2021\\\/08\\\/20\\\/cristina-da-rold-finalista-per-litalia-al-premio-europeo-per-il-miglior-giornalista-scientifico\\\/\"]}]},{\"@type\":\"ImageObject\",\"inLanguage\":\"fr-FR\",\"@id\":\"https:\\\/\\\/www.bellunopress.it\\\/2021\\\/08\\\/20\\\/cristina-da-rold-finalista-per-litalia-al-premio-europeo-per-il-miglior-giornalista-scientifico\\\/#primaryimage\",\"url\":\"https:\\\/\\\/www.bellunopress.it\\\/wp-content\\\/uploads\\\/2021\\\/08\\\/Cristina-Da-Rold-giornalista_edited.jpg\",\"contentUrl\":\"https:\\\/\\\/www.bellunopress.it\\\/wp-content\\\/uploads\\\/2021\\\/08\\\/Cristina-Da-Rold-giornalista_edited.jpg\",\"width\":800,\"height\":692},{\"@type\":\"BreadcrumbList\",\"@id\":\"https:\\\/\\\/www.bellunopress.it\\\/2021\\\/08\\\/20\\\/cristina-da-rold-finalista-per-litalia-al-premio-europeo-per-il-miglior-giornalista-scientifico\\\/#breadcrumb\",\"itemListElement\":[{\"@type\":\"ListItem\",\"position\":1,\"name\":\"Home\",\"item\":\"https:\\\/\\\/www.bellunopress.it\\\/\"},{\"@type\":\"ListItem\",\"position\":2,\"name\":\"Cristina Da Rold finalista per l&#8217;Italia al Premio europeo per il miglior giornalista scientifico\"}]},{\"@type\":\"WebSite\",\"@id\":\"https:\\\/\\\/www.bellunopress.it\\\/#website\",\"url\":\"https:\\\/\\\/www.bellunopress.it\\\/\",\"name\":\"Bellunopress - Dolomiti\",\"description\":\"e-mail: redazione@bellunopress.it\",\"publisher\":{\"@id\":\"https:\\\/\\\/www.bellunopress.it\\\/#organization\"},\"potentialAction\":[{\"@type\":\"SearchAction\",\"target\":{\"@type\":\"EntryPoint\",\"urlTemplate\":\"https:\\\/\\\/www.bellunopress.it\\\/?s={search_term_string}\"},\"query-input\":{\"@type\":\"PropertyValueSpecification\",\"valueRequired\":true,\"valueName\":\"search_term_string\"}}],\"inLanguage\":\"fr-FR\"},{\"@type\":\"Organization\",\"@id\":\"https:\\\/\\\/www.bellunopress.it\\\/#organization\",\"name\":\"Bellunopress\",\"url\":\"https:\\\/\\\/www.bellunopress.it\\\/\",\"logo\":{\"@type\":\"ImageObject\",\"inLanguage\":\"fr-FR\",\"@id\":\"https:\\\/\\\/www.bellunopress.it\\\/#\\\/schema\\\/logo\\\/image\\\/\",\"url\":\"https:\\\/\\\/www.bellunopress.it\\\/wp-content\\\/uploads\\\/2011\\\/05\\\/cropped-logo-bellunopress-.jpg\",\"contentUrl\":\"https:\\\/\\\/www.bellunopress.it\\\/wp-content\\\/uploads\\\/2011\\\/05\\\/cropped-logo-bellunopress-.jpg\",\"width\":512,\"height\":512,\"caption\":\"Bellunopress\"},\"image\":{\"@id\":\"https:\\\/\\\/www.bellunopress.it\\\/#\\\/schema\\\/logo\\\/image\\\/\"},\"sameAs\":[\"https:\\\/\\\/www.facebook.com\\\/profile.php?id=100008943462799\",\"https:\\\/\\\/x.com\\\/bellunopress\",\"https:\\\/\\\/www.linkedin.com\\\/hp\\\/?dnr=JBzUWaJfMUw8vbXJJ2tVW5-I3jZKvC4wsoxE&amp;amp;amp;amp;amp;amp;trk=nav_responsive_tab_home\",\"https:\\\/\\\/www.youtube.com\\\/channel\\\/UCxL0wu1uN0_3_7hGG0306cw\"]},{\"@type\":\"Person\",\"@id\":\"https:\\\/\\\/www.bellunopress.it\\\/#\\\/schema\\\/person\\\/79bb06722b37ece1c03d3e94beb30d73\",\"name\":\"redazione\",\"image\":{\"@type\":\"ImageObject\",\"inLanguage\":\"fr-FR\",\"@id\":\"https:\\\/\\\/secure.gravatar.com\\\/avatar\\\/37d968a2e67a6fd04c169c4bdef102d0bc5d31b2546345219e348575eb80e9a0?s=96&d=mm&r=g\",\"url\":\"https:\\\/\\\/secure.gravatar.com\\\/avatar\\\/37d968a2e67a6fd04c169c4bdef102d0bc5d31b2546345219e348575eb80e9a0?s=96&d=mm&r=g\",\"contentUrl\":\"https:\\\/\\\/secure.gravatar.com\\\/avatar\\\/37d968a2e67a6fd04c169c4bdef102d0bc5d31b2546345219e348575eb80e9a0?s=96&d=mm&r=g\",\"caption\":\"redazione\"},\"sameAs\":[\"http:\\\/\\\/www.bellunopress.it\",\"https:\\\/\\\/x.com\\\/bellunopress\"],\"url\":\"https:\\\/\\\/www.bellunopress.it\\\/fr\\\/author\\\/redazione\\\/\"}]}<\/script>\n<!-- \/ Yoast SEO plugin. -->","yoast_head_json":{"title":"Cristina Da Rold finalista per l'Italia al Premio europeo per il miglior giornalista scientifico - Bellunopress - Dolomiti","robots":{"index":"index","follow":"follow","max-snippet":"max-snippet:-1","max-image-preview":"max-image-preview:large","max-video-preview":"max-video-preview:-1"},"canonical":"https:\/\/www.bellunopress.it\/fr\/2021\/08\/20\/cristina-da-rold-finalista-per-litalia-al-premio-europeo-per-il-miglior-giornalista-scientifico\/","og_locale":"fr_FR","og_type":"article","og_title":"Cristina Da Rold finalista per l'Italia al Premio europeo per il miglior giornalista scientifico - Bellunopress - Dolomiti","og_description":"Cristina Da Rold, giornalista freelance bellunese, vincitrice ad aprile del Premio nazionale dell&#8217;Associazione giornalisti scientifici italiani SWIM per l\u2019eccellenza nel giornalismo scientifico \u00e8 la candidata per l\u2019Italia del Premio europeo per il miglior giornalista scientifico. Il concorso \u00e8 indetto congiuntamente dalla Federazione Europea per il giornalismo scientifico (European Federation for Science Journalism, EFSJ) e dalla [&hellip;]","og_url":"https:\/\/www.bellunopress.it\/fr\/2021\/08\/20\/cristina-da-rold-finalista-per-litalia-al-premio-europeo-per-il-miglior-giornalista-scientifico\/","og_site_name":"Bellunopress - Dolomiti","article_publisher":"https:\/\/www.facebook.com\/profile.php?id=100008943462799","article_published_time":"2021-08-20T14:29:57+00:00","article_modified_time":"2021-08-20T14:29:59+00:00","og_image":[{"width":800,"height":692,"url":"https:\/\/www.bellunopress.it\/wp-content\/uploads\/2021\/08\/Cristina-Da-Rold-giornalista_edited.jpg","type":"image\/jpeg"}],"author":"redazione","twitter_card":"summary_large_image","twitter_creator":"@bellunopress","twitter_site":"@bellunopress","twitter_misc":{"\u00c9crit par":"redazione","Dur\u00e9e de lecture estim\u00e9e":"2 minutes"},"schema":{"@context":"https:\/\/schema.org","@graph":[{"@type":"Article","@id":"https:\/\/www.bellunopress.it\/2021\/08\/20\/cristina-da-rold-finalista-per-litalia-al-premio-europeo-per-il-miglior-giornalista-scientifico\/#article","isPartOf":{"@id":"https:\/\/www.bellunopress.it\/2021\/08\/20\/cristina-da-rold-finalista-per-litalia-al-premio-europeo-per-il-miglior-giornalista-scientifico\/"},"author":{"name":"redazione","@id":"https:\/\/www.bellunopress.it\/#\/schema\/person\/79bb06722b37ece1c03d3e94beb30d73"},"headline":"Cristina Da Rold finalista per l&#8217;Italia al Premio europeo per il miglior giornalista scientifico","datePublished":"2021-08-20T14:29:57+00:00","dateModified":"2021-08-20T14:29:59+00:00","mainEntityOfPage":{"@id":"https:\/\/www.bellunopress.it\/2021\/08\/20\/cristina-da-rold-finalista-per-litalia-al-premio-europeo-per-il-miglior-giornalista-scientifico\/"},"wordCount":306,"publisher":{"@id":"https:\/\/www.bellunopress.it\/#organization"},"image":{"@id":"https:\/\/www.bellunopress.it\/2021\/08\/20\/cristina-da-rold-finalista-per-litalia-al-premio-europeo-per-il-miglior-giornalista-scientifico\/#primaryimage"},"thumbnailUrl":"https:\/\/www.bellunopress.it\/wp-content\/uploads\/2021\/08\/Cristina-Da-Rold-giornalista_edited.jpg","articleSection":["Featured","Lavoro, Economia, Turismo","Prima Pagina"],"inLanguage":"fr-FR"},{"@type":"WebPage","@id":"https:\/\/www.bellunopress.it\/2021\/08\/20\/cristina-da-rold-finalista-per-litalia-al-premio-europeo-per-il-miglior-giornalista-scientifico\/","url":"https:\/\/www.bellunopress.it\/2021\/08\/20\/cristina-da-rold-finalista-per-litalia-al-premio-europeo-per-il-miglior-giornalista-scientifico\/","name":"Cristina Da Rold finalista per l'Italia al Premio europeo per il miglior giornalista scientifico - Bellunopress - Dolomiti","isPartOf":{"@id":"https:\/\/www.bellunopress.it\/#website"},"primaryImageOfPage":{"@id":"https:\/\/www.bellunopress.it\/2021\/08\/20\/cristina-da-rold-finalista-per-litalia-al-premio-europeo-per-il-miglior-giornalista-scientifico\/#primaryimage"},"image":{"@id":"https:\/\/www.bellunopress.it\/2021\/08\/20\/cristina-da-rold-finalista-per-litalia-al-premio-europeo-per-il-miglior-giornalista-scientifico\/#primaryimage"},"thumbnailUrl":"https:\/\/www.bellunopress.it\/wp-content\/uploads\/2021\/08\/Cristina-Da-Rold-giornalista_edited.jpg","datePublished":"2021-08-20T14:29:57+00:00","dateModified":"2021-08-20T14:29:59+00:00","breadcrumb":{"@id":"https:\/\/www.bellunopress.it\/2021\/08\/20\/cristina-da-rold-finalista-per-litalia-al-premio-europeo-per-il-miglior-giornalista-scientifico\/#breadcrumb"},"inLanguage":"fr-FR","potentialAction":[{"@type":"ReadAction","target":["https:\/\/www.bellunopress.it\/2021\/08\/20\/cristina-da-rold-finalista-per-litalia-al-premio-europeo-per-il-miglior-giornalista-scientifico\/"]}]},{"@type":"ImageObject","inLanguage":"fr-FR","@id":"https:\/\/www.bellunopress.it\/2021\/08\/20\/cristina-da-rold-finalista-per-litalia-al-premio-europeo-per-il-miglior-giornalista-scientifico\/#primaryimage","url":"https:\/\/www.bellunopress.it\/wp-content\/uploads\/2021\/08\/Cristina-Da-Rold-giornalista_edited.jpg","contentUrl":"https:\/\/www.bellunopress.it\/wp-content\/uploads\/2021\/08\/Cristina-Da-Rold-giornalista_edited.jpg","width":800,"height":692},{"@type":"BreadcrumbList","@id":"https:\/\/www.bellunopress.it\/2021\/08\/20\/cristina-da-rold-finalista-per-litalia-al-premio-europeo-per-il-miglior-giornalista-scientifico\/#breadcrumb","itemListElement":[{"@type":"ListItem","position":1,"name":"Home","item":"https:\/\/www.bellunopress.it\/"},{"@type":"ListItem","position":2,"name":"Cristina Da Rold finalista per l&#8217;Italia al Premio europeo per il miglior giornalista scientifico"}]},{"@type":"WebSite","@id":"https:\/\/www.bellunopress.it\/#website","url":"https:\/\/www.bellunopress.it\/","name":"Bellunopress - Dolomiti","description":"e-mail: redazione@bellunopress.it","publisher":{"@id":"https:\/\/www.bellunopress.it\/#organization"},"potentialAction":[{"@type":"SearchAction","target":{"@type":"EntryPoint","urlTemplate":"https:\/\/www.bellunopress.it\/?s={search_term_string}"},"query-input":{"@type":"PropertyValueSpecification","valueRequired":true,"valueName":"search_term_string"}}],"inLanguage":"fr-FR"},{"@type":"Organization","@id":"https:\/\/www.bellunopress.it\/#organization","name":"Bellunopress","url":"https:\/\/www.bellunopress.it\/","logo":{"@type":"ImageObject","inLanguage":"fr-FR","@id":"https:\/\/www.bellunopress.it\/#\/schema\/logo\/image\/","url":"https:\/\/www.bellunopress.it\/wp-content\/uploads\/2011\/05\/cropped-logo-bellunopress-.jpg","contentUrl":"https:\/\/www.bellunopress.it\/wp-content\/uploads\/2011\/05\/cropped-logo-bellunopress-.jpg","width":512,"height":512,"caption":"Bellunopress"},"image":{"@id":"https:\/\/www.bellunopress.it\/#\/schema\/logo\/image\/"},"sameAs":["https:\/\/www.facebook.com\/profile.php?id=100008943462799","https:\/\/x.com\/bellunopress","https:\/\/www.linkedin.com\/hp\/?dnr=JBzUWaJfMUw8vbXJJ2tVW5-I3jZKvC4wsoxE&amp;amp;amp;amp;amp;amp;trk=nav_responsive_tab_home","https:\/\/www.youtube.com\/channel\/UCxL0wu1uN0_3_7hGG0306cw"]},{"@type":"Person","@id":"https:\/\/www.bellunopress.it\/#\/schema\/person\/79bb06722b37ece1c03d3e94beb30d73","name":"r\u00e9daction","image":{"@type":"ImageObject","inLanguage":"fr-FR","@id":"https:\/\/secure.gravatar.com\/avatar\/37d968a2e67a6fd04c169c4bdef102d0bc5d31b2546345219e348575eb80e9a0?s=96&d=mm&r=g","url":"https:\/\/secure.gravatar.com\/avatar\/37d968a2e67a6fd04c169c4bdef102d0bc5d31b2546345219e348575eb80e9a0?s=96&d=mm&r=g","contentUrl":"https:\/\/secure.gravatar.com\/avatar\/37d968a2e67a6fd04c169c4bdef102d0bc5d31b2546345219e348575eb80e9a0?s=96&d=mm&r=g","caption":"redazione"},"sameAs":["http:\/\/www.bellunopress.it","https:\/\/x.com\/bellunopress"],"url":"https:\/\/www.bellunopress.it\/fr\/author\/redazione\/"}]}},"_links":{"self":[{"href":"https:\/\/www.bellunopress.it\/fr\/wp-json\/wp\/v2\/posts\/127103","targetHints":{"allow":["GET"]}}],"collection":[{"href":"https:\/\/www.bellunopress.it\/fr\/wp-json\/wp\/v2\/posts"}],"about":[{"href":"https:\/\/www.bellunopress.it\/fr\/wp-json\/wp\/v2\/types\/post"}],"author":[{"embeddable":true,"href":"https:\/\/www.bellunopress.it\/fr\/wp-json\/wp\/v2\/users\/2"}],"replies":[{"embeddable":true,"href":"https:\/\/www.bellunopress.it\/fr\/wp-json\/wp\/v2\/comments?post=127103"}],"version-history":[{"count":2,"href":"https:\/\/www.bellunopress.it\/fr\/wp-json\/wp\/v2\/posts\/127103\/revisions"}],"predecessor-version":[{"id":127106,"href":"https:\/\/www.bellunopress.it\/fr\/wp-json\/wp\/v2\/posts\/127103\/revisions\/127106"}],"wp:featuredmedia":[{"embeddable":true,"href":"https:\/\/www.bellunopress.it\/fr\/wp-json\/wp\/v2\/media\/127104"}],"wp:attachment":[{"href":"https:\/\/www.bellunopress.it\/fr\/wp-json\/wp\/v2\/media?parent=127103"}],"wp:term":[{"taxonomy":"category","embeddable":true,"href":"https:\/\/www.bellunopress.it\/fr\/wp-json\/wp\/v2\/categories?post=127103"},{"taxonomy":"post_tag","embeddable":true,"href":"https:\/\/www.bellunopress.it\/fr\/wp-json\/wp\/v2\/tags?post=127103"}],"curies":[{"name":"wp","href":"https:\/\/api.w.org\/{rel}","templated":true}]}}