{"id":127097,"date":"2021-08-20T15:06:37","date_gmt":"2021-08-20T13:06:37","guid":{"rendered":"https:\/\/www.bellunopress.it\/?p=127097"},"modified":"2021-08-20T20:09:34","modified_gmt":"2021-08-20T18:09:34","slug":"cordoglio-per-la-morte-del-senatore-paolo-saviane","status":"publish","type":"post","link":"https:\/\/www.bellunopress.it\/fr\/2021\/08\/20\/cordoglio-per-la-morte-del-senatore-paolo-saviane\/","title":{"rendered":"Cordoglio per la morte del senatore Paolo Saviane"},"content":{"rendered":"<figure id=\"attachment_100284\" aria-describedby=\"caption-attachment-100284\" style=\"width: 180px\" class=\"wp-caption alignleft\"><a href=\"https:\/\/www.bellunopress.it\/fr\/2018\/12\/10\/526-milioni-per-il-ristoro-danni-per-uragano-saviane-e-badole-pd-forza-italia-e-fratelli-ditalia-hanno-votato-contro\/paolo-saviane-senatore-2\/\" rel=\"attachment wp-att-100284\"><img loading=\"lazy\" decoding=\"async\" class=\"size-full wp-image-100284\" src=\"https:\/\/www.bellunopress.it\/wp-content\/uploads\/2018\/12\/Paolo-Saviane-senatore.jpg\" alt=\"\" width=\"180\" height=\"240\" \/><\/a><figcaption id=\"caption-attachment-100284\" class=\"wp-caption-text\">Paolo Saviane, senatore<\/figcaption><\/figure>\n<p>\u00abCon Paolo Saviane se ne va un politico capace, vicino al territorio\u00bb. Cos\u00ec il deputato Dario Bond, in una nota di cordoglio per la scomparsa del senatore leghista Saviane.<br \/>\n\u00abUn uomo che ha sempre avuto una grande passione per la politica e per la sua terra, che ha cercato di difendere prima da segretario di partito, poi da senatore. Lo ha mostrato anche nel breve periodo da presidente del Fondo Comuni confinanti e personalmente l&#8217;ho sempre ritenuto un collega in gamba, attento alle tematiche del territorio. Un pensiero va ai suoi famigliari\u00bb.<\/p>\n<p>&#8220;Con la morte di Paolo Saviane il Bellunese perde un politico che fino all&#8217;ultimo si \u00e8 speso per il suo territorio. Non posso negare che all&#8217;inizio i rapporti tra noi non erano certo stati buoni ma, con il mio ingresso al Senato, abbiamo iniziato a &#8220;conoscerci&#8221; e a discutere di politica e del nostro territorio, trovando le convergenze su questioni importanti per Belluno. Di lui ho imparato ad apprezzare la correttezza e la schiettezza, e per questo sono profondamente dispiaciuto per la sua scomparsa; nonostante la sofferenza che tutti abbiamo potuto cogliere, non ha mai fatto mancare la sua presenza e il suo contributo, legato al partito, al gruppo e al territorio bellunese, al quale ha dato tutto quello che era nelle sue possibilit\u00e0 e che ora si trova con un vuoto importante&#8221;: cos\u00ec il senatore di Fratelli d&#8217;Italia, il bellunese Luca De Carlo, ricorda il collega senatore Paolo Saviane, scomparso oggi.<\/p>\n<p>\u00abIl nostro territorio perde un politico attento, un uomo appassionato\u00bb. \u00c8 il messaggio di cordoglio del presidente della Provincia alla notizia della scomparsa di Paolo Saviane.<br \/>\n\u00abRicordo il suo impegno quando \u00e8 stato presidente del Comitato paritetico del Fondo Comuni confinanti: si \u00e8 messo a disposizione delle amministrazioni locali e del territorio con spirito di servizio, pur in un incarico non semplice. Recentemente ci siamo visti ad Auronzo, al ritiro della Lazio e anche in quell&#8217;occasione ho potuto apprezzare la sua forte passione per la politica. L&#8217;amministrazione provinciale si stringe ai suoi famigliari e ai suoi cari\u00bb.<\/p>\n<p>\u201cEravamo preoccupati per il suo stato di salute ma oggi \u00e8 arrivata una di quelle notizie che non vorresti mai ricevere. Se n\u2019\u00e8 andata una persona per bene, che aveva fatto della buona educazione e del rispetto per gli altri una costante di vita\u201d.<\/p>\n<p>Cos\u00ec, il Presidente della Regione Veneto, Luca Zaia, esprime il suo profondo cordoglio per la morte del Senatore Paolo Saviane.<\/p>\n<p>\u201cSe ne va \u2013 aggiunge Zaia \u2013 un grande interprete dei territori montani e delle loro necessit\u00e0 e peculiarit\u00e0, uno che ne portava avanti le istanze con il cuore\u201d.<\/p>\n<p>\u201cUna persona \u2013 conclude il Governatore \u2013 che ha avuto tutta la mia stima e che ha sempre portato valore aggiunto al territorio con la sua politica. Era giovane, aveva davanti una vita, progetti. Un grande dolore. Rivolgo le mie condoglianze alla famiglia e a tutti quelli che gli hanno voluto bene\u201d.<\/p>\n<p>&#8220;Abbiamo perso un uomo di grande valore, di poche parole e dalla grande umilt\u00e0, ma sempre schietto e disponibile. Mancher\u00e0 al nostro territorio e alle sue genti. Anche il mondo dell&#8217;impresa bellunese \u00e8 in lutto&#8221;.<br \/>\nCos\u00ec Lorraine Berton, presidente di Confindustria Belluno Dolomiti, ricorda Paolo Saviane, il senatore bellunese, morto all&#8217;ospedale di Padova.<br \/>\n&#8220;Era un montanaro autentico, guardava alla sostanza&#8221;, prosegue Berton. &#8220;Con lui avevamo un dialogo sempre costruttivo: nel 2018, grazie al suo supporto con l&#8217;allora ministro Erika Stefani, abbiamo avviato gli Stati Generali della Montagna. Sapeva quanto competenze e innovazione fossero la chiave per lo sviluppo della nostra montagna&#8221;.<br \/>\n&#8220;Se ne va un protagonista pratico e appassionato&#8221;, conclude Berton. &#8220;Il mio pensiero, del Consiglio di Presidenza e dell&#8217;Associazione va ai familiari e ai suoi collaboratori&#8221;.<\/p>\n<p>\u00abA nome nostro personale, della segreteria e di tutta la comunit\u00e0 del Partito democratico bellunese esprimiamo il cordoglio per la prematura scomparsa del senatore Paolo Saviane. Ci lascia una persona pragmatica e appassionata del proprio territorio. Desideriamo stringerci alla famiglia in questo momento di difficolt\u00e0 e dolore\u00bb. Lo dichiarano la segretaria del partito democratico provinciale, Monica Lotto e il deputato bellunese Roger De Menech.<\/p>\n<p>Apprendiamo della prematura scomparsa del Senatore Paolo Saviane, rimanendone attoniti.<br \/>\n\u00c8 mancata e mancher\u00e0 in futuro una figura importante per tutto il mondo politico bellunese e, soprattutto, per il mondo del centro destra.<br \/>\nFratelli d&#8217;Italia Belluno-Dolomiti si stringe affettuosamente alla sua famiglia, esprimendo tutto il proprio cordoglio.<\/p>\n<p>&#8220;Paolo Saviane era una persona appassionata alla vita politica e la sua prematura scomparsa \u00e8 una grande perdita per l&#8217;intera comunit\u00e0 bellunese e per il Veneto.<br \/>\nCon Paolo ho condiviso numerosi momenti di confronto sul territorio, a cui era particolarmente legato, e il dialogo \u00e8 sempre stato leale, nonostante le nostre posizioni fossero diverse.<br \/>\nEsprimo la mia vicinanza alla sua famiglia&#8221;.<\/p>\n<p>Lo dichiara in una nota Federico D&#8217;Inc\u00e0, Ministro per i Rapporti con il Parlamento.<\/p>\n<p>La Lega piange Paolo Saviane. Il senatore bellunese si \u00e8 spento questa mattina all&#8217;ospedale di Padova dove era ricoverato da qualche giorno, lasciando nel dolore la famiglia e tutto il gruppo del partito bellunese e non solo, che con lui ha condiviso decenni di militanza e di battaglie per il territorio.<\/p>\n<p>Saviane, classe 1962 nativo di Ponte nelle Alpi ma residente in Alpago, militava da anni nel partito. Era il 1995 quando ha corso alle comunali in Alpago come candidato sindaco ed \u00e8 stato uno dei principali fautori della costituzione della sezione Lega dell&#8217;Alpago, territorio che amava. Dal 2009 al 2015 \u00e8 stato consigliere di amministrazione all&#8217;Ater di Belluno e nel 2015 \u00e8 stato eletto segretario provinciale del partito che ha retto fino al 2018 quando \u00e8 diventato senatore. Con il salto a Roma ha portato nella Capitale la voce e i problemi della montagna, le sue necessit\u00e0, il dramma dello spopolamento e di un&#8217;economia che, se non aiutata, fatica. Da giugno 2018 a ottobre 2019, inoltre, \u00e8 stato presidente del Comitato paritetico del Fondo comuni confinanti<\/p>\n<p>Imprenditore nel settore del legno, era tra i soci della segheria F.lli Saviane Pompeo Srl, \u00e8 stato da sempre vicino al mondo delle piccole imprese cercando di portare al Governo quei problemi e quelle difficolt\u00e0 che appesantiscono il lavoro delle aziende nelle terre alte. Tra le sue ultime battaglie, quella per la costituzione di una Zes \u2013 Zona economica speciale nel Bellunese, strumento individuato come fondamentale per dare respiro ad una provincia difficile e per combattere lo spopolamento, ma non solo. Negli anni si era speso a fianco degli allevatori per cercare con la politica soluzioni in merito alla convivenza con il lupo e porta la sua firma la costituzione del marchio del Legno veneto, un progetto portato avanti da esperto professionista del settore. Con umilt\u00e0 e senza mai alzare i toni difendeva un&#8217;idea di sviluppo del territorio uniforme e che non lasciasse indietro nessuno, per questo sul tema dei fondi di confine era incline ad uno sviluppo strategico di area vasta.<\/p>\n<p>\u201cLa prematura scomparsa dell\u2019On. Saviane priva la nostra provincia di una persona capace, vera, con la quale il dialogo costante per ricercare le migliori risorse e azioni a tutela e per lo sviluppo del nostro territorio trovava sempre ascolto e profonda condivisione \u2013 interviene Massimo Sposato Presidente dell\u2019APPIA \u2013 Abbiamo spesso affrontato con l\u2019On. Saviane tematiche importanti per il bellunese, non da ultimo, coinvolgendo anche la CNA del Veneto, avevamo intrapreso una pi\u00f9 profonda condivisione sulla sua proposta di legge sulla ZES e sempre abbiamo avuto il piacere di costatarne la franchezza e la pragmaticit\u00e0, da vero imprenditore quale era. Tutta l\u2019APPIA si stringe alla famiglia in questo momento di dolore.\u201d<\/p>\n<p>&nbsp;<\/p>\n<p>&nbsp;<\/p>","protected":false},"excerpt":{"rendered":"<p>\u00abCon Paolo Saviane se ne va un politico capace, vicino al territorio\u00bb. Cos\u00ec il deputato Dario Bond, in una nota di cordoglio per la scomparsa del senatore leghista Saviane. \u00abUn uomo che ha sempre avuto una grande passione per la politica e per la sua terra, che ha cercato di difendere prima da segretario di [&hellip;]<\/p>\n","protected":false},"author":2,"featured_media":119261,"comment_status":"closed","ping_status":"open","sticky":false,"template":"","format":"standard","meta":{"footnotes":""},"categories":[5,26],"tags":[],"class_list":["post-127097","post","type-post","status-publish","format-standard","has-post-thumbnail","category-cronaca","category-prima-pagina"],"yoast_head":"<!-- This site is optimized with the Yoast SEO plugin v28.4 - https:\/\/yoast.com\/product\/yoast-seo-wordpress\/ -->\n<title>Cordoglio per la morte del senatore Paolo Saviane - Bellunopress - Dolomiti<\/title>\n<meta name=\"robots\" content=\"index, follow, max-snippet:-1, max-image-preview:large, max-video-preview:-1\" \/>\n<link rel=\"canonical\" href=\"https:\/\/www.bellunopress.it\/fr\/2021\/08\/20\/cordoglio-per-la-morte-del-senatore-paolo-saviane\/\" \/>\n<meta property=\"og:locale\" content=\"fr_FR\" \/>\n<meta property=\"og:type\" content=\"article\" \/>\n<meta property=\"og:title\" content=\"Cordoglio per la morte del senatore Paolo Saviane - Bellunopress - Dolomiti\" \/>\n<meta property=\"og:description\" content=\"\u00abCon Paolo Saviane se ne va un politico capace, vicino al territorio\u00bb. Cos\u00ec il deputato Dario Bond, in una nota di cordoglio per la scomparsa del senatore leghista Saviane. \u00abUn uomo che ha sempre avuto una grande passione per la politica e per la sua terra, che ha cercato di difendere prima da segretario di [&hellip;]\" \/>\n<meta property=\"og:url\" content=\"https:\/\/www.bellunopress.it\/fr\/2021\/08\/20\/cordoglio-per-la-morte-del-senatore-paolo-saviane\/\" \/>\n<meta property=\"og:site_name\" content=\"Bellunopress - Dolomiti\" \/>\n<meta property=\"article:publisher\" content=\"https:\/\/www.facebook.com\/profile.php?id=100008943462799\" \/>\n<meta property=\"article:published_time\" content=\"2021-08-20T13:06:37+00:00\" \/>\n<meta property=\"article:modified_time\" content=\"2021-08-20T18:09:34+00:00\" \/>\n<meta property=\"og:image\" content=\"https:\/\/www.bellunopress.it\/wp-content\/uploads\/2020\/11\/lutto_edited.jpg\" \/>\n\t<meta property=\"og:image:width\" content=\"800\" \/>\n\t<meta property=\"og:image:height\" content=\"445\" \/>\n\t<meta property=\"og:image:type\" content=\"image\/jpeg\" \/>\n<meta name=\"author\" content=\"redazione\" \/>\n<meta name=\"twitter:card\" content=\"summary_large_image\" \/>\n<meta name=\"twitter:creator\" content=\"@bellunopress\" \/>\n<meta name=\"twitter:site\" content=\"@bellunopress\" \/>\n<meta name=\"twitter:label1\" content=\"\u00c9crit par\" \/>\n\t<meta name=\"twitter:data1\" content=\"redazione\" \/>\n\t<meta name=\"twitter:label2\" content=\"Dur\u00e9e de lecture estim\u00e9e\" \/>\n\t<meta name=\"twitter:data2\" content=\"6 minutes\" \/>\n<script type=\"application\/ld+json\" class=\"yoast-schema-graph\">{\"@context\":\"https:\\\/\\\/schema.org\",\"@graph\":[{\"@type\":\"Article\",\"@id\":\"https:\\\/\\\/www.bellunopress.it\\\/2021\\\/08\\\/20\\\/cordoglio-per-la-morte-del-senatore-paolo-saviane\\\/#article\",\"isPartOf\":{\"@id\":\"https:\\\/\\\/www.bellunopress.it\\\/2021\\\/08\\\/20\\\/cordoglio-per-la-morte-del-senatore-paolo-saviane\\\/\"},\"author\":{\"name\":\"redazione\",\"@id\":\"https:\\\/\\\/www.bellunopress.it\\\/#\\\/schema\\\/person\\\/79bb06722b37ece1c03d3e94beb30d73\"},\"headline\":\"Cordoglio per la morte del senatore Paolo Saviane\",\"datePublished\":\"2021-08-20T13:06:37+00:00\",\"dateModified\":\"2021-08-20T18:09:34+00:00\",\"mainEntityOfPage\":{\"@id\":\"https:\\\/\\\/www.bellunopress.it\\\/2021\\\/08\\\/20\\\/cordoglio-per-la-morte-del-senatore-paolo-saviane\\\/\"},\"wordCount\":1260,\"publisher\":{\"@id\":\"https:\\\/\\\/www.bellunopress.it\\\/#organization\"},\"image\":{\"@id\":\"https:\\\/\\\/www.bellunopress.it\\\/2021\\\/08\\\/20\\\/cordoglio-per-la-morte-del-senatore-paolo-saviane\\\/#primaryimage\"},\"thumbnailUrl\":\"https:\\\/\\\/www.bellunopress.it\\\/wp-content\\\/uploads\\\/2020\\\/11\\\/lutto_edited.jpg\",\"articleSection\":[\"Cronaca\\\/Politica\",\"Prima Pagina\"],\"inLanguage\":\"fr-FR\"},{\"@type\":\"WebPage\",\"@id\":\"https:\\\/\\\/www.bellunopress.it\\\/2021\\\/08\\\/20\\\/cordoglio-per-la-morte-del-senatore-paolo-saviane\\\/\",\"url\":\"https:\\\/\\\/www.bellunopress.it\\\/2021\\\/08\\\/20\\\/cordoglio-per-la-morte-del-senatore-paolo-saviane\\\/\",\"name\":\"Cordoglio per la morte del senatore Paolo Saviane - Bellunopress - Dolomiti\",\"isPartOf\":{\"@id\":\"https:\\\/\\\/www.bellunopress.it\\\/#website\"},\"primaryImageOfPage\":{\"@id\":\"https:\\\/\\\/www.bellunopress.it\\\/2021\\\/08\\\/20\\\/cordoglio-per-la-morte-del-senatore-paolo-saviane\\\/#primaryimage\"},\"image\":{\"@id\":\"https:\\\/\\\/www.bellunopress.it\\\/2021\\\/08\\\/20\\\/cordoglio-per-la-morte-del-senatore-paolo-saviane\\\/#primaryimage\"},\"thumbnailUrl\":\"https:\\\/\\\/www.bellunopress.it\\\/wp-content\\\/uploads\\\/2020\\\/11\\\/lutto_edited.jpg\",\"datePublished\":\"2021-08-20T13:06:37+00:00\",\"dateModified\":\"2021-08-20T18:09:34+00:00\",\"breadcrumb\":{\"@id\":\"https:\\\/\\\/www.bellunopress.it\\\/2021\\\/08\\\/20\\\/cordoglio-per-la-morte-del-senatore-paolo-saviane\\\/#breadcrumb\"},\"inLanguage\":\"fr-FR\",\"potentialAction\":[{\"@type\":\"ReadAction\",\"target\":[\"https:\\\/\\\/www.bellunopress.it\\\/2021\\\/08\\\/20\\\/cordoglio-per-la-morte-del-senatore-paolo-saviane\\\/\"]}]},{\"@type\":\"ImageObject\",\"inLanguage\":\"fr-FR\",\"@id\":\"https:\\\/\\\/www.bellunopress.it\\\/2021\\\/08\\\/20\\\/cordoglio-per-la-morte-del-senatore-paolo-saviane\\\/#primaryimage\",\"url\":\"https:\\\/\\\/www.bellunopress.it\\\/wp-content\\\/uploads\\\/2020\\\/11\\\/lutto_edited.jpg\",\"contentUrl\":\"https:\\\/\\\/www.bellunopress.it\\\/wp-content\\\/uploads\\\/2020\\\/11\\\/lutto_edited.jpg\",\"width\":800,\"height\":445},{\"@type\":\"BreadcrumbList\",\"@id\":\"https:\\\/\\\/www.bellunopress.it\\\/2021\\\/08\\\/20\\\/cordoglio-per-la-morte-del-senatore-paolo-saviane\\\/#breadcrumb\",\"itemListElement\":[{\"@type\":\"ListItem\",\"position\":1,\"name\":\"Home\",\"item\":\"https:\\\/\\\/www.bellunopress.it\\\/\"},{\"@type\":\"ListItem\",\"position\":2,\"name\":\"Cordoglio per la morte del senatore Paolo Saviane\"}]},{\"@type\":\"WebSite\",\"@id\":\"https:\\\/\\\/www.bellunopress.it\\\/#website\",\"url\":\"https:\\\/\\\/www.bellunopress.it\\\/\",\"name\":\"Bellunopress - Dolomiti\",\"description\":\"e-mail: redazione@bellunopress.it\",\"publisher\":{\"@id\":\"https:\\\/\\\/www.bellunopress.it\\\/#organization\"},\"potentialAction\":[{\"@type\":\"SearchAction\",\"target\":{\"@type\":\"EntryPoint\",\"urlTemplate\":\"https:\\\/\\\/www.bellunopress.it\\\/?s={search_term_string}\"},\"query-input\":{\"@type\":\"PropertyValueSpecification\",\"valueRequired\":true,\"valueName\":\"search_term_string\"}}],\"inLanguage\":\"fr-FR\"},{\"@type\":\"Organization\",\"@id\":\"https:\\\/\\\/www.bellunopress.it\\\/#organization\",\"name\":\"Bellunopress\",\"url\":\"https:\\\/\\\/www.bellunopress.it\\\/\",\"logo\":{\"@type\":\"ImageObject\",\"inLanguage\":\"fr-FR\",\"@id\":\"https:\\\/\\\/www.bellunopress.it\\\/#\\\/schema\\\/logo\\\/image\\\/\",\"url\":\"https:\\\/\\\/www.bellunopress.it\\\/wp-content\\\/uploads\\\/2011\\\/05\\\/cropped-logo-bellunopress-.jpg\",\"contentUrl\":\"https:\\\/\\\/www.bellunopress.it\\\/wp-content\\\/uploads\\\/2011\\\/05\\\/cropped-logo-bellunopress-.jpg\",\"width\":512,\"height\":512,\"caption\":\"Bellunopress\"},\"image\":{\"@id\":\"https:\\\/\\\/www.bellunopress.it\\\/#\\\/schema\\\/logo\\\/image\\\/\"},\"sameAs\":[\"https:\\\/\\\/www.facebook.com\\\/profile.php?id=100008943462799\",\"https:\\\/\\\/x.com\\\/bellunopress\",\"https:\\\/\\\/www.linkedin.com\\\/hp\\\/?dnr=JBzUWaJfMUw8vbXJJ2tVW5-I3jZKvC4wsoxE&amp;amp;amp;amp;amp;amp;trk=nav_responsive_tab_home\",\"https:\\\/\\\/www.youtube.com\\\/channel\\\/UCxL0wu1uN0_3_7hGG0306cw\"]},{\"@type\":\"Person\",\"@id\":\"https:\\\/\\\/www.bellunopress.it\\\/#\\\/schema\\\/person\\\/79bb06722b37ece1c03d3e94beb30d73\",\"name\":\"redazione\",\"image\":{\"@type\":\"ImageObject\",\"inLanguage\":\"fr-FR\",\"@id\":\"https:\\\/\\\/secure.gravatar.com\\\/avatar\\\/37d968a2e67a6fd04c169c4bdef102d0bc5d31b2546345219e348575eb80e9a0?s=96&d=mm&r=g\",\"url\":\"https:\\\/\\\/secure.gravatar.com\\\/avatar\\\/37d968a2e67a6fd04c169c4bdef102d0bc5d31b2546345219e348575eb80e9a0?s=96&d=mm&r=g\",\"contentUrl\":\"https:\\\/\\\/secure.gravatar.com\\\/avatar\\\/37d968a2e67a6fd04c169c4bdef102d0bc5d31b2546345219e348575eb80e9a0?s=96&d=mm&r=g\",\"caption\":\"redazione\"},\"sameAs\":[\"http:\\\/\\\/www.bellunopress.it\",\"https:\\\/\\\/x.com\\\/bellunopress\"],\"url\":\"https:\\\/\\\/www.bellunopress.it\\\/fr\\\/author\\\/redazione\\\/\"}]}<\/script>\n<!-- \/ Yoast SEO plugin. -->","yoast_head_json":{"title":"Cordoglio per la morte del senatore Paolo Saviane - Bellunopress - Dolomiti","robots":{"index":"index","follow":"follow","max-snippet":"max-snippet:-1","max-image-preview":"max-image-preview:large","max-video-preview":"max-video-preview:-1"},"canonical":"https:\/\/www.bellunopress.it\/fr\/2021\/08\/20\/cordoglio-per-la-morte-del-senatore-paolo-saviane\/","og_locale":"fr_FR","og_type":"article","og_title":"Cordoglio per la morte del senatore Paolo Saviane - Bellunopress - Dolomiti","og_description":"\u00abCon Paolo Saviane se ne va un politico capace, vicino al territorio\u00bb. Cos\u00ec il deputato Dario Bond, in una nota di cordoglio per la scomparsa del senatore leghista Saviane. \u00abUn uomo che ha sempre avuto una grande passione per la politica e per la sua terra, che ha cercato di difendere prima da segretario di [&hellip;]","og_url":"https:\/\/www.bellunopress.it\/fr\/2021\/08\/20\/cordoglio-per-la-morte-del-senatore-paolo-saviane\/","og_site_name":"Bellunopress - Dolomiti","article_publisher":"https:\/\/www.facebook.com\/profile.php?id=100008943462799","article_published_time":"2021-08-20T13:06:37+00:00","article_modified_time":"2021-08-20T18:09:34+00:00","og_image":[{"width":800,"height":445,"url":"https:\/\/www.bellunopress.it\/wp-content\/uploads\/2020\/11\/lutto_edited.jpg","type":"image\/jpeg"}],"author":"redazione","twitter_card":"summary_large_image","twitter_creator":"@bellunopress","twitter_site":"@bellunopress","twitter_misc":{"\u00c9crit par":"redazione","Dur\u00e9e de lecture estim\u00e9e":"6 minutes"},"schema":{"@context":"https:\/\/schema.org","@graph":[{"@type":"Article","@id":"https:\/\/www.bellunopress.it\/2021\/08\/20\/cordoglio-per-la-morte-del-senatore-paolo-saviane\/#article","isPartOf":{"@id":"https:\/\/www.bellunopress.it\/2021\/08\/20\/cordoglio-per-la-morte-del-senatore-paolo-saviane\/"},"author":{"name":"redazione","@id":"https:\/\/www.bellunopress.it\/#\/schema\/person\/79bb06722b37ece1c03d3e94beb30d73"},"headline":"Cordoglio per la morte del senatore Paolo Saviane","datePublished":"2021-08-20T13:06:37+00:00","dateModified":"2021-08-20T18:09:34+00:00","mainEntityOfPage":{"@id":"https:\/\/www.bellunopress.it\/2021\/08\/20\/cordoglio-per-la-morte-del-senatore-paolo-saviane\/"},"wordCount":1260,"publisher":{"@id":"https:\/\/www.bellunopress.it\/#organization"},"image":{"@id":"https:\/\/www.bellunopress.it\/2021\/08\/20\/cordoglio-per-la-morte-del-senatore-paolo-saviane\/#primaryimage"},"thumbnailUrl":"https:\/\/www.bellunopress.it\/wp-content\/uploads\/2020\/11\/lutto_edited.jpg","articleSection":["Cronaca\/Politica","Prima Pagina"],"inLanguage":"fr-FR"},{"@type":"WebPage","@id":"https:\/\/www.bellunopress.it\/2021\/08\/20\/cordoglio-per-la-morte-del-senatore-paolo-saviane\/","url":"https:\/\/www.bellunopress.it\/2021\/08\/20\/cordoglio-per-la-morte-del-senatore-paolo-saviane\/","name":"Cordoglio per la morte del senatore Paolo Saviane - Bellunopress - Dolomiti","isPartOf":{"@id":"https:\/\/www.bellunopress.it\/#website"},"primaryImageOfPage":{"@id":"https:\/\/www.bellunopress.it\/2021\/08\/20\/cordoglio-per-la-morte-del-senatore-paolo-saviane\/#primaryimage"},"image":{"@id":"https:\/\/www.bellunopress.it\/2021\/08\/20\/cordoglio-per-la-morte-del-senatore-paolo-saviane\/#primaryimage"},"thumbnailUrl":"https:\/\/www.bellunopress.it\/wp-content\/uploads\/2020\/11\/lutto_edited.jpg","datePublished":"2021-08-20T13:06:37+00:00","dateModified":"2021-08-20T18:09:34+00:00","breadcrumb":{"@id":"https:\/\/www.bellunopress.it\/2021\/08\/20\/cordoglio-per-la-morte-del-senatore-paolo-saviane\/#breadcrumb"},"inLanguage":"fr-FR","potentialAction":[{"@type":"ReadAction","target":["https:\/\/www.bellunopress.it\/2021\/08\/20\/cordoglio-per-la-morte-del-senatore-paolo-saviane\/"]}]},{"@type":"ImageObject","inLanguage":"fr-FR","@id":"https:\/\/www.bellunopress.it\/2021\/08\/20\/cordoglio-per-la-morte-del-senatore-paolo-saviane\/#primaryimage","url":"https:\/\/www.bellunopress.it\/wp-content\/uploads\/2020\/11\/lutto_edited.jpg","contentUrl":"https:\/\/www.bellunopress.it\/wp-content\/uploads\/2020\/11\/lutto_edited.jpg","width":800,"height":445},{"@type":"BreadcrumbList","@id":"https:\/\/www.bellunopress.it\/2021\/08\/20\/cordoglio-per-la-morte-del-senatore-paolo-saviane\/#breadcrumb","itemListElement":[{"@type":"ListItem","position":1,"name":"Home","item":"https:\/\/www.bellunopress.it\/"},{"@type":"ListItem","position":2,"name":"Cordoglio per la morte del senatore Paolo Saviane"}]},{"@type":"WebSite","@id":"https:\/\/www.bellunopress.it\/#website","url":"https:\/\/www.bellunopress.it\/","name":"Bellunopress - Dolomiti","description":"e-mail: redazione@bellunopress.it","publisher":{"@id":"https:\/\/www.bellunopress.it\/#organization"},"potentialAction":[{"@type":"SearchAction","target":{"@type":"EntryPoint","urlTemplate":"https:\/\/www.bellunopress.it\/?s={search_term_string}"},"query-input":{"@type":"PropertyValueSpecification","valueRequired":true,"valueName":"search_term_string"}}],"inLanguage":"fr-FR"},{"@type":"Organization","@id":"https:\/\/www.bellunopress.it\/#organization","name":"Bellunopress","url":"https:\/\/www.bellunopress.it\/","logo":{"@type":"ImageObject","inLanguage":"fr-FR","@id":"https:\/\/www.bellunopress.it\/#\/schema\/logo\/image\/","url":"https:\/\/www.bellunopress.it\/wp-content\/uploads\/2011\/05\/cropped-logo-bellunopress-.jpg","contentUrl":"https:\/\/www.bellunopress.it\/wp-content\/uploads\/2011\/05\/cropped-logo-bellunopress-.jpg","width":512,"height":512,"caption":"Bellunopress"},"image":{"@id":"https:\/\/www.bellunopress.it\/#\/schema\/logo\/image\/"},"sameAs":["https:\/\/www.facebook.com\/profile.php?id=100008943462799","https:\/\/x.com\/bellunopress","https:\/\/www.linkedin.com\/hp\/?dnr=JBzUWaJfMUw8vbXJJ2tVW5-I3jZKvC4wsoxE&amp;amp;amp;amp;amp;amp;trk=nav_responsive_tab_home","https:\/\/www.youtube.com\/channel\/UCxL0wu1uN0_3_7hGG0306cw"]},{"@type":"Person","@id":"https:\/\/www.bellunopress.it\/#\/schema\/person\/79bb06722b37ece1c03d3e94beb30d73","name":"r\u00e9daction","image":{"@type":"ImageObject","inLanguage":"fr-FR","@id":"https:\/\/secure.gravatar.com\/avatar\/37d968a2e67a6fd04c169c4bdef102d0bc5d31b2546345219e348575eb80e9a0?s=96&d=mm&r=g","url":"https:\/\/secure.gravatar.com\/avatar\/37d968a2e67a6fd04c169c4bdef102d0bc5d31b2546345219e348575eb80e9a0?s=96&d=mm&r=g","contentUrl":"https:\/\/secure.gravatar.com\/avatar\/37d968a2e67a6fd04c169c4bdef102d0bc5d31b2546345219e348575eb80e9a0?s=96&d=mm&r=g","caption":"redazione"},"sameAs":["http:\/\/www.bellunopress.it","https:\/\/x.com\/bellunopress"],"url":"https:\/\/www.bellunopress.it\/fr\/author\/redazione\/"}]}},"_links":{"self":[{"href":"https:\/\/www.bellunopress.it\/fr\/wp-json\/wp\/v2\/posts\/127097","targetHints":{"allow":["GET"]}}],"collection":[{"href":"https:\/\/www.bellunopress.it\/fr\/wp-json\/wp\/v2\/posts"}],"about":[{"href":"https:\/\/www.bellunopress.it\/fr\/wp-json\/wp\/v2\/types\/post"}],"author":[{"embeddable":true,"href":"https:\/\/www.bellunopress.it\/fr\/wp-json\/wp\/v2\/users\/2"}],"replies":[{"embeddable":true,"href":"https:\/\/www.bellunopress.it\/fr\/wp-json\/wp\/v2\/comments?post=127097"}],"version-history":[{"count":10,"href":"https:\/\/www.bellunopress.it\/fr\/wp-json\/wp\/v2\/posts\/127097\/revisions"}],"predecessor-version":[{"id":127111,"href":"https:\/\/www.bellunopress.it\/fr\/wp-json\/wp\/v2\/posts\/127097\/revisions\/127111"}],"wp:featuredmedia":[{"embeddable":true,"href":"https:\/\/www.bellunopress.it\/fr\/wp-json\/wp\/v2\/media\/119261"}],"wp:attachment":[{"href":"https:\/\/www.bellunopress.it\/fr\/wp-json\/wp\/v2\/media?parent=127097"}],"wp:term":[{"taxonomy":"category","embeddable":true,"href":"https:\/\/www.bellunopress.it\/fr\/wp-json\/wp\/v2\/categories?post=127097"},{"taxonomy":"post_tag","embeddable":true,"href":"https:\/\/www.bellunopress.it\/fr\/wp-json\/wp\/v2\/tags?post=127097"}],"curies":[{"name":"wp","href":"https:\/\/api.w.org\/{rel}","templated":true}]}}