{"id":127095,"date":"2021-08-20T15:00:23","date_gmt":"2021-08-20T13:00:23","guid":{"rendered":"https:\/\/www.bellunopress.it\/?p=127095"},"modified":"2021-08-20T15:00:23","modified_gmt":"2021-08-20T13:00:23","slug":"premio-san-martino-anno-2021-candidature-entro-il-30-agosto","status":"publish","type":"post","link":"https:\/\/www.bellunopress.it\/fr\/2021\/08\/20\/premio-san-martino-anno-2021-candidature-entro-il-30-agosto\/","title":{"rendered":"Premio San Martino anno 2021. Candidature entro il 30 agosto"},"content":{"rendered":"<figure id=\"attachment_112706\" aria-describedby=\"caption-attachment-112706\" style=\"width: 900px\" class=\"wp-caption alignleft\"><a href=\"https:\/\/www.bellunopress.it\/fr\/2020\/03\/05\/green-e-bio-un-po-meno-carta-e-un-po-meno-plastica-per-gli-eventi-futuri-a-belluno\/palazzo-rosso-notte-2\/\" rel=\"attachment wp-att-112706\"><img loading=\"lazy\" decoding=\"async\" class=\"size-full wp-image-112706\" src=\"https:\/\/www.bellunopress.it\/wp-content\/uploads\/2020\/03\/palazzo-rosso-notte.jpg\" alt=\"\" width=\"900\" height=\"688\" srcset=\"https:\/\/www.bellunopress.it\/wp-content\/uploads\/2020\/03\/palazzo-rosso-notte.jpg 900w, https:\/\/www.bellunopress.it\/wp-content\/uploads\/2020\/03\/palazzo-rosso-notte-500x382.jpg 500w, https:\/\/www.bellunopress.it\/wp-content\/uploads\/2020\/03\/palazzo-rosso-notte-696x532.jpg 696w, https:\/\/www.bellunopress.it\/wp-content\/uploads\/2020\/03\/palazzo-rosso-notte-549x420.jpg 549w, https:\/\/www.bellunopress.it\/wp-content\/uploads\/2020\/03\/palazzo-rosso-notte-80x60.jpg 80w\" sizes=\"auto, (max-width: 900px) 100vw, 900px\" \/><\/a><figcaption id=\"caption-attachment-112706\" class=\"wp-caption-text\">Palazzo Rosso, sede dell&#8217;Amministrazione comunale di Belluno<\/figcaption><\/figure>\n<p>Scadranno luned\u00ec 30 agosto i termini per la presentazione delle candidature per il Premio San Martino, anno 2021.<br \/>\nCome per gli anni passati, \u00e8 possibile presentare la candidatura di una persona maggiorenne o, in alternativa, di un&#8217;Associazione, che si siano distinte per merito in diversi ambiti, cos\u00ec come ben dettagliato dal Regolamento, disponibile nel sito Internet del Comune di Belluno.<br \/>\nA partire dall&#8217;edizione 2021, e questa \u00e8 la prima novit\u00e0, si potr\u00e0, per\u00f2, presentare anche l&#8217;ulteriore candidatura di una persona minorenne.<br \/>\nInoltre, seconda novit\u00e0, le candidature dovranno essere sostenute da non meno di 25 firme, ma da non pi\u00f9 di 100, e dovranno essere presentate su modello predefinito, scaricabile dal sito Internet istituzionale, alla voce Regolamenti&gt;Premio San Martino.<\/p>\n<p>A titolo di esempio, si potranno presentare:<br \/>\n&#8211; una candidatura di persona maggiorenne e una di persona minorenne,<br \/>\n&#8211; oppure una candidatura di associazione e una di persona minorenne,<br \/>\n&#8211; oppure la sola candidatura di persona maggiorenne,<br \/>\n&#8211; oppure la sola candidatura di associazione,<br \/>\n&#8211; oppure la sola candidatura di persona minorenne.<\/p>\n<p>Il modulo di candidatura andr\u00e0 consegnato in busta chiusa, entro il 30 agosto 2021, all\u2019Ufficio Protocollo di piazza Duomo 1, accessibile dal luned\u00ec al venerd\u00ec, dalle 9 alle 12, e il gioved\u00ec anche dalle 15 alle 17, senza la necessit\u00e0 di fissare appuntamenti, ma adottando le note misure anti Covid-19 (mascherina, igiene delle mani, distanziamento fisico), indirizzato all&#8217;Ufficio Organi collegiali del Comune di Belluno. Sulla busta andr\u00e0<br \/>\nriportata la dicitura \u201cPremio San Martino\u201d.<\/p>","protected":false},"excerpt":{"rendered":"<p>Scadranno luned\u00ec 30 agosto i termini per la presentazione delle candidature per il Premio San Martino, anno 2021. Come per gli anni passati, \u00e8 possibile presentare la candidatura di una persona maggiorenne o, in alternativa, di un&#8217;Associazione, che si siano distinte per merito in diversi ambiti, cos\u00ec come ben dettagliato dal Regolamento, disponibile nel sito [&hellip;]<\/p>\n","protected":false},"author":2,"featured_media":113617,"comment_status":"closed","ping_status":"open","sticky":false,"template":"","format":"standard","meta":{"footnotes":""},"categories":[26,8],"tags":[],"class_list":["post-127095","post","type-post","status-publish","format-standard","has-post-thumbnail","category-prima-pagina","category-societa-istituzioni"],"yoast_head":"<!-- This site is optimized with the Yoast SEO plugin v28.4 - https:\/\/yoast.com\/product\/yoast-seo-wordpress\/ -->\n<title>Premio San Martino anno 2021. Candidature entro il 30 agosto - Bellunopress - Dolomiti<\/title>\n<meta name=\"robots\" content=\"index, follow, max-snippet:-1, max-image-preview:large, max-video-preview:-1\" \/>\n<link rel=\"canonical\" href=\"https:\/\/www.bellunopress.it\/fr\/2021\/08\/20\/premio-san-martino-anno-2021-candidature-entro-il-30-agosto\/\" \/>\n<meta property=\"og:locale\" content=\"fr_FR\" \/>\n<meta property=\"og:type\" content=\"article\" \/>\n<meta property=\"og:title\" content=\"Premio San Martino anno 2021. Candidature entro il 30 agosto - Bellunopress - Dolomiti\" \/>\n<meta property=\"og:description\" content=\"Scadranno luned\u00ec 30 agosto i termini per la presentazione delle candidature per il Premio San Martino, anno 2021. Come per gli anni passati, \u00e8 possibile presentare la candidatura di una persona maggiorenne o, in alternativa, di un&#8217;Associazione, che si siano distinte per merito in diversi ambiti, cos\u00ec come ben dettagliato dal Regolamento, disponibile nel sito [&hellip;]\" \/>\n<meta property=\"og:url\" content=\"https:\/\/www.bellunopress.it\/fr\/2021\/08\/20\/premio-san-martino-anno-2021-candidature-entro-il-30-agosto\/\" \/>\n<meta property=\"og:site_name\" content=\"Bellunopress - Dolomiti\" \/>\n<meta property=\"article:publisher\" content=\"https:\/\/www.facebook.com\/profile.php?id=100008943462799\" \/>\n<meta property=\"article:published_time\" content=\"2021-08-20T13:00:23+00:00\" \/>\n<meta property=\"og:image\" content=\"https:\/\/www.bellunopress.it\/wp-content\/uploads\/2020\/04\/palazzo-rosso_edited.jpg\" \/>\n\t<meta property=\"og:image:width\" content=\"800\" \/>\n\t<meta property=\"og:image:height\" content=\"563\" \/>\n\t<meta property=\"og:image:type\" content=\"image\/jpeg\" \/>\n<meta name=\"author\" content=\"redazione\" \/>\n<meta name=\"twitter:card\" content=\"summary_large_image\" \/>\n<meta name=\"twitter:creator\" content=\"@bellunopress\" \/>\n<meta name=\"twitter:site\" content=\"@bellunopress\" \/>\n<meta name=\"twitter:label1\" content=\"\u00c9crit par\" \/>\n\t<meta name=\"twitter:data1\" content=\"redazione\" \/>\n\t<meta name=\"twitter:label2\" content=\"Dur\u00e9e de lecture estim\u00e9e\" \/>\n\t<meta name=\"twitter:data2\" content=\"2 minutes\" \/>\n<script type=\"application\/ld+json\" class=\"yoast-schema-graph\">{\"@context\":\"https:\\\/\\\/schema.org\",\"@graph\":[{\"@type\":\"Article\",\"@id\":\"https:\\\/\\\/www.bellunopress.it\\\/2021\\\/08\\\/20\\\/premio-san-martino-anno-2021-candidature-entro-il-30-agosto\\\/#article\",\"isPartOf\":{\"@id\":\"https:\\\/\\\/www.bellunopress.it\\\/2021\\\/08\\\/20\\\/premio-san-martino-anno-2021-candidature-entro-il-30-agosto\\\/\"},\"author\":{\"name\":\"redazione\",\"@id\":\"https:\\\/\\\/www.bellunopress.it\\\/#\\\/schema\\\/person\\\/79bb06722b37ece1c03d3e94beb30d73\"},\"headline\":\"Premio San Martino anno 2021. Candidature entro il 30 agosto\",\"datePublished\":\"2021-08-20T13:00:23+00:00\",\"mainEntityOfPage\":{\"@id\":\"https:\\\/\\\/www.bellunopress.it\\\/2021\\\/08\\\/20\\\/premio-san-martino-anno-2021-candidature-entro-il-30-agosto\\\/\"},\"wordCount\":259,\"publisher\":{\"@id\":\"https:\\\/\\\/www.bellunopress.it\\\/#organization\"},\"image\":{\"@id\":\"https:\\\/\\\/www.bellunopress.it\\\/2021\\\/08\\\/20\\\/premio-san-martino-anno-2021-candidature-entro-il-30-agosto\\\/#primaryimage\"},\"thumbnailUrl\":\"https:\\\/\\\/www.bellunopress.it\\\/wp-content\\\/uploads\\\/2020\\\/04\\\/palazzo-rosso_edited.jpg\",\"articleSection\":[\"Prima Pagina\",\"Societ\u00e0, Associazioni, Istituzioni\"],\"inLanguage\":\"fr-FR\"},{\"@type\":\"WebPage\",\"@id\":\"https:\\\/\\\/www.bellunopress.it\\\/2021\\\/08\\\/20\\\/premio-san-martino-anno-2021-candidature-entro-il-30-agosto\\\/\",\"url\":\"https:\\\/\\\/www.bellunopress.it\\\/2021\\\/08\\\/20\\\/premio-san-martino-anno-2021-candidature-entro-il-30-agosto\\\/\",\"name\":\"Premio San Martino anno 2021. Candidature entro il 30 agosto - Bellunopress - Dolomiti\",\"isPartOf\":{\"@id\":\"https:\\\/\\\/www.bellunopress.it\\\/#website\"},\"primaryImageOfPage\":{\"@id\":\"https:\\\/\\\/www.bellunopress.it\\\/2021\\\/08\\\/20\\\/premio-san-martino-anno-2021-candidature-entro-il-30-agosto\\\/#primaryimage\"},\"image\":{\"@id\":\"https:\\\/\\\/www.bellunopress.it\\\/2021\\\/08\\\/20\\\/premio-san-martino-anno-2021-candidature-entro-il-30-agosto\\\/#primaryimage\"},\"thumbnailUrl\":\"https:\\\/\\\/www.bellunopress.it\\\/wp-content\\\/uploads\\\/2020\\\/04\\\/palazzo-rosso_edited.jpg\",\"datePublished\":\"2021-08-20T13:00:23+00:00\",\"breadcrumb\":{\"@id\":\"https:\\\/\\\/www.bellunopress.it\\\/2021\\\/08\\\/20\\\/premio-san-martino-anno-2021-candidature-entro-il-30-agosto\\\/#breadcrumb\"},\"inLanguage\":\"fr-FR\",\"potentialAction\":[{\"@type\":\"ReadAction\",\"target\":[\"https:\\\/\\\/www.bellunopress.it\\\/2021\\\/08\\\/20\\\/premio-san-martino-anno-2021-candidature-entro-il-30-agosto\\\/\"]}]},{\"@type\":\"ImageObject\",\"inLanguage\":\"fr-FR\",\"@id\":\"https:\\\/\\\/www.bellunopress.it\\\/2021\\\/08\\\/20\\\/premio-san-martino-anno-2021-candidature-entro-il-30-agosto\\\/#primaryimage\",\"url\":\"https:\\\/\\\/www.bellunopress.it\\\/wp-content\\\/uploads\\\/2020\\\/04\\\/palazzo-rosso_edited.jpg\",\"contentUrl\":\"https:\\\/\\\/www.bellunopress.it\\\/wp-content\\\/uploads\\\/2020\\\/04\\\/palazzo-rosso_edited.jpg\",\"width\":800,\"height\":563,\"caption\":\"Palazzo Rosso, sede dell'amministrazione comunale di Belluno\"},{\"@type\":\"BreadcrumbList\",\"@id\":\"https:\\\/\\\/www.bellunopress.it\\\/2021\\\/08\\\/20\\\/premio-san-martino-anno-2021-candidature-entro-il-30-agosto\\\/#breadcrumb\",\"itemListElement\":[{\"@type\":\"ListItem\",\"position\":1,\"name\":\"Home\",\"item\":\"https:\\\/\\\/www.bellunopress.it\\\/\"},{\"@type\":\"ListItem\",\"position\":2,\"name\":\"Premio San Martino anno 2021. Candidature entro il 30 agosto\"}]},{\"@type\":\"WebSite\",\"@id\":\"https:\\\/\\\/www.bellunopress.it\\\/#website\",\"url\":\"https:\\\/\\\/www.bellunopress.it\\\/\",\"name\":\"Bellunopress - Dolomiti\",\"description\":\"e-mail: redazione@bellunopress.it\",\"publisher\":{\"@id\":\"https:\\\/\\\/www.bellunopress.it\\\/#organization\"},\"potentialAction\":[{\"@type\":\"SearchAction\",\"target\":{\"@type\":\"EntryPoint\",\"urlTemplate\":\"https:\\\/\\\/www.bellunopress.it\\\/?s={search_term_string}\"},\"query-input\":{\"@type\":\"PropertyValueSpecification\",\"valueRequired\":true,\"valueName\":\"search_term_string\"}}],\"inLanguage\":\"fr-FR\"},{\"@type\":\"Organization\",\"@id\":\"https:\\\/\\\/www.bellunopress.it\\\/#organization\",\"name\":\"Bellunopress\",\"url\":\"https:\\\/\\\/www.bellunopress.it\\\/\",\"logo\":{\"@type\":\"ImageObject\",\"inLanguage\":\"fr-FR\",\"@id\":\"https:\\\/\\\/www.bellunopress.it\\\/#\\\/schema\\\/logo\\\/image\\\/\",\"url\":\"https:\\\/\\\/www.bellunopress.it\\\/wp-content\\\/uploads\\\/2011\\\/05\\\/cropped-logo-bellunopress-.jpg\",\"contentUrl\":\"https:\\\/\\\/www.bellunopress.it\\\/wp-content\\\/uploads\\\/2011\\\/05\\\/cropped-logo-bellunopress-.jpg\",\"width\":512,\"height\":512,\"caption\":\"Bellunopress\"},\"image\":{\"@id\":\"https:\\\/\\\/www.bellunopress.it\\\/#\\\/schema\\\/logo\\\/image\\\/\"},\"sameAs\":[\"https:\\\/\\\/www.facebook.com\\\/profile.php?id=100008943462799\",\"https:\\\/\\\/x.com\\\/bellunopress\",\"https:\\\/\\\/www.linkedin.com\\\/hp\\\/?dnr=JBzUWaJfMUw8vbXJJ2tVW5-I3jZKvC4wsoxE&amp;amp;amp;amp;amp;amp;trk=nav_responsive_tab_home\",\"https:\\\/\\\/www.youtube.com\\\/channel\\\/UCxL0wu1uN0_3_7hGG0306cw\"]},{\"@type\":\"Person\",\"@id\":\"https:\\\/\\\/www.bellunopress.it\\\/#\\\/schema\\\/person\\\/79bb06722b37ece1c03d3e94beb30d73\",\"name\":\"redazione\",\"image\":{\"@type\":\"ImageObject\",\"inLanguage\":\"fr-FR\",\"@id\":\"https:\\\/\\\/secure.gravatar.com\\\/avatar\\\/37d968a2e67a6fd04c169c4bdef102d0bc5d31b2546345219e348575eb80e9a0?s=96&d=mm&r=g\",\"url\":\"https:\\\/\\\/secure.gravatar.com\\\/avatar\\\/37d968a2e67a6fd04c169c4bdef102d0bc5d31b2546345219e348575eb80e9a0?s=96&d=mm&r=g\",\"contentUrl\":\"https:\\\/\\\/secure.gravatar.com\\\/avatar\\\/37d968a2e67a6fd04c169c4bdef102d0bc5d31b2546345219e348575eb80e9a0?s=96&d=mm&r=g\",\"caption\":\"redazione\"},\"sameAs\":[\"http:\\\/\\\/www.bellunopress.it\",\"https:\\\/\\\/x.com\\\/bellunopress\"],\"url\":\"https:\\\/\\\/www.bellunopress.it\\\/fr\\\/author\\\/redazione\\\/\"}]}<\/script>\n<!-- \/ Yoast SEO plugin. -->","yoast_head_json":{"title":"Premio San Martino anno 2021. Candidature entro il 30 agosto - Bellunopress - Dolomiti","robots":{"index":"index","follow":"follow","max-snippet":"max-snippet:-1","max-image-preview":"max-image-preview:large","max-video-preview":"max-video-preview:-1"},"canonical":"https:\/\/www.bellunopress.it\/fr\/2021\/08\/20\/premio-san-martino-anno-2021-candidature-entro-il-30-agosto\/","og_locale":"fr_FR","og_type":"article","og_title":"Premio San Martino anno 2021. Candidature entro il 30 agosto - Bellunopress - Dolomiti","og_description":"Scadranno luned\u00ec 30 agosto i termini per la presentazione delle candidature per il Premio San Martino, anno 2021. Come per gli anni passati, \u00e8 possibile presentare la candidatura di una persona maggiorenne o, in alternativa, di un&#8217;Associazione, che si siano distinte per merito in diversi ambiti, cos\u00ec come ben dettagliato dal Regolamento, disponibile nel sito [&hellip;]","og_url":"https:\/\/www.bellunopress.it\/fr\/2021\/08\/20\/premio-san-martino-anno-2021-candidature-entro-il-30-agosto\/","og_site_name":"Bellunopress - Dolomiti","article_publisher":"https:\/\/www.facebook.com\/profile.php?id=100008943462799","article_published_time":"2021-08-20T13:00:23+00:00","og_image":[{"width":800,"height":563,"url":"https:\/\/www.bellunopress.it\/wp-content\/uploads\/2020\/04\/palazzo-rosso_edited.jpg","type":"image\/jpeg"}],"author":"redazione","twitter_card":"summary_large_image","twitter_creator":"@bellunopress","twitter_site":"@bellunopress","twitter_misc":{"\u00c9crit par":"redazione","Dur\u00e9e de lecture estim\u00e9e":"2 minutes"},"schema":{"@context":"https:\/\/schema.org","@graph":[{"@type":"Article","@id":"https:\/\/www.bellunopress.it\/2021\/08\/20\/premio-san-martino-anno-2021-candidature-entro-il-30-agosto\/#article","isPartOf":{"@id":"https:\/\/www.bellunopress.it\/2021\/08\/20\/premio-san-martino-anno-2021-candidature-entro-il-30-agosto\/"},"author":{"name":"redazione","@id":"https:\/\/www.bellunopress.it\/#\/schema\/person\/79bb06722b37ece1c03d3e94beb30d73"},"headline":"Premio San Martino anno 2021. Candidature entro il 30 agosto","datePublished":"2021-08-20T13:00:23+00:00","mainEntityOfPage":{"@id":"https:\/\/www.bellunopress.it\/2021\/08\/20\/premio-san-martino-anno-2021-candidature-entro-il-30-agosto\/"},"wordCount":259,"publisher":{"@id":"https:\/\/www.bellunopress.it\/#organization"},"image":{"@id":"https:\/\/www.bellunopress.it\/2021\/08\/20\/premio-san-martino-anno-2021-candidature-entro-il-30-agosto\/#primaryimage"},"thumbnailUrl":"https:\/\/www.bellunopress.it\/wp-content\/uploads\/2020\/04\/palazzo-rosso_edited.jpg","articleSection":["Prima Pagina","Societ\u00e0, Associazioni, Istituzioni"],"inLanguage":"fr-FR"},{"@type":"WebPage","@id":"https:\/\/www.bellunopress.it\/2021\/08\/20\/premio-san-martino-anno-2021-candidature-entro-il-30-agosto\/","url":"https:\/\/www.bellunopress.it\/2021\/08\/20\/premio-san-martino-anno-2021-candidature-entro-il-30-agosto\/","name":"Premio San Martino anno 2021. Candidature entro il 30 agosto - Bellunopress - Dolomiti","isPartOf":{"@id":"https:\/\/www.bellunopress.it\/#website"},"primaryImageOfPage":{"@id":"https:\/\/www.bellunopress.it\/2021\/08\/20\/premio-san-martino-anno-2021-candidature-entro-il-30-agosto\/#primaryimage"},"image":{"@id":"https:\/\/www.bellunopress.it\/2021\/08\/20\/premio-san-martino-anno-2021-candidature-entro-il-30-agosto\/#primaryimage"},"thumbnailUrl":"https:\/\/www.bellunopress.it\/wp-content\/uploads\/2020\/04\/palazzo-rosso_edited.jpg","datePublished":"2021-08-20T13:00:23+00:00","breadcrumb":{"@id":"https:\/\/www.bellunopress.it\/2021\/08\/20\/premio-san-martino-anno-2021-candidature-entro-il-30-agosto\/#breadcrumb"},"inLanguage":"fr-FR","potentialAction":[{"@type":"ReadAction","target":["https:\/\/www.bellunopress.it\/2021\/08\/20\/premio-san-martino-anno-2021-candidature-entro-il-30-agosto\/"]}]},{"@type":"ImageObject","inLanguage":"fr-FR","@id":"https:\/\/www.bellunopress.it\/2021\/08\/20\/premio-san-martino-anno-2021-candidature-entro-il-30-agosto\/#primaryimage","url":"https:\/\/www.bellunopress.it\/wp-content\/uploads\/2020\/04\/palazzo-rosso_edited.jpg","contentUrl":"https:\/\/www.bellunopress.it\/wp-content\/uploads\/2020\/04\/palazzo-rosso_edited.jpg","width":800,"height":563,"caption":"Palazzo Rosso, sede dell'amministrazione comunale di Belluno"},{"@type":"BreadcrumbList","@id":"https:\/\/www.bellunopress.it\/2021\/08\/20\/premio-san-martino-anno-2021-candidature-entro-il-30-agosto\/#breadcrumb","itemListElement":[{"@type":"ListItem","position":1,"name":"Home","item":"https:\/\/www.bellunopress.it\/"},{"@type":"ListItem","position":2,"name":"Premio San Martino anno 2021. Candidature entro il 30 agosto"}]},{"@type":"WebSite","@id":"https:\/\/www.bellunopress.it\/#website","url":"https:\/\/www.bellunopress.it\/","name":"Bellunopress - Dolomiti","description":"e-mail: redazione@bellunopress.it","publisher":{"@id":"https:\/\/www.bellunopress.it\/#organization"},"potentialAction":[{"@type":"SearchAction","target":{"@type":"EntryPoint","urlTemplate":"https:\/\/www.bellunopress.it\/?s={search_term_string}"},"query-input":{"@type":"PropertyValueSpecification","valueRequired":true,"valueName":"search_term_string"}}],"inLanguage":"fr-FR"},{"@type":"Organization","@id":"https:\/\/www.bellunopress.it\/#organization","name":"Bellunopress","url":"https:\/\/www.bellunopress.it\/","logo":{"@type":"ImageObject","inLanguage":"fr-FR","@id":"https:\/\/www.bellunopress.it\/#\/schema\/logo\/image\/","url":"https:\/\/www.bellunopress.it\/wp-content\/uploads\/2011\/05\/cropped-logo-bellunopress-.jpg","contentUrl":"https:\/\/www.bellunopress.it\/wp-content\/uploads\/2011\/05\/cropped-logo-bellunopress-.jpg","width":512,"height":512,"caption":"Bellunopress"},"image":{"@id":"https:\/\/www.bellunopress.it\/#\/schema\/logo\/image\/"},"sameAs":["https:\/\/www.facebook.com\/profile.php?id=100008943462799","https:\/\/x.com\/bellunopress","https:\/\/www.linkedin.com\/hp\/?dnr=JBzUWaJfMUw8vbXJJ2tVW5-I3jZKvC4wsoxE&amp;amp;amp;amp;amp;amp;trk=nav_responsive_tab_home","https:\/\/www.youtube.com\/channel\/UCxL0wu1uN0_3_7hGG0306cw"]},{"@type":"Person","@id":"https:\/\/www.bellunopress.it\/#\/schema\/person\/79bb06722b37ece1c03d3e94beb30d73","name":"r\u00e9daction","image":{"@type":"ImageObject","inLanguage":"fr-FR","@id":"https:\/\/secure.gravatar.com\/avatar\/37d968a2e67a6fd04c169c4bdef102d0bc5d31b2546345219e348575eb80e9a0?s=96&d=mm&r=g","url":"https:\/\/secure.gravatar.com\/avatar\/37d968a2e67a6fd04c169c4bdef102d0bc5d31b2546345219e348575eb80e9a0?s=96&d=mm&r=g","contentUrl":"https:\/\/secure.gravatar.com\/avatar\/37d968a2e67a6fd04c169c4bdef102d0bc5d31b2546345219e348575eb80e9a0?s=96&d=mm&r=g","caption":"redazione"},"sameAs":["http:\/\/www.bellunopress.it","https:\/\/x.com\/bellunopress"],"url":"https:\/\/www.bellunopress.it\/fr\/author\/redazione\/"}]}},"_links":{"self":[{"href":"https:\/\/www.bellunopress.it\/fr\/wp-json\/wp\/v2\/posts\/127095","targetHints":{"allow":["GET"]}}],"collection":[{"href":"https:\/\/www.bellunopress.it\/fr\/wp-json\/wp\/v2\/posts"}],"about":[{"href":"https:\/\/www.bellunopress.it\/fr\/wp-json\/wp\/v2\/types\/post"}],"author":[{"embeddable":true,"href":"https:\/\/www.bellunopress.it\/fr\/wp-json\/wp\/v2\/users\/2"}],"replies":[{"embeddable":true,"href":"https:\/\/www.bellunopress.it\/fr\/wp-json\/wp\/v2\/comments?post=127095"}],"version-history":[{"count":1,"href":"https:\/\/www.bellunopress.it\/fr\/wp-json\/wp\/v2\/posts\/127095\/revisions"}],"predecessor-version":[{"id":127096,"href":"https:\/\/www.bellunopress.it\/fr\/wp-json\/wp\/v2\/posts\/127095\/revisions\/127096"}],"wp:featuredmedia":[{"embeddable":true,"href":"https:\/\/www.bellunopress.it\/fr\/wp-json\/wp\/v2\/media\/113617"}],"wp:attachment":[{"href":"https:\/\/www.bellunopress.it\/fr\/wp-json\/wp\/v2\/media?parent=127095"}],"wp:term":[{"taxonomy":"category","embeddable":true,"href":"https:\/\/www.bellunopress.it\/fr\/wp-json\/wp\/v2\/categories?post=127095"},{"taxonomy":"post_tag","embeddable":true,"href":"https:\/\/www.bellunopress.it\/fr\/wp-json\/wp\/v2\/tags?post=127095"}],"curies":[{"name":"wp","href":"https:\/\/api.w.org\/{rel}","templated":true}]}}