{"id":126976,"date":"2021-08-17T15:17:34","date_gmt":"2021-08-17T13:17:34","guid":{"rendered":"https:\/\/www.bellunopress.it\/?p=126976"},"modified":"2021-08-17T15:17:36","modified_gmt":"2021-08-17T13:17:36","slug":"ex-scuola-luzzo-via-libera-allavviso-pubblico-per-lassegnazione-dei-locali-alle-associazioni-feltrine","status":"publish","type":"post","link":"https:\/\/www.bellunopress.it\/fr\/2021\/08\/17\/ex-scuola-luzzo-via-libera-allavviso-pubblico-per-lassegnazione-dei-locali-alle-associazioni-feltrine\/","title":{"rendered":"Ex scuola \u201cLuzzo\u201d: via libera all&#8217;avviso pubblico per l&#8217;assegnazione dei locali alle Associazioni feltrine."},"content":{"rendered":"<figure id=\"attachment_126977\" aria-describedby=\"caption-attachment-126977\" style=\"width: 800px\" class=\"wp-caption alignleft\"><a href=\"https:\/\/www.bellunopress.it\/fr\/2021\/08\/17\/ex-scuola-luzzo-via-libera-allavviso-pubblico-per-lassegnazione-dei-locali-alle-associazioni-feltrine\/ex-scuola-luzzo-feltre_edited\/\" rel=\"attachment wp-att-126977\"><img loading=\"lazy\" decoding=\"async\" class=\"size-full wp-image-126977\" src=\"https:\/\/www.bellunopress.it\/wp-content\/uploads\/2021\/08\/Ex-scuola-Luzzo-Feltre_edited.jpg\" alt=\"\" width=\"800\" height=\"450\" srcset=\"https:\/\/www.bellunopress.it\/wp-content\/uploads\/2021\/08\/Ex-scuola-Luzzo-Feltre_edited.jpg 800w, https:\/\/www.bellunopress.it\/wp-content\/uploads\/2021\/08\/Ex-scuola-Luzzo-Feltre_edited-500x281.jpg 500w, https:\/\/www.bellunopress.it\/wp-content\/uploads\/2021\/08\/Ex-scuola-Luzzo-Feltre_edited-696x392.jpg 696w, https:\/\/www.bellunopress.it\/wp-content\/uploads\/2021\/08\/Ex-scuola-Luzzo-Feltre_edited-747x420.jpg 747w\" sizes=\"auto, (max-width: 800px) 100vw, 800px\" \/><\/a><figcaption id=\"caption-attachment-126977\" class=\"wp-caption-text\">Ex scuola Luzzo &#8211; Feltre<\/figcaption><\/figure>\n<p>La giunta comunale di Feltre ha dato il via libera, nella sua ultima seduta, all&#8217;avviso pubblico per l&#8217;assegnazione dei locali della ex scuola media \u201cLuzzo\u201d alle associazioni feltrine che ne faranno richiesta per collocarvi la propria sede associativa.<br \/>\nL&#8217;immobile, come si ricorder\u00e0, \u00e8 stato oggetto nei mesi scorsi di un importante intervento di manutenzione straordinaria e di messa in sicurezza, con particolare riferimento alla copertura, gravemente danneggiata in occasione della tempesta Vaia.<\/p>\n<p>\u201cLa ex scuola media \u201cLuzzo\u201d, poi sede liceale per alcuni anni, torna ora a disposizione della collettivit\u00e0 come Casa delle Associazioni\u201d, sottolinea il presidente del consiglio comunale con delega all&#8217;associazionismo Manuel Sacchet.<br \/>\n\u201cCon questo primo bando \u2013 spiega Sacchet &#8211; vengono messe a disposizione delle associazioni 16 stanze ubicate al piano terra dell\u2019edificio; questo con lo scopo di razionalizzare gli spazi e ridurre i costi di gestione, in particolar modo legati al riscaldamento. Alle associazioni assegnatarie verr\u00e0 infatti chiesto di corrispondere soltanto un modesto canone quale compartecipazione alle spese per le utenze di energia, riscaldamento e acqua in base alla superficie occupata. Nulla vieta peraltro, aggiunge il presidente del consiglio, che due o pi\u00f9 sodalizi possano accordarsi per gestire di comune accordo, suddividendosi gli orari di utilizzo, il medesimo locale.<br \/>\nL\u2019Amministrazione valuter\u00e0 in futuro l\u2019opportunit\u00e0 di emettere un altro bando, in relazione a eventuali richieste che verranno manifestate o a particolari esigenze.<br \/>\nCon questo avviso, che verr\u00e0 pubblicato sul sito internet del Comune nei prossimi giorni, si completa cos\u00ec il recupero funzionale dell&#8217;edificio di via Carlo Rizzarda, che rappresenta per la citt\u00e0 un importante punto aggregativo e che dar\u00e0 alle nostre associazioni un luogo adeguato dove poter ospitare le proprie sedi\u201d, conclude Sacchet.<\/p>\n<p>La manifestazione di interesse dovr\u00e0 essere presentata all&#8217;Ufficio Protocollo del Comune di Feltre entro e non oltre le ore 12.00 del giorno 15.09.2021, in busta chiusa consegnata a mano o mediante servizio postale.<\/p>\n<p>Ogni informazione tecnica e sulla procedura, pu\u00f2 essere richiesta all&#8217;Ufficio Patrimonio (arch. De Boni Laura tel. 0439\/885225; mail: l.deboni@comune.feltre.bl.it) e all&#8217;Ufficio Contratti (Paola Coldebella tel.0439\/885226 mail: contratti@comune.feltre.bl.it).<\/p>","protected":false},"excerpt":{"rendered":"<p>La giunta comunale di Feltre ha dato il via libera, nella sua ultima seduta, all&#8217;avviso pubblico per l&#8217;assegnazione dei locali della ex scuola media \u201cLuzzo\u201d alle associazioni feltrine che ne faranno richiesta per collocarvi la propria sede associativa. L&#8217;immobile, come si ricorder\u00e0, \u00e8 stato oggetto nei mesi scorsi di un importante intervento di manutenzione straordinaria [&hellip;]<\/p>\n","protected":false},"author":2,"featured_media":126977,"comment_status":"closed","ping_status":"open","sticky":false,"template":"","format":"standard","meta":{"footnotes":""},"categories":[26,8],"tags":[],"class_list":["post-126976","post","type-post","status-publish","format-standard","has-post-thumbnail","category-prima-pagina","category-societa-istituzioni"],"yoast_head":"<!-- This site is optimized with the Yoast SEO plugin v28.4 - https:\/\/yoast.com\/product\/yoast-seo-wordpress\/ -->\n<title>Ex scuola \u201cLuzzo\u201d: via libera all&#039;avviso pubblico per l&#039;assegnazione dei locali alle Associazioni feltrine. - Bellunopress - Dolomiti<\/title>\n<meta name=\"robots\" content=\"index, follow, max-snippet:-1, max-image-preview:large, max-video-preview:-1\" \/>\n<link rel=\"canonical\" href=\"https:\/\/www.bellunopress.it\/fr\/2021\/08\/17\/ex-scuola-luzzo-via-libera-allavviso-pubblico-per-lassegnazione-dei-locali-alle-associazioni-feltrine\/\" \/>\n<meta property=\"og:locale\" content=\"fr_FR\" \/>\n<meta property=\"og:type\" content=\"article\" \/>\n<meta property=\"og:title\" content=\"Ex scuola \u201cLuzzo\u201d: via libera all&#039;avviso pubblico per l&#039;assegnazione dei locali alle Associazioni feltrine. - Bellunopress - Dolomiti\" \/>\n<meta property=\"og:description\" content=\"La giunta comunale di Feltre ha dato il via libera, nella sua ultima seduta, all&#8217;avviso pubblico per l&#8217;assegnazione dei locali della ex scuola media \u201cLuzzo\u201d alle associazioni feltrine che ne faranno richiesta per collocarvi la propria sede associativa. L&#8217;immobile, come si ricorder\u00e0, \u00e8 stato oggetto nei mesi scorsi di un importante intervento di manutenzione straordinaria [&hellip;]\" \/>\n<meta property=\"og:url\" content=\"https:\/\/www.bellunopress.it\/fr\/2021\/08\/17\/ex-scuola-luzzo-via-libera-allavviso-pubblico-per-lassegnazione-dei-locali-alle-associazioni-feltrine\/\" \/>\n<meta property=\"og:site_name\" content=\"Bellunopress - Dolomiti\" \/>\n<meta property=\"article:publisher\" content=\"https:\/\/www.facebook.com\/profile.php?id=100008943462799\" \/>\n<meta property=\"article:published_time\" content=\"2021-08-17T13:17:34+00:00\" \/>\n<meta property=\"article:modified_time\" content=\"2021-08-17T13:17:36+00:00\" \/>\n<meta property=\"og:image\" content=\"https:\/\/www.bellunopress.it\/wp-content\/uploads\/2021\/08\/Ex-scuola-Luzzo-Feltre_edited.jpg\" \/>\n\t<meta property=\"og:image:width\" content=\"800\" \/>\n\t<meta property=\"og:image:height\" content=\"450\" \/>\n\t<meta property=\"og:image:type\" content=\"image\/jpeg\" \/>\n<meta name=\"author\" content=\"redazione\" \/>\n<meta name=\"twitter:card\" content=\"summary_large_image\" \/>\n<meta name=\"twitter:creator\" content=\"@bellunopress\" \/>\n<meta name=\"twitter:site\" content=\"@bellunopress\" \/>\n<meta name=\"twitter:label1\" content=\"\u00c9crit par\" \/>\n\t<meta name=\"twitter:data1\" content=\"redazione\" \/>\n\t<meta name=\"twitter:label2\" content=\"Dur\u00e9e de lecture estim\u00e9e\" \/>\n\t<meta name=\"twitter:data2\" content=\"2 minutes\" \/>\n<script type=\"application\/ld+json\" class=\"yoast-schema-graph\">{\"@context\":\"https:\\\/\\\/schema.org\",\"@graph\":[{\"@type\":\"Article\",\"@id\":\"https:\\\/\\\/www.bellunopress.it\\\/2021\\\/08\\\/17\\\/ex-scuola-luzzo-via-libera-allavviso-pubblico-per-lassegnazione-dei-locali-alle-associazioni-feltrine\\\/#article\",\"isPartOf\":{\"@id\":\"https:\\\/\\\/www.bellunopress.it\\\/2021\\\/08\\\/17\\\/ex-scuola-luzzo-via-libera-allavviso-pubblico-per-lassegnazione-dei-locali-alle-associazioni-feltrine\\\/\"},\"author\":{\"name\":\"redazione\",\"@id\":\"https:\\\/\\\/www.bellunopress.it\\\/#\\\/schema\\\/person\\\/79bb06722b37ece1c03d3e94beb30d73\"},\"headline\":\"Ex scuola \u201cLuzzo\u201d: via libera all&#8217;avviso pubblico per l&#8217;assegnazione dei locali alle Associazioni feltrine.\",\"datePublished\":\"2021-08-17T13:17:34+00:00\",\"dateModified\":\"2021-08-17T13:17:36+00:00\",\"mainEntityOfPage\":{\"@id\":\"https:\\\/\\\/www.bellunopress.it\\\/2021\\\/08\\\/17\\\/ex-scuola-luzzo-via-libera-allavviso-pubblico-per-lassegnazione-dei-locali-alle-associazioni-feltrine\\\/\"},\"wordCount\":377,\"publisher\":{\"@id\":\"https:\\\/\\\/www.bellunopress.it\\\/#organization\"},\"image\":{\"@id\":\"https:\\\/\\\/www.bellunopress.it\\\/2021\\\/08\\\/17\\\/ex-scuola-luzzo-via-libera-allavviso-pubblico-per-lassegnazione-dei-locali-alle-associazioni-feltrine\\\/#primaryimage\"},\"thumbnailUrl\":\"https:\\\/\\\/www.bellunopress.it\\\/wp-content\\\/uploads\\\/2021\\\/08\\\/Ex-scuola-Luzzo-Feltre_edited.jpg\",\"articleSection\":[\"Prima Pagina\",\"Societ\u00e0, Associazioni, Istituzioni\"],\"inLanguage\":\"fr-FR\"},{\"@type\":\"WebPage\",\"@id\":\"https:\\\/\\\/www.bellunopress.it\\\/2021\\\/08\\\/17\\\/ex-scuola-luzzo-via-libera-allavviso-pubblico-per-lassegnazione-dei-locali-alle-associazioni-feltrine\\\/\",\"url\":\"https:\\\/\\\/www.bellunopress.it\\\/2021\\\/08\\\/17\\\/ex-scuola-luzzo-via-libera-allavviso-pubblico-per-lassegnazione-dei-locali-alle-associazioni-feltrine\\\/\",\"name\":\"Ex scuola \u201cLuzzo\u201d: via libera all'avviso pubblico per l'assegnazione dei locali alle Associazioni feltrine. - Bellunopress - Dolomiti\",\"isPartOf\":{\"@id\":\"https:\\\/\\\/www.bellunopress.it\\\/#website\"},\"primaryImageOfPage\":{\"@id\":\"https:\\\/\\\/www.bellunopress.it\\\/2021\\\/08\\\/17\\\/ex-scuola-luzzo-via-libera-allavviso-pubblico-per-lassegnazione-dei-locali-alle-associazioni-feltrine\\\/#primaryimage\"},\"image\":{\"@id\":\"https:\\\/\\\/www.bellunopress.it\\\/2021\\\/08\\\/17\\\/ex-scuola-luzzo-via-libera-allavviso-pubblico-per-lassegnazione-dei-locali-alle-associazioni-feltrine\\\/#primaryimage\"},\"thumbnailUrl\":\"https:\\\/\\\/www.bellunopress.it\\\/wp-content\\\/uploads\\\/2021\\\/08\\\/Ex-scuola-Luzzo-Feltre_edited.jpg\",\"datePublished\":\"2021-08-17T13:17:34+00:00\",\"dateModified\":\"2021-08-17T13:17:36+00:00\",\"breadcrumb\":{\"@id\":\"https:\\\/\\\/www.bellunopress.it\\\/2021\\\/08\\\/17\\\/ex-scuola-luzzo-via-libera-allavviso-pubblico-per-lassegnazione-dei-locali-alle-associazioni-feltrine\\\/#breadcrumb\"},\"inLanguage\":\"fr-FR\",\"potentialAction\":[{\"@type\":\"ReadAction\",\"target\":[\"https:\\\/\\\/www.bellunopress.it\\\/2021\\\/08\\\/17\\\/ex-scuola-luzzo-via-libera-allavviso-pubblico-per-lassegnazione-dei-locali-alle-associazioni-feltrine\\\/\"]}]},{\"@type\":\"ImageObject\",\"inLanguage\":\"fr-FR\",\"@id\":\"https:\\\/\\\/www.bellunopress.it\\\/2021\\\/08\\\/17\\\/ex-scuola-luzzo-via-libera-allavviso-pubblico-per-lassegnazione-dei-locali-alle-associazioni-feltrine\\\/#primaryimage\",\"url\":\"https:\\\/\\\/www.bellunopress.it\\\/wp-content\\\/uploads\\\/2021\\\/08\\\/Ex-scuola-Luzzo-Feltre_edited.jpg\",\"contentUrl\":\"https:\\\/\\\/www.bellunopress.it\\\/wp-content\\\/uploads\\\/2021\\\/08\\\/Ex-scuola-Luzzo-Feltre_edited.jpg\",\"width\":800,\"height\":450,\"caption\":\"Ex scuola Luzzo - Feltre\"},{\"@type\":\"BreadcrumbList\",\"@id\":\"https:\\\/\\\/www.bellunopress.it\\\/2021\\\/08\\\/17\\\/ex-scuola-luzzo-via-libera-allavviso-pubblico-per-lassegnazione-dei-locali-alle-associazioni-feltrine\\\/#breadcrumb\",\"itemListElement\":[{\"@type\":\"ListItem\",\"position\":1,\"name\":\"Home\",\"item\":\"https:\\\/\\\/www.bellunopress.it\\\/\"},{\"@type\":\"ListItem\",\"position\":2,\"name\":\"Ex scuola \u201cLuzzo\u201d: via libera all&#8217;avviso pubblico per l&#8217;assegnazione dei locali alle Associazioni feltrine.\"}]},{\"@type\":\"WebSite\",\"@id\":\"https:\\\/\\\/www.bellunopress.it\\\/#website\",\"url\":\"https:\\\/\\\/www.bellunopress.it\\\/\",\"name\":\"Bellunopress - Dolomiti\",\"description\":\"e-mail: redazione@bellunopress.it\",\"publisher\":{\"@id\":\"https:\\\/\\\/www.bellunopress.it\\\/#organization\"},\"potentialAction\":[{\"@type\":\"SearchAction\",\"target\":{\"@type\":\"EntryPoint\",\"urlTemplate\":\"https:\\\/\\\/www.bellunopress.it\\\/?s={search_term_string}\"},\"query-input\":{\"@type\":\"PropertyValueSpecification\",\"valueRequired\":true,\"valueName\":\"search_term_string\"}}],\"inLanguage\":\"fr-FR\"},{\"@type\":\"Organization\",\"@id\":\"https:\\\/\\\/www.bellunopress.it\\\/#organization\",\"name\":\"Bellunopress\",\"url\":\"https:\\\/\\\/www.bellunopress.it\\\/\",\"logo\":{\"@type\":\"ImageObject\",\"inLanguage\":\"fr-FR\",\"@id\":\"https:\\\/\\\/www.bellunopress.it\\\/#\\\/schema\\\/logo\\\/image\\\/\",\"url\":\"https:\\\/\\\/www.bellunopress.it\\\/wp-content\\\/uploads\\\/2011\\\/05\\\/cropped-logo-bellunopress-.jpg\",\"contentUrl\":\"https:\\\/\\\/www.bellunopress.it\\\/wp-content\\\/uploads\\\/2011\\\/05\\\/cropped-logo-bellunopress-.jpg\",\"width\":512,\"height\":512,\"caption\":\"Bellunopress\"},\"image\":{\"@id\":\"https:\\\/\\\/www.bellunopress.it\\\/#\\\/schema\\\/logo\\\/image\\\/\"},\"sameAs\":[\"https:\\\/\\\/www.facebook.com\\\/profile.php?id=100008943462799\",\"https:\\\/\\\/x.com\\\/bellunopress\",\"https:\\\/\\\/www.linkedin.com\\\/hp\\\/?dnr=JBzUWaJfMUw8vbXJJ2tVW5-I3jZKvC4wsoxE&amp;amp;amp;amp;amp;amp;trk=nav_responsive_tab_home\",\"https:\\\/\\\/www.youtube.com\\\/channel\\\/UCxL0wu1uN0_3_7hGG0306cw\"]},{\"@type\":\"Person\",\"@id\":\"https:\\\/\\\/www.bellunopress.it\\\/#\\\/schema\\\/person\\\/79bb06722b37ece1c03d3e94beb30d73\",\"name\":\"redazione\",\"image\":{\"@type\":\"ImageObject\",\"inLanguage\":\"fr-FR\",\"@id\":\"https:\\\/\\\/secure.gravatar.com\\\/avatar\\\/37d968a2e67a6fd04c169c4bdef102d0bc5d31b2546345219e348575eb80e9a0?s=96&d=mm&r=g\",\"url\":\"https:\\\/\\\/secure.gravatar.com\\\/avatar\\\/37d968a2e67a6fd04c169c4bdef102d0bc5d31b2546345219e348575eb80e9a0?s=96&d=mm&r=g\",\"contentUrl\":\"https:\\\/\\\/secure.gravatar.com\\\/avatar\\\/37d968a2e67a6fd04c169c4bdef102d0bc5d31b2546345219e348575eb80e9a0?s=96&d=mm&r=g\",\"caption\":\"redazione\"},\"sameAs\":[\"http:\\\/\\\/www.bellunopress.it\",\"https:\\\/\\\/x.com\\\/bellunopress\"],\"url\":\"https:\\\/\\\/www.bellunopress.it\\\/fr\\\/author\\\/redazione\\\/\"}]}<\/script>\n<!-- \/ Yoast SEO plugin. -->","yoast_head_json":{"title":"Ex scuola \u201cLuzzo\u201d: via libera all'avviso pubblico per l'assegnazione dei locali alle Associazioni feltrine. - Bellunopress - Dolomiti","robots":{"index":"index","follow":"follow","max-snippet":"max-snippet:-1","max-image-preview":"max-image-preview:large","max-video-preview":"max-video-preview:-1"},"canonical":"https:\/\/www.bellunopress.it\/fr\/2021\/08\/17\/ex-scuola-luzzo-via-libera-allavviso-pubblico-per-lassegnazione-dei-locali-alle-associazioni-feltrine\/","og_locale":"fr_FR","og_type":"article","og_title":"Ex scuola \u201cLuzzo\u201d: via libera all'avviso pubblico per l'assegnazione dei locali alle Associazioni feltrine. - Bellunopress - Dolomiti","og_description":"La giunta comunale di Feltre ha dato il via libera, nella sua ultima seduta, all&#8217;avviso pubblico per l&#8217;assegnazione dei locali della ex scuola media \u201cLuzzo\u201d alle associazioni feltrine che ne faranno richiesta per collocarvi la propria sede associativa. L&#8217;immobile, come si ricorder\u00e0, \u00e8 stato oggetto nei mesi scorsi di un importante intervento di manutenzione straordinaria [&hellip;]","og_url":"https:\/\/www.bellunopress.it\/fr\/2021\/08\/17\/ex-scuola-luzzo-via-libera-allavviso-pubblico-per-lassegnazione-dei-locali-alle-associazioni-feltrine\/","og_site_name":"Bellunopress - Dolomiti","article_publisher":"https:\/\/www.facebook.com\/profile.php?id=100008943462799","article_published_time":"2021-08-17T13:17:34+00:00","article_modified_time":"2021-08-17T13:17:36+00:00","og_image":[{"width":800,"height":450,"url":"https:\/\/www.bellunopress.it\/wp-content\/uploads\/2021\/08\/Ex-scuola-Luzzo-Feltre_edited.jpg","type":"image\/jpeg"}],"author":"redazione","twitter_card":"summary_large_image","twitter_creator":"@bellunopress","twitter_site":"@bellunopress","twitter_misc":{"\u00c9crit par":"redazione","Dur\u00e9e de lecture estim\u00e9e":"2 minutes"},"schema":{"@context":"https:\/\/schema.org","@graph":[{"@type":"Article","@id":"https:\/\/www.bellunopress.it\/2021\/08\/17\/ex-scuola-luzzo-via-libera-allavviso-pubblico-per-lassegnazione-dei-locali-alle-associazioni-feltrine\/#article","isPartOf":{"@id":"https:\/\/www.bellunopress.it\/2021\/08\/17\/ex-scuola-luzzo-via-libera-allavviso-pubblico-per-lassegnazione-dei-locali-alle-associazioni-feltrine\/"},"author":{"name":"redazione","@id":"https:\/\/www.bellunopress.it\/#\/schema\/person\/79bb06722b37ece1c03d3e94beb30d73"},"headline":"Ex scuola \u201cLuzzo\u201d: via libera all&#8217;avviso pubblico per l&#8217;assegnazione dei locali alle Associazioni feltrine.","datePublished":"2021-08-17T13:17:34+00:00","dateModified":"2021-08-17T13:17:36+00:00","mainEntityOfPage":{"@id":"https:\/\/www.bellunopress.it\/2021\/08\/17\/ex-scuola-luzzo-via-libera-allavviso-pubblico-per-lassegnazione-dei-locali-alle-associazioni-feltrine\/"},"wordCount":377,"publisher":{"@id":"https:\/\/www.bellunopress.it\/#organization"},"image":{"@id":"https:\/\/www.bellunopress.it\/2021\/08\/17\/ex-scuola-luzzo-via-libera-allavviso-pubblico-per-lassegnazione-dei-locali-alle-associazioni-feltrine\/#primaryimage"},"thumbnailUrl":"https:\/\/www.bellunopress.it\/wp-content\/uploads\/2021\/08\/Ex-scuola-Luzzo-Feltre_edited.jpg","articleSection":["Prima Pagina","Societ\u00e0, Associazioni, Istituzioni"],"inLanguage":"fr-FR"},{"@type":"WebPage","@id":"https:\/\/www.bellunopress.it\/2021\/08\/17\/ex-scuola-luzzo-via-libera-allavviso-pubblico-per-lassegnazione-dei-locali-alle-associazioni-feltrine\/","url":"https:\/\/www.bellunopress.it\/2021\/08\/17\/ex-scuola-luzzo-via-libera-allavviso-pubblico-per-lassegnazione-dei-locali-alle-associazioni-feltrine\/","name":"Ex scuola \u201cLuzzo\u201d: via libera all'avviso pubblico per l'assegnazione dei locali alle Associazioni feltrine. - Bellunopress - Dolomiti","isPartOf":{"@id":"https:\/\/www.bellunopress.it\/#website"},"primaryImageOfPage":{"@id":"https:\/\/www.bellunopress.it\/2021\/08\/17\/ex-scuola-luzzo-via-libera-allavviso-pubblico-per-lassegnazione-dei-locali-alle-associazioni-feltrine\/#primaryimage"},"image":{"@id":"https:\/\/www.bellunopress.it\/2021\/08\/17\/ex-scuola-luzzo-via-libera-allavviso-pubblico-per-lassegnazione-dei-locali-alle-associazioni-feltrine\/#primaryimage"},"thumbnailUrl":"https:\/\/www.bellunopress.it\/wp-content\/uploads\/2021\/08\/Ex-scuola-Luzzo-Feltre_edited.jpg","datePublished":"2021-08-17T13:17:34+00:00","dateModified":"2021-08-17T13:17:36+00:00","breadcrumb":{"@id":"https:\/\/www.bellunopress.it\/2021\/08\/17\/ex-scuola-luzzo-via-libera-allavviso-pubblico-per-lassegnazione-dei-locali-alle-associazioni-feltrine\/#breadcrumb"},"inLanguage":"fr-FR","potentialAction":[{"@type":"ReadAction","target":["https:\/\/www.bellunopress.it\/2021\/08\/17\/ex-scuola-luzzo-via-libera-allavviso-pubblico-per-lassegnazione-dei-locali-alle-associazioni-feltrine\/"]}]},{"@type":"ImageObject","inLanguage":"fr-FR","@id":"https:\/\/www.bellunopress.it\/2021\/08\/17\/ex-scuola-luzzo-via-libera-allavviso-pubblico-per-lassegnazione-dei-locali-alle-associazioni-feltrine\/#primaryimage","url":"https:\/\/www.bellunopress.it\/wp-content\/uploads\/2021\/08\/Ex-scuola-Luzzo-Feltre_edited.jpg","contentUrl":"https:\/\/www.bellunopress.it\/wp-content\/uploads\/2021\/08\/Ex-scuola-Luzzo-Feltre_edited.jpg","width":800,"height":450,"caption":"Ex scuola Luzzo - Feltre"},{"@type":"BreadcrumbList","@id":"https:\/\/www.bellunopress.it\/2021\/08\/17\/ex-scuola-luzzo-via-libera-allavviso-pubblico-per-lassegnazione-dei-locali-alle-associazioni-feltrine\/#breadcrumb","itemListElement":[{"@type":"ListItem","position":1,"name":"Home","item":"https:\/\/www.bellunopress.it\/"},{"@type":"ListItem","position":2,"name":"Ex scuola \u201cLuzzo\u201d: via libera all&#8217;avviso pubblico per l&#8217;assegnazione dei locali alle Associazioni feltrine."}]},{"@type":"WebSite","@id":"https:\/\/www.bellunopress.it\/#website","url":"https:\/\/www.bellunopress.it\/","name":"Bellunopress - Dolomiti","description":"e-mail: redazione@bellunopress.it","publisher":{"@id":"https:\/\/www.bellunopress.it\/#organization"},"potentialAction":[{"@type":"SearchAction","target":{"@type":"EntryPoint","urlTemplate":"https:\/\/www.bellunopress.it\/?s={search_term_string}"},"query-input":{"@type":"PropertyValueSpecification","valueRequired":true,"valueName":"search_term_string"}}],"inLanguage":"fr-FR"},{"@type":"Organization","@id":"https:\/\/www.bellunopress.it\/#organization","name":"Bellunopress","url":"https:\/\/www.bellunopress.it\/","logo":{"@type":"ImageObject","inLanguage":"fr-FR","@id":"https:\/\/www.bellunopress.it\/#\/schema\/logo\/image\/","url":"https:\/\/www.bellunopress.it\/wp-content\/uploads\/2011\/05\/cropped-logo-bellunopress-.jpg","contentUrl":"https:\/\/www.bellunopress.it\/wp-content\/uploads\/2011\/05\/cropped-logo-bellunopress-.jpg","width":512,"height":512,"caption":"Bellunopress"},"image":{"@id":"https:\/\/www.bellunopress.it\/#\/schema\/logo\/image\/"},"sameAs":["https:\/\/www.facebook.com\/profile.php?id=100008943462799","https:\/\/x.com\/bellunopress","https:\/\/www.linkedin.com\/hp\/?dnr=JBzUWaJfMUw8vbXJJ2tVW5-I3jZKvC4wsoxE&amp;amp;amp;amp;amp;amp;trk=nav_responsive_tab_home","https:\/\/www.youtube.com\/channel\/UCxL0wu1uN0_3_7hGG0306cw"]},{"@type":"Person","@id":"https:\/\/www.bellunopress.it\/#\/schema\/person\/79bb06722b37ece1c03d3e94beb30d73","name":"r\u00e9daction","image":{"@type":"ImageObject","inLanguage":"fr-FR","@id":"https:\/\/secure.gravatar.com\/avatar\/37d968a2e67a6fd04c169c4bdef102d0bc5d31b2546345219e348575eb80e9a0?s=96&d=mm&r=g","url":"https:\/\/secure.gravatar.com\/avatar\/37d968a2e67a6fd04c169c4bdef102d0bc5d31b2546345219e348575eb80e9a0?s=96&d=mm&r=g","contentUrl":"https:\/\/secure.gravatar.com\/avatar\/37d968a2e67a6fd04c169c4bdef102d0bc5d31b2546345219e348575eb80e9a0?s=96&d=mm&r=g","caption":"redazione"},"sameAs":["http:\/\/www.bellunopress.it","https:\/\/x.com\/bellunopress"],"url":"https:\/\/www.bellunopress.it\/fr\/author\/redazione\/"}]}},"_links":{"self":[{"href":"https:\/\/www.bellunopress.it\/fr\/wp-json\/wp\/v2\/posts\/126976","targetHints":{"allow":["GET"]}}],"collection":[{"href":"https:\/\/www.bellunopress.it\/fr\/wp-json\/wp\/v2\/posts"}],"about":[{"href":"https:\/\/www.bellunopress.it\/fr\/wp-json\/wp\/v2\/types\/post"}],"author":[{"embeddable":true,"href":"https:\/\/www.bellunopress.it\/fr\/wp-json\/wp\/v2\/users\/2"}],"replies":[{"embeddable":true,"href":"https:\/\/www.bellunopress.it\/fr\/wp-json\/wp\/v2\/comments?post=126976"}],"version-history":[{"count":3,"href":"https:\/\/www.bellunopress.it\/fr\/wp-json\/wp\/v2\/posts\/126976\/revisions"}],"predecessor-version":[{"id":126980,"href":"https:\/\/www.bellunopress.it\/fr\/wp-json\/wp\/v2\/posts\/126976\/revisions\/126980"}],"wp:featuredmedia":[{"embeddable":true,"href":"https:\/\/www.bellunopress.it\/fr\/wp-json\/wp\/v2\/media\/126977"}],"wp:attachment":[{"href":"https:\/\/www.bellunopress.it\/fr\/wp-json\/wp\/v2\/media?parent=126976"}],"wp:term":[{"taxonomy":"category","embeddable":true,"href":"https:\/\/www.bellunopress.it\/fr\/wp-json\/wp\/v2\/categories?post=126976"},{"taxonomy":"post_tag","embeddable":true,"href":"https:\/\/www.bellunopress.it\/fr\/wp-json\/wp\/v2\/tags?post=126976"}],"curies":[{"name":"wp","href":"https:\/\/api.w.org\/{rel}","templated":true}]}}