{"id":126963,"date":"2021-08-16T21:56:38","date_gmt":"2021-08-16T19:56:38","guid":{"rendered":"https:\/\/www.bellunopress.it\/?p=126963"},"modified":"2021-08-16T21:56:38","modified_gmt":"2021-08-16T19:56:38","slug":"laifa-anticipa-al-7-agosto-lapprovazione-delluso-dei-monoclonali-nella-cura-ai-pazienti-covid-19","status":"publish","type":"post","link":"https:\/\/www.bellunopress.it\/fr\/2021\/08\/16\/laifa-anticipa-al-7-agosto-lapprovazione-delluso-dei-monoclonali-nella-cura-ai-pazienti-covid-19\/","title":{"rendered":"L&#8217;Aifa anticipa al 7 agosto l&#8217;approvazione dell&#8217;uso dei monoclonali nella cura ai pazienti covid-19"},"content":{"rendered":"<p><a href=\"https:\/\/www.bellunopress.it\/fr\/2020\/08\/31\/concorso-per-infermieri-alle-case-di-riposo-di-longarone-e-val-di-zoldo-domande-entro-il-14-settembre\/infermieri_edited\/\" rel=\"attachment wp-att-117203\"><img loading=\"lazy\" decoding=\"async\" class=\"alignleft size-full wp-image-117203\" src=\"https:\/\/www.bellunopress.it\/wp-content\/uploads\/2020\/08\/infermieri_edited.jpg\" alt=\"\" width=\"800\" height=\"534\" srcset=\"https:\/\/www.bellunopress.it\/wp-content\/uploads\/2020\/08\/infermieri_edited.jpg 800w, https:\/\/www.bellunopress.it\/wp-content\/uploads\/2020\/08\/infermieri_edited-500x334.jpg 500w, https:\/\/www.bellunopress.it\/wp-content\/uploads\/2020\/08\/infermieri_edited-696x465.jpg 696w, https:\/\/www.bellunopress.it\/wp-content\/uploads\/2020\/08\/infermieri_edited-629x420.jpg 629w\" sizes=\"auto, (max-width: 800px) 100vw, 800px\" \/><\/a>C\u2019\u00e8 una novit\u00e0 nelle cure dell\u2019infezione da covid-19. Lo ha stabilito l\u2019Aifa, l\u2019Agenzia italiana per il farmaco, anticipando l\u2019autorizzazione all\u2019utilizzo degli anticorpi monoclonali a partire dal 7 agosto 2021 anzich\u00e9 a ottobre come era stato detto in precedenza. Il provvedimento datato 10\/08\/2021 \u00e8 stato pubblicato nel sito ufficiale (testo a <a href=\"https:\/\/www.aifa.gov.it\/-\/modifiche-registro-anticorpi-monoclonali-covid-19\">questo link<\/a> e a fondo pagina).<\/p>\n<p>Lo sviluppo dei monoclonali ha tuttavia lasciato qualche strascico di polemiche. Infatti, sul versante delle cure al covid, gi\u00e0 nel maggio del 2020 avevamo intervistato la dottoressa Giustina De Silvestro, primario del Servizio trasfusionale all\u2019Ulss 16 di Padova, che ci aveva confermato l\u2019efficacia delle cure sperimentate su pazienti con l\u2019uso del plasma iperimmune ottenuto dai pazienti guariti. (<a href=\"https:\/\/www.bellunopress.it\/fr\/2020\/05\/07\/plasma-di-pazienti-guariti-per-sconfiggere-il-coronavirus-intervista-alla-dottoressa-giustina-de-silvestro-primario-del-servizio-trasfusionale-allulss-16-di-padova\/\">Qui l\u2019intervista<\/a>).<\/p>\n<p>La dottoressa De Silvestro \u00e8 intervenuta recentemente sulla stampa a seguito del suicidio del dottor Giuseppe De Donno, l\u2019ex primario di Pneumologia all\u2019ospedale \u201cCarlo Poma\u201d di Mantova che per primo aveva iniziato a curare i pazienti colpiti dal Covid-19 con le trasfusioni di plasma iperimmune.<\/p>\n<p>I clinici non richiedono pi\u00f9 l\u2019uso del trattamento dei pazienti affetti da covid-19 con il plasma iperimmune &#8211; aveva dichiarato &#8211; preferendo ad esso l\u2019uso degli anticorpi monoclonali. \u00a0Eppure il plasma iperimmune aveva dato dei buoni risultati, soprattutto se applicato ad anziani e persone fragili.<\/p>\n<p>E allora come mai \u00e8 stato accantonato questo trattamento?<\/p>\n<p>Sembrerebbe che a decidere il successo di una cura piuttosto che di un\u2019altra, anche nel settore sanitario, sia stato il mercato.<\/p>\n<p>Curare con plasma iperimmune infatti, comporta molto lavoro al personale sanitario, ma non produce alcun profitto alle case farmaceutiche. \u00a0Una dose di plasma iperimmune costa circa 200 euro al sistema sanitario. Mentre ogni dose di monoclonale prodotto dalle case farmaceutiche costa circa 2000 euro.<\/p>\n<p>&nbsp;<\/p>\n<p><strong>AIFA Modifiche Registro &#8211; anticorpi monoclonali COVID-19 Pubblicato il: 10 agosto 2021<\/strong><\/p>\n<p>Si informano gli utenti dei Registri Farmaci sottoposti a Monitoraggio che, a seguito della pubblicazione della Determinazione AIFA n.911 nella GU n.187 del 06.08.2021, a partire dal 07\/08\/2021 \u00e8 possibile utilizzare anche l\u2019anticorpo monoclonale sotrovimab, per la seguente indicazione terapeutica:<\/p>\n<p>\u201cTrattamento della malattia da coronavirus 2019 (COVID-19) lieve o moderata, negli adulti e adolescenti di et\u00e0 pari o superiore a 12 anni non ospedalizzati per COVID-19, che non necessitano di ossigenoterapia supplementare per COVID-19 e che sono ad alto rischio di progressione a COVID-19 severa\u201d.<\/p>\n<p>Inoltre, in attuazione della Determinazione AIFA n.912, \u00e8 possibile utilizzare la combinazione casirivimab+imdevimab al dosaggio 4.000mg+4.000mg nella seguente indicazione terapeutica:<\/p>\n<p>\u201cTrattamento di pazienti ospedalizzati per COVID-19, anche in ossigenoterapia supplementare (con l&#8217;esclusione dell&#8217;ossigenoterapia ad alti flussi, o in ventilazione meccanica), con sierologia negativa per gli anticorpi IgG anti- Spike di SARSCoV-2\u201d.<\/p>\n<p>Si richiama l\u2019attenzione sul fatto che gli anticorpi monoclonali anti-SARS-CoV-2 attualmente disponibili, pur presentando indicazioni d\u2019uso sovrapponibili, si differenziano tra di loro, sulla base di recenti evidenze di letteratura, per capacit\u00e0 di neutralizzare le diverse varianti circolanti. Tutti gli anticorpi anti-SARS-CoV-2 disponibili in Italia (bamlanivamb\/etesevimab, casirivimab\/imdevimab e sotrovimab) mantengono una adeguata attivit\u00e0 antivirale nei confronti delle varianti alfa (lignaggio B.1.1.7) e delta (lignaggio B.1.617.2), mentre l\u2019attivit\u00e0 neutralizzante della combinazione bamlanivamb\/etesevimab, differentemente dagli altri anticorpi monoclonali disponibili (casirivimab\/imdevimab e sotrovimab), \u00e8 fortemente inibita nei confronti delle varianti beta (B.1.351) e gamma (P.1). Pertanto, ove non sia stata effettuata la genotipizzazione\/sequenziamento, e tenuto conto del contesto epidemiologico di riferimento, sono da considerarsi preferibili gli anticorpi monoclonali che al momento risultano efficaci su tutte le varianti (casirivimab\/imdevimab e sotrovimab).<\/p>\n<p>(Per il controllo delle varianti di SARS-Cov2 circolanti in Italia \u00e8 consultare i rapporti periodici dell&#8217;ISS disponibili al seguente link: https:\/\/www.iss.it\/cov19-cosa-fa-iss-varianti)<\/p>\n<p>In conclusione, si ricorda ai medici che le prescrizioni di anticorpi monoclonali relative alla indicazione autorizzate dovranno essere effettuate in accordo ai criteri di eleggibilit\u00e0 e appropriatezza prescrittiva riportati nella scheda clinica, scaricabile in formato .zip, dalla lista dei &#8220;Registri e PT attivi&#8221;, raggiungibile dal box \u201cLink correlati\u201d.<\/p>\n<p>Si specifica infine che, a partire dal 10\/08\/2021, il registro in oggetto, modificato \u00e8 disponibile sulla piattaforma web; pertanto tenuto conto della disponibilit\u00e0 di nuovi prodotti, si invitano i referenti regionali a procedere all\u2019abilitazione delle strutture sanitarie autorizzate, accedendo al sistema.<\/p>\n<p><a href=\"https:\/\/www.aifa.gov.it\/documents\/20142\/847786\/GU_187_06_08_2021_sotrovimab.pdf\">https:\/\/www.aifa.gov.it\/documents\/20142\/847786\/GU_187_06_08_2021_sotrovimab.pdf<\/a><\/p>\n<p><a href=\"https:\/\/www.aifa.gov.it\/documents\/20142\/847786\/GU_187_06_08_2021_casirivimab-imdevimab.pdf\">https:\/\/www.aifa.gov.it\/documents\/20142\/847786\/GU_187_06_08_2021_casirivimab-imdevimab.pdf<\/a><\/p>\n<p>&nbsp;<\/p>\n<p>&nbsp;<\/p>\n<p>&nbsp;<\/p>","protected":false},"excerpt":{"rendered":"<p>C\u2019\u00e8 una novit\u00e0 nelle cure dell\u2019infezione da covid-19. Lo ha stabilito l\u2019Aifa, l\u2019Agenzia italiana per il farmaco, anticipando l\u2019autorizzazione all\u2019utilizzo degli anticorpi monoclonali a partire dal 7 agosto 2021 anzich\u00e9 a ottobre come era stato detto in precedenza. Il provvedimento datato 10\/08\/2021 \u00e8 stato pubblicato nel sito ufficiale (testo a questo link e a fondo [&hellip;]<\/p>\n","protected":false},"author":2,"featured_media":117203,"comment_status":"closed","ping_status":"open","sticky":false,"template":"","format":"standard","meta":{"footnotes":""},"categories":[26,17],"tags":[],"class_list":["post-126963","post","type-post","status-publish","format-standard","has-post-thumbnail","category-prima-pagina","category-sanita"],"yoast_head":"<!-- This site is optimized with the Yoast SEO plugin v28.4 - https:\/\/yoast.com\/product\/yoast-seo-wordpress\/ -->\n<title>L&#039;Aifa anticipa al 7 agosto l&#039;approvazione dell&#039;uso dei monoclonali nella cura ai pazienti covid-19 - Bellunopress - Dolomiti<\/title>\n<meta name=\"robots\" content=\"index, follow, max-snippet:-1, max-image-preview:large, max-video-preview:-1\" \/>\n<link rel=\"canonical\" href=\"https:\/\/www.bellunopress.it\/fr\/2021\/08\/16\/laifa-anticipa-al-7-agosto-lapprovazione-delluso-dei-monoclonali-nella-cura-ai-pazienti-covid-19\/\" \/>\n<meta property=\"og:locale\" content=\"fr_FR\" \/>\n<meta property=\"og:type\" content=\"article\" \/>\n<meta property=\"og:title\" content=\"L&#039;Aifa anticipa al 7 agosto l&#039;approvazione dell&#039;uso dei monoclonali nella cura ai pazienti covid-19 - Bellunopress - Dolomiti\" \/>\n<meta property=\"og:description\" content=\"C\u2019\u00e8 una novit\u00e0 nelle cure dell\u2019infezione da covid-19. Lo ha stabilito l\u2019Aifa, l\u2019Agenzia italiana per il farmaco, anticipando l\u2019autorizzazione all\u2019utilizzo degli anticorpi monoclonali a partire dal 7 agosto 2021 anzich\u00e9 a ottobre come era stato detto in precedenza. Il provvedimento datato 10\/08\/2021 \u00e8 stato pubblicato nel sito ufficiale (testo a questo link e a fondo [&hellip;]\" \/>\n<meta property=\"og:url\" content=\"https:\/\/www.bellunopress.it\/fr\/2021\/08\/16\/laifa-anticipa-al-7-agosto-lapprovazione-delluso-dei-monoclonali-nella-cura-ai-pazienti-covid-19\/\" \/>\n<meta property=\"og:site_name\" content=\"Bellunopress - Dolomiti\" \/>\n<meta property=\"article:publisher\" content=\"https:\/\/www.facebook.com\/profile.php?id=100008943462799\" \/>\n<meta property=\"article:published_time\" content=\"2021-08-16T19:56:38+00:00\" \/>\n<meta property=\"og:image\" content=\"https:\/\/www.bellunopress.it\/wp-content\/uploads\/2020\/08\/infermieri_edited.jpg\" \/>\n\t<meta property=\"og:image:width\" content=\"800\" \/>\n\t<meta property=\"og:image:height\" content=\"534\" \/>\n\t<meta property=\"og:image:type\" content=\"image\/jpeg\" \/>\n<meta name=\"author\" content=\"redazione\" \/>\n<meta name=\"twitter:card\" content=\"summary_large_image\" \/>\n<meta name=\"twitter:creator\" content=\"@bellunopress\" \/>\n<meta name=\"twitter:site\" content=\"@bellunopress\" \/>\n<meta name=\"twitter:label1\" content=\"\u00c9crit par\" \/>\n\t<meta name=\"twitter:data1\" content=\"redazione\" \/>\n\t<meta name=\"twitter:label2\" content=\"Dur\u00e9e de lecture estim\u00e9e\" \/>\n\t<meta name=\"twitter:data2\" content=\"4 minutes\" \/>\n<script type=\"application\/ld+json\" class=\"yoast-schema-graph\">{\"@context\":\"https:\\\/\\\/schema.org\",\"@graph\":[{\"@type\":\"Article\",\"@id\":\"https:\\\/\\\/www.bellunopress.it\\\/2021\\\/08\\\/16\\\/laifa-anticipa-al-7-agosto-lapprovazione-delluso-dei-monoclonali-nella-cura-ai-pazienti-covid-19\\\/#article\",\"isPartOf\":{\"@id\":\"https:\\\/\\\/www.bellunopress.it\\\/2021\\\/08\\\/16\\\/laifa-anticipa-al-7-agosto-lapprovazione-delluso-dei-monoclonali-nella-cura-ai-pazienti-covid-19\\\/\"},\"author\":{\"name\":\"redazione\",\"@id\":\"https:\\\/\\\/www.bellunopress.it\\\/#\\\/schema\\\/person\\\/79bb06722b37ece1c03d3e94beb30d73\"},\"headline\":\"L&#8217;Aifa anticipa al 7 agosto l&#8217;approvazione dell&#8217;uso dei monoclonali nella cura ai pazienti covid-19\",\"datePublished\":\"2021-08-16T19:56:38+00:00\",\"mainEntityOfPage\":{\"@id\":\"https:\\\/\\\/www.bellunopress.it\\\/2021\\\/08\\\/16\\\/laifa-anticipa-al-7-agosto-lapprovazione-delluso-dei-monoclonali-nella-cura-ai-pazienti-covid-19\\\/\"},\"wordCount\":714,\"publisher\":{\"@id\":\"https:\\\/\\\/www.bellunopress.it\\\/#organization\"},\"image\":{\"@id\":\"https:\\\/\\\/www.bellunopress.it\\\/2021\\\/08\\\/16\\\/laifa-anticipa-al-7-agosto-lapprovazione-delluso-dei-monoclonali-nella-cura-ai-pazienti-covid-19\\\/#primaryimage\"},\"thumbnailUrl\":\"https:\\\/\\\/www.bellunopress.it\\\/wp-content\\\/uploads\\\/2020\\\/08\\\/infermieri_edited.jpg\",\"articleSection\":[\"Prima Pagina\",\"Sanit\u00e0 Medicina\"],\"inLanguage\":\"fr-FR\"},{\"@type\":\"WebPage\",\"@id\":\"https:\\\/\\\/www.bellunopress.it\\\/2021\\\/08\\\/16\\\/laifa-anticipa-al-7-agosto-lapprovazione-delluso-dei-monoclonali-nella-cura-ai-pazienti-covid-19\\\/\",\"url\":\"https:\\\/\\\/www.bellunopress.it\\\/2021\\\/08\\\/16\\\/laifa-anticipa-al-7-agosto-lapprovazione-delluso-dei-monoclonali-nella-cura-ai-pazienti-covid-19\\\/\",\"name\":\"L'Aifa anticipa al 7 agosto l'approvazione dell'uso dei monoclonali nella cura ai pazienti covid-19 - Bellunopress - Dolomiti\",\"isPartOf\":{\"@id\":\"https:\\\/\\\/www.bellunopress.it\\\/#website\"},\"primaryImageOfPage\":{\"@id\":\"https:\\\/\\\/www.bellunopress.it\\\/2021\\\/08\\\/16\\\/laifa-anticipa-al-7-agosto-lapprovazione-delluso-dei-monoclonali-nella-cura-ai-pazienti-covid-19\\\/#primaryimage\"},\"image\":{\"@id\":\"https:\\\/\\\/www.bellunopress.it\\\/2021\\\/08\\\/16\\\/laifa-anticipa-al-7-agosto-lapprovazione-delluso-dei-monoclonali-nella-cura-ai-pazienti-covid-19\\\/#primaryimage\"},\"thumbnailUrl\":\"https:\\\/\\\/www.bellunopress.it\\\/wp-content\\\/uploads\\\/2020\\\/08\\\/infermieri_edited.jpg\",\"datePublished\":\"2021-08-16T19:56:38+00:00\",\"breadcrumb\":{\"@id\":\"https:\\\/\\\/www.bellunopress.it\\\/2021\\\/08\\\/16\\\/laifa-anticipa-al-7-agosto-lapprovazione-delluso-dei-monoclonali-nella-cura-ai-pazienti-covid-19\\\/#breadcrumb\"},\"inLanguage\":\"fr-FR\",\"potentialAction\":[{\"@type\":\"ReadAction\",\"target\":[\"https:\\\/\\\/www.bellunopress.it\\\/2021\\\/08\\\/16\\\/laifa-anticipa-al-7-agosto-lapprovazione-delluso-dei-monoclonali-nella-cura-ai-pazienti-covid-19\\\/\"]}]},{\"@type\":\"ImageObject\",\"inLanguage\":\"fr-FR\",\"@id\":\"https:\\\/\\\/www.bellunopress.it\\\/2021\\\/08\\\/16\\\/laifa-anticipa-al-7-agosto-lapprovazione-delluso-dei-monoclonali-nella-cura-ai-pazienti-covid-19\\\/#primaryimage\",\"url\":\"https:\\\/\\\/www.bellunopress.it\\\/wp-content\\\/uploads\\\/2020\\\/08\\\/infermieri_edited.jpg\",\"contentUrl\":\"https:\\\/\\\/www.bellunopress.it\\\/wp-content\\\/uploads\\\/2020\\\/08\\\/infermieri_edited.jpg\",\"width\":800,\"height\":534},{\"@type\":\"BreadcrumbList\",\"@id\":\"https:\\\/\\\/www.bellunopress.it\\\/2021\\\/08\\\/16\\\/laifa-anticipa-al-7-agosto-lapprovazione-delluso-dei-monoclonali-nella-cura-ai-pazienti-covid-19\\\/#breadcrumb\",\"itemListElement\":[{\"@type\":\"ListItem\",\"position\":1,\"name\":\"Home\",\"item\":\"https:\\\/\\\/www.bellunopress.it\\\/\"},{\"@type\":\"ListItem\",\"position\":2,\"name\":\"L&#8217;Aifa anticipa al 7 agosto l&#8217;approvazione dell&#8217;uso dei monoclonali nella cura ai pazienti covid-19\"}]},{\"@type\":\"WebSite\",\"@id\":\"https:\\\/\\\/www.bellunopress.it\\\/#website\",\"url\":\"https:\\\/\\\/www.bellunopress.it\\\/\",\"name\":\"Bellunopress - Dolomiti\",\"description\":\"e-mail: redazione@bellunopress.it\",\"publisher\":{\"@id\":\"https:\\\/\\\/www.bellunopress.it\\\/#organization\"},\"potentialAction\":[{\"@type\":\"SearchAction\",\"target\":{\"@type\":\"EntryPoint\",\"urlTemplate\":\"https:\\\/\\\/www.bellunopress.it\\\/?s={search_term_string}\"},\"query-input\":{\"@type\":\"PropertyValueSpecification\",\"valueRequired\":true,\"valueName\":\"search_term_string\"}}],\"inLanguage\":\"fr-FR\"},{\"@type\":\"Organization\",\"@id\":\"https:\\\/\\\/www.bellunopress.it\\\/#organization\",\"name\":\"Bellunopress\",\"url\":\"https:\\\/\\\/www.bellunopress.it\\\/\",\"logo\":{\"@type\":\"ImageObject\",\"inLanguage\":\"fr-FR\",\"@id\":\"https:\\\/\\\/www.bellunopress.it\\\/#\\\/schema\\\/logo\\\/image\\\/\",\"url\":\"https:\\\/\\\/www.bellunopress.it\\\/wp-content\\\/uploads\\\/2011\\\/05\\\/cropped-logo-bellunopress-.jpg\",\"contentUrl\":\"https:\\\/\\\/www.bellunopress.it\\\/wp-content\\\/uploads\\\/2011\\\/05\\\/cropped-logo-bellunopress-.jpg\",\"width\":512,\"height\":512,\"caption\":\"Bellunopress\"},\"image\":{\"@id\":\"https:\\\/\\\/www.bellunopress.it\\\/#\\\/schema\\\/logo\\\/image\\\/\"},\"sameAs\":[\"https:\\\/\\\/www.facebook.com\\\/profile.php?id=100008943462799\",\"https:\\\/\\\/x.com\\\/bellunopress\",\"https:\\\/\\\/www.linkedin.com\\\/hp\\\/?dnr=JBzUWaJfMUw8vbXJJ2tVW5-I3jZKvC4wsoxE&amp;amp;amp;amp;amp;amp;trk=nav_responsive_tab_home\",\"https:\\\/\\\/www.youtube.com\\\/channel\\\/UCxL0wu1uN0_3_7hGG0306cw\"]},{\"@type\":\"Person\",\"@id\":\"https:\\\/\\\/www.bellunopress.it\\\/#\\\/schema\\\/person\\\/79bb06722b37ece1c03d3e94beb30d73\",\"name\":\"redazione\",\"image\":{\"@type\":\"ImageObject\",\"inLanguage\":\"fr-FR\",\"@id\":\"https:\\\/\\\/secure.gravatar.com\\\/avatar\\\/37d968a2e67a6fd04c169c4bdef102d0bc5d31b2546345219e348575eb80e9a0?s=96&d=mm&r=g\",\"url\":\"https:\\\/\\\/secure.gravatar.com\\\/avatar\\\/37d968a2e67a6fd04c169c4bdef102d0bc5d31b2546345219e348575eb80e9a0?s=96&d=mm&r=g\",\"contentUrl\":\"https:\\\/\\\/secure.gravatar.com\\\/avatar\\\/37d968a2e67a6fd04c169c4bdef102d0bc5d31b2546345219e348575eb80e9a0?s=96&d=mm&r=g\",\"caption\":\"redazione\"},\"sameAs\":[\"http:\\\/\\\/www.bellunopress.it\",\"https:\\\/\\\/x.com\\\/bellunopress\"],\"url\":\"https:\\\/\\\/www.bellunopress.it\\\/fr\\\/author\\\/redazione\\\/\"}]}<\/script>\n<!-- \/ Yoast SEO plugin. -->","yoast_head_json":{"title":"L'Aifa anticipa al 7 agosto l'approvazione dell'uso dei monoclonali nella cura ai pazienti covid-19 - Bellunopress - Dolomiti","robots":{"index":"index","follow":"follow","max-snippet":"max-snippet:-1","max-image-preview":"max-image-preview:large","max-video-preview":"max-video-preview:-1"},"canonical":"https:\/\/www.bellunopress.it\/fr\/2021\/08\/16\/laifa-anticipa-al-7-agosto-lapprovazione-delluso-dei-monoclonali-nella-cura-ai-pazienti-covid-19\/","og_locale":"fr_FR","og_type":"article","og_title":"L'Aifa anticipa al 7 agosto l'approvazione dell'uso dei monoclonali nella cura ai pazienti covid-19 - Bellunopress - Dolomiti","og_description":"C\u2019\u00e8 una novit\u00e0 nelle cure dell\u2019infezione da covid-19. Lo ha stabilito l\u2019Aifa, l\u2019Agenzia italiana per il farmaco, anticipando l\u2019autorizzazione all\u2019utilizzo degli anticorpi monoclonali a partire dal 7 agosto 2021 anzich\u00e9 a ottobre come era stato detto in precedenza. Il provvedimento datato 10\/08\/2021 \u00e8 stato pubblicato nel sito ufficiale (testo a questo link e a fondo [&hellip;]","og_url":"https:\/\/www.bellunopress.it\/fr\/2021\/08\/16\/laifa-anticipa-al-7-agosto-lapprovazione-delluso-dei-monoclonali-nella-cura-ai-pazienti-covid-19\/","og_site_name":"Bellunopress - Dolomiti","article_publisher":"https:\/\/www.facebook.com\/profile.php?id=100008943462799","article_published_time":"2021-08-16T19:56:38+00:00","og_image":[{"width":800,"height":534,"url":"https:\/\/www.bellunopress.it\/wp-content\/uploads\/2020\/08\/infermieri_edited.jpg","type":"image\/jpeg"}],"author":"redazione","twitter_card":"summary_large_image","twitter_creator":"@bellunopress","twitter_site":"@bellunopress","twitter_misc":{"\u00c9crit par":"redazione","Dur\u00e9e de lecture estim\u00e9e":"4 minutes"},"schema":{"@context":"https:\/\/schema.org","@graph":[{"@type":"Article","@id":"https:\/\/www.bellunopress.it\/2021\/08\/16\/laifa-anticipa-al-7-agosto-lapprovazione-delluso-dei-monoclonali-nella-cura-ai-pazienti-covid-19\/#article","isPartOf":{"@id":"https:\/\/www.bellunopress.it\/2021\/08\/16\/laifa-anticipa-al-7-agosto-lapprovazione-delluso-dei-monoclonali-nella-cura-ai-pazienti-covid-19\/"},"author":{"name":"redazione","@id":"https:\/\/www.bellunopress.it\/#\/schema\/person\/79bb06722b37ece1c03d3e94beb30d73"},"headline":"L&#8217;Aifa anticipa al 7 agosto l&#8217;approvazione dell&#8217;uso dei monoclonali nella cura ai pazienti covid-19","datePublished":"2021-08-16T19:56:38+00:00","mainEntityOfPage":{"@id":"https:\/\/www.bellunopress.it\/2021\/08\/16\/laifa-anticipa-al-7-agosto-lapprovazione-delluso-dei-monoclonali-nella-cura-ai-pazienti-covid-19\/"},"wordCount":714,"publisher":{"@id":"https:\/\/www.bellunopress.it\/#organization"},"image":{"@id":"https:\/\/www.bellunopress.it\/2021\/08\/16\/laifa-anticipa-al-7-agosto-lapprovazione-delluso-dei-monoclonali-nella-cura-ai-pazienti-covid-19\/#primaryimage"},"thumbnailUrl":"https:\/\/www.bellunopress.it\/wp-content\/uploads\/2020\/08\/infermieri_edited.jpg","articleSection":["Prima Pagina","Sanit\u00e0 Medicina"],"inLanguage":"fr-FR"},{"@type":"WebPage","@id":"https:\/\/www.bellunopress.it\/2021\/08\/16\/laifa-anticipa-al-7-agosto-lapprovazione-delluso-dei-monoclonali-nella-cura-ai-pazienti-covid-19\/","url":"https:\/\/www.bellunopress.it\/2021\/08\/16\/laifa-anticipa-al-7-agosto-lapprovazione-delluso-dei-monoclonali-nella-cura-ai-pazienti-covid-19\/","name":"L'Aifa anticipa al 7 agosto l'approvazione dell'uso dei monoclonali nella cura ai pazienti covid-19 - Bellunopress - Dolomiti","isPartOf":{"@id":"https:\/\/www.bellunopress.it\/#website"},"primaryImageOfPage":{"@id":"https:\/\/www.bellunopress.it\/2021\/08\/16\/laifa-anticipa-al-7-agosto-lapprovazione-delluso-dei-monoclonali-nella-cura-ai-pazienti-covid-19\/#primaryimage"},"image":{"@id":"https:\/\/www.bellunopress.it\/2021\/08\/16\/laifa-anticipa-al-7-agosto-lapprovazione-delluso-dei-monoclonali-nella-cura-ai-pazienti-covid-19\/#primaryimage"},"thumbnailUrl":"https:\/\/www.bellunopress.it\/wp-content\/uploads\/2020\/08\/infermieri_edited.jpg","datePublished":"2021-08-16T19:56:38+00:00","breadcrumb":{"@id":"https:\/\/www.bellunopress.it\/2021\/08\/16\/laifa-anticipa-al-7-agosto-lapprovazione-delluso-dei-monoclonali-nella-cura-ai-pazienti-covid-19\/#breadcrumb"},"inLanguage":"fr-FR","potentialAction":[{"@type":"ReadAction","target":["https:\/\/www.bellunopress.it\/2021\/08\/16\/laifa-anticipa-al-7-agosto-lapprovazione-delluso-dei-monoclonali-nella-cura-ai-pazienti-covid-19\/"]}]},{"@type":"ImageObject","inLanguage":"fr-FR","@id":"https:\/\/www.bellunopress.it\/2021\/08\/16\/laifa-anticipa-al-7-agosto-lapprovazione-delluso-dei-monoclonali-nella-cura-ai-pazienti-covid-19\/#primaryimage","url":"https:\/\/www.bellunopress.it\/wp-content\/uploads\/2020\/08\/infermieri_edited.jpg","contentUrl":"https:\/\/www.bellunopress.it\/wp-content\/uploads\/2020\/08\/infermieri_edited.jpg","width":800,"height":534},{"@type":"BreadcrumbList","@id":"https:\/\/www.bellunopress.it\/2021\/08\/16\/laifa-anticipa-al-7-agosto-lapprovazione-delluso-dei-monoclonali-nella-cura-ai-pazienti-covid-19\/#breadcrumb","itemListElement":[{"@type":"ListItem","position":1,"name":"Home","item":"https:\/\/www.bellunopress.it\/"},{"@type":"ListItem","position":2,"name":"L&#8217;Aifa anticipa al 7 agosto l&#8217;approvazione dell&#8217;uso dei monoclonali nella cura ai pazienti covid-19"}]},{"@type":"WebSite","@id":"https:\/\/www.bellunopress.it\/#website","url":"https:\/\/www.bellunopress.it\/","name":"Bellunopress - Dolomiti","description":"e-mail: redazione@bellunopress.it","publisher":{"@id":"https:\/\/www.bellunopress.it\/#organization"},"potentialAction":[{"@type":"SearchAction","target":{"@type":"EntryPoint","urlTemplate":"https:\/\/www.bellunopress.it\/?s={search_term_string}"},"query-input":{"@type":"PropertyValueSpecification","valueRequired":true,"valueName":"search_term_string"}}],"inLanguage":"fr-FR"},{"@type":"Organization","@id":"https:\/\/www.bellunopress.it\/#organization","name":"Bellunopress","url":"https:\/\/www.bellunopress.it\/","logo":{"@type":"ImageObject","inLanguage":"fr-FR","@id":"https:\/\/www.bellunopress.it\/#\/schema\/logo\/image\/","url":"https:\/\/www.bellunopress.it\/wp-content\/uploads\/2011\/05\/cropped-logo-bellunopress-.jpg","contentUrl":"https:\/\/www.bellunopress.it\/wp-content\/uploads\/2011\/05\/cropped-logo-bellunopress-.jpg","width":512,"height":512,"caption":"Bellunopress"},"image":{"@id":"https:\/\/www.bellunopress.it\/#\/schema\/logo\/image\/"},"sameAs":["https:\/\/www.facebook.com\/profile.php?id=100008943462799","https:\/\/x.com\/bellunopress","https:\/\/www.linkedin.com\/hp\/?dnr=JBzUWaJfMUw8vbXJJ2tVW5-I3jZKvC4wsoxE&amp;amp;amp;amp;amp;amp;trk=nav_responsive_tab_home","https:\/\/www.youtube.com\/channel\/UCxL0wu1uN0_3_7hGG0306cw"]},{"@type":"Person","@id":"https:\/\/www.bellunopress.it\/#\/schema\/person\/79bb06722b37ece1c03d3e94beb30d73","name":"r\u00e9daction","image":{"@type":"ImageObject","inLanguage":"fr-FR","@id":"https:\/\/secure.gravatar.com\/avatar\/37d968a2e67a6fd04c169c4bdef102d0bc5d31b2546345219e348575eb80e9a0?s=96&d=mm&r=g","url":"https:\/\/secure.gravatar.com\/avatar\/37d968a2e67a6fd04c169c4bdef102d0bc5d31b2546345219e348575eb80e9a0?s=96&d=mm&r=g","contentUrl":"https:\/\/secure.gravatar.com\/avatar\/37d968a2e67a6fd04c169c4bdef102d0bc5d31b2546345219e348575eb80e9a0?s=96&d=mm&r=g","caption":"redazione"},"sameAs":["http:\/\/www.bellunopress.it","https:\/\/x.com\/bellunopress"],"url":"https:\/\/www.bellunopress.it\/fr\/author\/redazione\/"}]}},"_links":{"self":[{"href":"https:\/\/www.bellunopress.it\/fr\/wp-json\/wp\/v2\/posts\/126963","targetHints":{"allow":["GET"]}}],"collection":[{"href":"https:\/\/www.bellunopress.it\/fr\/wp-json\/wp\/v2\/posts"}],"about":[{"href":"https:\/\/www.bellunopress.it\/fr\/wp-json\/wp\/v2\/types\/post"}],"author":[{"embeddable":true,"href":"https:\/\/www.bellunopress.it\/fr\/wp-json\/wp\/v2\/users\/2"}],"replies":[{"embeddable":true,"href":"https:\/\/www.bellunopress.it\/fr\/wp-json\/wp\/v2\/comments?post=126963"}],"version-history":[{"count":2,"href":"https:\/\/www.bellunopress.it\/fr\/wp-json\/wp\/v2\/posts\/126963\/revisions"}],"predecessor-version":[{"id":126965,"href":"https:\/\/www.bellunopress.it\/fr\/wp-json\/wp\/v2\/posts\/126963\/revisions\/126965"}],"wp:featuredmedia":[{"embeddable":true,"href":"https:\/\/www.bellunopress.it\/fr\/wp-json\/wp\/v2\/media\/117203"}],"wp:attachment":[{"href":"https:\/\/www.bellunopress.it\/fr\/wp-json\/wp\/v2\/media?parent=126963"}],"wp:term":[{"taxonomy":"category","embeddable":true,"href":"https:\/\/www.bellunopress.it\/fr\/wp-json\/wp\/v2\/categories?post=126963"},{"taxonomy":"post_tag","embeddable":true,"href":"https:\/\/www.bellunopress.it\/fr\/wp-json\/wp\/v2\/tags?post=126963"}],"curies":[{"name":"wp","href":"https:\/\/api.w.org\/{rel}","templated":true}]}}