{"id":126957,"date":"2021-08-16T14:48:02","date_gmt":"2021-08-16T12:48:02","guid":{"rendered":"https:\/\/www.bellunopress.it\/?p=126957"},"modified":"2021-08-16T14:48:03","modified_gmt":"2021-08-16T12:48:03","slug":"venti-di-guerra-venti-di-tempesta-sabato-in-val-di-zoldo","status":"publish","type":"post","link":"https:\/\/www.bellunopress.it\/fr\/2021\/08\/16\/venti-di-guerra-venti-di-tempesta-sabato-in-val-di-zoldo\/","title":{"rendered":"Venti di guerra, venti di tempesta. Sabato in Val di Zoldo"},"content":{"rendered":"<p><a href=\"https:\/\/www.bellunopress.it\/fr\/2021\/08\/16\/venti-di-guerra-venti-di-tempesta-sabato-in-val-di-zoldo\/val-di-zoldo_edited\/\" rel=\"attachment wp-att-126958\"><img loading=\"lazy\" decoding=\"async\" class=\"alignleft size-full wp-image-126958\" src=\"https:\/\/www.bellunopress.it\/wp-content\/uploads\/2021\/08\/Val-di-zoldo_edited.jpg\" alt=\"\" width=\"724\" height=\"481\" srcset=\"https:\/\/www.bellunopress.it\/wp-content\/uploads\/2021\/08\/Val-di-zoldo_edited.jpg 724w, https:\/\/www.bellunopress.it\/wp-content\/uploads\/2021\/08\/Val-di-zoldo_edited-500x332.jpg 500w, https:\/\/www.bellunopress.it\/wp-content\/uploads\/2021\/08\/Val-di-zoldo_edited-696x462.jpg 696w, https:\/\/www.bellunopress.it\/wp-content\/uploads\/2021\/08\/Val-di-zoldo_edited-632x420.jpg 632w\" sizes=\"auto, (max-width: 724px) 100vw, 724px\" \/><\/a>Sabato 21 agosto in Val Pramper, Val di Zoldo, alle ore 11, partir\u00e0 l\u2019itinerario \u201cVenti di<br \/>\nguerra, venti di tempesta\u201d: un\u2019iniziativa finanziata nell&#8217;ambito dell&#8217;Accordo tra Presidenza<br \/>\ndel Consiglio dei Ministri e Regione del Veneto per la valorizzazione dei territori colpiti<br \/>\ndall&#8217;Evento Vaia in memoria della Grande Guerra, eventi catastrofici che hanno cambiato i<br \/>\nconnotati del paesaggio alpino.<\/p>\n<p>Nell\u2019ottobre del 2019 l\u2019associazione Mont de Vie, che<br \/>\npromuove la cultura della montagna abitata, aveva organizzato un primo itinerario in Pian de Palui, con quattro artisti che si erano ispirati agli schianti di Vaia realizzando disegni, sculture e installazioni, il tutto accompagnato da un commento musicale. Seguiva uno spettacolo teatrale sulla follia della guerra, incentrato su Caporetto. Quest\u2019anno il progetto \u00e8 proseguito con una serie di laboratori didattici nelle scuole di Zoldo e si chiude con l\u2019evento del 21 agosto, in cui i creativi Sara Casal, Pompeo De Pellegrin, Merino Mattiuzzi e Fabio Santin ripropongono le loro opere, introducendo \u201cAlbero gentilmente modificato\u201d dell\u2019artista trevigiano Piero Casarin. Il gruppo teatrale di Zoldo, coordinato da Paola Brolati, presenter\u00e0 la pi\u00e8ce \u201cFurono sempre le donne a portare\u201d, dedicato alle portatrici carniche e a tutte le donne che hanno portato pesi sulle spalle, mentre il commento musicale sar\u00e0 a cura di Charly Gamba. Pian de Palui si pu\u00f2 raggiungere a piedi in un\u2019ora da Pralongo, oppure con navetta gratuita alle ore 10 e 10.30. Per informazioni e prenotazioni (necessarie per la navetta): Associazione Mont de Vie 3482932772<\/p>","protected":false},"excerpt":{"rendered":"<p>Sabato 21 agosto in Val Pramper, Val di Zoldo, alle ore 11, partir\u00e0 l\u2019itinerario \u201cVenti di guerra, venti di tempesta\u201d: un\u2019iniziativa finanziata nell&#8217;ambito dell&#8217;Accordo tra Presidenza del Consiglio dei Ministri e Regione del Veneto per la valorizzazione dei territori colpiti dall&#8217;Evento Vaia in memoria della Grande Guerra, eventi catastrofici che hanno cambiato i connotati del [&hellip;]<\/p>\n","protected":false},"author":2,"featured_media":126958,"comment_status":"closed","ping_status":"open","sticky":false,"template":"","format":"standard","meta":{"footnotes":""},"categories":[27,3,25],"tags":[],"class_list":["post-126957","post","type-post","status-publish","format-standard","has-post-thumbnail","category-appuntamenti","category-arte-cultura-spettacoli-scienza-archivi","category-pausa-caffe"],"yoast_head":"<!-- This site is optimized with the Yoast SEO plugin v28.4 - https:\/\/yoast.com\/product\/yoast-seo-wordpress\/ -->\n<title>Venti di guerra, venti di tempesta. Sabato in Val di Zoldo - Bellunopress - Dolomiti<\/title>\n<meta name=\"robots\" content=\"index, follow, max-snippet:-1, max-image-preview:large, max-video-preview:-1\" \/>\n<link rel=\"canonical\" href=\"https:\/\/www.bellunopress.it\/fr\/2021\/08\/16\/venti-di-guerra-venti-di-tempesta-sabato-in-val-di-zoldo\/\" \/>\n<meta property=\"og:locale\" content=\"fr_FR\" \/>\n<meta property=\"og:type\" content=\"article\" \/>\n<meta property=\"og:title\" content=\"Venti di guerra, venti di tempesta. Sabato in Val di Zoldo - Bellunopress - Dolomiti\" \/>\n<meta property=\"og:description\" content=\"Sabato 21 agosto in Val Pramper, Val di Zoldo, alle ore 11, partir\u00e0 l\u2019itinerario \u201cVenti di guerra, venti di tempesta\u201d: un\u2019iniziativa finanziata nell&#8217;ambito dell&#8217;Accordo tra Presidenza del Consiglio dei Ministri e Regione del Veneto per la valorizzazione dei territori colpiti dall&#8217;Evento Vaia in memoria della Grande Guerra, eventi catastrofici che hanno cambiato i connotati del [&hellip;]\" \/>\n<meta property=\"og:url\" content=\"https:\/\/www.bellunopress.it\/fr\/2021\/08\/16\/venti-di-guerra-venti-di-tempesta-sabato-in-val-di-zoldo\/\" \/>\n<meta property=\"og:site_name\" content=\"Bellunopress - Dolomiti\" \/>\n<meta property=\"article:publisher\" content=\"https:\/\/www.facebook.com\/profile.php?id=100008943462799\" \/>\n<meta property=\"article:published_time\" content=\"2021-08-16T12:48:02+00:00\" \/>\n<meta property=\"article:modified_time\" content=\"2021-08-16T12:48:03+00:00\" \/>\n<meta property=\"og:image\" content=\"https:\/\/www.bellunopress.it\/wp-content\/uploads\/2021\/08\/Val-di-zoldo_edited.jpg\" \/>\n\t<meta property=\"og:image:width\" content=\"724\" \/>\n\t<meta property=\"og:image:height\" content=\"481\" \/>\n\t<meta property=\"og:image:type\" content=\"image\/jpeg\" \/>\n<meta name=\"author\" content=\"redazione\" \/>\n<meta name=\"twitter:card\" content=\"summary_large_image\" \/>\n<meta name=\"twitter:creator\" content=\"@bellunopress\" \/>\n<meta name=\"twitter:site\" content=\"@bellunopress\" \/>\n<meta name=\"twitter:label1\" content=\"\u00c9crit par\" \/>\n\t<meta name=\"twitter:data1\" content=\"redazione\" \/>\n\t<meta name=\"twitter:label2\" content=\"Dur\u00e9e de lecture estim\u00e9e\" \/>\n\t<meta name=\"twitter:data2\" content=\"2 minutes\" \/>\n<script type=\"application\/ld+json\" class=\"yoast-schema-graph\">{\"@context\":\"https:\\\/\\\/schema.org\",\"@graph\":[{\"@type\":\"Article\",\"@id\":\"https:\\\/\\\/www.bellunopress.it\\\/2021\\\/08\\\/16\\\/venti-di-guerra-venti-di-tempesta-sabato-in-val-di-zoldo\\\/#article\",\"isPartOf\":{\"@id\":\"https:\\\/\\\/www.bellunopress.it\\\/2021\\\/08\\\/16\\\/venti-di-guerra-venti-di-tempesta-sabato-in-val-di-zoldo\\\/\"},\"author\":{\"name\":\"redazione\",\"@id\":\"https:\\\/\\\/www.bellunopress.it\\\/#\\\/schema\\\/person\\\/79bb06722b37ece1c03d3e94beb30d73\"},\"headline\":\"Venti di guerra, venti di tempesta. Sabato in Val di Zoldo\",\"datePublished\":\"2021-08-16T12:48:02+00:00\",\"dateModified\":\"2021-08-16T12:48:03+00:00\",\"mainEntityOfPage\":{\"@id\":\"https:\\\/\\\/www.bellunopress.it\\\/2021\\\/08\\\/16\\\/venti-di-guerra-venti-di-tempesta-sabato-in-val-di-zoldo\\\/\"},\"wordCount\":255,\"publisher\":{\"@id\":\"https:\\\/\\\/www.bellunopress.it\\\/#organization\"},\"image\":{\"@id\":\"https:\\\/\\\/www.bellunopress.it\\\/2021\\\/08\\\/16\\\/venti-di-guerra-venti-di-tempesta-sabato-in-val-di-zoldo\\\/#primaryimage\"},\"thumbnailUrl\":\"https:\\\/\\\/www.bellunopress.it\\\/wp-content\\\/uploads\\\/2021\\\/08\\\/Val-di-zoldo_edited.jpg\",\"articleSection\":[\"Appuntamenti, Eventi\",\"Arte, Cultura, Spettacoli, Scienza\",\"Pausa Caff\u00e8\"],\"inLanguage\":\"fr-FR\"},{\"@type\":\"WebPage\",\"@id\":\"https:\\\/\\\/www.bellunopress.it\\\/2021\\\/08\\\/16\\\/venti-di-guerra-venti-di-tempesta-sabato-in-val-di-zoldo\\\/\",\"url\":\"https:\\\/\\\/www.bellunopress.it\\\/2021\\\/08\\\/16\\\/venti-di-guerra-venti-di-tempesta-sabato-in-val-di-zoldo\\\/\",\"name\":\"Venti di guerra, venti di tempesta. Sabato in Val di Zoldo - Bellunopress - Dolomiti\",\"isPartOf\":{\"@id\":\"https:\\\/\\\/www.bellunopress.it\\\/#website\"},\"primaryImageOfPage\":{\"@id\":\"https:\\\/\\\/www.bellunopress.it\\\/2021\\\/08\\\/16\\\/venti-di-guerra-venti-di-tempesta-sabato-in-val-di-zoldo\\\/#primaryimage\"},\"image\":{\"@id\":\"https:\\\/\\\/www.bellunopress.it\\\/2021\\\/08\\\/16\\\/venti-di-guerra-venti-di-tempesta-sabato-in-val-di-zoldo\\\/#primaryimage\"},\"thumbnailUrl\":\"https:\\\/\\\/www.bellunopress.it\\\/wp-content\\\/uploads\\\/2021\\\/08\\\/Val-di-zoldo_edited.jpg\",\"datePublished\":\"2021-08-16T12:48:02+00:00\",\"dateModified\":\"2021-08-16T12:48:03+00:00\",\"breadcrumb\":{\"@id\":\"https:\\\/\\\/www.bellunopress.it\\\/2021\\\/08\\\/16\\\/venti-di-guerra-venti-di-tempesta-sabato-in-val-di-zoldo\\\/#breadcrumb\"},\"inLanguage\":\"fr-FR\",\"potentialAction\":[{\"@type\":\"ReadAction\",\"target\":[\"https:\\\/\\\/www.bellunopress.it\\\/2021\\\/08\\\/16\\\/venti-di-guerra-venti-di-tempesta-sabato-in-val-di-zoldo\\\/\"]}]},{\"@type\":\"ImageObject\",\"inLanguage\":\"fr-FR\",\"@id\":\"https:\\\/\\\/www.bellunopress.it\\\/2021\\\/08\\\/16\\\/venti-di-guerra-venti-di-tempesta-sabato-in-val-di-zoldo\\\/#primaryimage\",\"url\":\"https:\\\/\\\/www.bellunopress.it\\\/wp-content\\\/uploads\\\/2021\\\/08\\\/Val-di-zoldo_edited.jpg\",\"contentUrl\":\"https:\\\/\\\/www.bellunopress.it\\\/wp-content\\\/uploads\\\/2021\\\/08\\\/Val-di-zoldo_edited.jpg\",\"width\":724,\"height\":481},{\"@type\":\"BreadcrumbList\",\"@id\":\"https:\\\/\\\/www.bellunopress.it\\\/2021\\\/08\\\/16\\\/venti-di-guerra-venti-di-tempesta-sabato-in-val-di-zoldo\\\/#breadcrumb\",\"itemListElement\":[{\"@type\":\"ListItem\",\"position\":1,\"name\":\"Home\",\"item\":\"https:\\\/\\\/www.bellunopress.it\\\/\"},{\"@type\":\"ListItem\",\"position\":2,\"name\":\"Venti di guerra, venti di tempesta. Sabato in Val di Zoldo\"}]},{\"@type\":\"WebSite\",\"@id\":\"https:\\\/\\\/www.bellunopress.it\\\/#website\",\"url\":\"https:\\\/\\\/www.bellunopress.it\\\/\",\"name\":\"Bellunopress - Dolomiti\",\"description\":\"e-mail: redazione@bellunopress.it\",\"publisher\":{\"@id\":\"https:\\\/\\\/www.bellunopress.it\\\/#organization\"},\"potentialAction\":[{\"@type\":\"SearchAction\",\"target\":{\"@type\":\"EntryPoint\",\"urlTemplate\":\"https:\\\/\\\/www.bellunopress.it\\\/?s={search_term_string}\"},\"query-input\":{\"@type\":\"PropertyValueSpecification\",\"valueRequired\":true,\"valueName\":\"search_term_string\"}}],\"inLanguage\":\"fr-FR\"},{\"@type\":\"Organization\",\"@id\":\"https:\\\/\\\/www.bellunopress.it\\\/#organization\",\"name\":\"Bellunopress\",\"url\":\"https:\\\/\\\/www.bellunopress.it\\\/\",\"logo\":{\"@type\":\"ImageObject\",\"inLanguage\":\"fr-FR\",\"@id\":\"https:\\\/\\\/www.bellunopress.it\\\/#\\\/schema\\\/logo\\\/image\\\/\",\"url\":\"https:\\\/\\\/www.bellunopress.it\\\/wp-content\\\/uploads\\\/2011\\\/05\\\/cropped-logo-bellunopress-.jpg\",\"contentUrl\":\"https:\\\/\\\/www.bellunopress.it\\\/wp-content\\\/uploads\\\/2011\\\/05\\\/cropped-logo-bellunopress-.jpg\",\"width\":512,\"height\":512,\"caption\":\"Bellunopress\"},\"image\":{\"@id\":\"https:\\\/\\\/www.bellunopress.it\\\/#\\\/schema\\\/logo\\\/image\\\/\"},\"sameAs\":[\"https:\\\/\\\/www.facebook.com\\\/profile.php?id=100008943462799\",\"https:\\\/\\\/x.com\\\/bellunopress\",\"https:\\\/\\\/www.linkedin.com\\\/hp\\\/?dnr=JBzUWaJfMUw8vbXJJ2tVW5-I3jZKvC4wsoxE&amp;amp;amp;amp;amp;amp;trk=nav_responsive_tab_home\",\"https:\\\/\\\/www.youtube.com\\\/channel\\\/UCxL0wu1uN0_3_7hGG0306cw\"]},{\"@type\":\"Person\",\"@id\":\"https:\\\/\\\/www.bellunopress.it\\\/#\\\/schema\\\/person\\\/79bb06722b37ece1c03d3e94beb30d73\",\"name\":\"redazione\",\"image\":{\"@type\":\"ImageObject\",\"inLanguage\":\"fr-FR\",\"@id\":\"https:\\\/\\\/secure.gravatar.com\\\/avatar\\\/37d968a2e67a6fd04c169c4bdef102d0bc5d31b2546345219e348575eb80e9a0?s=96&d=mm&r=g\",\"url\":\"https:\\\/\\\/secure.gravatar.com\\\/avatar\\\/37d968a2e67a6fd04c169c4bdef102d0bc5d31b2546345219e348575eb80e9a0?s=96&d=mm&r=g\",\"contentUrl\":\"https:\\\/\\\/secure.gravatar.com\\\/avatar\\\/37d968a2e67a6fd04c169c4bdef102d0bc5d31b2546345219e348575eb80e9a0?s=96&d=mm&r=g\",\"caption\":\"redazione\"},\"sameAs\":[\"http:\\\/\\\/www.bellunopress.it\",\"https:\\\/\\\/x.com\\\/bellunopress\"],\"url\":\"https:\\\/\\\/www.bellunopress.it\\\/fr\\\/author\\\/redazione\\\/\"}]}<\/script>\n<!-- \/ Yoast SEO plugin. -->","yoast_head_json":{"title":"Venti di guerra, venti di tempesta. Sabato in Val di Zoldo - Bellunopress - Dolomiti","robots":{"index":"index","follow":"follow","max-snippet":"max-snippet:-1","max-image-preview":"max-image-preview:large","max-video-preview":"max-video-preview:-1"},"canonical":"https:\/\/www.bellunopress.it\/fr\/2021\/08\/16\/venti-di-guerra-venti-di-tempesta-sabato-in-val-di-zoldo\/","og_locale":"fr_FR","og_type":"article","og_title":"Venti di guerra, venti di tempesta. Sabato in Val di Zoldo - Bellunopress - Dolomiti","og_description":"Sabato 21 agosto in Val Pramper, Val di Zoldo, alle ore 11, partir\u00e0 l\u2019itinerario \u201cVenti di guerra, venti di tempesta\u201d: un\u2019iniziativa finanziata nell&#8217;ambito dell&#8217;Accordo tra Presidenza del Consiglio dei Ministri e Regione del Veneto per la valorizzazione dei territori colpiti dall&#8217;Evento Vaia in memoria della Grande Guerra, eventi catastrofici che hanno cambiato i connotati del [&hellip;]","og_url":"https:\/\/www.bellunopress.it\/fr\/2021\/08\/16\/venti-di-guerra-venti-di-tempesta-sabato-in-val-di-zoldo\/","og_site_name":"Bellunopress - Dolomiti","article_publisher":"https:\/\/www.facebook.com\/profile.php?id=100008943462799","article_published_time":"2021-08-16T12:48:02+00:00","article_modified_time":"2021-08-16T12:48:03+00:00","og_image":[{"width":724,"height":481,"url":"https:\/\/www.bellunopress.it\/wp-content\/uploads\/2021\/08\/Val-di-zoldo_edited.jpg","type":"image\/jpeg"}],"author":"redazione","twitter_card":"summary_large_image","twitter_creator":"@bellunopress","twitter_site":"@bellunopress","twitter_misc":{"\u00c9crit par":"redazione","Dur\u00e9e de lecture estim\u00e9e":"2 minutes"},"schema":{"@context":"https:\/\/schema.org","@graph":[{"@type":"Article","@id":"https:\/\/www.bellunopress.it\/2021\/08\/16\/venti-di-guerra-venti-di-tempesta-sabato-in-val-di-zoldo\/#article","isPartOf":{"@id":"https:\/\/www.bellunopress.it\/2021\/08\/16\/venti-di-guerra-venti-di-tempesta-sabato-in-val-di-zoldo\/"},"author":{"name":"redazione","@id":"https:\/\/www.bellunopress.it\/#\/schema\/person\/79bb06722b37ece1c03d3e94beb30d73"},"headline":"Venti di guerra, venti di tempesta. Sabato in Val di Zoldo","datePublished":"2021-08-16T12:48:02+00:00","dateModified":"2021-08-16T12:48:03+00:00","mainEntityOfPage":{"@id":"https:\/\/www.bellunopress.it\/2021\/08\/16\/venti-di-guerra-venti-di-tempesta-sabato-in-val-di-zoldo\/"},"wordCount":255,"publisher":{"@id":"https:\/\/www.bellunopress.it\/#organization"},"image":{"@id":"https:\/\/www.bellunopress.it\/2021\/08\/16\/venti-di-guerra-venti-di-tempesta-sabato-in-val-di-zoldo\/#primaryimage"},"thumbnailUrl":"https:\/\/www.bellunopress.it\/wp-content\/uploads\/2021\/08\/Val-di-zoldo_edited.jpg","articleSection":["Appuntamenti, Eventi","Arte, Cultura, Spettacoli, Scienza","Pausa Caff\u00e8"],"inLanguage":"fr-FR"},{"@type":"WebPage","@id":"https:\/\/www.bellunopress.it\/2021\/08\/16\/venti-di-guerra-venti-di-tempesta-sabato-in-val-di-zoldo\/","url":"https:\/\/www.bellunopress.it\/2021\/08\/16\/venti-di-guerra-venti-di-tempesta-sabato-in-val-di-zoldo\/","name":"Venti di guerra, venti di tempesta. Sabato in Val di Zoldo - Bellunopress - Dolomiti","isPartOf":{"@id":"https:\/\/www.bellunopress.it\/#website"},"primaryImageOfPage":{"@id":"https:\/\/www.bellunopress.it\/2021\/08\/16\/venti-di-guerra-venti-di-tempesta-sabato-in-val-di-zoldo\/#primaryimage"},"image":{"@id":"https:\/\/www.bellunopress.it\/2021\/08\/16\/venti-di-guerra-venti-di-tempesta-sabato-in-val-di-zoldo\/#primaryimage"},"thumbnailUrl":"https:\/\/www.bellunopress.it\/wp-content\/uploads\/2021\/08\/Val-di-zoldo_edited.jpg","datePublished":"2021-08-16T12:48:02+00:00","dateModified":"2021-08-16T12:48:03+00:00","breadcrumb":{"@id":"https:\/\/www.bellunopress.it\/2021\/08\/16\/venti-di-guerra-venti-di-tempesta-sabato-in-val-di-zoldo\/#breadcrumb"},"inLanguage":"fr-FR","potentialAction":[{"@type":"ReadAction","target":["https:\/\/www.bellunopress.it\/2021\/08\/16\/venti-di-guerra-venti-di-tempesta-sabato-in-val-di-zoldo\/"]}]},{"@type":"ImageObject","inLanguage":"fr-FR","@id":"https:\/\/www.bellunopress.it\/2021\/08\/16\/venti-di-guerra-venti-di-tempesta-sabato-in-val-di-zoldo\/#primaryimage","url":"https:\/\/www.bellunopress.it\/wp-content\/uploads\/2021\/08\/Val-di-zoldo_edited.jpg","contentUrl":"https:\/\/www.bellunopress.it\/wp-content\/uploads\/2021\/08\/Val-di-zoldo_edited.jpg","width":724,"height":481},{"@type":"BreadcrumbList","@id":"https:\/\/www.bellunopress.it\/2021\/08\/16\/venti-di-guerra-venti-di-tempesta-sabato-in-val-di-zoldo\/#breadcrumb","itemListElement":[{"@type":"ListItem","position":1,"name":"Home","item":"https:\/\/www.bellunopress.it\/"},{"@type":"ListItem","position":2,"name":"Venti di guerra, venti di tempesta. Sabato in Val di Zoldo"}]},{"@type":"WebSite","@id":"https:\/\/www.bellunopress.it\/#website","url":"https:\/\/www.bellunopress.it\/","name":"Bellunopress - Dolomiti","description":"e-mail: redazione@bellunopress.it","publisher":{"@id":"https:\/\/www.bellunopress.it\/#organization"},"potentialAction":[{"@type":"SearchAction","target":{"@type":"EntryPoint","urlTemplate":"https:\/\/www.bellunopress.it\/?s={search_term_string}"},"query-input":{"@type":"PropertyValueSpecification","valueRequired":true,"valueName":"search_term_string"}}],"inLanguage":"fr-FR"},{"@type":"Organization","@id":"https:\/\/www.bellunopress.it\/#organization","name":"Bellunopress","url":"https:\/\/www.bellunopress.it\/","logo":{"@type":"ImageObject","inLanguage":"fr-FR","@id":"https:\/\/www.bellunopress.it\/#\/schema\/logo\/image\/","url":"https:\/\/www.bellunopress.it\/wp-content\/uploads\/2011\/05\/cropped-logo-bellunopress-.jpg","contentUrl":"https:\/\/www.bellunopress.it\/wp-content\/uploads\/2011\/05\/cropped-logo-bellunopress-.jpg","width":512,"height":512,"caption":"Bellunopress"},"image":{"@id":"https:\/\/www.bellunopress.it\/#\/schema\/logo\/image\/"},"sameAs":["https:\/\/www.facebook.com\/profile.php?id=100008943462799","https:\/\/x.com\/bellunopress","https:\/\/www.linkedin.com\/hp\/?dnr=JBzUWaJfMUw8vbXJJ2tVW5-I3jZKvC4wsoxE&amp;amp;amp;amp;amp;amp;trk=nav_responsive_tab_home","https:\/\/www.youtube.com\/channel\/UCxL0wu1uN0_3_7hGG0306cw"]},{"@type":"Person","@id":"https:\/\/www.bellunopress.it\/#\/schema\/person\/79bb06722b37ece1c03d3e94beb30d73","name":"r\u00e9daction","image":{"@type":"ImageObject","inLanguage":"fr-FR","@id":"https:\/\/secure.gravatar.com\/avatar\/37d968a2e67a6fd04c169c4bdef102d0bc5d31b2546345219e348575eb80e9a0?s=96&d=mm&r=g","url":"https:\/\/secure.gravatar.com\/avatar\/37d968a2e67a6fd04c169c4bdef102d0bc5d31b2546345219e348575eb80e9a0?s=96&d=mm&r=g","contentUrl":"https:\/\/secure.gravatar.com\/avatar\/37d968a2e67a6fd04c169c4bdef102d0bc5d31b2546345219e348575eb80e9a0?s=96&d=mm&r=g","caption":"redazione"},"sameAs":["http:\/\/www.bellunopress.it","https:\/\/x.com\/bellunopress"],"url":"https:\/\/www.bellunopress.it\/fr\/author\/redazione\/"}]}},"_links":{"self":[{"href":"https:\/\/www.bellunopress.it\/fr\/wp-json\/wp\/v2\/posts\/126957","targetHints":{"allow":["GET"]}}],"collection":[{"href":"https:\/\/www.bellunopress.it\/fr\/wp-json\/wp\/v2\/posts"}],"about":[{"href":"https:\/\/www.bellunopress.it\/fr\/wp-json\/wp\/v2\/types\/post"}],"author":[{"embeddable":true,"href":"https:\/\/www.bellunopress.it\/fr\/wp-json\/wp\/v2\/users\/2"}],"replies":[{"embeddable":true,"href":"https:\/\/www.bellunopress.it\/fr\/wp-json\/wp\/v2\/comments?post=126957"}],"version-history":[{"count":2,"href":"https:\/\/www.bellunopress.it\/fr\/wp-json\/wp\/v2\/posts\/126957\/revisions"}],"predecessor-version":[{"id":126960,"href":"https:\/\/www.bellunopress.it\/fr\/wp-json\/wp\/v2\/posts\/126957\/revisions\/126960"}],"wp:featuredmedia":[{"embeddable":true,"href":"https:\/\/www.bellunopress.it\/fr\/wp-json\/wp\/v2\/media\/126958"}],"wp:attachment":[{"href":"https:\/\/www.bellunopress.it\/fr\/wp-json\/wp\/v2\/media?parent=126957"}],"wp:term":[{"taxonomy":"category","embeddable":true,"href":"https:\/\/www.bellunopress.it\/fr\/wp-json\/wp\/v2\/categories?post=126957"},{"taxonomy":"post_tag","embeddable":true,"href":"https:\/\/www.bellunopress.it\/fr\/wp-json\/wp\/v2\/tags?post=126957"}],"curies":[{"name":"wp","href":"https:\/\/api.w.org\/{rel}","templated":true}]}}