{"id":126953,"date":"2021-08-16T12:33:45","date_gmt":"2021-08-16T10:33:45","guid":{"rendered":"https:\/\/www.bellunopress.it\/?p=126953"},"modified":"2021-08-16T12:33:47","modified_gmt":"2021-08-16T10:33:47","slug":"tramonto-in-jazz-la-proposta-serale-di-marmolada-move-to-the-top-in-programma-il-20-agosto-2021","status":"publish","type":"post","link":"https:\/\/www.bellunopress.it\/fr\/2021\/08\/16\/tramonto-in-jazz-la-proposta-serale-di-marmolada-move-to-the-top-in-programma-il-20-agosto-2021\/","title":{"rendered":"Tramonto in Jazz, la proposta serale di Marmolada &#8211; Move to the top in programma il 20 agosto 2021"},"content":{"rendered":"<figure id=\"attachment_126954\" aria-describedby=\"caption-attachment-126954\" style=\"width: 800px\" class=\"wp-caption alignleft\"><a href=\"https:\/\/www.bellunopress.it\/fr\/2021\/08\/16\/tramonto-in-jazz-la-proposta-serale-di-marmolada-move-to-the-top-in-programma-il-20-agosto-2021\/marmolada_edited\/\" rel=\"attachment wp-att-126954\"><img loading=\"lazy\" decoding=\"async\" class=\"size-full wp-image-126954\" src=\"https:\/\/www.bellunopress.it\/wp-content\/uploads\/2021\/08\/marmolada_edited.jpg\" alt=\"\" width=\"800\" height=\"533\" srcset=\"https:\/\/www.bellunopress.it\/wp-content\/uploads\/2021\/08\/marmolada_edited.jpg 800w, https:\/\/www.bellunopress.it\/wp-content\/uploads\/2021\/08\/marmolada_edited-500x333.jpg 500w, https:\/\/www.bellunopress.it\/wp-content\/uploads\/2021\/08\/marmolada_edited-696x464.jpg 696w, https:\/\/www.bellunopress.it\/wp-content\/uploads\/2021\/08\/marmolada_edited-630x420.jpg 630w\" sizes=\"auto, (max-width: 800px) 100vw, 800px\" \/><\/a><figcaption id=\"caption-attachment-126954\" class=\"wp-caption-text\">Terrazza panoramica Punta Rocca &#8211; Marmolada<\/figcaption><\/figure>\n<p><em>L&#8217;iniziativa di Marmolada \u2013 Move to the top di venerd\u00ec 20 agosto 2021 \u00e8 un&#8217;esperienza che coinvolge tutti i sensi; aperitivo oltre i 3.000 metri di altitudine, musica jazz dal vivo con panorama sulle Dolomiti patrimonio Unesco e tramonto da Punta Rocca, sulla Marmolada<\/em>.<\/p>\n<p>Malga Ci\u00e0pela (BL), 16 agosto 2021 \u2013 Venerd\u00ec 20 agosto 2021 gli impianti di risalita Marmolada \u2013 Move To The Top organizzano l&#8217;evento dell&#8217;estate sulla Regina delle Dolomiti, con un programma che coinvolge i cinque sensi: aperitivo alla stazione intermedia di Serauta accompagnato dalla musica Jazz del gruppo Footprints Jazz Trio e, a seguire, il tramonto con vista Dolomiti dai 3.265 metri di quota di Punta Rocca, l&#8217;unico punto in cui \u00e8 possibile osservare tutti i 9 sistemi delle Dolomiti patrimonio Unesco.<\/p>\n<p>Iniziativa che vuole emozionare quella organizzata da Marmolada &#8211; Move to the top: &#8220;Tramonto in Jazz&#8221; \u00e8 una serata a base di musica jazz, aperitivo in compagnia e vista panoramica sulle Dolomiti unica al mondo. Il ritrovo \u00e8 previsto alle ore 18:00 a Malga Ciap\u00e8la (1.450 m), presso la stazione di partenza della funivia, dove imbarcarsi in direzione della stazione intermedia di Serauta (3.000 m), prima tappa di questa esperienza che riserva una serata magica, sul tetto delle Dolomiti. A Serauta, presso il Bar Ristorante con vetrate panoramiche, \u00e8 possibile partecipare ad uno speciale aperitivo con piccola e dolce sorpresa finale, accompagnato dall&#8217;esibizione musicale dal vivo del gruppo jazz Footprints Jazz Trio: con pianoforte, contrabbasso e batteria, il loro repertorio spazia dai musical di Broadway dei primi decenni del Novecento al periodo &#8220;bebop&#8221; degli anni &#8217;40 e &#8217;50. La scelta musicale non \u00e8 casuale: il jazz non \u00e8 solo musica, \u00e8 cultura, racchiude la Storia del secolo passato e ha la capacit\u00e0 di portare gli ascoltatori ai ruggenti e indimenticabili anni &#8217;20. Un perfetto connubio tra il fascino della Marmolada, Regina delle Dolomiti, e il desiderio di rinascita che ha contraddistinto quel periodo e che per alcuni aspetti ricorda quello che stiamo vivendo attualmente. Una volta gustato l&#8217;aperitivo a suon di jazz si prosegue poi in direzione di Punta Rocca (3.265 metri), la stazione a monte degli impianti Marmolada &#8211; Move To The Top, per ammirare lo spettacolo del tramonto. Sulle Dolomiti i crepuscoli sono ancora pi\u00f9 spettacolari quando l&#8217;aria \u00e8 tersa: con i loro colori tendenti al viola, all&#8217;arancione e al rosa, motivo per cui sono noti anche con il nome di enrosadira, regalano emozioni indimenticabili. A rendere l&#8217;atmosfera ancora pi\u00f9 suggestiva, in questo luogo, il silenzio tipico dell&#8217;alta quota cui si trova Punta Rocca, dove i colori delle rocce spaziano tra nero, grigio e rosso. Quando il sole lascia spazio all&#8217;imbrunire, concluso l&#8217;evento, la funivia riconduce infine i suoi visitatori a valle, lasciando il ricordo indelebile di uno spettacolo naturale mozzafiato.<\/p>\n<p>Se si desidera arricchire la propria esperienza in quota, in occasione dell&#8217;evento &#8220;Tramonto in Jazz&#8221;, si pu\u00f2 optare per una visita al pi\u00f9 alto museo d&#8217;Europa, il museo Marmolada Grande Guerra 3000 M, situato proprio all&#8217;interno della stazione di Serauta e aperto per tutta la durata dell&#8217;evento. Il tema protagonista dell&#8217;esposizione \u00e8 la vita quotidiana dei soldati durante il primo conflitto mondiale, la loro lotta alla sopravvivenza tra ghiaccio e rocce in posizioni strategiche per ottenere il controllo delle valli sottostanti. Il percorso all&#8217;interno del Museo permette al visitatore di immergersi storicamente, oltre che umanamente, in un viaggio nella storia della Prima guerra mondiale grazie a vetrine e contenuti multimediali, stralci di diari e vecchie fotografie.<\/p>\n<p>Per info e prenotazioni (posti limitati):<br \/>\nwww.funiviemarmolada.com o 334 6794461<\/p>","protected":false},"excerpt":{"rendered":"<p>L&#8217;iniziativa di Marmolada \u2013 Move to the top di venerd\u00ec 20 agosto 2021 \u00e8 un&#8217;esperienza che coinvolge tutti i sensi; aperitivo oltre i 3.000 metri di altitudine, musica jazz dal vivo con panorama sulle Dolomiti patrimonio Unesco e tramonto da Punta Rocca, sulla Marmolada. Malga Ci\u00e0pela (BL), 16 agosto 2021 \u2013 Venerd\u00ec 20 agosto 2021 [&hellip;]<\/p>\n","protected":false},"author":2,"featured_media":126954,"comment_status":"closed","ping_status":"open","sticky":false,"template":"","format":"standard","meta":{"footnotes":""},"categories":[25,4],"tags":[],"class_list":["post-126953","post","type-post","status-publish","format-standard","has-post-thumbnail","category-pausa-caffe","category-sport"],"yoast_head":"<!-- This site is optimized with the Yoast SEO plugin v28.4 - https:\/\/yoast.com\/product\/yoast-seo-wordpress\/ -->\n<title>Tramonto in Jazz, la proposta serale di Marmolada - Move to the top in programma il 20 agosto 2021 - Bellunopress - Dolomiti<\/title>\n<meta name=\"robots\" content=\"index, follow, max-snippet:-1, max-image-preview:large, max-video-preview:-1\" \/>\n<link rel=\"canonical\" href=\"https:\/\/www.bellunopress.it\/fr\/2021\/08\/16\/tramonto-in-jazz-la-proposta-serale-di-marmolada-move-to-the-top-in-programma-il-20-agosto-2021\/\" \/>\n<meta property=\"og:locale\" content=\"fr_FR\" \/>\n<meta property=\"og:type\" content=\"article\" \/>\n<meta property=\"og:title\" content=\"Tramonto in Jazz, la proposta serale di Marmolada - Move to the top in programma il 20 agosto 2021 - Bellunopress - Dolomiti\" \/>\n<meta property=\"og:description\" content=\"L&#8217;iniziativa di Marmolada \u2013 Move to the top di venerd\u00ec 20 agosto 2021 \u00e8 un&#8217;esperienza che coinvolge tutti i sensi; aperitivo oltre i 3.000 metri di altitudine, musica jazz dal vivo con panorama sulle Dolomiti patrimonio Unesco e tramonto da Punta Rocca, sulla Marmolada. Malga Ci\u00e0pela (BL), 16 agosto 2021 \u2013 Venerd\u00ec 20 agosto 2021 [&hellip;]\" \/>\n<meta property=\"og:url\" content=\"https:\/\/www.bellunopress.it\/fr\/2021\/08\/16\/tramonto-in-jazz-la-proposta-serale-di-marmolada-move-to-the-top-in-programma-il-20-agosto-2021\/\" \/>\n<meta property=\"og:site_name\" content=\"Bellunopress - Dolomiti\" \/>\n<meta property=\"article:publisher\" content=\"https:\/\/www.facebook.com\/profile.php?id=100008943462799\" \/>\n<meta property=\"article:published_time\" content=\"2021-08-16T10:33:45+00:00\" \/>\n<meta property=\"article:modified_time\" content=\"2021-08-16T10:33:47+00:00\" \/>\n<meta property=\"og:image\" content=\"https:\/\/www.bellunopress.it\/wp-content\/uploads\/2021\/08\/marmolada_edited.jpg\" \/>\n\t<meta property=\"og:image:width\" content=\"800\" \/>\n\t<meta property=\"og:image:height\" content=\"533\" \/>\n\t<meta property=\"og:image:type\" content=\"image\/jpeg\" \/>\n<meta name=\"author\" content=\"redazione\" \/>\n<meta name=\"twitter:card\" content=\"summary_large_image\" \/>\n<meta name=\"twitter:creator\" content=\"@bellunopress\" \/>\n<meta name=\"twitter:site\" content=\"@bellunopress\" \/>\n<meta name=\"twitter:label1\" content=\"\u00c9crit par\" \/>\n\t<meta name=\"twitter:data1\" content=\"redazione\" \/>\n\t<meta name=\"twitter:label2\" content=\"Dur\u00e9e de lecture estim\u00e9e\" \/>\n\t<meta name=\"twitter:data2\" content=\"3 minutes\" \/>\n<script type=\"application\/ld+json\" class=\"yoast-schema-graph\">{\"@context\":\"https:\\\/\\\/schema.org\",\"@graph\":[{\"@type\":\"Article\",\"@id\":\"https:\\\/\\\/www.bellunopress.it\\\/2021\\\/08\\\/16\\\/tramonto-in-jazz-la-proposta-serale-di-marmolada-move-to-the-top-in-programma-il-20-agosto-2021\\\/#article\",\"isPartOf\":{\"@id\":\"https:\\\/\\\/www.bellunopress.it\\\/2021\\\/08\\\/16\\\/tramonto-in-jazz-la-proposta-serale-di-marmolada-move-to-the-top-in-programma-il-20-agosto-2021\\\/\"},\"author\":{\"name\":\"redazione\",\"@id\":\"https:\\\/\\\/www.bellunopress.it\\\/#\\\/schema\\\/person\\\/79bb06722b37ece1c03d3e94beb30d73\"},\"headline\":\"Tramonto in Jazz, la proposta serale di Marmolada &#8211; Move to the top in programma il 20 agosto 2021\",\"datePublished\":\"2021-08-16T10:33:45+00:00\",\"dateModified\":\"2021-08-16T10:33:47+00:00\",\"mainEntityOfPage\":{\"@id\":\"https:\\\/\\\/www.bellunopress.it\\\/2021\\\/08\\\/16\\\/tramonto-in-jazz-la-proposta-serale-di-marmolada-move-to-the-top-in-programma-il-20-agosto-2021\\\/\"},\"wordCount\":606,\"publisher\":{\"@id\":\"https:\\\/\\\/www.bellunopress.it\\\/#organization\"},\"image\":{\"@id\":\"https:\\\/\\\/www.bellunopress.it\\\/2021\\\/08\\\/16\\\/tramonto-in-jazz-la-proposta-serale-di-marmolada-move-to-the-top-in-programma-il-20-agosto-2021\\\/#primaryimage\"},\"thumbnailUrl\":\"https:\\\/\\\/www.bellunopress.it\\\/wp-content\\\/uploads\\\/2021\\\/08\\\/marmolada_edited.jpg\",\"articleSection\":[\"Pausa Caff\u00e8\",\"Sport, tempo libero\"],\"inLanguage\":\"fr-FR\"},{\"@type\":\"WebPage\",\"@id\":\"https:\\\/\\\/www.bellunopress.it\\\/2021\\\/08\\\/16\\\/tramonto-in-jazz-la-proposta-serale-di-marmolada-move-to-the-top-in-programma-il-20-agosto-2021\\\/\",\"url\":\"https:\\\/\\\/www.bellunopress.it\\\/2021\\\/08\\\/16\\\/tramonto-in-jazz-la-proposta-serale-di-marmolada-move-to-the-top-in-programma-il-20-agosto-2021\\\/\",\"name\":\"Tramonto in Jazz, la proposta serale di Marmolada - Move to the top in programma il 20 agosto 2021 - Bellunopress - Dolomiti\",\"isPartOf\":{\"@id\":\"https:\\\/\\\/www.bellunopress.it\\\/#website\"},\"primaryImageOfPage\":{\"@id\":\"https:\\\/\\\/www.bellunopress.it\\\/2021\\\/08\\\/16\\\/tramonto-in-jazz-la-proposta-serale-di-marmolada-move-to-the-top-in-programma-il-20-agosto-2021\\\/#primaryimage\"},\"image\":{\"@id\":\"https:\\\/\\\/www.bellunopress.it\\\/2021\\\/08\\\/16\\\/tramonto-in-jazz-la-proposta-serale-di-marmolada-move-to-the-top-in-programma-il-20-agosto-2021\\\/#primaryimage\"},\"thumbnailUrl\":\"https:\\\/\\\/www.bellunopress.it\\\/wp-content\\\/uploads\\\/2021\\\/08\\\/marmolada_edited.jpg\",\"datePublished\":\"2021-08-16T10:33:45+00:00\",\"dateModified\":\"2021-08-16T10:33:47+00:00\",\"breadcrumb\":{\"@id\":\"https:\\\/\\\/www.bellunopress.it\\\/2021\\\/08\\\/16\\\/tramonto-in-jazz-la-proposta-serale-di-marmolada-move-to-the-top-in-programma-il-20-agosto-2021\\\/#breadcrumb\"},\"inLanguage\":\"fr-FR\",\"potentialAction\":[{\"@type\":\"ReadAction\",\"target\":[\"https:\\\/\\\/www.bellunopress.it\\\/2021\\\/08\\\/16\\\/tramonto-in-jazz-la-proposta-serale-di-marmolada-move-to-the-top-in-programma-il-20-agosto-2021\\\/\"]}]},{\"@type\":\"ImageObject\",\"inLanguage\":\"fr-FR\",\"@id\":\"https:\\\/\\\/www.bellunopress.it\\\/2021\\\/08\\\/16\\\/tramonto-in-jazz-la-proposta-serale-di-marmolada-move-to-the-top-in-programma-il-20-agosto-2021\\\/#primaryimage\",\"url\":\"https:\\\/\\\/www.bellunopress.it\\\/wp-content\\\/uploads\\\/2021\\\/08\\\/marmolada_edited.jpg\",\"contentUrl\":\"https:\\\/\\\/www.bellunopress.it\\\/wp-content\\\/uploads\\\/2021\\\/08\\\/marmolada_edited.jpg\",\"width\":800,\"height\":533,\"caption\":\"Terrazza panoramica Punta Rocca - Marmolada\"},{\"@type\":\"BreadcrumbList\",\"@id\":\"https:\\\/\\\/www.bellunopress.it\\\/2021\\\/08\\\/16\\\/tramonto-in-jazz-la-proposta-serale-di-marmolada-move-to-the-top-in-programma-il-20-agosto-2021\\\/#breadcrumb\",\"itemListElement\":[{\"@type\":\"ListItem\",\"position\":1,\"name\":\"Home\",\"item\":\"https:\\\/\\\/www.bellunopress.it\\\/\"},{\"@type\":\"ListItem\",\"position\":2,\"name\":\"Tramonto in Jazz, la proposta serale di Marmolada &#8211; Move to the top in programma il 20 agosto 2021\"}]},{\"@type\":\"WebSite\",\"@id\":\"https:\\\/\\\/www.bellunopress.it\\\/#website\",\"url\":\"https:\\\/\\\/www.bellunopress.it\\\/\",\"name\":\"Bellunopress - Dolomiti\",\"description\":\"e-mail: redazione@bellunopress.it\",\"publisher\":{\"@id\":\"https:\\\/\\\/www.bellunopress.it\\\/#organization\"},\"potentialAction\":[{\"@type\":\"SearchAction\",\"target\":{\"@type\":\"EntryPoint\",\"urlTemplate\":\"https:\\\/\\\/www.bellunopress.it\\\/?s={search_term_string}\"},\"query-input\":{\"@type\":\"PropertyValueSpecification\",\"valueRequired\":true,\"valueName\":\"search_term_string\"}}],\"inLanguage\":\"fr-FR\"},{\"@type\":\"Organization\",\"@id\":\"https:\\\/\\\/www.bellunopress.it\\\/#organization\",\"name\":\"Bellunopress\",\"url\":\"https:\\\/\\\/www.bellunopress.it\\\/\",\"logo\":{\"@type\":\"ImageObject\",\"inLanguage\":\"fr-FR\",\"@id\":\"https:\\\/\\\/www.bellunopress.it\\\/#\\\/schema\\\/logo\\\/image\\\/\",\"url\":\"https:\\\/\\\/www.bellunopress.it\\\/wp-content\\\/uploads\\\/2011\\\/05\\\/cropped-logo-bellunopress-.jpg\",\"contentUrl\":\"https:\\\/\\\/www.bellunopress.it\\\/wp-content\\\/uploads\\\/2011\\\/05\\\/cropped-logo-bellunopress-.jpg\",\"width\":512,\"height\":512,\"caption\":\"Bellunopress\"},\"image\":{\"@id\":\"https:\\\/\\\/www.bellunopress.it\\\/#\\\/schema\\\/logo\\\/image\\\/\"},\"sameAs\":[\"https:\\\/\\\/www.facebook.com\\\/profile.php?id=100008943462799\",\"https:\\\/\\\/x.com\\\/bellunopress\",\"https:\\\/\\\/www.linkedin.com\\\/hp\\\/?dnr=JBzUWaJfMUw8vbXJJ2tVW5-I3jZKvC4wsoxE&amp;amp;amp;amp;amp;amp;trk=nav_responsive_tab_home\",\"https:\\\/\\\/www.youtube.com\\\/channel\\\/UCxL0wu1uN0_3_7hGG0306cw\"]},{\"@type\":\"Person\",\"@id\":\"https:\\\/\\\/www.bellunopress.it\\\/#\\\/schema\\\/person\\\/79bb06722b37ece1c03d3e94beb30d73\",\"name\":\"redazione\",\"image\":{\"@type\":\"ImageObject\",\"inLanguage\":\"fr-FR\",\"@id\":\"https:\\\/\\\/secure.gravatar.com\\\/avatar\\\/37d968a2e67a6fd04c169c4bdef102d0bc5d31b2546345219e348575eb80e9a0?s=96&d=mm&r=g\",\"url\":\"https:\\\/\\\/secure.gravatar.com\\\/avatar\\\/37d968a2e67a6fd04c169c4bdef102d0bc5d31b2546345219e348575eb80e9a0?s=96&d=mm&r=g\",\"contentUrl\":\"https:\\\/\\\/secure.gravatar.com\\\/avatar\\\/37d968a2e67a6fd04c169c4bdef102d0bc5d31b2546345219e348575eb80e9a0?s=96&d=mm&r=g\",\"caption\":\"redazione\"},\"sameAs\":[\"http:\\\/\\\/www.bellunopress.it\",\"https:\\\/\\\/x.com\\\/bellunopress\"],\"url\":\"https:\\\/\\\/www.bellunopress.it\\\/fr\\\/author\\\/redazione\\\/\"}]}<\/script>\n<!-- \/ Yoast SEO plugin. -->","yoast_head_json":{"title":"Tramonto in Jazz, la proposta serale di Marmolada - Move to the top in programma il 20 agosto 2021 - Bellunopress - Dolomiti","robots":{"index":"index","follow":"follow","max-snippet":"max-snippet:-1","max-image-preview":"max-image-preview:large","max-video-preview":"max-video-preview:-1"},"canonical":"https:\/\/www.bellunopress.it\/fr\/2021\/08\/16\/tramonto-in-jazz-la-proposta-serale-di-marmolada-move-to-the-top-in-programma-il-20-agosto-2021\/","og_locale":"fr_FR","og_type":"article","og_title":"Tramonto in Jazz, la proposta serale di Marmolada - Move to the top in programma il 20 agosto 2021 - Bellunopress - Dolomiti","og_description":"L&#8217;iniziativa di Marmolada \u2013 Move to the top di venerd\u00ec 20 agosto 2021 \u00e8 un&#8217;esperienza che coinvolge tutti i sensi; aperitivo oltre i 3.000 metri di altitudine, musica jazz dal vivo con panorama sulle Dolomiti patrimonio Unesco e tramonto da Punta Rocca, sulla Marmolada. Malga Ci\u00e0pela (BL), 16 agosto 2021 \u2013 Venerd\u00ec 20 agosto 2021 [&hellip;]","og_url":"https:\/\/www.bellunopress.it\/fr\/2021\/08\/16\/tramonto-in-jazz-la-proposta-serale-di-marmolada-move-to-the-top-in-programma-il-20-agosto-2021\/","og_site_name":"Bellunopress - Dolomiti","article_publisher":"https:\/\/www.facebook.com\/profile.php?id=100008943462799","article_published_time":"2021-08-16T10:33:45+00:00","article_modified_time":"2021-08-16T10:33:47+00:00","og_image":[{"width":800,"height":533,"url":"https:\/\/www.bellunopress.it\/wp-content\/uploads\/2021\/08\/marmolada_edited.jpg","type":"image\/jpeg"}],"author":"redazione","twitter_card":"summary_large_image","twitter_creator":"@bellunopress","twitter_site":"@bellunopress","twitter_misc":{"\u00c9crit par":"redazione","Dur\u00e9e de lecture estim\u00e9e":"3 minutes"},"schema":{"@context":"https:\/\/schema.org","@graph":[{"@type":"Article","@id":"https:\/\/www.bellunopress.it\/2021\/08\/16\/tramonto-in-jazz-la-proposta-serale-di-marmolada-move-to-the-top-in-programma-il-20-agosto-2021\/#article","isPartOf":{"@id":"https:\/\/www.bellunopress.it\/2021\/08\/16\/tramonto-in-jazz-la-proposta-serale-di-marmolada-move-to-the-top-in-programma-il-20-agosto-2021\/"},"author":{"name":"redazione","@id":"https:\/\/www.bellunopress.it\/#\/schema\/person\/79bb06722b37ece1c03d3e94beb30d73"},"headline":"Tramonto in Jazz, la proposta serale di Marmolada &#8211; Move to the top in programma il 20 agosto 2021","datePublished":"2021-08-16T10:33:45+00:00","dateModified":"2021-08-16T10:33:47+00:00","mainEntityOfPage":{"@id":"https:\/\/www.bellunopress.it\/2021\/08\/16\/tramonto-in-jazz-la-proposta-serale-di-marmolada-move-to-the-top-in-programma-il-20-agosto-2021\/"},"wordCount":606,"publisher":{"@id":"https:\/\/www.bellunopress.it\/#organization"},"image":{"@id":"https:\/\/www.bellunopress.it\/2021\/08\/16\/tramonto-in-jazz-la-proposta-serale-di-marmolada-move-to-the-top-in-programma-il-20-agosto-2021\/#primaryimage"},"thumbnailUrl":"https:\/\/www.bellunopress.it\/wp-content\/uploads\/2021\/08\/marmolada_edited.jpg","articleSection":["Pausa Caff\u00e8","Sport, tempo libero"],"inLanguage":"fr-FR"},{"@type":"WebPage","@id":"https:\/\/www.bellunopress.it\/2021\/08\/16\/tramonto-in-jazz-la-proposta-serale-di-marmolada-move-to-the-top-in-programma-il-20-agosto-2021\/","url":"https:\/\/www.bellunopress.it\/2021\/08\/16\/tramonto-in-jazz-la-proposta-serale-di-marmolada-move-to-the-top-in-programma-il-20-agosto-2021\/","name":"Tramonto in Jazz, la proposta serale di Marmolada - Move to the top in programma il 20 agosto 2021 - Bellunopress - Dolomiti","isPartOf":{"@id":"https:\/\/www.bellunopress.it\/#website"},"primaryImageOfPage":{"@id":"https:\/\/www.bellunopress.it\/2021\/08\/16\/tramonto-in-jazz-la-proposta-serale-di-marmolada-move-to-the-top-in-programma-il-20-agosto-2021\/#primaryimage"},"image":{"@id":"https:\/\/www.bellunopress.it\/2021\/08\/16\/tramonto-in-jazz-la-proposta-serale-di-marmolada-move-to-the-top-in-programma-il-20-agosto-2021\/#primaryimage"},"thumbnailUrl":"https:\/\/www.bellunopress.it\/wp-content\/uploads\/2021\/08\/marmolada_edited.jpg","datePublished":"2021-08-16T10:33:45+00:00","dateModified":"2021-08-16T10:33:47+00:00","breadcrumb":{"@id":"https:\/\/www.bellunopress.it\/2021\/08\/16\/tramonto-in-jazz-la-proposta-serale-di-marmolada-move-to-the-top-in-programma-il-20-agosto-2021\/#breadcrumb"},"inLanguage":"fr-FR","potentialAction":[{"@type":"ReadAction","target":["https:\/\/www.bellunopress.it\/2021\/08\/16\/tramonto-in-jazz-la-proposta-serale-di-marmolada-move-to-the-top-in-programma-il-20-agosto-2021\/"]}]},{"@type":"ImageObject","inLanguage":"fr-FR","@id":"https:\/\/www.bellunopress.it\/2021\/08\/16\/tramonto-in-jazz-la-proposta-serale-di-marmolada-move-to-the-top-in-programma-il-20-agosto-2021\/#primaryimage","url":"https:\/\/www.bellunopress.it\/wp-content\/uploads\/2021\/08\/marmolada_edited.jpg","contentUrl":"https:\/\/www.bellunopress.it\/wp-content\/uploads\/2021\/08\/marmolada_edited.jpg","width":800,"height":533,"caption":"Terrazza panoramica Punta Rocca - Marmolada"},{"@type":"BreadcrumbList","@id":"https:\/\/www.bellunopress.it\/2021\/08\/16\/tramonto-in-jazz-la-proposta-serale-di-marmolada-move-to-the-top-in-programma-il-20-agosto-2021\/#breadcrumb","itemListElement":[{"@type":"ListItem","position":1,"name":"Home","item":"https:\/\/www.bellunopress.it\/"},{"@type":"ListItem","position":2,"name":"Tramonto in Jazz, la proposta serale di Marmolada &#8211; Move to the top in programma il 20 agosto 2021"}]},{"@type":"WebSite","@id":"https:\/\/www.bellunopress.it\/#website","url":"https:\/\/www.bellunopress.it\/","name":"Bellunopress - Dolomiti","description":"e-mail: redazione@bellunopress.it","publisher":{"@id":"https:\/\/www.bellunopress.it\/#organization"},"potentialAction":[{"@type":"SearchAction","target":{"@type":"EntryPoint","urlTemplate":"https:\/\/www.bellunopress.it\/?s={search_term_string}"},"query-input":{"@type":"PropertyValueSpecification","valueRequired":true,"valueName":"search_term_string"}}],"inLanguage":"fr-FR"},{"@type":"Organization","@id":"https:\/\/www.bellunopress.it\/#organization","name":"Bellunopress","url":"https:\/\/www.bellunopress.it\/","logo":{"@type":"ImageObject","inLanguage":"fr-FR","@id":"https:\/\/www.bellunopress.it\/#\/schema\/logo\/image\/","url":"https:\/\/www.bellunopress.it\/wp-content\/uploads\/2011\/05\/cropped-logo-bellunopress-.jpg","contentUrl":"https:\/\/www.bellunopress.it\/wp-content\/uploads\/2011\/05\/cropped-logo-bellunopress-.jpg","width":512,"height":512,"caption":"Bellunopress"},"image":{"@id":"https:\/\/www.bellunopress.it\/#\/schema\/logo\/image\/"},"sameAs":["https:\/\/www.facebook.com\/profile.php?id=100008943462799","https:\/\/x.com\/bellunopress","https:\/\/www.linkedin.com\/hp\/?dnr=JBzUWaJfMUw8vbXJJ2tVW5-I3jZKvC4wsoxE&amp;amp;amp;amp;amp;amp;trk=nav_responsive_tab_home","https:\/\/www.youtube.com\/channel\/UCxL0wu1uN0_3_7hGG0306cw"]},{"@type":"Person","@id":"https:\/\/www.bellunopress.it\/#\/schema\/person\/79bb06722b37ece1c03d3e94beb30d73","name":"r\u00e9daction","image":{"@type":"ImageObject","inLanguage":"fr-FR","@id":"https:\/\/secure.gravatar.com\/avatar\/37d968a2e67a6fd04c169c4bdef102d0bc5d31b2546345219e348575eb80e9a0?s=96&d=mm&r=g","url":"https:\/\/secure.gravatar.com\/avatar\/37d968a2e67a6fd04c169c4bdef102d0bc5d31b2546345219e348575eb80e9a0?s=96&d=mm&r=g","contentUrl":"https:\/\/secure.gravatar.com\/avatar\/37d968a2e67a6fd04c169c4bdef102d0bc5d31b2546345219e348575eb80e9a0?s=96&d=mm&r=g","caption":"redazione"},"sameAs":["http:\/\/www.bellunopress.it","https:\/\/x.com\/bellunopress"],"url":"https:\/\/www.bellunopress.it\/fr\/author\/redazione\/"}]}},"_links":{"self":[{"href":"https:\/\/www.bellunopress.it\/fr\/wp-json\/wp\/v2\/posts\/126953","targetHints":{"allow":["GET"]}}],"collection":[{"href":"https:\/\/www.bellunopress.it\/fr\/wp-json\/wp\/v2\/posts"}],"about":[{"href":"https:\/\/www.bellunopress.it\/fr\/wp-json\/wp\/v2\/types\/post"}],"author":[{"embeddable":true,"href":"https:\/\/www.bellunopress.it\/fr\/wp-json\/wp\/v2\/users\/2"}],"replies":[{"embeddable":true,"href":"https:\/\/www.bellunopress.it\/fr\/wp-json\/wp\/v2\/comments?post=126953"}],"version-history":[{"count":2,"href":"https:\/\/www.bellunopress.it\/fr\/wp-json\/wp\/v2\/posts\/126953\/revisions"}],"predecessor-version":[{"id":126956,"href":"https:\/\/www.bellunopress.it\/fr\/wp-json\/wp\/v2\/posts\/126953\/revisions\/126956"}],"wp:featuredmedia":[{"embeddable":true,"href":"https:\/\/www.bellunopress.it\/fr\/wp-json\/wp\/v2\/media\/126954"}],"wp:attachment":[{"href":"https:\/\/www.bellunopress.it\/fr\/wp-json\/wp\/v2\/media?parent=126953"}],"wp:term":[{"taxonomy":"category","embeddable":true,"href":"https:\/\/www.bellunopress.it\/fr\/wp-json\/wp\/v2\/categories?post=126953"},{"taxonomy":"post_tag","embeddable":true,"href":"https:\/\/www.bellunopress.it\/fr\/wp-json\/wp\/v2\/tags?post=126953"}],"curies":[{"name":"wp","href":"https:\/\/api.w.org\/{rel}","templated":true}]}}