{"id":12694,"date":"2010-02-19T14:04:31","date_gmt":"2010-02-19T13:04:31","guid":{"rendered":"http:\/\/www.bellunopress.it\/?p=12694"},"modified":"2010-02-19T16:11:22","modified_gmt":"2010-02-19T15:11:22","slug":"asili-nido-belluno-seconda-citta-piu-cara-il-25-dei-bimbi-in-italia-non-riesce-ad-accedervi-un-anno-fa-erano-il-23","status":"publish","type":"post","link":"https:\/\/www.bellunopress.it\/fr\/2010\/02\/19\/asili-nido-belluno-seconda-citta-piu-cara-il-25-dei-bimbi-in-italia-non-riesce-ad-accedervi-un-anno-fa-erano-il-23\/","title":{"rendered":"Asili nido: Belluno seconda citt\u00e0 pi\u00f9 cara. Il 25% dei bimbi in Italia non riesce ad accedervi, un anno fa erano il 23%."},"content":{"rendered":"<p><a href=\"http:\/\/www.bellunopress.it\/wp-content\/uploads\/2009\/09\/asilo-nido-via-mondin.jpg\"><img loading=\"lazy\" decoding=\"async\" class=\"alignleft size-medium wp-image-8279\" title=\"asilo-nido-via-mondin\" src=\"http:\/\/www.bellunopress.it\/wp-content\/uploads\/2009\/09\/asilo-nido-via-mondin.jpg\" alt=\"\" width=\"240\" height=\"180\" \/><\/a>Belluno, con 535 euro al mese di retta per l&#8217;asilo comunale,\u00a0\u00e8 la seconda citt\u00e0 pi\u00f9 cara dopo Lecco (572) nella\u00a0classifica stilata da Cittadinanzattiva.\u00a0 \u201cIn tema di asili nido comunali\u201d commenta Antonio Gaudioso, vicesegretario generale e responsabile delle politiche dei consumatori di Cittadinanzattiva, \u201cl\u2019Italia sconta un ritardo strutturale ormai conclamato, espressione di una attenzione alle esigenze delle giovani coppie vera solo sulla carta. In questi anni, infatti, molti amministratori hanno parlato di tutela della famiglia e di asili nido solo in campagna elettorale e pochissimi hanno fatto qualcosa. Ci aspettiamo che con queste<br \/>\namministrative i candidati prendano impegni concreti e misurabili. Federalismo, d\u2019altra parte, vuol dire soprattutto questo: prendersi impegni e mantenerli. E quello degli asili nido \u00e8 un modo concreto e non<br \/>\nretorico di prendersi cura delle famiglie e dei loro bisogni\u201d. La Calabria \u00e8 la regione pi\u00f9 economica (120\u20ac), Lombardia la pi\u00f9 costosa (402\u20ac). Nella top ten delle 10 citt\u00e0 pi\u00f9 care, tra quelle che offrono il servizio a tempo pieno, si confermano, rispetto al 2007\/08, Lecco, Belluno, Bergamo, Mantova, Sondrio, Treviso, Cuneo, Pordenone e Vicenza, mentre Udine subentra a Varese. Nella graduatoria delle 10 citt\u00e0 meno care,<br \/>\nprevalgono le realt\u00e0 del Centro-Sud. In assoluto, la citt\u00e0 pi\u00f9 economica risulta Cosenza, seguita da Roma, Chieti e Reggio Calabria. L\u2019analisi, svolta dall\u2019Osservatorio prezzi &amp; tariffe di Cittadinanzattiva ha considerato una famiglia tipo di tre persone (genitori e figlio 0-3 anni) con reddito lordo annuo di 44.200\u20ac e relativo Isee di 19.000\u20ac. I dati sulle rette sono elaborati a partire da fonti ufficiali (anni scolastici 2007\/08 e 2008\/09) delle Amministrazioni comunali interessate all\u2019indagine (tutti i capoluoghi di provincia). Oggetto della ricerca sono state le rette applicate al servizio di asilo nido comunale per la frequenza a tempo pieno (in media, 9 ore al giorno) e, dove non presente, a tempo ridotto (in media, 6 ore al giorno), per cinque giorni a settimana.\u00a0 Il dossier completo al sito:<br \/>\n<a href=\"http:\/\/www.cittadinanzattiva.it\/files\/comunicati\/comunicato_asili19-2-10.pdf\">http:\/\/www.cittadinanzattiva.it\/files\/comunicati\/comunicato_asili19-2-10.pdf<\/a><\/p>\n<p><strong>La difesa del Comune di Belluno<\/strong><br \/>\n&#8220;Quest&#8217;anno, consci che a nulla serve spiegare che sono previsti 55 scaglioni di reddito e che la cifra indicata dall&#8217;associazione \u00e8 il massimale e che inoltre il regolamento comunale prevede correttivi e agevolazioni che Cittadinanzattiva non considera (indicando tout court i soli massimali di ogni Comune), ci limitiamo a una considerazione sul numero di posti offerti \u2013 56. Il Comune di Belluno, con l&#8217;obiettivo portante di andare incontro alle esigenze delle famiglie, ha, da una parte, ampliato la propria offerta con il nido di Levego, 8 posti poi portati a 12, oltre ai 44 del nido di Mur di Cadola e, dall&#8217;altra, in una logica di sussidiariet\u00e0, di economicit\u00e0 e fedeli al principio al principio che non solo l&#8217;Ente pubblico \u00e8 titolato ad erogare servizi alla persona, ha compiuto uno sforzo economico per supportare le molte e qualificate strutture all&#8217;infanzia iscritte alla FISM con la quale, dopo 25 anni, ha stipulato una convenzione che prevede maggiori contributi economici e maggiori garanzie alle famiglie. Sono infatti presenti sul territorio comunale ben 6 sezioni di nido integrato che coprono 120 posti, oltre due nidi in famiglia e tre nidi privati, i quali, nel complesso, assorbono la richiesta non coperta dal pubblico&#8221;. Ulteriori spiegazioni sono contenute nel comunicato del Comune di Belluno del 2008, rispetto al quale &#8211; si afferma &#8211; nulla \u00e8 cambiato.<br \/>\n&#8220;Anche quest\u2019anno come d\u2019abitudine, ormai, ricordiamo che la retta dell\u2019asilo nido \u00e8 plasmata sul reddito e sulla frequenza: pi\u00f9 si guadagna e pi\u00f9 si frequenta l\u2019asilo, pi\u00f9 si paga. La cifra massima di 535 euro si applicherebbe \u2013 in teoria \u2013 al caso di una frequenza per l\u2019intera giornata e per 22 giorni al mese da parte di un bambino di una famiglia di massimo reddito. In realt\u00e0 il Comune di Belluno applica 55 scaglioni tariffari: il valore della retta media annua fatturata \u00e8 di 270,56 euro. Pertanto l\u2019importo di 535 euro indicato da Cittadinanzattiva \u00e8 ben lontano da quanto una famiglia media si trova a dover pagare. A Belluno, a differenza di altri Comuni, la tariffa \u00e8 giornaliera, calcolata mensilmente in base ai giorni d\u2019effettiva presenza del bambino. Altra particolarit\u00e0 di Belluno che non emerge nell\u2019indagine \u00e8 che nel calcolo dell\u2019Indicatore della Situazione Economica Equivalente, il Comune di Belluno considera anche l\u2019eventuale introduzione di part-time o aspettativa che riducono gli ultimi redditi dichiarati. Si aggiunga, infine, che dalla primavera scorsa nel tariffario \u00e8 stata introdotta un\u2019ulteriore agevolazione, la riduzione del 20% del valore I.S.E.E. per chi paga un mutuo per l\u2019acquisto o la ristrutturazione della casa. Un\u2019ultima nota per quel che riguarda la ricettivit\u00e0: da settembre saranno aumentati i posti a disposizione presso il nido integrato di Levego. Spiace che un\u2019organizzazione come Cittadinanzattiva, che pure svolge un importante ruolo sociale e gode di vasto credito, si ostini a non tenere in considerazione il contesto descritto, ma continui a sbandierare il dato finale non correttamente estrapolato&#8221;.<\/p>","protected":false},"excerpt":{"rendered":"<p>Belluno, con 535 euro al mese di retta per l&#8217;asilo comunale,\u00a0\u00e8 la seconda citt\u00e0 pi\u00f9 cara dopo Lecco (572) nella\u00a0classifica stilata da Cittadinanzattiva.\u00a0 \u201cIn tema di asili nido comunali\u201d commenta Antonio Gaudioso, vicesegretario generale e responsabile delle politiche dei consumatori di Cittadinanzattiva, \u201cl\u2019Italia sconta un ritardo strutturale ormai conclamato, espressione di una attenzione alle esigenze [&hellip;]<\/p>\n","protected":false},"author":2,"featured_media":0,"comment_status":"closed","ping_status":"open","sticky":false,"template":"","format":"standard","meta":{"footnotes":""},"categories":[5,15],"tags":[168,169,167],"class_list":["post-12694","post","type-post","status-publish","format-standard","category-cronaca","category-scuola","tag-belluno-seconda-citta-piu-cara-asili-nido","tag-comune-di-belluno","tag-rette-asili-nido-cittadinanzattiva"],"yoast_head":"<!-- This site is optimized with the Yoast SEO plugin v28.4 - https:\/\/yoast.com\/product\/yoast-seo-wordpress\/ -->\n<title>Asili nido: Belluno seconda citt\u00e0 pi\u00f9 cara. Il 25% dei bimbi in Italia non riesce ad accedervi, un anno fa erano il 23%. - Bellunopress - Dolomiti<\/title>\n<meta name=\"robots\" content=\"index, follow, max-snippet:-1, max-image-preview:large, max-video-preview:-1\" \/>\n<link rel=\"canonical\" href=\"https:\/\/www.bellunopress.it\/fr\/2010\/02\/19\/asili-nido-belluno-seconda-citta-piu-cara-il-25-dei-bimbi-in-italia-non-riesce-ad-accedervi-un-anno-fa-erano-il-23\/\" \/>\n<meta property=\"og:locale\" content=\"fr_FR\" \/>\n<meta property=\"og:type\" content=\"article\" \/>\n<meta property=\"og:title\" content=\"Asili nido: Belluno seconda citt\u00e0 pi\u00f9 cara. Il 25% dei bimbi in Italia non riesce ad accedervi, un anno fa erano il 23%. - Bellunopress - Dolomiti\" \/>\n<meta property=\"og:description\" content=\"Belluno, con 535 euro al mese di retta per l&#8217;asilo comunale,\u00a0\u00e8 la seconda citt\u00e0 pi\u00f9 cara dopo Lecco (572) nella\u00a0classifica stilata da Cittadinanzattiva.\u00a0 \u201cIn tema di asili nido comunali\u201d commenta Antonio Gaudioso, vicesegretario generale e responsabile delle politiche dei consumatori di Cittadinanzattiva, \u201cl\u2019Italia sconta un ritardo strutturale ormai conclamato, espressione di una attenzione alle esigenze [&hellip;]\" \/>\n<meta property=\"og:url\" content=\"https:\/\/www.bellunopress.it\/fr\/2010\/02\/19\/asili-nido-belluno-seconda-citta-piu-cara-il-25-dei-bimbi-in-italia-non-riesce-ad-accedervi-un-anno-fa-erano-il-23\/\" \/>\n<meta property=\"og:site_name\" content=\"Bellunopress - Dolomiti\" \/>\n<meta property=\"article:publisher\" content=\"https:\/\/www.facebook.com\/profile.php?id=100008943462799\" \/>\n<meta property=\"article:published_time\" content=\"2010-02-19T13:04:31+00:00\" \/>\n<meta property=\"article:modified_time\" content=\"2010-02-19T15:11:22+00:00\" \/>\n<meta property=\"og:image\" content=\"http:\/\/www.bellunopress.it\/wp-content\/uploads\/2009\/09\/asilo-nido-via-mondin.jpg\" \/>\n<meta name=\"author\" content=\"redazione\" \/>\n<meta name=\"twitter:card\" content=\"summary_large_image\" \/>\n<meta name=\"twitter:creator\" content=\"@bellunopress\" \/>\n<meta name=\"twitter:site\" content=\"@bellunopress\" \/>\n<meta name=\"twitter:label1\" content=\"\u00c9crit par\" \/>\n\t<meta name=\"twitter:data1\" content=\"redazione\" \/>\n\t<meta name=\"twitter:label2\" content=\"Dur\u00e9e de lecture estim\u00e9e\" \/>\n\t<meta name=\"twitter:data2\" content=\"4 minutes\" \/>\n<script type=\"application\/ld+json\" class=\"yoast-schema-graph\">{\"@context\":\"https:\\\/\\\/schema.org\",\"@graph\":[{\"@type\":\"Article\",\"@id\":\"https:\\\/\\\/www.bellunopress.it\\\/2010\\\/02\\\/19\\\/asili-nido-belluno-seconda-citta-piu-cara-il-25-dei-bimbi-in-italia-non-riesce-ad-accedervi-un-anno-fa-erano-il-23\\\/#article\",\"isPartOf\":{\"@id\":\"https:\\\/\\\/www.bellunopress.it\\\/2010\\\/02\\\/19\\\/asili-nido-belluno-seconda-citta-piu-cara-il-25-dei-bimbi-in-italia-non-riesce-ad-accedervi-un-anno-fa-erano-il-23\\\/\"},\"author\":{\"name\":\"redazione\",\"@id\":\"https:\\\/\\\/www.bellunopress.it\\\/#\\\/schema\\\/person\\\/79bb06722b37ece1c03d3e94beb30d73\"},\"headline\":\"Asili nido: Belluno seconda citt\u00e0 pi\u00f9 cara. Il 25% dei bimbi in Italia non riesce ad accedervi, un anno fa erano il 23%.\",\"datePublished\":\"2010-02-19T13:04:31+00:00\",\"dateModified\":\"2010-02-19T15:11:22+00:00\",\"mainEntityOfPage\":{\"@id\":\"https:\\\/\\\/www.bellunopress.it\\\/2010\\\/02\\\/19\\\/asili-nido-belluno-seconda-citta-piu-cara-il-25-dei-bimbi-in-italia-non-riesce-ad-accedervi-un-anno-fa-erano-il-23\\\/\"},\"wordCount\":819,\"publisher\":{\"@id\":\"https:\\\/\\\/www.bellunopress.it\\\/#organization\"},\"image\":{\"@id\":\"https:\\\/\\\/www.bellunopress.it\\\/2010\\\/02\\\/19\\\/asili-nido-belluno-seconda-citta-piu-cara-il-25-dei-bimbi-in-italia-non-riesce-ad-accedervi-un-anno-fa-erano-il-23\\\/#primaryimage\"},\"thumbnailUrl\":\"http:\\\/\\\/www.bellunopress.it\\\/wp-content\\\/uploads\\\/2009\\\/09\\\/asilo-nido-via-mondin.jpg\",\"keywords\":[\"Belluno seconda citt\u00e0 pi\u00f9 cara asili nido\",\"Comune di Belluno\",\"rette asili nido Cittadinanzattiva\"],\"articleSection\":[\"Cronaca\\\/Politica\",\"Scuola\"],\"inLanguage\":\"fr-FR\"},{\"@type\":\"WebPage\",\"@id\":\"https:\\\/\\\/www.bellunopress.it\\\/2010\\\/02\\\/19\\\/asili-nido-belluno-seconda-citta-piu-cara-il-25-dei-bimbi-in-italia-non-riesce-ad-accedervi-un-anno-fa-erano-il-23\\\/\",\"url\":\"https:\\\/\\\/www.bellunopress.it\\\/2010\\\/02\\\/19\\\/asili-nido-belluno-seconda-citta-piu-cara-il-25-dei-bimbi-in-italia-non-riesce-ad-accedervi-un-anno-fa-erano-il-23\\\/\",\"name\":\"Asili nido: Belluno seconda citt\u00e0 pi\u00f9 cara. Il 25% dei bimbi in Italia non riesce ad accedervi, un anno fa erano il 23%. - Bellunopress - Dolomiti\",\"isPartOf\":{\"@id\":\"https:\\\/\\\/www.bellunopress.it\\\/#website\"},\"primaryImageOfPage\":{\"@id\":\"https:\\\/\\\/www.bellunopress.it\\\/2010\\\/02\\\/19\\\/asili-nido-belluno-seconda-citta-piu-cara-il-25-dei-bimbi-in-italia-non-riesce-ad-accedervi-un-anno-fa-erano-il-23\\\/#primaryimage\"},\"image\":{\"@id\":\"https:\\\/\\\/www.bellunopress.it\\\/2010\\\/02\\\/19\\\/asili-nido-belluno-seconda-citta-piu-cara-il-25-dei-bimbi-in-italia-non-riesce-ad-accedervi-un-anno-fa-erano-il-23\\\/#primaryimage\"},\"thumbnailUrl\":\"http:\\\/\\\/www.bellunopress.it\\\/wp-content\\\/uploads\\\/2009\\\/09\\\/asilo-nido-via-mondin.jpg\",\"datePublished\":\"2010-02-19T13:04:31+00:00\",\"dateModified\":\"2010-02-19T15:11:22+00:00\",\"breadcrumb\":{\"@id\":\"https:\\\/\\\/www.bellunopress.it\\\/2010\\\/02\\\/19\\\/asili-nido-belluno-seconda-citta-piu-cara-il-25-dei-bimbi-in-italia-non-riesce-ad-accedervi-un-anno-fa-erano-il-23\\\/#breadcrumb\"},\"inLanguage\":\"fr-FR\",\"potentialAction\":[{\"@type\":\"ReadAction\",\"target\":[\"https:\\\/\\\/www.bellunopress.it\\\/2010\\\/02\\\/19\\\/asili-nido-belluno-seconda-citta-piu-cara-il-25-dei-bimbi-in-italia-non-riesce-ad-accedervi-un-anno-fa-erano-il-23\\\/\"]}]},{\"@type\":\"ImageObject\",\"inLanguage\":\"fr-FR\",\"@id\":\"https:\\\/\\\/www.bellunopress.it\\\/2010\\\/02\\\/19\\\/asili-nido-belluno-seconda-citta-piu-cara-il-25-dei-bimbi-in-italia-non-riesce-ad-accedervi-un-anno-fa-erano-il-23\\\/#primaryimage\",\"url\":\"http:\\\/\\\/www.bellunopress.it\\\/wp-content\\\/uploads\\\/2009\\\/09\\\/asilo-nido-via-mondin.jpg\",\"contentUrl\":\"http:\\\/\\\/www.bellunopress.it\\\/wp-content\\\/uploads\\\/2009\\\/09\\\/asilo-nido-via-mondin.jpg\"},{\"@type\":\"BreadcrumbList\",\"@id\":\"https:\\\/\\\/www.bellunopress.it\\\/2010\\\/02\\\/19\\\/asili-nido-belluno-seconda-citta-piu-cara-il-25-dei-bimbi-in-italia-non-riesce-ad-accedervi-un-anno-fa-erano-il-23\\\/#breadcrumb\",\"itemListElement\":[{\"@type\":\"ListItem\",\"position\":1,\"name\":\"Home\",\"item\":\"https:\\\/\\\/www.bellunopress.it\\\/\"},{\"@type\":\"ListItem\",\"position\":2,\"name\":\"Asili nido: Belluno seconda citt\u00e0 pi\u00f9 cara. Il 25% dei bimbi in Italia non riesce ad accedervi, un anno fa erano il 23%.\"}]},{\"@type\":\"WebSite\",\"@id\":\"https:\\\/\\\/www.bellunopress.it\\\/#website\",\"url\":\"https:\\\/\\\/www.bellunopress.it\\\/\",\"name\":\"Bellunopress - Dolomiti\",\"description\":\"e-mail: redazione@bellunopress.it\",\"publisher\":{\"@id\":\"https:\\\/\\\/www.bellunopress.it\\\/#organization\"},\"potentialAction\":[{\"@type\":\"SearchAction\",\"target\":{\"@type\":\"EntryPoint\",\"urlTemplate\":\"https:\\\/\\\/www.bellunopress.it\\\/?s={search_term_string}\"},\"query-input\":{\"@type\":\"PropertyValueSpecification\",\"valueRequired\":true,\"valueName\":\"search_term_string\"}}],\"inLanguage\":\"fr-FR\"},{\"@type\":\"Organization\",\"@id\":\"https:\\\/\\\/www.bellunopress.it\\\/#organization\",\"name\":\"Bellunopress\",\"url\":\"https:\\\/\\\/www.bellunopress.it\\\/\",\"logo\":{\"@type\":\"ImageObject\",\"inLanguage\":\"fr-FR\",\"@id\":\"https:\\\/\\\/www.bellunopress.it\\\/#\\\/schema\\\/logo\\\/image\\\/\",\"url\":\"https:\\\/\\\/www.bellunopress.it\\\/wp-content\\\/uploads\\\/2011\\\/05\\\/cropped-logo-bellunopress-.jpg\",\"contentUrl\":\"https:\\\/\\\/www.bellunopress.it\\\/wp-content\\\/uploads\\\/2011\\\/05\\\/cropped-logo-bellunopress-.jpg\",\"width\":512,\"height\":512,\"caption\":\"Bellunopress\"},\"image\":{\"@id\":\"https:\\\/\\\/www.bellunopress.it\\\/#\\\/schema\\\/logo\\\/image\\\/\"},\"sameAs\":[\"https:\\\/\\\/www.facebook.com\\\/profile.php?id=100008943462799\",\"https:\\\/\\\/x.com\\\/bellunopress\",\"https:\\\/\\\/www.linkedin.com\\\/hp\\\/?dnr=JBzUWaJfMUw8vbXJJ2tVW5-I3jZKvC4wsoxE&amp;amp;amp;amp;amp;amp;trk=nav_responsive_tab_home\",\"https:\\\/\\\/www.youtube.com\\\/channel\\\/UCxL0wu1uN0_3_7hGG0306cw\"]},{\"@type\":\"Person\",\"@id\":\"https:\\\/\\\/www.bellunopress.it\\\/#\\\/schema\\\/person\\\/79bb06722b37ece1c03d3e94beb30d73\",\"name\":\"redazione\",\"image\":{\"@type\":\"ImageObject\",\"inLanguage\":\"fr-FR\",\"@id\":\"https:\\\/\\\/secure.gravatar.com\\\/avatar\\\/37d968a2e67a6fd04c169c4bdef102d0bc5d31b2546345219e348575eb80e9a0?s=96&d=mm&r=g\",\"url\":\"https:\\\/\\\/secure.gravatar.com\\\/avatar\\\/37d968a2e67a6fd04c169c4bdef102d0bc5d31b2546345219e348575eb80e9a0?s=96&d=mm&r=g\",\"contentUrl\":\"https:\\\/\\\/secure.gravatar.com\\\/avatar\\\/37d968a2e67a6fd04c169c4bdef102d0bc5d31b2546345219e348575eb80e9a0?s=96&d=mm&r=g\",\"caption\":\"redazione\"},\"sameAs\":[\"http:\\\/\\\/www.bellunopress.it\",\"https:\\\/\\\/x.com\\\/bellunopress\"],\"url\":\"https:\\\/\\\/www.bellunopress.it\\\/fr\\\/author\\\/redazione\\\/\"}]}<\/script>\n<!-- \/ Yoast SEO plugin. -->","yoast_head_json":{"title":"Asili nido: Belluno seconda citt\u00e0 pi\u00f9 cara. Il 25% dei bimbi in Italia non riesce ad accedervi, un anno fa erano il 23%. - Bellunopress - Dolomiti","robots":{"index":"index","follow":"follow","max-snippet":"max-snippet:-1","max-image-preview":"max-image-preview:large","max-video-preview":"max-video-preview:-1"},"canonical":"https:\/\/www.bellunopress.it\/fr\/2010\/02\/19\/asili-nido-belluno-seconda-citta-piu-cara-il-25-dei-bimbi-in-italia-non-riesce-ad-accedervi-un-anno-fa-erano-il-23\/","og_locale":"fr_FR","og_type":"article","og_title":"Asili nido: Belluno seconda citt\u00e0 pi\u00f9 cara. Il 25% dei bimbi in Italia non riesce ad accedervi, un anno fa erano il 23%. - Bellunopress - Dolomiti","og_description":"Belluno, con 535 euro al mese di retta per l&#8217;asilo comunale,\u00a0\u00e8 la seconda citt\u00e0 pi\u00f9 cara dopo Lecco (572) nella\u00a0classifica stilata da Cittadinanzattiva.\u00a0 \u201cIn tema di asili nido comunali\u201d commenta Antonio Gaudioso, vicesegretario generale e responsabile delle politiche dei consumatori di Cittadinanzattiva, \u201cl\u2019Italia sconta un ritardo strutturale ormai conclamato, espressione di una attenzione alle esigenze [&hellip;]","og_url":"https:\/\/www.bellunopress.it\/fr\/2010\/02\/19\/asili-nido-belluno-seconda-citta-piu-cara-il-25-dei-bimbi-in-italia-non-riesce-ad-accedervi-un-anno-fa-erano-il-23\/","og_site_name":"Bellunopress - Dolomiti","article_publisher":"https:\/\/www.facebook.com\/profile.php?id=100008943462799","article_published_time":"2010-02-19T13:04:31+00:00","article_modified_time":"2010-02-19T15:11:22+00:00","og_image":[{"url":"http:\/\/www.bellunopress.it\/wp-content\/uploads\/2009\/09\/asilo-nido-via-mondin.jpg","type":"","width":"","height":""}],"author":"redazione","twitter_card":"summary_large_image","twitter_creator":"@bellunopress","twitter_site":"@bellunopress","twitter_misc":{"\u00c9crit par":"redazione","Dur\u00e9e de lecture estim\u00e9e":"4 minutes"},"schema":{"@context":"https:\/\/schema.org","@graph":[{"@type":"Article","@id":"https:\/\/www.bellunopress.it\/2010\/02\/19\/asili-nido-belluno-seconda-citta-piu-cara-il-25-dei-bimbi-in-italia-non-riesce-ad-accedervi-un-anno-fa-erano-il-23\/#article","isPartOf":{"@id":"https:\/\/www.bellunopress.it\/2010\/02\/19\/asili-nido-belluno-seconda-citta-piu-cara-il-25-dei-bimbi-in-italia-non-riesce-ad-accedervi-un-anno-fa-erano-il-23\/"},"author":{"name":"redazione","@id":"https:\/\/www.bellunopress.it\/#\/schema\/person\/79bb06722b37ece1c03d3e94beb30d73"},"headline":"Asili nido: Belluno seconda citt\u00e0 pi\u00f9 cara. Il 25% dei bimbi in Italia non riesce ad accedervi, un anno fa erano il 23%.","datePublished":"2010-02-19T13:04:31+00:00","dateModified":"2010-02-19T15:11:22+00:00","mainEntityOfPage":{"@id":"https:\/\/www.bellunopress.it\/2010\/02\/19\/asili-nido-belluno-seconda-citta-piu-cara-il-25-dei-bimbi-in-italia-non-riesce-ad-accedervi-un-anno-fa-erano-il-23\/"},"wordCount":819,"publisher":{"@id":"https:\/\/www.bellunopress.it\/#organization"},"image":{"@id":"https:\/\/www.bellunopress.it\/2010\/02\/19\/asili-nido-belluno-seconda-citta-piu-cara-il-25-dei-bimbi-in-italia-non-riesce-ad-accedervi-un-anno-fa-erano-il-23\/#primaryimage"},"thumbnailUrl":"http:\/\/www.bellunopress.it\/wp-content\/uploads\/2009\/09\/asilo-nido-via-mondin.jpg","keywords":["Belluno seconda citt\u00e0 pi\u00f9 cara asili nido","Comune di Belluno","rette asili nido Cittadinanzattiva"],"articleSection":["Cronaca\/Politica","Scuola"],"inLanguage":"fr-FR"},{"@type":"WebPage","@id":"https:\/\/www.bellunopress.it\/2010\/02\/19\/asili-nido-belluno-seconda-citta-piu-cara-il-25-dei-bimbi-in-italia-non-riesce-ad-accedervi-un-anno-fa-erano-il-23\/","url":"https:\/\/www.bellunopress.it\/2010\/02\/19\/asili-nido-belluno-seconda-citta-piu-cara-il-25-dei-bimbi-in-italia-non-riesce-ad-accedervi-un-anno-fa-erano-il-23\/","name":"Asili nido: Belluno seconda citt\u00e0 pi\u00f9 cara. Il 25% dei bimbi in Italia non riesce ad accedervi, un anno fa erano il 23%. - Bellunopress - Dolomiti","isPartOf":{"@id":"https:\/\/www.bellunopress.it\/#website"},"primaryImageOfPage":{"@id":"https:\/\/www.bellunopress.it\/2010\/02\/19\/asili-nido-belluno-seconda-citta-piu-cara-il-25-dei-bimbi-in-italia-non-riesce-ad-accedervi-un-anno-fa-erano-il-23\/#primaryimage"},"image":{"@id":"https:\/\/www.bellunopress.it\/2010\/02\/19\/asili-nido-belluno-seconda-citta-piu-cara-il-25-dei-bimbi-in-italia-non-riesce-ad-accedervi-un-anno-fa-erano-il-23\/#primaryimage"},"thumbnailUrl":"http:\/\/www.bellunopress.it\/wp-content\/uploads\/2009\/09\/asilo-nido-via-mondin.jpg","datePublished":"2010-02-19T13:04:31+00:00","dateModified":"2010-02-19T15:11:22+00:00","breadcrumb":{"@id":"https:\/\/www.bellunopress.it\/2010\/02\/19\/asili-nido-belluno-seconda-citta-piu-cara-il-25-dei-bimbi-in-italia-non-riesce-ad-accedervi-un-anno-fa-erano-il-23\/#breadcrumb"},"inLanguage":"fr-FR","potentialAction":[{"@type":"ReadAction","target":["https:\/\/www.bellunopress.it\/2010\/02\/19\/asili-nido-belluno-seconda-citta-piu-cara-il-25-dei-bimbi-in-italia-non-riesce-ad-accedervi-un-anno-fa-erano-il-23\/"]}]},{"@type":"ImageObject","inLanguage":"fr-FR","@id":"https:\/\/www.bellunopress.it\/2010\/02\/19\/asili-nido-belluno-seconda-citta-piu-cara-il-25-dei-bimbi-in-italia-non-riesce-ad-accedervi-un-anno-fa-erano-il-23\/#primaryimage","url":"http:\/\/www.bellunopress.it\/wp-content\/uploads\/2009\/09\/asilo-nido-via-mondin.jpg","contentUrl":"http:\/\/www.bellunopress.it\/wp-content\/uploads\/2009\/09\/asilo-nido-via-mondin.jpg"},{"@type":"BreadcrumbList","@id":"https:\/\/www.bellunopress.it\/2010\/02\/19\/asili-nido-belluno-seconda-citta-piu-cara-il-25-dei-bimbi-in-italia-non-riesce-ad-accedervi-un-anno-fa-erano-il-23\/#breadcrumb","itemListElement":[{"@type":"ListItem","position":1,"name":"Home","item":"https:\/\/www.bellunopress.it\/"},{"@type":"ListItem","position":2,"name":"Asili nido: Belluno seconda citt\u00e0 pi\u00f9 cara. Il 25% dei bimbi in Italia non riesce ad accedervi, un anno fa erano il 23%."}]},{"@type":"WebSite","@id":"https:\/\/www.bellunopress.it\/#website","url":"https:\/\/www.bellunopress.it\/","name":"Bellunopress - Dolomiti","description":"e-mail: redazione@bellunopress.it","publisher":{"@id":"https:\/\/www.bellunopress.it\/#organization"},"potentialAction":[{"@type":"SearchAction","target":{"@type":"EntryPoint","urlTemplate":"https:\/\/www.bellunopress.it\/?s={search_term_string}"},"query-input":{"@type":"PropertyValueSpecification","valueRequired":true,"valueName":"search_term_string"}}],"inLanguage":"fr-FR"},{"@type":"Organization","@id":"https:\/\/www.bellunopress.it\/#organization","name":"Bellunopress","url":"https:\/\/www.bellunopress.it\/","logo":{"@type":"ImageObject","inLanguage":"fr-FR","@id":"https:\/\/www.bellunopress.it\/#\/schema\/logo\/image\/","url":"https:\/\/www.bellunopress.it\/wp-content\/uploads\/2011\/05\/cropped-logo-bellunopress-.jpg","contentUrl":"https:\/\/www.bellunopress.it\/wp-content\/uploads\/2011\/05\/cropped-logo-bellunopress-.jpg","width":512,"height":512,"caption":"Bellunopress"},"image":{"@id":"https:\/\/www.bellunopress.it\/#\/schema\/logo\/image\/"},"sameAs":["https:\/\/www.facebook.com\/profile.php?id=100008943462799","https:\/\/x.com\/bellunopress","https:\/\/www.linkedin.com\/hp\/?dnr=JBzUWaJfMUw8vbXJJ2tVW5-I3jZKvC4wsoxE&amp;amp;amp;amp;amp;amp;trk=nav_responsive_tab_home","https:\/\/www.youtube.com\/channel\/UCxL0wu1uN0_3_7hGG0306cw"]},{"@type":"Person","@id":"https:\/\/www.bellunopress.it\/#\/schema\/person\/79bb06722b37ece1c03d3e94beb30d73","name":"r\u00e9daction","image":{"@type":"ImageObject","inLanguage":"fr-FR","@id":"https:\/\/secure.gravatar.com\/avatar\/37d968a2e67a6fd04c169c4bdef102d0bc5d31b2546345219e348575eb80e9a0?s=96&d=mm&r=g","url":"https:\/\/secure.gravatar.com\/avatar\/37d968a2e67a6fd04c169c4bdef102d0bc5d31b2546345219e348575eb80e9a0?s=96&d=mm&r=g","contentUrl":"https:\/\/secure.gravatar.com\/avatar\/37d968a2e67a6fd04c169c4bdef102d0bc5d31b2546345219e348575eb80e9a0?s=96&d=mm&r=g","caption":"redazione"},"sameAs":["http:\/\/www.bellunopress.it","https:\/\/x.com\/bellunopress"],"url":"https:\/\/www.bellunopress.it\/fr\/author\/redazione\/"}]}},"_links":{"self":[{"href":"https:\/\/www.bellunopress.it\/fr\/wp-json\/wp\/v2\/posts\/12694","targetHints":{"allow":["GET"]}}],"collection":[{"href":"https:\/\/www.bellunopress.it\/fr\/wp-json\/wp\/v2\/posts"}],"about":[{"href":"https:\/\/www.bellunopress.it\/fr\/wp-json\/wp\/v2\/types\/post"}],"author":[{"embeddable":true,"href":"https:\/\/www.bellunopress.it\/fr\/wp-json\/wp\/v2\/users\/2"}],"replies":[{"embeddable":true,"href":"https:\/\/www.bellunopress.it\/fr\/wp-json\/wp\/v2\/comments?post=12694"}],"version-history":[{"count":3,"href":"https:\/\/www.bellunopress.it\/fr\/wp-json\/wp\/v2\/posts\/12694\/revisions"}],"predecessor-version":[{"id":12714,"href":"https:\/\/www.bellunopress.it\/fr\/wp-json\/wp\/v2\/posts\/12694\/revisions\/12714"}],"wp:attachment":[{"href":"https:\/\/www.bellunopress.it\/fr\/wp-json\/wp\/v2\/media?parent=12694"}],"wp:term":[{"taxonomy":"category","embeddable":true,"href":"https:\/\/www.bellunopress.it\/fr\/wp-json\/wp\/v2\/categories?post=12694"},{"taxonomy":"post_tag","embeddable":true,"href":"https:\/\/www.bellunopress.it\/fr\/wp-json\/wp\/v2\/tags?post=12694"}],"curies":[{"name":"wp","href":"https:\/\/api.w.org\/{rel}","templated":true}]}}