{"id":12692,"date":"2010-02-19T13:26:11","date_gmt":"2010-02-19T12:26:11","guid":{"rendered":"http:\/\/www.bellunopress.it\/?p=12692"},"modified":"2010-02-19T16:43:15","modified_gmt":"2010-02-19T15:43:15","slug":"oscar-de-bona-cordoglio-per-i-concittadini-periti-nell%e2%80%99incidente-ferroviario-in-belgio","status":"publish","type":"post","link":"https:\/\/www.bellunopress.it\/fr\/2010\/02\/19\/oscar-de-bona-cordoglio-per-i-concittadini-periti-nell%e2%80%99incidente-ferroviario-in-belgio\/","title":{"rendered":"Oscar De Bona: cordoglio per i concittadini periti nell\u2019incidente ferroviario in Belgio"},"content":{"rendered":"<p><a href=\"http:\/\/www.bellunopress.it\/wp-content\/uploads\/2010\/01\/oscar-de-bona.jpg\"><img loading=\"lazy\" decoding=\"async\" class=\"alignleft size-medium wp-image-11651\" title=\"oscar-de-bona\" src=\"http:\/\/www.bellunopress.it\/wp-content\/uploads\/2010\/01\/oscar-de-bona.jpg\" alt=\"\" width=\"130\" height=\"130\" \/><\/a>\u00abAncora vittime dell\u2019 emigrazione. Ho appreso con dolore, ieri in tarda serata, la conferma della ferale notizia della morte dei nostri concittadini avvenuta nel disastro ferroviario di Hal in Belgio. Dapprincipio, pur impressionato dalla portata del disastro, speravo che non ci fossero italiani coinvolti. Cos\u00ec mi sono messo in contatto con il nostro ufficio della Regione a Bruxelles, il quale a sua volta si \u00e8 messo in comunicazione con l\u2019ambasciata italiana. Ho avuto la certezza che la tragedia aveva colpito anche il Veneto dai nominativi fornitimi. Ho provato una stretta al cuore quando ho capito che dei tre italiani periti nello scontro, due avevano cognomi marcatamente veneti, anzi bellunesi: Maurizio Munaro e Claudia Candeago\u00bb. L\u2019assessore regionale ai Flussi migratori, Oscar De Bona, manifesta il suo profondo cordoglio alle famiglie delle vittime e alle comunit\u00e0 dei bellunesi in Belgio. Per la morte di Claudia Candeago, i cui genitori erano originari di Castion, De Bona esprime un\u00a0 pensiero particolare: \u00abProvo un pena infinita se penso che questa donna dinamica, che svolgeva attivit\u00e0 di interprete per il servizio stampa del Parlamento europeo, lascia due figli in giovane et\u00e0\u00bb. \u00abIl mio ricordo personale \u2013 continua De Bona &#8211; \u00e8 rivolto a Maurizio Munaro, di cui conoscevo il suo impegno a favore della comunit\u00e0 dei bellunesi in Belgio. Era\u00a0 un brillante organizzatore di iniziative finanziate dalla nostra Regione attraverso l\u2019associazione dei Bellunesi nel mondo e indirizzate soprattutto ai giovani connazionali, grazie anche al suo ruolo di dirigente nella Commissione europea. Egli infatti, nonostante fosse nato e cresciuto in Belgio da una modesta famiglia di San Martino di Chies d\u2019Alpago, non aveva mai abbandonato la cittadinanza italiana e tanto meno la sua \u201cbellunesit\u00e0\u201d di cui andava fiero e che metteva a frutto nella Famiglia dell\u2019Abm in Belgio\u00bb.\u00a0 L\u2019assessore De Bona sottolinea che Candeago e Munaro erano il vero esempio dell\u2019emigrante bellunese e veneto; l\u2019emigrante non pi\u00f9 con la valigia di cartone perch\u00e9 si \u00e8 fatto strada grazie allo studio, all\u2019impegno e all\u2019esempio di laboriosit\u00e0 e di onest\u00e0 trasmessi dai propri genitori. Emigranti anche loro. I quali purtroppo avevano dovuto lottare con mille problemi: di lingua e di usi diversi, ma anche di\u00a0 emarginazione e di ostilit\u00e0.<\/p>","protected":false},"excerpt":{"rendered":"<p>\u00abAncora vittime dell\u2019 emigrazione. Ho appreso con dolore, ieri in tarda serata, la conferma della ferale notizia della morte dei nostri concittadini avvenuta nel disastro ferroviario di Hal in Belgio. Dapprincipio, pur impressionato dalla portata del disastro, speravo che non ci fossero italiani coinvolti. Cos\u00ec mi sono messo in contatto con il nostro ufficio della [&hellip;]<\/p>\n","protected":false},"author":2,"featured_media":0,"comment_status":"closed","ping_status":"open","sticky":false,"template":"","format":"standard","meta":{"footnotes":""},"categories":[5,26],"tags":[165,166,164,153],"class_list":["post-12692","post","type-post","status-publish","format-standard","category-cronaca","category-prima-pagina","tag-claudia-candeago","tag-disastro-ferroviario-hal","tag-maurizio-munaro","tag-oscar-de-bona"],"yoast_head":"<!-- This site is optimized with the Yoast SEO plugin v28.4 - https:\/\/yoast.com\/product\/yoast-seo-wordpress\/ -->\n<title>Oscar De Bona: cordoglio per i concittadini periti nell\u2019incidente ferroviario in Belgio - Bellunopress - Dolomiti<\/title>\n<meta name=\"robots\" content=\"index, follow, max-snippet:-1, max-image-preview:large, max-video-preview:-1\" \/>\n<link rel=\"canonical\" href=\"https:\/\/www.bellunopress.it\/fr\/2010\/02\/19\/oscar-de-bona-cordoglio-per-i-concittadini-periti-nell\u2019incidente-ferroviario-in-belgio\/\" \/>\n<meta property=\"og:locale\" content=\"fr_FR\" \/>\n<meta property=\"og:type\" content=\"article\" \/>\n<meta property=\"og:title\" content=\"Oscar De Bona: cordoglio per i concittadini periti nell\u2019incidente ferroviario in Belgio - Bellunopress - Dolomiti\" \/>\n<meta property=\"og:description\" content=\"\u00abAncora vittime dell\u2019 emigrazione. Ho appreso con dolore, ieri in tarda serata, la conferma della ferale notizia della morte dei nostri concittadini avvenuta nel disastro ferroviario di Hal in Belgio. Dapprincipio, pur impressionato dalla portata del disastro, speravo che non ci fossero italiani coinvolti. Cos\u00ec mi sono messo in contatto con il nostro ufficio della [&hellip;]\" \/>\n<meta property=\"og:url\" content=\"https:\/\/www.bellunopress.it\/fr\/2010\/02\/19\/oscar-de-bona-cordoglio-per-i-concittadini-periti-nell\u2019incidente-ferroviario-in-belgio\/\" \/>\n<meta property=\"og:site_name\" content=\"Bellunopress - Dolomiti\" \/>\n<meta property=\"article:publisher\" content=\"https:\/\/www.facebook.com\/profile.php?id=100008943462799\" \/>\n<meta property=\"article:published_time\" content=\"2010-02-19T12:26:11+00:00\" \/>\n<meta property=\"article:modified_time\" content=\"2010-02-19T15:43:15+00:00\" \/>\n<meta property=\"og:image\" content=\"http:\/\/www.bellunopress.it\/wp-content\/uploads\/2010\/01\/oscar-de-bona.jpg\" \/>\n<meta name=\"author\" content=\"redazione\" \/>\n<meta name=\"twitter:card\" content=\"summary_large_image\" \/>\n<meta name=\"twitter:creator\" content=\"@bellunopress\" \/>\n<meta name=\"twitter:site\" content=\"@bellunopress\" \/>\n<meta name=\"twitter:label1\" content=\"\u00c9crit par\" \/>\n\t<meta name=\"twitter:data1\" content=\"redazione\" \/>\n\t<meta name=\"twitter:label2\" content=\"Dur\u00e9e de lecture estim\u00e9e\" \/>\n\t<meta name=\"twitter:data2\" content=\"2 minutes\" \/>\n<script type=\"application\/ld+json\" class=\"yoast-schema-graph\">{\"@context\":\"https:\\\/\\\/schema.org\",\"@graph\":[{\"@type\":\"Article\",\"@id\":\"https:\\\/\\\/www.bellunopress.it\\\/2010\\\/02\\\/19\\\/oscar-de-bona-cordoglio-per-i-concittadini-periti-nell%e2%80%99incidente-ferroviario-in-belgio\\\/#article\",\"isPartOf\":{\"@id\":\"https:\\\/\\\/www.bellunopress.it\\\/2010\\\/02\\\/19\\\/oscar-de-bona-cordoglio-per-i-concittadini-periti-nell%e2%80%99incidente-ferroviario-in-belgio\\\/\"},\"author\":{\"name\":\"redazione\",\"@id\":\"https:\\\/\\\/www.bellunopress.it\\\/#\\\/schema\\\/person\\\/79bb06722b37ece1c03d3e94beb30d73\"},\"headline\":\"Oscar De Bona: cordoglio per i concittadini periti nell\u2019incidente ferroviario in Belgio\",\"datePublished\":\"2010-02-19T12:26:11+00:00\",\"dateModified\":\"2010-02-19T15:43:15+00:00\",\"mainEntityOfPage\":{\"@id\":\"https:\\\/\\\/www.bellunopress.it\\\/2010\\\/02\\\/19\\\/oscar-de-bona-cordoglio-per-i-concittadini-periti-nell%e2%80%99incidente-ferroviario-in-belgio\\\/\"},\"wordCount\":379,\"publisher\":{\"@id\":\"https:\\\/\\\/www.bellunopress.it\\\/#organization\"},\"image\":{\"@id\":\"https:\\\/\\\/www.bellunopress.it\\\/2010\\\/02\\\/19\\\/oscar-de-bona-cordoglio-per-i-concittadini-periti-nell%e2%80%99incidente-ferroviario-in-belgio\\\/#primaryimage\"},\"thumbnailUrl\":\"http:\\\/\\\/www.bellunopress.it\\\/wp-content\\\/uploads\\\/2010\\\/01\\\/oscar-de-bona.jpg\",\"keywords\":[\"Claudia Candeago\",\"disastro ferroviario Hal\",\"Maurizio Munaro\",\"Oscar De Bona\"],\"articleSection\":[\"Cronaca\\\/Politica\",\"Prima Pagina\"],\"inLanguage\":\"fr-FR\"},{\"@type\":\"WebPage\",\"@id\":\"https:\\\/\\\/www.bellunopress.it\\\/2010\\\/02\\\/19\\\/oscar-de-bona-cordoglio-per-i-concittadini-periti-nell%e2%80%99incidente-ferroviario-in-belgio\\\/\",\"url\":\"https:\\\/\\\/www.bellunopress.it\\\/2010\\\/02\\\/19\\\/oscar-de-bona-cordoglio-per-i-concittadini-periti-nell%e2%80%99incidente-ferroviario-in-belgio\\\/\",\"name\":\"Oscar De Bona: cordoglio per i concittadini periti nell\u2019incidente ferroviario in Belgio - Bellunopress - Dolomiti\",\"isPartOf\":{\"@id\":\"https:\\\/\\\/www.bellunopress.it\\\/#website\"},\"primaryImageOfPage\":{\"@id\":\"https:\\\/\\\/www.bellunopress.it\\\/2010\\\/02\\\/19\\\/oscar-de-bona-cordoglio-per-i-concittadini-periti-nell%e2%80%99incidente-ferroviario-in-belgio\\\/#primaryimage\"},\"image\":{\"@id\":\"https:\\\/\\\/www.bellunopress.it\\\/2010\\\/02\\\/19\\\/oscar-de-bona-cordoglio-per-i-concittadini-periti-nell%e2%80%99incidente-ferroviario-in-belgio\\\/#primaryimage\"},\"thumbnailUrl\":\"http:\\\/\\\/www.bellunopress.it\\\/wp-content\\\/uploads\\\/2010\\\/01\\\/oscar-de-bona.jpg\",\"datePublished\":\"2010-02-19T12:26:11+00:00\",\"dateModified\":\"2010-02-19T15:43:15+00:00\",\"breadcrumb\":{\"@id\":\"https:\\\/\\\/www.bellunopress.it\\\/2010\\\/02\\\/19\\\/oscar-de-bona-cordoglio-per-i-concittadini-periti-nell%e2%80%99incidente-ferroviario-in-belgio\\\/#breadcrumb\"},\"inLanguage\":\"fr-FR\",\"potentialAction\":[{\"@type\":\"ReadAction\",\"target\":[\"https:\\\/\\\/www.bellunopress.it\\\/2010\\\/02\\\/19\\\/oscar-de-bona-cordoglio-per-i-concittadini-periti-nell%e2%80%99incidente-ferroviario-in-belgio\\\/\"]}]},{\"@type\":\"ImageObject\",\"inLanguage\":\"fr-FR\",\"@id\":\"https:\\\/\\\/www.bellunopress.it\\\/2010\\\/02\\\/19\\\/oscar-de-bona-cordoglio-per-i-concittadini-periti-nell%e2%80%99incidente-ferroviario-in-belgio\\\/#primaryimage\",\"url\":\"http:\\\/\\\/www.bellunopress.it\\\/wp-content\\\/uploads\\\/2010\\\/01\\\/oscar-de-bona.jpg\",\"contentUrl\":\"http:\\\/\\\/www.bellunopress.it\\\/wp-content\\\/uploads\\\/2010\\\/01\\\/oscar-de-bona.jpg\"},{\"@type\":\"BreadcrumbList\",\"@id\":\"https:\\\/\\\/www.bellunopress.it\\\/2010\\\/02\\\/19\\\/oscar-de-bona-cordoglio-per-i-concittadini-periti-nell%e2%80%99incidente-ferroviario-in-belgio\\\/#breadcrumb\",\"itemListElement\":[{\"@type\":\"ListItem\",\"position\":1,\"name\":\"Home\",\"item\":\"https:\\\/\\\/www.bellunopress.it\\\/\"},{\"@type\":\"ListItem\",\"position\":2,\"name\":\"Oscar De Bona: cordoglio per i concittadini periti nell\u2019incidente ferroviario in Belgio\"}]},{\"@type\":\"WebSite\",\"@id\":\"https:\\\/\\\/www.bellunopress.it\\\/#website\",\"url\":\"https:\\\/\\\/www.bellunopress.it\\\/\",\"name\":\"Bellunopress - Dolomiti\",\"description\":\"e-mail: redazione@bellunopress.it\",\"publisher\":{\"@id\":\"https:\\\/\\\/www.bellunopress.it\\\/#organization\"},\"potentialAction\":[{\"@type\":\"SearchAction\",\"target\":{\"@type\":\"EntryPoint\",\"urlTemplate\":\"https:\\\/\\\/www.bellunopress.it\\\/?s={search_term_string}\"},\"query-input\":{\"@type\":\"PropertyValueSpecification\",\"valueRequired\":true,\"valueName\":\"search_term_string\"}}],\"inLanguage\":\"fr-FR\"},{\"@type\":\"Organization\",\"@id\":\"https:\\\/\\\/www.bellunopress.it\\\/#organization\",\"name\":\"Bellunopress\",\"url\":\"https:\\\/\\\/www.bellunopress.it\\\/\",\"logo\":{\"@type\":\"ImageObject\",\"inLanguage\":\"fr-FR\",\"@id\":\"https:\\\/\\\/www.bellunopress.it\\\/#\\\/schema\\\/logo\\\/image\\\/\",\"url\":\"https:\\\/\\\/www.bellunopress.it\\\/wp-content\\\/uploads\\\/2011\\\/05\\\/cropped-logo-bellunopress-.jpg\",\"contentUrl\":\"https:\\\/\\\/www.bellunopress.it\\\/wp-content\\\/uploads\\\/2011\\\/05\\\/cropped-logo-bellunopress-.jpg\",\"width\":512,\"height\":512,\"caption\":\"Bellunopress\"},\"image\":{\"@id\":\"https:\\\/\\\/www.bellunopress.it\\\/#\\\/schema\\\/logo\\\/image\\\/\"},\"sameAs\":[\"https:\\\/\\\/www.facebook.com\\\/profile.php?id=100008943462799\",\"https:\\\/\\\/x.com\\\/bellunopress\",\"https:\\\/\\\/www.linkedin.com\\\/hp\\\/?dnr=JBzUWaJfMUw8vbXJJ2tVW5-I3jZKvC4wsoxE&amp;amp;amp;amp;amp;amp;trk=nav_responsive_tab_home\",\"https:\\\/\\\/www.youtube.com\\\/channel\\\/UCxL0wu1uN0_3_7hGG0306cw\"]},{\"@type\":\"Person\",\"@id\":\"https:\\\/\\\/www.bellunopress.it\\\/#\\\/schema\\\/person\\\/79bb06722b37ece1c03d3e94beb30d73\",\"name\":\"redazione\",\"image\":{\"@type\":\"ImageObject\",\"inLanguage\":\"fr-FR\",\"@id\":\"https:\\\/\\\/secure.gravatar.com\\\/avatar\\\/37d968a2e67a6fd04c169c4bdef102d0bc5d31b2546345219e348575eb80e9a0?s=96&d=mm&r=g\",\"url\":\"https:\\\/\\\/secure.gravatar.com\\\/avatar\\\/37d968a2e67a6fd04c169c4bdef102d0bc5d31b2546345219e348575eb80e9a0?s=96&d=mm&r=g\",\"contentUrl\":\"https:\\\/\\\/secure.gravatar.com\\\/avatar\\\/37d968a2e67a6fd04c169c4bdef102d0bc5d31b2546345219e348575eb80e9a0?s=96&d=mm&r=g\",\"caption\":\"redazione\"},\"sameAs\":[\"http:\\\/\\\/www.bellunopress.it\",\"https:\\\/\\\/x.com\\\/bellunopress\"],\"url\":\"https:\\\/\\\/www.bellunopress.it\\\/fr\\\/author\\\/redazione\\\/\"}]}<\/script>\n<!-- \/ Yoast SEO plugin. -->","yoast_head_json":{"title":"Oscar De Bona: cordoglio per i concittadini periti nell\u2019incidente ferroviario in Belgio - Bellunopress - Dolomiti","robots":{"index":"index","follow":"follow","max-snippet":"max-snippet:-1","max-image-preview":"max-image-preview:large","max-video-preview":"max-video-preview:-1"},"canonical":"https:\/\/www.bellunopress.it\/fr\/2010\/02\/19\/oscar-de-bona-cordoglio-per-i-concittadini-periti-nell\u2019incidente-ferroviario-in-belgio\/","og_locale":"fr_FR","og_type":"article","og_title":"Oscar De Bona: cordoglio per i concittadini periti nell\u2019incidente ferroviario in Belgio - Bellunopress - Dolomiti","og_description":"\u00abAncora vittime dell\u2019 emigrazione. Ho appreso con dolore, ieri in tarda serata, la conferma della ferale notizia della morte dei nostri concittadini avvenuta nel disastro ferroviario di Hal in Belgio. Dapprincipio, pur impressionato dalla portata del disastro, speravo che non ci fossero italiani coinvolti. Cos\u00ec mi sono messo in contatto con il nostro ufficio della [&hellip;]","og_url":"https:\/\/www.bellunopress.it\/fr\/2010\/02\/19\/oscar-de-bona-cordoglio-per-i-concittadini-periti-nell\u2019incidente-ferroviario-in-belgio\/","og_site_name":"Bellunopress - Dolomiti","article_publisher":"https:\/\/www.facebook.com\/profile.php?id=100008943462799","article_published_time":"2010-02-19T12:26:11+00:00","article_modified_time":"2010-02-19T15:43:15+00:00","og_image":[{"url":"http:\/\/www.bellunopress.it\/wp-content\/uploads\/2010\/01\/oscar-de-bona.jpg","type":"","width":"","height":""}],"author":"redazione","twitter_card":"summary_large_image","twitter_creator":"@bellunopress","twitter_site":"@bellunopress","twitter_misc":{"\u00c9crit par":"redazione","Dur\u00e9e de lecture estim\u00e9e":"2 minutes"},"schema":{"@context":"https:\/\/schema.org","@graph":[{"@type":"Article","@id":"https:\/\/www.bellunopress.it\/2010\/02\/19\/oscar-de-bona-cordoglio-per-i-concittadini-periti-nell%e2%80%99incidente-ferroviario-in-belgio\/#article","isPartOf":{"@id":"https:\/\/www.bellunopress.it\/2010\/02\/19\/oscar-de-bona-cordoglio-per-i-concittadini-periti-nell%e2%80%99incidente-ferroviario-in-belgio\/"},"author":{"name":"redazione","@id":"https:\/\/www.bellunopress.it\/#\/schema\/person\/79bb06722b37ece1c03d3e94beb30d73"},"headline":"Oscar De Bona: cordoglio per i concittadini periti nell\u2019incidente ferroviario in Belgio","datePublished":"2010-02-19T12:26:11+00:00","dateModified":"2010-02-19T15:43:15+00:00","mainEntityOfPage":{"@id":"https:\/\/www.bellunopress.it\/2010\/02\/19\/oscar-de-bona-cordoglio-per-i-concittadini-periti-nell%e2%80%99incidente-ferroviario-in-belgio\/"},"wordCount":379,"publisher":{"@id":"https:\/\/www.bellunopress.it\/#organization"},"image":{"@id":"https:\/\/www.bellunopress.it\/2010\/02\/19\/oscar-de-bona-cordoglio-per-i-concittadini-periti-nell%e2%80%99incidente-ferroviario-in-belgio\/#primaryimage"},"thumbnailUrl":"http:\/\/www.bellunopress.it\/wp-content\/uploads\/2010\/01\/oscar-de-bona.jpg","keywords":["Claudia Candeago","disastro ferroviario Hal","Maurizio Munaro","Oscar De Bona"],"articleSection":["Cronaca\/Politica","Prima Pagina"],"inLanguage":"fr-FR"},{"@type":"WebPage","@id":"https:\/\/www.bellunopress.it\/2010\/02\/19\/oscar-de-bona-cordoglio-per-i-concittadini-periti-nell%e2%80%99incidente-ferroviario-in-belgio\/","url":"https:\/\/www.bellunopress.it\/2010\/02\/19\/oscar-de-bona-cordoglio-per-i-concittadini-periti-nell%e2%80%99incidente-ferroviario-in-belgio\/","name":"Oscar De Bona: cordoglio per i concittadini periti nell\u2019incidente ferroviario in Belgio - Bellunopress - Dolomiti","isPartOf":{"@id":"https:\/\/www.bellunopress.it\/#website"},"primaryImageOfPage":{"@id":"https:\/\/www.bellunopress.it\/2010\/02\/19\/oscar-de-bona-cordoglio-per-i-concittadini-periti-nell%e2%80%99incidente-ferroviario-in-belgio\/#primaryimage"},"image":{"@id":"https:\/\/www.bellunopress.it\/2010\/02\/19\/oscar-de-bona-cordoglio-per-i-concittadini-periti-nell%e2%80%99incidente-ferroviario-in-belgio\/#primaryimage"},"thumbnailUrl":"http:\/\/www.bellunopress.it\/wp-content\/uploads\/2010\/01\/oscar-de-bona.jpg","datePublished":"2010-02-19T12:26:11+00:00","dateModified":"2010-02-19T15:43:15+00:00","breadcrumb":{"@id":"https:\/\/www.bellunopress.it\/2010\/02\/19\/oscar-de-bona-cordoglio-per-i-concittadini-periti-nell%e2%80%99incidente-ferroviario-in-belgio\/#breadcrumb"},"inLanguage":"fr-FR","potentialAction":[{"@type":"ReadAction","target":["https:\/\/www.bellunopress.it\/2010\/02\/19\/oscar-de-bona-cordoglio-per-i-concittadini-periti-nell%e2%80%99incidente-ferroviario-in-belgio\/"]}]},{"@type":"ImageObject","inLanguage":"fr-FR","@id":"https:\/\/www.bellunopress.it\/2010\/02\/19\/oscar-de-bona-cordoglio-per-i-concittadini-periti-nell%e2%80%99incidente-ferroviario-in-belgio\/#primaryimage","url":"http:\/\/www.bellunopress.it\/wp-content\/uploads\/2010\/01\/oscar-de-bona.jpg","contentUrl":"http:\/\/www.bellunopress.it\/wp-content\/uploads\/2010\/01\/oscar-de-bona.jpg"},{"@type":"BreadcrumbList","@id":"https:\/\/www.bellunopress.it\/2010\/02\/19\/oscar-de-bona-cordoglio-per-i-concittadini-periti-nell%e2%80%99incidente-ferroviario-in-belgio\/#breadcrumb","itemListElement":[{"@type":"ListItem","position":1,"name":"Home","item":"https:\/\/www.bellunopress.it\/"},{"@type":"ListItem","position":2,"name":"Oscar De Bona: cordoglio per i concittadini periti nell\u2019incidente ferroviario in Belgio"}]},{"@type":"WebSite","@id":"https:\/\/www.bellunopress.it\/#website","url":"https:\/\/www.bellunopress.it\/","name":"Bellunopress - Dolomiti","description":"e-mail: redazione@bellunopress.it","publisher":{"@id":"https:\/\/www.bellunopress.it\/#organization"},"potentialAction":[{"@type":"SearchAction","target":{"@type":"EntryPoint","urlTemplate":"https:\/\/www.bellunopress.it\/?s={search_term_string}"},"query-input":{"@type":"PropertyValueSpecification","valueRequired":true,"valueName":"search_term_string"}}],"inLanguage":"fr-FR"},{"@type":"Organization","@id":"https:\/\/www.bellunopress.it\/#organization","name":"Bellunopress","url":"https:\/\/www.bellunopress.it\/","logo":{"@type":"ImageObject","inLanguage":"fr-FR","@id":"https:\/\/www.bellunopress.it\/#\/schema\/logo\/image\/","url":"https:\/\/www.bellunopress.it\/wp-content\/uploads\/2011\/05\/cropped-logo-bellunopress-.jpg","contentUrl":"https:\/\/www.bellunopress.it\/wp-content\/uploads\/2011\/05\/cropped-logo-bellunopress-.jpg","width":512,"height":512,"caption":"Bellunopress"},"image":{"@id":"https:\/\/www.bellunopress.it\/#\/schema\/logo\/image\/"},"sameAs":["https:\/\/www.facebook.com\/profile.php?id=100008943462799","https:\/\/x.com\/bellunopress","https:\/\/www.linkedin.com\/hp\/?dnr=JBzUWaJfMUw8vbXJJ2tVW5-I3jZKvC4wsoxE&amp;amp;amp;amp;amp;amp;trk=nav_responsive_tab_home","https:\/\/www.youtube.com\/channel\/UCxL0wu1uN0_3_7hGG0306cw"]},{"@type":"Person","@id":"https:\/\/www.bellunopress.it\/#\/schema\/person\/79bb06722b37ece1c03d3e94beb30d73","name":"r\u00e9daction","image":{"@type":"ImageObject","inLanguage":"fr-FR","@id":"https:\/\/secure.gravatar.com\/avatar\/37d968a2e67a6fd04c169c4bdef102d0bc5d31b2546345219e348575eb80e9a0?s=96&d=mm&r=g","url":"https:\/\/secure.gravatar.com\/avatar\/37d968a2e67a6fd04c169c4bdef102d0bc5d31b2546345219e348575eb80e9a0?s=96&d=mm&r=g","contentUrl":"https:\/\/secure.gravatar.com\/avatar\/37d968a2e67a6fd04c169c4bdef102d0bc5d31b2546345219e348575eb80e9a0?s=96&d=mm&r=g","caption":"redazione"},"sameAs":["http:\/\/www.bellunopress.it","https:\/\/x.com\/bellunopress"],"url":"https:\/\/www.bellunopress.it\/fr\/author\/redazione\/"}]}},"_links":{"self":[{"href":"https:\/\/www.bellunopress.it\/fr\/wp-json\/wp\/v2\/posts\/12692","targetHints":{"allow":["GET"]}}],"collection":[{"href":"https:\/\/www.bellunopress.it\/fr\/wp-json\/wp\/v2\/posts"}],"about":[{"href":"https:\/\/www.bellunopress.it\/fr\/wp-json\/wp\/v2\/types\/post"}],"author":[{"embeddable":true,"href":"https:\/\/www.bellunopress.it\/fr\/wp-json\/wp\/v2\/users\/2"}],"replies":[{"embeddable":true,"href":"https:\/\/www.bellunopress.it\/fr\/wp-json\/wp\/v2\/comments?post=12692"}],"version-history":[{"count":2,"href":"https:\/\/www.bellunopress.it\/fr\/wp-json\/wp\/v2\/posts\/12692\/revisions"}],"predecessor-version":[{"id":12724,"href":"https:\/\/www.bellunopress.it\/fr\/wp-json\/wp\/v2\/posts\/12692\/revisions\/12724"}],"wp:attachment":[{"href":"https:\/\/www.bellunopress.it\/fr\/wp-json\/wp\/v2\/media?parent=12692"}],"wp:term":[{"taxonomy":"category","embeddable":true,"href":"https:\/\/www.bellunopress.it\/fr\/wp-json\/wp\/v2\/categories?post=12692"},{"taxonomy":"post_tag","embeddable":true,"href":"https:\/\/www.bellunopress.it\/fr\/wp-json\/wp\/v2\/tags?post=12692"}],"curies":[{"name":"wp","href":"https:\/\/api.w.org\/{rel}","templated":true}]}}